{"id":55326,"date":"2024-01-09T07:40:18","date_gmt":"2024-01-09T06:40:18","guid":{"rendered":"https:\/\/www.immobilienbusiness.ch\/?p=55326"},"modified":"2024-01-11T09:47:50","modified_gmt":"2024-01-11T08:47:50","slug":"fribourg-wohn-und-hotelprojekt-von-patrimonium-liegt-auf","status":"publish","type":"post","link":"https:\/\/www.immobilienbusiness.ch\/de\/regionen\/2024-01-09\/fribourg-wohn-und-hotelprojekt-von-patrimonium-liegt-auf\/","title":{"rendered":"Fribourg: Wohn- und Hotelprojekt von Patrimonium liegt auf"},"content":{"rendered":"<figure id=\"attachment_55327\" aria-describedby=\"caption-attachment-55327\" style=\"width: 526px\" class=\"wp-caption alignnone\"><a href=\"https:\/\/www.immobilienbusiness.ch\/wp-content\/uploads\/2024\/01\/Patrimonium-Hotel-Fribourg.png\"><img loading=\"lazy\" decoding=\"async\" class=\"size-full wp-image-55327\" src=\"https:\/\/www.immobilienbusiness.ch\/wp-content\/uploads\/2024\/01\/Patrimonium-Hotel-Fribourg.png\" alt=\"\" width=\"526\" height=\"299\" srcset=\"https:\/\/www.immobilienbusiness.ch\/wp-content\/uploads\/2024\/01\/Patrimonium-Hotel-Fribourg.png 526w, https:\/\/www.immobilienbusiness.ch\/wp-content\/uploads\/2024\/01\/Patrimonium-Hotel-Fribourg-300x171.png 300w, https:\/\/www.immobilienbusiness.ch\/wp-content\/uploads\/2024\/01\/Patrimonium-Hotel-Fribourg-18x10.png 18w, https:\/\/www.immobilienbusiness.ch\/wp-content\/uploads\/2024\/01\/Patrimonium-Hotel-Fribourg-375x213.png 375w\" sizes=\"auto, (max-width: 526px) 100vw, 526px\" \/><\/a><figcaption id=\"caption-attachment-55327\" class=\"wp-caption-text\">So soll das Projekt in Fribourg nach Fertigstellung aussehen (Visualisierung: zVg)<\/figcaption><\/figure>\n<p>Die Anlagegruppen \u201cWohnimmobilien Schweiz\u201d und \u201cGesundheitsimmobilien Schweiz\u201d von Patrimonium Anlagestiftung haben im Mai 2022 im Miteigentum (50\/50) eine Parzelle in unmittelbarer N\u00e4he des Kantonsspitals Freiburg erworben. Das Areal \u00abAu Parc H\u00f4tel\u00bb an der Route de Villars 37 soll vollst\u00e4ndig neu entwickelt werden. Ein Neubau wird den Angaben zufolge das bestehende Geb\u00e4ude sowie die derzeitigen oberirdischen Parkpl\u00e4tze ersetzen. Ein Mischkonzept soll eine bessere Nutzung der Fl\u00e4chen und die Verlegung der Parkpl\u00e4tze ins Untergeschoss erm\u00f6glichen.<\/p>\n<h3>124 Wohneinheiten und 77 Hotelzimmer<\/h3>\n<p>Vorgesehen sind auf einer Fl\u00e4che von \u00fcber 10.000 qm ein gr\u00f6sserer Anteil an Wohnraum einschliesslich Seniorenwohnungen, ein Hotel sowie kommerzielle Nutzungen, haupts\u00e4chlich im Kontext Gesundheitswesen. Insgesamt entstehen 60 Wohnappartements, 64 Wohnungen f\u00fcr Senioren, ein Hotel mit 77 Zimmern, teilweise vorrangig f\u00fcr Patienten unter Spitalaufsicht, 1.200 qm f\u00fcr gewerbliche Nutzungen, insbesondere Arztpraxen sowie 60 Stellpl\u00e4tze.<\/p>\n<p>Architektonisch soll das Geb\u00e4ude eine Keramikfassade mit opaken Laufbalkonen auszeichnen. Seine H\u00f6he wird von Ost nach West variieren und maximal sieben Stockwerke betragen.<\/p>\n<h3>Fertigstellung bis 2025<\/h3>\n<p>Das neue Bauprojekt, das seit 5. Januar 2024 \u00f6ffentlich aufliegt, wurde in Zusammenarbeit mit dem Amt f\u00fcr St\u00e4dtebau und Architektur der Stadt Freiburg entwickelt. Der Baubeginn ist f\u00fcr 2025 vorgesehen, die Fertigstellung f\u00fcr Mitte 2028. Das Investitionsvolumen bel\u00e4uft sich auf rund 42 Mio. CHF. <em>(aw)<\/em><\/p>\n","protected":false},"excerpt":{"rendered":"<p>Auf einem Areal am Kantonsspital Freiburg sollen \u00fcber 100 Wohnungen, ein Hotel und gewerbliche Fl\u00e4chen entstehen.<\/p>\n","protected":false},"author":102,"featured_media":55327,"comment_status":"closed","ping_status":"closed","sticky":false,"template":"","format":"standard","meta":{"_acf_changed":false,"_yoast_wpseo_focuskw":"Fribourg","_yoast_wpseo_title":"","_yoast_wpseo_metadesc":"Auf einem Areal am Kantonsspital Freiburg sollen \u00fcber 100 Wohnungen, ein Hotel und gewerbliche Fl\u00e4chen entstehen.","_yoast_wpseo_linkdex":62,"pgc_sgb_lightbox_settings":"","footnotes":""},"categories":[985],"tags":[1030,1248,1269,1313,1492,1556,1600,2323],"class_list":["post-55326","post","type-post","status-publish","format-standard","has-post-thumbnail","hentry","category-regionen","tag-anlagestiftung","tag-fribourg","tag-gesundheitsimmobilien","tag-hotel","tag-mietwohnungen","tag-patrimonium","tag-projekt-in-planung","tag-seniorenimmobilien"],"acf":[],"yoast_head":"<!-- This site is optimized with the Yoast SEO plugin v27.4 - https:\/\/yoast.com\/product\/yoast-seo-wordpress\/ -->\n<title>Fribourg: Wohn- und Hotelprojekt von Patrimonium liegt auf - IMMOBILIEN Business<\/title>\n<meta name=\"description\" content=\"Auf einem Areal am Kantonsspital Freiburg sollen \u00fcber 100 Wohnungen, ein Hotel und gewerbliche Fl\u00e4chen entstehen.\" \/>\n<meta name=\"robots\" content=\"index, follow, max-snippet:-1, max-image-preview:large, max-video-preview:-1\" \/>\n<link rel=\"canonical\" href=\"https:\/\/www.immobilienbusiness.ch\/de\/regionen\/2024-01-09\/fribourg-wohn-und-hotelprojekt-von-patrimonium-liegt-auf\/\" \/>\n<meta property=\"og:locale\" content=\"de_DE\" \/>\n<meta property=\"og:type\" content=\"article\" \/>\n<meta property=\"og:title\" content=\"Fribourg: Wohn- und Hotelprojekt von Patrimonium liegt auf - IMMOBILIEN Business\" \/>\n<meta property=\"og:description\" content=\"Auf einem Areal am Kantonsspital Freiburg sollen \u00fcber 100 Wohnungen, ein Hotel und gewerbliche Fl\u00e4chen entstehen.\" \/>\n<meta property=\"og:url\" content=\"https:\/\/www.immobilienbusiness.ch\/de\/regionen\/2024-01-09\/fribourg-wohn-und-hotelprojekt-von-patrimonium-liegt-auf\/\" \/>\n<meta property=\"og:site_name\" content=\"IMMOBILIEN Business\" \/>\n<meta property=\"article:publisher\" content=\"https:\/\/www.facebook.com\/immobilienbusiness\/\" \/>\n<meta property=\"article:published_time\" content=\"2024-01-09T06:40:18+00:00\" \/>\n<meta property=\"article:modified_time\" content=\"2024-01-11T08:47:50+00:00\" \/>\n<meta property=\"og:image\" content=\"https:\/\/www.immobilienbusiness.ch\/wp-content\/uploads\/2024\/01\/Patrimonium-Hotel-Fribourg.png\" \/>\n\t<meta property=\"og:image:width\" content=\"526\" \/>\n\t<meta property=\"og:image:height\" content=\"299\" \/>\n\t<meta property=\"og:image:type\" content=\"image\/png\" \/>\n<meta name=\"author\" content=\"Alexander Wachter\" \/>\n<meta name=\"twitter:card\" content=\"summary_large_image\" \/>\n<script type=\"application\/ld+json\" class=\"yoast-schema-graph\">{\"@context\":\"https:\\\/\\\/schema.org\",\"@graph\":[{\"@type\":\"Article\",\"@id\":\"https:\\\/\\\/www.immobilienbusiness.ch\\\/en\\\/regionen\\\/2024-01-09\\\/fribourg-wohn-und-hotelprojekt-von-patrimonium-liegt-auf\\\/#article\",\"isPartOf\":{\"@id\":\"https:\\\/\\\/www.immobilienbusiness.ch\\\/en\\\/regionen\\\/2024-01-09\\\/fribourg-wohn-und-hotelprojekt-von-patrimonium-liegt-auf\\\/\"},\"author\":{\"name\":\"Alexander Wachter\",\"@id\":\"https:\\\/\\\/www.immobilienbusiness.ch\\\/#\\\/schema\\\/person\\\/aba8bea2db926aa0c24c08c43fe1fcd5\"},\"headline\":\"Fribourg: Wohn- und Hotelprojekt von Patrimonium liegt auf\",\"datePublished\":\"2024-01-09T06:40:18+00:00\",\"dateModified\":\"2024-01-11T08:47:50+00:00\",\"mainEntityOfPage\":{\"@id\":\"https:\\\/\\\/www.immobilienbusiness.ch\\\/en\\\/regionen\\\/2024-01-09\\\/fribourg-wohn-und-hotelprojekt-von-patrimonium-liegt-auf\\\/\"},\"wordCount\":234,\"publisher\":{\"@id\":\"https:\\\/\\\/www.immobilienbusiness.ch\\\/#organization\"},\"image\":{\"@id\":\"https:\\\/\\\/www.immobilienbusiness.ch\\\/en\\\/regionen\\\/2024-01-09\\\/fribourg-wohn-und-hotelprojekt-von-patrimonium-liegt-auf\\\/#primaryimage\"},\"thumbnailUrl\":\"https:\\\/\\\/www.immobilienbusiness.ch\\\/wp-content\\\/uploads\\\/2024\\\/01\\\/Patrimonium-Hotel-Fribourg.png\",\"keywords\":[\"Anlagestiftung\",\"Fribourg\",\"Gesundheitsimmobilien\",\"Hotel\",\"Mietwohnungen\",\"Patrimonium\",\"Projekt in Planung\",\"Seniorenimmobilien\"],\"articleSection\":[\"REGIONEN\"],\"inLanguage\":\"de\"},{\"@type\":\"WebPage\",\"@id\":\"https:\\\/\\\/www.immobilienbusiness.ch\\\/en\\\/regionen\\\/2024-01-09\\\/fribourg-wohn-und-hotelprojekt-von-patrimonium-liegt-auf\\\/\",\"url\":\"https:\\\/\\\/www.immobilienbusiness.ch\\\/en\\\/regionen\\\/2024-01-09\\\/fribourg-wohn-und-hotelprojekt-von-patrimonium-liegt-auf\\\/\",\"name\":\"Fribourg: Wohn- und Hotelprojekt von Patrimonium liegt auf - IMMOBILIEN Business\",\"isPartOf\":{\"@id\":\"https:\\\/\\\/www.immobilienbusiness.ch\\\/#website\"},\"primaryImageOfPage\":{\"@id\":\"https:\\\/\\\/www.immobilienbusiness.ch\\\/en\\\/regionen\\\/2024-01-09\\\/fribourg-wohn-und-hotelprojekt-von-patrimonium-liegt-auf\\\/#primaryimage\"},\"image\":{\"@id\":\"https:\\\/\\\/www.immobilienbusiness.ch\\\/en\\\/regionen\\\/2024-01-09\\\/fribourg-wohn-und-hotelprojekt-von-patrimonium-liegt-auf\\\/#primaryimage\"},\"thumbnailUrl\":\"https:\\\/\\\/www.immobilienbusiness.ch\\\/wp-content\\\/uploads\\\/2024\\\/01\\\/Patrimonium-Hotel-Fribourg.png\",\"datePublished\":\"2024-01-09T06:40:18+00:00\",\"dateModified\":\"2024-01-11T08:47:50+00:00\",\"description\":\"Auf einem Areal am Kantonsspital Freiburg sollen \u00fcber 100 Wohnungen, ein Hotel und gewerbliche Fl\u00e4chen entstehen.\",\"breadcrumb\":{\"@id\":\"https:\\\/\\\/www.immobilienbusiness.ch\\\/en\\\/regionen\\\/2024-01-09\\\/fribourg-wohn-und-hotelprojekt-von-patrimonium-liegt-auf\\\/#breadcrumb\"},\"inLanguage\":\"de\",\"potentialAction\":[{\"@type\":\"ReadAction\",\"target\":[\"https:\\\/\\\/www.immobilienbusiness.ch\\\/en\\\/regionen\\\/2024-01-09\\\/fribourg-wohn-und-hotelprojekt-von-patrimonium-liegt-auf\\\/\"]}]},{\"@type\":\"ImageObject\",\"inLanguage\":\"de\",\"@id\":\"https:\\\/\\\/www.immobilienbusiness.ch\\\/en\\\/regionen\\\/2024-01-09\\\/fribourg-wohn-und-hotelprojekt-von-patrimonium-liegt-auf\\\/#primaryimage\",\"url\":\"https:\\\/\\\/www.immobilienbusiness.ch\\\/wp-content\\\/uploads\\\/2024\\\/01\\\/Patrimonium-Hotel-Fribourg.png\",\"contentUrl\":\"https:\\\/\\\/www.immobilienbusiness.ch\\\/wp-content\\\/uploads\\\/2024\\\/01\\\/Patrimonium-Hotel-Fribourg.png\",\"width\":526,\"height\":299,\"caption\":\"Unter anderem f\u00fcr das Projekt \u00abAu Parc H\u00f4tel\u00bb in Fribourg sind frische Mittel vorgesehen (Visualisierung: zVg)\"},{\"@type\":\"BreadcrumbList\",\"@id\":\"https:\\\/\\\/www.immobilienbusiness.ch\\\/en\\\/regionen\\\/2024-01-09\\\/fribourg-wohn-und-hotelprojekt-von-patrimonium-liegt-auf\\\/#breadcrumb\",\"itemListElement\":[{\"@type\":\"ListItem\",\"position\":1,\"name\":\"Home\",\"item\":\"https:\\\/\\\/www.immobilienbusiness.ch\\\/\"},{\"@type\":\"ListItem\",\"position\":2,\"name\":\"Fribourg: Wohn- und Hotelprojekt von Patrimonium liegt auf\"}]},{\"@type\":\"WebSite\",\"@id\":\"https:\\\/\\\/www.immobilienbusiness.ch\\\/#website\",\"url\":\"https:\\\/\\\/www.immobilienbusiness.ch\\\/\",\"name\":\"IMMOBILIEN Business\",\"description\":\"Unabh\u00e4ngiges Schweizer Wirtschaftsmagazin mit Fokus auf Immobilien, Architektur- und Bau sowie Investment- und Finanzierung.\",\"publisher\":{\"@id\":\"https:\\\/\\\/www.immobilienbusiness.ch\\\/#organization\"},\"potentialAction\":[{\"@type\":\"SearchAction\",\"target\":{\"@type\":\"EntryPoint\",\"urlTemplate\":\"https:\\\/\\\/www.immobilienbusiness.ch\\\/?s={search_term_string}\"},\"query-input\":{\"@type\":\"PropertyValueSpecification\",\"valueRequired\":true,\"valueName\":\"search_term_string\"}}],\"inLanguage\":\"de\"},{\"@type\":\"Organization\",\"@id\":\"https:\\\/\\\/www.immobilienbusiness.ch\\\/#organization\",\"name\":\"IMMOBILIEN Business\",\"url\":\"https:\\\/\\\/www.immobilienbusiness.ch\\\/\",\"logo\":{\"@type\":\"ImageObject\",\"inLanguage\":\"de\",\"@id\":\"https:\\\/\\\/www.immobilienbusiness.ch\\\/#\\\/schema\\\/logo\\\/image\\\/\",\"url\":\"https:\\\/\\\/www.immobilienbusiness.ch\\\/wp-content\\\/uploads\\\/2021\\\/07\\\/logo_ib.png\",\"contentUrl\":\"https:\\\/\\\/www.immobilienbusiness.ch\\\/wp-content\\\/uploads\\\/2021\\\/07\\\/logo_ib.png\",\"width\":800,\"height\":181,\"caption\":\"IMMOBILIEN Business\"},\"image\":{\"@id\":\"https:\\\/\\\/www.immobilienbusiness.ch\\\/#\\\/schema\\\/logo\\\/image\\\/\"},\"sameAs\":[\"https:\\\/\\\/www.facebook.com\\\/immobilienbusiness\\\/\"]},{\"@type\":\"Person\",\"@id\":\"https:\\\/\\\/www.immobilienbusiness.ch\\\/#\\\/schema\\\/person\\\/aba8bea2db926aa0c24c08c43fe1fcd5\",\"name\":\"Alexander Wachter\",\"image\":{\"@type\":\"ImageObject\",\"inLanguage\":\"de\",\"@id\":\"https:\\\/\\\/secure.gravatar.com\\\/avatar\\\/1a09e471f5389b0e0a6416eac287e0927c7c97a7b77f9e787eba3af7aee281dd?s=96&d=mm&r=g\",\"url\":\"https:\\\/\\\/secure.gravatar.com\\\/avatar\\\/1a09e471f5389b0e0a6416eac287e0927c7c97a7b77f9e787eba3af7aee281dd?s=96&d=mm&r=g\",\"contentUrl\":\"https:\\\/\\\/secure.gravatar.com\\\/avatar\\\/1a09e471f5389b0e0a6416eac287e0927c7c97a7b77f9e787eba3af7aee281dd?s=96&d=mm&r=g\",\"caption\":\"Alexander Wachter\"},\"url\":\"https:\\\/\\\/www.immobilienbusiness.ch\\\/de\\\/author\\\/alexander-wachter\\\/\"}]}<\/script>\n<!-- \/ Yoast SEO plugin. -->","yoast_head_json":{"title":"Fribourg: Wohn- und Hotelprojekt von Patrimonium liegt auf - IMMOBILIEN Business","description":"Auf einem Areal am Kantonsspital Freiburg sollen \u00fcber 100 Wohnungen, ein Hotel und gewerbliche Fl\u00e4chen entstehen.","robots":{"index":"index","follow":"follow","max-snippet":"max-snippet:-1","max-image-preview":"max-image-preview:large","max-video-preview":"max-video-preview:-1"},"canonical":"https:\/\/www.immobilienbusiness.ch\/de\/regionen\/2024-01-09\/fribourg-wohn-und-hotelprojekt-von-patrimonium-liegt-auf\/","og_locale":"de_DE","og_type":"article","og_title":"Fribourg: Wohn- und Hotelprojekt von Patrimonium liegt auf - IMMOBILIEN Business","og_description":"Auf einem Areal am Kantonsspital Freiburg sollen \u00fcber 100 Wohnungen, ein Hotel und gewerbliche Fl\u00e4chen entstehen.","og_url":"https:\/\/www.immobilienbusiness.ch\/de\/regionen\/2024-01-09\/fribourg-wohn-und-hotelprojekt-von-patrimonium-liegt-auf\/","og_site_name":"IMMOBILIEN Business","article_publisher":"https:\/\/www.facebook.com\/immobilienbusiness\/","article_published_time":"2024-01-09T06:40:18+00:00","article_modified_time":"2024-01-11T08:47:50+00:00","og_image":[{"width":526,"height":299,"url":"https:\/\/www.immobilienbusiness.ch\/wp-content\/uploads\/2024\/01\/Patrimonium-Hotel-Fribourg.png","type":"image\/png"}],"author":"Alexander Wachter","twitter_card":"summary_large_image","schema":{"@context":"https:\/\/schema.org","@graph":[{"@type":"Article","@id":"https:\/\/www.immobilienbusiness.ch\/en\/regionen\/2024-01-09\/fribourg-wohn-und-hotelprojekt-von-patrimonium-liegt-auf\/#article","isPartOf":{"@id":"https:\/\/www.immobilienbusiness.ch\/en\/regionen\/2024-01-09\/fribourg-wohn-und-hotelprojekt-von-patrimonium-liegt-auf\/"},"author":{"name":"Alexander Wachter","@id":"https:\/\/www.immobilienbusiness.ch\/#\/schema\/person\/aba8bea2db926aa0c24c08c43fe1fcd5"},"headline":"Fribourg: Wohn- und Hotelprojekt von Patrimonium liegt auf","datePublished":"2024-01-09T06:40:18+00:00","dateModified":"2024-01-11T08:47:50+00:00","mainEntityOfPage":{"@id":"https:\/\/www.immobilienbusiness.ch\/en\/regionen\/2024-01-09\/fribourg-wohn-und-hotelprojekt-von-patrimonium-liegt-auf\/"},"wordCount":234,"publisher":{"@id":"https:\/\/www.immobilienbusiness.ch\/#organization"},"image":{"@id":"https:\/\/www.immobilienbusiness.ch\/en\/regionen\/2024-01-09\/fribourg-wohn-und-hotelprojekt-von-patrimonium-liegt-auf\/#primaryimage"},"thumbnailUrl":"https:\/\/www.immobilienbusiness.ch\/wp-content\/uploads\/2024\/01\/Patrimonium-Hotel-Fribourg.png","keywords":["Anlagestiftung","Fribourg","Gesundheitsimmobilien","Hotel","Mietwohnungen","Patrimonium","Projekt in Planung","Seniorenimmobilien"],"articleSection":["REGIONEN"],"inLanguage":"de"},{"@type":"WebPage","@id":"https:\/\/www.immobilienbusiness.ch\/en\/regionen\/2024-01-09\/fribourg-wohn-und-hotelprojekt-von-patrimonium-liegt-auf\/","url":"https:\/\/www.immobilienbusiness.ch\/en\/regionen\/2024-01-09\/fribourg-wohn-und-hotelprojekt-von-patrimonium-liegt-auf\/","name":"Fribourg: Wohn- und Hotelprojekt von Patrimonium liegt auf - IMMOBILIEN Business","isPartOf":{"@id":"https:\/\/www.immobilienbusiness.ch\/#website"},"primaryImageOfPage":{"@id":"https:\/\/www.immobilienbusiness.ch\/en\/regionen\/2024-01-09\/fribourg-wohn-und-hotelprojekt-von-patrimonium-liegt-auf\/#primaryimage"},"image":{"@id":"https:\/\/www.immobilienbusiness.ch\/en\/regionen\/2024-01-09\/fribourg-wohn-und-hotelprojekt-von-patrimonium-liegt-auf\/#primaryimage"},"thumbnailUrl":"https:\/\/www.immobilienbusiness.ch\/wp-content\/uploads\/2024\/01\/Patrimonium-Hotel-Fribourg.png","datePublished":"2024-01-09T06:40:18+00:00","dateModified":"2024-01-11T08:47:50+00:00","description":"Auf einem Areal am Kantonsspital Freiburg sollen \u00fcber 100 Wohnungen, ein Hotel und gewerbliche Fl\u00e4chen entstehen.","breadcrumb":{"@id":"https:\/\/www.immobilienbusiness.ch\/en\/regionen\/2024-01-09\/fribourg-wohn-und-hotelprojekt-von-patrimonium-liegt-auf\/#breadcrumb"},"inLanguage":"de","potentialAction":[{"@type":"ReadAction","target":["https:\/\/www.immobilienbusiness.ch\/en\/regionen\/2024-01-09\/fribourg-wohn-und-hotelprojekt-von-patrimonium-liegt-auf\/"]}]},{"@type":"ImageObject","inLanguage":"de","@id":"https:\/\/www.immobilienbusiness.ch\/en\/regionen\/2024-01-09\/fribourg-wohn-und-hotelprojekt-von-patrimonium-liegt-auf\/#primaryimage","url":"https:\/\/www.immobilienbusiness.ch\/wp-content\/uploads\/2024\/01\/Patrimonium-Hotel-Fribourg.png","contentUrl":"https:\/\/www.immobilienbusiness.ch\/wp-content\/uploads\/2024\/01\/Patrimonium-Hotel-Fribourg.png","width":526,"height":299,"caption":"Unter anderem f\u00fcr das Projekt \u00abAu Parc H\u00f4tel\u00bb in Fribourg sind frische Mittel vorgesehen (Visualisierung: zVg)"},{"@type":"BreadcrumbList","@id":"https:\/\/www.immobilienbusiness.ch\/en\/regionen\/2024-01-09\/fribourg-wohn-und-hotelprojekt-von-patrimonium-liegt-auf\/#breadcrumb","itemListElement":[{"@type":"ListItem","position":1,"name":"Home","item":"https:\/\/www.immobilienbusiness.ch\/"},{"@type":"ListItem","position":2,"name":"Fribourg: Wohn- und Hotelprojekt von Patrimonium liegt auf"}]},{"@type":"WebSite","@id":"https:\/\/www.immobilienbusiness.ch\/#website","url":"https:\/\/www.immobilienbusiness.ch\/","name":"IMMOBILIEN Business","description":"Unabh\u00e4ngiges Schweizer Wirtschaftsmagazin mit Fokus auf Immobilien, Architektur- und Bau sowie Investment- und Finanzierung.","publisher":{"@id":"https:\/\/www.immobilienbusiness.ch\/#organization"},"potentialAction":[{"@type":"SearchAction","target":{"@type":"EntryPoint","urlTemplate":"https:\/\/www.immobilienbusiness.ch\/?s={search_term_string}"},"query-input":{"@type":"PropertyValueSpecification","valueRequired":true,"valueName":"search_term_string"}}],"inLanguage":"de"},{"@type":"Organization","@id":"https:\/\/www.immobilienbusiness.ch\/#organization","name":"IMMOBILIEN Business","url":"https:\/\/www.immobilienbusiness.ch\/","logo":{"@type":"ImageObject","inLanguage":"de","@id":"https:\/\/www.immobilienbusiness.ch\/#\/schema\/logo\/image\/","url":"https:\/\/www.immobilienbusiness.ch\/wp-content\/uploads\/2021\/07\/logo_ib.png","contentUrl":"https:\/\/www.immobilienbusiness.ch\/wp-content\/uploads\/2021\/07\/logo_ib.png","width":800,"height":181,"caption":"IMMOBILIEN Business"},"image":{"@id":"https:\/\/www.immobilienbusiness.ch\/#\/schema\/logo\/image\/"},"sameAs":["https:\/\/www.facebook.com\/immobilienbusiness\/"]},{"@type":"Person","@id":"https:\/\/www.immobilienbusiness.ch\/#\/schema\/person\/aba8bea2db926aa0c24c08c43fe1fcd5","name":"Alexander Wachter","image":{"@type":"ImageObject","inLanguage":"de","@id":"https:\/\/secure.gravatar.com\/avatar\/1a09e471f5389b0e0a6416eac287e0927c7c97a7b77f9e787eba3af7aee281dd?s=96&d=mm&r=g","url":"https:\/\/secure.gravatar.com\/avatar\/1a09e471f5389b0e0a6416eac287e0927c7c97a7b77f9e787eba3af7aee281dd?s=96&d=mm&r=g","contentUrl":"https:\/\/secure.gravatar.com\/avatar\/1a09e471f5389b0e0a6416eac287e0927c7c97a7b77f9e787eba3af7aee281dd?s=96&d=mm&r=g","caption":"Alexander Wachter"},"url":"https:\/\/www.immobilienbusiness.ch\/de\/author\/alexander-wachter\/"}]}},"_links":{"self":[{"href":"https:\/\/www.immobilienbusiness.ch\/de\/wp-json\/wp\/v2\/posts\/55326","targetHints":{"allow":["GET"]}}],"collection":[{"href":"https:\/\/www.immobilienbusiness.ch\/de\/wp-json\/wp\/v2\/posts"}],"about":[{"href":"https:\/\/www.immobilienbusiness.ch\/de\/wp-json\/wp\/v2\/types\/post"}],"author":[{"embeddable":true,"href":"https:\/\/www.immobilienbusiness.ch\/de\/wp-json\/wp\/v2\/users\/102"}],"replies":[{"embeddable":true,"href":"https:\/\/www.immobilienbusiness.ch\/de\/wp-json\/wp\/v2\/comments?post=55326"}],"version-history":[{"count":4,"href":"https:\/\/www.immobilienbusiness.ch\/de\/wp-json\/wp\/v2\/posts\/55326\/revisions"}],"predecessor-version":[{"id":55392,"href":"https:\/\/www.immobilienbusiness.ch\/de\/wp-json\/wp\/v2\/posts\/55326\/revisions\/55392"}],"wp:featuredmedia":[{"embeddable":true,"href":"https:\/\/www.immobilienbusiness.ch\/de\/wp-json\/wp\/v2\/media\/55327"}],"wp:attachment":[{"href":"https:\/\/www.immobilienbusiness.ch\/de\/wp-json\/wp\/v2\/media?parent=55326"}],"wp:term":[{"taxonomy":"category","embeddable":true,"href":"https:\/\/www.immobilienbusiness.ch\/de\/wp-json\/wp\/v2\/categories?post=55326"},{"taxonomy":"post_tag","embeddable":true,"href":"https:\/\/www.immobilienbusiness.ch\/de\/wp-json\/wp\/v2\/tags?post=55326"}],"curies":[{"name":"wp","href":"https:\/\/api.w.org\/{rel}","templated":true}]}}