{"id":55318,"date":"2024-01-08T08:57:01","date_gmt":"2024-01-08T07:57:01","guid":{"rendered":"https:\/\/www.immobilienbusiness.ch\/?p=55318"},"modified":"2024-01-08T08:57:01","modified_gmt":"2024-01-08T07:57:01","slug":"wettingen-baustart-fuer-neue-siedlung-klosterbruehl","status":"publish","type":"post","link":"https:\/\/www.immobilienbusiness.ch\/de\/regionen\/2024-01-08\/wettingen-baustart-fuer-neue-siedlung-klosterbruehl\/","title":{"rendered":"Wettingen: Baustart f\u00fcr neue Siedlung Klosterbr\u00fchl"},"content":{"rendered":"<figure id=\"attachment_42866\" aria-describedby=\"caption-attachment-42866\" style=\"width: 1200px\" class=\"wp-caption alignnone\"><a href=\"https:\/\/www.immobilienbusiness.ch\/wp-content\/uploads\/2022\/06\/laegern.jpg\"><img loading=\"lazy\" decoding=\"async\" class=\"size-full wp-image-42866\" src=\"https:\/\/www.immobilienbusiness.ch\/wp-content\/uploads\/2022\/06\/laegern.jpg\" alt=\"\" width=\"1200\" height=\"800\" srcset=\"https:\/\/www.immobilienbusiness.ch\/wp-content\/uploads\/2022\/06\/laegern.jpg 1200w, https:\/\/www.immobilienbusiness.ch\/wp-content\/uploads\/2022\/06\/laegern-300x200.jpg 300w, https:\/\/www.immobilienbusiness.ch\/wp-content\/uploads\/2022\/06\/laegern-1024x683.jpg 1024w, https:\/\/www.immobilienbusiness.ch\/wp-content\/uploads\/2022\/06\/laegern-768x512.jpg 768w, https:\/\/www.immobilienbusiness.ch\/wp-content\/uploads\/2022\/06\/laegern-1536x1024.jpg 1536w, https:\/\/www.immobilienbusiness.ch\/wp-content\/uploads\/2022\/06\/laegern-2048x1365.jpg 2048w, https:\/\/www.immobilienbusiness.ch\/wp-content\/uploads\/2022\/06\/laegern-18x12.jpg 18w, https:\/\/www.immobilienbusiness.ch\/wp-content\/uploads\/2022\/06\/laegern-263x175.jpg 263w, https:\/\/www.immobilienbusiness.ch\/wp-content\/uploads\/2022\/06\/laegern-525x350.jpg 525w, https:\/\/www.immobilienbusiness.ch\/wp-content\/uploads\/2022\/06\/laegern-920x613.jpg 920w\" sizes=\"auto, (max-width: 1200px) 100vw, 1200px\" \/><\/a><figcaption id=\"caption-attachment-42866\" class=\"wp-caption-text\">Visualisierung des geplanten Neubaus in Wettingen (Quelle: L\u00e4gern Wohnen)<\/figcaption><\/figure>\n<p>Die Wohnbaugenossenschaft L\u00e4gern Wohnen bezeichnet die Erneuerung ihrer Siedlung Klosterbr\u00fchl in Wettingen (AG) als \u00abJahrhundertprojekt\u00bb. Am 1. Dezember 2023 ist nun der erste Spatenstich f\u00fcr das Vorhaben gesetzt worden &#8211; nach gut zehn Jahren Planungszeit. Das Klosterbr\u00fchl ist eine der \u00e4ltesten Wohnsiedlungen von L\u00e4gern Wohnen und entspricht nicht mehr den heutigen Anspr\u00fcchen. Da eine Renovierung wirtschaftlich nicht sinnvoll ist, wird ein Ersatzneubau erstellt.<\/p>\n<p>Konkret werden insgesamt 127 alte Wohnungen abgerissen und 222 neue Wohneinheiten (2,5 bis 5,5 Zimmer) erstellt. Mit dem Start der ersten Bauetappe beginnt der R\u00fcckbau der H\u00e4user der Liegenschaften an der Grubenstrasse 21 und 19, der Winkelriedstrasse 53, 55, 57, 59, 61 und 63 sowie am Siedlungsweg 3, 5, 7, 9, 11 und 13. Die erste Bauetappe soll 2025 fertiggestellt sein, die zweite Etappe Ende 2027.<\/p>\n<p>Nach Angaben vom Sommer 2022, als sie die Planung vorgestellt hat, rechnet die Wohnbaugenossenschaft mit Investitionen von 110 Mio. CHF. <em>(ah)<\/em><\/p>\n","protected":false},"excerpt":{"rendered":"<p>Die Wohnbaugenossenschaft L\u00e4gern Wohnen ersetzt ihre Siedlung Klosterbr\u00fchl durch Neubauten. Der erste Spatenstich ist jetzt gesetzt worden.<\/p>\n","protected":false},"author":3,"featured_media":42866,"comment_status":"closed","ping_status":"closed","sticky":false,"template":"","format":"standard","meta":{"_acf_changed":false,"_yoast_wpseo_focuskw":"L\u00e4gern","_yoast_wpseo_title":"","_yoast_wpseo_metadesc":"Die Wohnbaugenossenschaft L\u00e4gern Wohnen ersetzt ihre Siedlung Klosterbr\u00fchl durch einen Neubau. Der erste Spatenstich ist jetzt gesetzt worden.","_yoast_wpseo_linkdex":56,"pgc_sgb_lightbox_settings":"","footnotes":""},"categories":[985],"tags":[1077,1599,1863],"class_list":["post-55318","post","type-post","status-publish","format-standard","has-post-thumbnail","hentry","category-regionen","tag-baugenossenschaft","tag-projekt-in-bau","tag-wohnimmobilien"],"acf":[],"yoast_head":"<!-- This site is optimized with the Yoast SEO plugin v27.4 - https:\/\/yoast.com\/product\/yoast-seo-wordpress\/ -->\n<title>Wettingen: Baustart f\u00fcr neue Siedlung Klosterbr\u00fchl - IMMOBILIEN Business<\/title>\n<meta name=\"description\" content=\"Die Wohnbaugenossenschaft L\u00e4gern Wohnen ersetzt ihre Siedlung Klosterbr\u00fchl durch einen Neubau. Der erste Spatenstich ist jetzt gesetzt worden.\" \/>\n<meta name=\"robots\" content=\"index, follow, max-snippet:-1, max-image-preview:large, max-video-preview:-1\" \/>\n<link rel=\"canonical\" href=\"https:\/\/www.immobilienbusiness.ch\/de\/regionen\/2024-01-08\/wettingen-baustart-fuer-neue-siedlung-klosterbruehl\/\" \/>\n<meta property=\"og:locale\" content=\"de_DE\" \/>\n<meta property=\"og:type\" content=\"article\" \/>\n<meta property=\"og:title\" content=\"Wettingen: Baustart f\u00fcr neue Siedlung Klosterbr\u00fchl - IMMOBILIEN Business\" \/>\n<meta property=\"og:description\" content=\"Die Wohnbaugenossenschaft L\u00e4gern Wohnen ersetzt ihre Siedlung Klosterbr\u00fchl durch einen Neubau. Der erste Spatenstich ist jetzt gesetzt worden.\" \/>\n<meta property=\"og:url\" content=\"https:\/\/www.immobilienbusiness.ch\/de\/regionen\/2024-01-08\/wettingen-baustart-fuer-neue-siedlung-klosterbruehl\/\" \/>\n<meta property=\"og:site_name\" content=\"IMMOBILIEN Business\" \/>\n<meta property=\"article:publisher\" content=\"https:\/\/www.facebook.com\/immobilienbusiness\/\" \/>\n<meta property=\"article:published_time\" content=\"2024-01-08T07:57:01+00:00\" \/>\n<meta property=\"og:image\" content=\"https:\/\/www.immobilienbusiness.ch\/wp-content\/uploads\/2022\/06\/laegern.jpg\" \/>\n\t<meta property=\"og:image:width\" content=\"1200\" \/>\n\t<meta property=\"og:image:height\" content=\"800\" \/>\n\t<meta property=\"og:image:type\" content=\"image\/jpeg\" \/>\n<meta name=\"author\" content=\"anja.hall\" \/>\n<meta name=\"twitter:card\" content=\"summary_large_image\" \/>\n<script type=\"application\/ld+json\" class=\"yoast-schema-graph\">{\"@context\":\"https:\\\/\\\/schema.org\",\"@graph\":[{\"@type\":\"Article\",\"@id\":\"https:\\\/\\\/www.immobilienbusiness.ch\\\/de\\\/regionen\\\/2024-01-08\\\/wettingen-baustart-fuer-neue-siedlung-klosterbruehl\\\/#article\",\"isPartOf\":{\"@id\":\"https:\\\/\\\/www.immobilienbusiness.ch\\\/de\\\/regionen\\\/2024-01-08\\\/wettingen-baustart-fuer-neue-siedlung-klosterbruehl\\\/\"},\"author\":{\"name\":\"anja.hall\",\"@id\":\"https:\\\/\\\/www.immobilienbusiness.ch\\\/#\\\/schema\\\/person\\\/3fc036297b10b9f42d6db5ee932af8c8\"},\"headline\":\"Wettingen: Baustart f\u00fcr neue Siedlung Klosterbr\u00fchl\",\"datePublished\":\"2024-01-08T07:57:01+00:00\",\"mainEntityOfPage\":{\"@id\":\"https:\\\/\\\/www.immobilienbusiness.ch\\\/de\\\/regionen\\\/2024-01-08\\\/wettingen-baustart-fuer-neue-siedlung-klosterbruehl\\\/\"},\"wordCount\":159,\"publisher\":{\"@id\":\"https:\\\/\\\/www.immobilienbusiness.ch\\\/#organization\"},\"image\":{\"@id\":\"https:\\\/\\\/www.immobilienbusiness.ch\\\/de\\\/regionen\\\/2024-01-08\\\/wettingen-baustart-fuer-neue-siedlung-klosterbruehl\\\/#primaryimage\"},\"thumbnailUrl\":\"https:\\\/\\\/www.immobilienbusiness.ch\\\/wp-content\\\/uploads\\\/2022\\\/06\\\/laegern.jpg\",\"keywords\":[\"Baugenossenschaft\",\"Projekt in Bau\",\"Wohnimmobilien\"],\"articleSection\":[\"REGIONEN\"],\"inLanguage\":\"de\"},{\"@type\":\"WebPage\",\"@id\":\"https:\\\/\\\/www.immobilienbusiness.ch\\\/de\\\/regionen\\\/2024-01-08\\\/wettingen-baustart-fuer-neue-siedlung-klosterbruehl\\\/\",\"url\":\"https:\\\/\\\/www.immobilienbusiness.ch\\\/de\\\/regionen\\\/2024-01-08\\\/wettingen-baustart-fuer-neue-siedlung-klosterbruehl\\\/\",\"name\":\"Wettingen: Baustart f\u00fcr neue Siedlung Klosterbr\u00fchl - IMMOBILIEN Business\",\"isPartOf\":{\"@id\":\"https:\\\/\\\/www.immobilienbusiness.ch\\\/#website\"},\"primaryImageOfPage\":{\"@id\":\"https:\\\/\\\/www.immobilienbusiness.ch\\\/de\\\/regionen\\\/2024-01-08\\\/wettingen-baustart-fuer-neue-siedlung-klosterbruehl\\\/#primaryimage\"},\"image\":{\"@id\":\"https:\\\/\\\/www.immobilienbusiness.ch\\\/de\\\/regionen\\\/2024-01-08\\\/wettingen-baustart-fuer-neue-siedlung-klosterbruehl\\\/#primaryimage\"},\"thumbnailUrl\":\"https:\\\/\\\/www.immobilienbusiness.ch\\\/wp-content\\\/uploads\\\/2022\\\/06\\\/laegern.jpg\",\"datePublished\":\"2024-01-08T07:57:01+00:00\",\"description\":\"Die Wohnbaugenossenschaft L\u00e4gern Wohnen ersetzt ihre Siedlung Klosterbr\u00fchl durch einen Neubau. Der erste Spatenstich ist jetzt gesetzt worden.\",\"breadcrumb\":{\"@id\":\"https:\\\/\\\/www.immobilienbusiness.ch\\\/de\\\/regionen\\\/2024-01-08\\\/wettingen-baustart-fuer-neue-siedlung-klosterbruehl\\\/#breadcrumb\"},\"inLanguage\":\"de\",\"potentialAction\":[{\"@type\":\"ReadAction\",\"target\":[\"https:\\\/\\\/www.immobilienbusiness.ch\\\/de\\\/regionen\\\/2024-01-08\\\/wettingen-baustart-fuer-neue-siedlung-klosterbruehl\\\/\"]}]},{\"@type\":\"ImageObject\",\"inLanguage\":\"de\",\"@id\":\"https:\\\/\\\/www.immobilienbusiness.ch\\\/de\\\/regionen\\\/2024-01-08\\\/wettingen-baustart-fuer-neue-siedlung-klosterbruehl\\\/#primaryimage\",\"url\":\"https:\\\/\\\/www.immobilienbusiness.ch\\\/wp-content\\\/uploads\\\/2022\\\/06\\\/laegern.jpg\",\"contentUrl\":\"https:\\\/\\\/www.immobilienbusiness.ch\\\/wp-content\\\/uploads\\\/2022\\\/06\\\/laegern.jpg\",\"width\":1200,\"height\":800,\"caption\":\"Visualisierung des geplanten Neubaus in Wettingen (Quelle: L\u00e4gern Wohnen)\"},{\"@type\":\"BreadcrumbList\",\"@id\":\"https:\\\/\\\/www.immobilienbusiness.ch\\\/de\\\/regionen\\\/2024-01-08\\\/wettingen-baustart-fuer-neue-siedlung-klosterbruehl\\\/#breadcrumb\",\"itemListElement\":[{\"@type\":\"ListItem\",\"position\":1,\"name\":\"Home\",\"item\":\"https:\\\/\\\/www.immobilienbusiness.ch\\\/\"},{\"@type\":\"ListItem\",\"position\":2,\"name\":\"Wettingen: Baustart f\u00fcr neue Siedlung Klosterbr\u00fchl\"}]},{\"@type\":\"WebSite\",\"@id\":\"https:\\\/\\\/www.immobilienbusiness.ch\\\/#website\",\"url\":\"https:\\\/\\\/www.immobilienbusiness.ch\\\/\",\"name\":\"IMMOBILIEN Business\",\"description\":\"Unabh\u00e4ngiges Schweizer Wirtschaftsmagazin mit Fokus auf Immobilien, Architektur- und Bau sowie Investment- und Finanzierung.\",\"publisher\":{\"@id\":\"https:\\\/\\\/www.immobilienbusiness.ch\\\/#organization\"},\"potentialAction\":[{\"@type\":\"SearchAction\",\"target\":{\"@type\":\"EntryPoint\",\"urlTemplate\":\"https:\\\/\\\/www.immobilienbusiness.ch\\\/?s={search_term_string}\"},\"query-input\":{\"@type\":\"PropertyValueSpecification\",\"valueRequired\":true,\"valueName\":\"search_term_string\"}}],\"inLanguage\":\"de\"},{\"@type\":\"Organization\",\"@id\":\"https:\\\/\\\/www.immobilienbusiness.ch\\\/#organization\",\"name\":\"IMMOBILIEN Business\",\"url\":\"https:\\\/\\\/www.immobilienbusiness.ch\\\/\",\"logo\":{\"@type\":\"ImageObject\",\"inLanguage\":\"de\",\"@id\":\"https:\\\/\\\/www.immobilienbusiness.ch\\\/#\\\/schema\\\/logo\\\/image\\\/\",\"url\":\"https:\\\/\\\/www.immobilienbusiness.ch\\\/wp-content\\\/uploads\\\/2021\\\/07\\\/logo_ib.png\",\"contentUrl\":\"https:\\\/\\\/www.immobilienbusiness.ch\\\/wp-content\\\/uploads\\\/2021\\\/07\\\/logo_ib.png\",\"width\":800,\"height\":181,\"caption\":\"IMMOBILIEN Business\"},\"image\":{\"@id\":\"https:\\\/\\\/www.immobilienbusiness.ch\\\/#\\\/schema\\\/logo\\\/image\\\/\"},\"sameAs\":[\"https:\\\/\\\/www.facebook.com\\\/immobilienbusiness\\\/\"]},{\"@type\":\"Person\",\"@id\":\"https:\\\/\\\/www.immobilienbusiness.ch\\\/#\\\/schema\\\/person\\\/3fc036297b10b9f42d6db5ee932af8c8\",\"name\":\"anja.hall\",\"image\":{\"@type\":\"ImageObject\",\"inLanguage\":\"de\",\"@id\":\"https:\\\/\\\/secure.gravatar.com\\\/avatar\\\/066b5a0d447013502c71a5782f4f3469f03cfe595cc2329fb94652fe47511bfb?s=96&d=mm&r=g\",\"url\":\"https:\\\/\\\/secure.gravatar.com\\\/avatar\\\/066b5a0d447013502c71a5782f4f3469f03cfe595cc2329fb94652fe47511bfb?s=96&d=mm&r=g\",\"contentUrl\":\"https:\\\/\\\/secure.gravatar.com\\\/avatar\\\/066b5a0d447013502c71a5782f4f3469f03cfe595cc2329fb94652fe47511bfb?s=96&d=mm&r=g\",\"caption\":\"anja.hall\"},\"url\":\"https:\\\/\\\/www.immobilienbusiness.ch\\\/de\\\/author\\\/anja-hall\\\/\"}]}<\/script>\n<!-- \/ Yoast SEO plugin. -->","yoast_head_json":{"title":"Wettingen: Baustart f\u00fcr neue Siedlung Klosterbr\u00fchl - IMMOBILIEN Business","description":"Die Wohnbaugenossenschaft L\u00e4gern Wohnen ersetzt ihre Siedlung Klosterbr\u00fchl durch einen Neubau. Der erste Spatenstich ist jetzt gesetzt worden.","robots":{"index":"index","follow":"follow","max-snippet":"max-snippet:-1","max-image-preview":"max-image-preview:large","max-video-preview":"max-video-preview:-1"},"canonical":"https:\/\/www.immobilienbusiness.ch\/de\/regionen\/2024-01-08\/wettingen-baustart-fuer-neue-siedlung-klosterbruehl\/","og_locale":"de_DE","og_type":"article","og_title":"Wettingen: Baustart f\u00fcr neue Siedlung Klosterbr\u00fchl - IMMOBILIEN Business","og_description":"Die Wohnbaugenossenschaft L\u00e4gern Wohnen ersetzt ihre Siedlung Klosterbr\u00fchl durch einen Neubau. Der erste Spatenstich ist jetzt gesetzt worden.","og_url":"https:\/\/www.immobilienbusiness.ch\/de\/regionen\/2024-01-08\/wettingen-baustart-fuer-neue-siedlung-klosterbruehl\/","og_site_name":"IMMOBILIEN Business","article_publisher":"https:\/\/www.facebook.com\/immobilienbusiness\/","article_published_time":"2024-01-08T07:57:01+00:00","og_image":[{"width":1200,"height":800,"url":"https:\/\/www.immobilienbusiness.ch\/wp-content\/uploads\/2022\/06\/laegern.jpg","type":"image\/jpeg"}],"author":"anja.hall","twitter_card":"summary_large_image","schema":{"@context":"https:\/\/schema.org","@graph":[{"@type":"Article","@id":"https:\/\/www.immobilienbusiness.ch\/de\/regionen\/2024-01-08\/wettingen-baustart-fuer-neue-siedlung-klosterbruehl\/#article","isPartOf":{"@id":"https:\/\/www.immobilienbusiness.ch\/de\/regionen\/2024-01-08\/wettingen-baustart-fuer-neue-siedlung-klosterbruehl\/"},"author":{"name":"anja.hall","@id":"https:\/\/www.immobilienbusiness.ch\/#\/schema\/person\/3fc036297b10b9f42d6db5ee932af8c8"},"headline":"Wettingen: Baustart f\u00fcr neue Siedlung Klosterbr\u00fchl","datePublished":"2024-01-08T07:57:01+00:00","mainEntityOfPage":{"@id":"https:\/\/www.immobilienbusiness.ch\/de\/regionen\/2024-01-08\/wettingen-baustart-fuer-neue-siedlung-klosterbruehl\/"},"wordCount":159,"publisher":{"@id":"https:\/\/www.immobilienbusiness.ch\/#organization"},"image":{"@id":"https:\/\/www.immobilienbusiness.ch\/de\/regionen\/2024-01-08\/wettingen-baustart-fuer-neue-siedlung-klosterbruehl\/#primaryimage"},"thumbnailUrl":"https:\/\/www.immobilienbusiness.ch\/wp-content\/uploads\/2022\/06\/laegern.jpg","keywords":["Baugenossenschaft","Projekt in Bau","Wohnimmobilien"],"articleSection":["REGIONEN"],"inLanguage":"de"},{"@type":"WebPage","@id":"https:\/\/www.immobilienbusiness.ch\/de\/regionen\/2024-01-08\/wettingen-baustart-fuer-neue-siedlung-klosterbruehl\/","url":"https:\/\/www.immobilienbusiness.ch\/de\/regionen\/2024-01-08\/wettingen-baustart-fuer-neue-siedlung-klosterbruehl\/","name":"Wettingen: Baustart f\u00fcr neue Siedlung Klosterbr\u00fchl - IMMOBILIEN Business","isPartOf":{"@id":"https:\/\/www.immobilienbusiness.ch\/#website"},"primaryImageOfPage":{"@id":"https:\/\/www.immobilienbusiness.ch\/de\/regionen\/2024-01-08\/wettingen-baustart-fuer-neue-siedlung-klosterbruehl\/#primaryimage"},"image":{"@id":"https:\/\/www.immobilienbusiness.ch\/de\/regionen\/2024-01-08\/wettingen-baustart-fuer-neue-siedlung-klosterbruehl\/#primaryimage"},"thumbnailUrl":"https:\/\/www.immobilienbusiness.ch\/wp-content\/uploads\/2022\/06\/laegern.jpg","datePublished":"2024-01-08T07:57:01+00:00","description":"Die Wohnbaugenossenschaft L\u00e4gern Wohnen ersetzt ihre Siedlung Klosterbr\u00fchl durch einen Neubau. Der erste Spatenstich ist jetzt gesetzt worden.","breadcrumb":{"@id":"https:\/\/www.immobilienbusiness.ch\/de\/regionen\/2024-01-08\/wettingen-baustart-fuer-neue-siedlung-klosterbruehl\/#breadcrumb"},"inLanguage":"de","potentialAction":[{"@type":"ReadAction","target":["https:\/\/www.immobilienbusiness.ch\/de\/regionen\/2024-01-08\/wettingen-baustart-fuer-neue-siedlung-klosterbruehl\/"]}]},{"@type":"ImageObject","inLanguage":"de","@id":"https:\/\/www.immobilienbusiness.ch\/de\/regionen\/2024-01-08\/wettingen-baustart-fuer-neue-siedlung-klosterbruehl\/#primaryimage","url":"https:\/\/www.immobilienbusiness.ch\/wp-content\/uploads\/2022\/06\/laegern.jpg","contentUrl":"https:\/\/www.immobilienbusiness.ch\/wp-content\/uploads\/2022\/06\/laegern.jpg","width":1200,"height":800,"caption":"Visualisierung des geplanten Neubaus in Wettingen (Quelle: L\u00e4gern Wohnen)"},{"@type":"BreadcrumbList","@id":"https:\/\/www.immobilienbusiness.ch\/de\/regionen\/2024-01-08\/wettingen-baustart-fuer-neue-siedlung-klosterbruehl\/#breadcrumb","itemListElement":[{"@type":"ListItem","position":1,"name":"Home","item":"https:\/\/www.immobilienbusiness.ch\/"},{"@type":"ListItem","position":2,"name":"Wettingen: Baustart f\u00fcr neue Siedlung Klosterbr\u00fchl"}]},{"@type":"WebSite","@id":"https:\/\/www.immobilienbusiness.ch\/#website","url":"https:\/\/www.immobilienbusiness.ch\/","name":"IMMOBILIEN Business","description":"Unabh\u00e4ngiges Schweizer Wirtschaftsmagazin mit Fokus auf Immobilien, Architektur- und Bau sowie Investment- und Finanzierung.","publisher":{"@id":"https:\/\/www.immobilienbusiness.ch\/#organization"},"potentialAction":[{"@type":"SearchAction","target":{"@type":"EntryPoint","urlTemplate":"https:\/\/www.immobilienbusiness.ch\/?s={search_term_string}"},"query-input":{"@type":"PropertyValueSpecification","valueRequired":true,"valueName":"search_term_string"}}],"inLanguage":"de"},{"@type":"Organization","@id":"https:\/\/www.immobilienbusiness.ch\/#organization","name":"IMMOBILIEN Business","url":"https:\/\/www.immobilienbusiness.ch\/","logo":{"@type":"ImageObject","inLanguage":"de","@id":"https:\/\/www.immobilienbusiness.ch\/#\/schema\/logo\/image\/","url":"https:\/\/www.immobilienbusiness.ch\/wp-content\/uploads\/2021\/07\/logo_ib.png","contentUrl":"https:\/\/www.immobilienbusiness.ch\/wp-content\/uploads\/2021\/07\/logo_ib.png","width":800,"height":181,"caption":"IMMOBILIEN Business"},"image":{"@id":"https:\/\/www.immobilienbusiness.ch\/#\/schema\/logo\/image\/"},"sameAs":["https:\/\/www.facebook.com\/immobilienbusiness\/"]},{"@type":"Person","@id":"https:\/\/www.immobilienbusiness.ch\/#\/schema\/person\/3fc036297b10b9f42d6db5ee932af8c8","name":"anja.hall","image":{"@type":"ImageObject","inLanguage":"de","@id":"https:\/\/secure.gravatar.com\/avatar\/066b5a0d447013502c71a5782f4f3469f03cfe595cc2329fb94652fe47511bfb?s=96&d=mm&r=g","url":"https:\/\/secure.gravatar.com\/avatar\/066b5a0d447013502c71a5782f4f3469f03cfe595cc2329fb94652fe47511bfb?s=96&d=mm&r=g","contentUrl":"https:\/\/secure.gravatar.com\/avatar\/066b5a0d447013502c71a5782f4f3469f03cfe595cc2329fb94652fe47511bfb?s=96&d=mm&r=g","caption":"anja.hall"},"url":"https:\/\/www.immobilienbusiness.ch\/de\/author\/anja-hall\/"}]}},"_links":{"self":[{"href":"https:\/\/www.immobilienbusiness.ch\/de\/wp-json\/wp\/v2\/posts\/55318","targetHints":{"allow":["GET"]}}],"collection":[{"href":"https:\/\/www.immobilienbusiness.ch\/de\/wp-json\/wp\/v2\/posts"}],"about":[{"href":"https:\/\/www.immobilienbusiness.ch\/de\/wp-json\/wp\/v2\/types\/post"}],"author":[{"embeddable":true,"href":"https:\/\/www.immobilienbusiness.ch\/de\/wp-json\/wp\/v2\/users\/3"}],"replies":[{"embeddable":true,"href":"https:\/\/www.immobilienbusiness.ch\/de\/wp-json\/wp\/v2\/comments?post=55318"}],"version-history":[{"count":2,"href":"https:\/\/www.immobilienbusiness.ch\/de\/wp-json\/wp\/v2\/posts\/55318\/revisions"}],"predecessor-version":[{"id":55367,"href":"https:\/\/www.immobilienbusiness.ch\/de\/wp-json\/wp\/v2\/posts\/55318\/revisions\/55367"}],"wp:featuredmedia":[{"embeddable":true,"href":"https:\/\/www.immobilienbusiness.ch\/de\/wp-json\/wp\/v2\/media\/42866"}],"wp:attachment":[{"href":"https:\/\/www.immobilienbusiness.ch\/de\/wp-json\/wp\/v2\/media?parent=55318"}],"wp:term":[{"taxonomy":"category","embeddable":true,"href":"https:\/\/www.immobilienbusiness.ch\/de\/wp-json\/wp\/v2\/categories?post=55318"},{"taxonomy":"post_tag","embeddable":true,"href":"https:\/\/www.immobilienbusiness.ch\/de\/wp-json\/wp\/v2\/tags?post=55318"}],"curies":[{"name":"wp","href":"https:\/\/api.w.org\/{rel}","templated":true}]}}