{"id":5518,"date":"2016-12-22T12:52:48","date_gmt":"2016-12-22T11:52:48","guid":{"rendered":"https:\/\/immobilienbusiness.ch\/?p=5518"},"modified":"2016-12-22T12:52:48","modified_gmt":"2016-12-22T11:52:48","slug":"livit-stephan-gmuer-geschaeftsfuehrung","status":"publish","type":"post","link":"https:\/\/www.immobilienbusiness.ch\/de\/unternehmen\/2016-12-22\/livit-stephan-gmuer-geschaeftsfuehrung\/","title":{"rendered":"Stephan Gm\u00fcr r\u00fcckt in Livit-Gesch\u00e4ftsleitung auf"},"content":{"rendered":"<figure id=\"attachment_5521\" aria-describedby=\"caption-attachment-5521\" style=\"width: 680px\" class=\"wp-caption alignnone\"><img loading=\"lazy\" decoding=\"async\" class=\"size-medium wp-image-5521\" src=\"https:\/\/immobilienbusiness.ch\/wp-content\/uploads\/2016\/12\/Bild_0014-Stephan_Gmuer.jpg\" alt=\"\" width=\"680\" height=\"486\" srcset=\"https:\/\/www.immobilienbusiness.ch\/wp-content\/uploads\/2016\/12\/Bild_0014-Stephan_Gmuer.jpg 2126w, https:\/\/www.immobilienbusiness.ch\/wp-content\/uploads\/2016\/12\/Bild_0014-Stephan_Gmuer-300x214.jpg 300w, https:\/\/www.immobilienbusiness.ch\/wp-content\/uploads\/2016\/12\/Bild_0014-Stephan_Gmuer-1024x731.jpg 1024w, https:\/\/www.immobilienbusiness.ch\/wp-content\/uploads\/2016\/12\/Bild_0014-Stephan_Gmuer-768x548.jpg 768w, https:\/\/www.immobilienbusiness.ch\/wp-content\/uploads\/2016\/12\/Bild_0014-Stephan_Gmuer-1536x1097.jpg 1536w, https:\/\/www.immobilienbusiness.ch\/wp-content\/uploads\/2016\/12\/Bild_0014-Stephan_Gmuer-2048x1462.jpg 2048w, https:\/\/www.immobilienbusiness.ch\/wp-content\/uploads\/2016\/12\/Bild_0014-Stephan_Gmuer-16x12.jpg 16w, https:\/\/www.immobilienbusiness.ch\/wp-content\/uploads\/2016\/12\/Bild_0014-Stephan_Gmuer-245x175.jpg 245w, https:\/\/www.immobilienbusiness.ch\/wp-content\/uploads\/2016\/12\/Bild_0014-Stephan_Gmuer-490x350.jpg 490w, https:\/\/www.immobilienbusiness.ch\/wp-content\/uploads\/2016\/12\/Bild_0014-Stephan_Gmuer-1120x800.jpg 1120w, https:\/\/www.immobilienbusiness.ch\/wp-content\/uploads\/2016\/12\/Bild_0014-Stephan_Gmuer-920x657.jpg 920w, https:\/\/www.immobilienbusiness.ch\/wp-content\/uploads\/2016\/12\/Bild_0014-Stephan_Gmuer-1400x1000.jpg 1400w, https:\/\/www.immobilienbusiness.ch\/wp-content\/uploads\/2016\/12\/Bild_0014-Stephan_Gmuer-1961x1400.jpg 1961w\" sizes=\"auto, (max-width: 680px) 100vw, 680px\" \/><figcaption id=\"caption-attachment-5521\" class=\"wp-caption-text\">Stephan Gm\u00fcr wird zum Januar Mitglied der Gesch\u00e4ftsleitung der Livit (Foto: Livit AG)<\/figcaption><\/figure>\n<p>Stephan Gm\u00fcr (54) arbeitet seit dem 1. Februar 2015 als Leiter Baumanagement f\u00fcr die Livit AG. Nun wurde er mit Wirkung zum 1. Januar auch in die Gesch\u00e4ftsleitung des Unternehmens gew\u00e4hlt. Gm\u00fcr verf\u00fcgt \u00fcber langj\u00e4hrige Erfahrung im Baumanagement, in der Projektleitung, in der Projektentwicklung und im Portfoliomanagement.<\/p>\n<p>Mit der Berufung eines Vertreters des Bereichs Baumanagement in die Gesch\u00e4ftsleitung unterstreiche man die zunehmende Bedeutung der einzelnen Bereiche, heisst es bei Livit. Hintergrund ist die Strategie\u00e4nderung 2013, welche eine Fokussierung auf das Kerngesch\u00e4ft Bewirtschaftung mit den komplement\u00e4ren Dienstleistungen Vermietungs-, Bau- und Facilty Management beinhaltet. Das Baumanagement verzeichne bereits heute eine sehr positive Entwicklung, teilt Livit mit. Ein weiterer, schweizweiter Aufbau werde angestrebt.<\/p>\n<p>\u00abIch freue mich, dass wir mit Stephan Gm\u00fcr unsere Gesch\u00e4ftsleitung mit einem ausgewiesenen Fachmann aus dem Bereich Baumanagement verst\u00e4rken k\u00f6nnen\u00bb, sagt Andreas Ingold, CEO der Livit AG. \u00abIm aktuellen und k\u00fcnftigen Wirtschaftsumfeld w\u00e4chst der Bedarf nach Expertentum.\u00bb<\/p>\n","protected":false},"excerpt":{"rendered":"<p>Die Livit AG verst\u00e4rkt ihre Gesch\u00e4ftsleitung per 1. Januar 2017 mit Stephan Gm\u00fcr, derzeit Leiter des Bereichs Baumanagement.<\/p>\n","protected":false},"author":3,"featured_media":5521,"comment_status":"open","ping_status":"open","sticky":false,"template":"","format":"standard","meta":{"_acf_changed":false,"_yoast_wpseo_focuskw":"stephan gm\u00fcr","_yoast_wpseo_title":"","_yoast_wpseo_metadesc":"Die Livit AG verst\u00e4rkt ihre Gesch\u00e4ftsleitung per 1. Januar 2017 mit Stephan Gm\u00fcr. Gm\u00fcr ist derzeit Leiter des Bereichs Baumanagement.","_yoast_wpseo_linkdex":74,"pgc_sgb_lightbox_settings":"","footnotes":""},"categories":[988],"tags":[1338,1563,1807],"class_list":["post-5518","post","type-post","status-publish","format-standard","has-post-thumbnail","hentry","category-unternehmen","tag-immobilienbewirtschaftung","tag-personalia","tag-unternehmen"],"acf":[],"yoast_head":"<!-- This site is optimized with the Yoast SEO plugin v27.4 - https:\/\/yoast.com\/product\/yoast-seo-wordpress\/ -->\n<title>Stephan Gm\u00fcr r\u00fcckt in Livit-Gesch\u00e4ftsleitung auf - IMMOBILIEN Business<\/title>\n<meta name=\"description\" content=\"Die Livit AG verst\u00e4rkt ihre Gesch\u00e4ftsleitung per 1. Januar 2017 mit Stephan Gm\u00fcr. Gm\u00fcr ist derzeit Leiter des Bereichs Baumanagement.\" \/>\n<meta name=\"robots\" content=\"index, follow, max-snippet:-1, max-image-preview:large, max-video-preview:-1\" \/>\n<link rel=\"canonical\" href=\"https:\/\/www.immobilienbusiness.ch\/de\/unternehmen\/2016-12-22\/livit-stephan-gmuer-geschaeftsfuehrung\/\" \/>\n<meta property=\"og:locale\" content=\"de_DE\" \/>\n<meta property=\"og:type\" content=\"article\" \/>\n<meta property=\"og:title\" content=\"Stephan Gm\u00fcr r\u00fcckt in Livit-Gesch\u00e4ftsleitung auf - IMMOBILIEN Business\" \/>\n<meta property=\"og:description\" content=\"Die Livit AG verst\u00e4rkt ihre Gesch\u00e4ftsleitung per 1. Januar 2017 mit Stephan Gm\u00fcr. Gm\u00fcr ist derzeit Leiter des Bereichs Baumanagement.\" \/>\n<meta property=\"og:url\" content=\"https:\/\/www.immobilienbusiness.ch\/de\/unternehmen\/2016-12-22\/livit-stephan-gmuer-geschaeftsfuehrung\/\" \/>\n<meta property=\"og:site_name\" content=\"IMMOBILIEN Business\" \/>\n<meta property=\"article:publisher\" content=\"https:\/\/www.facebook.com\/immobilienbusiness\/\" \/>\n<meta property=\"article:published_time\" content=\"2016-12-22T11:52:48+00:00\" \/>\n<meta property=\"og:image\" content=\"https:\/\/www.immobilienbusiness.ch\/wp-content\/uploads\/2016\/12\/Bild_0014-Stephan_Gmuer.jpg\" \/>\n\t<meta property=\"og:image:width\" content=\"2126\" \/>\n\t<meta property=\"og:image:height\" content=\"1518\" \/>\n\t<meta property=\"og:image:type\" content=\"image\/jpeg\" \/>\n<meta name=\"author\" content=\"anja.hall\" \/>\n<meta name=\"twitter:card\" content=\"summary_large_image\" \/>\n<script type=\"application\/ld+json\" class=\"yoast-schema-graph\">{\"@context\":\"https:\\\/\\\/schema.org\",\"@graph\":[{\"@type\":\"Article\",\"@id\":\"https:\\\/\\\/www.immobilienbusiness.ch\\\/unternehmen\\\/2016-12-22\\\/livit-stephan-gmuer-geschaeftsfuehrung\\\/#article\",\"isPartOf\":{\"@id\":\"https:\\\/\\\/www.immobilienbusiness.ch\\\/unternehmen\\\/2016-12-22\\\/livit-stephan-gmuer-geschaeftsfuehrung\\\/\"},\"author\":{\"name\":\"anja.hall\",\"@id\":\"https:\\\/\\\/www.immobilienbusiness.ch\\\/#\\\/schema\\\/person\\\/3fc036297b10b9f42d6db5ee932af8c8\"},\"headline\":\"Stephan Gm\u00fcr r\u00fcckt in Livit-Gesch\u00e4ftsleitung auf\",\"datePublished\":\"2016-12-22T11:52:48+00:00\",\"mainEntityOfPage\":{\"@id\":\"https:\\\/\\\/www.immobilienbusiness.ch\\\/unternehmen\\\/2016-12-22\\\/livit-stephan-gmuer-geschaeftsfuehrung\\\/\"},\"wordCount\":190,\"commentCount\":0,\"publisher\":{\"@id\":\"https:\\\/\\\/www.immobilienbusiness.ch\\\/#organization\"},\"image\":{\"@id\":\"https:\\\/\\\/www.immobilienbusiness.ch\\\/unternehmen\\\/2016-12-22\\\/livit-stephan-gmuer-geschaeftsfuehrung\\\/#primaryimage\"},\"thumbnailUrl\":\"https:\\\/\\\/www.immobilienbusiness.ch\\\/wp-content\\\/uploads\\\/2016\\\/12\\\/Bild_0014-Stephan_Gmuer.jpg\",\"keywords\":[\"Immobilienbewirtschaftung\",\"Personalia\",\"Unternehmen\"],\"articleSection\":[\"UNTERNEHMEN\"],\"inLanguage\":\"de\"},{\"@type\":\"WebPage\",\"@id\":\"https:\\\/\\\/www.immobilienbusiness.ch\\\/unternehmen\\\/2016-12-22\\\/livit-stephan-gmuer-geschaeftsfuehrung\\\/\",\"url\":\"https:\\\/\\\/www.immobilienbusiness.ch\\\/unternehmen\\\/2016-12-22\\\/livit-stephan-gmuer-geschaeftsfuehrung\\\/\",\"name\":\"Stephan Gm\u00fcr r\u00fcckt in Livit-Gesch\u00e4ftsleitung auf - IMMOBILIEN Business\",\"isPartOf\":{\"@id\":\"https:\\\/\\\/www.immobilienbusiness.ch\\\/#website\"},\"primaryImageOfPage\":{\"@id\":\"https:\\\/\\\/www.immobilienbusiness.ch\\\/unternehmen\\\/2016-12-22\\\/livit-stephan-gmuer-geschaeftsfuehrung\\\/#primaryimage\"},\"image\":{\"@id\":\"https:\\\/\\\/www.immobilienbusiness.ch\\\/unternehmen\\\/2016-12-22\\\/livit-stephan-gmuer-geschaeftsfuehrung\\\/#primaryimage\"},\"thumbnailUrl\":\"https:\\\/\\\/www.immobilienbusiness.ch\\\/wp-content\\\/uploads\\\/2016\\\/12\\\/Bild_0014-Stephan_Gmuer.jpg\",\"datePublished\":\"2016-12-22T11:52:48+00:00\",\"description\":\"Die Livit AG verst\u00e4rkt ihre Gesch\u00e4ftsleitung per 1. Januar 2017 mit Stephan Gm\u00fcr. Gm\u00fcr ist derzeit Leiter des Bereichs Baumanagement.\",\"breadcrumb\":{\"@id\":\"https:\\\/\\\/www.immobilienbusiness.ch\\\/unternehmen\\\/2016-12-22\\\/livit-stephan-gmuer-geschaeftsfuehrung\\\/#breadcrumb\"},\"inLanguage\":\"de\",\"potentialAction\":[{\"@type\":\"ReadAction\",\"target\":[\"https:\\\/\\\/www.immobilienbusiness.ch\\\/unternehmen\\\/2016-12-22\\\/livit-stephan-gmuer-geschaeftsfuehrung\\\/\"]}]},{\"@type\":\"ImageObject\",\"inLanguage\":\"de\",\"@id\":\"https:\\\/\\\/www.immobilienbusiness.ch\\\/unternehmen\\\/2016-12-22\\\/livit-stephan-gmuer-geschaeftsfuehrung\\\/#primaryimage\",\"url\":\"https:\\\/\\\/www.immobilienbusiness.ch\\\/wp-content\\\/uploads\\\/2016\\\/12\\\/Bild_0014-Stephan_Gmuer.jpg\",\"contentUrl\":\"https:\\\/\\\/www.immobilienbusiness.ch\\\/wp-content\\\/uploads\\\/2016\\\/12\\\/Bild_0014-Stephan_Gmuer.jpg\",\"width\":2126,\"height\":1518,\"caption\":\"Stephan Gm\u00fcr wird zum Januar Mitglied der Gesch\u00e4ftsleitung der Livit (Foto: Livit AG)\"},{\"@type\":\"BreadcrumbList\",\"@id\":\"https:\\\/\\\/www.immobilienbusiness.ch\\\/unternehmen\\\/2016-12-22\\\/livit-stephan-gmuer-geschaeftsfuehrung\\\/#breadcrumb\",\"itemListElement\":[{\"@type\":\"ListItem\",\"position\":1,\"name\":\"Home\",\"item\":\"https:\\\/\\\/www.immobilienbusiness.ch\\\/\"},{\"@type\":\"ListItem\",\"position\":2,\"name\":\"Stephan Gm\u00fcr r\u00fcckt in Livit-Gesch\u00e4ftsleitung auf\"}]},{\"@type\":\"WebSite\",\"@id\":\"https:\\\/\\\/www.immobilienbusiness.ch\\\/#website\",\"url\":\"https:\\\/\\\/www.immobilienbusiness.ch\\\/\",\"name\":\"IMMOBILIEN Business\",\"description\":\"Unabh\u00e4ngiges Schweizer Wirtschaftsmagazin mit Fokus auf Immobilien, Architektur- und Bau sowie Investment- und Finanzierung.\",\"publisher\":{\"@id\":\"https:\\\/\\\/www.immobilienbusiness.ch\\\/#organization\"},\"potentialAction\":[{\"@type\":\"SearchAction\",\"target\":{\"@type\":\"EntryPoint\",\"urlTemplate\":\"https:\\\/\\\/www.immobilienbusiness.ch\\\/?s={search_term_string}\"},\"query-input\":{\"@type\":\"PropertyValueSpecification\",\"valueRequired\":true,\"valueName\":\"search_term_string\"}}],\"inLanguage\":\"de\"},{\"@type\":\"Organization\",\"@id\":\"https:\\\/\\\/www.immobilienbusiness.ch\\\/#organization\",\"name\":\"IMMOBILIEN Business\",\"url\":\"https:\\\/\\\/www.immobilienbusiness.ch\\\/\",\"logo\":{\"@type\":\"ImageObject\",\"inLanguage\":\"de\",\"@id\":\"https:\\\/\\\/www.immobilienbusiness.ch\\\/#\\\/schema\\\/logo\\\/image\\\/\",\"url\":\"https:\\\/\\\/www.immobilienbusiness.ch\\\/wp-content\\\/uploads\\\/2021\\\/07\\\/logo_ib.png\",\"contentUrl\":\"https:\\\/\\\/www.immobilienbusiness.ch\\\/wp-content\\\/uploads\\\/2021\\\/07\\\/logo_ib.png\",\"width\":800,\"height\":181,\"caption\":\"IMMOBILIEN Business\"},\"image\":{\"@id\":\"https:\\\/\\\/www.immobilienbusiness.ch\\\/#\\\/schema\\\/logo\\\/image\\\/\"},\"sameAs\":[\"https:\\\/\\\/www.facebook.com\\\/immobilienbusiness\\\/\"]},{\"@type\":\"Person\",\"@id\":\"https:\\\/\\\/www.immobilienbusiness.ch\\\/#\\\/schema\\\/person\\\/3fc036297b10b9f42d6db5ee932af8c8\",\"name\":\"anja.hall\",\"image\":{\"@type\":\"ImageObject\",\"inLanguage\":\"de\",\"@id\":\"https:\\\/\\\/secure.gravatar.com\\\/avatar\\\/066b5a0d447013502c71a5782f4f3469f03cfe595cc2329fb94652fe47511bfb?s=96&d=mm&r=g\",\"url\":\"https:\\\/\\\/secure.gravatar.com\\\/avatar\\\/066b5a0d447013502c71a5782f4f3469f03cfe595cc2329fb94652fe47511bfb?s=96&d=mm&r=g\",\"contentUrl\":\"https:\\\/\\\/secure.gravatar.com\\\/avatar\\\/066b5a0d447013502c71a5782f4f3469f03cfe595cc2329fb94652fe47511bfb?s=96&d=mm&r=g\",\"caption\":\"anja.hall\"},\"url\":\"https:\\\/\\\/www.immobilienbusiness.ch\\\/de\\\/author\\\/anja-hall\\\/\"}]}<\/script>\n<!-- \/ Yoast SEO plugin. -->","yoast_head_json":{"title":"Stephan Gm\u00fcr r\u00fcckt in Livit-Gesch\u00e4ftsleitung auf - IMMOBILIEN Business","description":"Die Livit AG verst\u00e4rkt ihre Gesch\u00e4ftsleitung per 1. Januar 2017 mit Stephan Gm\u00fcr. Gm\u00fcr ist derzeit Leiter des Bereichs Baumanagement.","robots":{"index":"index","follow":"follow","max-snippet":"max-snippet:-1","max-image-preview":"max-image-preview:large","max-video-preview":"max-video-preview:-1"},"canonical":"https:\/\/www.immobilienbusiness.ch\/de\/unternehmen\/2016-12-22\/livit-stephan-gmuer-geschaeftsfuehrung\/","og_locale":"de_DE","og_type":"article","og_title":"Stephan Gm\u00fcr r\u00fcckt in Livit-Gesch\u00e4ftsleitung auf - IMMOBILIEN Business","og_description":"Die Livit AG verst\u00e4rkt ihre Gesch\u00e4ftsleitung per 1. Januar 2017 mit Stephan Gm\u00fcr. Gm\u00fcr ist derzeit Leiter des Bereichs Baumanagement.","og_url":"https:\/\/www.immobilienbusiness.ch\/de\/unternehmen\/2016-12-22\/livit-stephan-gmuer-geschaeftsfuehrung\/","og_site_name":"IMMOBILIEN Business","article_publisher":"https:\/\/www.facebook.com\/immobilienbusiness\/","article_published_time":"2016-12-22T11:52:48+00:00","og_image":[{"width":2126,"height":1518,"url":"https:\/\/www.immobilienbusiness.ch\/wp-content\/uploads\/2016\/12\/Bild_0014-Stephan_Gmuer.jpg","type":"image\/jpeg"}],"author":"anja.hall","twitter_card":"summary_large_image","schema":{"@context":"https:\/\/schema.org","@graph":[{"@type":"Article","@id":"https:\/\/www.immobilienbusiness.ch\/unternehmen\/2016-12-22\/livit-stephan-gmuer-geschaeftsfuehrung\/#article","isPartOf":{"@id":"https:\/\/www.immobilienbusiness.ch\/unternehmen\/2016-12-22\/livit-stephan-gmuer-geschaeftsfuehrung\/"},"author":{"name":"anja.hall","@id":"https:\/\/www.immobilienbusiness.ch\/#\/schema\/person\/3fc036297b10b9f42d6db5ee932af8c8"},"headline":"Stephan Gm\u00fcr r\u00fcckt in Livit-Gesch\u00e4ftsleitung auf","datePublished":"2016-12-22T11:52:48+00:00","mainEntityOfPage":{"@id":"https:\/\/www.immobilienbusiness.ch\/unternehmen\/2016-12-22\/livit-stephan-gmuer-geschaeftsfuehrung\/"},"wordCount":190,"commentCount":0,"publisher":{"@id":"https:\/\/www.immobilienbusiness.ch\/#organization"},"image":{"@id":"https:\/\/www.immobilienbusiness.ch\/unternehmen\/2016-12-22\/livit-stephan-gmuer-geschaeftsfuehrung\/#primaryimage"},"thumbnailUrl":"https:\/\/www.immobilienbusiness.ch\/wp-content\/uploads\/2016\/12\/Bild_0014-Stephan_Gmuer.jpg","keywords":["Immobilienbewirtschaftung","Personalia","Unternehmen"],"articleSection":["UNTERNEHMEN"],"inLanguage":"de"},{"@type":"WebPage","@id":"https:\/\/www.immobilienbusiness.ch\/unternehmen\/2016-12-22\/livit-stephan-gmuer-geschaeftsfuehrung\/","url":"https:\/\/www.immobilienbusiness.ch\/unternehmen\/2016-12-22\/livit-stephan-gmuer-geschaeftsfuehrung\/","name":"Stephan Gm\u00fcr r\u00fcckt in Livit-Gesch\u00e4ftsleitung auf - IMMOBILIEN Business","isPartOf":{"@id":"https:\/\/www.immobilienbusiness.ch\/#website"},"primaryImageOfPage":{"@id":"https:\/\/www.immobilienbusiness.ch\/unternehmen\/2016-12-22\/livit-stephan-gmuer-geschaeftsfuehrung\/#primaryimage"},"image":{"@id":"https:\/\/www.immobilienbusiness.ch\/unternehmen\/2016-12-22\/livit-stephan-gmuer-geschaeftsfuehrung\/#primaryimage"},"thumbnailUrl":"https:\/\/www.immobilienbusiness.ch\/wp-content\/uploads\/2016\/12\/Bild_0014-Stephan_Gmuer.jpg","datePublished":"2016-12-22T11:52:48+00:00","description":"Die Livit AG verst\u00e4rkt ihre Gesch\u00e4ftsleitung per 1. Januar 2017 mit Stephan Gm\u00fcr. Gm\u00fcr ist derzeit Leiter des Bereichs Baumanagement.","breadcrumb":{"@id":"https:\/\/www.immobilienbusiness.ch\/unternehmen\/2016-12-22\/livit-stephan-gmuer-geschaeftsfuehrung\/#breadcrumb"},"inLanguage":"de","potentialAction":[{"@type":"ReadAction","target":["https:\/\/www.immobilienbusiness.ch\/unternehmen\/2016-12-22\/livit-stephan-gmuer-geschaeftsfuehrung\/"]}]},{"@type":"ImageObject","inLanguage":"de","@id":"https:\/\/www.immobilienbusiness.ch\/unternehmen\/2016-12-22\/livit-stephan-gmuer-geschaeftsfuehrung\/#primaryimage","url":"https:\/\/www.immobilienbusiness.ch\/wp-content\/uploads\/2016\/12\/Bild_0014-Stephan_Gmuer.jpg","contentUrl":"https:\/\/www.immobilienbusiness.ch\/wp-content\/uploads\/2016\/12\/Bild_0014-Stephan_Gmuer.jpg","width":2126,"height":1518,"caption":"Stephan Gm\u00fcr wird zum Januar Mitglied der Gesch\u00e4ftsleitung der Livit (Foto: Livit AG)"},{"@type":"BreadcrumbList","@id":"https:\/\/www.immobilienbusiness.ch\/unternehmen\/2016-12-22\/livit-stephan-gmuer-geschaeftsfuehrung\/#breadcrumb","itemListElement":[{"@type":"ListItem","position":1,"name":"Home","item":"https:\/\/www.immobilienbusiness.ch\/"},{"@type":"ListItem","position":2,"name":"Stephan Gm\u00fcr r\u00fcckt in Livit-Gesch\u00e4ftsleitung auf"}]},{"@type":"WebSite","@id":"https:\/\/www.immobilienbusiness.ch\/#website","url":"https:\/\/www.immobilienbusiness.ch\/","name":"IMMOBILIEN Business","description":"Unabh\u00e4ngiges Schweizer Wirtschaftsmagazin mit Fokus auf Immobilien, Architektur- und Bau sowie Investment- und Finanzierung.","publisher":{"@id":"https:\/\/www.immobilienbusiness.ch\/#organization"},"potentialAction":[{"@type":"SearchAction","target":{"@type":"EntryPoint","urlTemplate":"https:\/\/www.immobilienbusiness.ch\/?s={search_term_string}"},"query-input":{"@type":"PropertyValueSpecification","valueRequired":true,"valueName":"search_term_string"}}],"inLanguage":"de"},{"@type":"Organization","@id":"https:\/\/www.immobilienbusiness.ch\/#organization","name":"IMMOBILIEN Business","url":"https:\/\/www.immobilienbusiness.ch\/","logo":{"@type":"ImageObject","inLanguage":"de","@id":"https:\/\/www.immobilienbusiness.ch\/#\/schema\/logo\/image\/","url":"https:\/\/www.immobilienbusiness.ch\/wp-content\/uploads\/2021\/07\/logo_ib.png","contentUrl":"https:\/\/www.immobilienbusiness.ch\/wp-content\/uploads\/2021\/07\/logo_ib.png","width":800,"height":181,"caption":"IMMOBILIEN Business"},"image":{"@id":"https:\/\/www.immobilienbusiness.ch\/#\/schema\/logo\/image\/"},"sameAs":["https:\/\/www.facebook.com\/immobilienbusiness\/"]},{"@type":"Person","@id":"https:\/\/www.immobilienbusiness.ch\/#\/schema\/person\/3fc036297b10b9f42d6db5ee932af8c8","name":"anja.hall","image":{"@type":"ImageObject","inLanguage":"de","@id":"https:\/\/secure.gravatar.com\/avatar\/066b5a0d447013502c71a5782f4f3469f03cfe595cc2329fb94652fe47511bfb?s=96&d=mm&r=g","url":"https:\/\/secure.gravatar.com\/avatar\/066b5a0d447013502c71a5782f4f3469f03cfe595cc2329fb94652fe47511bfb?s=96&d=mm&r=g","contentUrl":"https:\/\/secure.gravatar.com\/avatar\/066b5a0d447013502c71a5782f4f3469f03cfe595cc2329fb94652fe47511bfb?s=96&d=mm&r=g","caption":"anja.hall"},"url":"https:\/\/www.immobilienbusiness.ch\/de\/author\/anja-hall\/"}]}},"_links":{"self":[{"href":"https:\/\/www.immobilienbusiness.ch\/de\/wp-json\/wp\/v2\/posts\/5518","targetHints":{"allow":["GET"]}}],"collection":[{"href":"https:\/\/www.immobilienbusiness.ch\/de\/wp-json\/wp\/v2\/posts"}],"about":[{"href":"https:\/\/www.immobilienbusiness.ch\/de\/wp-json\/wp\/v2\/types\/post"}],"author":[{"embeddable":true,"href":"https:\/\/www.immobilienbusiness.ch\/de\/wp-json\/wp\/v2\/users\/3"}],"replies":[{"embeddable":true,"href":"https:\/\/www.immobilienbusiness.ch\/de\/wp-json\/wp\/v2\/comments?post=5518"}],"version-history":[{"count":0,"href":"https:\/\/www.immobilienbusiness.ch\/de\/wp-json\/wp\/v2\/posts\/5518\/revisions"}],"wp:featuredmedia":[{"embeddable":true,"href":"https:\/\/www.immobilienbusiness.ch\/de\/wp-json\/wp\/v2\/media\/5521"}],"wp:attachment":[{"href":"https:\/\/www.immobilienbusiness.ch\/de\/wp-json\/wp\/v2\/media?parent=5518"}],"wp:term":[{"taxonomy":"category","embeddable":true,"href":"https:\/\/www.immobilienbusiness.ch\/de\/wp-json\/wp\/v2\/categories?post=5518"},{"taxonomy":"post_tag","embeddable":true,"href":"https:\/\/www.immobilienbusiness.ch\/de\/wp-json\/wp\/v2\/tags?post=5518"}],"curies":[{"name":"wp","href":"https:\/\/api.w.org\/{rel}","templated":true}]}}