{"id":54575,"date":"2023-11-24T07:00:47","date_gmt":"2023-11-24T06:00:47","guid":{"rendered":"https:\/\/www.immobilienbusiness.ch\/?p=54575"},"modified":"2023-11-29T10:45:01","modified_gmt":"2023-11-29T09:45:01","slug":"bern-plaene-fuer-gaswerkareal-konkretisieren-sich","status":"publish","type":"post","link":"https:\/\/www.immobilienbusiness.ch\/de\/regionen\/2023-11-24\/bern-plaene-fuer-gaswerkareal-konkretisieren-sich\/","title":{"rendered":"Bern: Pl\u00e4ne f\u00fcr Gaswerkareal konkretisieren sich"},"content":{"rendered":"<figure id=\"attachment_54576\" aria-describedby=\"caption-attachment-54576\" style=\"width: 1400px\" class=\"wp-caption alignnone\"><a href=\"https:\/\/www.immobilienbusiness.ch\/wp-content\/uploads\/2023\/11\/Visualisierung-Richtprojekt-Gaswerkareal-scaled.jpg\"><img loading=\"lazy\" decoding=\"async\" class=\"size-full wp-image-54576\" src=\"https:\/\/www.immobilienbusiness.ch\/wp-content\/uploads\/2023\/11\/Visualisierung-Richtprojekt-Gaswerkareal-scaled.jpg\" alt=\"\" width=\"1400\" height=\"933\" srcset=\"https:\/\/www.immobilienbusiness.ch\/wp-content\/uploads\/2023\/11\/Visualisierung-Richtprojekt-Gaswerkareal-scaled.jpg 1200w, https:\/\/www.immobilienbusiness.ch\/wp-content\/uploads\/2023\/11\/Visualisierung-Richtprojekt-Gaswerkareal-300x200.jpg 300w, https:\/\/www.immobilienbusiness.ch\/wp-content\/uploads\/2023\/11\/Visualisierung-Richtprojekt-Gaswerkareal-1024x683.jpg 1024w, https:\/\/www.immobilienbusiness.ch\/wp-content\/uploads\/2023\/11\/Visualisierung-Richtprojekt-Gaswerkareal-768x512.jpg 768w, https:\/\/www.immobilienbusiness.ch\/wp-content\/uploads\/2023\/11\/Visualisierung-Richtprojekt-Gaswerkareal-1536x1024.jpg 1536w, https:\/\/www.immobilienbusiness.ch\/wp-content\/uploads\/2023\/11\/Visualisierung-Richtprojekt-Gaswerkareal-2048x1365.jpg 2048w, https:\/\/www.immobilienbusiness.ch\/wp-content\/uploads\/2023\/11\/Visualisierung-Richtprojekt-Gaswerkareal-18x12.jpg 18w, https:\/\/www.immobilienbusiness.ch\/wp-content\/uploads\/2023\/11\/Visualisierung-Richtprojekt-Gaswerkareal-375x250.jpg 375w, https:\/\/www.immobilienbusiness.ch\/wp-content\/uploads\/2023\/11\/Visualisierung-Richtprojekt-Gaswerkareal-525x350.jpg 525w, https:\/\/www.immobilienbusiness.ch\/wp-content\/uploads\/2023\/11\/Visualisierung-Richtprojekt-Gaswerkareal-1000x667.jpg 1000w\" sizes=\"auto, (max-width: 1400px) 100vw, 1400px\" \/><\/a><figcaption id=\"caption-attachment-54576\" class=\"wp-caption-text\">Visualisierung des Richtprojekts<br \/>f\u00fcr das Gaswerkareal (Quelle: Stadt Bern)<\/figcaption><\/figure>\n<p>Das Gaswerkareal, das derzeit zweitgr\u00f6sste Stadtentwicklungsprojekt in Bern, soll nach Pl\u00e4nen der Stadt mit einer Mischnutzung mit einem Wohnanteil von mindestens 60% \u00fcberbaut werden.<\/p>\n<p>Das Richtprojekt, <a href=\"https:\/\/www.immobilienbusiness.ch\/de\/regionen\/2021-10-29\/bern-der-wettbewerb-fuer-das-gaswerkareal-ist-entschieden\/\">eine Weiterentwicklung des Siegerprojekts \u00abDowntown Gastown\u00bb aus dem Jahr 2021<\/a>, liegt nun vor und zeigt eine m\u00f6gliche L\u00f6sung f\u00fcr das Areal: Geplant sind urbane Wohnungen im Nordteil des Areals und familienfreundliche Wohnungen im S\u00fcden in einer naturnahen Umgebung, wobei vor allem preiswerter Wohnraum entstehen soll. In den Erdgeschossen der Geb\u00e4ude im Norden und in der Ryff-Fabrik sind Fl\u00e4chen f\u00fcr Arbeitsnutzungen und Dienstleistungen vorgesehen.<\/p>\n<p>Die Geb\u00e4ude sollen \u00fcberwiegend von gemeinn\u00fctzigen Bautr\u00e4gern und der Stadt selbst gebaut und vermietet werden.<\/p>\n<p>Planungsrechtlich wird auf dem Gaswerkareal die Zone mit Planungspflicht (ZPP) Gaswerkareal geschaffen. Die ZPP soll Anfang 2024 \u00f6ffentlich aufgelegt und 2025 den Stimmberechtigten unterbreitet werden. Fr\u00fchestens 2028 kann die Realisierung des neuen Stadtquartiers beginnen. <em>(ah)<\/em><\/p>\n","protected":false},"excerpt":{"rendered":"<p>F\u00fcr die \u00dcberbauung des Gaswerkareals, nach dem Viererfeld\/Mittelfeld das zweitgr\u00f6sste laufende Stadtentwicklungsprojekt in Bern, liegt jetzt ein Richtprojekt vor. <\/p>\n","protected":false},"author":3,"featured_media":54576,"comment_status":"closed","ping_status":"closed","sticky":false,"template":"","format":"standard","meta":{"_acf_changed":false,"_yoast_wpseo_focuskw":"Bern","_yoast_wpseo_title":"","_yoast_wpseo_metadesc":"F\u00fcr die \u00dcberbauung des Gaswerkareals in Bern liegt jetzt ein Richtprojekt vor.","_yoast_wpseo_linkdex":57,"pgc_sgb_lightbox_settings":"","footnotes":""},"categories":[985],"tags":[1091,1957,1724],"class_list":["post-54575","post","type-post","status-publish","format-standard","has-post-thumbnail","hentry","category-regionen","tag-bern","tag-in-planung","tag-stadtentwicklung"],"acf":[],"yoast_head":"<!-- This site is optimized with the Yoast SEO plugin v27.5 - https:\/\/yoast.com\/product\/yoast-seo-wordpress\/ -->\n<title>Bern: Pl\u00e4ne f\u00fcr Gaswerkareal konkretisieren sich - IMMOBILIEN Business<\/title>\n<meta name=\"description\" content=\"F\u00fcr die \u00dcberbauung des Gaswerkareals in Bern liegt jetzt ein Richtprojekt vor.\" \/>\n<meta name=\"robots\" content=\"index, follow, max-snippet:-1, max-image-preview:large, max-video-preview:-1\" \/>\n<link rel=\"canonical\" href=\"https:\/\/www.immobilienbusiness.ch\/de\/regionen\/2023-11-24\/bern-plaene-fuer-gaswerkareal-konkretisieren-sich\/\" \/>\n<meta property=\"og:locale\" content=\"de_DE\" \/>\n<meta property=\"og:type\" content=\"article\" \/>\n<meta property=\"og:title\" content=\"Bern: Pl\u00e4ne f\u00fcr Gaswerkareal konkretisieren sich - IMMOBILIEN Business\" \/>\n<meta property=\"og:description\" content=\"F\u00fcr die \u00dcberbauung des Gaswerkareals in Bern liegt jetzt ein Richtprojekt vor.\" \/>\n<meta property=\"og:url\" content=\"https:\/\/www.immobilienbusiness.ch\/de\/regionen\/2023-11-24\/bern-plaene-fuer-gaswerkareal-konkretisieren-sich\/\" \/>\n<meta property=\"og:site_name\" content=\"IMMOBILIEN Business\" \/>\n<meta property=\"article:publisher\" content=\"https:\/\/www.facebook.com\/immobilienbusiness\/\" \/>\n<meta property=\"article:published_time\" content=\"2023-11-24T06:00:47+00:00\" \/>\n<meta property=\"article:modified_time\" content=\"2023-11-29T09:45:01+00:00\" \/>\n<meta property=\"og:image\" content=\"https:\/\/www.immobilienbusiness.ch\/wp-content\/uploads\/2023\/11\/Visualisierung-Richtprojekt-Gaswerkareal-scaled.jpg\" \/>\n\t<meta property=\"og:image:width\" content=\"1200\" \/>\n\t<meta property=\"og:image:height\" content=\"800\" \/>\n\t<meta property=\"og:image:type\" content=\"image\/jpeg\" \/>\n<meta name=\"author\" content=\"anja.hall\" \/>\n<meta name=\"twitter:card\" content=\"summary_large_image\" \/>\n<script type=\"application\/ld+json\" class=\"yoast-schema-graph\">{\"@context\":\"https:\\\/\\\/schema.org\",\"@graph\":[{\"@type\":\"Article\",\"@id\":\"https:\\\/\\\/www.immobilienbusiness.ch\\\/de\\\/regionen\\\/2023-11-24\\\/bern-plaene-fuer-gaswerkareal-konkretisieren-sich\\\/#article\",\"isPartOf\":{\"@id\":\"https:\\\/\\\/www.immobilienbusiness.ch\\\/de\\\/regionen\\\/2023-11-24\\\/bern-plaene-fuer-gaswerkareal-konkretisieren-sich\\\/\"},\"author\":{\"name\":\"anja.hall\",\"@id\":\"https:\\\/\\\/www.immobilienbusiness.ch\\\/#\\\/schema\\\/person\\\/3fc036297b10b9f42d6db5ee932af8c8\"},\"headline\":\"Bern: Pl\u00e4ne f\u00fcr Gaswerkareal konkretisieren sich\",\"datePublished\":\"2023-11-24T06:00:47+00:00\",\"dateModified\":\"2023-11-29T09:45:01+00:00\",\"mainEntityOfPage\":{\"@id\":\"https:\\\/\\\/www.immobilienbusiness.ch\\\/de\\\/regionen\\\/2023-11-24\\\/bern-plaene-fuer-gaswerkareal-konkretisieren-sich\\\/\"},\"wordCount\":171,\"publisher\":{\"@id\":\"https:\\\/\\\/www.immobilienbusiness.ch\\\/#organization\"},\"image\":{\"@id\":\"https:\\\/\\\/www.immobilienbusiness.ch\\\/de\\\/regionen\\\/2023-11-24\\\/bern-plaene-fuer-gaswerkareal-konkretisieren-sich\\\/#primaryimage\"},\"thumbnailUrl\":\"https:\\\/\\\/www.immobilienbusiness.ch\\\/wp-content\\\/uploads\\\/2023\\\/11\\\/Visualisierung-Richtprojekt-Gaswerkareal-scaled.jpg\",\"keywords\":[\"Bern\",\"in Planung\",\"Stadtentwicklung\"],\"articleSection\":[\"REGIONEN\"],\"inLanguage\":\"de\"},{\"@type\":\"WebPage\",\"@id\":\"https:\\\/\\\/www.immobilienbusiness.ch\\\/de\\\/regionen\\\/2023-11-24\\\/bern-plaene-fuer-gaswerkareal-konkretisieren-sich\\\/\",\"url\":\"https:\\\/\\\/www.immobilienbusiness.ch\\\/de\\\/regionen\\\/2023-11-24\\\/bern-plaene-fuer-gaswerkareal-konkretisieren-sich\\\/\",\"name\":\"Bern: Pl\u00e4ne f\u00fcr Gaswerkareal konkretisieren sich - IMMOBILIEN Business\",\"isPartOf\":{\"@id\":\"https:\\\/\\\/www.immobilienbusiness.ch\\\/#website\"},\"primaryImageOfPage\":{\"@id\":\"https:\\\/\\\/www.immobilienbusiness.ch\\\/de\\\/regionen\\\/2023-11-24\\\/bern-plaene-fuer-gaswerkareal-konkretisieren-sich\\\/#primaryimage\"},\"image\":{\"@id\":\"https:\\\/\\\/www.immobilienbusiness.ch\\\/de\\\/regionen\\\/2023-11-24\\\/bern-plaene-fuer-gaswerkareal-konkretisieren-sich\\\/#primaryimage\"},\"thumbnailUrl\":\"https:\\\/\\\/www.immobilienbusiness.ch\\\/wp-content\\\/uploads\\\/2023\\\/11\\\/Visualisierung-Richtprojekt-Gaswerkareal-scaled.jpg\",\"datePublished\":\"2023-11-24T06:00:47+00:00\",\"dateModified\":\"2023-11-29T09:45:01+00:00\",\"description\":\"F\u00fcr die \u00dcberbauung des Gaswerkareals in Bern liegt jetzt ein Richtprojekt vor.\",\"breadcrumb\":{\"@id\":\"https:\\\/\\\/www.immobilienbusiness.ch\\\/de\\\/regionen\\\/2023-11-24\\\/bern-plaene-fuer-gaswerkareal-konkretisieren-sich\\\/#breadcrumb\"},\"inLanguage\":\"de\",\"potentialAction\":[{\"@type\":\"ReadAction\",\"target\":[\"https:\\\/\\\/www.immobilienbusiness.ch\\\/de\\\/regionen\\\/2023-11-24\\\/bern-plaene-fuer-gaswerkareal-konkretisieren-sich\\\/\"]}]},{\"@type\":\"ImageObject\",\"inLanguage\":\"de\",\"@id\":\"https:\\\/\\\/www.immobilienbusiness.ch\\\/de\\\/regionen\\\/2023-11-24\\\/bern-plaene-fuer-gaswerkareal-konkretisieren-sich\\\/#primaryimage\",\"url\":\"https:\\\/\\\/www.immobilienbusiness.ch\\\/wp-content\\\/uploads\\\/2023\\\/11\\\/Visualisierung-Richtprojekt-Gaswerkareal-scaled.jpg\",\"contentUrl\":\"https:\\\/\\\/www.immobilienbusiness.ch\\\/wp-content\\\/uploads\\\/2023\\\/11\\\/Visualisierung-Richtprojekt-Gaswerkareal-scaled.jpg\",\"width\":1200,\"height\":800,\"caption\":\"Diese Visualisierung des Gaswerkareals stammt aus dem Jahr 2023 (Quelle: Stadt Bern)\"},{\"@type\":\"BreadcrumbList\",\"@id\":\"https:\\\/\\\/www.immobilienbusiness.ch\\\/de\\\/regionen\\\/2023-11-24\\\/bern-plaene-fuer-gaswerkareal-konkretisieren-sich\\\/#breadcrumb\",\"itemListElement\":[{\"@type\":\"ListItem\",\"position\":1,\"name\":\"Home\",\"item\":\"https:\\\/\\\/www.immobilienbusiness.ch\\\/\"},{\"@type\":\"ListItem\",\"position\":2,\"name\":\"Bern: Pl\u00e4ne f\u00fcr Gaswerkareal konkretisieren sich\"}]},{\"@type\":\"WebSite\",\"@id\":\"https:\\\/\\\/www.immobilienbusiness.ch\\\/#website\",\"url\":\"https:\\\/\\\/www.immobilienbusiness.ch\\\/\",\"name\":\"IMMOBILIEN Business\",\"description\":\"Unabh\u00e4ngiges Schweizer Wirtschaftsmagazin mit Fokus auf Immobilien, Architektur- und Bau sowie Investment- und Finanzierung.\",\"publisher\":{\"@id\":\"https:\\\/\\\/www.immobilienbusiness.ch\\\/#organization\"},\"potentialAction\":[{\"@type\":\"SearchAction\",\"target\":{\"@type\":\"EntryPoint\",\"urlTemplate\":\"https:\\\/\\\/www.immobilienbusiness.ch\\\/?s={search_term_string}\"},\"query-input\":{\"@type\":\"PropertyValueSpecification\",\"valueRequired\":true,\"valueName\":\"search_term_string\"}}],\"inLanguage\":\"de\"},{\"@type\":\"Organization\",\"@id\":\"https:\\\/\\\/www.immobilienbusiness.ch\\\/#organization\",\"name\":\"IMMOBILIEN Business\",\"url\":\"https:\\\/\\\/www.immobilienbusiness.ch\\\/\",\"logo\":{\"@type\":\"ImageObject\",\"inLanguage\":\"de\",\"@id\":\"https:\\\/\\\/www.immobilienbusiness.ch\\\/#\\\/schema\\\/logo\\\/image\\\/\",\"url\":\"https:\\\/\\\/www.immobilienbusiness.ch\\\/wp-content\\\/uploads\\\/2021\\\/07\\\/logo_ib.png\",\"contentUrl\":\"https:\\\/\\\/www.immobilienbusiness.ch\\\/wp-content\\\/uploads\\\/2021\\\/07\\\/logo_ib.png\",\"width\":800,\"height\":181,\"caption\":\"IMMOBILIEN Business\"},\"image\":{\"@id\":\"https:\\\/\\\/www.immobilienbusiness.ch\\\/#\\\/schema\\\/logo\\\/image\\\/\"},\"sameAs\":[\"https:\\\/\\\/www.facebook.com\\\/immobilienbusiness\\\/\"]},{\"@type\":\"Person\",\"@id\":\"https:\\\/\\\/www.immobilienbusiness.ch\\\/#\\\/schema\\\/person\\\/3fc036297b10b9f42d6db5ee932af8c8\",\"name\":\"anja.hall\",\"image\":{\"@type\":\"ImageObject\",\"inLanguage\":\"de\",\"@id\":\"https:\\\/\\\/secure.gravatar.com\\\/avatar\\\/066b5a0d447013502c71a5782f4f3469f03cfe595cc2329fb94652fe47511bfb?s=96&d=mm&r=g\",\"url\":\"https:\\\/\\\/secure.gravatar.com\\\/avatar\\\/066b5a0d447013502c71a5782f4f3469f03cfe595cc2329fb94652fe47511bfb?s=96&d=mm&r=g\",\"contentUrl\":\"https:\\\/\\\/secure.gravatar.com\\\/avatar\\\/066b5a0d447013502c71a5782f4f3469f03cfe595cc2329fb94652fe47511bfb?s=96&d=mm&r=g\",\"caption\":\"anja.hall\"},\"url\":\"https:\\\/\\\/www.immobilienbusiness.ch\\\/de\\\/author\\\/anja-hall\\\/\"}]}<\/script>\n<!-- \/ Yoast SEO plugin. -->","yoast_head_json":{"title":"Bern: Pl\u00e4ne f\u00fcr Gaswerkareal konkretisieren sich - IMMOBILIEN Business","description":"F\u00fcr die \u00dcberbauung des Gaswerkareals in Bern liegt jetzt ein Richtprojekt vor.","robots":{"index":"index","follow":"follow","max-snippet":"max-snippet:-1","max-image-preview":"max-image-preview:large","max-video-preview":"max-video-preview:-1"},"canonical":"https:\/\/www.immobilienbusiness.ch\/de\/regionen\/2023-11-24\/bern-plaene-fuer-gaswerkareal-konkretisieren-sich\/","og_locale":"de_DE","og_type":"article","og_title":"Bern: Pl\u00e4ne f\u00fcr Gaswerkareal konkretisieren sich - IMMOBILIEN Business","og_description":"F\u00fcr die \u00dcberbauung des Gaswerkareals in Bern liegt jetzt ein Richtprojekt vor.","og_url":"https:\/\/www.immobilienbusiness.ch\/de\/regionen\/2023-11-24\/bern-plaene-fuer-gaswerkareal-konkretisieren-sich\/","og_site_name":"IMMOBILIEN Business","article_publisher":"https:\/\/www.facebook.com\/immobilienbusiness\/","article_published_time":"2023-11-24T06:00:47+00:00","article_modified_time":"2023-11-29T09:45:01+00:00","og_image":[{"width":1200,"height":800,"url":"https:\/\/www.immobilienbusiness.ch\/wp-content\/uploads\/2023\/11\/Visualisierung-Richtprojekt-Gaswerkareal-scaled.jpg","type":"image\/jpeg"}],"author":"anja.hall","twitter_card":"summary_large_image","schema":{"@context":"https:\/\/schema.org","@graph":[{"@type":"Article","@id":"https:\/\/www.immobilienbusiness.ch\/de\/regionen\/2023-11-24\/bern-plaene-fuer-gaswerkareal-konkretisieren-sich\/#article","isPartOf":{"@id":"https:\/\/www.immobilienbusiness.ch\/de\/regionen\/2023-11-24\/bern-plaene-fuer-gaswerkareal-konkretisieren-sich\/"},"author":{"name":"anja.hall","@id":"https:\/\/www.immobilienbusiness.ch\/#\/schema\/person\/3fc036297b10b9f42d6db5ee932af8c8"},"headline":"Bern: Pl\u00e4ne f\u00fcr Gaswerkareal konkretisieren sich","datePublished":"2023-11-24T06:00:47+00:00","dateModified":"2023-11-29T09:45:01+00:00","mainEntityOfPage":{"@id":"https:\/\/www.immobilienbusiness.ch\/de\/regionen\/2023-11-24\/bern-plaene-fuer-gaswerkareal-konkretisieren-sich\/"},"wordCount":171,"publisher":{"@id":"https:\/\/www.immobilienbusiness.ch\/#organization"},"image":{"@id":"https:\/\/www.immobilienbusiness.ch\/de\/regionen\/2023-11-24\/bern-plaene-fuer-gaswerkareal-konkretisieren-sich\/#primaryimage"},"thumbnailUrl":"https:\/\/www.immobilienbusiness.ch\/wp-content\/uploads\/2023\/11\/Visualisierung-Richtprojekt-Gaswerkareal-scaled.jpg","keywords":["Bern","in Planung","Stadtentwicklung"],"articleSection":["REGIONEN"],"inLanguage":"de"},{"@type":"WebPage","@id":"https:\/\/www.immobilienbusiness.ch\/de\/regionen\/2023-11-24\/bern-plaene-fuer-gaswerkareal-konkretisieren-sich\/","url":"https:\/\/www.immobilienbusiness.ch\/de\/regionen\/2023-11-24\/bern-plaene-fuer-gaswerkareal-konkretisieren-sich\/","name":"Bern: Pl\u00e4ne f\u00fcr Gaswerkareal konkretisieren sich - IMMOBILIEN Business","isPartOf":{"@id":"https:\/\/www.immobilienbusiness.ch\/#website"},"primaryImageOfPage":{"@id":"https:\/\/www.immobilienbusiness.ch\/de\/regionen\/2023-11-24\/bern-plaene-fuer-gaswerkareal-konkretisieren-sich\/#primaryimage"},"image":{"@id":"https:\/\/www.immobilienbusiness.ch\/de\/regionen\/2023-11-24\/bern-plaene-fuer-gaswerkareal-konkretisieren-sich\/#primaryimage"},"thumbnailUrl":"https:\/\/www.immobilienbusiness.ch\/wp-content\/uploads\/2023\/11\/Visualisierung-Richtprojekt-Gaswerkareal-scaled.jpg","datePublished":"2023-11-24T06:00:47+00:00","dateModified":"2023-11-29T09:45:01+00:00","description":"F\u00fcr die \u00dcberbauung des Gaswerkareals in Bern liegt jetzt ein Richtprojekt vor.","breadcrumb":{"@id":"https:\/\/www.immobilienbusiness.ch\/de\/regionen\/2023-11-24\/bern-plaene-fuer-gaswerkareal-konkretisieren-sich\/#breadcrumb"},"inLanguage":"de","potentialAction":[{"@type":"ReadAction","target":["https:\/\/www.immobilienbusiness.ch\/de\/regionen\/2023-11-24\/bern-plaene-fuer-gaswerkareal-konkretisieren-sich\/"]}]},{"@type":"ImageObject","inLanguage":"de","@id":"https:\/\/www.immobilienbusiness.ch\/de\/regionen\/2023-11-24\/bern-plaene-fuer-gaswerkareal-konkretisieren-sich\/#primaryimage","url":"https:\/\/www.immobilienbusiness.ch\/wp-content\/uploads\/2023\/11\/Visualisierung-Richtprojekt-Gaswerkareal-scaled.jpg","contentUrl":"https:\/\/www.immobilienbusiness.ch\/wp-content\/uploads\/2023\/11\/Visualisierung-Richtprojekt-Gaswerkareal-scaled.jpg","width":1200,"height":800,"caption":"Diese Visualisierung des Gaswerkareals stammt aus dem Jahr 2023 (Quelle: Stadt Bern)"},{"@type":"BreadcrumbList","@id":"https:\/\/www.immobilienbusiness.ch\/de\/regionen\/2023-11-24\/bern-plaene-fuer-gaswerkareal-konkretisieren-sich\/#breadcrumb","itemListElement":[{"@type":"ListItem","position":1,"name":"Home","item":"https:\/\/www.immobilienbusiness.ch\/"},{"@type":"ListItem","position":2,"name":"Bern: Pl\u00e4ne f\u00fcr Gaswerkareal konkretisieren sich"}]},{"@type":"WebSite","@id":"https:\/\/www.immobilienbusiness.ch\/#website","url":"https:\/\/www.immobilienbusiness.ch\/","name":"IMMOBILIEN Business","description":"Unabh\u00e4ngiges Schweizer Wirtschaftsmagazin mit Fokus auf Immobilien, Architektur- und Bau sowie Investment- und Finanzierung.","publisher":{"@id":"https:\/\/www.immobilienbusiness.ch\/#organization"},"potentialAction":[{"@type":"SearchAction","target":{"@type":"EntryPoint","urlTemplate":"https:\/\/www.immobilienbusiness.ch\/?s={search_term_string}"},"query-input":{"@type":"PropertyValueSpecification","valueRequired":true,"valueName":"search_term_string"}}],"inLanguage":"de"},{"@type":"Organization","@id":"https:\/\/www.immobilienbusiness.ch\/#organization","name":"IMMOBILIEN Business","url":"https:\/\/www.immobilienbusiness.ch\/","logo":{"@type":"ImageObject","inLanguage":"de","@id":"https:\/\/www.immobilienbusiness.ch\/#\/schema\/logo\/image\/","url":"https:\/\/www.immobilienbusiness.ch\/wp-content\/uploads\/2021\/07\/logo_ib.png","contentUrl":"https:\/\/www.immobilienbusiness.ch\/wp-content\/uploads\/2021\/07\/logo_ib.png","width":800,"height":181,"caption":"IMMOBILIEN Business"},"image":{"@id":"https:\/\/www.immobilienbusiness.ch\/#\/schema\/logo\/image\/"},"sameAs":["https:\/\/www.facebook.com\/immobilienbusiness\/"]},{"@type":"Person","@id":"https:\/\/www.immobilienbusiness.ch\/#\/schema\/person\/3fc036297b10b9f42d6db5ee932af8c8","name":"anja.hall","image":{"@type":"ImageObject","inLanguage":"de","@id":"https:\/\/secure.gravatar.com\/avatar\/066b5a0d447013502c71a5782f4f3469f03cfe595cc2329fb94652fe47511bfb?s=96&d=mm&r=g","url":"https:\/\/secure.gravatar.com\/avatar\/066b5a0d447013502c71a5782f4f3469f03cfe595cc2329fb94652fe47511bfb?s=96&d=mm&r=g","contentUrl":"https:\/\/secure.gravatar.com\/avatar\/066b5a0d447013502c71a5782f4f3469f03cfe595cc2329fb94652fe47511bfb?s=96&d=mm&r=g","caption":"anja.hall"},"url":"https:\/\/www.immobilienbusiness.ch\/de\/author\/anja-hall\/"}]}},"_links":{"self":[{"href":"https:\/\/www.immobilienbusiness.ch\/de\/wp-json\/wp\/v2\/posts\/54575","targetHints":{"allow":["GET"]}}],"collection":[{"href":"https:\/\/www.immobilienbusiness.ch\/de\/wp-json\/wp\/v2\/posts"}],"about":[{"href":"https:\/\/www.immobilienbusiness.ch\/de\/wp-json\/wp\/v2\/types\/post"}],"author":[{"embeddable":true,"href":"https:\/\/www.immobilienbusiness.ch\/de\/wp-json\/wp\/v2\/users\/3"}],"replies":[{"embeddable":true,"href":"https:\/\/www.immobilienbusiness.ch\/de\/wp-json\/wp\/v2\/comments?post=54575"}],"version-history":[{"count":3,"href":"https:\/\/www.immobilienbusiness.ch\/de\/wp-json\/wp\/v2\/posts\/54575\/revisions"}],"predecessor-version":[{"id":54679,"href":"https:\/\/www.immobilienbusiness.ch\/de\/wp-json\/wp\/v2\/posts\/54575\/revisions\/54679"}],"wp:featuredmedia":[{"embeddable":true,"href":"https:\/\/www.immobilienbusiness.ch\/de\/wp-json\/wp\/v2\/media\/54576"}],"wp:attachment":[{"href":"https:\/\/www.immobilienbusiness.ch\/de\/wp-json\/wp\/v2\/media?parent=54575"}],"wp:term":[{"taxonomy":"category","embeddable":true,"href":"https:\/\/www.immobilienbusiness.ch\/de\/wp-json\/wp\/v2\/categories?post=54575"},{"taxonomy":"post_tag","embeddable":true,"href":"https:\/\/www.immobilienbusiness.ch\/de\/wp-json\/wp\/v2\/tags?post=54575"}],"curies":[{"name":"wp","href":"https:\/\/api.w.org\/{rel}","templated":true}]}}