{"id":54540,"date":"2023-11-22T07:21:48","date_gmt":"2023-11-22T06:21:48","guid":{"rendered":"https:\/\/www.immobilienbusiness.ch\/?p=54540"},"modified":"2023-11-22T07:21:48","modified_gmt":"2023-11-22T06:21:48","slug":"adelboden-investor-zieht-sich-aus-bad-projekt-zurueck","status":"publish","type":"post","link":"https:\/\/www.immobilienbusiness.ch\/de\/regionen\/2023-11-22\/adelboden-investor-zieht-sich-aus-bad-projekt-zurueck\/","title":{"rendered":"Adelboden: Investor zieht sich aus Bad-Projekt zur\u00fcck"},"content":{"rendered":"<figure id=\"attachment_54541\" aria-describedby=\"caption-attachment-54541\" style=\"width: 1400px\" class=\"wp-caption alignnone\"><a href=\"https:\/\/www.immobilienbusiness.ch\/wp-content\/uploads\/2023\/11\/Adelboden_Dorf-scaled.jpg\"><img loading=\"lazy\" decoding=\"async\" class=\"size-full wp-image-54541\" src=\"https:\/\/www.immobilienbusiness.ch\/wp-content\/uploads\/2023\/11\/Adelboden_Dorf-scaled.jpg\" alt=\"\" width=\"1400\" height=\"788\" srcset=\"https:\/\/www.immobilienbusiness.ch\/wp-content\/uploads\/2023\/11\/Adelboden_Dorf-scaled.jpg 1200w, https:\/\/www.immobilienbusiness.ch\/wp-content\/uploads\/2023\/11\/Adelboden_Dorf-300x169.jpg 300w, https:\/\/www.immobilienbusiness.ch\/wp-content\/uploads\/2023\/11\/Adelboden_Dorf-1024x576.jpg 1024w, https:\/\/www.immobilienbusiness.ch\/wp-content\/uploads\/2023\/11\/Adelboden_Dorf-768x432.jpg 768w, https:\/\/www.immobilienbusiness.ch\/wp-content\/uploads\/2023\/11\/Adelboden_Dorf-1536x864.jpg 1536w, https:\/\/www.immobilienbusiness.ch\/wp-content\/uploads\/2023\/11\/Adelboden_Dorf-2048x1152.jpg 2048w, https:\/\/www.immobilienbusiness.ch\/wp-content\/uploads\/2023\/11\/Adelboden_Dorf-18x10.jpg 18w, https:\/\/www.immobilienbusiness.ch\/wp-content\/uploads\/2023\/11\/Adelboden_Dorf-375x211.jpg 375w, https:\/\/www.immobilienbusiness.ch\/wp-content\/uploads\/2023\/11\/Adelboden_Dorf-622x350.jpg 622w, https:\/\/www.immobilienbusiness.ch\/wp-content\/uploads\/2023\/11\/Adelboden_Dorf-1000x563.jpg 1000w\" sizes=\"auto, (max-width: 1400px) 100vw, 1400px\" \/><\/a><figcaption id=\"caption-attachment-54541\" class=\"wp-caption-text\">Blick auf Adelboden Dorf (Daniel Reust &#8211; Eigenes Werk, CC BY-SA 4.0, https:\/\/commons.wikimedia.org\/w\/index.php?curid=94429639)<\/figcaption><\/figure>\n<p>Die Gemeinde Adelboden erlebt bei ihrem Projekt f\u00fcr ein Erlebnisbad einen R\u00fcckschlag. Die Aqua-Spa-Resorts AG habe sich \u00abaus diversen Gr\u00fcnden\u00bb aus dem Projekt zur\u00fcckgezogen, teilt die Einwohnergemeinde mit. Damit ist nach einer f\u00fcnfj\u00e4hrigen Planungsphase das Vorhaben gescheitert, ein \u00f6ffentliches Erlebnisbad in Adelboden zu realisieren.<\/p>\n<p>Die Aqua-Spa-Ressorts AG wollte das Bad auf dem Adler-Areal im Dorfzentrum von Adelboden \u00fcber einem bestehenden Parkhaus erstellen, auf dessen Dach sich derzeit vier Tennispl\u00e4tze befinden. Geplant waren ein Innenbad, ein Aussenbad samt Liegewiese sowie Spa-Nutzungen. Gemeinde und Investor rechneten nach fr\u00fcheren Angaben mit gut 50.000 Besuchern pro Jahr.<\/p>\n<p>Man sei nach wie vor \u00fcberzeugt, dass ein solches Projekt einen Mehrwert f\u00fcr das Dorf darstellen w\u00fcrde, erkl\u00e4rt die Einwohnergemeinde. W\u00e4hrend der f\u00fcnfj\u00e4hrigen Planungsphase habe es einschneidende globale Ereignisse f\u00fcr die Unternehmung gegeben wie die Corona-Pandemie und den Krieg in der Ukraine mit den damit einhergehenden Preisanstiegen bei Energie und Gas. Diese ver\u00e4nderten Marktbedingungen und unterschiedliche Auffassungen zum Heimfall h\u00e4tten die Aqua-Spa-Resorts AG dazu bewogen, sich aus dem Gesch\u00e4ft zur\u00fcckzuziehen, so die Gemeinde weiter. <em>(ah)<\/em><\/p>\n","protected":false},"excerpt":{"rendered":"<p>Die Aqua-Spa-Resort AG will das seit Jahren geplante Erlebnisbad in Adelboden nun doch nicht realisieren.<\/p>\n","protected":false},"author":3,"featured_media":54541,"comment_status":"closed","ping_status":"closed","sticky":false,"template":"","format":"standard","meta":{"_acf_changed":false,"_yoast_wpseo_focuskw":"Adelboden","_yoast_wpseo_title":"","_yoast_wpseo_metadesc":"Die Aqua-Spa-Resort AG will das seit Jahren geplante Erlebnisbad in Adelboden nicht realisieren.","_yoast_wpseo_linkdex":62,"pgc_sgb_lightbox_settings":"","footnotes":""},"categories":[985],"tags":[999,1246,1600],"class_list":["post-54540","post","type-post","status-publish","format-standard","has-post-thumbnail","hentry","category-regionen","tag-adelboden","tag-freizeitimmobilien","tag-projekt-in-planung"],"acf":[],"yoast_head":"<!-- This site is optimized with the Yoast SEO plugin v27.4 - https:\/\/yoast.com\/product\/yoast-seo-wordpress\/ -->\n<title>Adelboden: Investor zieht sich aus Bad-Projekt zur\u00fcck - IMMOBILIEN Business<\/title>\n<meta name=\"description\" content=\"Die Aqua-Spa-Resort AG will das seit Jahren geplante Erlebnisbad in Adelboden nicht realisieren.\" \/>\n<meta name=\"robots\" content=\"index, follow, max-snippet:-1, max-image-preview:large, max-video-preview:-1\" \/>\n<link rel=\"canonical\" href=\"https:\/\/www.immobilienbusiness.ch\/de\/regionen\/2023-11-22\/adelboden-investor-zieht-sich-aus-bad-projekt-zurueck\/\" \/>\n<meta property=\"og:locale\" content=\"de_DE\" \/>\n<meta property=\"og:type\" content=\"article\" \/>\n<meta property=\"og:title\" content=\"Adelboden: Investor zieht sich aus Bad-Projekt zur\u00fcck - IMMOBILIEN Business\" \/>\n<meta property=\"og:description\" content=\"Die Aqua-Spa-Resort AG will das seit Jahren geplante Erlebnisbad in Adelboden nicht realisieren.\" \/>\n<meta property=\"og:url\" content=\"https:\/\/www.immobilienbusiness.ch\/de\/regionen\/2023-11-22\/adelboden-investor-zieht-sich-aus-bad-projekt-zurueck\/\" \/>\n<meta property=\"og:site_name\" content=\"IMMOBILIEN Business\" \/>\n<meta property=\"article:publisher\" content=\"https:\/\/www.facebook.com\/immobilienbusiness\/\" \/>\n<meta property=\"article:published_time\" content=\"2023-11-22T06:21:48+00:00\" \/>\n<meta property=\"og:image\" content=\"https:\/\/www.immobilienbusiness.ch\/wp-content\/uploads\/2023\/11\/Adelboden_Dorf-scaled.jpg\" \/>\n\t<meta property=\"og:image:width\" content=\"1200\" \/>\n\t<meta property=\"og:image:height\" content=\"675\" \/>\n\t<meta property=\"og:image:type\" content=\"image\/jpeg\" \/>\n<meta name=\"author\" content=\"anja.hall\" \/>\n<meta name=\"twitter:card\" content=\"summary_large_image\" \/>\n<script type=\"application\/ld+json\" class=\"yoast-schema-graph\">{\"@context\":\"https:\\\/\\\/schema.org\",\"@graph\":[{\"@type\":\"Article\",\"@id\":\"https:\\\/\\\/www.immobilienbusiness.ch\\\/regionen\\\/2023-11-22\\\/adelboden-investor-zieht-sich-aus-bad-projekt-zurueck\\\/#article\",\"isPartOf\":{\"@id\":\"https:\\\/\\\/www.immobilienbusiness.ch\\\/regionen\\\/2023-11-22\\\/adelboden-investor-zieht-sich-aus-bad-projekt-zurueck\\\/\"},\"author\":{\"name\":\"anja.hall\",\"@id\":\"https:\\\/\\\/www.immobilienbusiness.ch\\\/#\\\/schema\\\/person\\\/3fc036297b10b9f42d6db5ee932af8c8\"},\"headline\":\"Adelboden: Investor zieht sich aus Bad-Projekt zur\u00fcck\",\"datePublished\":\"2023-11-22T06:21:48+00:00\",\"mainEntityOfPage\":{\"@id\":\"https:\\\/\\\/www.immobilienbusiness.ch\\\/regionen\\\/2023-11-22\\\/adelboden-investor-zieht-sich-aus-bad-projekt-zurueck\\\/\"},\"wordCount\":220,\"publisher\":{\"@id\":\"https:\\\/\\\/www.immobilienbusiness.ch\\\/#organization\"},\"image\":{\"@id\":\"https:\\\/\\\/www.immobilienbusiness.ch\\\/regionen\\\/2023-11-22\\\/adelboden-investor-zieht-sich-aus-bad-projekt-zurueck\\\/#primaryimage\"},\"thumbnailUrl\":\"https:\\\/\\\/www.immobilienbusiness.ch\\\/wp-content\\\/uploads\\\/2023\\\/11\\\/Adelboden_Dorf-scaled.jpg\",\"keywords\":[\"Adelboden\",\"Freizeitimmobilien\",\"Projekt in Planung\"],\"articleSection\":[\"REGIONEN\"],\"inLanguage\":\"de\"},{\"@type\":\"WebPage\",\"@id\":\"https:\\\/\\\/www.immobilienbusiness.ch\\\/regionen\\\/2023-11-22\\\/adelboden-investor-zieht-sich-aus-bad-projekt-zurueck\\\/\",\"url\":\"https:\\\/\\\/www.immobilienbusiness.ch\\\/regionen\\\/2023-11-22\\\/adelboden-investor-zieht-sich-aus-bad-projekt-zurueck\\\/\",\"name\":\"Adelboden: Investor zieht sich aus Bad-Projekt zur\u00fcck - IMMOBILIEN Business\",\"isPartOf\":{\"@id\":\"https:\\\/\\\/www.immobilienbusiness.ch\\\/#website\"},\"primaryImageOfPage\":{\"@id\":\"https:\\\/\\\/www.immobilienbusiness.ch\\\/regionen\\\/2023-11-22\\\/adelboden-investor-zieht-sich-aus-bad-projekt-zurueck\\\/#primaryimage\"},\"image\":{\"@id\":\"https:\\\/\\\/www.immobilienbusiness.ch\\\/regionen\\\/2023-11-22\\\/adelboden-investor-zieht-sich-aus-bad-projekt-zurueck\\\/#primaryimage\"},\"thumbnailUrl\":\"https:\\\/\\\/www.immobilienbusiness.ch\\\/wp-content\\\/uploads\\\/2023\\\/11\\\/Adelboden_Dorf-scaled.jpg\",\"datePublished\":\"2023-11-22T06:21:48+00:00\",\"description\":\"Die Aqua-Spa-Resort AG will das seit Jahren geplante Erlebnisbad in Adelboden nicht realisieren.\",\"breadcrumb\":{\"@id\":\"https:\\\/\\\/www.immobilienbusiness.ch\\\/regionen\\\/2023-11-22\\\/adelboden-investor-zieht-sich-aus-bad-projekt-zurueck\\\/#breadcrumb\"},\"inLanguage\":\"de\",\"potentialAction\":[{\"@type\":\"ReadAction\",\"target\":[\"https:\\\/\\\/www.immobilienbusiness.ch\\\/regionen\\\/2023-11-22\\\/adelboden-investor-zieht-sich-aus-bad-projekt-zurueck\\\/\"]}]},{\"@type\":\"ImageObject\",\"inLanguage\":\"de\",\"@id\":\"https:\\\/\\\/www.immobilienbusiness.ch\\\/regionen\\\/2023-11-22\\\/adelboden-investor-zieht-sich-aus-bad-projekt-zurueck\\\/#primaryimage\",\"url\":\"https:\\\/\\\/www.immobilienbusiness.ch\\\/wp-content\\\/uploads\\\/2023\\\/11\\\/Adelboden_Dorf-scaled.jpg\",\"contentUrl\":\"https:\\\/\\\/www.immobilienbusiness.ch\\\/wp-content\\\/uploads\\\/2023\\\/11\\\/Adelboden_Dorf-scaled.jpg\",\"width\":1200,\"height\":675,\"caption\":\"Blick auf Adelboden Dorf (Daniel Reust - Eigenes Werk, CC BY-SA 4.0, https:\\\/\\\/commons.wikimedia.org\\\/w\\\/index.php?curid=94429639)\"},{\"@type\":\"BreadcrumbList\",\"@id\":\"https:\\\/\\\/www.immobilienbusiness.ch\\\/regionen\\\/2023-11-22\\\/adelboden-investor-zieht-sich-aus-bad-projekt-zurueck\\\/#breadcrumb\",\"itemListElement\":[{\"@type\":\"ListItem\",\"position\":1,\"name\":\"Home\",\"item\":\"https:\\\/\\\/www.immobilienbusiness.ch\\\/\"},{\"@type\":\"ListItem\",\"position\":2,\"name\":\"Adelboden: Investor zieht sich aus Bad-Projekt zur\u00fcck\"}]},{\"@type\":\"WebSite\",\"@id\":\"https:\\\/\\\/www.immobilienbusiness.ch\\\/#website\",\"url\":\"https:\\\/\\\/www.immobilienbusiness.ch\\\/\",\"name\":\"IMMOBILIEN Business\",\"description\":\"Unabh\u00e4ngiges Schweizer Wirtschaftsmagazin mit Fokus auf Immobilien, Architektur- und Bau sowie Investment- und Finanzierung.\",\"publisher\":{\"@id\":\"https:\\\/\\\/www.immobilienbusiness.ch\\\/#organization\"},\"potentialAction\":[{\"@type\":\"SearchAction\",\"target\":{\"@type\":\"EntryPoint\",\"urlTemplate\":\"https:\\\/\\\/www.immobilienbusiness.ch\\\/?s={search_term_string}\"},\"query-input\":{\"@type\":\"PropertyValueSpecification\",\"valueRequired\":true,\"valueName\":\"search_term_string\"}}],\"inLanguage\":\"de\"},{\"@type\":\"Organization\",\"@id\":\"https:\\\/\\\/www.immobilienbusiness.ch\\\/#organization\",\"name\":\"IMMOBILIEN Business\",\"url\":\"https:\\\/\\\/www.immobilienbusiness.ch\\\/\",\"logo\":{\"@type\":\"ImageObject\",\"inLanguage\":\"de\",\"@id\":\"https:\\\/\\\/www.immobilienbusiness.ch\\\/#\\\/schema\\\/logo\\\/image\\\/\",\"url\":\"https:\\\/\\\/www.immobilienbusiness.ch\\\/wp-content\\\/uploads\\\/2021\\\/07\\\/logo_ib.png\",\"contentUrl\":\"https:\\\/\\\/www.immobilienbusiness.ch\\\/wp-content\\\/uploads\\\/2021\\\/07\\\/logo_ib.png\",\"width\":800,\"height\":181,\"caption\":\"IMMOBILIEN Business\"},\"image\":{\"@id\":\"https:\\\/\\\/www.immobilienbusiness.ch\\\/#\\\/schema\\\/logo\\\/image\\\/\"},\"sameAs\":[\"https:\\\/\\\/www.facebook.com\\\/immobilienbusiness\\\/\"]},{\"@type\":\"Person\",\"@id\":\"https:\\\/\\\/www.immobilienbusiness.ch\\\/#\\\/schema\\\/person\\\/3fc036297b10b9f42d6db5ee932af8c8\",\"name\":\"anja.hall\",\"image\":{\"@type\":\"ImageObject\",\"inLanguage\":\"de\",\"@id\":\"https:\\\/\\\/secure.gravatar.com\\\/avatar\\\/066b5a0d447013502c71a5782f4f3469f03cfe595cc2329fb94652fe47511bfb?s=96&d=mm&r=g\",\"url\":\"https:\\\/\\\/secure.gravatar.com\\\/avatar\\\/066b5a0d447013502c71a5782f4f3469f03cfe595cc2329fb94652fe47511bfb?s=96&d=mm&r=g\",\"contentUrl\":\"https:\\\/\\\/secure.gravatar.com\\\/avatar\\\/066b5a0d447013502c71a5782f4f3469f03cfe595cc2329fb94652fe47511bfb?s=96&d=mm&r=g\",\"caption\":\"anja.hall\"},\"url\":\"https:\\\/\\\/www.immobilienbusiness.ch\\\/de\\\/author\\\/anja-hall\\\/\"}]}<\/script>\n<!-- \/ Yoast SEO plugin. -->","yoast_head_json":{"title":"Adelboden: Investor zieht sich aus Bad-Projekt zur\u00fcck - IMMOBILIEN Business","description":"Die Aqua-Spa-Resort AG will das seit Jahren geplante Erlebnisbad in Adelboden nicht realisieren.","robots":{"index":"index","follow":"follow","max-snippet":"max-snippet:-1","max-image-preview":"max-image-preview:large","max-video-preview":"max-video-preview:-1"},"canonical":"https:\/\/www.immobilienbusiness.ch\/de\/regionen\/2023-11-22\/adelboden-investor-zieht-sich-aus-bad-projekt-zurueck\/","og_locale":"de_DE","og_type":"article","og_title":"Adelboden: Investor zieht sich aus Bad-Projekt zur\u00fcck - IMMOBILIEN Business","og_description":"Die Aqua-Spa-Resort AG will das seit Jahren geplante Erlebnisbad in Adelboden nicht realisieren.","og_url":"https:\/\/www.immobilienbusiness.ch\/de\/regionen\/2023-11-22\/adelboden-investor-zieht-sich-aus-bad-projekt-zurueck\/","og_site_name":"IMMOBILIEN Business","article_publisher":"https:\/\/www.facebook.com\/immobilienbusiness\/","article_published_time":"2023-11-22T06:21:48+00:00","og_image":[{"width":1200,"height":675,"url":"https:\/\/www.immobilienbusiness.ch\/wp-content\/uploads\/2023\/11\/Adelboden_Dorf-scaled.jpg","type":"image\/jpeg"}],"author":"anja.hall","twitter_card":"summary_large_image","schema":{"@context":"https:\/\/schema.org","@graph":[{"@type":"Article","@id":"https:\/\/www.immobilienbusiness.ch\/regionen\/2023-11-22\/adelboden-investor-zieht-sich-aus-bad-projekt-zurueck\/#article","isPartOf":{"@id":"https:\/\/www.immobilienbusiness.ch\/regionen\/2023-11-22\/adelboden-investor-zieht-sich-aus-bad-projekt-zurueck\/"},"author":{"name":"anja.hall","@id":"https:\/\/www.immobilienbusiness.ch\/#\/schema\/person\/3fc036297b10b9f42d6db5ee932af8c8"},"headline":"Adelboden: Investor zieht sich aus Bad-Projekt zur\u00fcck","datePublished":"2023-11-22T06:21:48+00:00","mainEntityOfPage":{"@id":"https:\/\/www.immobilienbusiness.ch\/regionen\/2023-11-22\/adelboden-investor-zieht-sich-aus-bad-projekt-zurueck\/"},"wordCount":220,"publisher":{"@id":"https:\/\/www.immobilienbusiness.ch\/#organization"},"image":{"@id":"https:\/\/www.immobilienbusiness.ch\/regionen\/2023-11-22\/adelboden-investor-zieht-sich-aus-bad-projekt-zurueck\/#primaryimage"},"thumbnailUrl":"https:\/\/www.immobilienbusiness.ch\/wp-content\/uploads\/2023\/11\/Adelboden_Dorf-scaled.jpg","keywords":["Adelboden","Freizeitimmobilien","Projekt in Planung"],"articleSection":["REGIONEN"],"inLanguage":"de"},{"@type":"WebPage","@id":"https:\/\/www.immobilienbusiness.ch\/regionen\/2023-11-22\/adelboden-investor-zieht-sich-aus-bad-projekt-zurueck\/","url":"https:\/\/www.immobilienbusiness.ch\/regionen\/2023-11-22\/adelboden-investor-zieht-sich-aus-bad-projekt-zurueck\/","name":"Adelboden: Investor zieht sich aus Bad-Projekt zur\u00fcck - IMMOBILIEN Business","isPartOf":{"@id":"https:\/\/www.immobilienbusiness.ch\/#website"},"primaryImageOfPage":{"@id":"https:\/\/www.immobilienbusiness.ch\/regionen\/2023-11-22\/adelboden-investor-zieht-sich-aus-bad-projekt-zurueck\/#primaryimage"},"image":{"@id":"https:\/\/www.immobilienbusiness.ch\/regionen\/2023-11-22\/adelboden-investor-zieht-sich-aus-bad-projekt-zurueck\/#primaryimage"},"thumbnailUrl":"https:\/\/www.immobilienbusiness.ch\/wp-content\/uploads\/2023\/11\/Adelboden_Dorf-scaled.jpg","datePublished":"2023-11-22T06:21:48+00:00","description":"Die Aqua-Spa-Resort AG will das seit Jahren geplante Erlebnisbad in Adelboden nicht realisieren.","breadcrumb":{"@id":"https:\/\/www.immobilienbusiness.ch\/regionen\/2023-11-22\/adelboden-investor-zieht-sich-aus-bad-projekt-zurueck\/#breadcrumb"},"inLanguage":"de","potentialAction":[{"@type":"ReadAction","target":["https:\/\/www.immobilienbusiness.ch\/regionen\/2023-11-22\/adelboden-investor-zieht-sich-aus-bad-projekt-zurueck\/"]}]},{"@type":"ImageObject","inLanguage":"de","@id":"https:\/\/www.immobilienbusiness.ch\/regionen\/2023-11-22\/adelboden-investor-zieht-sich-aus-bad-projekt-zurueck\/#primaryimage","url":"https:\/\/www.immobilienbusiness.ch\/wp-content\/uploads\/2023\/11\/Adelboden_Dorf-scaled.jpg","contentUrl":"https:\/\/www.immobilienbusiness.ch\/wp-content\/uploads\/2023\/11\/Adelboden_Dorf-scaled.jpg","width":1200,"height":675,"caption":"Blick auf Adelboden Dorf (Daniel Reust - Eigenes Werk, CC BY-SA 4.0, https:\/\/commons.wikimedia.org\/w\/index.php?curid=94429639)"},{"@type":"BreadcrumbList","@id":"https:\/\/www.immobilienbusiness.ch\/regionen\/2023-11-22\/adelboden-investor-zieht-sich-aus-bad-projekt-zurueck\/#breadcrumb","itemListElement":[{"@type":"ListItem","position":1,"name":"Home","item":"https:\/\/www.immobilienbusiness.ch\/"},{"@type":"ListItem","position":2,"name":"Adelboden: Investor zieht sich aus Bad-Projekt zur\u00fcck"}]},{"@type":"WebSite","@id":"https:\/\/www.immobilienbusiness.ch\/#website","url":"https:\/\/www.immobilienbusiness.ch\/","name":"IMMOBILIEN Business","description":"Unabh\u00e4ngiges Schweizer Wirtschaftsmagazin mit Fokus auf Immobilien, Architektur- und Bau sowie Investment- und Finanzierung.","publisher":{"@id":"https:\/\/www.immobilienbusiness.ch\/#organization"},"potentialAction":[{"@type":"SearchAction","target":{"@type":"EntryPoint","urlTemplate":"https:\/\/www.immobilienbusiness.ch\/?s={search_term_string}"},"query-input":{"@type":"PropertyValueSpecification","valueRequired":true,"valueName":"search_term_string"}}],"inLanguage":"de"},{"@type":"Organization","@id":"https:\/\/www.immobilienbusiness.ch\/#organization","name":"IMMOBILIEN Business","url":"https:\/\/www.immobilienbusiness.ch\/","logo":{"@type":"ImageObject","inLanguage":"de","@id":"https:\/\/www.immobilienbusiness.ch\/#\/schema\/logo\/image\/","url":"https:\/\/www.immobilienbusiness.ch\/wp-content\/uploads\/2021\/07\/logo_ib.png","contentUrl":"https:\/\/www.immobilienbusiness.ch\/wp-content\/uploads\/2021\/07\/logo_ib.png","width":800,"height":181,"caption":"IMMOBILIEN Business"},"image":{"@id":"https:\/\/www.immobilienbusiness.ch\/#\/schema\/logo\/image\/"},"sameAs":["https:\/\/www.facebook.com\/immobilienbusiness\/"]},{"@type":"Person","@id":"https:\/\/www.immobilienbusiness.ch\/#\/schema\/person\/3fc036297b10b9f42d6db5ee932af8c8","name":"anja.hall","image":{"@type":"ImageObject","inLanguage":"de","@id":"https:\/\/secure.gravatar.com\/avatar\/066b5a0d447013502c71a5782f4f3469f03cfe595cc2329fb94652fe47511bfb?s=96&d=mm&r=g","url":"https:\/\/secure.gravatar.com\/avatar\/066b5a0d447013502c71a5782f4f3469f03cfe595cc2329fb94652fe47511bfb?s=96&d=mm&r=g","contentUrl":"https:\/\/secure.gravatar.com\/avatar\/066b5a0d447013502c71a5782f4f3469f03cfe595cc2329fb94652fe47511bfb?s=96&d=mm&r=g","caption":"anja.hall"},"url":"https:\/\/www.immobilienbusiness.ch\/de\/author\/anja-hall\/"}]}},"_links":{"self":[{"href":"https:\/\/www.immobilienbusiness.ch\/de\/wp-json\/wp\/v2\/posts\/54540","targetHints":{"allow":["GET"]}}],"collection":[{"href":"https:\/\/www.immobilienbusiness.ch\/de\/wp-json\/wp\/v2\/posts"}],"about":[{"href":"https:\/\/www.immobilienbusiness.ch\/de\/wp-json\/wp\/v2\/types\/post"}],"author":[{"embeddable":true,"href":"https:\/\/www.immobilienbusiness.ch\/de\/wp-json\/wp\/v2\/users\/3"}],"replies":[{"embeddable":true,"href":"https:\/\/www.immobilienbusiness.ch\/de\/wp-json\/wp\/v2\/comments?post=54540"}],"version-history":[{"count":2,"href":"https:\/\/www.immobilienbusiness.ch\/de\/wp-json\/wp\/v2\/posts\/54540\/revisions"}],"predecessor-version":[{"id":54554,"href":"https:\/\/www.immobilienbusiness.ch\/de\/wp-json\/wp\/v2\/posts\/54540\/revisions\/54554"}],"wp:featuredmedia":[{"embeddable":true,"href":"https:\/\/www.immobilienbusiness.ch\/de\/wp-json\/wp\/v2\/media\/54541"}],"wp:attachment":[{"href":"https:\/\/www.immobilienbusiness.ch\/de\/wp-json\/wp\/v2\/media?parent=54540"}],"wp:term":[{"taxonomy":"category","embeddable":true,"href":"https:\/\/www.immobilienbusiness.ch\/de\/wp-json\/wp\/v2\/categories?post=54540"},{"taxonomy":"post_tag","embeddable":true,"href":"https:\/\/www.immobilienbusiness.ch\/de\/wp-json\/wp\/v2\/tags?post=54540"}],"curies":[{"name":"wp","href":"https:\/\/api.w.org\/{rel}","templated":true}]}}