{"id":54530,"date":"2023-11-21T08:21:33","date_gmt":"2023-11-21T07:21:33","guid":{"rendered":"https:\/\/www.immobilienbusiness.ch\/?p=54530"},"modified":"2023-11-20T09:27:40","modified_gmt":"2023-11-20T08:27:40","slug":"basel-musik-hug-eroeffnet-in-immobilie-von-sf-urban-properties","status":"publish","type":"post","link":"https:\/\/www.immobilienbusiness.ch\/de\/regionen\/2023-11-21\/basel-musik-hug-eroeffnet-in-immobilie-von-sf-urban-properties\/","title":{"rendered":"Basel: Musik Hug er\u00f6ffnet in Immobilie von SF Urban Properties"},"content":{"rendered":"<figure id=\"attachment_54531\" aria-describedby=\"caption-attachment-54531\" style=\"width: 1200px\" class=\"wp-caption alignnone\"><a href=\"https:\/\/www.immobilienbusiness.ch\/wp-content\/uploads\/2023\/11\/csm_Musik_Hug_Aussenfassade_quer_1_cbce5a337e.jpg\"><img loading=\"lazy\" decoding=\"async\" class=\"size-full wp-image-54531\" src=\"https:\/\/www.immobilienbusiness.ch\/wp-content\/uploads\/2023\/11\/csm_Musik_Hug_Aussenfassade_quer_1_cbce5a337e.jpg\" alt=\"\" width=\"1200\" height=\"900\" srcset=\"https:\/\/www.immobilienbusiness.ch\/wp-content\/uploads\/2023\/11\/csm_Musik_Hug_Aussenfassade_quer_1_cbce5a337e.jpg 1200w, https:\/\/www.immobilienbusiness.ch\/wp-content\/uploads\/2023\/11\/csm_Musik_Hug_Aussenfassade_quer_1_cbce5a337e-300x225.jpg 300w, https:\/\/www.immobilienbusiness.ch\/wp-content\/uploads\/2023\/11\/csm_Musik_Hug_Aussenfassade_quer_1_cbce5a337e-1024x768.jpg 1024w, https:\/\/www.immobilienbusiness.ch\/wp-content\/uploads\/2023\/11\/csm_Musik_Hug_Aussenfassade_quer_1_cbce5a337e-768x576.jpg 768w, https:\/\/www.immobilienbusiness.ch\/wp-content\/uploads\/2023\/11\/csm_Musik_Hug_Aussenfassade_quer_1_cbce5a337e-16x12.jpg 16w, https:\/\/www.immobilienbusiness.ch\/wp-content\/uploads\/2023\/11\/csm_Musik_Hug_Aussenfassade_quer_1_cbce5a337e-375x281.jpg 375w, https:\/\/www.immobilienbusiness.ch\/wp-content\/uploads\/2023\/11\/csm_Musik_Hug_Aussenfassade_quer_1_cbce5a337e-467x350.jpg 467w, https:\/\/www.immobilienbusiness.ch\/wp-content\/uploads\/2023\/11\/csm_Musik_Hug_Aussenfassade_quer_1_cbce5a337e-1000x750.jpg 1000w\" sizes=\"auto, (max-width: 1200px) 100vw, 1200px\" \/><\/a><figcaption id=\"caption-attachment-54531\" class=\"wp-caption-text\">Der neue Standort von Musik Hug in Basel (Quelle: SF Urban Properties AG)<\/figcaption><\/figure>\n<p>Musik Hug hat Mitte November einen neuen Standort an der Heuwaage in Basel er\u00f6ffnet. Das Musikgesch\u00e4ft belegt eine Fl\u00e4che von 900 qm auf zwei Geschossen. Neben den Verkaufsfl\u00e4chen findet in den R\u00e4umen, die sowohl \u00fcber die Binningerstrasse als auch von der Inneren Margarethenstrasse her erschlossen sind, auch eine Piano-Werkstatt Platz.<\/p>\n<p>Vorausgegangen waren eine umfassende Sanierung und Ausbau der Gewerbefl\u00e4chen in dem Geb\u00e4ude. Es geh\u00f6rt, wie auch die vier angrenzenden Liegenschaften, der SF Urban Properties AG.<\/p>\n<p>Musik Hug war fr\u00fcher an der Freien Strasse ans\u00e4ssig, hatte den Standort aber vor sechs Jahren aufgegeben und war nach Allschwil gez\u00fcgelt.<em> (ah)<\/em><\/p>\n","protected":false},"excerpt":{"rendered":"<p>Das bekannte Musikgesch\u00e4ft hat einen neuen Standort an der Heuwaage in Basel er\u00f6ffnet. <\/p>\n","protected":false},"author":3,"featured_media":54531,"comment_status":"closed","ping_status":"closed","sticky":false,"template":"","format":"standard","meta":{"_acf_changed":false,"_yoast_wpseo_focuskw":"Musik Hug","_yoast_wpseo_title":"","_yoast_wpseo_metadesc":"Das bekannte Musikgesch\u00e4ft hat einen neuen Standort an der Heuwaage in Basel er\u00f6ffnet.","_yoast_wpseo_linkdex":44,"pgc_sgb_lightbox_settings":"","footnotes":""},"categories":[985],"tags":[1069,1645,1693],"class_list":["post-54530","post","type-post","status-publish","format-standard","has-post-thumbnail","hentry","category-regionen","tag-basel","tag-retailflaechen","tag-sf-urban-properties-ag"],"acf":[],"yoast_head":"<!-- This site is optimized with the Yoast SEO plugin v27.4 - https:\/\/yoast.com\/product\/yoast-seo-wordpress\/ -->\n<title>Basel: Musik Hug er\u00f6ffnet in Immobilie von SF Urban Properties - IMMOBILIEN Business<\/title>\n<meta name=\"description\" content=\"Das bekannte Musikgesch\u00e4ft hat einen neuen Standort an der Heuwaage in Basel er\u00f6ffnet.\" \/>\n<meta name=\"robots\" content=\"index, follow, max-snippet:-1, max-image-preview:large, max-video-preview:-1\" \/>\n<link rel=\"canonical\" href=\"https:\/\/www.immobilienbusiness.ch\/de\/regionen\/2023-11-21\/basel-musik-hug-eroeffnet-in-immobilie-von-sf-urban-properties\/\" \/>\n<meta property=\"og:locale\" content=\"de_DE\" \/>\n<meta property=\"og:type\" content=\"article\" \/>\n<meta property=\"og:title\" content=\"Basel: Musik Hug er\u00f6ffnet in Immobilie von SF Urban Properties - IMMOBILIEN Business\" \/>\n<meta property=\"og:description\" content=\"Das bekannte Musikgesch\u00e4ft hat einen neuen Standort an der Heuwaage in Basel er\u00f6ffnet.\" \/>\n<meta property=\"og:url\" content=\"https:\/\/www.immobilienbusiness.ch\/de\/regionen\/2023-11-21\/basel-musik-hug-eroeffnet-in-immobilie-von-sf-urban-properties\/\" \/>\n<meta property=\"og:site_name\" content=\"IMMOBILIEN Business\" \/>\n<meta property=\"article:publisher\" content=\"https:\/\/www.facebook.com\/immobilienbusiness\/\" \/>\n<meta property=\"article:published_time\" content=\"2023-11-21T07:21:33+00:00\" \/>\n<meta property=\"og:image\" content=\"https:\/\/www.immobilienbusiness.ch\/wp-content\/uploads\/2023\/11\/csm_Musik_Hug_Aussenfassade_quer_1_cbce5a337e.jpg\" \/>\n\t<meta property=\"og:image:width\" content=\"1200\" \/>\n\t<meta property=\"og:image:height\" content=\"900\" \/>\n\t<meta property=\"og:image:type\" content=\"image\/jpeg\" \/>\n<meta name=\"author\" content=\"anja.hall\" \/>\n<meta name=\"twitter:card\" content=\"summary_large_image\" \/>\n<script type=\"application\/ld+json\" class=\"yoast-schema-graph\">{\"@context\":\"https:\\\/\\\/schema.org\",\"@graph\":[{\"@type\":\"Article\",\"@id\":\"https:\\\/\\\/www.immobilienbusiness.ch\\\/it\\\/regionen\\\/2023-11-21\\\/basel-musik-hug-eroeffnet-in-immobilie-von-sf-urban-properties\\\/#article\",\"isPartOf\":{\"@id\":\"https:\\\/\\\/www.immobilienbusiness.ch\\\/it\\\/regionen\\\/2023-11-21\\\/basel-musik-hug-eroeffnet-in-immobilie-von-sf-urban-properties\\\/\"},\"author\":{\"name\":\"anja.hall\",\"@id\":\"https:\\\/\\\/www.immobilienbusiness.ch\\\/#\\\/schema\\\/person\\\/3fc036297b10b9f42d6db5ee932af8c8\"},\"headline\":\"Basel: Musik Hug er\u00f6ffnet in Immobilie von SF Urban Properties\",\"datePublished\":\"2023-11-21T07:21:33+00:00\",\"mainEntityOfPage\":{\"@id\":\"https:\\\/\\\/www.immobilienbusiness.ch\\\/it\\\/regionen\\\/2023-11-21\\\/basel-musik-hug-eroeffnet-in-immobilie-von-sf-urban-properties\\\/\"},\"wordCount\":139,\"publisher\":{\"@id\":\"https:\\\/\\\/www.immobilienbusiness.ch\\\/#organization\"},\"image\":{\"@id\":\"https:\\\/\\\/www.immobilienbusiness.ch\\\/it\\\/regionen\\\/2023-11-21\\\/basel-musik-hug-eroeffnet-in-immobilie-von-sf-urban-properties\\\/#primaryimage\"},\"thumbnailUrl\":\"https:\\\/\\\/www.immobilienbusiness.ch\\\/wp-content\\\/uploads\\\/2023\\\/11\\\/csm_Musik_Hug_Aussenfassade_quer_1_cbce5a337e.jpg\",\"keywords\":[\"Basel\",\"Retailfl\u00e4chen\",\"SF Urban Properties AG\"],\"articleSection\":[\"REGIONEN\"],\"inLanguage\":\"de\"},{\"@type\":\"WebPage\",\"@id\":\"https:\\\/\\\/www.immobilienbusiness.ch\\\/it\\\/regionen\\\/2023-11-21\\\/basel-musik-hug-eroeffnet-in-immobilie-von-sf-urban-properties\\\/\",\"url\":\"https:\\\/\\\/www.immobilienbusiness.ch\\\/it\\\/regionen\\\/2023-11-21\\\/basel-musik-hug-eroeffnet-in-immobilie-von-sf-urban-properties\\\/\",\"name\":\"Basel: Musik Hug er\u00f6ffnet in Immobilie von SF Urban Properties - IMMOBILIEN Business\",\"isPartOf\":{\"@id\":\"https:\\\/\\\/www.immobilienbusiness.ch\\\/#website\"},\"primaryImageOfPage\":{\"@id\":\"https:\\\/\\\/www.immobilienbusiness.ch\\\/it\\\/regionen\\\/2023-11-21\\\/basel-musik-hug-eroeffnet-in-immobilie-von-sf-urban-properties\\\/#primaryimage\"},\"image\":{\"@id\":\"https:\\\/\\\/www.immobilienbusiness.ch\\\/it\\\/regionen\\\/2023-11-21\\\/basel-musik-hug-eroeffnet-in-immobilie-von-sf-urban-properties\\\/#primaryimage\"},\"thumbnailUrl\":\"https:\\\/\\\/www.immobilienbusiness.ch\\\/wp-content\\\/uploads\\\/2023\\\/11\\\/csm_Musik_Hug_Aussenfassade_quer_1_cbce5a337e.jpg\",\"datePublished\":\"2023-11-21T07:21:33+00:00\",\"description\":\"Das bekannte Musikgesch\u00e4ft hat einen neuen Standort an der Heuwaage in Basel er\u00f6ffnet.\",\"breadcrumb\":{\"@id\":\"https:\\\/\\\/www.immobilienbusiness.ch\\\/it\\\/regionen\\\/2023-11-21\\\/basel-musik-hug-eroeffnet-in-immobilie-von-sf-urban-properties\\\/#breadcrumb\"},\"inLanguage\":\"de\",\"potentialAction\":[{\"@type\":\"ReadAction\",\"target\":[\"https:\\\/\\\/www.immobilienbusiness.ch\\\/it\\\/regionen\\\/2023-11-21\\\/basel-musik-hug-eroeffnet-in-immobilie-von-sf-urban-properties\\\/\"]}]},{\"@type\":\"ImageObject\",\"inLanguage\":\"de\",\"@id\":\"https:\\\/\\\/www.immobilienbusiness.ch\\\/it\\\/regionen\\\/2023-11-21\\\/basel-musik-hug-eroeffnet-in-immobilie-von-sf-urban-properties\\\/#primaryimage\",\"url\":\"https:\\\/\\\/www.immobilienbusiness.ch\\\/wp-content\\\/uploads\\\/2023\\\/11\\\/csm_Musik_Hug_Aussenfassade_quer_1_cbce5a337e.jpg\",\"contentUrl\":\"https:\\\/\\\/www.immobilienbusiness.ch\\\/wp-content\\\/uploads\\\/2023\\\/11\\\/csm_Musik_Hug_Aussenfassade_quer_1_cbce5a337e.jpg\",\"width\":1200,\"height\":900,\"caption\":\"Der neue Standort von Musik Hug in Basel (Quelle: SF Urban Properties AG)\"},{\"@type\":\"BreadcrumbList\",\"@id\":\"https:\\\/\\\/www.immobilienbusiness.ch\\\/it\\\/regionen\\\/2023-11-21\\\/basel-musik-hug-eroeffnet-in-immobilie-von-sf-urban-properties\\\/#breadcrumb\",\"itemListElement\":[{\"@type\":\"ListItem\",\"position\":1,\"name\":\"Home\",\"item\":\"https:\\\/\\\/www.immobilienbusiness.ch\\\/\"},{\"@type\":\"ListItem\",\"position\":2,\"name\":\"Basel: Musik Hug er\u00f6ffnet in Immobilie von SF Urban Properties\"}]},{\"@type\":\"WebSite\",\"@id\":\"https:\\\/\\\/www.immobilienbusiness.ch\\\/#website\",\"url\":\"https:\\\/\\\/www.immobilienbusiness.ch\\\/\",\"name\":\"IMMOBILIEN Business\",\"description\":\"Unabh\u00e4ngiges Schweizer Wirtschaftsmagazin mit Fokus auf Immobilien, Architektur- und Bau sowie Investment- und Finanzierung.\",\"publisher\":{\"@id\":\"https:\\\/\\\/www.immobilienbusiness.ch\\\/#organization\"},\"potentialAction\":[{\"@type\":\"SearchAction\",\"target\":{\"@type\":\"EntryPoint\",\"urlTemplate\":\"https:\\\/\\\/www.immobilienbusiness.ch\\\/?s={search_term_string}\"},\"query-input\":{\"@type\":\"PropertyValueSpecification\",\"valueRequired\":true,\"valueName\":\"search_term_string\"}}],\"inLanguage\":\"de\"},{\"@type\":\"Organization\",\"@id\":\"https:\\\/\\\/www.immobilienbusiness.ch\\\/#organization\",\"name\":\"IMMOBILIEN Business\",\"url\":\"https:\\\/\\\/www.immobilienbusiness.ch\\\/\",\"logo\":{\"@type\":\"ImageObject\",\"inLanguage\":\"de\",\"@id\":\"https:\\\/\\\/www.immobilienbusiness.ch\\\/#\\\/schema\\\/logo\\\/image\\\/\",\"url\":\"https:\\\/\\\/www.immobilienbusiness.ch\\\/wp-content\\\/uploads\\\/2021\\\/07\\\/logo_ib.png\",\"contentUrl\":\"https:\\\/\\\/www.immobilienbusiness.ch\\\/wp-content\\\/uploads\\\/2021\\\/07\\\/logo_ib.png\",\"width\":800,\"height\":181,\"caption\":\"IMMOBILIEN Business\"},\"image\":{\"@id\":\"https:\\\/\\\/www.immobilienbusiness.ch\\\/#\\\/schema\\\/logo\\\/image\\\/\"},\"sameAs\":[\"https:\\\/\\\/www.facebook.com\\\/immobilienbusiness\\\/\"]},{\"@type\":\"Person\",\"@id\":\"https:\\\/\\\/www.immobilienbusiness.ch\\\/#\\\/schema\\\/person\\\/3fc036297b10b9f42d6db5ee932af8c8\",\"name\":\"anja.hall\",\"image\":{\"@type\":\"ImageObject\",\"inLanguage\":\"de\",\"@id\":\"https:\\\/\\\/secure.gravatar.com\\\/avatar\\\/066b5a0d447013502c71a5782f4f3469f03cfe595cc2329fb94652fe47511bfb?s=96&d=mm&r=g\",\"url\":\"https:\\\/\\\/secure.gravatar.com\\\/avatar\\\/066b5a0d447013502c71a5782f4f3469f03cfe595cc2329fb94652fe47511bfb?s=96&d=mm&r=g\",\"contentUrl\":\"https:\\\/\\\/secure.gravatar.com\\\/avatar\\\/066b5a0d447013502c71a5782f4f3469f03cfe595cc2329fb94652fe47511bfb?s=96&d=mm&r=g\",\"caption\":\"anja.hall\"},\"url\":\"https:\\\/\\\/www.immobilienbusiness.ch\\\/de\\\/author\\\/anja-hall\\\/\"}]}<\/script>\n<!-- \/ Yoast SEO plugin. -->","yoast_head_json":{"title":"Basel: Musik Hug er\u00f6ffnet in Immobilie von SF Urban Properties - IMMOBILIEN Business","description":"Das bekannte Musikgesch\u00e4ft hat einen neuen Standort an der Heuwaage in Basel er\u00f6ffnet.","robots":{"index":"index","follow":"follow","max-snippet":"max-snippet:-1","max-image-preview":"max-image-preview:large","max-video-preview":"max-video-preview:-1"},"canonical":"https:\/\/www.immobilienbusiness.ch\/de\/regionen\/2023-11-21\/basel-musik-hug-eroeffnet-in-immobilie-von-sf-urban-properties\/","og_locale":"de_DE","og_type":"article","og_title":"Basel: Musik Hug er\u00f6ffnet in Immobilie von SF Urban Properties - IMMOBILIEN Business","og_description":"Das bekannte Musikgesch\u00e4ft hat einen neuen Standort an der Heuwaage in Basel er\u00f6ffnet.","og_url":"https:\/\/www.immobilienbusiness.ch\/de\/regionen\/2023-11-21\/basel-musik-hug-eroeffnet-in-immobilie-von-sf-urban-properties\/","og_site_name":"IMMOBILIEN Business","article_publisher":"https:\/\/www.facebook.com\/immobilienbusiness\/","article_published_time":"2023-11-21T07:21:33+00:00","og_image":[{"width":1200,"height":900,"url":"https:\/\/www.immobilienbusiness.ch\/wp-content\/uploads\/2023\/11\/csm_Musik_Hug_Aussenfassade_quer_1_cbce5a337e.jpg","type":"image\/jpeg"}],"author":"anja.hall","twitter_card":"summary_large_image","schema":{"@context":"https:\/\/schema.org","@graph":[{"@type":"Article","@id":"https:\/\/www.immobilienbusiness.ch\/it\/regionen\/2023-11-21\/basel-musik-hug-eroeffnet-in-immobilie-von-sf-urban-properties\/#article","isPartOf":{"@id":"https:\/\/www.immobilienbusiness.ch\/it\/regionen\/2023-11-21\/basel-musik-hug-eroeffnet-in-immobilie-von-sf-urban-properties\/"},"author":{"name":"anja.hall","@id":"https:\/\/www.immobilienbusiness.ch\/#\/schema\/person\/3fc036297b10b9f42d6db5ee932af8c8"},"headline":"Basel: Musik Hug er\u00f6ffnet in Immobilie von SF Urban Properties","datePublished":"2023-11-21T07:21:33+00:00","mainEntityOfPage":{"@id":"https:\/\/www.immobilienbusiness.ch\/it\/regionen\/2023-11-21\/basel-musik-hug-eroeffnet-in-immobilie-von-sf-urban-properties\/"},"wordCount":139,"publisher":{"@id":"https:\/\/www.immobilienbusiness.ch\/#organization"},"image":{"@id":"https:\/\/www.immobilienbusiness.ch\/it\/regionen\/2023-11-21\/basel-musik-hug-eroeffnet-in-immobilie-von-sf-urban-properties\/#primaryimage"},"thumbnailUrl":"https:\/\/www.immobilienbusiness.ch\/wp-content\/uploads\/2023\/11\/csm_Musik_Hug_Aussenfassade_quer_1_cbce5a337e.jpg","keywords":["Basel","Retailfl\u00e4chen","SF Urban Properties AG"],"articleSection":["REGIONEN"],"inLanguage":"de"},{"@type":"WebPage","@id":"https:\/\/www.immobilienbusiness.ch\/it\/regionen\/2023-11-21\/basel-musik-hug-eroeffnet-in-immobilie-von-sf-urban-properties\/","url":"https:\/\/www.immobilienbusiness.ch\/it\/regionen\/2023-11-21\/basel-musik-hug-eroeffnet-in-immobilie-von-sf-urban-properties\/","name":"Basel: Musik Hug er\u00f6ffnet in Immobilie von SF Urban Properties - IMMOBILIEN Business","isPartOf":{"@id":"https:\/\/www.immobilienbusiness.ch\/#website"},"primaryImageOfPage":{"@id":"https:\/\/www.immobilienbusiness.ch\/it\/regionen\/2023-11-21\/basel-musik-hug-eroeffnet-in-immobilie-von-sf-urban-properties\/#primaryimage"},"image":{"@id":"https:\/\/www.immobilienbusiness.ch\/it\/regionen\/2023-11-21\/basel-musik-hug-eroeffnet-in-immobilie-von-sf-urban-properties\/#primaryimage"},"thumbnailUrl":"https:\/\/www.immobilienbusiness.ch\/wp-content\/uploads\/2023\/11\/csm_Musik_Hug_Aussenfassade_quer_1_cbce5a337e.jpg","datePublished":"2023-11-21T07:21:33+00:00","description":"Das bekannte Musikgesch\u00e4ft hat einen neuen Standort an der Heuwaage in Basel er\u00f6ffnet.","breadcrumb":{"@id":"https:\/\/www.immobilienbusiness.ch\/it\/regionen\/2023-11-21\/basel-musik-hug-eroeffnet-in-immobilie-von-sf-urban-properties\/#breadcrumb"},"inLanguage":"de","potentialAction":[{"@type":"ReadAction","target":["https:\/\/www.immobilienbusiness.ch\/it\/regionen\/2023-11-21\/basel-musik-hug-eroeffnet-in-immobilie-von-sf-urban-properties\/"]}]},{"@type":"ImageObject","inLanguage":"de","@id":"https:\/\/www.immobilienbusiness.ch\/it\/regionen\/2023-11-21\/basel-musik-hug-eroeffnet-in-immobilie-von-sf-urban-properties\/#primaryimage","url":"https:\/\/www.immobilienbusiness.ch\/wp-content\/uploads\/2023\/11\/csm_Musik_Hug_Aussenfassade_quer_1_cbce5a337e.jpg","contentUrl":"https:\/\/www.immobilienbusiness.ch\/wp-content\/uploads\/2023\/11\/csm_Musik_Hug_Aussenfassade_quer_1_cbce5a337e.jpg","width":1200,"height":900,"caption":"Der neue Standort von Musik Hug in Basel (Quelle: SF Urban Properties AG)"},{"@type":"BreadcrumbList","@id":"https:\/\/www.immobilienbusiness.ch\/it\/regionen\/2023-11-21\/basel-musik-hug-eroeffnet-in-immobilie-von-sf-urban-properties\/#breadcrumb","itemListElement":[{"@type":"ListItem","position":1,"name":"Home","item":"https:\/\/www.immobilienbusiness.ch\/"},{"@type":"ListItem","position":2,"name":"Basel: Musik Hug er\u00f6ffnet in Immobilie von SF Urban Properties"}]},{"@type":"WebSite","@id":"https:\/\/www.immobilienbusiness.ch\/#website","url":"https:\/\/www.immobilienbusiness.ch\/","name":"IMMOBILIEN Business","description":"Unabh\u00e4ngiges Schweizer Wirtschaftsmagazin mit Fokus auf Immobilien, Architektur- und Bau sowie Investment- und Finanzierung.","publisher":{"@id":"https:\/\/www.immobilienbusiness.ch\/#organization"},"potentialAction":[{"@type":"SearchAction","target":{"@type":"EntryPoint","urlTemplate":"https:\/\/www.immobilienbusiness.ch\/?s={search_term_string}"},"query-input":{"@type":"PropertyValueSpecification","valueRequired":true,"valueName":"search_term_string"}}],"inLanguage":"de"},{"@type":"Organization","@id":"https:\/\/www.immobilienbusiness.ch\/#organization","name":"IMMOBILIEN Business","url":"https:\/\/www.immobilienbusiness.ch\/","logo":{"@type":"ImageObject","inLanguage":"de","@id":"https:\/\/www.immobilienbusiness.ch\/#\/schema\/logo\/image\/","url":"https:\/\/www.immobilienbusiness.ch\/wp-content\/uploads\/2021\/07\/logo_ib.png","contentUrl":"https:\/\/www.immobilienbusiness.ch\/wp-content\/uploads\/2021\/07\/logo_ib.png","width":800,"height":181,"caption":"IMMOBILIEN Business"},"image":{"@id":"https:\/\/www.immobilienbusiness.ch\/#\/schema\/logo\/image\/"},"sameAs":["https:\/\/www.facebook.com\/immobilienbusiness\/"]},{"@type":"Person","@id":"https:\/\/www.immobilienbusiness.ch\/#\/schema\/person\/3fc036297b10b9f42d6db5ee932af8c8","name":"anja.hall","image":{"@type":"ImageObject","inLanguage":"de","@id":"https:\/\/secure.gravatar.com\/avatar\/066b5a0d447013502c71a5782f4f3469f03cfe595cc2329fb94652fe47511bfb?s=96&d=mm&r=g","url":"https:\/\/secure.gravatar.com\/avatar\/066b5a0d447013502c71a5782f4f3469f03cfe595cc2329fb94652fe47511bfb?s=96&d=mm&r=g","contentUrl":"https:\/\/secure.gravatar.com\/avatar\/066b5a0d447013502c71a5782f4f3469f03cfe595cc2329fb94652fe47511bfb?s=96&d=mm&r=g","caption":"anja.hall"},"url":"https:\/\/www.immobilienbusiness.ch\/de\/author\/anja-hall\/"}]}},"_links":{"self":[{"href":"https:\/\/www.immobilienbusiness.ch\/de\/wp-json\/wp\/v2\/posts\/54530","targetHints":{"allow":["GET"]}}],"collection":[{"href":"https:\/\/www.immobilienbusiness.ch\/de\/wp-json\/wp\/v2\/posts"}],"about":[{"href":"https:\/\/www.immobilienbusiness.ch\/de\/wp-json\/wp\/v2\/types\/post"}],"author":[{"embeddable":true,"href":"https:\/\/www.immobilienbusiness.ch\/de\/wp-json\/wp\/v2\/users\/3"}],"replies":[{"embeddable":true,"href":"https:\/\/www.immobilienbusiness.ch\/de\/wp-json\/wp\/v2\/comments?post=54530"}],"version-history":[{"count":2,"href":"https:\/\/www.immobilienbusiness.ch\/de\/wp-json\/wp\/v2\/posts\/54530\/revisions"}],"predecessor-version":[{"id":54533,"href":"https:\/\/www.immobilienbusiness.ch\/de\/wp-json\/wp\/v2\/posts\/54530\/revisions\/54533"}],"wp:featuredmedia":[{"embeddable":true,"href":"https:\/\/www.immobilienbusiness.ch\/de\/wp-json\/wp\/v2\/media\/54531"}],"wp:attachment":[{"href":"https:\/\/www.immobilienbusiness.ch\/de\/wp-json\/wp\/v2\/media?parent=54530"}],"wp:term":[{"taxonomy":"category","embeddable":true,"href":"https:\/\/www.immobilienbusiness.ch\/de\/wp-json\/wp\/v2\/categories?post=54530"},{"taxonomy":"post_tag","embeddable":true,"href":"https:\/\/www.immobilienbusiness.ch\/de\/wp-json\/wp\/v2\/tags?post=54530"}],"curies":[{"name":"wp","href":"https:\/\/api.w.org\/{rel}","templated":true}]}}