{"id":54482,"date":"2023-11-17T06:48:18","date_gmt":"2023-11-17T05:48:18","guid":{"rendered":"https:\/\/www.immobilienbusiness.ch\/?p=54482"},"modified":"2023-11-16T11:49:28","modified_gmt":"2023-11-16T10:49:28","slug":"zuerich-kosten-fuer-sanierung-der-wohnsiedlung-hardau-ii-hoeher-als-geplant","status":"publish","type":"post","link":"https:\/\/www.immobilienbusiness.ch\/de\/regionen\/2023-11-17\/zuerich-kosten-fuer-sanierung-der-wohnsiedlung-hardau-ii-hoeher-als-geplant\/","title":{"rendered":"Z\u00fcrich: Kosten f\u00fcr Sanierung von Hardau II sind h\u00f6her als geplant"},"content":{"rendered":"<figure id=\"attachment_19777\" aria-describedby=\"caption-attachment-19777\" style=\"width: 2400px\" class=\"wp-caption alignnone\"><a href=\"https:\/\/www.immobilienbusiness.ch\/wp-content\/uploads\/2020\/01\/Zuerich_Hardau_perspektivisch.jpg\"><img loading=\"lazy\" decoding=\"async\" class=\"size-full wp-image-19777\" src=\"https:\/\/www.immobilienbusiness.ch\/wp-content\/uploads\/2020\/01\/Zuerich_Hardau_perspektivisch.jpg\" alt=\"\" width=\"2400\" height=\"1600\" srcset=\"https:\/\/www.immobilienbusiness.ch\/wp-content\/uploads\/2020\/01\/Zuerich_Hardau_perspektivisch.jpg 2400w, https:\/\/www.immobilienbusiness.ch\/wp-content\/uploads\/2020\/01\/Zuerich_Hardau_perspektivisch-300x200.jpg 300w, https:\/\/www.immobilienbusiness.ch\/wp-content\/uploads\/2020\/01\/Zuerich_Hardau_perspektivisch-1024x683.jpg 1024w, https:\/\/www.immobilienbusiness.ch\/wp-content\/uploads\/2020\/01\/Zuerich_Hardau_perspektivisch-768x512.jpg 768w, https:\/\/www.immobilienbusiness.ch\/wp-content\/uploads\/2020\/01\/Zuerich_Hardau_perspektivisch-1536x1024.jpg 1536w, https:\/\/www.immobilienbusiness.ch\/wp-content\/uploads\/2020\/01\/Zuerich_Hardau_perspektivisch-2048x1365.jpg 2048w, https:\/\/www.immobilienbusiness.ch\/wp-content\/uploads\/2020\/01\/Zuerich_Hardau_perspektivisch-16x12.jpg 16w, https:\/\/www.immobilienbusiness.ch\/wp-content\/uploads\/2020\/01\/Zuerich_Hardau_perspektivisch-263x175.jpg 263w, https:\/\/www.immobilienbusiness.ch\/wp-content\/uploads\/2020\/01\/Zuerich_Hardau_perspektivisch-525x350.jpg 525w, https:\/\/www.immobilienbusiness.ch\/wp-content\/uploads\/2020\/01\/Zuerich_Hardau_perspektivisch-1200x800.jpg 1200w, https:\/\/www.immobilienbusiness.ch\/wp-content\/uploads\/2020\/01\/Zuerich_Hardau_perspektivisch-920x613.jpg 920w, https:\/\/www.immobilienbusiness.ch\/wp-content\/uploads\/2020\/01\/Zuerich_Hardau_perspektivisch-1400x933.jpg 1400w\" sizes=\"auto, (max-width: 2400px) 100vw, 2400px\" \/><\/a><figcaption id=\"caption-attachment-19777\" class=\"wp-caption-text\">Die Hochh\u00e4user der Siedlung Hardau II (Bild: Ikiwaner, CC BY-SA 3.0, Wikimedia Commons)<\/figcaption><\/figure>\n<p>Die Sanierung der Wohnsiedlung Hardau II kommt die Stadt Z\u00fcrich teurer zu stehen als geplant. Es sei ein Zusatzkredit von 23,97 Mio. CHF erforderlich, teilt die Stadt mit. Urspr\u00fcnglich hat der Stadtrat 49,55 Mio. CHF f\u00fcr die Instandsetzung der Fassaden bewilligt.<\/p>\n<p>Die Bauvorbereitungen h\u00e4tten aber gezeigt, dass dieser Kostenrahmen nicht ausreiche. Die Betoninstandsetzung, die neuen Fenster, der Sonnenschutz und die Schreinerarbeiten h\u00e4tten teurer vergeben werden m\u00fcssen als geplant, erkl\u00e4rt die Stadt. Einschliesslich Reserven f\u00fchre das zu zus\u00e4tzlichen Aufwendungen von knapp 21 Mio. CHF. Weitere Mehrkosten entstehen dadurch, dass die Sanierung der Tiefgaragendecke vorgezogen wird. F\u00fcr die Projektierung dieser Arbeiten sind weitere 3 Mio. CHF veranschlagt.<\/p>\n<p>Die \u00dcberbauung Hardau II umfasst vier 72 bis 93 Meter hohe Wohnhochh\u00e4user und zwei viergeschossige Wohnhauszeilen mit insgesamt 573 Wohnungen sowie einen Gewerbepavillon, ein auf zwei H\u00e4user verteiltes Alterszentrum und eine Alterssiedlung der st\u00e4dtischen Stiftung Alterswohnungen (SAW). Auf dem knapp 33.000 qm grossen Areal an der Bullinger- und der Norastrasse leben rund 1.350 Personen.<\/p>\n<p>Die erste Etappe der Fassadeninstandsetzung hat im Juli 2023 begonnen. Alle Bauarbeiten sollen bis Ende 2026 abgeschlossen sein.<\/p>\n","protected":false},"excerpt":{"rendered":"<p>Statt mit 49,55 Mio. CHF rechnet die Stadt jetzt mit Kosten in H\u00f6he von 73,52 Mio. CHF f\u00fcr die Sanierung der Wohnsiedlung.<\/p>\n","protected":false},"author":3,"featured_media":19777,"comment_status":"closed","ping_status":"closed","sticky":false,"template":"","format":"standard","meta":{"_acf_changed":false,"_yoast_wpseo_focuskw":"Hardau","_yoast_wpseo_title":"","_yoast_wpseo_metadesc":"Statt mit 49,55 Mio. CHF rechnet die Stadt jetzt mit Kosten in H\u00f6he von 73,52 Mio. CHF.","_yoast_wpseo_linkdex":54,"pgc_sgb_lightbox_settings":"","footnotes":""},"categories":[985],"tags":[3385,1599,1662,1888],"class_list":["post-54482","post","type-post","status-publish","format-standard","has-post-thumbnail","hentry","category-regionen","tag-baukosten","tag-projekt-in-bau","tag-sanierung","tag-zuerich"],"acf":[],"yoast_head":"<!-- This site is optimized with the Yoast SEO plugin v27.4 - https:\/\/yoast.com\/product\/yoast-seo-wordpress\/ -->\n<title>Z\u00fcrich: Kosten f\u00fcr Sanierung von Hardau II sind h\u00f6her als geplant - IMMOBILIEN Business<\/title>\n<meta name=\"description\" content=\"Statt mit 49,55 Mio. CHF rechnet die Stadt jetzt mit Kosten in H\u00f6he von 73,52 Mio. CHF.\" \/>\n<meta name=\"robots\" content=\"index, follow, max-snippet:-1, max-image-preview:large, max-video-preview:-1\" \/>\n<link rel=\"canonical\" href=\"https:\/\/www.immobilienbusiness.ch\/de\/regionen\/2023-11-17\/zuerich-kosten-fuer-sanierung-der-wohnsiedlung-hardau-ii-hoeher-als-geplant\/\" \/>\n<meta property=\"og:locale\" content=\"de_DE\" \/>\n<meta property=\"og:type\" content=\"article\" \/>\n<meta property=\"og:title\" content=\"Z\u00fcrich: Kosten f\u00fcr Sanierung von Hardau II sind h\u00f6her als geplant - IMMOBILIEN Business\" \/>\n<meta property=\"og:description\" content=\"Statt mit 49,55 Mio. CHF rechnet die Stadt jetzt mit Kosten in H\u00f6he von 73,52 Mio. CHF.\" \/>\n<meta property=\"og:url\" content=\"https:\/\/www.immobilienbusiness.ch\/de\/regionen\/2023-11-17\/zuerich-kosten-fuer-sanierung-der-wohnsiedlung-hardau-ii-hoeher-als-geplant\/\" \/>\n<meta property=\"og:site_name\" content=\"IMMOBILIEN Business\" \/>\n<meta property=\"article:publisher\" content=\"https:\/\/www.facebook.com\/immobilienbusiness\/\" \/>\n<meta property=\"article:published_time\" content=\"2023-11-17T05:48:18+00:00\" \/>\n<meta property=\"og:image\" content=\"https:\/\/www.immobilienbusiness.ch\/wp-content\/uploads\/2020\/01\/Zuerich_Hardau_perspektivisch.jpg\" \/>\n\t<meta property=\"og:image:width\" content=\"2400\" \/>\n\t<meta property=\"og:image:height\" content=\"1600\" \/>\n\t<meta property=\"og:image:type\" content=\"image\/jpeg\" \/>\n<meta name=\"author\" content=\"anja.hall\" \/>\n<meta name=\"twitter:card\" content=\"summary_large_image\" \/>\n<script type=\"application\/ld+json\" class=\"yoast-schema-graph\">{\"@context\":\"https:\\\/\\\/schema.org\",\"@graph\":[{\"@type\":\"Article\",\"@id\":\"https:\\\/\\\/www.immobilienbusiness.ch\\\/regionen\\\/2023-11-17\\\/zuerich-kosten-fuer-sanierung-der-wohnsiedlung-hardau-ii-hoeher-als-geplant\\\/#article\",\"isPartOf\":{\"@id\":\"https:\\\/\\\/www.immobilienbusiness.ch\\\/regionen\\\/2023-11-17\\\/zuerich-kosten-fuer-sanierung-der-wohnsiedlung-hardau-ii-hoeher-als-geplant\\\/\"},\"author\":{\"name\":\"anja.hall\",\"@id\":\"https:\\\/\\\/www.immobilienbusiness.ch\\\/#\\\/schema\\\/person\\\/3fc036297b10b9f42d6db5ee932af8c8\"},\"headline\":\"Z\u00fcrich: Kosten f\u00fcr Sanierung von Hardau II sind h\u00f6her als geplant\",\"datePublished\":\"2023-11-17T05:48:18+00:00\",\"mainEntityOfPage\":{\"@id\":\"https:\\\/\\\/www.immobilienbusiness.ch\\\/regionen\\\/2023-11-17\\\/zuerich-kosten-fuer-sanierung-der-wohnsiedlung-hardau-ii-hoeher-als-geplant\\\/\"},\"wordCount\":213,\"publisher\":{\"@id\":\"https:\\\/\\\/www.immobilienbusiness.ch\\\/#organization\"},\"image\":{\"@id\":\"https:\\\/\\\/www.immobilienbusiness.ch\\\/regionen\\\/2023-11-17\\\/zuerich-kosten-fuer-sanierung-der-wohnsiedlung-hardau-ii-hoeher-als-geplant\\\/#primaryimage\"},\"thumbnailUrl\":\"https:\\\/\\\/www.immobilienbusiness.ch\\\/wp-content\\\/uploads\\\/2020\\\/01\\\/Zuerich_Hardau_perspektivisch.jpg\",\"keywords\":[\"Baukosten\",\"Projekt in Bau\",\"Sanierung\",\"Z\u00fcrich\"],\"articleSection\":[\"REGIONEN\"],\"inLanguage\":\"de\"},{\"@type\":\"WebPage\",\"@id\":\"https:\\\/\\\/www.immobilienbusiness.ch\\\/regionen\\\/2023-11-17\\\/zuerich-kosten-fuer-sanierung-der-wohnsiedlung-hardau-ii-hoeher-als-geplant\\\/\",\"url\":\"https:\\\/\\\/www.immobilienbusiness.ch\\\/regionen\\\/2023-11-17\\\/zuerich-kosten-fuer-sanierung-der-wohnsiedlung-hardau-ii-hoeher-als-geplant\\\/\",\"name\":\"Z\u00fcrich: Kosten f\u00fcr Sanierung von Hardau II sind h\u00f6her als geplant - IMMOBILIEN Business\",\"isPartOf\":{\"@id\":\"https:\\\/\\\/www.immobilienbusiness.ch\\\/#website\"},\"primaryImageOfPage\":{\"@id\":\"https:\\\/\\\/www.immobilienbusiness.ch\\\/regionen\\\/2023-11-17\\\/zuerich-kosten-fuer-sanierung-der-wohnsiedlung-hardau-ii-hoeher-als-geplant\\\/#primaryimage\"},\"image\":{\"@id\":\"https:\\\/\\\/www.immobilienbusiness.ch\\\/regionen\\\/2023-11-17\\\/zuerich-kosten-fuer-sanierung-der-wohnsiedlung-hardau-ii-hoeher-als-geplant\\\/#primaryimage\"},\"thumbnailUrl\":\"https:\\\/\\\/www.immobilienbusiness.ch\\\/wp-content\\\/uploads\\\/2020\\\/01\\\/Zuerich_Hardau_perspektivisch.jpg\",\"datePublished\":\"2023-11-17T05:48:18+00:00\",\"description\":\"Statt mit 49,55 Mio. CHF rechnet die Stadt jetzt mit Kosten in H\u00f6he von 73,52 Mio. CHF.\",\"breadcrumb\":{\"@id\":\"https:\\\/\\\/www.immobilienbusiness.ch\\\/regionen\\\/2023-11-17\\\/zuerich-kosten-fuer-sanierung-der-wohnsiedlung-hardau-ii-hoeher-als-geplant\\\/#breadcrumb\"},\"inLanguage\":\"de\",\"potentialAction\":[{\"@type\":\"ReadAction\",\"target\":[\"https:\\\/\\\/www.immobilienbusiness.ch\\\/regionen\\\/2023-11-17\\\/zuerich-kosten-fuer-sanierung-der-wohnsiedlung-hardau-ii-hoeher-als-geplant\\\/\"]}]},{\"@type\":\"ImageObject\",\"inLanguage\":\"de\",\"@id\":\"https:\\\/\\\/www.immobilienbusiness.ch\\\/regionen\\\/2023-11-17\\\/zuerich-kosten-fuer-sanierung-der-wohnsiedlung-hardau-ii-hoeher-als-geplant\\\/#primaryimage\",\"url\":\"https:\\\/\\\/www.immobilienbusiness.ch\\\/wp-content\\\/uploads\\\/2020\\\/01\\\/Zuerich_Hardau_perspektivisch.jpg\",\"contentUrl\":\"https:\\\/\\\/www.immobilienbusiness.ch\\\/wp-content\\\/uploads\\\/2020\\\/01\\\/Zuerich_Hardau_perspektivisch.jpg\",\"width\":2400,\"height\":1600,\"caption\":\"Die Hochh\u00e4user der Siedlung Hardau II (Bild: Ikiwaner, CC BY-SA 3.0, Wikimedia Commons)\"},{\"@type\":\"BreadcrumbList\",\"@id\":\"https:\\\/\\\/www.immobilienbusiness.ch\\\/regionen\\\/2023-11-17\\\/zuerich-kosten-fuer-sanierung-der-wohnsiedlung-hardau-ii-hoeher-als-geplant\\\/#breadcrumb\",\"itemListElement\":[{\"@type\":\"ListItem\",\"position\":1,\"name\":\"Home\",\"item\":\"https:\\\/\\\/www.immobilienbusiness.ch\\\/\"},{\"@type\":\"ListItem\",\"position\":2,\"name\":\"Z\u00fcrich: Kosten f\u00fcr Sanierung von Hardau II sind h\u00f6her als geplant\"}]},{\"@type\":\"WebSite\",\"@id\":\"https:\\\/\\\/www.immobilienbusiness.ch\\\/#website\",\"url\":\"https:\\\/\\\/www.immobilienbusiness.ch\\\/\",\"name\":\"IMMOBILIEN Business\",\"description\":\"Unabh\u00e4ngiges Schweizer Wirtschaftsmagazin mit Fokus auf Immobilien, Architektur- und Bau sowie Investment- und Finanzierung.\",\"publisher\":{\"@id\":\"https:\\\/\\\/www.immobilienbusiness.ch\\\/#organization\"},\"potentialAction\":[{\"@type\":\"SearchAction\",\"target\":{\"@type\":\"EntryPoint\",\"urlTemplate\":\"https:\\\/\\\/www.immobilienbusiness.ch\\\/?s={search_term_string}\"},\"query-input\":{\"@type\":\"PropertyValueSpecification\",\"valueRequired\":true,\"valueName\":\"search_term_string\"}}],\"inLanguage\":\"de\"},{\"@type\":\"Organization\",\"@id\":\"https:\\\/\\\/www.immobilienbusiness.ch\\\/#organization\",\"name\":\"IMMOBILIEN Business\",\"url\":\"https:\\\/\\\/www.immobilienbusiness.ch\\\/\",\"logo\":{\"@type\":\"ImageObject\",\"inLanguage\":\"de\",\"@id\":\"https:\\\/\\\/www.immobilienbusiness.ch\\\/#\\\/schema\\\/logo\\\/image\\\/\",\"url\":\"https:\\\/\\\/www.immobilienbusiness.ch\\\/wp-content\\\/uploads\\\/2021\\\/07\\\/logo_ib.png\",\"contentUrl\":\"https:\\\/\\\/www.immobilienbusiness.ch\\\/wp-content\\\/uploads\\\/2021\\\/07\\\/logo_ib.png\",\"width\":800,\"height\":181,\"caption\":\"IMMOBILIEN Business\"},\"image\":{\"@id\":\"https:\\\/\\\/www.immobilienbusiness.ch\\\/#\\\/schema\\\/logo\\\/image\\\/\"},\"sameAs\":[\"https:\\\/\\\/www.facebook.com\\\/immobilienbusiness\\\/\"]},{\"@type\":\"Person\",\"@id\":\"https:\\\/\\\/www.immobilienbusiness.ch\\\/#\\\/schema\\\/person\\\/3fc036297b10b9f42d6db5ee932af8c8\",\"name\":\"anja.hall\",\"image\":{\"@type\":\"ImageObject\",\"inLanguage\":\"de\",\"@id\":\"https:\\\/\\\/secure.gravatar.com\\\/avatar\\\/066b5a0d447013502c71a5782f4f3469f03cfe595cc2329fb94652fe47511bfb?s=96&d=mm&r=g\",\"url\":\"https:\\\/\\\/secure.gravatar.com\\\/avatar\\\/066b5a0d447013502c71a5782f4f3469f03cfe595cc2329fb94652fe47511bfb?s=96&d=mm&r=g\",\"contentUrl\":\"https:\\\/\\\/secure.gravatar.com\\\/avatar\\\/066b5a0d447013502c71a5782f4f3469f03cfe595cc2329fb94652fe47511bfb?s=96&d=mm&r=g\",\"caption\":\"anja.hall\"},\"url\":\"https:\\\/\\\/www.immobilienbusiness.ch\\\/de\\\/author\\\/anja-hall\\\/\"}]}<\/script>\n<!-- \/ Yoast SEO plugin. -->","yoast_head_json":{"title":"Z\u00fcrich: Kosten f\u00fcr Sanierung von Hardau II sind h\u00f6her als geplant - IMMOBILIEN Business","description":"Statt mit 49,55 Mio. CHF rechnet die Stadt jetzt mit Kosten in H\u00f6he von 73,52 Mio. CHF.","robots":{"index":"index","follow":"follow","max-snippet":"max-snippet:-1","max-image-preview":"max-image-preview:large","max-video-preview":"max-video-preview:-1"},"canonical":"https:\/\/www.immobilienbusiness.ch\/de\/regionen\/2023-11-17\/zuerich-kosten-fuer-sanierung-der-wohnsiedlung-hardau-ii-hoeher-als-geplant\/","og_locale":"de_DE","og_type":"article","og_title":"Z\u00fcrich: Kosten f\u00fcr Sanierung von Hardau II sind h\u00f6her als geplant - IMMOBILIEN Business","og_description":"Statt mit 49,55 Mio. CHF rechnet die Stadt jetzt mit Kosten in H\u00f6he von 73,52 Mio. CHF.","og_url":"https:\/\/www.immobilienbusiness.ch\/de\/regionen\/2023-11-17\/zuerich-kosten-fuer-sanierung-der-wohnsiedlung-hardau-ii-hoeher-als-geplant\/","og_site_name":"IMMOBILIEN Business","article_publisher":"https:\/\/www.facebook.com\/immobilienbusiness\/","article_published_time":"2023-11-17T05:48:18+00:00","og_image":[{"width":2400,"height":1600,"url":"https:\/\/www.immobilienbusiness.ch\/wp-content\/uploads\/2020\/01\/Zuerich_Hardau_perspektivisch.jpg","type":"image\/jpeg"}],"author":"anja.hall","twitter_card":"summary_large_image","schema":{"@context":"https:\/\/schema.org","@graph":[{"@type":"Article","@id":"https:\/\/www.immobilienbusiness.ch\/regionen\/2023-11-17\/zuerich-kosten-fuer-sanierung-der-wohnsiedlung-hardau-ii-hoeher-als-geplant\/#article","isPartOf":{"@id":"https:\/\/www.immobilienbusiness.ch\/regionen\/2023-11-17\/zuerich-kosten-fuer-sanierung-der-wohnsiedlung-hardau-ii-hoeher-als-geplant\/"},"author":{"name":"anja.hall","@id":"https:\/\/www.immobilienbusiness.ch\/#\/schema\/person\/3fc036297b10b9f42d6db5ee932af8c8"},"headline":"Z\u00fcrich: Kosten f\u00fcr Sanierung von Hardau II sind h\u00f6her als geplant","datePublished":"2023-11-17T05:48:18+00:00","mainEntityOfPage":{"@id":"https:\/\/www.immobilienbusiness.ch\/regionen\/2023-11-17\/zuerich-kosten-fuer-sanierung-der-wohnsiedlung-hardau-ii-hoeher-als-geplant\/"},"wordCount":213,"publisher":{"@id":"https:\/\/www.immobilienbusiness.ch\/#organization"},"image":{"@id":"https:\/\/www.immobilienbusiness.ch\/regionen\/2023-11-17\/zuerich-kosten-fuer-sanierung-der-wohnsiedlung-hardau-ii-hoeher-als-geplant\/#primaryimage"},"thumbnailUrl":"https:\/\/www.immobilienbusiness.ch\/wp-content\/uploads\/2020\/01\/Zuerich_Hardau_perspektivisch.jpg","keywords":["Baukosten","Projekt in Bau","Sanierung","Z\u00fcrich"],"articleSection":["REGIONEN"],"inLanguage":"de"},{"@type":"WebPage","@id":"https:\/\/www.immobilienbusiness.ch\/regionen\/2023-11-17\/zuerich-kosten-fuer-sanierung-der-wohnsiedlung-hardau-ii-hoeher-als-geplant\/","url":"https:\/\/www.immobilienbusiness.ch\/regionen\/2023-11-17\/zuerich-kosten-fuer-sanierung-der-wohnsiedlung-hardau-ii-hoeher-als-geplant\/","name":"Z\u00fcrich: Kosten f\u00fcr Sanierung von Hardau II sind h\u00f6her als geplant - IMMOBILIEN Business","isPartOf":{"@id":"https:\/\/www.immobilienbusiness.ch\/#website"},"primaryImageOfPage":{"@id":"https:\/\/www.immobilienbusiness.ch\/regionen\/2023-11-17\/zuerich-kosten-fuer-sanierung-der-wohnsiedlung-hardau-ii-hoeher-als-geplant\/#primaryimage"},"image":{"@id":"https:\/\/www.immobilienbusiness.ch\/regionen\/2023-11-17\/zuerich-kosten-fuer-sanierung-der-wohnsiedlung-hardau-ii-hoeher-als-geplant\/#primaryimage"},"thumbnailUrl":"https:\/\/www.immobilienbusiness.ch\/wp-content\/uploads\/2020\/01\/Zuerich_Hardau_perspektivisch.jpg","datePublished":"2023-11-17T05:48:18+00:00","description":"Statt mit 49,55 Mio. CHF rechnet die Stadt jetzt mit Kosten in H\u00f6he von 73,52 Mio. CHF.","breadcrumb":{"@id":"https:\/\/www.immobilienbusiness.ch\/regionen\/2023-11-17\/zuerich-kosten-fuer-sanierung-der-wohnsiedlung-hardau-ii-hoeher-als-geplant\/#breadcrumb"},"inLanguage":"de","potentialAction":[{"@type":"ReadAction","target":["https:\/\/www.immobilienbusiness.ch\/regionen\/2023-11-17\/zuerich-kosten-fuer-sanierung-der-wohnsiedlung-hardau-ii-hoeher-als-geplant\/"]}]},{"@type":"ImageObject","inLanguage":"de","@id":"https:\/\/www.immobilienbusiness.ch\/regionen\/2023-11-17\/zuerich-kosten-fuer-sanierung-der-wohnsiedlung-hardau-ii-hoeher-als-geplant\/#primaryimage","url":"https:\/\/www.immobilienbusiness.ch\/wp-content\/uploads\/2020\/01\/Zuerich_Hardau_perspektivisch.jpg","contentUrl":"https:\/\/www.immobilienbusiness.ch\/wp-content\/uploads\/2020\/01\/Zuerich_Hardau_perspektivisch.jpg","width":2400,"height":1600,"caption":"Die Hochh\u00e4user der Siedlung Hardau II (Bild: Ikiwaner, CC BY-SA 3.0, Wikimedia Commons)"},{"@type":"BreadcrumbList","@id":"https:\/\/www.immobilienbusiness.ch\/regionen\/2023-11-17\/zuerich-kosten-fuer-sanierung-der-wohnsiedlung-hardau-ii-hoeher-als-geplant\/#breadcrumb","itemListElement":[{"@type":"ListItem","position":1,"name":"Home","item":"https:\/\/www.immobilienbusiness.ch\/"},{"@type":"ListItem","position":2,"name":"Z\u00fcrich: Kosten f\u00fcr Sanierung von Hardau II sind h\u00f6her als geplant"}]},{"@type":"WebSite","@id":"https:\/\/www.immobilienbusiness.ch\/#website","url":"https:\/\/www.immobilienbusiness.ch\/","name":"IMMOBILIEN Business","description":"Unabh\u00e4ngiges Schweizer Wirtschaftsmagazin mit Fokus auf Immobilien, Architektur- und Bau sowie Investment- und Finanzierung.","publisher":{"@id":"https:\/\/www.immobilienbusiness.ch\/#organization"},"potentialAction":[{"@type":"SearchAction","target":{"@type":"EntryPoint","urlTemplate":"https:\/\/www.immobilienbusiness.ch\/?s={search_term_string}"},"query-input":{"@type":"PropertyValueSpecification","valueRequired":true,"valueName":"search_term_string"}}],"inLanguage":"de"},{"@type":"Organization","@id":"https:\/\/www.immobilienbusiness.ch\/#organization","name":"IMMOBILIEN Business","url":"https:\/\/www.immobilienbusiness.ch\/","logo":{"@type":"ImageObject","inLanguage":"de","@id":"https:\/\/www.immobilienbusiness.ch\/#\/schema\/logo\/image\/","url":"https:\/\/www.immobilienbusiness.ch\/wp-content\/uploads\/2021\/07\/logo_ib.png","contentUrl":"https:\/\/www.immobilienbusiness.ch\/wp-content\/uploads\/2021\/07\/logo_ib.png","width":800,"height":181,"caption":"IMMOBILIEN Business"},"image":{"@id":"https:\/\/www.immobilienbusiness.ch\/#\/schema\/logo\/image\/"},"sameAs":["https:\/\/www.facebook.com\/immobilienbusiness\/"]},{"@type":"Person","@id":"https:\/\/www.immobilienbusiness.ch\/#\/schema\/person\/3fc036297b10b9f42d6db5ee932af8c8","name":"anja.hall","image":{"@type":"ImageObject","inLanguage":"de","@id":"https:\/\/secure.gravatar.com\/avatar\/066b5a0d447013502c71a5782f4f3469f03cfe595cc2329fb94652fe47511bfb?s=96&d=mm&r=g","url":"https:\/\/secure.gravatar.com\/avatar\/066b5a0d447013502c71a5782f4f3469f03cfe595cc2329fb94652fe47511bfb?s=96&d=mm&r=g","contentUrl":"https:\/\/secure.gravatar.com\/avatar\/066b5a0d447013502c71a5782f4f3469f03cfe595cc2329fb94652fe47511bfb?s=96&d=mm&r=g","caption":"anja.hall"},"url":"https:\/\/www.immobilienbusiness.ch\/de\/author\/anja-hall\/"}]}},"_links":{"self":[{"href":"https:\/\/www.immobilienbusiness.ch\/de\/wp-json\/wp\/v2\/posts\/54482","targetHints":{"allow":["GET"]}}],"collection":[{"href":"https:\/\/www.immobilienbusiness.ch\/de\/wp-json\/wp\/v2\/posts"}],"about":[{"href":"https:\/\/www.immobilienbusiness.ch\/de\/wp-json\/wp\/v2\/types\/post"}],"author":[{"embeddable":true,"href":"https:\/\/www.immobilienbusiness.ch\/de\/wp-json\/wp\/v2\/users\/3"}],"replies":[{"embeddable":true,"href":"https:\/\/www.immobilienbusiness.ch\/de\/wp-json\/wp\/v2\/comments?post=54482"}],"version-history":[{"count":3,"href":"https:\/\/www.immobilienbusiness.ch\/de\/wp-json\/wp\/v2\/posts\/54482\/revisions"}],"predecessor-version":[{"id":54485,"href":"https:\/\/www.immobilienbusiness.ch\/de\/wp-json\/wp\/v2\/posts\/54482\/revisions\/54485"}],"wp:featuredmedia":[{"embeddable":true,"href":"https:\/\/www.immobilienbusiness.ch\/de\/wp-json\/wp\/v2\/media\/19777"}],"wp:attachment":[{"href":"https:\/\/www.immobilienbusiness.ch\/de\/wp-json\/wp\/v2\/media?parent=54482"}],"wp:term":[{"taxonomy":"category","embeddable":true,"href":"https:\/\/www.immobilienbusiness.ch\/de\/wp-json\/wp\/v2\/categories?post=54482"},{"taxonomy":"post_tag","embeddable":true,"href":"https:\/\/www.immobilienbusiness.ch\/de\/wp-json\/wp\/v2\/tags?post=54482"}],"curies":[{"name":"wp","href":"https:\/\/api.w.org\/{rel}","templated":true}]}}