{"id":54476,"date":"2023-11-17T07:09:53","date_gmt":"2023-11-17T06:09:53","guid":{"rendered":"https:\/\/www.immobilienbusiness.ch\/?p=54476"},"modified":"2023-11-16T11:15:22","modified_gmt":"2023-11-16T10:15:22","slug":"seelisberg-halter-will-sonnenberg-anlage-zum-hotel-und-wohnstandort-machen","status":"publish","type":"post","link":"https:\/\/www.immobilienbusiness.ch\/de\/regionen\/2023-11-17\/seelisberg-halter-will-sonnenberg-anlage-zum-hotel-und-wohnstandort-machen\/","title":{"rendered":"Seelisberg: Halter will Sonnenberg-Anlage zum Hotel- und Wohnstandort machen"},"content":{"rendered":"<figure id=\"attachment_54477\" aria-describedby=\"caption-attachment-54477\" style=\"width: 1200px\" class=\"wp-caption alignnone\"><a href=\"https:\/\/www.immobilienbusiness.ch\/wp-content\/uploads\/2023\/11\/231115_projekt_sonnenberg_gesamtansicht_1-scaled.jpg\"><img loading=\"lazy\" decoding=\"async\" class=\"size-full wp-image-54477\" src=\"https:\/\/www.immobilienbusiness.ch\/wp-content\/uploads\/2023\/11\/231115_projekt_sonnenberg_gesamtansicht_1-scaled.jpg\" alt=\"\" width=\"1200\" height=\"800\" srcset=\"https:\/\/www.immobilienbusiness.ch\/wp-content\/uploads\/2023\/11\/231115_projekt_sonnenberg_gesamtansicht_1-scaled.jpg 1200w, https:\/\/www.immobilienbusiness.ch\/wp-content\/uploads\/2023\/11\/231115_projekt_sonnenberg_gesamtansicht_1-300x200.jpg 300w, https:\/\/www.immobilienbusiness.ch\/wp-content\/uploads\/2023\/11\/231115_projekt_sonnenberg_gesamtansicht_1-1024x683.jpg 1024w, https:\/\/www.immobilienbusiness.ch\/wp-content\/uploads\/2023\/11\/231115_projekt_sonnenberg_gesamtansicht_1-768x512.jpg 768w, https:\/\/www.immobilienbusiness.ch\/wp-content\/uploads\/2023\/11\/231115_projekt_sonnenberg_gesamtansicht_1-1536x1024.jpg 1536w, https:\/\/www.immobilienbusiness.ch\/wp-content\/uploads\/2023\/11\/231115_projekt_sonnenberg_gesamtansicht_1-2048x1365.jpg 2048w, https:\/\/www.immobilienbusiness.ch\/wp-content\/uploads\/2023\/11\/231115_projekt_sonnenberg_gesamtansicht_1-18x12.jpg 18w, https:\/\/www.immobilienbusiness.ch\/wp-content\/uploads\/2023\/11\/231115_projekt_sonnenberg_gesamtansicht_1-375x250.jpg 375w, https:\/\/www.immobilienbusiness.ch\/wp-content\/uploads\/2023\/11\/231115_projekt_sonnenberg_gesamtansicht_1-525x350.jpg 525w, https:\/\/www.immobilienbusiness.ch\/wp-content\/uploads\/2023\/11\/231115_projekt_sonnenberg_gesamtansicht_1-1000x667.jpg 1000w\" sizes=\"auto, (max-width: 1200px) 100vw, 1200px\" \/><\/a><figcaption id=\"caption-attachment-54477\" class=\"wp-caption-text\">So k\u00f6nnte die Sonnenberg-Anlage dereinst aussehen (Visualisierung: Iwan B\u00fchler Architekten)<\/figcaption><\/figure>\n<p>Eine der prominentesten Liegenschaften der Schweiz, der fr\u00fchere Hauptsitz der Maharishi-Stiftung \u00fcber dem R\u00fctli in Seelisberg, wird revitalisiert. Wie diese Revitalisierung im Detail aussehen soll, wurde nun bekannt. Die Halter AG stellte den Projektvorschlag jetzt vor.<\/p>\n<p>Halter will die Sonnenberg-Anlage als Hotelkomplex neu positionieren und mit neuen Wohnbauten \u00abals wirtschaftlichem Tragpfeiler\u00bb erg\u00e4nzen, wie der Projektentwickler mitteilt. Damit solle die Anlage dem historischen Kontext gerecht und gleichzeitig nachhaltig lebensf\u00e4hig gestaltet werden.<\/p>\n<p>Der Entwurf sieht einerseits die Erhaltung der Hotels Sonnenberg und Kulm vor, andererseits soll die Anlage verdichtet werden. Auf den vier Baufeldern entstehen ein Hotelbetrieb mit rund 130 Einheiten und daneben circa 120 Wohnungen, teilt Halter mit. Erg\u00e4nzt werde das Ensemble mit gastronomischen Angeboten.<\/p>\n<p>Das Hotel Sonnenberg steht unter Denkmalschutz mit regionaler Bedeutung, es soll den Pl\u00e4nen zufolge als Kern der Anlage bestehen bleiben. Bestandsbauten will Halter entfernen und durch Neubauten, die r\u00fcckw\u00e4rtig ans Geb\u00e4ude anschliessen, ersetzen.<\/p>\n<h3>Hotel Kulm wird zum Wohnhaus<\/h3>\n<p>Das Hotel Kulm steht zwar nicht unter Schutz, aber auch hier sollen Grundsubstanz und \u00e4ussere Erscheinung weitgehend intakt bleiben. Es wird zu einem Wohnhaus umgebaut, in den zus\u00e4tzlichen Fl\u00e4chen im vorgelagerten Untergeschoss, direkt in der Felswand, k\u00f6nnen Apartments f\u00fcr den Hotelbetrieb positioniert werden, so Halter. Im Erdgeschoss ist ein Restaurant mit Gartenterrasse geplant.<\/p>\n<p>S\u00fcdlich des Hotels entstehen zwei Neubauten mit Wohnungen. Auch im Norden des Perimaters sind Wohnh\u00e4user geplant. Hier will Halter anstelle des ehemaligen Hotels Waldhaus R\u00fctli und des r\u00fcckw\u00e4rtigen Bestandsgeb\u00e4udes Punktbauten mit Wohnungen erstellen.<\/p>\n<p>Zum Projektvorschlag wird die Eidgen\u00f6ssische Natur- und Heimatschutzkommission (ENHK) zusammen mit der Eidgen\u00f6ssischen Kommission f\u00fcr Denkmalpflege (EKD) Stellung nehmen. Unterdessen laufen die Vorbereitungen zur Anpassung der kommunalen Nutzungsplanung und zur Erstellung eines Quartiergestaltungsplans. Wenn es nicht zu einer Verz\u00f6gerung durch Rechtsmittelverfahren kommt, k\u00f6nne Ende 2025 das Baugesuch eingereicht werden, erkl\u00e4rt Halter. <em>(ah)<\/em><\/p>\n","protected":false},"excerpt":{"rendered":"<p>Der Projektvorschlag sieht vor, die Geb\u00e4ude des Grandhotels Sonnenberg und des Kurhotels Kulm zu revitalisieren und um Neubauten zu erg\u00e4nzen.<\/p>\n","protected":false},"author":3,"featured_media":54477,"comment_status":"closed","ping_status":"closed","sticky":false,"template":"","format":"standard","meta":{"_acf_changed":false,"_yoast_wpseo_focuskw":"Seelisberg","_yoast_wpseo_title":"","_yoast_wpseo_metadesc":"Der Projektvorschlag sieht vor, die Geb\u00e4ude des Grandhotels Sonnenberg und des Kurhotels Kulm zu revitalisieren und um Neubauten zu erg\u00e4nzen.","_yoast_wpseo_linkdex":60,"pgc_sgb_lightbox_settings":"","footnotes":""},"categories":[985],"tags":[1291,1313,1407,1600,1863],"class_list":["post-54476","post","type-post","status-publish","format-standard","has-post-thumbnail","hentry","category-regionen","tag-halter-ag","tag-hotel","tag-kanton-uri","tag-projekt-in-planung","tag-wohnimmobilien"],"acf":[],"yoast_head":"<!-- This site is optimized with the Yoast SEO plugin v27.4 - https:\/\/yoast.com\/product\/yoast-seo-wordpress\/ -->\n<title>Seelisberg: Halter will Sonnenberg-Anlage zum Hotel- und Wohnstandort machen - IMMOBILIEN Business<\/title>\n<meta name=\"description\" content=\"Der Projektvorschlag sieht vor, die Geb\u00e4ude des Grandhotels Sonnenberg und des Kurhotels Kulm zu revitalisieren und um Neubauten zu erg\u00e4nzen.\" \/>\n<meta name=\"robots\" content=\"index, follow, max-snippet:-1, max-image-preview:large, max-video-preview:-1\" \/>\n<link rel=\"canonical\" href=\"https:\/\/www.immobilienbusiness.ch\/de\/regionen\/2023-11-17\/seelisberg-halter-will-sonnenberg-anlage-zum-hotel-und-wohnstandort-machen\/\" \/>\n<meta property=\"og:locale\" content=\"de_DE\" \/>\n<meta property=\"og:type\" content=\"article\" \/>\n<meta property=\"og:title\" content=\"Seelisberg: Halter will Sonnenberg-Anlage zum Hotel- und Wohnstandort machen - IMMOBILIEN Business\" \/>\n<meta property=\"og:description\" content=\"Der Projektvorschlag sieht vor, die Geb\u00e4ude des Grandhotels Sonnenberg und des Kurhotels Kulm zu revitalisieren und um Neubauten zu erg\u00e4nzen.\" \/>\n<meta property=\"og:url\" content=\"https:\/\/www.immobilienbusiness.ch\/de\/regionen\/2023-11-17\/seelisberg-halter-will-sonnenberg-anlage-zum-hotel-und-wohnstandort-machen\/\" \/>\n<meta property=\"og:site_name\" content=\"IMMOBILIEN Business\" \/>\n<meta property=\"article:publisher\" content=\"https:\/\/www.facebook.com\/immobilienbusiness\/\" \/>\n<meta property=\"article:published_time\" content=\"2023-11-17T06:09:53+00:00\" \/>\n<meta property=\"og:image\" content=\"https:\/\/www.immobilienbusiness.ch\/wp-content\/uploads\/2023\/11\/231115_projekt_sonnenberg_gesamtansicht_1-scaled.jpg\" \/>\n\t<meta property=\"og:image:width\" content=\"1200\" \/>\n\t<meta property=\"og:image:height\" content=\"800\" \/>\n\t<meta property=\"og:image:type\" content=\"image\/jpeg\" \/>\n<meta name=\"author\" content=\"anja.hall\" \/>\n<meta name=\"twitter:card\" content=\"summary_large_image\" \/>\n<script type=\"application\/ld+json\" class=\"yoast-schema-graph\">{\"@context\":\"https:\\\/\\\/schema.org\",\"@graph\":[{\"@type\":\"Article\",\"@id\":\"https:\\\/\\\/www.immobilienbusiness.ch\\\/en\\\/regionen\\\/2023-11-17\\\/seelisberg-halter-will-sonnenberg-anlage-zum-hotel-und-wohnstandort-machen\\\/#article\",\"isPartOf\":{\"@id\":\"https:\\\/\\\/www.immobilienbusiness.ch\\\/en\\\/regionen\\\/2023-11-17\\\/seelisberg-halter-will-sonnenberg-anlage-zum-hotel-und-wohnstandort-machen\\\/\"},\"author\":{\"name\":\"anja.hall\",\"@id\":\"https:\\\/\\\/www.immobilienbusiness.ch\\\/#\\\/schema\\\/person\\\/3fc036297b10b9f42d6db5ee932af8c8\"},\"headline\":\"Seelisberg: Halter will Sonnenberg-Anlage zum Hotel- und Wohnstandort machen\",\"datePublished\":\"2023-11-17T06:09:53+00:00\",\"mainEntityOfPage\":{\"@id\":\"https:\\\/\\\/www.immobilienbusiness.ch\\\/en\\\/regionen\\\/2023-11-17\\\/seelisberg-halter-will-sonnenberg-anlage-zum-hotel-und-wohnstandort-machen\\\/\"},\"wordCount\":340,\"publisher\":{\"@id\":\"https:\\\/\\\/www.immobilienbusiness.ch\\\/#organization\"},\"image\":{\"@id\":\"https:\\\/\\\/www.immobilienbusiness.ch\\\/en\\\/regionen\\\/2023-11-17\\\/seelisberg-halter-will-sonnenberg-anlage-zum-hotel-und-wohnstandort-machen\\\/#primaryimage\"},\"thumbnailUrl\":\"https:\\\/\\\/www.immobilienbusiness.ch\\\/wp-content\\\/uploads\\\/2023\\\/11\\\/231115_projekt_sonnenberg_gesamtansicht_1-scaled.jpg\",\"keywords\":[\"Halter AG\",\"Hotel\",\"Kanton Uri\",\"Projekt in Planung\",\"Wohnimmobilien\"],\"articleSection\":[\"REGIONEN\"],\"inLanguage\":\"de\"},{\"@type\":\"WebPage\",\"@id\":\"https:\\\/\\\/www.immobilienbusiness.ch\\\/en\\\/regionen\\\/2023-11-17\\\/seelisberg-halter-will-sonnenberg-anlage-zum-hotel-und-wohnstandort-machen\\\/\",\"url\":\"https:\\\/\\\/www.immobilienbusiness.ch\\\/en\\\/regionen\\\/2023-11-17\\\/seelisberg-halter-will-sonnenberg-anlage-zum-hotel-und-wohnstandort-machen\\\/\",\"name\":\"Seelisberg: Halter will Sonnenberg-Anlage zum Hotel- und Wohnstandort machen - IMMOBILIEN Business\",\"isPartOf\":{\"@id\":\"https:\\\/\\\/www.immobilienbusiness.ch\\\/#website\"},\"primaryImageOfPage\":{\"@id\":\"https:\\\/\\\/www.immobilienbusiness.ch\\\/en\\\/regionen\\\/2023-11-17\\\/seelisberg-halter-will-sonnenberg-anlage-zum-hotel-und-wohnstandort-machen\\\/#primaryimage\"},\"image\":{\"@id\":\"https:\\\/\\\/www.immobilienbusiness.ch\\\/en\\\/regionen\\\/2023-11-17\\\/seelisberg-halter-will-sonnenberg-anlage-zum-hotel-und-wohnstandort-machen\\\/#primaryimage\"},\"thumbnailUrl\":\"https:\\\/\\\/www.immobilienbusiness.ch\\\/wp-content\\\/uploads\\\/2023\\\/11\\\/231115_projekt_sonnenberg_gesamtansicht_1-scaled.jpg\",\"datePublished\":\"2023-11-17T06:09:53+00:00\",\"description\":\"Der Projektvorschlag sieht vor, die Geb\u00e4ude des Grandhotels Sonnenberg und des Kurhotels Kulm zu revitalisieren und um Neubauten zu erg\u00e4nzen.\",\"breadcrumb\":{\"@id\":\"https:\\\/\\\/www.immobilienbusiness.ch\\\/en\\\/regionen\\\/2023-11-17\\\/seelisberg-halter-will-sonnenberg-anlage-zum-hotel-und-wohnstandort-machen\\\/#breadcrumb\"},\"inLanguage\":\"de\",\"potentialAction\":[{\"@type\":\"ReadAction\",\"target\":[\"https:\\\/\\\/www.immobilienbusiness.ch\\\/en\\\/regionen\\\/2023-11-17\\\/seelisberg-halter-will-sonnenberg-anlage-zum-hotel-und-wohnstandort-machen\\\/\"]}]},{\"@type\":\"ImageObject\",\"inLanguage\":\"de\",\"@id\":\"https:\\\/\\\/www.immobilienbusiness.ch\\\/en\\\/regionen\\\/2023-11-17\\\/seelisberg-halter-will-sonnenberg-anlage-zum-hotel-und-wohnstandort-machen\\\/#primaryimage\",\"url\":\"https:\\\/\\\/www.immobilienbusiness.ch\\\/wp-content\\\/uploads\\\/2023\\\/11\\\/231115_projekt_sonnenberg_gesamtansicht_1-scaled.jpg\",\"contentUrl\":\"https:\\\/\\\/www.immobilienbusiness.ch\\\/wp-content\\\/uploads\\\/2023\\\/11\\\/231115_projekt_sonnenberg_gesamtansicht_1-scaled.jpg\",\"width\":1200,\"height\":800,\"caption\":\"Eine ikonische Hotel-Anlage soll eine neue Zukunft bekommen (Quelle: Halter AG)\"},{\"@type\":\"BreadcrumbList\",\"@id\":\"https:\\\/\\\/www.immobilienbusiness.ch\\\/en\\\/regionen\\\/2023-11-17\\\/seelisberg-halter-will-sonnenberg-anlage-zum-hotel-und-wohnstandort-machen\\\/#breadcrumb\",\"itemListElement\":[{\"@type\":\"ListItem\",\"position\":1,\"name\":\"Home\",\"item\":\"https:\\\/\\\/www.immobilienbusiness.ch\\\/\"},{\"@type\":\"ListItem\",\"position\":2,\"name\":\"Seelisberg: Halter will Sonnenberg-Anlage zum Hotel- und Wohnstandort machen\"}]},{\"@type\":\"WebSite\",\"@id\":\"https:\\\/\\\/www.immobilienbusiness.ch\\\/#website\",\"url\":\"https:\\\/\\\/www.immobilienbusiness.ch\\\/\",\"name\":\"IMMOBILIEN Business\",\"description\":\"Unabh\u00e4ngiges Schweizer Wirtschaftsmagazin mit Fokus auf Immobilien, Architektur- und Bau sowie Investment- und Finanzierung.\",\"publisher\":{\"@id\":\"https:\\\/\\\/www.immobilienbusiness.ch\\\/#organization\"},\"potentialAction\":[{\"@type\":\"SearchAction\",\"target\":{\"@type\":\"EntryPoint\",\"urlTemplate\":\"https:\\\/\\\/www.immobilienbusiness.ch\\\/?s={search_term_string}\"},\"query-input\":{\"@type\":\"PropertyValueSpecification\",\"valueRequired\":true,\"valueName\":\"search_term_string\"}}],\"inLanguage\":\"de\"},{\"@type\":\"Organization\",\"@id\":\"https:\\\/\\\/www.immobilienbusiness.ch\\\/#organization\",\"name\":\"IMMOBILIEN Business\",\"url\":\"https:\\\/\\\/www.immobilienbusiness.ch\\\/\",\"logo\":{\"@type\":\"ImageObject\",\"inLanguage\":\"de\",\"@id\":\"https:\\\/\\\/www.immobilienbusiness.ch\\\/#\\\/schema\\\/logo\\\/image\\\/\",\"url\":\"https:\\\/\\\/www.immobilienbusiness.ch\\\/wp-content\\\/uploads\\\/2021\\\/07\\\/logo_ib.png\",\"contentUrl\":\"https:\\\/\\\/www.immobilienbusiness.ch\\\/wp-content\\\/uploads\\\/2021\\\/07\\\/logo_ib.png\",\"width\":800,\"height\":181,\"caption\":\"IMMOBILIEN Business\"},\"image\":{\"@id\":\"https:\\\/\\\/www.immobilienbusiness.ch\\\/#\\\/schema\\\/logo\\\/image\\\/\"},\"sameAs\":[\"https:\\\/\\\/www.facebook.com\\\/immobilienbusiness\\\/\"]},{\"@type\":\"Person\",\"@id\":\"https:\\\/\\\/www.immobilienbusiness.ch\\\/#\\\/schema\\\/person\\\/3fc036297b10b9f42d6db5ee932af8c8\",\"name\":\"anja.hall\",\"image\":{\"@type\":\"ImageObject\",\"inLanguage\":\"de\",\"@id\":\"https:\\\/\\\/secure.gravatar.com\\\/avatar\\\/066b5a0d447013502c71a5782f4f3469f03cfe595cc2329fb94652fe47511bfb?s=96&d=mm&r=g\",\"url\":\"https:\\\/\\\/secure.gravatar.com\\\/avatar\\\/066b5a0d447013502c71a5782f4f3469f03cfe595cc2329fb94652fe47511bfb?s=96&d=mm&r=g\",\"contentUrl\":\"https:\\\/\\\/secure.gravatar.com\\\/avatar\\\/066b5a0d447013502c71a5782f4f3469f03cfe595cc2329fb94652fe47511bfb?s=96&d=mm&r=g\",\"caption\":\"anja.hall\"},\"url\":\"https:\\\/\\\/www.immobilienbusiness.ch\\\/de\\\/author\\\/anja-hall\\\/\"}]}<\/script>\n<!-- \/ Yoast SEO plugin. -->","yoast_head_json":{"title":"Seelisberg: Halter will Sonnenberg-Anlage zum Hotel- und Wohnstandort machen - IMMOBILIEN Business","description":"Der Projektvorschlag sieht vor, die Geb\u00e4ude des Grandhotels Sonnenberg und des Kurhotels Kulm zu revitalisieren und um Neubauten zu erg\u00e4nzen.","robots":{"index":"index","follow":"follow","max-snippet":"max-snippet:-1","max-image-preview":"max-image-preview:large","max-video-preview":"max-video-preview:-1"},"canonical":"https:\/\/www.immobilienbusiness.ch\/de\/regionen\/2023-11-17\/seelisberg-halter-will-sonnenberg-anlage-zum-hotel-und-wohnstandort-machen\/","og_locale":"de_DE","og_type":"article","og_title":"Seelisberg: Halter will Sonnenberg-Anlage zum Hotel- und Wohnstandort machen - IMMOBILIEN Business","og_description":"Der Projektvorschlag sieht vor, die Geb\u00e4ude des Grandhotels Sonnenberg und des Kurhotels Kulm zu revitalisieren und um Neubauten zu erg\u00e4nzen.","og_url":"https:\/\/www.immobilienbusiness.ch\/de\/regionen\/2023-11-17\/seelisberg-halter-will-sonnenberg-anlage-zum-hotel-und-wohnstandort-machen\/","og_site_name":"IMMOBILIEN Business","article_publisher":"https:\/\/www.facebook.com\/immobilienbusiness\/","article_published_time":"2023-11-17T06:09:53+00:00","og_image":[{"width":1200,"height":800,"url":"https:\/\/www.immobilienbusiness.ch\/wp-content\/uploads\/2023\/11\/231115_projekt_sonnenberg_gesamtansicht_1-scaled.jpg","type":"image\/jpeg"}],"author":"anja.hall","twitter_card":"summary_large_image","schema":{"@context":"https:\/\/schema.org","@graph":[{"@type":"Article","@id":"https:\/\/www.immobilienbusiness.ch\/en\/regionen\/2023-11-17\/seelisberg-halter-will-sonnenberg-anlage-zum-hotel-und-wohnstandort-machen\/#article","isPartOf":{"@id":"https:\/\/www.immobilienbusiness.ch\/en\/regionen\/2023-11-17\/seelisberg-halter-will-sonnenberg-anlage-zum-hotel-und-wohnstandort-machen\/"},"author":{"name":"anja.hall","@id":"https:\/\/www.immobilienbusiness.ch\/#\/schema\/person\/3fc036297b10b9f42d6db5ee932af8c8"},"headline":"Seelisberg: Halter will Sonnenberg-Anlage zum Hotel- und Wohnstandort machen","datePublished":"2023-11-17T06:09:53+00:00","mainEntityOfPage":{"@id":"https:\/\/www.immobilienbusiness.ch\/en\/regionen\/2023-11-17\/seelisberg-halter-will-sonnenberg-anlage-zum-hotel-und-wohnstandort-machen\/"},"wordCount":340,"publisher":{"@id":"https:\/\/www.immobilienbusiness.ch\/#organization"},"image":{"@id":"https:\/\/www.immobilienbusiness.ch\/en\/regionen\/2023-11-17\/seelisberg-halter-will-sonnenberg-anlage-zum-hotel-und-wohnstandort-machen\/#primaryimage"},"thumbnailUrl":"https:\/\/www.immobilienbusiness.ch\/wp-content\/uploads\/2023\/11\/231115_projekt_sonnenberg_gesamtansicht_1-scaled.jpg","keywords":["Halter AG","Hotel","Kanton Uri","Projekt in Planung","Wohnimmobilien"],"articleSection":["REGIONEN"],"inLanguage":"de"},{"@type":"WebPage","@id":"https:\/\/www.immobilienbusiness.ch\/en\/regionen\/2023-11-17\/seelisberg-halter-will-sonnenberg-anlage-zum-hotel-und-wohnstandort-machen\/","url":"https:\/\/www.immobilienbusiness.ch\/en\/regionen\/2023-11-17\/seelisberg-halter-will-sonnenberg-anlage-zum-hotel-und-wohnstandort-machen\/","name":"Seelisberg: Halter will Sonnenberg-Anlage zum Hotel- und Wohnstandort machen - IMMOBILIEN Business","isPartOf":{"@id":"https:\/\/www.immobilienbusiness.ch\/#website"},"primaryImageOfPage":{"@id":"https:\/\/www.immobilienbusiness.ch\/en\/regionen\/2023-11-17\/seelisberg-halter-will-sonnenberg-anlage-zum-hotel-und-wohnstandort-machen\/#primaryimage"},"image":{"@id":"https:\/\/www.immobilienbusiness.ch\/en\/regionen\/2023-11-17\/seelisberg-halter-will-sonnenberg-anlage-zum-hotel-und-wohnstandort-machen\/#primaryimage"},"thumbnailUrl":"https:\/\/www.immobilienbusiness.ch\/wp-content\/uploads\/2023\/11\/231115_projekt_sonnenberg_gesamtansicht_1-scaled.jpg","datePublished":"2023-11-17T06:09:53+00:00","description":"Der Projektvorschlag sieht vor, die Geb\u00e4ude des Grandhotels Sonnenberg und des Kurhotels Kulm zu revitalisieren und um Neubauten zu erg\u00e4nzen.","breadcrumb":{"@id":"https:\/\/www.immobilienbusiness.ch\/en\/regionen\/2023-11-17\/seelisberg-halter-will-sonnenberg-anlage-zum-hotel-und-wohnstandort-machen\/#breadcrumb"},"inLanguage":"de","potentialAction":[{"@type":"ReadAction","target":["https:\/\/www.immobilienbusiness.ch\/en\/regionen\/2023-11-17\/seelisberg-halter-will-sonnenberg-anlage-zum-hotel-und-wohnstandort-machen\/"]}]},{"@type":"ImageObject","inLanguage":"de","@id":"https:\/\/www.immobilienbusiness.ch\/en\/regionen\/2023-11-17\/seelisberg-halter-will-sonnenberg-anlage-zum-hotel-und-wohnstandort-machen\/#primaryimage","url":"https:\/\/www.immobilienbusiness.ch\/wp-content\/uploads\/2023\/11\/231115_projekt_sonnenberg_gesamtansicht_1-scaled.jpg","contentUrl":"https:\/\/www.immobilienbusiness.ch\/wp-content\/uploads\/2023\/11\/231115_projekt_sonnenberg_gesamtansicht_1-scaled.jpg","width":1200,"height":800,"caption":"Eine ikonische Hotel-Anlage soll eine neue Zukunft bekommen (Quelle: Halter AG)"},{"@type":"BreadcrumbList","@id":"https:\/\/www.immobilienbusiness.ch\/en\/regionen\/2023-11-17\/seelisberg-halter-will-sonnenberg-anlage-zum-hotel-und-wohnstandort-machen\/#breadcrumb","itemListElement":[{"@type":"ListItem","position":1,"name":"Home","item":"https:\/\/www.immobilienbusiness.ch\/"},{"@type":"ListItem","position":2,"name":"Seelisberg: Halter will Sonnenberg-Anlage zum Hotel- und Wohnstandort machen"}]},{"@type":"WebSite","@id":"https:\/\/www.immobilienbusiness.ch\/#website","url":"https:\/\/www.immobilienbusiness.ch\/","name":"IMMOBILIEN Business","description":"Unabh\u00e4ngiges Schweizer Wirtschaftsmagazin mit Fokus auf Immobilien, Architektur- und Bau sowie Investment- und Finanzierung.","publisher":{"@id":"https:\/\/www.immobilienbusiness.ch\/#organization"},"potentialAction":[{"@type":"SearchAction","target":{"@type":"EntryPoint","urlTemplate":"https:\/\/www.immobilienbusiness.ch\/?s={search_term_string}"},"query-input":{"@type":"PropertyValueSpecification","valueRequired":true,"valueName":"search_term_string"}}],"inLanguage":"de"},{"@type":"Organization","@id":"https:\/\/www.immobilienbusiness.ch\/#organization","name":"IMMOBILIEN Business","url":"https:\/\/www.immobilienbusiness.ch\/","logo":{"@type":"ImageObject","inLanguage":"de","@id":"https:\/\/www.immobilienbusiness.ch\/#\/schema\/logo\/image\/","url":"https:\/\/www.immobilienbusiness.ch\/wp-content\/uploads\/2021\/07\/logo_ib.png","contentUrl":"https:\/\/www.immobilienbusiness.ch\/wp-content\/uploads\/2021\/07\/logo_ib.png","width":800,"height":181,"caption":"IMMOBILIEN Business"},"image":{"@id":"https:\/\/www.immobilienbusiness.ch\/#\/schema\/logo\/image\/"},"sameAs":["https:\/\/www.facebook.com\/immobilienbusiness\/"]},{"@type":"Person","@id":"https:\/\/www.immobilienbusiness.ch\/#\/schema\/person\/3fc036297b10b9f42d6db5ee932af8c8","name":"anja.hall","image":{"@type":"ImageObject","inLanguage":"de","@id":"https:\/\/secure.gravatar.com\/avatar\/066b5a0d447013502c71a5782f4f3469f03cfe595cc2329fb94652fe47511bfb?s=96&d=mm&r=g","url":"https:\/\/secure.gravatar.com\/avatar\/066b5a0d447013502c71a5782f4f3469f03cfe595cc2329fb94652fe47511bfb?s=96&d=mm&r=g","contentUrl":"https:\/\/secure.gravatar.com\/avatar\/066b5a0d447013502c71a5782f4f3469f03cfe595cc2329fb94652fe47511bfb?s=96&d=mm&r=g","caption":"anja.hall"},"url":"https:\/\/www.immobilienbusiness.ch\/de\/author\/anja-hall\/"}]}},"_links":{"self":[{"href":"https:\/\/www.immobilienbusiness.ch\/de\/wp-json\/wp\/v2\/posts\/54476","targetHints":{"allow":["GET"]}}],"collection":[{"href":"https:\/\/www.immobilienbusiness.ch\/de\/wp-json\/wp\/v2\/posts"}],"about":[{"href":"https:\/\/www.immobilienbusiness.ch\/de\/wp-json\/wp\/v2\/types\/post"}],"author":[{"embeddable":true,"href":"https:\/\/www.immobilienbusiness.ch\/de\/wp-json\/wp\/v2\/users\/3"}],"replies":[{"embeddable":true,"href":"https:\/\/www.immobilienbusiness.ch\/de\/wp-json\/wp\/v2\/comments?post=54476"}],"version-history":[{"count":2,"href":"https:\/\/www.immobilienbusiness.ch\/de\/wp-json\/wp\/v2\/posts\/54476\/revisions"}],"predecessor-version":[{"id":54479,"href":"https:\/\/www.immobilienbusiness.ch\/de\/wp-json\/wp\/v2\/posts\/54476\/revisions\/54479"}],"wp:featuredmedia":[{"embeddable":true,"href":"https:\/\/www.immobilienbusiness.ch\/de\/wp-json\/wp\/v2\/media\/54477"}],"wp:attachment":[{"href":"https:\/\/www.immobilienbusiness.ch\/de\/wp-json\/wp\/v2\/media?parent=54476"}],"wp:term":[{"taxonomy":"category","embeddable":true,"href":"https:\/\/www.immobilienbusiness.ch\/de\/wp-json\/wp\/v2\/categories?post=54476"},{"taxonomy":"post_tag","embeddable":true,"href":"https:\/\/www.immobilienbusiness.ch\/de\/wp-json\/wp\/v2\/tags?post=54476"}],"curies":[{"name":"wp","href":"https:\/\/api.w.org\/{rel}","templated":true}]}}