{"id":54400,"date":"2023-11-15T06:09:10","date_gmt":"2023-11-15T05:09:10","guid":{"rendered":"https:\/\/www.immobilienbusiness.ch\/?p=54400"},"modified":"2025-06-20T07:45:31","modified_gmt":"2025-06-20T05:45:31","slug":"youth-hub-neue-hotelkette-will-in-basel-starten","status":"publish","type":"post","link":"https:\/\/www.immobilienbusiness.ch\/de\/unternehmen\/2023-11-15\/youth-hub-neue-hotelkette-will-in-basel-starten\/","title":{"rendered":"\u00abYouth Hub\u00bb: Neue Hotelkette will in Basel starten"},"content":{"rendered":"<figure id=\"attachment_19472\" aria-describedby=\"caption-attachment-19472\" style=\"width: 1280px\" class=\"wp-caption alignnone\"><a href=\"https:\/\/www.immobilienbusiness.ch\/wp-content\/uploads\/2019\/12\/Prime-Elements-plant-Hotelprojekt-in-Sedrun-immobilien-business.jpg\"><img loading=\"lazy\" decoding=\"async\" class=\"size-full wp-image-19472\" src=\"https:\/\/www.immobilienbusiness.ch\/wp-content\/uploads\/2019\/12\/Prime-Elements-plant-Hotelprojekt-in-Sedrun-immobilien-business.jpg\" alt=\"\" width=\"1280\" height=\"960\" srcset=\"https:\/\/www.immobilienbusiness.ch\/wp-content\/uploads\/2019\/12\/Prime-Elements-plant-Hotelprojekt-in-Sedrun-immobilien-business.jpg 1280w, https:\/\/www.immobilienbusiness.ch\/wp-content\/uploads\/2019\/12\/Prime-Elements-plant-Hotelprojekt-in-Sedrun-immobilien-business-300x225.jpg 300w, https:\/\/www.immobilienbusiness.ch\/wp-content\/uploads\/2019\/12\/Prime-Elements-plant-Hotelprojekt-in-Sedrun-immobilien-business-1024x768.jpg 1024w, https:\/\/www.immobilienbusiness.ch\/wp-content\/uploads\/2019\/12\/Prime-Elements-plant-Hotelprojekt-in-Sedrun-immobilien-business-768x576.jpg 768w, https:\/\/www.immobilienbusiness.ch\/wp-content\/uploads\/2019\/12\/Prime-Elements-plant-Hotelprojekt-in-Sedrun-immobilien-business-16x12.jpg 16w, https:\/\/www.immobilienbusiness.ch\/wp-content\/uploads\/2019\/12\/Prime-Elements-plant-Hotelprojekt-in-Sedrun-immobilien-business-233x175.jpg 233w, https:\/\/www.immobilienbusiness.ch\/wp-content\/uploads\/2019\/12\/Prime-Elements-plant-Hotelprojekt-in-Sedrun-immobilien-business-467x350.jpg 467w, https:\/\/www.immobilienbusiness.ch\/wp-content\/uploads\/2019\/12\/Prime-Elements-plant-Hotelprojekt-in-Sedrun-immobilien-business-1067x800.jpg 1067w, https:\/\/www.immobilienbusiness.ch\/wp-content\/uploads\/2019\/12\/Prime-Elements-plant-Hotelprojekt-in-Sedrun-immobilien-business-920x690.jpg 920w\" sizes=\"auto, (max-width: 1280px) 100vw, 1280px\" \/><\/a><figcaption id=\"caption-attachment-19472\" class=\"wp-caption-text\">Ein Projekt in Basel k\u00f6nnte der Anfang f\u00fcr die Expansion von \u00bbYouth Hub\u00bb sein. (Symbolbild: Pixabay)<\/figcaption><\/figure>\n<p>Die Ibex Gruppe AG plant an der Steinentorstrasse 35 in Basel ein Studentenhotel. Laut Baugesuch soll das bestehende Geb\u00e4ude hofseitig abgebrochen werden, an der Strassenseite ist ein Umbau geplant. Im Erdgeschoss ist ein Restaurant vorgesehen. Wie das Unternehmen auf IB-Anfrage mitteilt, soll das Hotel nach derzeitigem Planungsstand 131 Zimmer umfassen. Die Entw\u00fcrfe stammen von der Wiel Arets Architects AG aus Z\u00fcrich, die nach Angaben von Ibex als Generalplaner und Chefarchitekt f\u00fcr die Gruppe fungiert.<\/p>\n<p>Langfristig plant die Ibex Gruppe AG die Entwicklung eines Portfolios von 1.500 bis 2.500 Hotelzimmern, die unter der Marke \u00abThe Youth Hub\u00bb betrieben werden sollen. \u00abUm die gesetzten Ziele zu erreichen, hat die Ibex Gruppe eine Finanzierung in der H\u00f6he von 125 Mio. CHF an Eigenkapital gesichert, welches in den n\u00e4chsten zwei bis drei Jahren sukzessive in ein Gesamtinvestitionsvolumen von 350 bis 400 Mio. CHF, verteilt auf zehn bis 15 Hotels mit jeweils mindestens 100 Zimmern, investiert werden sollen\u00bb, teilt Daniel Vicentini, Head of Finance and Controlling, auf IB-Anfrage mit. Ausser in Basel befinde man sich in Gespr\u00e4chen und Verhandlungen \u00fcber den Erwerb verschiedener Grundst\u00fccke f\u00fcr die Entwicklung und Realisierung von Studentenhotels in Pratteln (240 Zimmer), Allschwill (200), Winterthur (180), Lugano (100), Bern (255), Lausanne (220) und Genf (230 Zimmer).<\/p>\n<h3>Aufenthaltsdauer bis zu 3 Monate<\/h3>\n<p>Das Konzept setzt auf eine junge Zielgruppe, vor allem die sogenannten Generationen \u00abY\u00bb und \u00abZ\u00bb und die nachfolgende Generation (\u00abAlpha\u00bb) mit den Jahrg\u00e4ngen ab 2012. Entstehen soll jeweils \u00abein Ort zum Verweilen, Austauschen, voneinander lernen und Innovation zu generieren\u00bb. Zur Ausstattung und zum Service der Einrichtungen sollen Bars, Restaurants, Lern- und Co-Working-Bereiche, Zimmerreinigung, Waschservice und je nach Standort auch Fitnessstudios und m\u00f6glicherweise auch Kinos geh\u00f6ren. Die Zimmer k\u00f6nnen pro Nacht oder pro Woche gebucht werden, mit einer maximalen Aufenthaltsdauer von bis zu drei Monaten. Das Konzept erinnert in Grundz\u00fcgen an das vor einigen Jahren in Amsterdam gestartete und mittlerweile europaweit vertretene \u00abThe Student Hotel\u00bb, das sich inzwischen in \u00abThe Social Hub\u00bb umbenannt hat.<\/p>\n<p>Hinter der 2020 in Basel gegr\u00fcndeten Ibex Gruppe steht Steven Jan Stroband, Gr\u00fcnder und Mehrheitsaktion\u00e4r der niederl\u00e4ndischen Capricorn Capital Group BV, einer Immobilienentwicklungs- und Investmentgesellschaft, die den Angaben zufolge im Jahr 2014 ihre T\u00e4tigkeit aufnahm.<\/p>\n<h3>Ibex sieht wachsenden Markt und knappes Angebot<\/h3>\n<p>Ibex bevorzugt nach eigenem Bekunden den Kauf der genutzten Immobilien und sucht Standorte in den Universit\u00e4tsst\u00e4dten Basel, Bern, Freiburg, Genf, Lausanne, St. Gallen, Winterthur, Z\u00fcrich und Lugano. In Frage kommen Grundst\u00fccke und Geb\u00e4ude mit der M\u00f6glichkeit, mindestens 100 bis 150 Einheiten mit 18 bis 30 qm grosse Zimmer oder insgesamt mindestens 2.500 qm Nettonutzfl\u00e4che bzw. 4.000 qm einschliesslich Gemeinschaftsbereiche zu errichten. Ibex sch\u00e4tzt, dass in der Schweiz rund 40.000 Studentenbetten fehlen. Die Gesamtzahl der Studierenden in den elf gr\u00f6\u00dften St\u00e4dten werde von 260.000 im Jahr 2020\/2021 um 12% auf 291.000 im Jahr 2025\/2026 steigen. <em>(aw)<\/em><\/p>\n","protected":false},"excerpt":{"rendered":"<p>Ehrgeizige Expansionspl\u00e4ne der Ibex Group mit Studentenhotels sehen die Schaffung von bis zu 2.000 Betten in der Schweiz vor. Ein Projekt in Basel soll den Anfang machen.<\/p>\n","protected":false},"author":102,"featured_media":19472,"comment_status":"closed","ping_status":"closed","sticky":false,"template":"","format":"standard","meta":{"_acf_changed":false,"_yoast_wpseo_focuskw":"Ibex","_yoast_wpseo_title":"","_yoast_wpseo_metadesc":"Ehrgeizige Expansionspl\u00e4ne der Ibex Group mit Studentenhotels sehen die Schaffung von bis zu 2.000 Betten in der Schweiz vor. Ein Projekt in Basel soll den Anfang machen.","_yoast_wpseo_linkdex":70,"pgc_sgb_lightbox_settings":"","footnotes":""},"categories":[988],"tags":[1313,3371,1600,1967],"class_list":["post-54400","post","type-post","status-publish","format-standard","has-post-thumbnail","hentry","category-unternehmen","tag-hotel","tag-ibex","tag-projekt-in-planung","tag-student-housing"],"acf":[],"yoast_head":"<!-- This site is optimized with the Yoast SEO plugin v27.4 - https:\/\/yoast.com\/product\/yoast-seo-wordpress\/ -->\n<title>\u00abYouth Hub\u00bb: Neue Hotelkette will in Basel starten - IMMOBILIEN Business<\/title>\n<meta name=\"description\" content=\"Ehrgeizige Expansionspl\u00e4ne der Ibex Group mit Studentenhotels sehen die Schaffung von bis zu 2.000 Betten in der Schweiz vor. Ein Projekt in Basel soll den Anfang machen.\" \/>\n<meta name=\"robots\" content=\"index, follow, max-snippet:-1, max-image-preview:large, max-video-preview:-1\" \/>\n<link rel=\"canonical\" href=\"https:\/\/www.immobilienbusiness.ch\/de\/unternehmen\/2023-11-15\/youth-hub-neue-hotelkette-will-in-basel-starten\/\" \/>\n<meta property=\"og:locale\" content=\"de_DE\" \/>\n<meta property=\"og:type\" content=\"article\" \/>\n<meta property=\"og:title\" content=\"\u00abYouth Hub\u00bb: Neue Hotelkette will in Basel starten - IMMOBILIEN Business\" \/>\n<meta property=\"og:description\" content=\"Ehrgeizige Expansionspl\u00e4ne der Ibex Group mit Studentenhotels sehen die Schaffung von bis zu 2.000 Betten in der Schweiz vor. Ein Projekt in Basel soll den Anfang machen.\" \/>\n<meta property=\"og:url\" content=\"https:\/\/www.immobilienbusiness.ch\/de\/unternehmen\/2023-11-15\/youth-hub-neue-hotelkette-will-in-basel-starten\/\" \/>\n<meta property=\"og:site_name\" content=\"IMMOBILIEN Business\" \/>\n<meta property=\"article:publisher\" content=\"https:\/\/www.facebook.com\/immobilienbusiness\/\" \/>\n<meta property=\"article:published_time\" content=\"2023-11-15T05:09:10+00:00\" \/>\n<meta property=\"article:modified_time\" content=\"2025-06-20T05:45:31+00:00\" \/>\n<meta property=\"og:image\" content=\"https:\/\/www.immobilienbusiness.ch\/wp-content\/uploads\/2019\/12\/Prime-Elements-plant-Hotelprojekt-in-Sedrun-immobilien-business.jpg\" \/>\n\t<meta property=\"og:image:width\" content=\"1280\" \/>\n\t<meta property=\"og:image:height\" content=\"960\" \/>\n\t<meta property=\"og:image:type\" content=\"image\/jpeg\" \/>\n<meta name=\"author\" content=\"Alexander Wachter\" \/>\n<meta name=\"twitter:card\" content=\"summary_large_image\" \/>\n<script type=\"application\/ld+json\" class=\"yoast-schema-graph\">{\"@context\":\"https:\\\/\\\/schema.org\",\"@graph\":[{\"@type\":\"Article\",\"@id\":\"https:\\\/\\\/www.immobilienbusiness.ch\\\/de\\\/unternehmen\\\/2023-11-15\\\/youth-hub-neue-hotelkette-will-in-basel-starten\\\/#article\",\"isPartOf\":{\"@id\":\"https:\\\/\\\/www.immobilienbusiness.ch\\\/de\\\/unternehmen\\\/2023-11-15\\\/youth-hub-neue-hotelkette-will-in-basel-starten\\\/\"},\"author\":{\"name\":\"Alexander Wachter\",\"@id\":\"https:\\\/\\\/www.immobilienbusiness.ch\\\/#\\\/schema\\\/person\\\/aba8bea2db926aa0c24c08c43fe1fcd5\"},\"headline\":\"\u00abYouth Hub\u00bb: Neue Hotelkette will in Basel starten\",\"datePublished\":\"2023-11-15T05:09:10+00:00\",\"dateModified\":\"2025-06-20T05:45:31+00:00\",\"mainEntityOfPage\":{\"@id\":\"https:\\\/\\\/www.immobilienbusiness.ch\\\/de\\\/unternehmen\\\/2023-11-15\\\/youth-hub-neue-hotelkette-will-in-basel-starten\\\/\"},\"wordCount\":489,\"publisher\":{\"@id\":\"https:\\\/\\\/www.immobilienbusiness.ch\\\/#organization\"},\"image\":{\"@id\":\"https:\\\/\\\/www.immobilienbusiness.ch\\\/de\\\/unternehmen\\\/2023-11-15\\\/youth-hub-neue-hotelkette-will-in-basel-starten\\\/#primaryimage\"},\"thumbnailUrl\":\"https:\\\/\\\/www.immobilienbusiness.ch\\\/wp-content\\\/uploads\\\/2019\\\/12\\\/Prime-Elements-plant-Hotelprojekt-in-Sedrun-immobilien-business.jpg\",\"keywords\":[\"Hotel\",\"Ibex\",\"Projekt in Planung\",\"Student-Housing\"],\"articleSection\":[\"UNTERNEHMEN\"],\"inLanguage\":\"de\"},{\"@type\":\"WebPage\",\"@id\":\"https:\\\/\\\/www.immobilienbusiness.ch\\\/de\\\/unternehmen\\\/2023-11-15\\\/youth-hub-neue-hotelkette-will-in-basel-starten\\\/\",\"url\":\"https:\\\/\\\/www.immobilienbusiness.ch\\\/de\\\/unternehmen\\\/2023-11-15\\\/youth-hub-neue-hotelkette-will-in-basel-starten\\\/\",\"name\":\"\u00abYouth Hub\u00bb: Neue Hotelkette will in Basel starten - IMMOBILIEN Business\",\"isPartOf\":{\"@id\":\"https:\\\/\\\/www.immobilienbusiness.ch\\\/#website\"},\"primaryImageOfPage\":{\"@id\":\"https:\\\/\\\/www.immobilienbusiness.ch\\\/de\\\/unternehmen\\\/2023-11-15\\\/youth-hub-neue-hotelkette-will-in-basel-starten\\\/#primaryimage\"},\"image\":{\"@id\":\"https:\\\/\\\/www.immobilienbusiness.ch\\\/de\\\/unternehmen\\\/2023-11-15\\\/youth-hub-neue-hotelkette-will-in-basel-starten\\\/#primaryimage\"},\"thumbnailUrl\":\"https:\\\/\\\/www.immobilienbusiness.ch\\\/wp-content\\\/uploads\\\/2019\\\/12\\\/Prime-Elements-plant-Hotelprojekt-in-Sedrun-immobilien-business.jpg\",\"datePublished\":\"2023-11-15T05:09:10+00:00\",\"dateModified\":\"2025-06-20T05:45:31+00:00\",\"description\":\"Ehrgeizige Expansionspl\u00e4ne der Ibex Group mit Studentenhotels sehen die Schaffung von bis zu 2.000 Betten in der Schweiz vor. Ein Projekt in Basel soll den Anfang machen.\",\"breadcrumb\":{\"@id\":\"https:\\\/\\\/www.immobilienbusiness.ch\\\/de\\\/unternehmen\\\/2023-11-15\\\/youth-hub-neue-hotelkette-will-in-basel-starten\\\/#breadcrumb\"},\"inLanguage\":\"de\",\"potentialAction\":[{\"@type\":\"ReadAction\",\"target\":[\"https:\\\/\\\/www.immobilienbusiness.ch\\\/de\\\/unternehmen\\\/2023-11-15\\\/youth-hub-neue-hotelkette-will-in-basel-starten\\\/\"]}]},{\"@type\":\"ImageObject\",\"inLanguage\":\"de\",\"@id\":\"https:\\\/\\\/www.immobilienbusiness.ch\\\/de\\\/unternehmen\\\/2023-11-15\\\/youth-hub-neue-hotelkette-will-in-basel-starten\\\/#primaryimage\",\"url\":\"https:\\\/\\\/www.immobilienbusiness.ch\\\/wp-content\\\/uploads\\\/2019\\\/12\\\/Prime-Elements-plant-Hotelprojekt-in-Sedrun-immobilien-business.jpg\",\"contentUrl\":\"https:\\\/\\\/www.immobilienbusiness.ch\\\/wp-content\\\/uploads\\\/2019\\\/12\\\/Prime-Elements-plant-Hotelprojekt-in-Sedrun-immobilien-business.jpg\",\"width\":1280,\"height\":960,\"caption\":\"Die Anlagestiftung erwirbt in der Vorort-Gemeinde von Genf ein Baufeld, auf dem 175 Wohneinheiten entstehen sollen (Bild: Pixabay)\"},{\"@type\":\"BreadcrumbList\",\"@id\":\"https:\\\/\\\/www.immobilienbusiness.ch\\\/de\\\/unternehmen\\\/2023-11-15\\\/youth-hub-neue-hotelkette-will-in-basel-starten\\\/#breadcrumb\",\"itemListElement\":[{\"@type\":\"ListItem\",\"position\":1,\"name\":\"Home\",\"item\":\"https:\\\/\\\/www.immobilienbusiness.ch\\\/\"},{\"@type\":\"ListItem\",\"position\":2,\"name\":\"\u00abYouth Hub\u00bb: Neue Hotelkette will in Basel starten\"}]},{\"@type\":\"WebSite\",\"@id\":\"https:\\\/\\\/www.immobilienbusiness.ch\\\/#website\",\"url\":\"https:\\\/\\\/www.immobilienbusiness.ch\\\/\",\"name\":\"IMMOBILIEN Business\",\"description\":\"Unabh\u00e4ngiges Schweizer Wirtschaftsmagazin mit Fokus auf Immobilien, Architektur- und Bau sowie Investment- und Finanzierung.\",\"publisher\":{\"@id\":\"https:\\\/\\\/www.immobilienbusiness.ch\\\/#organization\"},\"potentialAction\":[{\"@type\":\"SearchAction\",\"target\":{\"@type\":\"EntryPoint\",\"urlTemplate\":\"https:\\\/\\\/www.immobilienbusiness.ch\\\/?s={search_term_string}\"},\"query-input\":{\"@type\":\"PropertyValueSpecification\",\"valueRequired\":true,\"valueName\":\"search_term_string\"}}],\"inLanguage\":\"de\"},{\"@type\":\"Organization\",\"@id\":\"https:\\\/\\\/www.immobilienbusiness.ch\\\/#organization\",\"name\":\"IMMOBILIEN Business\",\"url\":\"https:\\\/\\\/www.immobilienbusiness.ch\\\/\",\"logo\":{\"@type\":\"ImageObject\",\"inLanguage\":\"de\",\"@id\":\"https:\\\/\\\/www.immobilienbusiness.ch\\\/#\\\/schema\\\/logo\\\/image\\\/\",\"url\":\"https:\\\/\\\/www.immobilienbusiness.ch\\\/wp-content\\\/uploads\\\/2021\\\/07\\\/logo_ib.png\",\"contentUrl\":\"https:\\\/\\\/www.immobilienbusiness.ch\\\/wp-content\\\/uploads\\\/2021\\\/07\\\/logo_ib.png\",\"width\":800,\"height\":181,\"caption\":\"IMMOBILIEN Business\"},\"image\":{\"@id\":\"https:\\\/\\\/www.immobilienbusiness.ch\\\/#\\\/schema\\\/logo\\\/image\\\/\"},\"sameAs\":[\"https:\\\/\\\/www.facebook.com\\\/immobilienbusiness\\\/\"]},{\"@type\":\"Person\",\"@id\":\"https:\\\/\\\/www.immobilienbusiness.ch\\\/#\\\/schema\\\/person\\\/aba8bea2db926aa0c24c08c43fe1fcd5\",\"name\":\"Alexander Wachter\",\"image\":{\"@type\":\"ImageObject\",\"inLanguage\":\"de\",\"@id\":\"https:\\\/\\\/secure.gravatar.com\\\/avatar\\\/1a09e471f5389b0e0a6416eac287e0927c7c97a7b77f9e787eba3af7aee281dd?s=96&d=mm&r=g\",\"url\":\"https:\\\/\\\/secure.gravatar.com\\\/avatar\\\/1a09e471f5389b0e0a6416eac287e0927c7c97a7b77f9e787eba3af7aee281dd?s=96&d=mm&r=g\",\"contentUrl\":\"https:\\\/\\\/secure.gravatar.com\\\/avatar\\\/1a09e471f5389b0e0a6416eac287e0927c7c97a7b77f9e787eba3af7aee281dd?s=96&d=mm&r=g\",\"caption\":\"Alexander Wachter\"},\"url\":\"https:\\\/\\\/www.immobilienbusiness.ch\\\/de\\\/author\\\/alexander-wachter\\\/\"}]}<\/script>\n<!-- \/ Yoast SEO plugin. -->","yoast_head_json":{"title":"\u00abYouth Hub\u00bb: Neue Hotelkette will in Basel starten - IMMOBILIEN Business","description":"Ehrgeizige Expansionspl\u00e4ne der Ibex Group mit Studentenhotels sehen die Schaffung von bis zu 2.000 Betten in der Schweiz vor. Ein Projekt in Basel soll den Anfang machen.","robots":{"index":"index","follow":"follow","max-snippet":"max-snippet:-1","max-image-preview":"max-image-preview:large","max-video-preview":"max-video-preview:-1"},"canonical":"https:\/\/www.immobilienbusiness.ch\/de\/unternehmen\/2023-11-15\/youth-hub-neue-hotelkette-will-in-basel-starten\/","og_locale":"de_DE","og_type":"article","og_title":"\u00abYouth Hub\u00bb: Neue Hotelkette will in Basel starten - IMMOBILIEN Business","og_description":"Ehrgeizige Expansionspl\u00e4ne der Ibex Group mit Studentenhotels sehen die Schaffung von bis zu 2.000 Betten in der Schweiz vor. Ein Projekt in Basel soll den Anfang machen.","og_url":"https:\/\/www.immobilienbusiness.ch\/de\/unternehmen\/2023-11-15\/youth-hub-neue-hotelkette-will-in-basel-starten\/","og_site_name":"IMMOBILIEN Business","article_publisher":"https:\/\/www.facebook.com\/immobilienbusiness\/","article_published_time":"2023-11-15T05:09:10+00:00","article_modified_time":"2025-06-20T05:45:31+00:00","og_image":[{"width":1280,"height":960,"url":"https:\/\/www.immobilienbusiness.ch\/wp-content\/uploads\/2019\/12\/Prime-Elements-plant-Hotelprojekt-in-Sedrun-immobilien-business.jpg","type":"image\/jpeg"}],"author":"Alexander Wachter","twitter_card":"summary_large_image","schema":{"@context":"https:\/\/schema.org","@graph":[{"@type":"Article","@id":"https:\/\/www.immobilienbusiness.ch\/de\/unternehmen\/2023-11-15\/youth-hub-neue-hotelkette-will-in-basel-starten\/#article","isPartOf":{"@id":"https:\/\/www.immobilienbusiness.ch\/de\/unternehmen\/2023-11-15\/youth-hub-neue-hotelkette-will-in-basel-starten\/"},"author":{"name":"Alexander Wachter","@id":"https:\/\/www.immobilienbusiness.ch\/#\/schema\/person\/aba8bea2db926aa0c24c08c43fe1fcd5"},"headline":"\u00abYouth Hub\u00bb: Neue Hotelkette will in Basel starten","datePublished":"2023-11-15T05:09:10+00:00","dateModified":"2025-06-20T05:45:31+00:00","mainEntityOfPage":{"@id":"https:\/\/www.immobilienbusiness.ch\/de\/unternehmen\/2023-11-15\/youth-hub-neue-hotelkette-will-in-basel-starten\/"},"wordCount":489,"publisher":{"@id":"https:\/\/www.immobilienbusiness.ch\/#organization"},"image":{"@id":"https:\/\/www.immobilienbusiness.ch\/de\/unternehmen\/2023-11-15\/youth-hub-neue-hotelkette-will-in-basel-starten\/#primaryimage"},"thumbnailUrl":"https:\/\/www.immobilienbusiness.ch\/wp-content\/uploads\/2019\/12\/Prime-Elements-plant-Hotelprojekt-in-Sedrun-immobilien-business.jpg","keywords":["Hotel","Ibex","Projekt in Planung","Student-Housing"],"articleSection":["UNTERNEHMEN"],"inLanguage":"de"},{"@type":"WebPage","@id":"https:\/\/www.immobilienbusiness.ch\/de\/unternehmen\/2023-11-15\/youth-hub-neue-hotelkette-will-in-basel-starten\/","url":"https:\/\/www.immobilienbusiness.ch\/de\/unternehmen\/2023-11-15\/youth-hub-neue-hotelkette-will-in-basel-starten\/","name":"\u00abYouth Hub\u00bb: Neue Hotelkette will in Basel starten - IMMOBILIEN Business","isPartOf":{"@id":"https:\/\/www.immobilienbusiness.ch\/#website"},"primaryImageOfPage":{"@id":"https:\/\/www.immobilienbusiness.ch\/de\/unternehmen\/2023-11-15\/youth-hub-neue-hotelkette-will-in-basel-starten\/#primaryimage"},"image":{"@id":"https:\/\/www.immobilienbusiness.ch\/de\/unternehmen\/2023-11-15\/youth-hub-neue-hotelkette-will-in-basel-starten\/#primaryimage"},"thumbnailUrl":"https:\/\/www.immobilienbusiness.ch\/wp-content\/uploads\/2019\/12\/Prime-Elements-plant-Hotelprojekt-in-Sedrun-immobilien-business.jpg","datePublished":"2023-11-15T05:09:10+00:00","dateModified":"2025-06-20T05:45:31+00:00","description":"Ehrgeizige Expansionspl\u00e4ne der Ibex Group mit Studentenhotels sehen die Schaffung von bis zu 2.000 Betten in der Schweiz vor. Ein Projekt in Basel soll den Anfang machen.","breadcrumb":{"@id":"https:\/\/www.immobilienbusiness.ch\/de\/unternehmen\/2023-11-15\/youth-hub-neue-hotelkette-will-in-basel-starten\/#breadcrumb"},"inLanguage":"de","potentialAction":[{"@type":"ReadAction","target":["https:\/\/www.immobilienbusiness.ch\/de\/unternehmen\/2023-11-15\/youth-hub-neue-hotelkette-will-in-basel-starten\/"]}]},{"@type":"ImageObject","inLanguage":"de","@id":"https:\/\/www.immobilienbusiness.ch\/de\/unternehmen\/2023-11-15\/youth-hub-neue-hotelkette-will-in-basel-starten\/#primaryimage","url":"https:\/\/www.immobilienbusiness.ch\/wp-content\/uploads\/2019\/12\/Prime-Elements-plant-Hotelprojekt-in-Sedrun-immobilien-business.jpg","contentUrl":"https:\/\/www.immobilienbusiness.ch\/wp-content\/uploads\/2019\/12\/Prime-Elements-plant-Hotelprojekt-in-Sedrun-immobilien-business.jpg","width":1280,"height":960,"caption":"Die Anlagestiftung erwirbt in der Vorort-Gemeinde von Genf ein Baufeld, auf dem 175 Wohneinheiten entstehen sollen (Bild: Pixabay)"},{"@type":"BreadcrumbList","@id":"https:\/\/www.immobilienbusiness.ch\/de\/unternehmen\/2023-11-15\/youth-hub-neue-hotelkette-will-in-basel-starten\/#breadcrumb","itemListElement":[{"@type":"ListItem","position":1,"name":"Home","item":"https:\/\/www.immobilienbusiness.ch\/"},{"@type":"ListItem","position":2,"name":"\u00abYouth Hub\u00bb: Neue Hotelkette will in Basel starten"}]},{"@type":"WebSite","@id":"https:\/\/www.immobilienbusiness.ch\/#website","url":"https:\/\/www.immobilienbusiness.ch\/","name":"IMMOBILIEN Business","description":"Unabh\u00e4ngiges Schweizer Wirtschaftsmagazin mit Fokus auf Immobilien, Architektur- und Bau sowie Investment- und Finanzierung.","publisher":{"@id":"https:\/\/www.immobilienbusiness.ch\/#organization"},"potentialAction":[{"@type":"SearchAction","target":{"@type":"EntryPoint","urlTemplate":"https:\/\/www.immobilienbusiness.ch\/?s={search_term_string}"},"query-input":{"@type":"PropertyValueSpecification","valueRequired":true,"valueName":"search_term_string"}}],"inLanguage":"de"},{"@type":"Organization","@id":"https:\/\/www.immobilienbusiness.ch\/#organization","name":"IMMOBILIEN Business","url":"https:\/\/www.immobilienbusiness.ch\/","logo":{"@type":"ImageObject","inLanguage":"de","@id":"https:\/\/www.immobilienbusiness.ch\/#\/schema\/logo\/image\/","url":"https:\/\/www.immobilienbusiness.ch\/wp-content\/uploads\/2021\/07\/logo_ib.png","contentUrl":"https:\/\/www.immobilienbusiness.ch\/wp-content\/uploads\/2021\/07\/logo_ib.png","width":800,"height":181,"caption":"IMMOBILIEN Business"},"image":{"@id":"https:\/\/www.immobilienbusiness.ch\/#\/schema\/logo\/image\/"},"sameAs":["https:\/\/www.facebook.com\/immobilienbusiness\/"]},{"@type":"Person","@id":"https:\/\/www.immobilienbusiness.ch\/#\/schema\/person\/aba8bea2db926aa0c24c08c43fe1fcd5","name":"Alexander Wachter","image":{"@type":"ImageObject","inLanguage":"de","@id":"https:\/\/secure.gravatar.com\/avatar\/1a09e471f5389b0e0a6416eac287e0927c7c97a7b77f9e787eba3af7aee281dd?s=96&d=mm&r=g","url":"https:\/\/secure.gravatar.com\/avatar\/1a09e471f5389b0e0a6416eac287e0927c7c97a7b77f9e787eba3af7aee281dd?s=96&d=mm&r=g","contentUrl":"https:\/\/secure.gravatar.com\/avatar\/1a09e471f5389b0e0a6416eac287e0927c7c97a7b77f9e787eba3af7aee281dd?s=96&d=mm&r=g","caption":"Alexander Wachter"},"url":"https:\/\/www.immobilienbusiness.ch\/de\/author\/alexander-wachter\/"}]}},"_links":{"self":[{"href":"https:\/\/www.immobilienbusiness.ch\/de\/wp-json\/wp\/v2\/posts\/54400","targetHints":{"allow":["GET"]}}],"collection":[{"href":"https:\/\/www.immobilienbusiness.ch\/de\/wp-json\/wp\/v2\/posts"}],"about":[{"href":"https:\/\/www.immobilienbusiness.ch\/de\/wp-json\/wp\/v2\/types\/post"}],"author":[{"embeddable":true,"href":"https:\/\/www.immobilienbusiness.ch\/de\/wp-json\/wp\/v2\/users\/102"}],"replies":[{"embeddable":true,"href":"https:\/\/www.immobilienbusiness.ch\/de\/wp-json\/wp\/v2\/comments?post=54400"}],"version-history":[{"count":8,"href":"https:\/\/www.immobilienbusiness.ch\/de\/wp-json\/wp\/v2\/posts\/54400\/revisions"}],"predecessor-version":[{"id":64107,"href":"https:\/\/www.immobilienbusiness.ch\/de\/wp-json\/wp\/v2\/posts\/54400\/revisions\/64107"}],"wp:featuredmedia":[{"embeddable":true,"href":"https:\/\/www.immobilienbusiness.ch\/de\/wp-json\/wp\/v2\/media\/19472"}],"wp:attachment":[{"href":"https:\/\/www.immobilienbusiness.ch\/de\/wp-json\/wp\/v2\/media?parent=54400"}],"wp:term":[{"taxonomy":"category","embeddable":true,"href":"https:\/\/www.immobilienbusiness.ch\/de\/wp-json\/wp\/v2\/categories?post=54400"},{"taxonomy":"post_tag","embeddable":true,"href":"https:\/\/www.immobilienbusiness.ch\/de\/wp-json\/wp\/v2\/tags?post=54400"}],"curies":[{"name":"wp","href":"https:\/\/api.w.org\/{rel}","templated":true}]}}