{"id":54257,"date":"2023-11-08T08:14:12","date_gmt":"2023-11-08T07:14:12","guid":{"rendered":"https:\/\/www.immobilienbusiness.ch\/?p=54257"},"modified":"2023-11-08T09:19:07","modified_gmt":"2023-11-08T08:19:07","slug":"pensimo-sucht-nachfolger-fuer-ceo","status":"publish","type":"post","link":"https:\/\/www.immobilienbusiness.ch\/de\/allgemein\/2023-11-08\/pensimo-sucht-nachfolger-fuer-ceo\/","title":{"rendered":"Pensimo sucht Nachfolger f\u00fcr CEO"},"content":{"rendered":"<figure id=\"attachment_54259\" aria-describedby=\"caption-attachment-54259\" style=\"width: 480px\" class=\"wp-caption alignnone\"><a href=\"https:\/\/www.immobilienbusiness.ch\/wp-content\/uploads\/2023\/11\/J_Koch.jpg\"><img loading=\"lazy\" decoding=\"async\" class=\"size-full wp-image-54259\" src=\"https:\/\/www.immobilienbusiness.ch\/wp-content\/uploads\/2023\/11\/J_Koch.jpg\" alt=\"\" width=\"480\" height=\"360\" srcset=\"https:\/\/www.immobilienbusiness.ch\/wp-content\/uploads\/2023\/11\/J_Koch.jpg 480w, https:\/\/www.immobilienbusiness.ch\/wp-content\/uploads\/2023\/11\/J_Koch-300x225.jpg 300w, https:\/\/www.immobilienbusiness.ch\/wp-content\/uploads\/2023\/11\/J_Koch-16x12.jpg 16w, https:\/\/www.immobilienbusiness.ch\/wp-content\/uploads\/2023\/11\/J_Koch-375x281.jpg 375w, https:\/\/www.immobilienbusiness.ch\/wp-content\/uploads\/2023\/11\/J_Koch-467x350.jpg 467w\" sizes=\"auto, (max-width: 480px) 100vw, 480px\" \/><\/a><figcaption id=\"caption-attachment-54259\" class=\"wp-caption-text\">J\u00f6rg Koch (Bild: Pensimo)<\/figcaption><\/figure>\n<p>\u00abDer Verwaltungsrat und der CEO der Pensimo Management AG sind nach sorgf\u00e4ltigen \u00dcberlegungen gemeinsam zum Entscheid gekommen, dass jetzt der richtige Zeitpunkt ist, die Suche nach einer Nachfolge f\u00fcr J\u00f6rg Koch als CEO der Pensimo Management AG in die Wege zu leiten\u00bb, schreibt das Unternehmen. Die Nachfolge soll im Verlauf des kommenden Jahres geregelt werden. Koch arbeitet seit \u00fcber dreizehn Jahren f\u00fcr Pensimo, zw\u00f6lf davon als CEO. \u00abIn dieser Zeit hat er die Pensimo Management AG unter starkem Wachstum an betreuten Immobilien, an Mitarbeitenden und an Aufgaben mit viel Tatkraft und Ideenreichtum erfolgreich gef\u00fchrt\u00bb, heisst es in der Mitteilung. Meilensteine seien die Einf\u00fchrung einer Gesch\u00e4ftsleitung im letzten Jahr, die Positionierung bez\u00fcglich Nachhaltigkeit und der Umzug in den neuen Firmensitz an die Josefstrasse 214 in Z\u00fcrich, der im Fr\u00fchling abgeschlossen sein soll.<\/p>\n<h3>Rosa Guyer und Maria Sch\u00f6nbeck verst\u00e4rken Construction-Management<\/h3>\n<p>Weiter gibt Pensimo zwei Neuzug\u00e4nge bekannt: Rosa Guyer erg\u00e4nzt seit August 2023 als Bauherrenvertreterin und Projektleiterin im Fachbereich Development &amp; Construction Management das Team der Anlagestiftung Turidomus. Sie ist diplomierte Architektin ETH und arbeitete in verschiedenen Architekturb\u00fcros als Planerin und Projektleiterin sowie als Projektleiterin und Consultant f\u00fcr General- und Totalunternehmungen.<\/p>\n<p>Ebenfalls seit August arbeitet Maria Sch\u00f6nbeck im Construction-Management-Team der Anlagestiftung Pensimo und des Swissinvest Real Estate Fund. Sie hat in ihrem Heimatland Ecuador Architektur studiert und verf\u00fcgt \u00fcber einen Master in Energieeffizienz und Nachhaltigkeit der Technischen Universit\u00e4t M\u00fcnchen. Zuletzt arbeitete sie als Lean-Managerin bei der Refine Schweiz AG in grossen und komplexen Bauprojekten in der Schweiz und in Deutschland. <em>(aw)<\/em><\/p>\n","protected":false},"excerpt":{"rendered":"<p>F\u00fcr Pensimo-CEO J\u00f6rg Koch soll bis Ende n\u00e4chsten Jahres die Nachfolge geregelt werden. Ausserdem gibt das Unternehmen zwei Neuzug\u00e4nge bekannt.<\/p>\n","protected":false},"author":102,"featured_media":54259,"comment_status":"closed","ping_status":"closed","sticky":false,"template":"","format":"standard","meta":{"_acf_changed":false,"_yoast_wpseo_focuskw":"Pensimo","_yoast_wpseo_title":"","_yoast_wpseo_metadesc":"F\u00fcr Pensimo-CEO J\u00f6rg Koch soll bis Ende n\u00e4chsten Jahres die Nachfolge geregelt werden. Ausserdem gibt das Unternehmen zwei Neuzug\u00e4nge bekannt.","_yoast_wpseo_linkdex":67,"pgc_sgb_lightbox_settings":"","footnotes":""},"categories":[1],"tags":[1030,1560,1563],"class_list":["post-54257","post","type-post","status-publish","format-standard","has-post-thumbnail","hentry","category-allgemein","tag-anlagestiftung","tag-pensimo","tag-personalia"],"acf":[],"yoast_head":"<!-- This site is optimized with the Yoast SEO plugin v27.4 - https:\/\/yoast.com\/product\/yoast-seo-wordpress\/ -->\n<title>Pensimo sucht Nachfolger f\u00fcr CEO - IMMOBILIEN Business<\/title>\n<meta name=\"description\" content=\"F\u00fcr Pensimo-CEO J\u00f6rg Koch soll bis Ende n\u00e4chsten Jahres die Nachfolge geregelt werden. Ausserdem gibt das Unternehmen zwei Neuzug\u00e4nge bekannt.\" \/>\n<meta name=\"robots\" content=\"index, follow, max-snippet:-1, max-image-preview:large, max-video-preview:-1\" \/>\n<link rel=\"canonical\" href=\"https:\/\/www.immobilienbusiness.ch\/de\/allgemein\/2023-11-08\/pensimo-sucht-nachfolger-fuer-ceo\/\" \/>\n<meta property=\"og:locale\" content=\"de_DE\" \/>\n<meta property=\"og:type\" content=\"article\" \/>\n<meta property=\"og:title\" content=\"Pensimo sucht Nachfolger f\u00fcr CEO - IMMOBILIEN Business\" \/>\n<meta property=\"og:description\" content=\"F\u00fcr Pensimo-CEO J\u00f6rg Koch soll bis Ende n\u00e4chsten Jahres die Nachfolge geregelt werden. Ausserdem gibt das Unternehmen zwei Neuzug\u00e4nge bekannt.\" \/>\n<meta property=\"og:url\" content=\"https:\/\/www.immobilienbusiness.ch\/de\/allgemein\/2023-11-08\/pensimo-sucht-nachfolger-fuer-ceo\/\" \/>\n<meta property=\"og:site_name\" content=\"IMMOBILIEN Business\" \/>\n<meta property=\"article:publisher\" content=\"https:\/\/www.facebook.com\/immobilienbusiness\/\" \/>\n<meta property=\"article:published_time\" content=\"2023-11-08T07:14:12+00:00\" \/>\n<meta property=\"article:modified_time\" content=\"2023-11-08T08:19:07+00:00\" \/>\n<meta property=\"og:image\" content=\"https:\/\/www.immobilienbusiness.ch\/wp-content\/uploads\/2023\/11\/J_Koch.jpg\" \/>\n\t<meta property=\"og:image:width\" content=\"480\" \/>\n\t<meta property=\"og:image:height\" content=\"360\" \/>\n\t<meta property=\"og:image:type\" content=\"image\/jpeg\" \/>\n<meta name=\"author\" content=\"Alexander Wachter\" \/>\n<meta name=\"twitter:card\" content=\"summary_large_image\" \/>\n<script type=\"application\/ld+json\" class=\"yoast-schema-graph\">{\"@context\":\"https:\\\/\\\/schema.org\",\"@graph\":[{\"@type\":\"Article\",\"@id\":\"https:\\\/\\\/www.immobilienbusiness.ch\\\/de\\\/allgemein\\\/2023-11-08\\\/pensimo-sucht-nachfolger-fuer-ceo\\\/#article\",\"isPartOf\":{\"@id\":\"https:\\\/\\\/www.immobilienbusiness.ch\\\/de\\\/allgemein\\\/2023-11-08\\\/pensimo-sucht-nachfolger-fuer-ceo\\\/\"},\"author\":{\"name\":\"Alexander Wachter\",\"@id\":\"https:\\\/\\\/www.immobilienbusiness.ch\\\/#\\\/schema\\\/person\\\/aba8bea2db926aa0c24c08c43fe1fcd5\"},\"headline\":\"Pensimo sucht Nachfolger f\u00fcr CEO\",\"datePublished\":\"2023-11-08T07:14:12+00:00\",\"dateModified\":\"2023-11-08T08:19:07+00:00\",\"mainEntityOfPage\":{\"@id\":\"https:\\\/\\\/www.immobilienbusiness.ch\\\/de\\\/allgemein\\\/2023-11-08\\\/pensimo-sucht-nachfolger-fuer-ceo\\\/\"},\"wordCount\":285,\"publisher\":{\"@id\":\"https:\\\/\\\/www.immobilienbusiness.ch\\\/#organization\"},\"image\":{\"@id\":\"https:\\\/\\\/www.immobilienbusiness.ch\\\/de\\\/allgemein\\\/2023-11-08\\\/pensimo-sucht-nachfolger-fuer-ceo\\\/#primaryimage\"},\"thumbnailUrl\":\"https:\\\/\\\/www.immobilienbusiness.ch\\\/wp-content\\\/uploads\\\/2023\\\/11\\\/J_Koch.jpg\",\"keywords\":[\"Anlagestiftung\",\"Pensimo\",\"Personalia\"],\"inLanguage\":\"de\"},{\"@type\":\"WebPage\",\"@id\":\"https:\\\/\\\/www.immobilienbusiness.ch\\\/de\\\/allgemein\\\/2023-11-08\\\/pensimo-sucht-nachfolger-fuer-ceo\\\/\",\"url\":\"https:\\\/\\\/www.immobilienbusiness.ch\\\/de\\\/allgemein\\\/2023-11-08\\\/pensimo-sucht-nachfolger-fuer-ceo\\\/\",\"name\":\"Pensimo sucht Nachfolger f\u00fcr CEO - IMMOBILIEN Business\",\"isPartOf\":{\"@id\":\"https:\\\/\\\/www.immobilienbusiness.ch\\\/#website\"},\"primaryImageOfPage\":{\"@id\":\"https:\\\/\\\/www.immobilienbusiness.ch\\\/de\\\/allgemein\\\/2023-11-08\\\/pensimo-sucht-nachfolger-fuer-ceo\\\/#primaryimage\"},\"image\":{\"@id\":\"https:\\\/\\\/www.immobilienbusiness.ch\\\/de\\\/allgemein\\\/2023-11-08\\\/pensimo-sucht-nachfolger-fuer-ceo\\\/#primaryimage\"},\"thumbnailUrl\":\"https:\\\/\\\/www.immobilienbusiness.ch\\\/wp-content\\\/uploads\\\/2023\\\/11\\\/J_Koch.jpg\",\"datePublished\":\"2023-11-08T07:14:12+00:00\",\"dateModified\":\"2023-11-08T08:19:07+00:00\",\"description\":\"F\u00fcr Pensimo-CEO J\u00f6rg Koch soll bis Ende n\u00e4chsten Jahres die Nachfolge geregelt werden. Ausserdem gibt das Unternehmen zwei Neuzug\u00e4nge bekannt.\",\"breadcrumb\":{\"@id\":\"https:\\\/\\\/www.immobilienbusiness.ch\\\/de\\\/allgemein\\\/2023-11-08\\\/pensimo-sucht-nachfolger-fuer-ceo\\\/#breadcrumb\"},\"inLanguage\":\"de\",\"potentialAction\":[{\"@type\":\"ReadAction\",\"target\":[\"https:\\\/\\\/www.immobilienbusiness.ch\\\/de\\\/allgemein\\\/2023-11-08\\\/pensimo-sucht-nachfolger-fuer-ceo\\\/\"]}]},{\"@type\":\"ImageObject\",\"inLanguage\":\"de\",\"@id\":\"https:\\\/\\\/www.immobilienbusiness.ch\\\/de\\\/allgemein\\\/2023-11-08\\\/pensimo-sucht-nachfolger-fuer-ceo\\\/#primaryimage\",\"url\":\"https:\\\/\\\/www.immobilienbusiness.ch\\\/wp-content\\\/uploads\\\/2023\\\/11\\\/J_Koch.jpg\",\"contentUrl\":\"https:\\\/\\\/www.immobilienbusiness.ch\\\/wp-content\\\/uploads\\\/2023\\\/11\\\/J_Koch.jpg\",\"width\":480,\"height\":360,\"caption\":\"J\u00f6rg Koch (Bild: Pensimo)\"},{\"@type\":\"BreadcrumbList\",\"@id\":\"https:\\\/\\\/www.immobilienbusiness.ch\\\/de\\\/allgemein\\\/2023-11-08\\\/pensimo-sucht-nachfolger-fuer-ceo\\\/#breadcrumb\",\"itemListElement\":[{\"@type\":\"ListItem\",\"position\":1,\"name\":\"Home\",\"item\":\"https:\\\/\\\/www.immobilienbusiness.ch\\\/\"},{\"@type\":\"ListItem\",\"position\":2,\"name\":\"Pensimo sucht Nachfolger f\u00fcr CEO\"}]},{\"@type\":\"WebSite\",\"@id\":\"https:\\\/\\\/www.immobilienbusiness.ch\\\/#website\",\"url\":\"https:\\\/\\\/www.immobilienbusiness.ch\\\/\",\"name\":\"IMMOBILIEN Business\",\"description\":\"Unabh\u00e4ngiges Schweizer Wirtschaftsmagazin mit Fokus auf Immobilien, Architektur- und Bau sowie Investment- und Finanzierung.\",\"publisher\":{\"@id\":\"https:\\\/\\\/www.immobilienbusiness.ch\\\/#organization\"},\"potentialAction\":[{\"@type\":\"SearchAction\",\"target\":{\"@type\":\"EntryPoint\",\"urlTemplate\":\"https:\\\/\\\/www.immobilienbusiness.ch\\\/?s={search_term_string}\"},\"query-input\":{\"@type\":\"PropertyValueSpecification\",\"valueRequired\":true,\"valueName\":\"search_term_string\"}}],\"inLanguage\":\"de\"},{\"@type\":\"Organization\",\"@id\":\"https:\\\/\\\/www.immobilienbusiness.ch\\\/#organization\",\"name\":\"IMMOBILIEN Business\",\"url\":\"https:\\\/\\\/www.immobilienbusiness.ch\\\/\",\"logo\":{\"@type\":\"ImageObject\",\"inLanguage\":\"de\",\"@id\":\"https:\\\/\\\/www.immobilienbusiness.ch\\\/#\\\/schema\\\/logo\\\/image\\\/\",\"url\":\"https:\\\/\\\/www.immobilienbusiness.ch\\\/wp-content\\\/uploads\\\/2021\\\/07\\\/logo_ib.png\",\"contentUrl\":\"https:\\\/\\\/www.immobilienbusiness.ch\\\/wp-content\\\/uploads\\\/2021\\\/07\\\/logo_ib.png\",\"width\":800,\"height\":181,\"caption\":\"IMMOBILIEN Business\"},\"image\":{\"@id\":\"https:\\\/\\\/www.immobilienbusiness.ch\\\/#\\\/schema\\\/logo\\\/image\\\/\"},\"sameAs\":[\"https:\\\/\\\/www.facebook.com\\\/immobilienbusiness\\\/\"]},{\"@type\":\"Person\",\"@id\":\"https:\\\/\\\/www.immobilienbusiness.ch\\\/#\\\/schema\\\/person\\\/aba8bea2db926aa0c24c08c43fe1fcd5\",\"name\":\"Alexander Wachter\",\"image\":{\"@type\":\"ImageObject\",\"inLanguage\":\"de\",\"@id\":\"https:\\\/\\\/secure.gravatar.com\\\/avatar\\\/1a09e471f5389b0e0a6416eac287e0927c7c97a7b77f9e787eba3af7aee281dd?s=96&d=mm&r=g\",\"url\":\"https:\\\/\\\/secure.gravatar.com\\\/avatar\\\/1a09e471f5389b0e0a6416eac287e0927c7c97a7b77f9e787eba3af7aee281dd?s=96&d=mm&r=g\",\"contentUrl\":\"https:\\\/\\\/secure.gravatar.com\\\/avatar\\\/1a09e471f5389b0e0a6416eac287e0927c7c97a7b77f9e787eba3af7aee281dd?s=96&d=mm&r=g\",\"caption\":\"Alexander Wachter\"},\"url\":\"https:\\\/\\\/www.immobilienbusiness.ch\\\/de\\\/author\\\/alexander-wachter\\\/\"}]}<\/script>\n<!-- \/ Yoast SEO plugin. -->","yoast_head_json":{"title":"Pensimo sucht Nachfolger f\u00fcr CEO - IMMOBILIEN Business","description":"F\u00fcr Pensimo-CEO J\u00f6rg Koch soll bis Ende n\u00e4chsten Jahres die Nachfolge geregelt werden. Ausserdem gibt das Unternehmen zwei Neuzug\u00e4nge bekannt.","robots":{"index":"index","follow":"follow","max-snippet":"max-snippet:-1","max-image-preview":"max-image-preview:large","max-video-preview":"max-video-preview:-1"},"canonical":"https:\/\/www.immobilienbusiness.ch\/de\/allgemein\/2023-11-08\/pensimo-sucht-nachfolger-fuer-ceo\/","og_locale":"de_DE","og_type":"article","og_title":"Pensimo sucht Nachfolger f\u00fcr CEO - IMMOBILIEN Business","og_description":"F\u00fcr Pensimo-CEO J\u00f6rg Koch soll bis Ende n\u00e4chsten Jahres die Nachfolge geregelt werden. Ausserdem gibt das Unternehmen zwei Neuzug\u00e4nge bekannt.","og_url":"https:\/\/www.immobilienbusiness.ch\/de\/allgemein\/2023-11-08\/pensimo-sucht-nachfolger-fuer-ceo\/","og_site_name":"IMMOBILIEN Business","article_publisher":"https:\/\/www.facebook.com\/immobilienbusiness\/","article_published_time":"2023-11-08T07:14:12+00:00","article_modified_time":"2023-11-08T08:19:07+00:00","og_image":[{"width":480,"height":360,"url":"https:\/\/www.immobilienbusiness.ch\/wp-content\/uploads\/2023\/11\/J_Koch.jpg","type":"image\/jpeg"}],"author":"Alexander Wachter","twitter_card":"summary_large_image","schema":{"@context":"https:\/\/schema.org","@graph":[{"@type":"Article","@id":"https:\/\/www.immobilienbusiness.ch\/de\/allgemein\/2023-11-08\/pensimo-sucht-nachfolger-fuer-ceo\/#article","isPartOf":{"@id":"https:\/\/www.immobilienbusiness.ch\/de\/allgemein\/2023-11-08\/pensimo-sucht-nachfolger-fuer-ceo\/"},"author":{"name":"Alexander Wachter","@id":"https:\/\/www.immobilienbusiness.ch\/#\/schema\/person\/aba8bea2db926aa0c24c08c43fe1fcd5"},"headline":"Pensimo sucht Nachfolger f\u00fcr CEO","datePublished":"2023-11-08T07:14:12+00:00","dateModified":"2023-11-08T08:19:07+00:00","mainEntityOfPage":{"@id":"https:\/\/www.immobilienbusiness.ch\/de\/allgemein\/2023-11-08\/pensimo-sucht-nachfolger-fuer-ceo\/"},"wordCount":285,"publisher":{"@id":"https:\/\/www.immobilienbusiness.ch\/#organization"},"image":{"@id":"https:\/\/www.immobilienbusiness.ch\/de\/allgemein\/2023-11-08\/pensimo-sucht-nachfolger-fuer-ceo\/#primaryimage"},"thumbnailUrl":"https:\/\/www.immobilienbusiness.ch\/wp-content\/uploads\/2023\/11\/J_Koch.jpg","keywords":["Anlagestiftung","Pensimo","Personalia"],"inLanguage":"de"},{"@type":"WebPage","@id":"https:\/\/www.immobilienbusiness.ch\/de\/allgemein\/2023-11-08\/pensimo-sucht-nachfolger-fuer-ceo\/","url":"https:\/\/www.immobilienbusiness.ch\/de\/allgemein\/2023-11-08\/pensimo-sucht-nachfolger-fuer-ceo\/","name":"Pensimo sucht Nachfolger f\u00fcr CEO - IMMOBILIEN Business","isPartOf":{"@id":"https:\/\/www.immobilienbusiness.ch\/#website"},"primaryImageOfPage":{"@id":"https:\/\/www.immobilienbusiness.ch\/de\/allgemein\/2023-11-08\/pensimo-sucht-nachfolger-fuer-ceo\/#primaryimage"},"image":{"@id":"https:\/\/www.immobilienbusiness.ch\/de\/allgemein\/2023-11-08\/pensimo-sucht-nachfolger-fuer-ceo\/#primaryimage"},"thumbnailUrl":"https:\/\/www.immobilienbusiness.ch\/wp-content\/uploads\/2023\/11\/J_Koch.jpg","datePublished":"2023-11-08T07:14:12+00:00","dateModified":"2023-11-08T08:19:07+00:00","description":"F\u00fcr Pensimo-CEO J\u00f6rg Koch soll bis Ende n\u00e4chsten Jahres die Nachfolge geregelt werden. Ausserdem gibt das Unternehmen zwei Neuzug\u00e4nge bekannt.","breadcrumb":{"@id":"https:\/\/www.immobilienbusiness.ch\/de\/allgemein\/2023-11-08\/pensimo-sucht-nachfolger-fuer-ceo\/#breadcrumb"},"inLanguage":"de","potentialAction":[{"@type":"ReadAction","target":["https:\/\/www.immobilienbusiness.ch\/de\/allgemein\/2023-11-08\/pensimo-sucht-nachfolger-fuer-ceo\/"]}]},{"@type":"ImageObject","inLanguage":"de","@id":"https:\/\/www.immobilienbusiness.ch\/de\/allgemein\/2023-11-08\/pensimo-sucht-nachfolger-fuer-ceo\/#primaryimage","url":"https:\/\/www.immobilienbusiness.ch\/wp-content\/uploads\/2023\/11\/J_Koch.jpg","contentUrl":"https:\/\/www.immobilienbusiness.ch\/wp-content\/uploads\/2023\/11\/J_Koch.jpg","width":480,"height":360,"caption":"J\u00f6rg Koch (Bild: Pensimo)"},{"@type":"BreadcrumbList","@id":"https:\/\/www.immobilienbusiness.ch\/de\/allgemein\/2023-11-08\/pensimo-sucht-nachfolger-fuer-ceo\/#breadcrumb","itemListElement":[{"@type":"ListItem","position":1,"name":"Home","item":"https:\/\/www.immobilienbusiness.ch\/"},{"@type":"ListItem","position":2,"name":"Pensimo sucht Nachfolger f\u00fcr CEO"}]},{"@type":"WebSite","@id":"https:\/\/www.immobilienbusiness.ch\/#website","url":"https:\/\/www.immobilienbusiness.ch\/","name":"IMMOBILIEN Business","description":"Unabh\u00e4ngiges Schweizer Wirtschaftsmagazin mit Fokus auf Immobilien, Architektur- und Bau sowie Investment- und Finanzierung.","publisher":{"@id":"https:\/\/www.immobilienbusiness.ch\/#organization"},"potentialAction":[{"@type":"SearchAction","target":{"@type":"EntryPoint","urlTemplate":"https:\/\/www.immobilienbusiness.ch\/?s={search_term_string}"},"query-input":{"@type":"PropertyValueSpecification","valueRequired":true,"valueName":"search_term_string"}}],"inLanguage":"de"},{"@type":"Organization","@id":"https:\/\/www.immobilienbusiness.ch\/#organization","name":"IMMOBILIEN Business","url":"https:\/\/www.immobilienbusiness.ch\/","logo":{"@type":"ImageObject","inLanguage":"de","@id":"https:\/\/www.immobilienbusiness.ch\/#\/schema\/logo\/image\/","url":"https:\/\/www.immobilienbusiness.ch\/wp-content\/uploads\/2021\/07\/logo_ib.png","contentUrl":"https:\/\/www.immobilienbusiness.ch\/wp-content\/uploads\/2021\/07\/logo_ib.png","width":800,"height":181,"caption":"IMMOBILIEN Business"},"image":{"@id":"https:\/\/www.immobilienbusiness.ch\/#\/schema\/logo\/image\/"},"sameAs":["https:\/\/www.facebook.com\/immobilienbusiness\/"]},{"@type":"Person","@id":"https:\/\/www.immobilienbusiness.ch\/#\/schema\/person\/aba8bea2db926aa0c24c08c43fe1fcd5","name":"Alexander Wachter","image":{"@type":"ImageObject","inLanguage":"de","@id":"https:\/\/secure.gravatar.com\/avatar\/1a09e471f5389b0e0a6416eac287e0927c7c97a7b77f9e787eba3af7aee281dd?s=96&d=mm&r=g","url":"https:\/\/secure.gravatar.com\/avatar\/1a09e471f5389b0e0a6416eac287e0927c7c97a7b77f9e787eba3af7aee281dd?s=96&d=mm&r=g","contentUrl":"https:\/\/secure.gravatar.com\/avatar\/1a09e471f5389b0e0a6416eac287e0927c7c97a7b77f9e787eba3af7aee281dd?s=96&d=mm&r=g","caption":"Alexander Wachter"},"url":"https:\/\/www.immobilienbusiness.ch\/de\/author\/alexander-wachter\/"}]}},"_links":{"self":[{"href":"https:\/\/www.immobilienbusiness.ch\/de\/wp-json\/wp\/v2\/posts\/54257","targetHints":{"allow":["GET"]}}],"collection":[{"href":"https:\/\/www.immobilienbusiness.ch\/de\/wp-json\/wp\/v2\/posts"}],"about":[{"href":"https:\/\/www.immobilienbusiness.ch\/de\/wp-json\/wp\/v2\/types\/post"}],"author":[{"embeddable":true,"href":"https:\/\/www.immobilienbusiness.ch\/de\/wp-json\/wp\/v2\/users\/102"}],"replies":[{"embeddable":true,"href":"https:\/\/www.immobilienbusiness.ch\/de\/wp-json\/wp\/v2\/comments?post=54257"}],"version-history":[{"count":3,"href":"https:\/\/www.immobilienbusiness.ch\/de\/wp-json\/wp\/v2\/posts\/54257\/revisions"}],"predecessor-version":[{"id":54297,"href":"https:\/\/www.immobilienbusiness.ch\/de\/wp-json\/wp\/v2\/posts\/54257\/revisions\/54297"}],"wp:featuredmedia":[{"embeddable":true,"href":"https:\/\/www.immobilienbusiness.ch\/de\/wp-json\/wp\/v2\/media\/54259"}],"wp:attachment":[{"href":"https:\/\/www.immobilienbusiness.ch\/de\/wp-json\/wp\/v2\/media?parent=54257"}],"wp:term":[{"taxonomy":"category","embeddable":true,"href":"https:\/\/www.immobilienbusiness.ch\/de\/wp-json\/wp\/v2\/categories?post=54257"},{"taxonomy":"post_tag","embeddable":true,"href":"https:\/\/www.immobilienbusiness.ch\/de\/wp-json\/wp\/v2\/tags?post=54257"}],"curies":[{"name":"wp","href":"https:\/\/api.w.org\/{rel}","templated":true}]}}