{"id":53954,"date":"2023-10-20T08:35:48","date_gmt":"2023-10-20T06:35:48","guid":{"rendered":"https:\/\/www.immobilienbusiness.ch\/?p=53954"},"modified":"2023-10-24T11:31:17","modified_gmt":"2023-10-24T09:31:17","slug":"cs-ref-international-stellt-sich-neu-auf","status":"publish","type":"post","link":"https:\/\/www.immobilienbusiness.ch\/de\/unternehmen\/2023-10-20\/cs-ref-international-stellt-sich-neu-auf\/","title":{"rendered":"CS REF International stellt sich neu auf"},"content":{"rendered":"<figure id=\"attachment_15533\" aria-describedby=\"caption-attachment-15533\" style=\"width: 1000px\" class=\"wp-caption alignnone\"><a href=\"https:\/\/www.immobilienbusiness.ch\/wp-content\/uploads\/2019\/01\/Depositphotos_79481102_m-2015.jpg\"><img loading=\"lazy\" decoding=\"async\" class=\"size-full wp-image-15533\" src=\"https:\/\/www.immobilienbusiness.ch\/wp-content\/uploads\/2019\/01\/Depositphotos_79481102_m-2015.jpg\" alt=\"Europafonds der Swiss Life\" width=\"1000\" height=\"662\" srcset=\"https:\/\/www.immobilienbusiness.ch\/wp-content\/uploads\/2019\/01\/Depositphotos_79481102_m-2015.jpg 1000w, https:\/\/www.immobilienbusiness.ch\/wp-content\/uploads\/2019\/01\/Depositphotos_79481102_m-2015-300x199.jpg 300w, https:\/\/www.immobilienbusiness.ch\/wp-content\/uploads\/2019\/01\/Depositphotos_79481102_m-2015-768x508.jpg 768w, https:\/\/www.immobilienbusiness.ch\/wp-content\/uploads\/2019\/01\/Depositphotos_79481102_m-2015-16x12.jpg 16w, https:\/\/www.immobilienbusiness.ch\/wp-content\/uploads\/2019\/01\/Depositphotos_79481102_m-2015-264x175.jpg 264w, https:\/\/www.immobilienbusiness.ch\/wp-content\/uploads\/2019\/01\/Depositphotos_79481102_m-2015-529x350.jpg 529w, https:\/\/www.immobilienbusiness.ch\/wp-content\/uploads\/2019\/01\/Depositphotos_79481102_m-2015-920x609.jpg 920w\" sizes=\"auto, (max-width: 1000px) 100vw, 1000px\" \/><\/a><figcaption id=\"caption-attachment-15533\" class=\"wp-caption-text\">Der CS REF International stellt den ausserb\u00f6rslichen Handel ein (Bild: Photocreo &#8211; depositphotos)<\/figcaption><\/figure>\n<p>Die Credit Suisse Funds AG will den Credit Suisse Real Estate Fund International (CS REF International) zum 30. November 2023 auf einen Net Asset Value (NAV) basierten Fonds umstellen. Damit w\u00fcrde der ausserb\u00f6rsliche Handel ab diesem Datum eingestellt, teilt die Fondsgesellschaft mit.<a href=\"https:\/\/www.immobilienbusiness.ch\/de\/allgemein\/2022-12-14\/credit-suisse-prueft-umstellung-des-international-fund-in-nav-basiertes-produkt\/\"> Der Schritt war bereits im vergangenen Dezember angek\u00fcndigt worden,<\/a> die Finanzaufsicht Finma muss noch zustimmen.<\/p>\n<p>Als Grund f\u00fcr den Schritt nennt Credit Suisse Funds, dass der ausserb\u00f6rsliche Handel in den vergangenen Quartalen immer weniger den Erwartungen der Investoren und der Fondsleitung entsprochen habe. Die Bedingungen der Ausgabe und R\u00fccknahme von Anteilen bleiben unver\u00e4ndert, betont Credit Suisse. Man pr\u00fcfe, den Anlegern zuk\u00fcnftig eine M\u00f6glichkeit zur Vermittlung von Fondsanteilen zu erm\u00f6glichen.<\/p>\n<h3>Bewertung sinkt um neun Prozent<\/h3>\n<p>Anl\u00e4sslich der geplanten Umstellung hat die Fondsleitung die Verkehrswerte der zum Immobilienfonds geh\u00f6renden Liegenschaften auf den 30. September 2023 neu bewerten lassen. Dabei haben sich nach Angaben von Credit Suisse die Bewertungen durchschnittlich um zirka 9% gegen\u00fcber dem 30. Juni 2023 abgeschw\u00e4cht. Dies werde eine Reduktion des NAV per 30. November 2023 zur Folge haben. Neben den Abwertungen werde der neue NAV auch von weiteren Faktoren wie Wechselkursschwankungen oder der Entwicklung des Fremdkapitals abh\u00e4ngig sein. Per 30. Juni dieses Jahres lag der NAV bei 876,76 CHF.<\/p>\n<h3>Mehr Wohnen und Logistik<\/h3>\n<p>Der CS REF International ist derzeit im Verkaufsprozess f\u00fcr mehrere Liegenschaften. Damit sollen die per 31. Dezember 2022 gek\u00fcndigten Anteile bedient und mittelfristig die Fremdfinanzierungsquote gesenkt werden. Weitere freie Mittel will der Fonds im Rahmen seiner Anlagepolitik vor allem in Wohn- und Logistikimmobilien in internationalen Wachstumsm\u00e4rkten reinvestieren, k\u00fcndigt Credit Suisse Funds an. Damit wolle man die sektorale Diversifikation weiter vorantreiben. Zuletzt hat der Fonds die Allokation von Retailfl\u00e4chen von \u00fcber 30% auf gegenw\u00e4rtig zirka 7% reduziert.<\/p>\n<p>Zum Stichtag 30. Juni hatte der CS REF International ein Portfolio von 54 Liegenschaften in elf L\u00e4ndern mit einem Gesamtfondsverm\u00f6gen von knapp 3,9 Mrd. CHF. <em>(ah)<\/em><\/p>\n","protected":false},"excerpt":{"rendered":"<p>Geplant ist, den ausserb\u00f6rslichen Handel einzustellen. Zudem soll vermehrt in andere Sektoren investiert werden.<\/p>\n","protected":false},"author":3,"featured_media":15533,"comment_status":"closed","ping_status":"closed","sticky":false,"template":"","format":"standard","meta":{"_acf_changed":false,"_yoast_wpseo_focuskw":"CS REF International","_yoast_wpseo_title":"","_yoast_wpseo_metadesc":"Geplant ist, den ausserb\u00f6rslichen Handel einzustellen. Zudem soll vermehrt in andere Sektoren investiert werden.","_yoast_wpseo_linkdex":65,"pgc_sgb_lightbox_settings":"","footnotes":""},"categories":[988],"tags":[1146,1344],"class_list":["post-53954","post","type-post","status-publish","format-standard","has-post-thumbnail","hentry","category-unternehmen","tag-credit-suisse","tag-immobilienfonds"],"acf":[],"yoast_head":"<!-- This site is optimized with the Yoast SEO plugin v27.4 - https:\/\/yoast.com\/product\/yoast-seo-wordpress\/ -->\n<title>CS REF International stellt sich neu auf - IMMOBILIEN Business<\/title>\n<meta name=\"description\" content=\"Geplant ist, den ausserb\u00f6rslichen Handel einzustellen. Zudem soll vermehrt in andere Sektoren investiert werden.\" \/>\n<meta name=\"robots\" content=\"index, follow, max-snippet:-1, max-image-preview:large, max-video-preview:-1\" \/>\n<link rel=\"canonical\" href=\"https:\/\/www.immobilienbusiness.ch\/de\/unternehmen\/2023-10-20\/cs-ref-international-stellt-sich-neu-auf\/\" \/>\n<meta property=\"og:locale\" content=\"de_DE\" \/>\n<meta property=\"og:type\" content=\"article\" \/>\n<meta property=\"og:title\" content=\"CS REF International stellt sich neu auf - IMMOBILIEN Business\" \/>\n<meta property=\"og:description\" content=\"Geplant ist, den ausserb\u00f6rslichen Handel einzustellen. Zudem soll vermehrt in andere Sektoren investiert werden.\" \/>\n<meta property=\"og:url\" content=\"https:\/\/www.immobilienbusiness.ch\/de\/unternehmen\/2023-10-20\/cs-ref-international-stellt-sich-neu-auf\/\" \/>\n<meta property=\"og:site_name\" content=\"IMMOBILIEN Business\" \/>\n<meta property=\"article:publisher\" content=\"https:\/\/www.facebook.com\/immobilienbusiness\/\" \/>\n<meta property=\"article:published_time\" content=\"2023-10-20T06:35:48+00:00\" \/>\n<meta property=\"article:modified_time\" content=\"2023-10-24T09:31:17+00:00\" \/>\n<meta property=\"og:image\" content=\"https:\/\/www.immobilienbusiness.ch\/wp-content\/uploads\/2019\/01\/Depositphotos_79481102_m-2015.jpg\" \/>\n\t<meta property=\"og:image:width\" content=\"1000\" \/>\n\t<meta property=\"og:image:height\" content=\"662\" \/>\n\t<meta property=\"og:image:type\" content=\"image\/jpeg\" \/>\n<meta name=\"author\" content=\"anja.hall\" \/>\n<meta name=\"twitter:card\" content=\"summary_large_image\" \/>\n<script type=\"application\/ld+json\" class=\"yoast-schema-graph\">{\"@context\":\"https:\\\/\\\/schema.org\",\"@graph\":[{\"@type\":\"Article\",\"@id\":\"https:\\\/\\\/www.immobilienbusiness.ch\\\/de\\\/unternehmen\\\/2023-10-20\\\/cs-ref-international-stellt-sich-neu-auf\\\/#article\",\"isPartOf\":{\"@id\":\"https:\\\/\\\/www.immobilienbusiness.ch\\\/de\\\/unternehmen\\\/2023-10-20\\\/cs-ref-international-stellt-sich-neu-auf\\\/\"},\"author\":{\"name\":\"anja.hall\",\"@id\":\"https:\\\/\\\/www.immobilienbusiness.ch\\\/#\\\/schema\\\/person\\\/3fc036297b10b9f42d6db5ee932af8c8\"},\"headline\":\"CS REF International stellt sich neu auf\",\"datePublished\":\"2023-10-20T06:35:48+00:00\",\"dateModified\":\"2023-10-24T09:31:17+00:00\",\"mainEntityOfPage\":{\"@id\":\"https:\\\/\\\/www.immobilienbusiness.ch\\\/de\\\/unternehmen\\\/2023-10-20\\\/cs-ref-international-stellt-sich-neu-auf\\\/\"},\"wordCount\":342,\"publisher\":{\"@id\":\"https:\\\/\\\/www.immobilienbusiness.ch\\\/#organization\"},\"image\":{\"@id\":\"https:\\\/\\\/www.immobilienbusiness.ch\\\/de\\\/unternehmen\\\/2023-10-20\\\/cs-ref-international-stellt-sich-neu-auf\\\/#primaryimage\"},\"thumbnailUrl\":\"https:\\\/\\\/www.immobilienbusiness.ch\\\/wp-content\\\/uploads\\\/2019\\\/01\\\/Depositphotos_79481102_m-2015.jpg\",\"keywords\":[\"Credit Suisse\",\"Immobilienfonds\"],\"articleSection\":[\"UNTERNEHMEN\"],\"inLanguage\":\"de\"},{\"@type\":\"WebPage\",\"@id\":\"https:\\\/\\\/www.immobilienbusiness.ch\\\/de\\\/unternehmen\\\/2023-10-20\\\/cs-ref-international-stellt-sich-neu-auf\\\/\",\"url\":\"https:\\\/\\\/www.immobilienbusiness.ch\\\/de\\\/unternehmen\\\/2023-10-20\\\/cs-ref-international-stellt-sich-neu-auf\\\/\",\"name\":\"CS REF International stellt sich neu auf - IMMOBILIEN Business\",\"isPartOf\":{\"@id\":\"https:\\\/\\\/www.immobilienbusiness.ch\\\/#website\"},\"primaryImageOfPage\":{\"@id\":\"https:\\\/\\\/www.immobilienbusiness.ch\\\/de\\\/unternehmen\\\/2023-10-20\\\/cs-ref-international-stellt-sich-neu-auf\\\/#primaryimage\"},\"image\":{\"@id\":\"https:\\\/\\\/www.immobilienbusiness.ch\\\/de\\\/unternehmen\\\/2023-10-20\\\/cs-ref-international-stellt-sich-neu-auf\\\/#primaryimage\"},\"thumbnailUrl\":\"https:\\\/\\\/www.immobilienbusiness.ch\\\/wp-content\\\/uploads\\\/2019\\\/01\\\/Depositphotos_79481102_m-2015.jpg\",\"datePublished\":\"2023-10-20T06:35:48+00:00\",\"dateModified\":\"2023-10-24T09:31:17+00:00\",\"description\":\"Geplant ist, den ausserb\u00f6rslichen Handel einzustellen. Zudem soll vermehrt in andere Sektoren investiert werden.\",\"breadcrumb\":{\"@id\":\"https:\\\/\\\/www.immobilienbusiness.ch\\\/de\\\/unternehmen\\\/2023-10-20\\\/cs-ref-international-stellt-sich-neu-auf\\\/#breadcrumb\"},\"inLanguage\":\"de\",\"potentialAction\":[{\"@type\":\"ReadAction\",\"target\":[\"https:\\\/\\\/www.immobilienbusiness.ch\\\/de\\\/unternehmen\\\/2023-10-20\\\/cs-ref-international-stellt-sich-neu-auf\\\/\"]}]},{\"@type\":\"ImageObject\",\"inLanguage\":\"de\",\"@id\":\"https:\\\/\\\/www.immobilienbusiness.ch\\\/de\\\/unternehmen\\\/2023-10-20\\\/cs-ref-international-stellt-sich-neu-auf\\\/#primaryimage\",\"url\":\"https:\\\/\\\/www.immobilienbusiness.ch\\\/wp-content\\\/uploads\\\/2019\\\/01\\\/Depositphotos_79481102_m-2015.jpg\",\"contentUrl\":\"https:\\\/\\\/www.immobilienbusiness.ch\\\/wp-content\\\/uploads\\\/2019\\\/01\\\/Depositphotos_79481102_m-2015.jpg\",\"width\":1000,\"height\":662,\"caption\":\"Die Swiss Prime AST hat Halbjahreszahlen f\u00fcr ihre Anlagegruppen vorgelegt (Bild: Photocreo - depositphotos)\"},{\"@type\":\"BreadcrumbList\",\"@id\":\"https:\\\/\\\/www.immobilienbusiness.ch\\\/de\\\/unternehmen\\\/2023-10-20\\\/cs-ref-international-stellt-sich-neu-auf\\\/#breadcrumb\",\"itemListElement\":[{\"@type\":\"ListItem\",\"position\":1,\"name\":\"Home\",\"item\":\"https:\\\/\\\/www.immobilienbusiness.ch\\\/\"},{\"@type\":\"ListItem\",\"position\":2,\"name\":\"CS REF International stellt sich neu auf\"}]},{\"@type\":\"WebSite\",\"@id\":\"https:\\\/\\\/www.immobilienbusiness.ch\\\/#website\",\"url\":\"https:\\\/\\\/www.immobilienbusiness.ch\\\/\",\"name\":\"IMMOBILIEN Business\",\"description\":\"Unabh\u00e4ngiges Schweizer Wirtschaftsmagazin mit Fokus auf Immobilien, Architektur- und Bau sowie Investment- und Finanzierung.\",\"publisher\":{\"@id\":\"https:\\\/\\\/www.immobilienbusiness.ch\\\/#organization\"},\"potentialAction\":[{\"@type\":\"SearchAction\",\"target\":{\"@type\":\"EntryPoint\",\"urlTemplate\":\"https:\\\/\\\/www.immobilienbusiness.ch\\\/?s={search_term_string}\"},\"query-input\":{\"@type\":\"PropertyValueSpecification\",\"valueRequired\":true,\"valueName\":\"search_term_string\"}}],\"inLanguage\":\"de\"},{\"@type\":\"Organization\",\"@id\":\"https:\\\/\\\/www.immobilienbusiness.ch\\\/#organization\",\"name\":\"IMMOBILIEN Business\",\"url\":\"https:\\\/\\\/www.immobilienbusiness.ch\\\/\",\"logo\":{\"@type\":\"ImageObject\",\"inLanguage\":\"de\",\"@id\":\"https:\\\/\\\/www.immobilienbusiness.ch\\\/#\\\/schema\\\/logo\\\/image\\\/\",\"url\":\"https:\\\/\\\/www.immobilienbusiness.ch\\\/wp-content\\\/uploads\\\/2021\\\/07\\\/logo_ib.png\",\"contentUrl\":\"https:\\\/\\\/www.immobilienbusiness.ch\\\/wp-content\\\/uploads\\\/2021\\\/07\\\/logo_ib.png\",\"width\":800,\"height\":181,\"caption\":\"IMMOBILIEN Business\"},\"image\":{\"@id\":\"https:\\\/\\\/www.immobilienbusiness.ch\\\/#\\\/schema\\\/logo\\\/image\\\/\"},\"sameAs\":[\"https:\\\/\\\/www.facebook.com\\\/immobilienbusiness\\\/\"]},{\"@type\":\"Person\",\"@id\":\"https:\\\/\\\/www.immobilienbusiness.ch\\\/#\\\/schema\\\/person\\\/3fc036297b10b9f42d6db5ee932af8c8\",\"name\":\"anja.hall\",\"image\":{\"@type\":\"ImageObject\",\"inLanguage\":\"de\",\"@id\":\"https:\\\/\\\/secure.gravatar.com\\\/avatar\\\/066b5a0d447013502c71a5782f4f3469f03cfe595cc2329fb94652fe47511bfb?s=96&d=mm&r=g\",\"url\":\"https:\\\/\\\/secure.gravatar.com\\\/avatar\\\/066b5a0d447013502c71a5782f4f3469f03cfe595cc2329fb94652fe47511bfb?s=96&d=mm&r=g\",\"contentUrl\":\"https:\\\/\\\/secure.gravatar.com\\\/avatar\\\/066b5a0d447013502c71a5782f4f3469f03cfe595cc2329fb94652fe47511bfb?s=96&d=mm&r=g\",\"caption\":\"anja.hall\"},\"url\":\"https:\\\/\\\/www.immobilienbusiness.ch\\\/de\\\/author\\\/anja-hall\\\/\"}]}<\/script>\n<!-- \/ Yoast SEO plugin. -->","yoast_head_json":{"title":"CS REF International stellt sich neu auf - IMMOBILIEN Business","description":"Geplant ist, den ausserb\u00f6rslichen Handel einzustellen. Zudem soll vermehrt in andere Sektoren investiert werden.","robots":{"index":"index","follow":"follow","max-snippet":"max-snippet:-1","max-image-preview":"max-image-preview:large","max-video-preview":"max-video-preview:-1"},"canonical":"https:\/\/www.immobilienbusiness.ch\/de\/unternehmen\/2023-10-20\/cs-ref-international-stellt-sich-neu-auf\/","og_locale":"de_DE","og_type":"article","og_title":"CS REF International stellt sich neu auf - IMMOBILIEN Business","og_description":"Geplant ist, den ausserb\u00f6rslichen Handel einzustellen. Zudem soll vermehrt in andere Sektoren investiert werden.","og_url":"https:\/\/www.immobilienbusiness.ch\/de\/unternehmen\/2023-10-20\/cs-ref-international-stellt-sich-neu-auf\/","og_site_name":"IMMOBILIEN Business","article_publisher":"https:\/\/www.facebook.com\/immobilienbusiness\/","article_published_time":"2023-10-20T06:35:48+00:00","article_modified_time":"2023-10-24T09:31:17+00:00","og_image":[{"width":1000,"height":662,"url":"https:\/\/www.immobilienbusiness.ch\/wp-content\/uploads\/2019\/01\/Depositphotos_79481102_m-2015.jpg","type":"image\/jpeg"}],"author":"anja.hall","twitter_card":"summary_large_image","schema":{"@context":"https:\/\/schema.org","@graph":[{"@type":"Article","@id":"https:\/\/www.immobilienbusiness.ch\/de\/unternehmen\/2023-10-20\/cs-ref-international-stellt-sich-neu-auf\/#article","isPartOf":{"@id":"https:\/\/www.immobilienbusiness.ch\/de\/unternehmen\/2023-10-20\/cs-ref-international-stellt-sich-neu-auf\/"},"author":{"name":"anja.hall","@id":"https:\/\/www.immobilienbusiness.ch\/#\/schema\/person\/3fc036297b10b9f42d6db5ee932af8c8"},"headline":"CS REF International stellt sich neu auf","datePublished":"2023-10-20T06:35:48+00:00","dateModified":"2023-10-24T09:31:17+00:00","mainEntityOfPage":{"@id":"https:\/\/www.immobilienbusiness.ch\/de\/unternehmen\/2023-10-20\/cs-ref-international-stellt-sich-neu-auf\/"},"wordCount":342,"publisher":{"@id":"https:\/\/www.immobilienbusiness.ch\/#organization"},"image":{"@id":"https:\/\/www.immobilienbusiness.ch\/de\/unternehmen\/2023-10-20\/cs-ref-international-stellt-sich-neu-auf\/#primaryimage"},"thumbnailUrl":"https:\/\/www.immobilienbusiness.ch\/wp-content\/uploads\/2019\/01\/Depositphotos_79481102_m-2015.jpg","keywords":["Credit Suisse","Immobilienfonds"],"articleSection":["UNTERNEHMEN"],"inLanguage":"de"},{"@type":"WebPage","@id":"https:\/\/www.immobilienbusiness.ch\/de\/unternehmen\/2023-10-20\/cs-ref-international-stellt-sich-neu-auf\/","url":"https:\/\/www.immobilienbusiness.ch\/de\/unternehmen\/2023-10-20\/cs-ref-international-stellt-sich-neu-auf\/","name":"CS REF International stellt sich neu auf - IMMOBILIEN Business","isPartOf":{"@id":"https:\/\/www.immobilienbusiness.ch\/#website"},"primaryImageOfPage":{"@id":"https:\/\/www.immobilienbusiness.ch\/de\/unternehmen\/2023-10-20\/cs-ref-international-stellt-sich-neu-auf\/#primaryimage"},"image":{"@id":"https:\/\/www.immobilienbusiness.ch\/de\/unternehmen\/2023-10-20\/cs-ref-international-stellt-sich-neu-auf\/#primaryimage"},"thumbnailUrl":"https:\/\/www.immobilienbusiness.ch\/wp-content\/uploads\/2019\/01\/Depositphotos_79481102_m-2015.jpg","datePublished":"2023-10-20T06:35:48+00:00","dateModified":"2023-10-24T09:31:17+00:00","description":"Geplant ist, den ausserb\u00f6rslichen Handel einzustellen. Zudem soll vermehrt in andere Sektoren investiert werden.","breadcrumb":{"@id":"https:\/\/www.immobilienbusiness.ch\/de\/unternehmen\/2023-10-20\/cs-ref-international-stellt-sich-neu-auf\/#breadcrumb"},"inLanguage":"de","potentialAction":[{"@type":"ReadAction","target":["https:\/\/www.immobilienbusiness.ch\/de\/unternehmen\/2023-10-20\/cs-ref-international-stellt-sich-neu-auf\/"]}]},{"@type":"ImageObject","inLanguage":"de","@id":"https:\/\/www.immobilienbusiness.ch\/de\/unternehmen\/2023-10-20\/cs-ref-international-stellt-sich-neu-auf\/#primaryimage","url":"https:\/\/www.immobilienbusiness.ch\/wp-content\/uploads\/2019\/01\/Depositphotos_79481102_m-2015.jpg","contentUrl":"https:\/\/www.immobilienbusiness.ch\/wp-content\/uploads\/2019\/01\/Depositphotos_79481102_m-2015.jpg","width":1000,"height":662,"caption":"Die Swiss Prime AST hat Halbjahreszahlen f\u00fcr ihre Anlagegruppen vorgelegt (Bild: Photocreo - depositphotos)"},{"@type":"BreadcrumbList","@id":"https:\/\/www.immobilienbusiness.ch\/de\/unternehmen\/2023-10-20\/cs-ref-international-stellt-sich-neu-auf\/#breadcrumb","itemListElement":[{"@type":"ListItem","position":1,"name":"Home","item":"https:\/\/www.immobilienbusiness.ch\/"},{"@type":"ListItem","position":2,"name":"CS REF International stellt sich neu auf"}]},{"@type":"WebSite","@id":"https:\/\/www.immobilienbusiness.ch\/#website","url":"https:\/\/www.immobilienbusiness.ch\/","name":"IMMOBILIEN Business","description":"Unabh\u00e4ngiges Schweizer Wirtschaftsmagazin mit Fokus auf Immobilien, Architektur- und Bau sowie Investment- und Finanzierung.","publisher":{"@id":"https:\/\/www.immobilienbusiness.ch\/#organization"},"potentialAction":[{"@type":"SearchAction","target":{"@type":"EntryPoint","urlTemplate":"https:\/\/www.immobilienbusiness.ch\/?s={search_term_string}"},"query-input":{"@type":"PropertyValueSpecification","valueRequired":true,"valueName":"search_term_string"}}],"inLanguage":"de"},{"@type":"Organization","@id":"https:\/\/www.immobilienbusiness.ch\/#organization","name":"IMMOBILIEN Business","url":"https:\/\/www.immobilienbusiness.ch\/","logo":{"@type":"ImageObject","inLanguage":"de","@id":"https:\/\/www.immobilienbusiness.ch\/#\/schema\/logo\/image\/","url":"https:\/\/www.immobilienbusiness.ch\/wp-content\/uploads\/2021\/07\/logo_ib.png","contentUrl":"https:\/\/www.immobilienbusiness.ch\/wp-content\/uploads\/2021\/07\/logo_ib.png","width":800,"height":181,"caption":"IMMOBILIEN Business"},"image":{"@id":"https:\/\/www.immobilienbusiness.ch\/#\/schema\/logo\/image\/"},"sameAs":["https:\/\/www.facebook.com\/immobilienbusiness\/"]},{"@type":"Person","@id":"https:\/\/www.immobilienbusiness.ch\/#\/schema\/person\/3fc036297b10b9f42d6db5ee932af8c8","name":"anja.hall","image":{"@type":"ImageObject","inLanguage":"de","@id":"https:\/\/secure.gravatar.com\/avatar\/066b5a0d447013502c71a5782f4f3469f03cfe595cc2329fb94652fe47511bfb?s=96&d=mm&r=g","url":"https:\/\/secure.gravatar.com\/avatar\/066b5a0d447013502c71a5782f4f3469f03cfe595cc2329fb94652fe47511bfb?s=96&d=mm&r=g","contentUrl":"https:\/\/secure.gravatar.com\/avatar\/066b5a0d447013502c71a5782f4f3469f03cfe595cc2329fb94652fe47511bfb?s=96&d=mm&r=g","caption":"anja.hall"},"url":"https:\/\/www.immobilienbusiness.ch\/de\/author\/anja-hall\/"}]}},"_links":{"self":[{"href":"https:\/\/www.immobilienbusiness.ch\/de\/wp-json\/wp\/v2\/posts\/53954","targetHints":{"allow":["GET"]}}],"collection":[{"href":"https:\/\/www.immobilienbusiness.ch\/de\/wp-json\/wp\/v2\/posts"}],"about":[{"href":"https:\/\/www.immobilienbusiness.ch\/de\/wp-json\/wp\/v2\/types\/post"}],"author":[{"embeddable":true,"href":"https:\/\/www.immobilienbusiness.ch\/de\/wp-json\/wp\/v2\/users\/3"}],"replies":[{"embeddable":true,"href":"https:\/\/www.immobilienbusiness.ch\/de\/wp-json\/wp\/v2\/comments?post=53954"}],"version-history":[{"count":3,"href":"https:\/\/www.immobilienbusiness.ch\/de\/wp-json\/wp\/v2\/posts\/53954\/revisions"}],"predecessor-version":[{"id":54036,"href":"https:\/\/www.immobilienbusiness.ch\/de\/wp-json\/wp\/v2\/posts\/53954\/revisions\/54036"}],"wp:featuredmedia":[{"embeddable":true,"href":"https:\/\/www.immobilienbusiness.ch\/de\/wp-json\/wp\/v2\/media\/15533"}],"wp:attachment":[{"href":"https:\/\/www.immobilienbusiness.ch\/de\/wp-json\/wp\/v2\/media?parent=53954"}],"wp:term":[{"taxonomy":"category","embeddable":true,"href":"https:\/\/www.immobilienbusiness.ch\/de\/wp-json\/wp\/v2\/categories?post=53954"},{"taxonomy":"post_tag","embeddable":true,"href":"https:\/\/www.immobilienbusiness.ch\/de\/wp-json\/wp\/v2\/tags?post=53954"}],"curies":[{"name":"wp","href":"https:\/\/api.w.org\/{rel}","templated":true}]}}