{"id":53919,"date":"2023-10-19T07:38:31","date_gmt":"2023-10-19T05:38:31","guid":{"rendered":"https:\/\/www.immobilienbusiness.ch\/?p=53919"},"modified":"2023-10-19T08:42:34","modified_gmt":"2023-10-19T06:42:34","slug":"egnach-grossprojekt-luxburgerfeld-kommt-voran","status":"publish","type":"post","link":"https:\/\/www.immobilienbusiness.ch\/de\/regionen\/2023-10-19\/egnach-grossprojekt-luxburgerfeld-kommt-voran\/","title":{"rendered":"Egnach: Grossprojekt Luxburgerfeld kommt voran"},"content":{"rendered":"<figure id=\"attachment_53920\" aria-describedby=\"caption-attachment-53920\" style=\"width: 800px\" class=\"wp-caption alignnone\"><a href=\"https:\/\/www.immobilienbusiness.ch\/wp-content\/uploads\/2023\/10\/Bild2.jpeg\"><img loading=\"lazy\" decoding=\"async\" class=\"size-full wp-image-53920\" src=\"https:\/\/www.immobilienbusiness.ch\/wp-content\/uploads\/2023\/10\/Bild2.jpeg\" alt=\"\" width=\"800\" height=\"500\" srcset=\"https:\/\/www.immobilienbusiness.ch\/wp-content\/uploads\/2023\/10\/Bild2.jpeg 800w, https:\/\/www.immobilienbusiness.ch\/wp-content\/uploads\/2023\/10\/Bild2-300x188.jpeg 300w, https:\/\/www.immobilienbusiness.ch\/wp-content\/uploads\/2023\/10\/Bild2-768x480.jpeg 768w, https:\/\/www.immobilienbusiness.ch\/wp-content\/uploads\/2023\/10\/Bild2-18x12.jpeg 18w, https:\/\/www.immobilienbusiness.ch\/wp-content\/uploads\/2023\/10\/Bild2-375x234.jpeg 375w, https:\/\/www.immobilienbusiness.ch\/wp-content\/uploads\/2023\/10\/Bild2-560x350.jpeg 560w\" sizes=\"auto, (max-width: 800px) 100vw, 800px\" \/><\/a><figcaption id=\"caption-attachment-53920\" class=\"wp-caption-text\">Visualisierung der \u00dcberbauung im Luxburgerfeld (Quelle: Steiner)<\/figcaption><\/figure>\n<p>Die Steiner AG sieht ihr Projekt Luxburgerfeld in Egnach (TG) wieder auf Kurs. Erste Pl\u00e4ne f\u00fcr das Grossvorhaben \u2013 das Gesamtareal erstreckt sich \u00fcber 77.000 qm \u2013 waren auf Widerstand in der Bev\u00f6lkerung gestossen. Insbesondere die Dichte der geplanten Bebauung und die zus\u00e4tzliche Verkehrsbelastung wurden kritisch gesehen. Nun seien die Geb\u00e4udeh\u00f6he und die Anzahl der Wohnungen reduziert worden, teilt Steiner mit. Dadurch f\u00fcge sich das Projekt nun wesentlich besser in die l\u00e4ndliche Umgebung am Bodensee ein. Es werden 350 Wohneinheiten entstehen in einer Mischung aus Reihen-, Einzel- und Mehrfamilienh\u00e4usern, Stockwerkeigentum und Mietwohnungen.<\/p>\n<p>Nachdem der \u00fcberarbeitete Gestaltungsplan im Sommer in der \u00f6ffentlichen Mitwirkung erneut allen interessierten B\u00fcrgerinnen und B\u00fcrgern von Egnach vorgestellt wurde, ist die \u00f6ffentliche Auflage des Gestaltungsplans durch die Gemeinde f\u00fcr den Dezember geplant. Ab 2025 soll das Projekt realisiert werden. <em>(ah)<\/em><\/p>\n","protected":false},"excerpt":{"rendered":"<p>Nachdem die Pl\u00e4ne f\u00fcr die Entwicklung des Luxburgerfelds in Egnach am Bodensee \u00fcberarbeitet wurden, soll bald der neue Gestaltungsplan \u00f6ffentlich aufgelegt werden. <\/p>\n","protected":false},"author":3,"featured_media":53920,"comment_status":"closed","ping_status":"closed","sticky":false,"template":"","format":"standard","meta":{"_acf_changed":false,"_yoast_wpseo_focuskw":"Egnach","_yoast_wpseo_title":"","_yoast_wpseo_metadesc":"Nachdem die Pl\u00e4ne f\u00fcr die Entwicklung des Luxburgerfelds in Egnach \u00fcberarbeitet wurden, soll bald der neue Gestaltungsplan \u00f6ffentlich aufgelegt werden.","_yoast_wpseo_linkdex":53,"pgc_sgb_lightbox_settings":"","footnotes":""},"categories":[985],"tags":[1937,1406,1600,1731],"class_list":["post-53919","post","type-post","status-publish","format-standard","has-post-thumbnail","hentry","category-regionen","tag-arealentwicklung","tag-kanton-thurgau","tag-projekt-in-planung","tag-steiner-ag"],"acf":[],"yoast_head":"<!-- This site is optimized with the Yoast SEO plugin v27.4 - https:\/\/yoast.com\/product\/yoast-seo-wordpress\/ -->\n<title>Egnach: Grossprojekt Luxburgerfeld kommt voran - IMMOBILIEN Business<\/title>\n<meta name=\"description\" content=\"Nachdem die Pl\u00e4ne f\u00fcr die Entwicklung des Luxburgerfelds in Egnach \u00fcberarbeitet wurden, soll bald der neue Gestaltungsplan \u00f6ffentlich aufgelegt werden.\" \/>\n<meta name=\"robots\" content=\"index, follow, max-snippet:-1, max-image-preview:large, max-video-preview:-1\" \/>\n<link rel=\"canonical\" href=\"https:\/\/www.immobilienbusiness.ch\/de\/regionen\/2023-10-19\/egnach-grossprojekt-luxburgerfeld-kommt-voran\/\" \/>\n<meta property=\"og:locale\" content=\"de_DE\" \/>\n<meta property=\"og:type\" content=\"article\" \/>\n<meta property=\"og:title\" content=\"Egnach: Grossprojekt Luxburgerfeld kommt voran - IMMOBILIEN Business\" \/>\n<meta property=\"og:description\" content=\"Nachdem die Pl\u00e4ne f\u00fcr die Entwicklung des Luxburgerfelds in Egnach \u00fcberarbeitet wurden, soll bald der neue Gestaltungsplan \u00f6ffentlich aufgelegt werden.\" \/>\n<meta property=\"og:url\" content=\"https:\/\/www.immobilienbusiness.ch\/de\/regionen\/2023-10-19\/egnach-grossprojekt-luxburgerfeld-kommt-voran\/\" \/>\n<meta property=\"og:site_name\" content=\"IMMOBILIEN Business\" \/>\n<meta property=\"article:publisher\" content=\"https:\/\/www.facebook.com\/immobilienbusiness\/\" \/>\n<meta property=\"article:published_time\" content=\"2023-10-19T05:38:31+00:00\" \/>\n<meta property=\"article:modified_time\" content=\"2023-10-19T06:42:34+00:00\" \/>\n<meta property=\"og:image\" content=\"https:\/\/www.immobilienbusiness.ch\/wp-content\/uploads\/2023\/10\/Bild2.jpeg\" \/>\n\t<meta property=\"og:image:width\" content=\"800\" \/>\n\t<meta property=\"og:image:height\" content=\"500\" \/>\n\t<meta property=\"og:image:type\" content=\"image\/jpeg\" \/>\n<meta name=\"author\" content=\"anja.hall\" \/>\n<meta name=\"twitter:card\" content=\"summary_large_image\" \/>\n<script type=\"application\/ld+json\" class=\"yoast-schema-graph\">{\"@context\":\"https:\\\/\\\/schema.org\",\"@graph\":[{\"@type\":\"Article\",\"@id\":\"https:\\\/\\\/www.immobilienbusiness.ch\\\/it\\\/regionen\\\/2023-10-19\\\/egnach-grossprojekt-luxburgerfeld-kommt-voran\\\/#article\",\"isPartOf\":{\"@id\":\"https:\\\/\\\/www.immobilienbusiness.ch\\\/it\\\/regionen\\\/2023-10-19\\\/egnach-grossprojekt-luxburgerfeld-kommt-voran\\\/\"},\"author\":{\"name\":\"anja.hall\",\"@id\":\"https:\\\/\\\/www.immobilienbusiness.ch\\\/#\\\/schema\\\/person\\\/3fc036297b10b9f42d6db5ee932af8c8\"},\"headline\":\"Egnach: Grossprojekt Luxburgerfeld kommt voran\",\"datePublished\":\"2023-10-19T05:38:31+00:00\",\"dateModified\":\"2023-10-19T06:42:34+00:00\",\"mainEntityOfPage\":{\"@id\":\"https:\\\/\\\/www.immobilienbusiness.ch\\\/it\\\/regionen\\\/2023-10-19\\\/egnach-grossprojekt-luxburgerfeld-kommt-voran\\\/\"},\"wordCount\":159,\"publisher\":{\"@id\":\"https:\\\/\\\/www.immobilienbusiness.ch\\\/#organization\"},\"image\":{\"@id\":\"https:\\\/\\\/www.immobilienbusiness.ch\\\/it\\\/regionen\\\/2023-10-19\\\/egnach-grossprojekt-luxburgerfeld-kommt-voran\\\/#primaryimage\"},\"thumbnailUrl\":\"https:\\\/\\\/www.immobilienbusiness.ch\\\/wp-content\\\/uploads\\\/2023\\\/10\\\/Bild2.jpeg\",\"keywords\":[\"Arealentwicklung\",\"Kanton Thurgau\",\"Projekt in Planung\",\"Steiner AG\"],\"articleSection\":[\"REGIONEN\"],\"inLanguage\":\"de\"},{\"@type\":\"WebPage\",\"@id\":\"https:\\\/\\\/www.immobilienbusiness.ch\\\/it\\\/regionen\\\/2023-10-19\\\/egnach-grossprojekt-luxburgerfeld-kommt-voran\\\/\",\"url\":\"https:\\\/\\\/www.immobilienbusiness.ch\\\/it\\\/regionen\\\/2023-10-19\\\/egnach-grossprojekt-luxburgerfeld-kommt-voran\\\/\",\"name\":\"Egnach: Grossprojekt Luxburgerfeld kommt voran - IMMOBILIEN Business\",\"isPartOf\":{\"@id\":\"https:\\\/\\\/www.immobilienbusiness.ch\\\/#website\"},\"primaryImageOfPage\":{\"@id\":\"https:\\\/\\\/www.immobilienbusiness.ch\\\/it\\\/regionen\\\/2023-10-19\\\/egnach-grossprojekt-luxburgerfeld-kommt-voran\\\/#primaryimage\"},\"image\":{\"@id\":\"https:\\\/\\\/www.immobilienbusiness.ch\\\/it\\\/regionen\\\/2023-10-19\\\/egnach-grossprojekt-luxburgerfeld-kommt-voran\\\/#primaryimage\"},\"thumbnailUrl\":\"https:\\\/\\\/www.immobilienbusiness.ch\\\/wp-content\\\/uploads\\\/2023\\\/10\\\/Bild2.jpeg\",\"datePublished\":\"2023-10-19T05:38:31+00:00\",\"dateModified\":\"2023-10-19T06:42:34+00:00\",\"description\":\"Nachdem die Pl\u00e4ne f\u00fcr die Entwicklung des Luxburgerfelds in Egnach \u00fcberarbeitet wurden, soll bald der neue Gestaltungsplan \u00f6ffentlich aufgelegt werden.\",\"breadcrumb\":{\"@id\":\"https:\\\/\\\/www.immobilienbusiness.ch\\\/it\\\/regionen\\\/2023-10-19\\\/egnach-grossprojekt-luxburgerfeld-kommt-voran\\\/#breadcrumb\"},\"inLanguage\":\"de\",\"potentialAction\":[{\"@type\":\"ReadAction\",\"target\":[\"https:\\\/\\\/www.immobilienbusiness.ch\\\/it\\\/regionen\\\/2023-10-19\\\/egnach-grossprojekt-luxburgerfeld-kommt-voran\\\/\"]}]},{\"@type\":\"ImageObject\",\"inLanguage\":\"de\",\"@id\":\"https:\\\/\\\/www.immobilienbusiness.ch\\\/it\\\/regionen\\\/2023-10-19\\\/egnach-grossprojekt-luxburgerfeld-kommt-voran\\\/#primaryimage\",\"url\":\"https:\\\/\\\/www.immobilienbusiness.ch\\\/wp-content\\\/uploads\\\/2023\\\/10\\\/Bild2.jpeg\",\"contentUrl\":\"https:\\\/\\\/www.immobilienbusiness.ch\\\/wp-content\\\/uploads\\\/2023\\\/10\\\/Bild2.jpeg\",\"width\":800,\"height\":500,\"caption\":\"Visualisierung der \u00dcberbauung im Luxburgerfeld (Quelle: Steiner)\"},{\"@type\":\"BreadcrumbList\",\"@id\":\"https:\\\/\\\/www.immobilienbusiness.ch\\\/it\\\/regionen\\\/2023-10-19\\\/egnach-grossprojekt-luxburgerfeld-kommt-voran\\\/#breadcrumb\",\"itemListElement\":[{\"@type\":\"ListItem\",\"position\":1,\"name\":\"Home\",\"item\":\"https:\\\/\\\/www.immobilienbusiness.ch\\\/\"},{\"@type\":\"ListItem\",\"position\":2,\"name\":\"Egnach: Grossprojekt Luxburgerfeld kommt voran\"}]},{\"@type\":\"WebSite\",\"@id\":\"https:\\\/\\\/www.immobilienbusiness.ch\\\/#website\",\"url\":\"https:\\\/\\\/www.immobilienbusiness.ch\\\/\",\"name\":\"IMMOBILIEN Business\",\"description\":\"Unabh\u00e4ngiges Schweizer Wirtschaftsmagazin mit Fokus auf Immobilien, Architektur- und Bau sowie Investment- und Finanzierung.\",\"publisher\":{\"@id\":\"https:\\\/\\\/www.immobilienbusiness.ch\\\/#organization\"},\"potentialAction\":[{\"@type\":\"SearchAction\",\"target\":{\"@type\":\"EntryPoint\",\"urlTemplate\":\"https:\\\/\\\/www.immobilienbusiness.ch\\\/?s={search_term_string}\"},\"query-input\":{\"@type\":\"PropertyValueSpecification\",\"valueRequired\":true,\"valueName\":\"search_term_string\"}}],\"inLanguage\":\"de\"},{\"@type\":\"Organization\",\"@id\":\"https:\\\/\\\/www.immobilienbusiness.ch\\\/#organization\",\"name\":\"IMMOBILIEN Business\",\"url\":\"https:\\\/\\\/www.immobilienbusiness.ch\\\/\",\"logo\":{\"@type\":\"ImageObject\",\"inLanguage\":\"de\",\"@id\":\"https:\\\/\\\/www.immobilienbusiness.ch\\\/#\\\/schema\\\/logo\\\/image\\\/\",\"url\":\"https:\\\/\\\/www.immobilienbusiness.ch\\\/wp-content\\\/uploads\\\/2021\\\/07\\\/logo_ib.png\",\"contentUrl\":\"https:\\\/\\\/www.immobilienbusiness.ch\\\/wp-content\\\/uploads\\\/2021\\\/07\\\/logo_ib.png\",\"width\":800,\"height\":181,\"caption\":\"IMMOBILIEN Business\"},\"image\":{\"@id\":\"https:\\\/\\\/www.immobilienbusiness.ch\\\/#\\\/schema\\\/logo\\\/image\\\/\"},\"sameAs\":[\"https:\\\/\\\/www.facebook.com\\\/immobilienbusiness\\\/\"]},{\"@type\":\"Person\",\"@id\":\"https:\\\/\\\/www.immobilienbusiness.ch\\\/#\\\/schema\\\/person\\\/3fc036297b10b9f42d6db5ee932af8c8\",\"name\":\"anja.hall\",\"image\":{\"@type\":\"ImageObject\",\"inLanguage\":\"de\",\"@id\":\"https:\\\/\\\/secure.gravatar.com\\\/avatar\\\/066b5a0d447013502c71a5782f4f3469f03cfe595cc2329fb94652fe47511bfb?s=96&d=mm&r=g\",\"url\":\"https:\\\/\\\/secure.gravatar.com\\\/avatar\\\/066b5a0d447013502c71a5782f4f3469f03cfe595cc2329fb94652fe47511bfb?s=96&d=mm&r=g\",\"contentUrl\":\"https:\\\/\\\/secure.gravatar.com\\\/avatar\\\/066b5a0d447013502c71a5782f4f3469f03cfe595cc2329fb94652fe47511bfb?s=96&d=mm&r=g\",\"caption\":\"anja.hall\"},\"url\":\"https:\\\/\\\/www.immobilienbusiness.ch\\\/de\\\/author\\\/anja-hall\\\/\"}]}<\/script>\n<!-- \/ Yoast SEO plugin. -->","yoast_head_json":{"title":"Egnach: Grossprojekt Luxburgerfeld kommt voran - IMMOBILIEN Business","description":"Nachdem die Pl\u00e4ne f\u00fcr die Entwicklung des Luxburgerfelds in Egnach \u00fcberarbeitet wurden, soll bald der neue Gestaltungsplan \u00f6ffentlich aufgelegt werden.","robots":{"index":"index","follow":"follow","max-snippet":"max-snippet:-1","max-image-preview":"max-image-preview:large","max-video-preview":"max-video-preview:-1"},"canonical":"https:\/\/www.immobilienbusiness.ch\/de\/regionen\/2023-10-19\/egnach-grossprojekt-luxburgerfeld-kommt-voran\/","og_locale":"de_DE","og_type":"article","og_title":"Egnach: Grossprojekt Luxburgerfeld kommt voran - IMMOBILIEN Business","og_description":"Nachdem die Pl\u00e4ne f\u00fcr die Entwicklung des Luxburgerfelds in Egnach \u00fcberarbeitet wurden, soll bald der neue Gestaltungsplan \u00f6ffentlich aufgelegt werden.","og_url":"https:\/\/www.immobilienbusiness.ch\/de\/regionen\/2023-10-19\/egnach-grossprojekt-luxburgerfeld-kommt-voran\/","og_site_name":"IMMOBILIEN Business","article_publisher":"https:\/\/www.facebook.com\/immobilienbusiness\/","article_published_time":"2023-10-19T05:38:31+00:00","article_modified_time":"2023-10-19T06:42:34+00:00","og_image":[{"width":800,"height":500,"url":"https:\/\/www.immobilienbusiness.ch\/wp-content\/uploads\/2023\/10\/Bild2.jpeg","type":"image\/jpeg"}],"author":"anja.hall","twitter_card":"summary_large_image","schema":{"@context":"https:\/\/schema.org","@graph":[{"@type":"Article","@id":"https:\/\/www.immobilienbusiness.ch\/it\/regionen\/2023-10-19\/egnach-grossprojekt-luxburgerfeld-kommt-voran\/#article","isPartOf":{"@id":"https:\/\/www.immobilienbusiness.ch\/it\/regionen\/2023-10-19\/egnach-grossprojekt-luxburgerfeld-kommt-voran\/"},"author":{"name":"anja.hall","@id":"https:\/\/www.immobilienbusiness.ch\/#\/schema\/person\/3fc036297b10b9f42d6db5ee932af8c8"},"headline":"Egnach: Grossprojekt Luxburgerfeld kommt voran","datePublished":"2023-10-19T05:38:31+00:00","dateModified":"2023-10-19T06:42:34+00:00","mainEntityOfPage":{"@id":"https:\/\/www.immobilienbusiness.ch\/it\/regionen\/2023-10-19\/egnach-grossprojekt-luxburgerfeld-kommt-voran\/"},"wordCount":159,"publisher":{"@id":"https:\/\/www.immobilienbusiness.ch\/#organization"},"image":{"@id":"https:\/\/www.immobilienbusiness.ch\/it\/regionen\/2023-10-19\/egnach-grossprojekt-luxburgerfeld-kommt-voran\/#primaryimage"},"thumbnailUrl":"https:\/\/www.immobilienbusiness.ch\/wp-content\/uploads\/2023\/10\/Bild2.jpeg","keywords":["Arealentwicklung","Kanton Thurgau","Projekt in Planung","Steiner AG"],"articleSection":["REGIONEN"],"inLanguage":"de"},{"@type":"WebPage","@id":"https:\/\/www.immobilienbusiness.ch\/it\/regionen\/2023-10-19\/egnach-grossprojekt-luxburgerfeld-kommt-voran\/","url":"https:\/\/www.immobilienbusiness.ch\/it\/regionen\/2023-10-19\/egnach-grossprojekt-luxburgerfeld-kommt-voran\/","name":"Egnach: Grossprojekt Luxburgerfeld kommt voran - IMMOBILIEN Business","isPartOf":{"@id":"https:\/\/www.immobilienbusiness.ch\/#website"},"primaryImageOfPage":{"@id":"https:\/\/www.immobilienbusiness.ch\/it\/regionen\/2023-10-19\/egnach-grossprojekt-luxburgerfeld-kommt-voran\/#primaryimage"},"image":{"@id":"https:\/\/www.immobilienbusiness.ch\/it\/regionen\/2023-10-19\/egnach-grossprojekt-luxburgerfeld-kommt-voran\/#primaryimage"},"thumbnailUrl":"https:\/\/www.immobilienbusiness.ch\/wp-content\/uploads\/2023\/10\/Bild2.jpeg","datePublished":"2023-10-19T05:38:31+00:00","dateModified":"2023-10-19T06:42:34+00:00","description":"Nachdem die Pl\u00e4ne f\u00fcr die Entwicklung des Luxburgerfelds in Egnach \u00fcberarbeitet wurden, soll bald der neue Gestaltungsplan \u00f6ffentlich aufgelegt werden.","breadcrumb":{"@id":"https:\/\/www.immobilienbusiness.ch\/it\/regionen\/2023-10-19\/egnach-grossprojekt-luxburgerfeld-kommt-voran\/#breadcrumb"},"inLanguage":"de","potentialAction":[{"@type":"ReadAction","target":["https:\/\/www.immobilienbusiness.ch\/it\/regionen\/2023-10-19\/egnach-grossprojekt-luxburgerfeld-kommt-voran\/"]}]},{"@type":"ImageObject","inLanguage":"de","@id":"https:\/\/www.immobilienbusiness.ch\/it\/regionen\/2023-10-19\/egnach-grossprojekt-luxburgerfeld-kommt-voran\/#primaryimage","url":"https:\/\/www.immobilienbusiness.ch\/wp-content\/uploads\/2023\/10\/Bild2.jpeg","contentUrl":"https:\/\/www.immobilienbusiness.ch\/wp-content\/uploads\/2023\/10\/Bild2.jpeg","width":800,"height":500,"caption":"Visualisierung der \u00dcberbauung im Luxburgerfeld (Quelle: Steiner)"},{"@type":"BreadcrumbList","@id":"https:\/\/www.immobilienbusiness.ch\/it\/regionen\/2023-10-19\/egnach-grossprojekt-luxburgerfeld-kommt-voran\/#breadcrumb","itemListElement":[{"@type":"ListItem","position":1,"name":"Home","item":"https:\/\/www.immobilienbusiness.ch\/"},{"@type":"ListItem","position":2,"name":"Egnach: Grossprojekt Luxburgerfeld kommt voran"}]},{"@type":"WebSite","@id":"https:\/\/www.immobilienbusiness.ch\/#website","url":"https:\/\/www.immobilienbusiness.ch\/","name":"IMMOBILIEN Business","description":"Unabh\u00e4ngiges Schweizer Wirtschaftsmagazin mit Fokus auf Immobilien, Architektur- und Bau sowie Investment- und Finanzierung.","publisher":{"@id":"https:\/\/www.immobilienbusiness.ch\/#organization"},"potentialAction":[{"@type":"SearchAction","target":{"@type":"EntryPoint","urlTemplate":"https:\/\/www.immobilienbusiness.ch\/?s={search_term_string}"},"query-input":{"@type":"PropertyValueSpecification","valueRequired":true,"valueName":"search_term_string"}}],"inLanguage":"de"},{"@type":"Organization","@id":"https:\/\/www.immobilienbusiness.ch\/#organization","name":"IMMOBILIEN Business","url":"https:\/\/www.immobilienbusiness.ch\/","logo":{"@type":"ImageObject","inLanguage":"de","@id":"https:\/\/www.immobilienbusiness.ch\/#\/schema\/logo\/image\/","url":"https:\/\/www.immobilienbusiness.ch\/wp-content\/uploads\/2021\/07\/logo_ib.png","contentUrl":"https:\/\/www.immobilienbusiness.ch\/wp-content\/uploads\/2021\/07\/logo_ib.png","width":800,"height":181,"caption":"IMMOBILIEN Business"},"image":{"@id":"https:\/\/www.immobilienbusiness.ch\/#\/schema\/logo\/image\/"},"sameAs":["https:\/\/www.facebook.com\/immobilienbusiness\/"]},{"@type":"Person","@id":"https:\/\/www.immobilienbusiness.ch\/#\/schema\/person\/3fc036297b10b9f42d6db5ee932af8c8","name":"anja.hall","image":{"@type":"ImageObject","inLanguage":"de","@id":"https:\/\/secure.gravatar.com\/avatar\/066b5a0d447013502c71a5782f4f3469f03cfe595cc2329fb94652fe47511bfb?s=96&d=mm&r=g","url":"https:\/\/secure.gravatar.com\/avatar\/066b5a0d447013502c71a5782f4f3469f03cfe595cc2329fb94652fe47511bfb?s=96&d=mm&r=g","contentUrl":"https:\/\/secure.gravatar.com\/avatar\/066b5a0d447013502c71a5782f4f3469f03cfe595cc2329fb94652fe47511bfb?s=96&d=mm&r=g","caption":"anja.hall"},"url":"https:\/\/www.immobilienbusiness.ch\/de\/author\/anja-hall\/"}]}},"_links":{"self":[{"href":"https:\/\/www.immobilienbusiness.ch\/de\/wp-json\/wp\/v2\/posts\/53919","targetHints":{"allow":["GET"]}}],"collection":[{"href":"https:\/\/www.immobilienbusiness.ch\/de\/wp-json\/wp\/v2\/posts"}],"about":[{"href":"https:\/\/www.immobilienbusiness.ch\/de\/wp-json\/wp\/v2\/types\/post"}],"author":[{"embeddable":true,"href":"https:\/\/www.immobilienbusiness.ch\/de\/wp-json\/wp\/v2\/users\/3"}],"replies":[{"embeddable":true,"href":"https:\/\/www.immobilienbusiness.ch\/de\/wp-json\/wp\/v2\/comments?post=53919"}],"version-history":[{"count":1,"href":"https:\/\/www.immobilienbusiness.ch\/de\/wp-json\/wp\/v2\/posts\/53919\/revisions"}],"predecessor-version":[{"id":53921,"href":"https:\/\/www.immobilienbusiness.ch\/de\/wp-json\/wp\/v2\/posts\/53919\/revisions\/53921"}],"wp:featuredmedia":[{"embeddable":true,"href":"https:\/\/www.immobilienbusiness.ch\/de\/wp-json\/wp\/v2\/media\/53920"}],"wp:attachment":[{"href":"https:\/\/www.immobilienbusiness.ch\/de\/wp-json\/wp\/v2\/media?parent=53919"}],"wp:term":[{"taxonomy":"category","embeddable":true,"href":"https:\/\/www.immobilienbusiness.ch\/de\/wp-json\/wp\/v2\/categories?post=53919"},{"taxonomy":"post_tag","embeddable":true,"href":"https:\/\/www.immobilienbusiness.ch\/de\/wp-json\/wp\/v2\/tags?post=53919"}],"curies":[{"name":"wp","href":"https:\/\/api.w.org\/{rel}","templated":true}]}}