{"id":53704,"date":"2023-10-05T08:15:44","date_gmt":"2023-10-05T06:15:44","guid":{"rendered":"https:\/\/www.immobilienbusiness.ch\/?p=53704"},"modified":"2024-09-18T14:37:22","modified_gmt":"2024-09-18T12:37:22","slug":"allreal-neuzugang-in-der-gruppenleitung","status":"publish","type":"post","link":"https:\/\/www.immobilienbusiness.ch\/de\/personalia\/2023-10-05\/allreal-neuzugang-in-der-gruppenleitung\/","title":{"rendered":"Allreal: Neuzugang in der Gruppenleitung"},"content":{"rendered":"<figure id=\"attachment_8199\" aria-describedby=\"caption-attachment-8199\" style=\"width: 624px\" class=\"wp-caption alignnone\"><a href=\"https:\/\/www.immobilienbusiness.ch\/wp-content\/uploads\/2017\/07\/Immobilien-Business-News-Corestate-uebernimmt-Helvetic-Financial-Services-c-depositedhar-\u2013-depositphotos.jpg\"><img loading=\"lazy\" decoding=\"async\" class=\"size-full wp-image-8199\" src=\"https:\/\/www.immobilienbusiness.ch\/wp-content\/uploads\/2017\/07\/Immobilien-Business-News-Corestate-uebernimmt-Helvetic-Financial-Services-c-depositedhar-\u2013-depositphotos.jpg\" alt=\"\" width=\"624\" height=\"378\" srcset=\"https:\/\/www.immobilienbusiness.ch\/wp-content\/uploads\/2017\/07\/Immobilien-Business-News-Corestate-uebernimmt-Helvetic-Financial-Services-c-depositedhar-\u2013-depositphotos.jpg 624w, https:\/\/www.immobilienbusiness.ch\/wp-content\/uploads\/2017\/07\/Immobilien-Business-News-Corestate-uebernimmt-Helvetic-Financial-Services-c-depositedhar-\u2013-depositphotos-300x182.jpg 300w, https:\/\/www.immobilienbusiness.ch\/wp-content\/uploads\/2017\/07\/Immobilien-Business-News-Corestate-uebernimmt-Helvetic-Financial-Services-c-depositedhar-\u2013-depositphotos-16x10.jpg 16w, https:\/\/www.immobilienbusiness.ch\/wp-content\/uploads\/2017\/07\/Immobilien-Business-News-Corestate-uebernimmt-Helvetic-Financial-Services-c-depositedhar-\u2013-depositphotos-289x175.jpg 289w, https:\/\/www.immobilienbusiness.ch\/wp-content\/uploads\/2017\/07\/Immobilien-Business-News-Corestate-uebernimmt-Helvetic-Financial-Services-c-depositedhar-\u2013-depositphotos-578x350.jpg 578w\" sizes=\"auto, (max-width: 624px) 100vw, 624px\" \/><\/a><figcaption id=\"caption-attachment-8199\" class=\"wp-caption-text\">Peter Binz zieht in die Allreal-Gruppenleitung ein (Bild: depositedhar &#8211; depositphotos)<\/figcaption><\/figure>\n<p>Peter Binz \u00fcbernimmt sp\u00e4testens Anfang April 2024 die Leitung der Realisation und wird Mitglied der Gruppenleitung, wie Allreal mitteilt. Er folgt auf Simon R\u00e4bsamen, der das Unternehmen Ende des Jahres 2023 verl\u00e4sst.<\/p>\n<p>Binz ist seit 2015 als Leiter des Standorts Z\u00fcrich f\u00fcr die Gross Generalunternehmung t\u00e4tig. Zuvor arbeitete er unter anderem in verschiedenen leitenden Funktionen bereits f\u00fcr Allreal, zuletzt als Bereichsleiter Neubau. Binz ist gelernter Hochbauzeichner, diplomierter Bauleiter und Projektmanager.<\/p>\n<p>Sein Vorg\u00e4nger als Leiter der Realisation, Simon R\u00e4bsamen, kam 2020 zur Allreal-Gruppe. Als Leiter Realisation habe er zur erfolgreichen Entwicklung des Unternehmens beigetragen und unter anderem das Risikomanagement in diesem Bereich kontinuierlich gest\u00e4rkt, schreibt Allreal in der Mitteilung. <em>(ah)<\/em><\/p>\n","protected":false},"excerpt":{"rendered":"<p>Peter Binz \u00fcbernimmt die Leitung der Realisation und zieht auch in die Gruppenleitung der Immobiliengesellschaft ein. <\/p>\n","protected":false},"author":3,"featured_media":8199,"comment_status":"closed","ping_status":"closed","sticky":false,"template":"","format":"standard","meta":{"_acf_changed":false,"_yoast_wpseo_focuskw":"Peter Binz Allreal Gruppenleitung","_yoast_wpseo_title":"","_yoast_wpseo_metadesc":"Peter Binz wird neuer Leiter der Realisation und Mitglied der Gruppenleitung bei Allreal. Er folgt auf Simon R\u00e4bsamen.","_yoast_wpseo_linkdex":58,"pgc_sgb_lightbox_settings":"","footnotes":""},"categories":[1912],"tags":[1014,1563],"class_list":["post-53704","post","type-post","status-publish","format-standard","has-post-thumbnail","hentry","category-personalia","tag-allreal-holding","tag-personalia"],"acf":[],"yoast_head":"<!-- This site is optimized with the Yoast SEO plugin v27.5 - https:\/\/yoast.com\/product\/yoast-seo-wordpress\/ -->\n<title>Allreal: Neuzugang in der Gruppenleitung - IMMOBILIEN Business<\/title>\n<meta name=\"description\" content=\"Peter Binz wird neuer Leiter der Realisation und Mitglied der Gruppenleitung bei Allreal. Er folgt auf Simon R\u00e4bsamen.\" \/>\n<meta name=\"robots\" content=\"index, follow, max-snippet:-1, max-image-preview:large, max-video-preview:-1\" \/>\n<link rel=\"canonical\" href=\"https:\/\/www.immobilienbusiness.ch\/de\/personalia\/2023-10-05\/allreal-neuzugang-in-der-gruppenleitung\/\" \/>\n<meta property=\"og:locale\" content=\"de_DE\" \/>\n<meta property=\"og:type\" content=\"article\" \/>\n<meta property=\"og:title\" content=\"Allreal: Neuzugang in der Gruppenleitung - IMMOBILIEN Business\" \/>\n<meta property=\"og:description\" content=\"Peter Binz wird neuer Leiter der Realisation und Mitglied der Gruppenleitung bei Allreal. Er folgt auf Simon R\u00e4bsamen.\" \/>\n<meta property=\"og:url\" content=\"https:\/\/www.immobilienbusiness.ch\/de\/personalia\/2023-10-05\/allreal-neuzugang-in-der-gruppenleitung\/\" \/>\n<meta property=\"og:site_name\" content=\"IMMOBILIEN Business\" \/>\n<meta property=\"article:publisher\" content=\"https:\/\/www.facebook.com\/immobilienbusiness\/\" \/>\n<meta property=\"article:published_time\" content=\"2023-10-05T06:15:44+00:00\" \/>\n<meta property=\"article:modified_time\" content=\"2024-09-18T12:37:22+00:00\" \/>\n<meta property=\"og:image\" content=\"https:\/\/www.immobilienbusiness.ch\/wp-content\/uploads\/2017\/07\/Immobilien-Business-News-Corestate-uebernimmt-Helvetic-Financial-Services-c-depositedhar-\u2013-depositphotos.jpg\" \/>\n\t<meta property=\"og:image:width\" content=\"624\" \/>\n\t<meta property=\"og:image:height\" content=\"378\" \/>\n\t<meta property=\"og:image:type\" content=\"image\/jpeg\" \/>\n<meta name=\"author\" content=\"anja.hall\" \/>\n<meta name=\"twitter:card\" content=\"summary_large_image\" \/>\n<script type=\"application\/ld+json\" class=\"yoast-schema-graph\">{\"@context\":\"https:\\\/\\\/schema.org\",\"@graph\":[{\"@type\":\"Article\",\"@id\":\"https:\\\/\\\/www.immobilienbusiness.ch\\\/de\\\/personalia\\\/2023-10-05\\\/allreal-neuzugang-in-der-gruppenleitung\\\/#article\",\"isPartOf\":{\"@id\":\"https:\\\/\\\/www.immobilienbusiness.ch\\\/de\\\/personalia\\\/2023-10-05\\\/allreal-neuzugang-in-der-gruppenleitung\\\/\"},\"author\":{\"name\":\"anja.hall\",\"@id\":\"https:\\\/\\\/www.immobilienbusiness.ch\\\/#\\\/schema\\\/person\\\/3fc036297b10b9f42d6db5ee932af8c8\"},\"headline\":\"Allreal: Neuzugang in der Gruppenleitung\",\"datePublished\":\"2023-10-05T06:15:44+00:00\",\"dateModified\":\"2024-09-18T12:37:22+00:00\",\"mainEntityOfPage\":{\"@id\":\"https:\\\/\\\/www.immobilienbusiness.ch\\\/de\\\/personalia\\\/2023-10-05\\\/allreal-neuzugang-in-der-gruppenleitung\\\/\"},\"wordCount\":138,\"publisher\":{\"@id\":\"https:\\\/\\\/www.immobilienbusiness.ch\\\/#organization\"},\"image\":{\"@id\":\"https:\\\/\\\/www.immobilienbusiness.ch\\\/de\\\/personalia\\\/2023-10-05\\\/allreal-neuzugang-in-der-gruppenleitung\\\/#primaryimage\"},\"thumbnailUrl\":\"https:\\\/\\\/www.immobilienbusiness.ch\\\/wp-content\\\/uploads\\\/2017\\\/07\\\/Immobilien-Business-News-Corestate-uebernimmt-Helvetic-Financial-Services-c-depositedhar-\u2013-depositphotos.jpg\",\"keywords\":[\"Allreal Holding\",\"Personalia\"],\"articleSection\":[\"PERSONALIA\"],\"inLanguage\":\"de\"},{\"@type\":\"WebPage\",\"@id\":\"https:\\\/\\\/www.immobilienbusiness.ch\\\/de\\\/personalia\\\/2023-10-05\\\/allreal-neuzugang-in-der-gruppenleitung\\\/\",\"url\":\"https:\\\/\\\/www.immobilienbusiness.ch\\\/de\\\/personalia\\\/2023-10-05\\\/allreal-neuzugang-in-der-gruppenleitung\\\/\",\"name\":\"Allreal: Neuzugang in der Gruppenleitung - IMMOBILIEN Business\",\"isPartOf\":{\"@id\":\"https:\\\/\\\/www.immobilienbusiness.ch\\\/#website\"},\"primaryImageOfPage\":{\"@id\":\"https:\\\/\\\/www.immobilienbusiness.ch\\\/de\\\/personalia\\\/2023-10-05\\\/allreal-neuzugang-in-der-gruppenleitung\\\/#primaryimage\"},\"image\":{\"@id\":\"https:\\\/\\\/www.immobilienbusiness.ch\\\/de\\\/personalia\\\/2023-10-05\\\/allreal-neuzugang-in-der-gruppenleitung\\\/#primaryimage\"},\"thumbnailUrl\":\"https:\\\/\\\/www.immobilienbusiness.ch\\\/wp-content\\\/uploads\\\/2017\\\/07\\\/Immobilien-Business-News-Corestate-uebernimmt-Helvetic-Financial-Services-c-depositedhar-\u2013-depositphotos.jpg\",\"datePublished\":\"2023-10-05T06:15:44+00:00\",\"dateModified\":\"2024-09-18T12:37:22+00:00\",\"description\":\"Peter Binz wird neuer Leiter der Realisation und Mitglied der Gruppenleitung bei Allreal. Er folgt auf Simon R\u00e4bsamen.\",\"breadcrumb\":{\"@id\":\"https:\\\/\\\/www.immobilienbusiness.ch\\\/de\\\/personalia\\\/2023-10-05\\\/allreal-neuzugang-in-der-gruppenleitung\\\/#breadcrumb\"},\"inLanguage\":\"de\",\"potentialAction\":[{\"@type\":\"ReadAction\",\"target\":[\"https:\\\/\\\/www.immobilienbusiness.ch\\\/de\\\/personalia\\\/2023-10-05\\\/allreal-neuzugang-in-der-gruppenleitung\\\/\"]}]},{\"@type\":\"ImageObject\",\"inLanguage\":\"de\",\"@id\":\"https:\\\/\\\/www.immobilienbusiness.ch\\\/de\\\/personalia\\\/2023-10-05\\\/allreal-neuzugang-in-der-gruppenleitung\\\/#primaryimage\",\"url\":\"https:\\\/\\\/www.immobilienbusiness.ch\\\/wp-content\\\/uploads\\\/2017\\\/07\\\/Immobilien-Business-News-Corestate-uebernimmt-Helvetic-Financial-Services-c-depositedhar-\u2013-depositphotos.jpg\",\"contentUrl\":\"https:\\\/\\\/www.immobilienbusiness.ch\\\/wp-content\\\/uploads\\\/2017\\\/07\\\/Immobilien-Business-News-Corestate-uebernimmt-Helvetic-Financial-Services-c-depositedhar-\u2013-depositphotos.jpg\",\"width\":624,\"height\":378,\"caption\":\"Corestate erwirbt die HFS Helvetic Financial Services AG in Wollerau (Bild: depositedhar - depositphotos)\"},{\"@type\":\"BreadcrumbList\",\"@id\":\"https:\\\/\\\/www.immobilienbusiness.ch\\\/de\\\/personalia\\\/2023-10-05\\\/allreal-neuzugang-in-der-gruppenleitung\\\/#breadcrumb\",\"itemListElement\":[{\"@type\":\"ListItem\",\"position\":1,\"name\":\"Home\",\"item\":\"https:\\\/\\\/www.immobilienbusiness.ch\\\/\"},{\"@type\":\"ListItem\",\"position\":2,\"name\":\"Allreal: Neuzugang in der Gruppenleitung\"}]},{\"@type\":\"WebSite\",\"@id\":\"https:\\\/\\\/www.immobilienbusiness.ch\\\/#website\",\"url\":\"https:\\\/\\\/www.immobilienbusiness.ch\\\/\",\"name\":\"IMMOBILIEN Business\",\"description\":\"Unabh\u00e4ngiges Schweizer Wirtschaftsmagazin mit Fokus auf Immobilien, Architektur- und Bau sowie Investment- und Finanzierung.\",\"publisher\":{\"@id\":\"https:\\\/\\\/www.immobilienbusiness.ch\\\/#organization\"},\"potentialAction\":[{\"@type\":\"SearchAction\",\"target\":{\"@type\":\"EntryPoint\",\"urlTemplate\":\"https:\\\/\\\/www.immobilienbusiness.ch\\\/?s={search_term_string}\"},\"query-input\":{\"@type\":\"PropertyValueSpecification\",\"valueRequired\":true,\"valueName\":\"search_term_string\"}}],\"inLanguage\":\"de\"},{\"@type\":\"Organization\",\"@id\":\"https:\\\/\\\/www.immobilienbusiness.ch\\\/#organization\",\"name\":\"IMMOBILIEN Business\",\"url\":\"https:\\\/\\\/www.immobilienbusiness.ch\\\/\",\"logo\":{\"@type\":\"ImageObject\",\"inLanguage\":\"de\",\"@id\":\"https:\\\/\\\/www.immobilienbusiness.ch\\\/#\\\/schema\\\/logo\\\/image\\\/\",\"url\":\"https:\\\/\\\/www.immobilienbusiness.ch\\\/wp-content\\\/uploads\\\/2021\\\/07\\\/logo_ib.png\",\"contentUrl\":\"https:\\\/\\\/www.immobilienbusiness.ch\\\/wp-content\\\/uploads\\\/2021\\\/07\\\/logo_ib.png\",\"width\":800,\"height\":181,\"caption\":\"IMMOBILIEN Business\"},\"image\":{\"@id\":\"https:\\\/\\\/www.immobilienbusiness.ch\\\/#\\\/schema\\\/logo\\\/image\\\/\"},\"sameAs\":[\"https:\\\/\\\/www.facebook.com\\\/immobilienbusiness\\\/\"]},{\"@type\":\"Person\",\"@id\":\"https:\\\/\\\/www.immobilienbusiness.ch\\\/#\\\/schema\\\/person\\\/3fc036297b10b9f42d6db5ee932af8c8\",\"name\":\"anja.hall\",\"image\":{\"@type\":\"ImageObject\",\"inLanguage\":\"de\",\"@id\":\"https:\\\/\\\/secure.gravatar.com\\\/avatar\\\/066b5a0d447013502c71a5782f4f3469f03cfe595cc2329fb94652fe47511bfb?s=96&d=mm&r=g\",\"url\":\"https:\\\/\\\/secure.gravatar.com\\\/avatar\\\/066b5a0d447013502c71a5782f4f3469f03cfe595cc2329fb94652fe47511bfb?s=96&d=mm&r=g\",\"contentUrl\":\"https:\\\/\\\/secure.gravatar.com\\\/avatar\\\/066b5a0d447013502c71a5782f4f3469f03cfe595cc2329fb94652fe47511bfb?s=96&d=mm&r=g\",\"caption\":\"anja.hall\"},\"url\":\"https:\\\/\\\/www.immobilienbusiness.ch\\\/de\\\/author\\\/anja-hall\\\/\"}]}<\/script>\n<!-- \/ Yoast SEO plugin. -->","yoast_head_json":{"title":"Allreal: Neuzugang in der Gruppenleitung - IMMOBILIEN Business","description":"Peter Binz wird neuer Leiter der Realisation und Mitglied der Gruppenleitung bei Allreal. Er folgt auf Simon R\u00e4bsamen.","robots":{"index":"index","follow":"follow","max-snippet":"max-snippet:-1","max-image-preview":"max-image-preview:large","max-video-preview":"max-video-preview:-1"},"canonical":"https:\/\/www.immobilienbusiness.ch\/de\/personalia\/2023-10-05\/allreal-neuzugang-in-der-gruppenleitung\/","og_locale":"de_DE","og_type":"article","og_title":"Allreal: Neuzugang in der Gruppenleitung - IMMOBILIEN Business","og_description":"Peter Binz wird neuer Leiter der Realisation und Mitglied der Gruppenleitung bei Allreal. Er folgt auf Simon R\u00e4bsamen.","og_url":"https:\/\/www.immobilienbusiness.ch\/de\/personalia\/2023-10-05\/allreal-neuzugang-in-der-gruppenleitung\/","og_site_name":"IMMOBILIEN Business","article_publisher":"https:\/\/www.facebook.com\/immobilienbusiness\/","article_published_time":"2023-10-05T06:15:44+00:00","article_modified_time":"2024-09-18T12:37:22+00:00","og_image":[{"width":624,"height":378,"url":"https:\/\/www.immobilienbusiness.ch\/wp-content\/uploads\/2017\/07\/Immobilien-Business-News-Corestate-uebernimmt-Helvetic-Financial-Services-c-depositedhar-\u2013-depositphotos.jpg","type":"image\/jpeg"}],"author":"anja.hall","twitter_card":"summary_large_image","schema":{"@context":"https:\/\/schema.org","@graph":[{"@type":"Article","@id":"https:\/\/www.immobilienbusiness.ch\/de\/personalia\/2023-10-05\/allreal-neuzugang-in-der-gruppenleitung\/#article","isPartOf":{"@id":"https:\/\/www.immobilienbusiness.ch\/de\/personalia\/2023-10-05\/allreal-neuzugang-in-der-gruppenleitung\/"},"author":{"name":"anja.hall","@id":"https:\/\/www.immobilienbusiness.ch\/#\/schema\/person\/3fc036297b10b9f42d6db5ee932af8c8"},"headline":"Allreal: Neuzugang in der Gruppenleitung","datePublished":"2023-10-05T06:15:44+00:00","dateModified":"2024-09-18T12:37:22+00:00","mainEntityOfPage":{"@id":"https:\/\/www.immobilienbusiness.ch\/de\/personalia\/2023-10-05\/allreal-neuzugang-in-der-gruppenleitung\/"},"wordCount":138,"publisher":{"@id":"https:\/\/www.immobilienbusiness.ch\/#organization"},"image":{"@id":"https:\/\/www.immobilienbusiness.ch\/de\/personalia\/2023-10-05\/allreal-neuzugang-in-der-gruppenleitung\/#primaryimage"},"thumbnailUrl":"https:\/\/www.immobilienbusiness.ch\/wp-content\/uploads\/2017\/07\/Immobilien-Business-News-Corestate-uebernimmt-Helvetic-Financial-Services-c-depositedhar-\u2013-depositphotos.jpg","keywords":["Allreal Holding","Personalia"],"articleSection":["PERSONALIA"],"inLanguage":"de"},{"@type":"WebPage","@id":"https:\/\/www.immobilienbusiness.ch\/de\/personalia\/2023-10-05\/allreal-neuzugang-in-der-gruppenleitung\/","url":"https:\/\/www.immobilienbusiness.ch\/de\/personalia\/2023-10-05\/allreal-neuzugang-in-der-gruppenleitung\/","name":"Allreal: Neuzugang in der Gruppenleitung - IMMOBILIEN Business","isPartOf":{"@id":"https:\/\/www.immobilienbusiness.ch\/#website"},"primaryImageOfPage":{"@id":"https:\/\/www.immobilienbusiness.ch\/de\/personalia\/2023-10-05\/allreal-neuzugang-in-der-gruppenleitung\/#primaryimage"},"image":{"@id":"https:\/\/www.immobilienbusiness.ch\/de\/personalia\/2023-10-05\/allreal-neuzugang-in-der-gruppenleitung\/#primaryimage"},"thumbnailUrl":"https:\/\/www.immobilienbusiness.ch\/wp-content\/uploads\/2017\/07\/Immobilien-Business-News-Corestate-uebernimmt-Helvetic-Financial-Services-c-depositedhar-\u2013-depositphotos.jpg","datePublished":"2023-10-05T06:15:44+00:00","dateModified":"2024-09-18T12:37:22+00:00","description":"Peter Binz wird neuer Leiter der Realisation und Mitglied der Gruppenleitung bei Allreal. Er folgt auf Simon R\u00e4bsamen.","breadcrumb":{"@id":"https:\/\/www.immobilienbusiness.ch\/de\/personalia\/2023-10-05\/allreal-neuzugang-in-der-gruppenleitung\/#breadcrumb"},"inLanguage":"de","potentialAction":[{"@type":"ReadAction","target":["https:\/\/www.immobilienbusiness.ch\/de\/personalia\/2023-10-05\/allreal-neuzugang-in-der-gruppenleitung\/"]}]},{"@type":"ImageObject","inLanguage":"de","@id":"https:\/\/www.immobilienbusiness.ch\/de\/personalia\/2023-10-05\/allreal-neuzugang-in-der-gruppenleitung\/#primaryimage","url":"https:\/\/www.immobilienbusiness.ch\/wp-content\/uploads\/2017\/07\/Immobilien-Business-News-Corestate-uebernimmt-Helvetic-Financial-Services-c-depositedhar-\u2013-depositphotos.jpg","contentUrl":"https:\/\/www.immobilienbusiness.ch\/wp-content\/uploads\/2017\/07\/Immobilien-Business-News-Corestate-uebernimmt-Helvetic-Financial-Services-c-depositedhar-\u2013-depositphotos.jpg","width":624,"height":378,"caption":"Corestate erwirbt die HFS Helvetic Financial Services AG in Wollerau (Bild: depositedhar - depositphotos)"},{"@type":"BreadcrumbList","@id":"https:\/\/www.immobilienbusiness.ch\/de\/personalia\/2023-10-05\/allreal-neuzugang-in-der-gruppenleitung\/#breadcrumb","itemListElement":[{"@type":"ListItem","position":1,"name":"Home","item":"https:\/\/www.immobilienbusiness.ch\/"},{"@type":"ListItem","position":2,"name":"Allreal: Neuzugang in der Gruppenleitung"}]},{"@type":"WebSite","@id":"https:\/\/www.immobilienbusiness.ch\/#website","url":"https:\/\/www.immobilienbusiness.ch\/","name":"IMMOBILIEN Business","description":"Unabh\u00e4ngiges Schweizer Wirtschaftsmagazin mit Fokus auf Immobilien, Architektur- und Bau sowie Investment- und Finanzierung.","publisher":{"@id":"https:\/\/www.immobilienbusiness.ch\/#organization"},"potentialAction":[{"@type":"SearchAction","target":{"@type":"EntryPoint","urlTemplate":"https:\/\/www.immobilienbusiness.ch\/?s={search_term_string}"},"query-input":{"@type":"PropertyValueSpecification","valueRequired":true,"valueName":"search_term_string"}}],"inLanguage":"de"},{"@type":"Organization","@id":"https:\/\/www.immobilienbusiness.ch\/#organization","name":"IMMOBILIEN Business","url":"https:\/\/www.immobilienbusiness.ch\/","logo":{"@type":"ImageObject","inLanguage":"de","@id":"https:\/\/www.immobilienbusiness.ch\/#\/schema\/logo\/image\/","url":"https:\/\/www.immobilienbusiness.ch\/wp-content\/uploads\/2021\/07\/logo_ib.png","contentUrl":"https:\/\/www.immobilienbusiness.ch\/wp-content\/uploads\/2021\/07\/logo_ib.png","width":800,"height":181,"caption":"IMMOBILIEN Business"},"image":{"@id":"https:\/\/www.immobilienbusiness.ch\/#\/schema\/logo\/image\/"},"sameAs":["https:\/\/www.facebook.com\/immobilienbusiness\/"]},{"@type":"Person","@id":"https:\/\/www.immobilienbusiness.ch\/#\/schema\/person\/3fc036297b10b9f42d6db5ee932af8c8","name":"anja.hall","image":{"@type":"ImageObject","inLanguage":"de","@id":"https:\/\/secure.gravatar.com\/avatar\/066b5a0d447013502c71a5782f4f3469f03cfe595cc2329fb94652fe47511bfb?s=96&d=mm&r=g","url":"https:\/\/secure.gravatar.com\/avatar\/066b5a0d447013502c71a5782f4f3469f03cfe595cc2329fb94652fe47511bfb?s=96&d=mm&r=g","contentUrl":"https:\/\/secure.gravatar.com\/avatar\/066b5a0d447013502c71a5782f4f3469f03cfe595cc2329fb94652fe47511bfb?s=96&d=mm&r=g","caption":"anja.hall"},"url":"https:\/\/www.immobilienbusiness.ch\/de\/author\/anja-hall\/"}]}},"_links":{"self":[{"href":"https:\/\/www.immobilienbusiness.ch\/de\/wp-json\/wp\/v2\/posts\/53704","targetHints":{"allow":["GET"]}}],"collection":[{"href":"https:\/\/www.immobilienbusiness.ch\/de\/wp-json\/wp\/v2\/posts"}],"about":[{"href":"https:\/\/www.immobilienbusiness.ch\/de\/wp-json\/wp\/v2\/types\/post"}],"author":[{"embeddable":true,"href":"https:\/\/www.immobilienbusiness.ch\/de\/wp-json\/wp\/v2\/users\/3"}],"replies":[{"embeddable":true,"href":"https:\/\/www.immobilienbusiness.ch\/de\/wp-json\/wp\/v2\/comments?post=53704"}],"version-history":[{"count":1,"href":"https:\/\/www.immobilienbusiness.ch\/de\/wp-json\/wp\/v2\/posts\/53704\/revisions"}],"predecessor-version":[{"id":53705,"href":"https:\/\/www.immobilienbusiness.ch\/de\/wp-json\/wp\/v2\/posts\/53704\/revisions\/53705"}],"wp:featuredmedia":[{"embeddable":true,"href":"https:\/\/www.immobilienbusiness.ch\/de\/wp-json\/wp\/v2\/media\/8199"}],"wp:attachment":[{"href":"https:\/\/www.immobilienbusiness.ch\/de\/wp-json\/wp\/v2\/media?parent=53704"}],"wp:term":[{"taxonomy":"category","embeddable":true,"href":"https:\/\/www.immobilienbusiness.ch\/de\/wp-json\/wp\/v2\/categories?post=53704"},{"taxonomy":"post_tag","embeddable":true,"href":"https:\/\/www.immobilienbusiness.ch\/de\/wp-json\/wp\/v2\/tags?post=53704"}],"curies":[{"name":"wp","href":"https:\/\/api.w.org\/{rel}","templated":true}]}}