{"id":5345,"date":"2016-12-20T08:39:01","date_gmt":"2016-12-20T07:39:01","guid":{"rendered":"http:\/\/dev.immobilienbusiness.ch\/?p=5345"},"modified":"2016-12-20T08:39:01","modified_gmt":"2016-12-20T07:39:01","slug":"peaks-place-laax-eroeffnung","status":"publish","type":"post","link":"https:\/\/www.immobilienbusiness.ch\/de\/regionen\/2016-12-20\/peaks-place-laax-eroeffnung\/","title":{"rendered":"Laax: Peaks Place ist er\u00f6ffnet"},"content":{"rendered":"<div class=\"page\" title=\"Page 1\"><\/div>\n<div class=\"page\" title=\"Page 1\">\n<figure id=\"attachment_5427\" aria-describedby=\"caption-attachment-5427\" style=\"width: 680px\" class=\"wp-caption alignnone\"><img loading=\"lazy\" decoding=\"async\" class=\"size-medium wp-image-5427\" src=\"https:\/\/immobilienbusiness.ch\/wp-content\/uploads\/2016\/12\/Aussenaufnahme-2.jpg\" alt=\"\" width=\"680\" height=\"453\" srcset=\"https:\/\/www.immobilienbusiness.ch\/wp-content\/uploads\/2016\/12\/Aussenaufnahme-2.jpg 2560w, https:\/\/www.immobilienbusiness.ch\/wp-content\/uploads\/2016\/12\/Aussenaufnahme-2-300x200.jpg 300w, https:\/\/www.immobilienbusiness.ch\/wp-content\/uploads\/2016\/12\/Aussenaufnahme-2-1024x683.jpg 1024w, https:\/\/www.immobilienbusiness.ch\/wp-content\/uploads\/2016\/12\/Aussenaufnahme-2-768x512.jpg 768w, https:\/\/www.immobilienbusiness.ch\/wp-content\/uploads\/2016\/12\/Aussenaufnahme-2-1536x1024.jpg 1536w, https:\/\/www.immobilienbusiness.ch\/wp-content\/uploads\/2016\/12\/Aussenaufnahme-2-2048x1365.jpg 2048w, https:\/\/www.immobilienbusiness.ch\/wp-content\/uploads\/2016\/12\/Aussenaufnahme-2-16x12.jpg 16w, https:\/\/www.immobilienbusiness.ch\/wp-content\/uploads\/2016\/12\/Aussenaufnahme-2-262x175.jpg 262w, https:\/\/www.immobilienbusiness.ch\/wp-content\/uploads\/2016\/12\/Aussenaufnahme-2-525x350.jpg 525w, https:\/\/www.immobilienbusiness.ch\/wp-content\/uploads\/2016\/12\/Aussenaufnahme-2-1200x800.jpg 1200w, https:\/\/www.immobilienbusiness.ch\/wp-content\/uploads\/2016\/12\/Aussenaufnahme-2-920x613.jpg 920w, https:\/\/www.immobilienbusiness.ch\/wp-content\/uploads\/2016\/12\/Aussenaufnahme-2-1400x933.jpg 1400w\" sizes=\"auto, (max-width: 680px) 100vw, 680px\" \/><figcaption id=\"caption-attachment-5427\" class=\"wp-caption-text\"><br \/>Das Peaks Place in Laax ist er\u00f6ffnet (Foto: HRS Real Estate AG)<\/figcaption><\/figure>\n<\/div>\n<div class=\"page\" title=\"Page 1\"><\/div>\n<div class=\"page\" title=\"Page 1\">Die HRS Real Estate AG hat das Peaks Place in Laax mit einem Investitionsvolumen von \u00fcber 70 Millionen CHF entwickelt und realisiert. F\u00fcr die Architektur zeichnen Beat Oberh\u00e4nsli Architektur in Bottighofen und Kalfopoulos Architekten in Z\u00fcrich verantwortlich.<\/div>\n<p>Auf dem rund 12.000 qm\u00a0grossen Grundst\u00fcck in Gehdistanz zur Talstation Laax entstanden acht miteinander verbundene H\u00e4user. Die Objekte bieten insgesamt 102 1,5- bis 4,5- Zimmer Wohnungen, einen\u00a0850 qm grossen Spa-Bereich mit Fitness- und Wellnessangebot und eine Lobby. Hinzu kommen eine Smoker-Lounge, Tagungsr\u00e4ume, das\u00a0Restaurant The Peaks und\u00a0die\u00a0Peaks Bar.<\/p>\n<h2>Erst- und Zweitwohnungen sowie bewirtschaftete Apartments<\/h2>\n<p>Das Peaks Place bietet 28 Erst- oder Zweitwohnungen sowie 74 bewirtschaftete Wohnungen. Ausserhalb der Eigenbelegung durch die Eigent\u00fcmer \u00fcbernimmt die Weisse Arena Gruppe im Auftrag der HRS die Vermietung der bewirtschafteten Wohnungen.<\/p>\n<p>Die HRS Real Estate ist\u00a0eine Tochtergesellschaft der HRS Holding. Sie z\u00e4hlt zu den f\u00fchrenden Areal- und Immobilienentwicklern sowie General- und Totalunternehmern der Schweiz. Das Unternehmen mit Sitz in Frauenfeld besch\u00e4ftigt rund 280 Mitarbeitende an 13 Standorten in der Schweiz und im F\u00fcrstentum Liechtenstein.\u00a0Zu den prestigetr\u00e4chtigsten Referenzobjekten der HRS z\u00e4hlen der kybunpark in St.Gallen (ehem. AFG-Arena), das Tamedia-Geb\u00e4ude in Z\u00fcrich, das Home of FIFA und das FIFA World Football-Museum in Z\u00fcrich sowie der Neubau der Messe Basel. (ah)<\/p>\n<div class=\"page\" title=\"Page 1\"><\/div>\n","protected":false},"excerpt":{"rendered":"<p>Am 16. Dezember 2016 wurde in Laax das Peaks Place feierlich er\u00f6ffnet.\u00a0Investorin und Totalunternehmerin des Projekts ist die HRS Real Estate AG.<\/p>\n","protected":false},"author":3,"featured_media":5427,"comment_status":"open","ping_status":"open","sticky":false,"template":"","format":"standard","meta":{"_acf_changed":false,"_yoast_wpseo_focuskw":"Peaks Place","_yoast_wpseo_title":"","_yoast_wpseo_metadesc":"Am 16. Dezember 2016 wurde in Laax das Peaks Place feierlich er\u00f6ffnet.\u00a0Investorin und Totalunternehmerin des Projekts ist die HRS Real Estate AG.","_yoast_wpseo_linkdex":90,"pgc_sgb_lightbox_settings":"","footnotes":""},"categories":[985],"tags":[1317,1546,1862],"class_list":["post-5345","post","type-post","status-publish","format-standard","has-post-thumbnail","hentry","category-regionen","tag-hotels","tag-ost-schweiz","tag-wohnen"],"acf":[],"yoast_head":"<!-- This site is optimized with the Yoast SEO plugin v27.5 - https:\/\/yoast.com\/product\/yoast-seo-wordpress\/ -->\n<title>Laax: Peaks Place ist er\u00f6ffnet - IMMOBILIEN Business<\/title>\n<meta name=\"description\" content=\"Am 16. Dezember 2016 wurde in Laax das Peaks Place feierlich er\u00f6ffnet.\u00a0Investorin und Totalunternehmerin des Projekts ist die HRS Real Estate AG.\" \/>\n<meta name=\"robots\" content=\"index, follow, max-snippet:-1, max-image-preview:large, max-video-preview:-1\" \/>\n<link rel=\"canonical\" href=\"https:\/\/www.immobilienbusiness.ch\/de\/regionen\/2016-12-20\/peaks-place-laax-eroeffnung\/\" \/>\n<meta property=\"og:locale\" content=\"de_DE\" \/>\n<meta property=\"og:type\" content=\"article\" \/>\n<meta property=\"og:title\" content=\"Laax: Peaks Place ist er\u00f6ffnet\" \/>\n<meta property=\"og:description\" content=\"Am 16. Dezember 2016 wurde in Laax das Peaks Place feierlich er\u00f6ffnet.\u00a0Investorin und Totalunternehmerin des Projekts ist die HRS Real Estate AG.\" \/>\n<meta property=\"og:url\" content=\"https:\/\/www.immobilienbusiness.ch\/de\/regionen\/2016-12-20\/peaks-place-laax-eroeffnung\/\" \/>\n<meta property=\"og:site_name\" content=\"IMMOBILIEN Business\" \/>\n<meta property=\"article:publisher\" content=\"https:\/\/www.facebook.com\/immobilienbusiness\/\" \/>\n<meta property=\"article:published_time\" content=\"2016-12-20T07:39:01+00:00\" \/>\n<meta name=\"author\" content=\"anja.hall\" \/>\n<meta name=\"twitter:card\" content=\"summary_large_image\" \/>\n<meta name=\"twitter:title\" content=\"Laax: Peaks Place ist er\u00f6ffnet\" \/>\n<meta name=\"twitter:description\" content=\"Am 16. Dezember 2016 wurde in Laax das Peaks Place feierlich er\u00f6ffnet.\u00a0Investorin und Totalunternehmerin des Projekts ist die HRS Real Estate AG.\" \/>\n<meta name=\"twitter:image\" content=\"http:\/\/dev.immobilienbusiness.ch\/wp-content\/uploads\/2016\/12\/aee516e3c4.jpg\" \/>\n<script type=\"application\/ld+json\" class=\"yoast-schema-graph\">{\"@context\":\"https:\\\/\\\/schema.org\",\"@graph\":[{\"@type\":\"Article\",\"@id\":\"https:\\\/\\\/www.immobilienbusiness.ch\\\/regionen\\\/2016-12-20\\\/peaks-place-laax-eroeffnung\\\/#article\",\"isPartOf\":{\"@id\":\"https:\\\/\\\/www.immobilienbusiness.ch\\\/regionen\\\/2016-12-20\\\/peaks-place-laax-eroeffnung\\\/\"},\"author\":{\"name\":\"anja.hall\",\"@id\":\"https:\\\/\\\/www.immobilienbusiness.ch\\\/#\\\/schema\\\/person\\\/3fc036297b10b9f42d6db5ee932af8c8\"},\"headline\":\"Laax: Peaks Place ist er\u00f6ffnet\",\"datePublished\":\"2016-12-20T07:39:01+00:00\",\"mainEntityOfPage\":{\"@id\":\"https:\\\/\\\/www.immobilienbusiness.ch\\\/regionen\\\/2016-12-20\\\/peaks-place-laax-eroeffnung\\\/\"},\"wordCount\":241,\"commentCount\":0,\"publisher\":{\"@id\":\"https:\\\/\\\/www.immobilienbusiness.ch\\\/#organization\"},\"image\":{\"@id\":\"https:\\\/\\\/www.immobilienbusiness.ch\\\/regionen\\\/2016-12-20\\\/peaks-place-laax-eroeffnung\\\/#primaryimage\"},\"thumbnailUrl\":\"https:\\\/\\\/www.immobilienbusiness.ch\\\/wp-content\\\/uploads\\\/2016\\\/12\\\/Aussenaufnahme-2.jpg\",\"keywords\":[\"Hotels\",\"Ost-Schweiz\",\"Wohnen\"],\"articleSection\":[\"REGIONEN\"],\"inLanguage\":\"de\"},{\"@type\":\"WebPage\",\"@id\":\"https:\\\/\\\/www.immobilienbusiness.ch\\\/regionen\\\/2016-12-20\\\/peaks-place-laax-eroeffnung\\\/\",\"url\":\"https:\\\/\\\/www.immobilienbusiness.ch\\\/regionen\\\/2016-12-20\\\/peaks-place-laax-eroeffnung\\\/\",\"name\":\"Laax: Peaks Place ist er\u00f6ffnet - IMMOBILIEN Business\",\"isPartOf\":{\"@id\":\"https:\\\/\\\/www.immobilienbusiness.ch\\\/#website\"},\"primaryImageOfPage\":{\"@id\":\"https:\\\/\\\/www.immobilienbusiness.ch\\\/regionen\\\/2016-12-20\\\/peaks-place-laax-eroeffnung\\\/#primaryimage\"},\"image\":{\"@id\":\"https:\\\/\\\/www.immobilienbusiness.ch\\\/regionen\\\/2016-12-20\\\/peaks-place-laax-eroeffnung\\\/#primaryimage\"},\"thumbnailUrl\":\"https:\\\/\\\/www.immobilienbusiness.ch\\\/wp-content\\\/uploads\\\/2016\\\/12\\\/Aussenaufnahme-2.jpg\",\"datePublished\":\"2016-12-20T07:39:01+00:00\",\"description\":\"Am 16. Dezember 2016 wurde in Laax das Peaks Place feierlich er\u00f6ffnet.\u00a0Investorin und Totalunternehmerin des Projekts ist die HRS Real Estate AG.\",\"breadcrumb\":{\"@id\":\"https:\\\/\\\/www.immobilienbusiness.ch\\\/regionen\\\/2016-12-20\\\/peaks-place-laax-eroeffnung\\\/#breadcrumb\"},\"inLanguage\":\"de\",\"potentialAction\":[{\"@type\":\"ReadAction\",\"target\":[\"https:\\\/\\\/www.immobilienbusiness.ch\\\/regionen\\\/2016-12-20\\\/peaks-place-laax-eroeffnung\\\/\"]}]},{\"@type\":\"ImageObject\",\"inLanguage\":\"de\",\"@id\":\"https:\\\/\\\/www.immobilienbusiness.ch\\\/regionen\\\/2016-12-20\\\/peaks-place-laax-eroeffnung\\\/#primaryimage\",\"url\":\"https:\\\/\\\/www.immobilienbusiness.ch\\\/wp-content\\\/uploads\\\/2016\\\/12\\\/Aussenaufnahme-2.jpg\",\"contentUrl\":\"https:\\\/\\\/www.immobilienbusiness.ch\\\/wp-content\\\/uploads\\\/2016\\\/12\\\/Aussenaufnahme-2.jpg\",\"width\":2560,\"height\":1707,\"caption\":\"Das Peaks Place in Laax ist er\u00f6ffnet (Foto: HRS Real Estate AG)\"},{\"@type\":\"BreadcrumbList\",\"@id\":\"https:\\\/\\\/www.immobilienbusiness.ch\\\/regionen\\\/2016-12-20\\\/peaks-place-laax-eroeffnung\\\/#breadcrumb\",\"itemListElement\":[{\"@type\":\"ListItem\",\"position\":1,\"name\":\"Home\",\"item\":\"https:\\\/\\\/www.immobilienbusiness.ch\\\/\"},{\"@type\":\"ListItem\",\"position\":2,\"name\":\"Laax: Peaks Place ist er\u00f6ffnet\"}]},{\"@type\":\"WebSite\",\"@id\":\"https:\\\/\\\/www.immobilienbusiness.ch\\\/#website\",\"url\":\"https:\\\/\\\/www.immobilienbusiness.ch\\\/\",\"name\":\"IMMOBILIEN Business\",\"description\":\"Unabh\u00e4ngiges Schweizer Wirtschaftsmagazin mit Fokus auf Immobilien, Architektur- und Bau sowie Investment- und Finanzierung.\",\"publisher\":{\"@id\":\"https:\\\/\\\/www.immobilienbusiness.ch\\\/#organization\"},\"potentialAction\":[{\"@type\":\"SearchAction\",\"target\":{\"@type\":\"EntryPoint\",\"urlTemplate\":\"https:\\\/\\\/www.immobilienbusiness.ch\\\/?s={search_term_string}\"},\"query-input\":{\"@type\":\"PropertyValueSpecification\",\"valueRequired\":true,\"valueName\":\"search_term_string\"}}],\"inLanguage\":\"de\"},{\"@type\":\"Organization\",\"@id\":\"https:\\\/\\\/www.immobilienbusiness.ch\\\/#organization\",\"name\":\"IMMOBILIEN Business\",\"url\":\"https:\\\/\\\/www.immobilienbusiness.ch\\\/\",\"logo\":{\"@type\":\"ImageObject\",\"inLanguage\":\"de\",\"@id\":\"https:\\\/\\\/www.immobilienbusiness.ch\\\/#\\\/schema\\\/logo\\\/image\\\/\",\"url\":\"https:\\\/\\\/www.immobilienbusiness.ch\\\/wp-content\\\/uploads\\\/2021\\\/07\\\/logo_ib.png\",\"contentUrl\":\"https:\\\/\\\/www.immobilienbusiness.ch\\\/wp-content\\\/uploads\\\/2021\\\/07\\\/logo_ib.png\",\"width\":800,\"height\":181,\"caption\":\"IMMOBILIEN Business\"},\"image\":{\"@id\":\"https:\\\/\\\/www.immobilienbusiness.ch\\\/#\\\/schema\\\/logo\\\/image\\\/\"},\"sameAs\":[\"https:\\\/\\\/www.facebook.com\\\/immobilienbusiness\\\/\"]},{\"@type\":\"Person\",\"@id\":\"https:\\\/\\\/www.immobilienbusiness.ch\\\/#\\\/schema\\\/person\\\/3fc036297b10b9f42d6db5ee932af8c8\",\"name\":\"anja.hall\",\"image\":{\"@type\":\"ImageObject\",\"inLanguage\":\"de\",\"@id\":\"https:\\\/\\\/secure.gravatar.com\\\/avatar\\\/066b5a0d447013502c71a5782f4f3469f03cfe595cc2329fb94652fe47511bfb?s=96&d=mm&r=g\",\"url\":\"https:\\\/\\\/secure.gravatar.com\\\/avatar\\\/066b5a0d447013502c71a5782f4f3469f03cfe595cc2329fb94652fe47511bfb?s=96&d=mm&r=g\",\"contentUrl\":\"https:\\\/\\\/secure.gravatar.com\\\/avatar\\\/066b5a0d447013502c71a5782f4f3469f03cfe595cc2329fb94652fe47511bfb?s=96&d=mm&r=g\",\"caption\":\"anja.hall\"},\"url\":\"https:\\\/\\\/www.immobilienbusiness.ch\\\/de\\\/author\\\/anja-hall\\\/\"}]}<\/script>\n<!-- \/ Yoast SEO plugin. -->","yoast_head_json":{"title":"Laax: Peaks Place ist er\u00f6ffnet - IMMOBILIEN Business","description":"Am 16. Dezember 2016 wurde in Laax das Peaks Place feierlich er\u00f6ffnet.\u00a0Investorin und Totalunternehmerin des Projekts ist die HRS Real Estate AG.","robots":{"index":"index","follow":"follow","max-snippet":"max-snippet:-1","max-image-preview":"max-image-preview:large","max-video-preview":"max-video-preview:-1"},"canonical":"https:\/\/www.immobilienbusiness.ch\/de\/regionen\/2016-12-20\/peaks-place-laax-eroeffnung\/","og_locale":"de_DE","og_type":"article","og_title":"Laax: Peaks Place ist er\u00f6ffnet","og_description":"Am 16. Dezember 2016 wurde in Laax das Peaks Place feierlich er\u00f6ffnet.\u00a0Investorin und Totalunternehmerin des Projekts ist die HRS Real Estate AG.","og_url":"https:\/\/www.immobilienbusiness.ch\/de\/regionen\/2016-12-20\/peaks-place-laax-eroeffnung\/","og_site_name":"IMMOBILIEN Business","article_publisher":"https:\/\/www.facebook.com\/immobilienbusiness\/","article_published_time":"2016-12-20T07:39:01+00:00","author":"anja.hall","twitter_card":"summary_large_image","twitter_title":"Laax: Peaks Place ist er\u00f6ffnet","twitter_description":"Am 16. Dezember 2016 wurde in Laax das Peaks Place feierlich er\u00f6ffnet.\u00a0Investorin und Totalunternehmerin des Projekts ist die HRS Real Estate AG.","twitter_image":"http:\/\/dev.immobilienbusiness.ch\/wp-content\/uploads\/2016\/12\/aee516e3c4.jpg","schema":{"@context":"https:\/\/schema.org","@graph":[{"@type":"Article","@id":"https:\/\/www.immobilienbusiness.ch\/regionen\/2016-12-20\/peaks-place-laax-eroeffnung\/#article","isPartOf":{"@id":"https:\/\/www.immobilienbusiness.ch\/regionen\/2016-12-20\/peaks-place-laax-eroeffnung\/"},"author":{"name":"anja.hall","@id":"https:\/\/www.immobilienbusiness.ch\/#\/schema\/person\/3fc036297b10b9f42d6db5ee932af8c8"},"headline":"Laax: Peaks Place ist er\u00f6ffnet","datePublished":"2016-12-20T07:39:01+00:00","mainEntityOfPage":{"@id":"https:\/\/www.immobilienbusiness.ch\/regionen\/2016-12-20\/peaks-place-laax-eroeffnung\/"},"wordCount":241,"commentCount":0,"publisher":{"@id":"https:\/\/www.immobilienbusiness.ch\/#organization"},"image":{"@id":"https:\/\/www.immobilienbusiness.ch\/regionen\/2016-12-20\/peaks-place-laax-eroeffnung\/#primaryimage"},"thumbnailUrl":"https:\/\/www.immobilienbusiness.ch\/wp-content\/uploads\/2016\/12\/Aussenaufnahme-2.jpg","keywords":["Hotels","Ost-Schweiz","Wohnen"],"articleSection":["REGIONEN"],"inLanguage":"de"},{"@type":"WebPage","@id":"https:\/\/www.immobilienbusiness.ch\/regionen\/2016-12-20\/peaks-place-laax-eroeffnung\/","url":"https:\/\/www.immobilienbusiness.ch\/regionen\/2016-12-20\/peaks-place-laax-eroeffnung\/","name":"Laax: Peaks Place ist er\u00f6ffnet - IMMOBILIEN Business","isPartOf":{"@id":"https:\/\/www.immobilienbusiness.ch\/#website"},"primaryImageOfPage":{"@id":"https:\/\/www.immobilienbusiness.ch\/regionen\/2016-12-20\/peaks-place-laax-eroeffnung\/#primaryimage"},"image":{"@id":"https:\/\/www.immobilienbusiness.ch\/regionen\/2016-12-20\/peaks-place-laax-eroeffnung\/#primaryimage"},"thumbnailUrl":"https:\/\/www.immobilienbusiness.ch\/wp-content\/uploads\/2016\/12\/Aussenaufnahme-2.jpg","datePublished":"2016-12-20T07:39:01+00:00","description":"Am 16. Dezember 2016 wurde in Laax das Peaks Place feierlich er\u00f6ffnet.\u00a0Investorin und Totalunternehmerin des Projekts ist die HRS Real Estate AG.","breadcrumb":{"@id":"https:\/\/www.immobilienbusiness.ch\/regionen\/2016-12-20\/peaks-place-laax-eroeffnung\/#breadcrumb"},"inLanguage":"de","potentialAction":[{"@type":"ReadAction","target":["https:\/\/www.immobilienbusiness.ch\/regionen\/2016-12-20\/peaks-place-laax-eroeffnung\/"]}]},{"@type":"ImageObject","inLanguage":"de","@id":"https:\/\/www.immobilienbusiness.ch\/regionen\/2016-12-20\/peaks-place-laax-eroeffnung\/#primaryimage","url":"https:\/\/www.immobilienbusiness.ch\/wp-content\/uploads\/2016\/12\/Aussenaufnahme-2.jpg","contentUrl":"https:\/\/www.immobilienbusiness.ch\/wp-content\/uploads\/2016\/12\/Aussenaufnahme-2.jpg","width":2560,"height":1707,"caption":"Das Peaks Place in Laax ist er\u00f6ffnet (Foto: HRS Real Estate AG)"},{"@type":"BreadcrumbList","@id":"https:\/\/www.immobilienbusiness.ch\/regionen\/2016-12-20\/peaks-place-laax-eroeffnung\/#breadcrumb","itemListElement":[{"@type":"ListItem","position":1,"name":"Home","item":"https:\/\/www.immobilienbusiness.ch\/"},{"@type":"ListItem","position":2,"name":"Laax: Peaks Place ist er\u00f6ffnet"}]},{"@type":"WebSite","@id":"https:\/\/www.immobilienbusiness.ch\/#website","url":"https:\/\/www.immobilienbusiness.ch\/","name":"IMMOBILIEN Business","description":"Unabh\u00e4ngiges Schweizer Wirtschaftsmagazin mit Fokus auf Immobilien, Architektur- und Bau sowie Investment- und Finanzierung.","publisher":{"@id":"https:\/\/www.immobilienbusiness.ch\/#organization"},"potentialAction":[{"@type":"SearchAction","target":{"@type":"EntryPoint","urlTemplate":"https:\/\/www.immobilienbusiness.ch\/?s={search_term_string}"},"query-input":{"@type":"PropertyValueSpecification","valueRequired":true,"valueName":"search_term_string"}}],"inLanguage":"de"},{"@type":"Organization","@id":"https:\/\/www.immobilienbusiness.ch\/#organization","name":"IMMOBILIEN Business","url":"https:\/\/www.immobilienbusiness.ch\/","logo":{"@type":"ImageObject","inLanguage":"de","@id":"https:\/\/www.immobilienbusiness.ch\/#\/schema\/logo\/image\/","url":"https:\/\/www.immobilienbusiness.ch\/wp-content\/uploads\/2021\/07\/logo_ib.png","contentUrl":"https:\/\/www.immobilienbusiness.ch\/wp-content\/uploads\/2021\/07\/logo_ib.png","width":800,"height":181,"caption":"IMMOBILIEN Business"},"image":{"@id":"https:\/\/www.immobilienbusiness.ch\/#\/schema\/logo\/image\/"},"sameAs":["https:\/\/www.facebook.com\/immobilienbusiness\/"]},{"@type":"Person","@id":"https:\/\/www.immobilienbusiness.ch\/#\/schema\/person\/3fc036297b10b9f42d6db5ee932af8c8","name":"anja.hall","image":{"@type":"ImageObject","inLanguage":"de","@id":"https:\/\/secure.gravatar.com\/avatar\/066b5a0d447013502c71a5782f4f3469f03cfe595cc2329fb94652fe47511bfb?s=96&d=mm&r=g","url":"https:\/\/secure.gravatar.com\/avatar\/066b5a0d447013502c71a5782f4f3469f03cfe595cc2329fb94652fe47511bfb?s=96&d=mm&r=g","contentUrl":"https:\/\/secure.gravatar.com\/avatar\/066b5a0d447013502c71a5782f4f3469f03cfe595cc2329fb94652fe47511bfb?s=96&d=mm&r=g","caption":"anja.hall"},"url":"https:\/\/www.immobilienbusiness.ch\/de\/author\/anja-hall\/"}]}},"_links":{"self":[{"href":"https:\/\/www.immobilienbusiness.ch\/de\/wp-json\/wp\/v2\/posts\/5345","targetHints":{"allow":["GET"]}}],"collection":[{"href":"https:\/\/www.immobilienbusiness.ch\/de\/wp-json\/wp\/v2\/posts"}],"about":[{"href":"https:\/\/www.immobilienbusiness.ch\/de\/wp-json\/wp\/v2\/types\/post"}],"author":[{"embeddable":true,"href":"https:\/\/www.immobilienbusiness.ch\/de\/wp-json\/wp\/v2\/users\/3"}],"replies":[{"embeddable":true,"href":"https:\/\/www.immobilienbusiness.ch\/de\/wp-json\/wp\/v2\/comments?post=5345"}],"version-history":[{"count":0,"href":"https:\/\/www.immobilienbusiness.ch\/de\/wp-json\/wp\/v2\/posts\/5345\/revisions"}],"wp:featuredmedia":[{"embeddable":true,"href":"https:\/\/www.immobilienbusiness.ch\/de\/wp-json\/wp\/v2\/media\/5427"}],"wp:attachment":[{"href":"https:\/\/www.immobilienbusiness.ch\/de\/wp-json\/wp\/v2\/media?parent=5345"}],"wp:term":[{"taxonomy":"category","embeddable":true,"href":"https:\/\/www.immobilienbusiness.ch\/de\/wp-json\/wp\/v2\/categories?post=5345"},{"taxonomy":"post_tag","embeddable":true,"href":"https:\/\/www.immobilienbusiness.ch\/de\/wp-json\/wp\/v2\/tags?post=5345"}],"curies":[{"name":"wp","href":"https:\/\/api.w.org\/{rel}","templated":true}]}}