{"id":53389,"date":"2023-09-18T07:46:01","date_gmt":"2023-09-18T05:46:01","guid":{"rendered":"https:\/\/www.immobilienbusiness.ch\/?p=53389"},"modified":"2023-09-20T09:54:37","modified_gmt":"2023-09-20T07:54:37","slug":"bern-stadt-will-immobilienpaket-des-snf-kaufen","status":"publish","type":"post","link":"https:\/\/www.immobilienbusiness.ch\/de\/regionen\/2023-09-18\/bern-stadt-will-immobilienpaket-des-snf-kaufen\/","title":{"rendered":"Bern: Stadt will Immobilienpaket des SNF kaufen"},"content":{"rendered":"<figure id=\"attachment_5042\" aria-describedby=\"caption-attachment-5042\" style=\"width: 1280px\" class=\"wp-caption alignnone\"><a href=\"https:\/\/www.immobilienbusiness.ch\/wp-content\/uploads\/2016\/11\/Bern-Gruenes-Licht-fuer-SPS-Wohnprojekt-immobilien-business.jpg\"><img loading=\"lazy\" decoding=\"async\" class=\"size-full wp-image-5042\" src=\"https:\/\/www.immobilienbusiness.ch\/wp-content\/uploads\/2016\/11\/Bern-Gruenes-Licht-fuer-SPS-Wohnprojekt-immobilien-business.jpg\" alt=\"\" width=\"1280\" height=\"850\" srcset=\"https:\/\/www.immobilienbusiness.ch\/wp-content\/uploads\/2016\/11\/Bern-Gruenes-Licht-fuer-SPS-Wohnprojekt-immobilien-business.jpg 1280w, https:\/\/www.immobilienbusiness.ch\/wp-content\/uploads\/2016\/11\/Bern-Gruenes-Licht-fuer-SPS-Wohnprojekt-immobilien-business-300x199.jpg 300w, https:\/\/www.immobilienbusiness.ch\/wp-content\/uploads\/2016\/11\/Bern-Gruenes-Licht-fuer-SPS-Wohnprojekt-immobilien-business-1024x680.jpg 1024w, https:\/\/www.immobilienbusiness.ch\/wp-content\/uploads\/2016\/11\/Bern-Gruenes-Licht-fuer-SPS-Wohnprojekt-immobilien-business-768x510.jpg 768w, https:\/\/www.immobilienbusiness.ch\/wp-content\/uploads\/2016\/11\/Bern-Gruenes-Licht-fuer-SPS-Wohnprojekt-immobilien-business-16x12.jpg 16w, https:\/\/www.immobilienbusiness.ch\/wp-content\/uploads\/2016\/11\/Bern-Gruenes-Licht-fuer-SPS-Wohnprojekt-immobilien-business-264x175.jpg 264w, https:\/\/www.immobilienbusiness.ch\/wp-content\/uploads\/2016\/11\/Bern-Gruenes-Licht-fuer-SPS-Wohnprojekt-immobilien-business-527x350.jpg 527w, https:\/\/www.immobilienbusiness.ch\/wp-content\/uploads\/2016\/11\/Bern-Gruenes-Licht-fuer-SPS-Wohnprojekt-immobilien-business-1205x800.jpg 1205w, https:\/\/www.immobilienbusiness.ch\/wp-content\/uploads\/2016\/11\/Bern-Gruenes-Licht-fuer-SPS-Wohnprojekt-immobilien-business-920x611.jpg 920w\" sizes=\"auto, (max-width: 1280px) 100vw, 1280px\" \/><\/a><figcaption id=\"caption-attachment-5042\" class=\"wp-caption-text\">Bern (Foto: Pixabay)<\/figcaption><\/figure>\n<p>Die Stadt Bern will die Liegenschaften des Schweizerischen Nationalfonds (SNF) am Wildhainweg in der L\u00e4nggasse erwerben, um sich Grundeigentum an zentraler Lage zu sichern. Der Kaufpreis liege bei 31,3 Mio. CHF und entspreche dem Marktwert, teilt die Stadt mit. Um Preissteigerungen bis zum Zeitpunkt des Kaufs zu ber\u00fccksichtigen, sei eine Preisindexierung vereinbart worden, wobei der Kaufpreis nicht h\u00f6her als auf 33,5 Mio. CHF steigen d\u00fcrfe. Der Verpflichtungskredit, den der Gemeinderat dem Stadtrat zuhanden der Stimmberechtigten beantragt, liegt bei 33,9 Mio. CHF und umfasst neben dem Kaufpreis weitere Kosten wie die \u00dcbernahme von Anteilen an Erneuerungsfonds und Notariatsgeb\u00fchren.<\/p>\n<p>Bei den Liegenschaften handelt es sich um insgesamt vier Geb\u00e4ude respektive Geb\u00e4udekomplexe oder Geb\u00e4udeteile am Wildhainweg 3, 7\/7a, 20\/20a und 21\/21a\/21b\/19\/19a. Der SNF nutzt die R\u00e4ume derzeit vorwiegend als B\u00fcros. Laut einer Machbarkeitsstudie sei eine Umnutzung zu Wohnraum teilweise m\u00f6glich. Allerdings sei noch nicht festgelegt, wie die Liegenschaften k\u00fcnftig genutzt werden sollen, so die Stadt Bern.<\/p>\n<p>Der SNF verkauft die Objekte, weil er einen Neubau im Quartier Wankdorf City plant und die Liegenschaften am Wildhainweg nicht mehr ben\u00f6tigt. Ein Kaufvorvertrag ist nach Angaben der Stadt Bern bereits unterzeichnet. Das eigentliche Kaufgesch\u00e4ft erfolgt, der SNF den Neubau bezogen hat. Dies werde fr\u00fchestens im Jahr 2026 der Fall sein, teilt die Stadt Bern weiter mit. <em>(ah)<\/em><\/p>\n","protected":false},"excerpt":{"rendered":"<p>Der Schweizerische Nationalfonds ben\u00f6tigt die zentral gelegenen Liegenschaften nicht mehr, weil er einen Neubau in der Wankdorf City plant.<\/p>\n","protected":false},"author":3,"featured_media":4043,"comment_status":"closed","ping_status":"closed","sticky":false,"template":"","format":"standard","meta":{"_acf_changed":false,"_yoast_wpseo_focuskw":"Bern","_yoast_wpseo_title":"","_yoast_wpseo_metadesc":"Der Schweizerische Nationalfonds ben\u00f6tigt die zentral gelegenen Liegenschaften nicht mehr, weil er einen Neubau in der Wankdorf City plant.","_yoast_wpseo_linkdex":63,"pgc_sgb_lightbox_settings":"","footnotes":""},"categories":[985],"tags":[1091,1119,1586],"class_list":["post-53389","post","type-post","status-publish","format-standard","has-post-thumbnail","hentry","category-regionen","tag-bern","tag-bueroimmobilien","tag-portfolioverkauf"],"acf":[],"yoast_head":"<!-- This site is optimized with the Yoast SEO plugin v27.4 - https:\/\/yoast.com\/product\/yoast-seo-wordpress\/ -->\n<title>Bern: Stadt will Immobilienpaket des SNF kaufen - IMMOBILIEN Business<\/title>\n<meta name=\"description\" content=\"Der Schweizerische Nationalfonds ben\u00f6tigt die zentral gelegenen Liegenschaften nicht mehr, weil er einen Neubau in der Wankdorf City plant.\" \/>\n<meta name=\"robots\" content=\"index, follow, max-snippet:-1, max-image-preview:large, max-video-preview:-1\" \/>\n<link rel=\"canonical\" href=\"https:\/\/www.immobilienbusiness.ch\/de\/regionen\/2023-09-18\/bern-stadt-will-immobilienpaket-des-snf-kaufen\/\" \/>\n<meta property=\"og:locale\" content=\"de_DE\" \/>\n<meta property=\"og:type\" content=\"article\" \/>\n<meta property=\"og:title\" content=\"Bern: Stadt will Immobilienpaket des SNF kaufen - IMMOBILIEN Business\" \/>\n<meta property=\"og:description\" content=\"Der Schweizerische Nationalfonds ben\u00f6tigt die zentral gelegenen Liegenschaften nicht mehr, weil er einen Neubau in der Wankdorf City plant.\" \/>\n<meta property=\"og:url\" content=\"https:\/\/www.immobilienbusiness.ch\/de\/regionen\/2023-09-18\/bern-stadt-will-immobilienpaket-des-snf-kaufen\/\" \/>\n<meta property=\"og:site_name\" content=\"IMMOBILIEN Business\" \/>\n<meta property=\"article:publisher\" content=\"https:\/\/www.facebook.com\/immobilienbusiness\/\" \/>\n<meta property=\"article:published_time\" content=\"2023-09-18T05:46:01+00:00\" \/>\n<meta property=\"article:modified_time\" content=\"2023-09-20T07:54:37+00:00\" \/>\n<meta property=\"og:image\" content=\"https:\/\/www.immobilienbusiness.ch\/wp-content\/uploads\/2016\/12\/Bern-Verwaltungsgebaeude-wird-Wohnhaus-immobilien-business.jpg\" \/>\n\t<meta property=\"og:image:width\" content=\"1280\" \/>\n\t<meta property=\"og:image:height\" content=\"850\" \/>\n\t<meta property=\"og:image:type\" content=\"image\/jpeg\" \/>\n<meta name=\"author\" content=\"anja.hall\" \/>\n<meta name=\"twitter:card\" content=\"summary_large_image\" \/>\n<meta name=\"twitter:image\" content=\"https:\/\/www.immobilienbusiness.ch\/wp-content\/uploads\/2016\/12\/ERRES-Zukauf-in-der-Deutschschweiz-immobilien-business.jpg\" \/>\n<script type=\"application\/ld+json\" class=\"yoast-schema-graph\">{\"@context\":\"https:\\\/\\\/schema.org\",\"@graph\":[{\"@type\":\"Article\",\"@id\":\"https:\\\/\\\/www.immobilienbusiness.ch\\\/de\\\/regionen\\\/2023-09-18\\\/bern-stadt-will-immobilienpaket-des-snf-kaufen\\\/#article\",\"isPartOf\":{\"@id\":\"https:\\\/\\\/www.immobilienbusiness.ch\\\/de\\\/regionen\\\/2023-09-18\\\/bern-stadt-will-immobilienpaket-des-snf-kaufen\\\/\"},\"author\":{\"name\":\"anja.hall\",\"@id\":\"https:\\\/\\\/www.immobilienbusiness.ch\\\/#\\\/schema\\\/person\\\/3fc036297b10b9f42d6db5ee932af8c8\"},\"headline\":\"Bern: Stadt will Immobilienpaket des SNF kaufen\",\"datePublished\":\"2023-09-18T05:46:01+00:00\",\"dateModified\":\"2023-09-20T07:54:37+00:00\",\"mainEntityOfPage\":{\"@id\":\"https:\\\/\\\/www.immobilienbusiness.ch\\\/de\\\/regionen\\\/2023-09-18\\\/bern-stadt-will-immobilienpaket-des-snf-kaufen\\\/\"},\"wordCount\":240,\"publisher\":{\"@id\":\"https:\\\/\\\/www.immobilienbusiness.ch\\\/#organization\"},\"image\":{\"@id\":\"https:\\\/\\\/www.immobilienbusiness.ch\\\/de\\\/regionen\\\/2023-09-18\\\/bern-stadt-will-immobilienpaket-des-snf-kaufen\\\/#primaryimage\"},\"thumbnailUrl\":\"https:\\\/\\\/www.immobilienbusiness.ch\\\/wp-content\\\/uploads\\\/2016\\\/12\\\/Bern-Verwaltungsgebaeude-wird-Wohnhaus-immobilien-business.jpg\",\"keywords\":[\"Bern\",\"B\u00fcroimmobilien\",\"Portfolioverkauf\"],\"articleSection\":[\"REGIONEN\"],\"inLanguage\":\"de\"},{\"@type\":\"WebPage\",\"@id\":\"https:\\\/\\\/www.immobilienbusiness.ch\\\/de\\\/regionen\\\/2023-09-18\\\/bern-stadt-will-immobilienpaket-des-snf-kaufen\\\/\",\"url\":\"https:\\\/\\\/www.immobilienbusiness.ch\\\/de\\\/regionen\\\/2023-09-18\\\/bern-stadt-will-immobilienpaket-des-snf-kaufen\\\/\",\"name\":\"Bern: Stadt will Immobilienpaket des SNF kaufen - IMMOBILIEN Business\",\"isPartOf\":{\"@id\":\"https:\\\/\\\/www.immobilienbusiness.ch\\\/#website\"},\"primaryImageOfPage\":{\"@id\":\"https:\\\/\\\/www.immobilienbusiness.ch\\\/de\\\/regionen\\\/2023-09-18\\\/bern-stadt-will-immobilienpaket-des-snf-kaufen\\\/#primaryimage\"},\"image\":{\"@id\":\"https:\\\/\\\/www.immobilienbusiness.ch\\\/de\\\/regionen\\\/2023-09-18\\\/bern-stadt-will-immobilienpaket-des-snf-kaufen\\\/#primaryimage\"},\"thumbnailUrl\":\"https:\\\/\\\/www.immobilienbusiness.ch\\\/wp-content\\\/uploads\\\/2016\\\/12\\\/Bern-Verwaltungsgebaeude-wird-Wohnhaus-immobilien-business.jpg\",\"datePublished\":\"2023-09-18T05:46:01+00:00\",\"dateModified\":\"2023-09-20T07:54:37+00:00\",\"description\":\"Der Schweizerische Nationalfonds ben\u00f6tigt die zentral gelegenen Liegenschaften nicht mehr, weil er einen Neubau in der Wankdorf City plant.\",\"breadcrumb\":{\"@id\":\"https:\\\/\\\/www.immobilienbusiness.ch\\\/de\\\/regionen\\\/2023-09-18\\\/bern-stadt-will-immobilienpaket-des-snf-kaufen\\\/#breadcrumb\"},\"inLanguage\":\"de\",\"potentialAction\":[{\"@type\":\"ReadAction\",\"target\":[\"https:\\\/\\\/www.immobilienbusiness.ch\\\/de\\\/regionen\\\/2023-09-18\\\/bern-stadt-will-immobilienpaket-des-snf-kaufen\\\/\"]}]},{\"@type\":\"ImageObject\",\"inLanguage\":\"de\",\"@id\":\"https:\\\/\\\/www.immobilienbusiness.ch\\\/de\\\/regionen\\\/2023-09-18\\\/bern-stadt-will-immobilienpaket-des-snf-kaufen\\\/#primaryimage\",\"url\":\"https:\\\/\\\/www.immobilienbusiness.ch\\\/wp-content\\\/uploads\\\/2016\\\/12\\\/Bern-Verwaltungsgebaeude-wird-Wohnhaus-immobilien-business.jpg\",\"contentUrl\":\"https:\\\/\\\/www.immobilienbusiness.ch\\\/wp-content\\\/uploads\\\/2016\\\/12\\\/Bern-Verwaltungsgebaeude-wird-Wohnhaus-immobilien-business.jpg\",\"width\":1280,\"height\":850,\"caption\":\"Der Berner Gemeinderat erwirbt eine Bundesliegenschaft und nutzt sie um (Foto: Pixabay)\"},{\"@type\":\"BreadcrumbList\",\"@id\":\"https:\\\/\\\/www.immobilienbusiness.ch\\\/de\\\/regionen\\\/2023-09-18\\\/bern-stadt-will-immobilienpaket-des-snf-kaufen\\\/#breadcrumb\",\"itemListElement\":[{\"@type\":\"ListItem\",\"position\":1,\"name\":\"Home\",\"item\":\"https:\\\/\\\/www.immobilienbusiness.ch\\\/\"},{\"@type\":\"ListItem\",\"position\":2,\"name\":\"Bern: Stadt will Immobilienpaket des SNF kaufen\"}]},{\"@type\":\"WebSite\",\"@id\":\"https:\\\/\\\/www.immobilienbusiness.ch\\\/#website\",\"url\":\"https:\\\/\\\/www.immobilienbusiness.ch\\\/\",\"name\":\"IMMOBILIEN Business\",\"description\":\"Unabh\u00e4ngiges Schweizer Wirtschaftsmagazin mit Fokus auf Immobilien, Architektur- und Bau sowie Investment- und Finanzierung.\",\"publisher\":{\"@id\":\"https:\\\/\\\/www.immobilienbusiness.ch\\\/#organization\"},\"potentialAction\":[{\"@type\":\"SearchAction\",\"target\":{\"@type\":\"EntryPoint\",\"urlTemplate\":\"https:\\\/\\\/www.immobilienbusiness.ch\\\/?s={search_term_string}\"},\"query-input\":{\"@type\":\"PropertyValueSpecification\",\"valueRequired\":true,\"valueName\":\"search_term_string\"}}],\"inLanguage\":\"de\"},{\"@type\":\"Organization\",\"@id\":\"https:\\\/\\\/www.immobilienbusiness.ch\\\/#organization\",\"name\":\"IMMOBILIEN Business\",\"url\":\"https:\\\/\\\/www.immobilienbusiness.ch\\\/\",\"logo\":{\"@type\":\"ImageObject\",\"inLanguage\":\"de\",\"@id\":\"https:\\\/\\\/www.immobilienbusiness.ch\\\/#\\\/schema\\\/logo\\\/image\\\/\",\"url\":\"https:\\\/\\\/www.immobilienbusiness.ch\\\/wp-content\\\/uploads\\\/2021\\\/07\\\/logo_ib.png\",\"contentUrl\":\"https:\\\/\\\/www.immobilienbusiness.ch\\\/wp-content\\\/uploads\\\/2021\\\/07\\\/logo_ib.png\",\"width\":800,\"height\":181,\"caption\":\"IMMOBILIEN Business\"},\"image\":{\"@id\":\"https:\\\/\\\/www.immobilienbusiness.ch\\\/#\\\/schema\\\/logo\\\/image\\\/\"},\"sameAs\":[\"https:\\\/\\\/www.facebook.com\\\/immobilienbusiness\\\/\"]},{\"@type\":\"Person\",\"@id\":\"https:\\\/\\\/www.immobilienbusiness.ch\\\/#\\\/schema\\\/person\\\/3fc036297b10b9f42d6db5ee932af8c8\",\"name\":\"anja.hall\",\"image\":{\"@type\":\"ImageObject\",\"inLanguage\":\"de\",\"@id\":\"https:\\\/\\\/secure.gravatar.com\\\/avatar\\\/066b5a0d447013502c71a5782f4f3469f03cfe595cc2329fb94652fe47511bfb?s=96&d=mm&r=g\",\"url\":\"https:\\\/\\\/secure.gravatar.com\\\/avatar\\\/066b5a0d447013502c71a5782f4f3469f03cfe595cc2329fb94652fe47511bfb?s=96&d=mm&r=g\",\"contentUrl\":\"https:\\\/\\\/secure.gravatar.com\\\/avatar\\\/066b5a0d447013502c71a5782f4f3469f03cfe595cc2329fb94652fe47511bfb?s=96&d=mm&r=g\",\"caption\":\"anja.hall\"},\"url\":\"https:\\\/\\\/www.immobilienbusiness.ch\\\/de\\\/author\\\/anja-hall\\\/\"}]}<\/script>\n<!-- \/ Yoast SEO plugin. -->","yoast_head_json":{"title":"Bern: Stadt will Immobilienpaket des SNF kaufen - IMMOBILIEN Business","description":"Der Schweizerische Nationalfonds ben\u00f6tigt die zentral gelegenen Liegenschaften nicht mehr, weil er einen Neubau in der Wankdorf City plant.","robots":{"index":"index","follow":"follow","max-snippet":"max-snippet:-1","max-image-preview":"max-image-preview:large","max-video-preview":"max-video-preview:-1"},"canonical":"https:\/\/www.immobilienbusiness.ch\/de\/regionen\/2023-09-18\/bern-stadt-will-immobilienpaket-des-snf-kaufen\/","og_locale":"de_DE","og_type":"article","og_title":"Bern: Stadt will Immobilienpaket des SNF kaufen - IMMOBILIEN Business","og_description":"Der Schweizerische Nationalfonds ben\u00f6tigt die zentral gelegenen Liegenschaften nicht mehr, weil er einen Neubau in der Wankdorf City plant.","og_url":"https:\/\/www.immobilienbusiness.ch\/de\/regionen\/2023-09-18\/bern-stadt-will-immobilienpaket-des-snf-kaufen\/","og_site_name":"IMMOBILIEN Business","article_publisher":"https:\/\/www.facebook.com\/immobilienbusiness\/","article_published_time":"2023-09-18T05:46:01+00:00","article_modified_time":"2023-09-20T07:54:37+00:00","og_image":[{"width":1280,"height":850,"url":"https:\/\/www.immobilienbusiness.ch\/wp-content\/uploads\/2016\/12\/Bern-Verwaltungsgebaeude-wird-Wohnhaus-immobilien-business.jpg","type":"image\/jpeg"}],"author":"anja.hall","twitter_card":"summary_large_image","twitter_image":"https:\/\/www.immobilienbusiness.ch\/wp-content\/uploads\/2016\/12\/ERRES-Zukauf-in-der-Deutschschweiz-immobilien-business.jpg","schema":{"@context":"https:\/\/schema.org","@graph":[{"@type":"Article","@id":"https:\/\/www.immobilienbusiness.ch\/de\/regionen\/2023-09-18\/bern-stadt-will-immobilienpaket-des-snf-kaufen\/#article","isPartOf":{"@id":"https:\/\/www.immobilienbusiness.ch\/de\/regionen\/2023-09-18\/bern-stadt-will-immobilienpaket-des-snf-kaufen\/"},"author":{"name":"anja.hall","@id":"https:\/\/www.immobilienbusiness.ch\/#\/schema\/person\/3fc036297b10b9f42d6db5ee932af8c8"},"headline":"Bern: Stadt will Immobilienpaket des SNF kaufen","datePublished":"2023-09-18T05:46:01+00:00","dateModified":"2023-09-20T07:54:37+00:00","mainEntityOfPage":{"@id":"https:\/\/www.immobilienbusiness.ch\/de\/regionen\/2023-09-18\/bern-stadt-will-immobilienpaket-des-snf-kaufen\/"},"wordCount":240,"publisher":{"@id":"https:\/\/www.immobilienbusiness.ch\/#organization"},"image":{"@id":"https:\/\/www.immobilienbusiness.ch\/de\/regionen\/2023-09-18\/bern-stadt-will-immobilienpaket-des-snf-kaufen\/#primaryimage"},"thumbnailUrl":"https:\/\/www.immobilienbusiness.ch\/wp-content\/uploads\/2016\/12\/Bern-Verwaltungsgebaeude-wird-Wohnhaus-immobilien-business.jpg","keywords":["Bern","B\u00fcroimmobilien","Portfolioverkauf"],"articleSection":["REGIONEN"],"inLanguage":"de"},{"@type":"WebPage","@id":"https:\/\/www.immobilienbusiness.ch\/de\/regionen\/2023-09-18\/bern-stadt-will-immobilienpaket-des-snf-kaufen\/","url":"https:\/\/www.immobilienbusiness.ch\/de\/regionen\/2023-09-18\/bern-stadt-will-immobilienpaket-des-snf-kaufen\/","name":"Bern: Stadt will Immobilienpaket des SNF kaufen - IMMOBILIEN Business","isPartOf":{"@id":"https:\/\/www.immobilienbusiness.ch\/#website"},"primaryImageOfPage":{"@id":"https:\/\/www.immobilienbusiness.ch\/de\/regionen\/2023-09-18\/bern-stadt-will-immobilienpaket-des-snf-kaufen\/#primaryimage"},"image":{"@id":"https:\/\/www.immobilienbusiness.ch\/de\/regionen\/2023-09-18\/bern-stadt-will-immobilienpaket-des-snf-kaufen\/#primaryimage"},"thumbnailUrl":"https:\/\/www.immobilienbusiness.ch\/wp-content\/uploads\/2016\/12\/Bern-Verwaltungsgebaeude-wird-Wohnhaus-immobilien-business.jpg","datePublished":"2023-09-18T05:46:01+00:00","dateModified":"2023-09-20T07:54:37+00:00","description":"Der Schweizerische Nationalfonds ben\u00f6tigt die zentral gelegenen Liegenschaften nicht mehr, weil er einen Neubau in der Wankdorf City plant.","breadcrumb":{"@id":"https:\/\/www.immobilienbusiness.ch\/de\/regionen\/2023-09-18\/bern-stadt-will-immobilienpaket-des-snf-kaufen\/#breadcrumb"},"inLanguage":"de","potentialAction":[{"@type":"ReadAction","target":["https:\/\/www.immobilienbusiness.ch\/de\/regionen\/2023-09-18\/bern-stadt-will-immobilienpaket-des-snf-kaufen\/"]}]},{"@type":"ImageObject","inLanguage":"de","@id":"https:\/\/www.immobilienbusiness.ch\/de\/regionen\/2023-09-18\/bern-stadt-will-immobilienpaket-des-snf-kaufen\/#primaryimage","url":"https:\/\/www.immobilienbusiness.ch\/wp-content\/uploads\/2016\/12\/Bern-Verwaltungsgebaeude-wird-Wohnhaus-immobilien-business.jpg","contentUrl":"https:\/\/www.immobilienbusiness.ch\/wp-content\/uploads\/2016\/12\/Bern-Verwaltungsgebaeude-wird-Wohnhaus-immobilien-business.jpg","width":1280,"height":850,"caption":"Der Berner Gemeinderat erwirbt eine Bundesliegenschaft und nutzt sie um (Foto: Pixabay)"},{"@type":"BreadcrumbList","@id":"https:\/\/www.immobilienbusiness.ch\/de\/regionen\/2023-09-18\/bern-stadt-will-immobilienpaket-des-snf-kaufen\/#breadcrumb","itemListElement":[{"@type":"ListItem","position":1,"name":"Home","item":"https:\/\/www.immobilienbusiness.ch\/"},{"@type":"ListItem","position":2,"name":"Bern: Stadt will Immobilienpaket des SNF kaufen"}]},{"@type":"WebSite","@id":"https:\/\/www.immobilienbusiness.ch\/#website","url":"https:\/\/www.immobilienbusiness.ch\/","name":"IMMOBILIEN Business","description":"Unabh\u00e4ngiges Schweizer Wirtschaftsmagazin mit Fokus auf Immobilien, Architektur- und Bau sowie Investment- und Finanzierung.","publisher":{"@id":"https:\/\/www.immobilienbusiness.ch\/#organization"},"potentialAction":[{"@type":"SearchAction","target":{"@type":"EntryPoint","urlTemplate":"https:\/\/www.immobilienbusiness.ch\/?s={search_term_string}"},"query-input":{"@type":"PropertyValueSpecification","valueRequired":true,"valueName":"search_term_string"}}],"inLanguage":"de"},{"@type":"Organization","@id":"https:\/\/www.immobilienbusiness.ch\/#organization","name":"IMMOBILIEN Business","url":"https:\/\/www.immobilienbusiness.ch\/","logo":{"@type":"ImageObject","inLanguage":"de","@id":"https:\/\/www.immobilienbusiness.ch\/#\/schema\/logo\/image\/","url":"https:\/\/www.immobilienbusiness.ch\/wp-content\/uploads\/2021\/07\/logo_ib.png","contentUrl":"https:\/\/www.immobilienbusiness.ch\/wp-content\/uploads\/2021\/07\/logo_ib.png","width":800,"height":181,"caption":"IMMOBILIEN Business"},"image":{"@id":"https:\/\/www.immobilienbusiness.ch\/#\/schema\/logo\/image\/"},"sameAs":["https:\/\/www.facebook.com\/immobilienbusiness\/"]},{"@type":"Person","@id":"https:\/\/www.immobilienbusiness.ch\/#\/schema\/person\/3fc036297b10b9f42d6db5ee932af8c8","name":"anja.hall","image":{"@type":"ImageObject","inLanguage":"de","@id":"https:\/\/secure.gravatar.com\/avatar\/066b5a0d447013502c71a5782f4f3469f03cfe595cc2329fb94652fe47511bfb?s=96&d=mm&r=g","url":"https:\/\/secure.gravatar.com\/avatar\/066b5a0d447013502c71a5782f4f3469f03cfe595cc2329fb94652fe47511bfb?s=96&d=mm&r=g","contentUrl":"https:\/\/secure.gravatar.com\/avatar\/066b5a0d447013502c71a5782f4f3469f03cfe595cc2329fb94652fe47511bfb?s=96&d=mm&r=g","caption":"anja.hall"},"url":"https:\/\/www.immobilienbusiness.ch\/de\/author\/anja-hall\/"}]}},"_links":{"self":[{"href":"https:\/\/www.immobilienbusiness.ch\/de\/wp-json\/wp\/v2\/posts\/53389","targetHints":{"allow":["GET"]}}],"collection":[{"href":"https:\/\/www.immobilienbusiness.ch\/de\/wp-json\/wp\/v2\/posts"}],"about":[{"href":"https:\/\/www.immobilienbusiness.ch\/de\/wp-json\/wp\/v2\/types\/post"}],"author":[{"embeddable":true,"href":"https:\/\/www.immobilienbusiness.ch\/de\/wp-json\/wp\/v2\/users\/3"}],"replies":[{"embeddable":true,"href":"https:\/\/www.immobilienbusiness.ch\/de\/wp-json\/wp\/v2\/comments?post=53389"}],"version-history":[{"count":2,"href":"https:\/\/www.immobilienbusiness.ch\/de\/wp-json\/wp\/v2\/posts\/53389\/revisions"}],"predecessor-version":[{"id":53398,"href":"https:\/\/www.immobilienbusiness.ch\/de\/wp-json\/wp\/v2\/posts\/53389\/revisions\/53398"}],"wp:featuredmedia":[{"embeddable":true,"href":"https:\/\/www.immobilienbusiness.ch\/de\/wp-json\/wp\/v2\/media\/4043"}],"wp:attachment":[{"href":"https:\/\/www.immobilienbusiness.ch\/de\/wp-json\/wp\/v2\/media?parent=53389"}],"wp:term":[{"taxonomy":"category","embeddable":true,"href":"https:\/\/www.immobilienbusiness.ch\/de\/wp-json\/wp\/v2\/categories?post=53389"},{"taxonomy":"post_tag","embeddable":true,"href":"https:\/\/www.immobilienbusiness.ch\/de\/wp-json\/wp\/v2\/tags?post=53389"}],"curies":[{"name":"wp","href":"https:\/\/api.w.org\/{rel}","templated":true}]}}