{"id":53214,"date":"2023-09-07T09:21:35","date_gmt":"2023-09-07T07:21:35","guid":{"rendered":"https:\/\/www.immobilienbusiness.ch\/?p=53214"},"modified":"2023-09-07T09:33:00","modified_gmt":"2023-09-07T07:33:00","slug":"allschwil-areal-ziegelei-ost-soll-zum-quartier-werden","status":"publish","type":"post","link":"https:\/\/www.immobilienbusiness.ch\/de\/regionen\/2023-09-07\/allschwil-areal-ziegelei-ost-soll-zum-quartier-werden\/","title":{"rendered":"Allschwil: Areal Ziegelei Ost soll zum Quartier werden"},"content":{"rendered":"<figure id=\"attachment_53215\" aria-describedby=\"caption-attachment-53215\" style=\"width: 1000px\" class=\"wp-caption alignnone\"><a href=\"https:\/\/www.immobilienbusiness.ch\/wp-content\/uploads\/2023\/09\/Ziegelei-Allschwil-Luftaufnahme-Panorama-Ausschnitt.jpg\"><img loading=\"lazy\" decoding=\"async\" class=\"size-full wp-image-53215\" src=\"https:\/\/www.immobilienbusiness.ch\/wp-content\/uploads\/2023\/09\/Ziegelei-Allschwil-Luftaufnahme-Panorama-Ausschnitt.jpg\" alt=\"\" width=\"1000\" height=\"667\" srcset=\"https:\/\/www.immobilienbusiness.ch\/wp-content\/uploads\/2023\/09\/Ziegelei-Allschwil-Luftaufnahme-Panorama-Ausschnitt.jpg 1000w, https:\/\/www.immobilienbusiness.ch\/wp-content\/uploads\/2023\/09\/Ziegelei-Allschwil-Luftaufnahme-Panorama-Ausschnitt-300x200.jpg 300w, https:\/\/www.immobilienbusiness.ch\/wp-content\/uploads\/2023\/09\/Ziegelei-Allschwil-Luftaufnahme-Panorama-Ausschnitt-768x512.jpg 768w, https:\/\/www.immobilienbusiness.ch\/wp-content\/uploads\/2023\/09\/Ziegelei-Allschwil-Luftaufnahme-Panorama-Ausschnitt-18x12.jpg 18w, https:\/\/www.immobilienbusiness.ch\/wp-content\/uploads\/2023\/09\/Ziegelei-Allschwil-Luftaufnahme-Panorama-Ausschnitt-375x250.jpg 375w, https:\/\/www.immobilienbusiness.ch\/wp-content\/uploads\/2023\/09\/Ziegelei-Allschwil-Luftaufnahme-Panorama-Ausschnitt-525x350.jpg 525w\" sizes=\"auto, (max-width: 1000px) 100vw, 1000px\" \/><\/a><figcaption id=\"caption-attachment-53215\" class=\"wp-caption-text\">Das Areal der Ziegelei in Allschwill soll \u00fcberbaut werden (Quelle: ziegelei-ost.ch)<\/figcaption><\/figure>\n<p>Die Gemeinde Allschwil, die Eigent\u00fcmerin Petrusso und der von ihr beauftragte Entwickler Bricks AG sowie der Kanton Basel-Landschaft wollen das Areal Ziegelei-Ost zu einem Quartier entwickeln. Geplant ist, Kleinunternehmen anzusiedeln und Wohnraum f\u00fcr etwa 500 bis 600 Personen zu schaffen. Auch ein \u00f6ffentlicher Park soll auf dem Areal entstehen.<\/p>\n<p>Ein Vorschlag von Pool Architekten, Westpol Landschaftsarchitekur, Zirkular und Deuring + Oehninger Ingenieure hat das Studienauftragsverfahren gewonnen. Er sieht unter anderem ein 80 Meter hohes Hochhaus, den Lettenturm, als Auftakt zum Areal vor. In den ersten beiden Geschossen ist ein \u00abQuartierhub\u00bb geplant, der publikumsorientierte Nutzungen wie Kaffeebar, Kultur und Veranstaltungen beherbergen soll, wie es im Jurybericht heisst. Drei Geb\u00e4ude sind westlich der Hauptgasse geplant, und im s\u00fcd\u00f6stlichen Bereich des Areals sollen f\u00fcnf sieben- bis neungeschossige \u00abBaumh\u00e4user\u00bb f\u00fcr Wohnen errichtet werden. Vorgesehen ist auch, die bestehenden Werkhallen auf dem Areal umzunutzen \u2013 sowohl gewerblich als auch f\u00fcr Wohnraum.<\/p>\n<p>Aus dem Projekt soll nun der Quartierplan erarbeitet werden. Voraussichtlich 2025 kann der Einwohnerrat den Quartierplan behandeln, erste Baugesuche werden 2027 gestellt. Mit dem Bezug der Gewerbe- und Wohnr\u00e4ume ist fr\u00fchestens 2030 zu rechnen. <em>(ah)<\/em><\/p>\n","protected":false},"excerpt":{"rendered":"<p>Auf dem 45.000 qm grossen Areal der ehemaligen Ziegelei Passavant-Iselin sollen Gewerbefl\u00e4chen und Wohnraum f\u00fcr bis zu 600 Menschen entstehen.<\/p>\n","protected":false},"author":3,"featured_media":53215,"comment_status":"closed","ping_status":"closed","sticky":false,"template":"","format":"standard","meta":{"_acf_changed":false,"_yoast_wpseo_focuskw":"Allschwil","_yoast_wpseo_title":"","_yoast_wpseo_metadesc":"Auf dem 45.000 qm grossen Areal der ehemaligen Ziegelei Passavant-Iselin sollen Gewerbefl\u00e4chen und Wohnraum f\u00fcr bis zu 600 Menschen entstehen.","_yoast_wpseo_linkdex":48,"pgc_sgb_lightbox_settings":"","footnotes":""},"categories":[985],"tags":[2170,1937,1272,1863],"class_list":["post-53214","post","type-post","status-publish","format-standard","has-post-thumbnail","hentry","category-regionen","tag-allschwil","tag-arealentwicklung","tag-gewerbeimmobilien","tag-wohnimmobilien"],"acf":[],"yoast_head":"<!-- This site is optimized with the Yoast SEO plugin v27.4 - https:\/\/yoast.com\/product\/yoast-seo-wordpress\/ -->\n<title>Allschwil: Areal Ziegelei Ost soll zum Quartier werden - IMMOBILIEN Business<\/title>\n<meta name=\"description\" content=\"Auf dem 45.000 qm grossen Areal der ehemaligen Ziegelei Passavant-Iselin sollen Gewerbefl\u00e4chen und Wohnraum f\u00fcr bis zu 600 Menschen entstehen.\" \/>\n<meta name=\"robots\" content=\"index, follow, max-snippet:-1, max-image-preview:large, max-video-preview:-1\" \/>\n<link rel=\"canonical\" href=\"https:\/\/www.immobilienbusiness.ch\/de\/regionen\/2023-09-07\/allschwil-areal-ziegelei-ost-soll-zum-quartier-werden\/\" \/>\n<meta property=\"og:locale\" content=\"de_DE\" \/>\n<meta property=\"og:type\" content=\"article\" \/>\n<meta property=\"og:title\" content=\"Allschwil: Areal Ziegelei Ost soll zum Quartier werden - IMMOBILIEN Business\" \/>\n<meta property=\"og:description\" content=\"Auf dem 45.000 qm grossen Areal der ehemaligen Ziegelei Passavant-Iselin sollen Gewerbefl\u00e4chen und Wohnraum f\u00fcr bis zu 600 Menschen entstehen.\" \/>\n<meta property=\"og:url\" content=\"https:\/\/www.immobilienbusiness.ch\/de\/regionen\/2023-09-07\/allschwil-areal-ziegelei-ost-soll-zum-quartier-werden\/\" \/>\n<meta property=\"og:site_name\" content=\"IMMOBILIEN Business\" \/>\n<meta property=\"article:publisher\" content=\"https:\/\/www.facebook.com\/immobilienbusiness\/\" \/>\n<meta property=\"article:published_time\" content=\"2023-09-07T07:21:35+00:00\" \/>\n<meta property=\"article:modified_time\" content=\"2023-09-07T07:33:00+00:00\" \/>\n<meta property=\"og:image\" content=\"https:\/\/www.immobilienbusiness.ch\/wp-content\/uploads\/2023\/09\/Ziegelei-Allschwil-Luftaufnahme-Panorama-Ausschnitt.jpg\" \/>\n\t<meta property=\"og:image:width\" content=\"1000\" \/>\n\t<meta property=\"og:image:height\" content=\"667\" \/>\n\t<meta property=\"og:image:type\" content=\"image\/jpeg\" \/>\n<meta name=\"author\" content=\"anja.hall\" \/>\n<meta name=\"twitter:card\" content=\"summary_large_image\" \/>\n<meta name=\"twitter:image\" content=\"https:\/\/www.immobilienbusiness.ch\/wp-content\/uploads\/2023\/09\/Ziegelei-Allschwil-Luftaufnahme-Panorama-Ausschnitt.jpg\" \/>\n<script type=\"application\/ld+json\" class=\"yoast-schema-graph\">{\"@context\":\"https:\\\/\\\/schema.org\",\"@graph\":[{\"@type\":\"Article\",\"@id\":\"https:\\\/\\\/www.immobilienbusiness.ch\\\/en\\\/regionen\\\/2023-09-07\\\/allschwil-areal-ziegelei-ost-soll-zum-quartier-werden\\\/#article\",\"isPartOf\":{\"@id\":\"https:\\\/\\\/www.immobilienbusiness.ch\\\/en\\\/regionen\\\/2023-09-07\\\/allschwil-areal-ziegelei-ost-soll-zum-quartier-werden\\\/\"},\"author\":{\"name\":\"anja.hall\",\"@id\":\"https:\\\/\\\/www.immobilienbusiness.ch\\\/#\\\/schema\\\/person\\\/3fc036297b10b9f42d6db5ee932af8c8\"},\"headline\":\"Allschwil: Areal Ziegelei Ost soll zum Quartier werden\",\"datePublished\":\"2023-09-07T07:21:35+00:00\",\"dateModified\":\"2023-09-07T07:33:00+00:00\",\"mainEntityOfPage\":{\"@id\":\"https:\\\/\\\/www.immobilienbusiness.ch\\\/en\\\/regionen\\\/2023-09-07\\\/allschwil-areal-ziegelei-ost-soll-zum-quartier-werden\\\/\"},\"wordCount\":211,\"publisher\":{\"@id\":\"https:\\\/\\\/www.immobilienbusiness.ch\\\/#organization\"},\"image\":{\"@id\":\"https:\\\/\\\/www.immobilienbusiness.ch\\\/en\\\/regionen\\\/2023-09-07\\\/allschwil-areal-ziegelei-ost-soll-zum-quartier-werden\\\/#primaryimage\"},\"thumbnailUrl\":\"https:\\\/\\\/www.immobilienbusiness.ch\\\/wp-content\\\/uploads\\\/2023\\\/09\\\/Ziegelei-Allschwil-Luftaufnahme-Panorama-Ausschnitt.jpg\",\"keywords\":[\"Allschwil\",\"Arealentwicklung\",\"Gewerbeimmobilien\",\"Wohnimmobilien\"],\"articleSection\":[\"REGIONEN\"],\"inLanguage\":\"de\"},{\"@type\":\"WebPage\",\"@id\":\"https:\\\/\\\/www.immobilienbusiness.ch\\\/en\\\/regionen\\\/2023-09-07\\\/allschwil-areal-ziegelei-ost-soll-zum-quartier-werden\\\/\",\"url\":\"https:\\\/\\\/www.immobilienbusiness.ch\\\/en\\\/regionen\\\/2023-09-07\\\/allschwil-areal-ziegelei-ost-soll-zum-quartier-werden\\\/\",\"name\":\"Allschwil: Areal Ziegelei Ost soll zum Quartier werden - IMMOBILIEN Business\",\"isPartOf\":{\"@id\":\"https:\\\/\\\/www.immobilienbusiness.ch\\\/#website\"},\"primaryImageOfPage\":{\"@id\":\"https:\\\/\\\/www.immobilienbusiness.ch\\\/en\\\/regionen\\\/2023-09-07\\\/allschwil-areal-ziegelei-ost-soll-zum-quartier-werden\\\/#primaryimage\"},\"image\":{\"@id\":\"https:\\\/\\\/www.immobilienbusiness.ch\\\/en\\\/regionen\\\/2023-09-07\\\/allschwil-areal-ziegelei-ost-soll-zum-quartier-werden\\\/#primaryimage\"},\"thumbnailUrl\":\"https:\\\/\\\/www.immobilienbusiness.ch\\\/wp-content\\\/uploads\\\/2023\\\/09\\\/Ziegelei-Allschwil-Luftaufnahme-Panorama-Ausschnitt.jpg\",\"datePublished\":\"2023-09-07T07:21:35+00:00\",\"dateModified\":\"2023-09-07T07:33:00+00:00\",\"description\":\"Auf dem 45.000 qm grossen Areal der ehemaligen Ziegelei Passavant-Iselin sollen Gewerbefl\u00e4chen und Wohnraum f\u00fcr bis zu 600 Menschen entstehen.\",\"breadcrumb\":{\"@id\":\"https:\\\/\\\/www.immobilienbusiness.ch\\\/en\\\/regionen\\\/2023-09-07\\\/allschwil-areal-ziegelei-ost-soll-zum-quartier-werden\\\/#breadcrumb\"},\"inLanguage\":\"de\",\"potentialAction\":[{\"@type\":\"ReadAction\",\"target\":[\"https:\\\/\\\/www.immobilienbusiness.ch\\\/en\\\/regionen\\\/2023-09-07\\\/allschwil-areal-ziegelei-ost-soll-zum-quartier-werden\\\/\"]}]},{\"@type\":\"ImageObject\",\"inLanguage\":\"de\",\"@id\":\"https:\\\/\\\/www.immobilienbusiness.ch\\\/en\\\/regionen\\\/2023-09-07\\\/allschwil-areal-ziegelei-ost-soll-zum-quartier-werden\\\/#primaryimage\",\"url\":\"https:\\\/\\\/www.immobilienbusiness.ch\\\/wp-content\\\/uploads\\\/2023\\\/09\\\/Ziegelei-Allschwil-Luftaufnahme-Panorama-Ausschnitt.jpg\",\"contentUrl\":\"https:\\\/\\\/www.immobilienbusiness.ch\\\/wp-content\\\/uploads\\\/2023\\\/09\\\/Ziegelei-Allschwil-Luftaufnahme-Panorama-Ausschnitt.jpg\",\"width\":1000,\"height\":667,\"caption\":\"Das Areal der Ziegelei in Allschwill soll \u00fcberbaut werden (Quelle: ziegelei-ost.ch)\"},{\"@type\":\"BreadcrumbList\",\"@id\":\"https:\\\/\\\/www.immobilienbusiness.ch\\\/en\\\/regionen\\\/2023-09-07\\\/allschwil-areal-ziegelei-ost-soll-zum-quartier-werden\\\/#breadcrumb\",\"itemListElement\":[{\"@type\":\"ListItem\",\"position\":1,\"name\":\"Home\",\"item\":\"https:\\\/\\\/www.immobilienbusiness.ch\\\/\"},{\"@type\":\"ListItem\",\"position\":2,\"name\":\"Allschwil: Areal Ziegelei Ost soll zum Quartier werden\"}]},{\"@type\":\"WebSite\",\"@id\":\"https:\\\/\\\/www.immobilienbusiness.ch\\\/#website\",\"url\":\"https:\\\/\\\/www.immobilienbusiness.ch\\\/\",\"name\":\"IMMOBILIEN Business\",\"description\":\"Unabh\u00e4ngiges Schweizer Wirtschaftsmagazin mit Fokus auf Immobilien, Architektur- und Bau sowie Investment- und Finanzierung.\",\"publisher\":{\"@id\":\"https:\\\/\\\/www.immobilienbusiness.ch\\\/#organization\"},\"potentialAction\":[{\"@type\":\"SearchAction\",\"target\":{\"@type\":\"EntryPoint\",\"urlTemplate\":\"https:\\\/\\\/www.immobilienbusiness.ch\\\/?s={search_term_string}\"},\"query-input\":{\"@type\":\"PropertyValueSpecification\",\"valueRequired\":true,\"valueName\":\"search_term_string\"}}],\"inLanguage\":\"de\"},{\"@type\":\"Organization\",\"@id\":\"https:\\\/\\\/www.immobilienbusiness.ch\\\/#organization\",\"name\":\"IMMOBILIEN Business\",\"url\":\"https:\\\/\\\/www.immobilienbusiness.ch\\\/\",\"logo\":{\"@type\":\"ImageObject\",\"inLanguage\":\"de\",\"@id\":\"https:\\\/\\\/www.immobilienbusiness.ch\\\/#\\\/schema\\\/logo\\\/image\\\/\",\"url\":\"https:\\\/\\\/www.immobilienbusiness.ch\\\/wp-content\\\/uploads\\\/2021\\\/07\\\/logo_ib.png\",\"contentUrl\":\"https:\\\/\\\/www.immobilienbusiness.ch\\\/wp-content\\\/uploads\\\/2021\\\/07\\\/logo_ib.png\",\"width\":800,\"height\":181,\"caption\":\"IMMOBILIEN Business\"},\"image\":{\"@id\":\"https:\\\/\\\/www.immobilienbusiness.ch\\\/#\\\/schema\\\/logo\\\/image\\\/\"},\"sameAs\":[\"https:\\\/\\\/www.facebook.com\\\/immobilienbusiness\\\/\"]},{\"@type\":\"Person\",\"@id\":\"https:\\\/\\\/www.immobilienbusiness.ch\\\/#\\\/schema\\\/person\\\/3fc036297b10b9f42d6db5ee932af8c8\",\"name\":\"anja.hall\",\"image\":{\"@type\":\"ImageObject\",\"inLanguage\":\"de\",\"@id\":\"https:\\\/\\\/secure.gravatar.com\\\/avatar\\\/066b5a0d447013502c71a5782f4f3469f03cfe595cc2329fb94652fe47511bfb?s=96&d=mm&r=g\",\"url\":\"https:\\\/\\\/secure.gravatar.com\\\/avatar\\\/066b5a0d447013502c71a5782f4f3469f03cfe595cc2329fb94652fe47511bfb?s=96&d=mm&r=g\",\"contentUrl\":\"https:\\\/\\\/secure.gravatar.com\\\/avatar\\\/066b5a0d447013502c71a5782f4f3469f03cfe595cc2329fb94652fe47511bfb?s=96&d=mm&r=g\",\"caption\":\"anja.hall\"},\"url\":\"https:\\\/\\\/www.immobilienbusiness.ch\\\/de\\\/author\\\/anja-hall\\\/\"}]}<\/script>\n<!-- \/ Yoast SEO plugin. -->","yoast_head_json":{"title":"Allschwil: Areal Ziegelei Ost soll zum Quartier werden - IMMOBILIEN Business","description":"Auf dem 45.000 qm grossen Areal der ehemaligen Ziegelei Passavant-Iselin sollen Gewerbefl\u00e4chen und Wohnraum f\u00fcr bis zu 600 Menschen entstehen.","robots":{"index":"index","follow":"follow","max-snippet":"max-snippet:-1","max-image-preview":"max-image-preview:large","max-video-preview":"max-video-preview:-1"},"canonical":"https:\/\/www.immobilienbusiness.ch\/de\/regionen\/2023-09-07\/allschwil-areal-ziegelei-ost-soll-zum-quartier-werden\/","og_locale":"de_DE","og_type":"article","og_title":"Allschwil: Areal Ziegelei Ost soll zum Quartier werden - IMMOBILIEN Business","og_description":"Auf dem 45.000 qm grossen Areal der ehemaligen Ziegelei Passavant-Iselin sollen Gewerbefl\u00e4chen und Wohnraum f\u00fcr bis zu 600 Menschen entstehen.","og_url":"https:\/\/www.immobilienbusiness.ch\/de\/regionen\/2023-09-07\/allschwil-areal-ziegelei-ost-soll-zum-quartier-werden\/","og_site_name":"IMMOBILIEN Business","article_publisher":"https:\/\/www.facebook.com\/immobilienbusiness\/","article_published_time":"2023-09-07T07:21:35+00:00","article_modified_time":"2023-09-07T07:33:00+00:00","og_image":[{"width":1000,"height":667,"url":"https:\/\/www.immobilienbusiness.ch\/wp-content\/uploads\/2023\/09\/Ziegelei-Allschwil-Luftaufnahme-Panorama-Ausschnitt.jpg","type":"image\/jpeg"}],"author":"anja.hall","twitter_card":"summary_large_image","twitter_image":"https:\/\/www.immobilienbusiness.ch\/wp-content\/uploads\/2023\/09\/Ziegelei-Allschwil-Luftaufnahme-Panorama-Ausschnitt.jpg","schema":{"@context":"https:\/\/schema.org","@graph":[{"@type":"Article","@id":"https:\/\/www.immobilienbusiness.ch\/en\/regionen\/2023-09-07\/allschwil-areal-ziegelei-ost-soll-zum-quartier-werden\/#article","isPartOf":{"@id":"https:\/\/www.immobilienbusiness.ch\/en\/regionen\/2023-09-07\/allschwil-areal-ziegelei-ost-soll-zum-quartier-werden\/"},"author":{"name":"anja.hall","@id":"https:\/\/www.immobilienbusiness.ch\/#\/schema\/person\/3fc036297b10b9f42d6db5ee932af8c8"},"headline":"Allschwil: Areal Ziegelei Ost soll zum Quartier werden","datePublished":"2023-09-07T07:21:35+00:00","dateModified":"2023-09-07T07:33:00+00:00","mainEntityOfPage":{"@id":"https:\/\/www.immobilienbusiness.ch\/en\/regionen\/2023-09-07\/allschwil-areal-ziegelei-ost-soll-zum-quartier-werden\/"},"wordCount":211,"publisher":{"@id":"https:\/\/www.immobilienbusiness.ch\/#organization"},"image":{"@id":"https:\/\/www.immobilienbusiness.ch\/en\/regionen\/2023-09-07\/allschwil-areal-ziegelei-ost-soll-zum-quartier-werden\/#primaryimage"},"thumbnailUrl":"https:\/\/www.immobilienbusiness.ch\/wp-content\/uploads\/2023\/09\/Ziegelei-Allschwil-Luftaufnahme-Panorama-Ausschnitt.jpg","keywords":["Allschwil","Arealentwicklung","Gewerbeimmobilien","Wohnimmobilien"],"articleSection":["REGIONEN"],"inLanguage":"de"},{"@type":"WebPage","@id":"https:\/\/www.immobilienbusiness.ch\/en\/regionen\/2023-09-07\/allschwil-areal-ziegelei-ost-soll-zum-quartier-werden\/","url":"https:\/\/www.immobilienbusiness.ch\/en\/regionen\/2023-09-07\/allschwil-areal-ziegelei-ost-soll-zum-quartier-werden\/","name":"Allschwil: Areal Ziegelei Ost soll zum Quartier werden - IMMOBILIEN Business","isPartOf":{"@id":"https:\/\/www.immobilienbusiness.ch\/#website"},"primaryImageOfPage":{"@id":"https:\/\/www.immobilienbusiness.ch\/en\/regionen\/2023-09-07\/allschwil-areal-ziegelei-ost-soll-zum-quartier-werden\/#primaryimage"},"image":{"@id":"https:\/\/www.immobilienbusiness.ch\/en\/regionen\/2023-09-07\/allschwil-areal-ziegelei-ost-soll-zum-quartier-werden\/#primaryimage"},"thumbnailUrl":"https:\/\/www.immobilienbusiness.ch\/wp-content\/uploads\/2023\/09\/Ziegelei-Allschwil-Luftaufnahme-Panorama-Ausschnitt.jpg","datePublished":"2023-09-07T07:21:35+00:00","dateModified":"2023-09-07T07:33:00+00:00","description":"Auf dem 45.000 qm grossen Areal der ehemaligen Ziegelei Passavant-Iselin sollen Gewerbefl\u00e4chen und Wohnraum f\u00fcr bis zu 600 Menschen entstehen.","breadcrumb":{"@id":"https:\/\/www.immobilienbusiness.ch\/en\/regionen\/2023-09-07\/allschwil-areal-ziegelei-ost-soll-zum-quartier-werden\/#breadcrumb"},"inLanguage":"de","potentialAction":[{"@type":"ReadAction","target":["https:\/\/www.immobilienbusiness.ch\/en\/regionen\/2023-09-07\/allschwil-areal-ziegelei-ost-soll-zum-quartier-werden\/"]}]},{"@type":"ImageObject","inLanguage":"de","@id":"https:\/\/www.immobilienbusiness.ch\/en\/regionen\/2023-09-07\/allschwil-areal-ziegelei-ost-soll-zum-quartier-werden\/#primaryimage","url":"https:\/\/www.immobilienbusiness.ch\/wp-content\/uploads\/2023\/09\/Ziegelei-Allschwil-Luftaufnahme-Panorama-Ausschnitt.jpg","contentUrl":"https:\/\/www.immobilienbusiness.ch\/wp-content\/uploads\/2023\/09\/Ziegelei-Allschwil-Luftaufnahme-Panorama-Ausschnitt.jpg","width":1000,"height":667,"caption":"Das Areal der Ziegelei in Allschwill soll \u00fcberbaut werden (Quelle: ziegelei-ost.ch)"},{"@type":"BreadcrumbList","@id":"https:\/\/www.immobilienbusiness.ch\/en\/regionen\/2023-09-07\/allschwil-areal-ziegelei-ost-soll-zum-quartier-werden\/#breadcrumb","itemListElement":[{"@type":"ListItem","position":1,"name":"Home","item":"https:\/\/www.immobilienbusiness.ch\/"},{"@type":"ListItem","position":2,"name":"Allschwil: Areal Ziegelei Ost soll zum Quartier werden"}]},{"@type":"WebSite","@id":"https:\/\/www.immobilienbusiness.ch\/#website","url":"https:\/\/www.immobilienbusiness.ch\/","name":"IMMOBILIEN Business","description":"Unabh\u00e4ngiges Schweizer Wirtschaftsmagazin mit Fokus auf Immobilien, Architektur- und Bau sowie Investment- und Finanzierung.","publisher":{"@id":"https:\/\/www.immobilienbusiness.ch\/#organization"},"potentialAction":[{"@type":"SearchAction","target":{"@type":"EntryPoint","urlTemplate":"https:\/\/www.immobilienbusiness.ch\/?s={search_term_string}"},"query-input":{"@type":"PropertyValueSpecification","valueRequired":true,"valueName":"search_term_string"}}],"inLanguage":"de"},{"@type":"Organization","@id":"https:\/\/www.immobilienbusiness.ch\/#organization","name":"IMMOBILIEN Business","url":"https:\/\/www.immobilienbusiness.ch\/","logo":{"@type":"ImageObject","inLanguage":"de","@id":"https:\/\/www.immobilienbusiness.ch\/#\/schema\/logo\/image\/","url":"https:\/\/www.immobilienbusiness.ch\/wp-content\/uploads\/2021\/07\/logo_ib.png","contentUrl":"https:\/\/www.immobilienbusiness.ch\/wp-content\/uploads\/2021\/07\/logo_ib.png","width":800,"height":181,"caption":"IMMOBILIEN Business"},"image":{"@id":"https:\/\/www.immobilienbusiness.ch\/#\/schema\/logo\/image\/"},"sameAs":["https:\/\/www.facebook.com\/immobilienbusiness\/"]},{"@type":"Person","@id":"https:\/\/www.immobilienbusiness.ch\/#\/schema\/person\/3fc036297b10b9f42d6db5ee932af8c8","name":"anja.hall","image":{"@type":"ImageObject","inLanguage":"de","@id":"https:\/\/secure.gravatar.com\/avatar\/066b5a0d447013502c71a5782f4f3469f03cfe595cc2329fb94652fe47511bfb?s=96&d=mm&r=g","url":"https:\/\/secure.gravatar.com\/avatar\/066b5a0d447013502c71a5782f4f3469f03cfe595cc2329fb94652fe47511bfb?s=96&d=mm&r=g","contentUrl":"https:\/\/secure.gravatar.com\/avatar\/066b5a0d447013502c71a5782f4f3469f03cfe595cc2329fb94652fe47511bfb?s=96&d=mm&r=g","caption":"anja.hall"},"url":"https:\/\/www.immobilienbusiness.ch\/de\/author\/anja-hall\/"}]}},"_links":{"self":[{"href":"https:\/\/www.immobilienbusiness.ch\/de\/wp-json\/wp\/v2\/posts\/53214","targetHints":{"allow":["GET"]}}],"collection":[{"href":"https:\/\/www.immobilienbusiness.ch\/de\/wp-json\/wp\/v2\/posts"}],"about":[{"href":"https:\/\/www.immobilienbusiness.ch\/de\/wp-json\/wp\/v2\/types\/post"}],"author":[{"embeddable":true,"href":"https:\/\/www.immobilienbusiness.ch\/de\/wp-json\/wp\/v2\/users\/3"}],"replies":[{"embeddable":true,"href":"https:\/\/www.immobilienbusiness.ch\/de\/wp-json\/wp\/v2\/comments?post=53214"}],"version-history":[{"count":2,"href":"https:\/\/www.immobilienbusiness.ch\/de\/wp-json\/wp\/v2\/posts\/53214\/revisions"}],"predecessor-version":[{"id":53217,"href":"https:\/\/www.immobilienbusiness.ch\/de\/wp-json\/wp\/v2\/posts\/53214\/revisions\/53217"}],"wp:featuredmedia":[{"embeddable":true,"href":"https:\/\/www.immobilienbusiness.ch\/de\/wp-json\/wp\/v2\/media\/53215"}],"wp:attachment":[{"href":"https:\/\/www.immobilienbusiness.ch\/de\/wp-json\/wp\/v2\/media?parent=53214"}],"wp:term":[{"taxonomy":"category","embeddable":true,"href":"https:\/\/www.immobilienbusiness.ch\/de\/wp-json\/wp\/v2\/categories?post=53214"},{"taxonomy":"post_tag","embeddable":true,"href":"https:\/\/www.immobilienbusiness.ch\/de\/wp-json\/wp\/v2\/tags?post=53214"}],"curies":[{"name":"wp","href":"https:\/\/api.w.org\/{rel}","templated":true}]}}