{"id":52923,"date":"2023-08-24T07:45:12","date_gmt":"2023-08-24T05:45:12","guid":{"rendered":"https:\/\/www.immobilienbusiness.ch\/?p=52923"},"modified":"2023-08-24T09:37:04","modified_gmt":"2023-08-24T07:37:04","slug":"abwertung-drueckt-peach-property-im-ersten-halbjahr-2023-in-die-roten-zahlen","status":"publish","type":"post","link":"https:\/\/www.immobilienbusiness.ch\/de\/unternehmen\/2023-08-24\/abwertung-drueckt-peach-property-im-ersten-halbjahr-2023-in-die-roten-zahlen\/","title":{"rendered":"Abwertung dr\u00fcckt Peach Property im ersten Halbjahr 2023 in die roten Zahlen"},"content":{"rendered":"<figure id=\"attachment_15533\" aria-describedby=\"caption-attachment-15533\" style=\"width: 1000px\" class=\"wp-caption alignnone\"><a href=\"https:\/\/www.immobilienbusiness.ch\/wp-content\/uploads\/2019\/01\/Depositphotos_79481102_m-2015.jpg\"><img loading=\"lazy\" decoding=\"async\" class=\"size-full wp-image-15533\" src=\"https:\/\/www.immobilienbusiness.ch\/wp-content\/uploads\/2019\/01\/Depositphotos_79481102_m-2015.jpg\" alt=\"Europafonds der Swiss Life\" width=\"1000\" height=\"662\" srcset=\"https:\/\/www.immobilienbusiness.ch\/wp-content\/uploads\/2019\/01\/Depositphotos_79481102_m-2015.jpg 1000w, https:\/\/www.immobilienbusiness.ch\/wp-content\/uploads\/2019\/01\/Depositphotos_79481102_m-2015-300x199.jpg 300w, https:\/\/www.immobilienbusiness.ch\/wp-content\/uploads\/2019\/01\/Depositphotos_79481102_m-2015-768x508.jpg 768w, https:\/\/www.immobilienbusiness.ch\/wp-content\/uploads\/2019\/01\/Depositphotos_79481102_m-2015-16x12.jpg 16w, https:\/\/www.immobilienbusiness.ch\/wp-content\/uploads\/2019\/01\/Depositphotos_79481102_m-2015-264x175.jpg 264w, https:\/\/www.immobilienbusiness.ch\/wp-content\/uploads\/2019\/01\/Depositphotos_79481102_m-2015-529x350.jpg 529w, https:\/\/www.immobilienbusiness.ch\/wp-content\/uploads\/2019\/01\/Depositphotos_79481102_m-2015-920x609.jpg 920w\" sizes=\"auto, (max-width: 1000px) 100vw, 1000px\" \/><\/a><figcaption id=\"caption-attachment-15533\" class=\"wp-caption-text\">Peach Property hat im ersten Halbjahr 2023 hohe Verluste gemacht (Bild: Photocreo &#8211; depositphotos)<\/figcaption><\/figure>\n<p>Die auf g\u00fcnstige Mietwohnungen in Deutschland fokussierte Peach Property Group hat im ersten Halbjahr 2023 die Mietertr\u00e4ge gesteigert. Allerdings musste Peach eine nicht zahlungswirksame Abwertung von 98 Mio. Euro verbuchen und rutschte dadurch in die roten Zahlen: Das Betriebsergebnis lag bei -70,2 Mio. Euro (Vj: 101,0 Mio. Euro) und das Vorsteuerergebnis (EBT) bei \u2013 92,1 Mio. Euro (Vj: 61,2 Mio. Euro)<\/p>\n<p>Peach h\u00e4lt ein Gesamtportfolio von 27.500 Wohn- und 500 Gewerbeeinheiten, aus dem die Gesellschaft Mietertr\u00e4ge von 59,8 Mio. Euro (+3,6 Prozent auf like-for-like Basis) generiert. Die Leerstandsquote lag bei 7,2%. Die operativen Ertr\u00e4ge (FFO I) erreichten 9,5 Mio. Euro, ein Plus von 9%.<\/p>\n<h3>Teilverk\u00e4ufe werden gepr\u00fcft<\/h3>\n<p>Man sei fokussiert darauf, die Kapitalstruktur des Unternehmens an die Zinswende anzupassen, teilt Peach mit. Die Eigenkapitalquote lag zum Stichtag 30. Juni bei 40,1% (Ende 2022: 39,6%). Der Verschuldungsgrad (LTV) lag mit 55,0% leicht \u00fcber dem Wert von Ende 2022 (54,7%). Man arbeite \u00abaktiv an der Refinanzierung der Verbindlichkeiten\u00bb, so Peach. Mitte August 2023 habe man eine weitere besicherte Finanzierung \u00fcber 33 Mio. Euro abgeschlossen, und bis 2025 st\u00fcnden keine substanziellen Verbindlichkeiten zur Refinanzierung an.<\/p>\n<p>Zur St\u00e4rkung der Kapitalstruktur pr\u00fcfe man Verk\u00e4ufe kleinerer Teile des Portfolios: \u00abSollten sich M\u00f6glichkeiten zur Ver\u00e4usserung von Immobilienportfolios ausserhalb unserer Kernportfoliostandorte ergeben, werden wir diese vor dem Hintergrund eines effizienten Asset Managements und der Optimierung unserer Kapitalstruktur sorgf\u00e4ltig pr\u00fcfen\u00bb, sagt Reto Garzetti, exekutiver Verwaltungsratspr\u00e4sident.<\/p>\n<h3>Vorstand best\u00e4tigt die Prognose<\/h3>\n<p>F\u00fcr das Gesamtjahr geht Peach von einer positiven operativen Gesch\u00e4ftsentwicklung aus. Mit seinem Fokus auf erschwinglichen Wohnraum sieht sich das Unternehmen gut positioniert. Bei gleichbleibendem Marktumfeld erwartet Peach, die Anfang des Jahres genannten Ziele zu erreichen: Die Mieteinnahmen w\u00fcrden zwischen 121 und 123 Mio. Euro liegen, der FFO I am unteren Ende der Spanne von 21 Mio. bis 23 Mio. Euro.<\/p>\n","protected":false},"excerpt":{"rendered":"<p>Die Immobiliengesellschaft hat eine Abwertung von fast 100 Mio. Euro zu verbuchen. Um die Kapitalstruktur zu st\u00e4rken, werden kleinere Verk\u00e4ufe gepr\u00fcft. <\/p>\n","protected":false},"author":3,"featured_media":15533,"comment_status":"closed","ping_status":"closed","sticky":false,"template":"","format":"standard","meta":{"_acf_changed":false,"_yoast_wpseo_focuskw":"Peach","_yoast_wpseo_title":"","_yoast_wpseo_metadesc":"","_yoast_wpseo_linkdex":56,"pgc_sgb_lightbox_settings":"","footnotes":""},"categories":[988],"tags":[1290,1558],"class_list":["post-52923","post","type-post","status-publish","format-standard","has-post-thumbnail","hentry","category-unternehmen","tag-halbjahresergebnis","tag-peach-property"],"acf":[],"yoast_head":"<!-- This site is optimized with the Yoast SEO plugin v27.5 - https:\/\/yoast.com\/product\/yoast-seo-wordpress\/ -->\n<title>Abwertung dr\u00fcckt Peach Property im ersten Halbjahr 2023 in die roten Zahlen - IMMOBILIEN Business<\/title>\n<meta name=\"robots\" content=\"index, follow, max-snippet:-1, max-image-preview:large, max-video-preview:-1\" \/>\n<link rel=\"canonical\" href=\"https:\/\/www.immobilienbusiness.ch\/de\/unternehmen\/2023-08-24\/abwertung-drueckt-peach-property-im-ersten-halbjahr-2023-in-die-roten-zahlen\/\" \/>\n<meta property=\"og:locale\" content=\"de_DE\" \/>\n<meta property=\"og:type\" content=\"article\" \/>\n<meta property=\"og:title\" content=\"Abwertung dr\u00fcckt Peach Property im ersten Halbjahr 2023 in die roten Zahlen - IMMOBILIEN Business\" \/>\n<meta property=\"og:description\" content=\"Die Immobiliengesellschaft hat eine Abwertung von fast 100 Mio. Euro zu verbuchen. Um die Kapitalstruktur zu st\u00e4rken, werden kleinere Verk\u00e4ufe gepr\u00fcft.\" \/>\n<meta property=\"og:url\" content=\"https:\/\/www.immobilienbusiness.ch\/de\/unternehmen\/2023-08-24\/abwertung-drueckt-peach-property-im-ersten-halbjahr-2023-in-die-roten-zahlen\/\" \/>\n<meta property=\"og:site_name\" content=\"IMMOBILIEN Business\" \/>\n<meta property=\"article:publisher\" content=\"https:\/\/www.facebook.com\/immobilienbusiness\/\" \/>\n<meta property=\"article:published_time\" content=\"2023-08-24T05:45:12+00:00\" \/>\n<meta property=\"article:modified_time\" content=\"2023-08-24T07:37:04+00:00\" \/>\n<meta property=\"og:image\" content=\"https:\/\/www.immobilienbusiness.ch\/wp-content\/uploads\/2019\/01\/Depositphotos_79481102_m-2015.jpg\" \/>\n\t<meta property=\"og:image:width\" content=\"1000\" \/>\n\t<meta property=\"og:image:height\" content=\"662\" \/>\n\t<meta property=\"og:image:type\" content=\"image\/jpeg\" \/>\n<meta name=\"author\" content=\"anja.hall\" \/>\n<meta name=\"twitter:card\" content=\"summary_large_image\" \/>\n<meta name=\"twitter:image\" content=\"https:\/\/www.immobilienbusiness.ch\/wp-content\/uploads\/2019\/01\/Depositphotos_79481102_m-2015.jpg\" \/>\n<script type=\"application\/ld+json\" class=\"yoast-schema-graph\">{\"@context\":\"https:\\\/\\\/schema.org\",\"@graph\":[{\"@type\":\"Article\",\"@id\":\"https:\\\/\\\/www.immobilienbusiness.ch\\\/en\\\/unternehmen\\\/2023-08-24\\\/abwertung-drueckt-peach-property-im-ersten-halbjahr-2023-in-die-roten-zahlen\\\/#article\",\"isPartOf\":{\"@id\":\"https:\\\/\\\/www.immobilienbusiness.ch\\\/en\\\/unternehmen\\\/2023-08-24\\\/abwertung-drueckt-peach-property-im-ersten-halbjahr-2023-in-die-roten-zahlen\\\/\"},\"author\":{\"name\":\"anja.hall\",\"@id\":\"https:\\\/\\\/www.immobilienbusiness.ch\\\/#\\\/schema\\\/person\\\/3fc036297b10b9f42d6db5ee932af8c8\"},\"headline\":\"Abwertung dr\u00fcckt Peach Property im ersten Halbjahr 2023 in die roten Zahlen\",\"datePublished\":\"2023-08-24T05:45:12+00:00\",\"dateModified\":\"2023-08-24T07:37:04+00:00\",\"mainEntityOfPage\":{\"@id\":\"https:\\\/\\\/www.immobilienbusiness.ch\\\/en\\\/unternehmen\\\/2023-08-24\\\/abwertung-drueckt-peach-property-im-ersten-halbjahr-2023-in-die-roten-zahlen\\\/\"},\"wordCount\":316,\"publisher\":{\"@id\":\"https:\\\/\\\/www.immobilienbusiness.ch\\\/#organization\"},\"image\":{\"@id\":\"https:\\\/\\\/www.immobilienbusiness.ch\\\/en\\\/unternehmen\\\/2023-08-24\\\/abwertung-drueckt-peach-property-im-ersten-halbjahr-2023-in-die-roten-zahlen\\\/#primaryimage\"},\"thumbnailUrl\":\"https:\\\/\\\/www.immobilienbusiness.ch\\\/wp-content\\\/uploads\\\/2019\\\/01\\\/Depositphotos_79481102_m-2015.jpg\",\"keywords\":[\"Halbjahresergebnis\",\"Peach Property\"],\"articleSection\":[\"UNTERNEHMEN\"],\"inLanguage\":\"de\"},{\"@type\":\"WebPage\",\"@id\":\"https:\\\/\\\/www.immobilienbusiness.ch\\\/en\\\/unternehmen\\\/2023-08-24\\\/abwertung-drueckt-peach-property-im-ersten-halbjahr-2023-in-die-roten-zahlen\\\/\",\"url\":\"https:\\\/\\\/www.immobilienbusiness.ch\\\/en\\\/unternehmen\\\/2023-08-24\\\/abwertung-drueckt-peach-property-im-ersten-halbjahr-2023-in-die-roten-zahlen\\\/\",\"name\":\"Abwertung dr\u00fcckt Peach Property im ersten Halbjahr 2023 in die roten Zahlen - IMMOBILIEN Business\",\"isPartOf\":{\"@id\":\"https:\\\/\\\/www.immobilienbusiness.ch\\\/#website\"},\"primaryImageOfPage\":{\"@id\":\"https:\\\/\\\/www.immobilienbusiness.ch\\\/en\\\/unternehmen\\\/2023-08-24\\\/abwertung-drueckt-peach-property-im-ersten-halbjahr-2023-in-die-roten-zahlen\\\/#primaryimage\"},\"image\":{\"@id\":\"https:\\\/\\\/www.immobilienbusiness.ch\\\/en\\\/unternehmen\\\/2023-08-24\\\/abwertung-drueckt-peach-property-im-ersten-halbjahr-2023-in-die-roten-zahlen\\\/#primaryimage\"},\"thumbnailUrl\":\"https:\\\/\\\/www.immobilienbusiness.ch\\\/wp-content\\\/uploads\\\/2019\\\/01\\\/Depositphotos_79481102_m-2015.jpg\",\"datePublished\":\"2023-08-24T05:45:12+00:00\",\"dateModified\":\"2023-08-24T07:37:04+00:00\",\"breadcrumb\":{\"@id\":\"https:\\\/\\\/www.immobilienbusiness.ch\\\/en\\\/unternehmen\\\/2023-08-24\\\/abwertung-drueckt-peach-property-im-ersten-halbjahr-2023-in-die-roten-zahlen\\\/#breadcrumb\"},\"inLanguage\":\"de\",\"potentialAction\":[{\"@type\":\"ReadAction\",\"target\":[\"https:\\\/\\\/www.immobilienbusiness.ch\\\/en\\\/unternehmen\\\/2023-08-24\\\/abwertung-drueckt-peach-property-im-ersten-halbjahr-2023-in-die-roten-zahlen\\\/\"]}]},{\"@type\":\"ImageObject\",\"inLanguage\":\"de\",\"@id\":\"https:\\\/\\\/www.immobilienbusiness.ch\\\/en\\\/unternehmen\\\/2023-08-24\\\/abwertung-drueckt-peach-property-im-ersten-halbjahr-2023-in-die-roten-zahlen\\\/#primaryimage\",\"url\":\"https:\\\/\\\/www.immobilienbusiness.ch\\\/wp-content\\\/uploads\\\/2019\\\/01\\\/Depositphotos_79481102_m-2015.jpg\",\"contentUrl\":\"https:\\\/\\\/www.immobilienbusiness.ch\\\/wp-content\\\/uploads\\\/2019\\\/01\\\/Depositphotos_79481102_m-2015.jpg\",\"width\":1000,\"height\":662,\"caption\":\"Die Swiss Prime AST hat Halbjahreszahlen f\u00fcr ihre Anlagegruppen vorgelegt (Bild: Photocreo - depositphotos)\"},{\"@type\":\"BreadcrumbList\",\"@id\":\"https:\\\/\\\/www.immobilienbusiness.ch\\\/en\\\/unternehmen\\\/2023-08-24\\\/abwertung-drueckt-peach-property-im-ersten-halbjahr-2023-in-die-roten-zahlen\\\/#breadcrumb\",\"itemListElement\":[{\"@type\":\"ListItem\",\"position\":1,\"name\":\"Home\",\"item\":\"https:\\\/\\\/www.immobilienbusiness.ch\\\/\"},{\"@type\":\"ListItem\",\"position\":2,\"name\":\"Abwertung dr\u00fcckt Peach Property im ersten Halbjahr 2023 in die roten Zahlen\"}]},{\"@type\":\"WebSite\",\"@id\":\"https:\\\/\\\/www.immobilienbusiness.ch\\\/#website\",\"url\":\"https:\\\/\\\/www.immobilienbusiness.ch\\\/\",\"name\":\"IMMOBILIEN Business\",\"description\":\"Unabh\u00e4ngiges Schweizer Wirtschaftsmagazin mit Fokus auf Immobilien, Architektur- und Bau sowie Investment- und Finanzierung.\",\"publisher\":{\"@id\":\"https:\\\/\\\/www.immobilienbusiness.ch\\\/#organization\"},\"potentialAction\":[{\"@type\":\"SearchAction\",\"target\":{\"@type\":\"EntryPoint\",\"urlTemplate\":\"https:\\\/\\\/www.immobilienbusiness.ch\\\/?s={search_term_string}\"},\"query-input\":{\"@type\":\"PropertyValueSpecification\",\"valueRequired\":true,\"valueName\":\"search_term_string\"}}],\"inLanguage\":\"de\"},{\"@type\":\"Organization\",\"@id\":\"https:\\\/\\\/www.immobilienbusiness.ch\\\/#organization\",\"name\":\"IMMOBILIEN Business\",\"url\":\"https:\\\/\\\/www.immobilienbusiness.ch\\\/\",\"logo\":{\"@type\":\"ImageObject\",\"inLanguage\":\"de\",\"@id\":\"https:\\\/\\\/www.immobilienbusiness.ch\\\/#\\\/schema\\\/logo\\\/image\\\/\",\"url\":\"https:\\\/\\\/www.immobilienbusiness.ch\\\/wp-content\\\/uploads\\\/2021\\\/07\\\/logo_ib.png\",\"contentUrl\":\"https:\\\/\\\/www.immobilienbusiness.ch\\\/wp-content\\\/uploads\\\/2021\\\/07\\\/logo_ib.png\",\"width\":800,\"height\":181,\"caption\":\"IMMOBILIEN Business\"},\"image\":{\"@id\":\"https:\\\/\\\/www.immobilienbusiness.ch\\\/#\\\/schema\\\/logo\\\/image\\\/\"},\"sameAs\":[\"https:\\\/\\\/www.facebook.com\\\/immobilienbusiness\\\/\"]},{\"@type\":\"Person\",\"@id\":\"https:\\\/\\\/www.immobilienbusiness.ch\\\/#\\\/schema\\\/person\\\/3fc036297b10b9f42d6db5ee932af8c8\",\"name\":\"anja.hall\",\"image\":{\"@type\":\"ImageObject\",\"inLanguage\":\"de\",\"@id\":\"https:\\\/\\\/secure.gravatar.com\\\/avatar\\\/066b5a0d447013502c71a5782f4f3469f03cfe595cc2329fb94652fe47511bfb?s=96&d=mm&r=g\",\"url\":\"https:\\\/\\\/secure.gravatar.com\\\/avatar\\\/066b5a0d447013502c71a5782f4f3469f03cfe595cc2329fb94652fe47511bfb?s=96&d=mm&r=g\",\"contentUrl\":\"https:\\\/\\\/secure.gravatar.com\\\/avatar\\\/066b5a0d447013502c71a5782f4f3469f03cfe595cc2329fb94652fe47511bfb?s=96&d=mm&r=g\",\"caption\":\"anja.hall\"},\"url\":\"https:\\\/\\\/www.immobilienbusiness.ch\\\/de\\\/author\\\/anja-hall\\\/\"}]}<\/script>\n<!-- \/ Yoast SEO plugin. -->","yoast_head_json":{"title":"Abwertung dr\u00fcckt Peach Property im ersten Halbjahr 2023 in die roten Zahlen - IMMOBILIEN Business","robots":{"index":"index","follow":"follow","max-snippet":"max-snippet:-1","max-image-preview":"max-image-preview:large","max-video-preview":"max-video-preview:-1"},"canonical":"https:\/\/www.immobilienbusiness.ch\/de\/unternehmen\/2023-08-24\/abwertung-drueckt-peach-property-im-ersten-halbjahr-2023-in-die-roten-zahlen\/","og_locale":"de_DE","og_type":"article","og_title":"Abwertung dr\u00fcckt Peach Property im ersten Halbjahr 2023 in die roten Zahlen - IMMOBILIEN Business","og_description":"Die Immobiliengesellschaft hat eine Abwertung von fast 100 Mio. Euro zu verbuchen. Um die Kapitalstruktur zu st\u00e4rken, werden kleinere Verk\u00e4ufe gepr\u00fcft.","og_url":"https:\/\/www.immobilienbusiness.ch\/de\/unternehmen\/2023-08-24\/abwertung-drueckt-peach-property-im-ersten-halbjahr-2023-in-die-roten-zahlen\/","og_site_name":"IMMOBILIEN Business","article_publisher":"https:\/\/www.facebook.com\/immobilienbusiness\/","article_published_time":"2023-08-24T05:45:12+00:00","article_modified_time":"2023-08-24T07:37:04+00:00","og_image":[{"width":1000,"height":662,"url":"https:\/\/www.immobilienbusiness.ch\/wp-content\/uploads\/2019\/01\/Depositphotos_79481102_m-2015.jpg","type":"image\/jpeg"}],"author":"anja.hall","twitter_card":"summary_large_image","twitter_image":"https:\/\/www.immobilienbusiness.ch\/wp-content\/uploads\/2019\/01\/Depositphotos_79481102_m-2015.jpg","schema":{"@context":"https:\/\/schema.org","@graph":[{"@type":"Article","@id":"https:\/\/www.immobilienbusiness.ch\/en\/unternehmen\/2023-08-24\/abwertung-drueckt-peach-property-im-ersten-halbjahr-2023-in-die-roten-zahlen\/#article","isPartOf":{"@id":"https:\/\/www.immobilienbusiness.ch\/en\/unternehmen\/2023-08-24\/abwertung-drueckt-peach-property-im-ersten-halbjahr-2023-in-die-roten-zahlen\/"},"author":{"name":"anja.hall","@id":"https:\/\/www.immobilienbusiness.ch\/#\/schema\/person\/3fc036297b10b9f42d6db5ee932af8c8"},"headline":"Abwertung dr\u00fcckt Peach Property im ersten Halbjahr 2023 in die roten Zahlen","datePublished":"2023-08-24T05:45:12+00:00","dateModified":"2023-08-24T07:37:04+00:00","mainEntityOfPage":{"@id":"https:\/\/www.immobilienbusiness.ch\/en\/unternehmen\/2023-08-24\/abwertung-drueckt-peach-property-im-ersten-halbjahr-2023-in-die-roten-zahlen\/"},"wordCount":316,"publisher":{"@id":"https:\/\/www.immobilienbusiness.ch\/#organization"},"image":{"@id":"https:\/\/www.immobilienbusiness.ch\/en\/unternehmen\/2023-08-24\/abwertung-drueckt-peach-property-im-ersten-halbjahr-2023-in-die-roten-zahlen\/#primaryimage"},"thumbnailUrl":"https:\/\/www.immobilienbusiness.ch\/wp-content\/uploads\/2019\/01\/Depositphotos_79481102_m-2015.jpg","keywords":["Halbjahresergebnis","Peach Property"],"articleSection":["UNTERNEHMEN"],"inLanguage":"de"},{"@type":"WebPage","@id":"https:\/\/www.immobilienbusiness.ch\/en\/unternehmen\/2023-08-24\/abwertung-drueckt-peach-property-im-ersten-halbjahr-2023-in-die-roten-zahlen\/","url":"https:\/\/www.immobilienbusiness.ch\/en\/unternehmen\/2023-08-24\/abwertung-drueckt-peach-property-im-ersten-halbjahr-2023-in-die-roten-zahlen\/","name":"Abwertung dr\u00fcckt Peach Property im ersten Halbjahr 2023 in die roten Zahlen - IMMOBILIEN Business","isPartOf":{"@id":"https:\/\/www.immobilienbusiness.ch\/#website"},"primaryImageOfPage":{"@id":"https:\/\/www.immobilienbusiness.ch\/en\/unternehmen\/2023-08-24\/abwertung-drueckt-peach-property-im-ersten-halbjahr-2023-in-die-roten-zahlen\/#primaryimage"},"image":{"@id":"https:\/\/www.immobilienbusiness.ch\/en\/unternehmen\/2023-08-24\/abwertung-drueckt-peach-property-im-ersten-halbjahr-2023-in-die-roten-zahlen\/#primaryimage"},"thumbnailUrl":"https:\/\/www.immobilienbusiness.ch\/wp-content\/uploads\/2019\/01\/Depositphotos_79481102_m-2015.jpg","datePublished":"2023-08-24T05:45:12+00:00","dateModified":"2023-08-24T07:37:04+00:00","breadcrumb":{"@id":"https:\/\/www.immobilienbusiness.ch\/en\/unternehmen\/2023-08-24\/abwertung-drueckt-peach-property-im-ersten-halbjahr-2023-in-die-roten-zahlen\/#breadcrumb"},"inLanguage":"de","potentialAction":[{"@type":"ReadAction","target":["https:\/\/www.immobilienbusiness.ch\/en\/unternehmen\/2023-08-24\/abwertung-drueckt-peach-property-im-ersten-halbjahr-2023-in-die-roten-zahlen\/"]}]},{"@type":"ImageObject","inLanguage":"de","@id":"https:\/\/www.immobilienbusiness.ch\/en\/unternehmen\/2023-08-24\/abwertung-drueckt-peach-property-im-ersten-halbjahr-2023-in-die-roten-zahlen\/#primaryimage","url":"https:\/\/www.immobilienbusiness.ch\/wp-content\/uploads\/2019\/01\/Depositphotos_79481102_m-2015.jpg","contentUrl":"https:\/\/www.immobilienbusiness.ch\/wp-content\/uploads\/2019\/01\/Depositphotos_79481102_m-2015.jpg","width":1000,"height":662,"caption":"Die Swiss Prime AST hat Halbjahreszahlen f\u00fcr ihre Anlagegruppen vorgelegt (Bild: Photocreo - depositphotos)"},{"@type":"BreadcrumbList","@id":"https:\/\/www.immobilienbusiness.ch\/en\/unternehmen\/2023-08-24\/abwertung-drueckt-peach-property-im-ersten-halbjahr-2023-in-die-roten-zahlen\/#breadcrumb","itemListElement":[{"@type":"ListItem","position":1,"name":"Home","item":"https:\/\/www.immobilienbusiness.ch\/"},{"@type":"ListItem","position":2,"name":"Abwertung dr\u00fcckt Peach Property im ersten Halbjahr 2023 in die roten Zahlen"}]},{"@type":"WebSite","@id":"https:\/\/www.immobilienbusiness.ch\/#website","url":"https:\/\/www.immobilienbusiness.ch\/","name":"IMMOBILIEN Business","description":"Unabh\u00e4ngiges Schweizer Wirtschaftsmagazin mit Fokus auf Immobilien, Architektur- und Bau sowie Investment- und Finanzierung.","publisher":{"@id":"https:\/\/www.immobilienbusiness.ch\/#organization"},"potentialAction":[{"@type":"SearchAction","target":{"@type":"EntryPoint","urlTemplate":"https:\/\/www.immobilienbusiness.ch\/?s={search_term_string}"},"query-input":{"@type":"PropertyValueSpecification","valueRequired":true,"valueName":"search_term_string"}}],"inLanguage":"de"},{"@type":"Organization","@id":"https:\/\/www.immobilienbusiness.ch\/#organization","name":"IMMOBILIEN Business","url":"https:\/\/www.immobilienbusiness.ch\/","logo":{"@type":"ImageObject","inLanguage":"de","@id":"https:\/\/www.immobilienbusiness.ch\/#\/schema\/logo\/image\/","url":"https:\/\/www.immobilienbusiness.ch\/wp-content\/uploads\/2021\/07\/logo_ib.png","contentUrl":"https:\/\/www.immobilienbusiness.ch\/wp-content\/uploads\/2021\/07\/logo_ib.png","width":800,"height":181,"caption":"IMMOBILIEN Business"},"image":{"@id":"https:\/\/www.immobilienbusiness.ch\/#\/schema\/logo\/image\/"},"sameAs":["https:\/\/www.facebook.com\/immobilienbusiness\/"]},{"@type":"Person","@id":"https:\/\/www.immobilienbusiness.ch\/#\/schema\/person\/3fc036297b10b9f42d6db5ee932af8c8","name":"anja.hall","image":{"@type":"ImageObject","inLanguage":"de","@id":"https:\/\/secure.gravatar.com\/avatar\/066b5a0d447013502c71a5782f4f3469f03cfe595cc2329fb94652fe47511bfb?s=96&d=mm&r=g","url":"https:\/\/secure.gravatar.com\/avatar\/066b5a0d447013502c71a5782f4f3469f03cfe595cc2329fb94652fe47511bfb?s=96&d=mm&r=g","contentUrl":"https:\/\/secure.gravatar.com\/avatar\/066b5a0d447013502c71a5782f4f3469f03cfe595cc2329fb94652fe47511bfb?s=96&d=mm&r=g","caption":"anja.hall"},"url":"https:\/\/www.immobilienbusiness.ch\/de\/author\/anja-hall\/"}]}},"_links":{"self":[{"href":"https:\/\/www.immobilienbusiness.ch\/de\/wp-json\/wp\/v2\/posts\/52923","targetHints":{"allow":["GET"]}}],"collection":[{"href":"https:\/\/www.immobilienbusiness.ch\/de\/wp-json\/wp\/v2\/posts"}],"about":[{"href":"https:\/\/www.immobilienbusiness.ch\/de\/wp-json\/wp\/v2\/types\/post"}],"author":[{"embeddable":true,"href":"https:\/\/www.immobilienbusiness.ch\/de\/wp-json\/wp\/v2\/users\/3"}],"replies":[{"embeddable":true,"href":"https:\/\/www.immobilienbusiness.ch\/de\/wp-json\/wp\/v2\/comments?post=52923"}],"version-history":[{"count":3,"href":"https:\/\/www.immobilienbusiness.ch\/de\/wp-json\/wp\/v2\/posts\/52923\/revisions"}],"predecessor-version":[{"id":52930,"href":"https:\/\/www.immobilienbusiness.ch\/de\/wp-json\/wp\/v2\/posts\/52923\/revisions\/52930"}],"wp:featuredmedia":[{"embeddable":true,"href":"https:\/\/www.immobilienbusiness.ch\/de\/wp-json\/wp\/v2\/media\/15533"}],"wp:attachment":[{"href":"https:\/\/www.immobilienbusiness.ch\/de\/wp-json\/wp\/v2\/media?parent=52923"}],"wp:term":[{"taxonomy":"category","embeddable":true,"href":"https:\/\/www.immobilienbusiness.ch\/de\/wp-json\/wp\/v2\/categories?post=52923"},{"taxonomy":"post_tag","embeddable":true,"href":"https:\/\/www.immobilienbusiness.ch\/de\/wp-json\/wp\/v2\/tags?post=52923"}],"curies":[{"name":"wp","href":"https:\/\/api.w.org\/{rel}","templated":true}]}}