{"id":52778,"date":"2023-08-17T09:57:31","date_gmt":"2023-08-17T07:57:31","guid":{"rendered":"https:\/\/www.immobilienbusiness.ch\/?p=52778"},"modified":"2023-08-17T10:21:53","modified_gmt":"2023-08-17T08:21:53","slug":"basel-traditionshotel-merian-steht-vor-dem-aus","status":"publish","type":"post","link":"https:\/\/www.immobilienbusiness.ch\/de\/regionen\/2023-08-17\/basel-traditionshotel-merian-steht-vor-dem-aus\/","title":{"rendered":"Basel: Traditionshotel Merian steht vor dem Aus"},"content":{"rendered":"<figure id=\"attachment_52779\" aria-describedby=\"caption-attachment-52779\" style=\"width: 960px\" class=\"wp-caption alignnone\"><a href=\"https:\/\/www.immobilienbusiness.ch\/wp-content\/uploads\/2023\/08\/960px-Basel_Cafe_Spitz_mit_Hotel_Merian.jpg\"><img loading=\"lazy\" decoding=\"async\" class=\"size-full wp-image-52779\" src=\"https:\/\/www.immobilienbusiness.ch\/wp-content\/uploads\/2023\/08\/960px-Basel_Cafe_Spitz_mit_Hotel_Merian.jpg\" alt=\"\" width=\"960\" height=\"640\" srcset=\"https:\/\/www.immobilienbusiness.ch\/wp-content\/uploads\/2023\/08\/960px-Basel_Cafe_Spitz_mit_Hotel_Merian.jpg 960w, https:\/\/www.immobilienbusiness.ch\/wp-content\/uploads\/2023\/08\/960px-Basel_Cafe_Spitz_mit_Hotel_Merian-300x200.jpg 300w, https:\/\/www.immobilienbusiness.ch\/wp-content\/uploads\/2023\/08\/960px-Basel_Cafe_Spitz_mit_Hotel_Merian-768x512.jpg 768w, https:\/\/www.immobilienbusiness.ch\/wp-content\/uploads\/2023\/08\/960px-Basel_Cafe_Spitz_mit_Hotel_Merian-18x12.jpg 18w, https:\/\/www.immobilienbusiness.ch\/wp-content\/uploads\/2023\/08\/960px-Basel_Cafe_Spitz_mit_Hotel_Merian-375x250.jpg 375w, https:\/\/www.immobilienbusiness.ch\/wp-content\/uploads\/2023\/08\/960px-Basel_Cafe_Spitz_mit_Hotel_Merian-525x350.jpg 525w\" sizes=\"auto, (max-width: 960px) 100vw, 960px\" \/><\/a><figcaption id=\"caption-attachment-52779\" class=\"wp-caption-text\">Das Hotel Merian an der Mittleren Rheinbr\u00fccke soll geschlossen werden (Foto: Andreas Schwarzkopf, CC BY-SA 3.0, https:\/\/commons.wikimedia.org\/w\/index.php?curid=16702911)<\/figcaption><\/figure>\n<p>Das traditionsreiche Sorell Hotel Merian an der Rheingasse, direkt an der Mittleren Rheinbr\u00fccke gelegen, wird nach der Fasnacht 2024 geschlossen. Das teilt die Eigent\u00fcmerin, die Genossenschaft ZFV-Unternehmungen (ZFV), mit. Grund sei, dass die Liegenschaft umfassend saniert werden m\u00fcsste, was f\u00fcr die ZFV nicht realisierbar sei. Man wolle nun neue Modelle und Tr\u00e4ger f\u00fcr die zuk\u00fcnftige Ausrichtung des Hauses suchen.<\/p>\n<p>Die ZFV sieht zwei Option f\u00fcr eine Zukunft des Hauses: So k\u00f6nnte entweder ein Tr\u00e4ger f\u00fcr die Totalrenovation und den Weiterbetrieb des Hotels gesucht werden. Laut ZFV gibt es ein Vorprojekt, das \u00abdem grossen st\u00e4dtebaulichen Potential in Kombination mit Gastronomie und Hotel als Ort f\u00fcr Basel\u00bb gerecht werde. Oder das Haus werde in eine neue Nutzungsform \u00fcberf\u00fchrt, so die Hotelgruppe. Diese zweite Option bietet sich aus Sicht der ZFV an, da sie einen Hotel- und Gastronomiebetrieb f\u00fcr wirtschaftlich nicht machbar h\u00e4lt. Das Investitionsvolumen f\u00fcr eine Sanierung sei viel h\u00f6her als urspr\u00fcnglich angenommen. Zu Buche schlagen demnach st\u00e4dtebauliche Vorgaben, hohe Anforderungen des Denkmalschutzes und die stark gestiegenen Bau- und Finanzierungskosten. Eine Sanierung w\u00fcrde etwa 40 Mio. CHF kosten, heisst es in einem Bericht der <em>Basler Zeitung<\/em>.<\/p>\n<p>Die ZFV hat im Jahr 2018 das Baurecht f\u00fcr die Liegenschaft von der Christoph Merian Stiftung erworben. Baurechtgeberin sind die Drei Ehrengesellschaften Kleinbasels. <em>(ah)<\/em><\/p>\n","protected":false},"excerpt":{"rendered":"<p>Die Z\u00fcrcher Hotelgruppe ZFV will das Vier-Stern-Hotel Merian und das zugeh\u00f6rige Restaurant Spitz an der Mittleren Rheinbr\u00fccke im Fr\u00fchjahr 2024 schliessen. Nun wird ein neuer Tr\u00e4ger gesucht.<\/p>\n","protected":false},"author":3,"featured_media":52779,"comment_status":"closed","ping_status":"closed","sticky":false,"template":"","format":"standard","meta":{"_acf_changed":false,"_yoast_wpseo_focuskw":"Merian","_yoast_wpseo_title":"","_yoast_wpseo_metadesc":"Die Z\u00fcrcher Hotelgruppe ZFV will das Vier-Stern-Hotel Merian und das zugeh\u00f6rige Restaurant Spitz an der Mittleren Rheinbr\u00fccke schliessen.","_yoast_wpseo_linkdex":71,"pgc_sgb_lightbox_settings":"","footnotes":""},"categories":[985],"tags":[1069,1313,1963],"class_list":["post-52778","post","type-post","status-publish","format-standard","has-post-thumbnail","hentry","category-regionen","tag-basel","tag-hotel","tag-verfugbare-immobilie"],"acf":[],"yoast_head":"<!-- This site is optimized with the Yoast SEO plugin v27.4 - https:\/\/yoast.com\/product\/yoast-seo-wordpress\/ -->\n<title>Basel: Traditionshotel Merian steht vor dem Aus - IMMOBILIEN Business<\/title>\n<meta name=\"description\" content=\"Die Z\u00fcrcher Hotelgruppe ZFV will das Vier-Stern-Hotel Merian und das zugeh\u00f6rige Restaurant Spitz an der Mittleren Rheinbr\u00fccke schliessen.\" \/>\n<meta name=\"robots\" content=\"index, follow, max-snippet:-1, max-image-preview:large, max-video-preview:-1\" \/>\n<link rel=\"canonical\" href=\"https:\/\/www.immobilienbusiness.ch\/de\/regionen\/2023-08-17\/basel-traditionshotel-merian-steht-vor-dem-aus\/\" \/>\n<meta property=\"og:locale\" content=\"de_DE\" \/>\n<meta property=\"og:type\" content=\"article\" \/>\n<meta property=\"og:title\" content=\"Basel: Traditionshotel Merian steht vor dem Aus - IMMOBILIEN Business\" \/>\n<meta property=\"og:description\" content=\"Die Z\u00fcrcher Hotelgruppe ZFV will das Vier-Stern-Hotel Merian und das zugeh\u00f6rige Restaurant Spitz an der Mittleren Rheinbr\u00fccke schliessen.\" \/>\n<meta property=\"og:url\" content=\"https:\/\/www.immobilienbusiness.ch\/de\/regionen\/2023-08-17\/basel-traditionshotel-merian-steht-vor-dem-aus\/\" \/>\n<meta property=\"og:site_name\" content=\"IMMOBILIEN Business\" \/>\n<meta property=\"article:publisher\" content=\"https:\/\/www.facebook.com\/immobilienbusiness\/\" \/>\n<meta property=\"article:published_time\" content=\"2023-08-17T07:57:31+00:00\" \/>\n<meta property=\"article:modified_time\" content=\"2023-08-17T08:21:53+00:00\" \/>\n<meta property=\"og:image\" content=\"https:\/\/www.immobilienbusiness.ch\/wp-content\/uploads\/2023\/08\/960px-Basel_Cafe_Spitz_mit_Hotel_Merian.jpg\" \/>\n\t<meta property=\"og:image:width\" content=\"960\" \/>\n\t<meta property=\"og:image:height\" content=\"640\" \/>\n\t<meta property=\"og:image:type\" content=\"image\/jpeg\" \/>\n<meta name=\"author\" content=\"anja.hall\" \/>\n<meta name=\"twitter:card\" content=\"summary_large_image\" \/>\n<meta name=\"twitter:image\" content=\"https:\/\/www.immobilienbusiness.ch\/wp-content\/uploads\/2023\/08\/960px-Basel_Cafe_Spitz_mit_Hotel_Merian.jpg\" \/>\n<script type=\"application\/ld+json\" class=\"yoast-schema-graph\">{\"@context\":\"https:\\\/\\\/schema.org\",\"@graph\":[{\"@type\":\"Article\",\"@id\":\"https:\\\/\\\/www.immobilienbusiness.ch\\\/regionen\\\/2023-08-17\\\/basel-traditionshotel-merian-steht-vor-dem-aus\\\/#article\",\"isPartOf\":{\"@id\":\"https:\\\/\\\/www.immobilienbusiness.ch\\\/regionen\\\/2023-08-17\\\/basel-traditionshotel-merian-steht-vor-dem-aus\\\/\"},\"author\":{\"name\":\"anja.hall\",\"@id\":\"https:\\\/\\\/www.immobilienbusiness.ch\\\/#\\\/schema\\\/person\\\/3fc036297b10b9f42d6db5ee932af8c8\"},\"headline\":\"Basel: Traditionshotel Merian steht vor dem Aus\",\"datePublished\":\"2023-08-17T07:57:31+00:00\",\"dateModified\":\"2023-08-17T08:21:53+00:00\",\"mainEntityOfPage\":{\"@id\":\"https:\\\/\\\/www.immobilienbusiness.ch\\\/regionen\\\/2023-08-17\\\/basel-traditionshotel-merian-steht-vor-dem-aus\\\/\"},\"wordCount\":265,\"publisher\":{\"@id\":\"https:\\\/\\\/www.immobilienbusiness.ch\\\/#organization\"},\"image\":{\"@id\":\"https:\\\/\\\/www.immobilienbusiness.ch\\\/regionen\\\/2023-08-17\\\/basel-traditionshotel-merian-steht-vor-dem-aus\\\/#primaryimage\"},\"thumbnailUrl\":\"https:\\\/\\\/www.immobilienbusiness.ch\\\/wp-content\\\/uploads\\\/2023\\\/08\\\/960px-Basel_Cafe_Spitz_mit_Hotel_Merian.jpg\",\"keywords\":[\"Basel\",\"Hotel\",\"verf\u00fcgbare Immobilie\"],\"articleSection\":[\"REGIONEN\"],\"inLanguage\":\"de\"},{\"@type\":\"WebPage\",\"@id\":\"https:\\\/\\\/www.immobilienbusiness.ch\\\/regionen\\\/2023-08-17\\\/basel-traditionshotel-merian-steht-vor-dem-aus\\\/\",\"url\":\"https:\\\/\\\/www.immobilienbusiness.ch\\\/regionen\\\/2023-08-17\\\/basel-traditionshotel-merian-steht-vor-dem-aus\\\/\",\"name\":\"Basel: Traditionshotel Merian steht vor dem Aus - IMMOBILIEN Business\",\"isPartOf\":{\"@id\":\"https:\\\/\\\/www.immobilienbusiness.ch\\\/#website\"},\"primaryImageOfPage\":{\"@id\":\"https:\\\/\\\/www.immobilienbusiness.ch\\\/regionen\\\/2023-08-17\\\/basel-traditionshotel-merian-steht-vor-dem-aus\\\/#primaryimage\"},\"image\":{\"@id\":\"https:\\\/\\\/www.immobilienbusiness.ch\\\/regionen\\\/2023-08-17\\\/basel-traditionshotel-merian-steht-vor-dem-aus\\\/#primaryimage\"},\"thumbnailUrl\":\"https:\\\/\\\/www.immobilienbusiness.ch\\\/wp-content\\\/uploads\\\/2023\\\/08\\\/960px-Basel_Cafe_Spitz_mit_Hotel_Merian.jpg\",\"datePublished\":\"2023-08-17T07:57:31+00:00\",\"dateModified\":\"2023-08-17T08:21:53+00:00\",\"description\":\"Die Z\u00fcrcher Hotelgruppe ZFV will das Vier-Stern-Hotel Merian und das zugeh\u00f6rige Restaurant Spitz an der Mittleren Rheinbr\u00fccke schliessen.\",\"breadcrumb\":{\"@id\":\"https:\\\/\\\/www.immobilienbusiness.ch\\\/regionen\\\/2023-08-17\\\/basel-traditionshotel-merian-steht-vor-dem-aus\\\/#breadcrumb\"},\"inLanguage\":\"de\",\"potentialAction\":[{\"@type\":\"ReadAction\",\"target\":[\"https:\\\/\\\/www.immobilienbusiness.ch\\\/regionen\\\/2023-08-17\\\/basel-traditionshotel-merian-steht-vor-dem-aus\\\/\"]}]},{\"@type\":\"ImageObject\",\"inLanguage\":\"de\",\"@id\":\"https:\\\/\\\/www.immobilienbusiness.ch\\\/regionen\\\/2023-08-17\\\/basel-traditionshotel-merian-steht-vor-dem-aus\\\/#primaryimage\",\"url\":\"https:\\\/\\\/www.immobilienbusiness.ch\\\/wp-content\\\/uploads\\\/2023\\\/08\\\/960px-Basel_Cafe_Spitz_mit_Hotel_Merian.jpg\",\"contentUrl\":\"https:\\\/\\\/www.immobilienbusiness.ch\\\/wp-content\\\/uploads\\\/2023\\\/08\\\/960px-Basel_Cafe_Spitz_mit_Hotel_Merian.jpg\",\"width\":960,\"height\":640,\"caption\":\"By Andreas Schwarzkopf - Own work, CC BY-SA 3.0, https:\\\/\\\/commons.wikimedia.org\\\/w\\\/index.php?curid=16702911\"},{\"@type\":\"BreadcrumbList\",\"@id\":\"https:\\\/\\\/www.immobilienbusiness.ch\\\/regionen\\\/2023-08-17\\\/basel-traditionshotel-merian-steht-vor-dem-aus\\\/#breadcrumb\",\"itemListElement\":[{\"@type\":\"ListItem\",\"position\":1,\"name\":\"Home\",\"item\":\"https:\\\/\\\/www.immobilienbusiness.ch\\\/\"},{\"@type\":\"ListItem\",\"position\":2,\"name\":\"Basel: Traditionshotel Merian steht vor dem Aus\"}]},{\"@type\":\"WebSite\",\"@id\":\"https:\\\/\\\/www.immobilienbusiness.ch\\\/#website\",\"url\":\"https:\\\/\\\/www.immobilienbusiness.ch\\\/\",\"name\":\"IMMOBILIEN Business\",\"description\":\"Unabh\u00e4ngiges Schweizer Wirtschaftsmagazin mit Fokus auf Immobilien, Architektur- und Bau sowie Investment- und Finanzierung.\",\"publisher\":{\"@id\":\"https:\\\/\\\/www.immobilienbusiness.ch\\\/#organization\"},\"potentialAction\":[{\"@type\":\"SearchAction\",\"target\":{\"@type\":\"EntryPoint\",\"urlTemplate\":\"https:\\\/\\\/www.immobilienbusiness.ch\\\/?s={search_term_string}\"},\"query-input\":{\"@type\":\"PropertyValueSpecification\",\"valueRequired\":true,\"valueName\":\"search_term_string\"}}],\"inLanguage\":\"de\"},{\"@type\":\"Organization\",\"@id\":\"https:\\\/\\\/www.immobilienbusiness.ch\\\/#organization\",\"name\":\"IMMOBILIEN Business\",\"url\":\"https:\\\/\\\/www.immobilienbusiness.ch\\\/\",\"logo\":{\"@type\":\"ImageObject\",\"inLanguage\":\"de\",\"@id\":\"https:\\\/\\\/www.immobilienbusiness.ch\\\/#\\\/schema\\\/logo\\\/image\\\/\",\"url\":\"https:\\\/\\\/www.immobilienbusiness.ch\\\/wp-content\\\/uploads\\\/2021\\\/07\\\/logo_ib.png\",\"contentUrl\":\"https:\\\/\\\/www.immobilienbusiness.ch\\\/wp-content\\\/uploads\\\/2021\\\/07\\\/logo_ib.png\",\"width\":800,\"height\":181,\"caption\":\"IMMOBILIEN Business\"},\"image\":{\"@id\":\"https:\\\/\\\/www.immobilienbusiness.ch\\\/#\\\/schema\\\/logo\\\/image\\\/\"},\"sameAs\":[\"https:\\\/\\\/www.facebook.com\\\/immobilienbusiness\\\/\"]},{\"@type\":\"Person\",\"@id\":\"https:\\\/\\\/www.immobilienbusiness.ch\\\/#\\\/schema\\\/person\\\/3fc036297b10b9f42d6db5ee932af8c8\",\"name\":\"anja.hall\",\"image\":{\"@type\":\"ImageObject\",\"inLanguage\":\"de\",\"@id\":\"https:\\\/\\\/secure.gravatar.com\\\/avatar\\\/066b5a0d447013502c71a5782f4f3469f03cfe595cc2329fb94652fe47511bfb?s=96&d=mm&r=g\",\"url\":\"https:\\\/\\\/secure.gravatar.com\\\/avatar\\\/066b5a0d447013502c71a5782f4f3469f03cfe595cc2329fb94652fe47511bfb?s=96&d=mm&r=g\",\"contentUrl\":\"https:\\\/\\\/secure.gravatar.com\\\/avatar\\\/066b5a0d447013502c71a5782f4f3469f03cfe595cc2329fb94652fe47511bfb?s=96&d=mm&r=g\",\"caption\":\"anja.hall\"},\"url\":\"https:\\\/\\\/www.immobilienbusiness.ch\\\/de\\\/author\\\/anja-hall\\\/\"}]}<\/script>\n<!-- \/ Yoast SEO plugin. -->","yoast_head_json":{"title":"Basel: Traditionshotel Merian steht vor dem Aus - IMMOBILIEN Business","description":"Die Z\u00fcrcher Hotelgruppe ZFV will das Vier-Stern-Hotel Merian und das zugeh\u00f6rige Restaurant Spitz an der Mittleren Rheinbr\u00fccke schliessen.","robots":{"index":"index","follow":"follow","max-snippet":"max-snippet:-1","max-image-preview":"max-image-preview:large","max-video-preview":"max-video-preview:-1"},"canonical":"https:\/\/www.immobilienbusiness.ch\/de\/regionen\/2023-08-17\/basel-traditionshotel-merian-steht-vor-dem-aus\/","og_locale":"de_DE","og_type":"article","og_title":"Basel: Traditionshotel Merian steht vor dem Aus - IMMOBILIEN Business","og_description":"Die Z\u00fcrcher Hotelgruppe ZFV will das Vier-Stern-Hotel Merian und das zugeh\u00f6rige Restaurant Spitz an der Mittleren Rheinbr\u00fccke schliessen.","og_url":"https:\/\/www.immobilienbusiness.ch\/de\/regionen\/2023-08-17\/basel-traditionshotel-merian-steht-vor-dem-aus\/","og_site_name":"IMMOBILIEN Business","article_publisher":"https:\/\/www.facebook.com\/immobilienbusiness\/","article_published_time":"2023-08-17T07:57:31+00:00","article_modified_time":"2023-08-17T08:21:53+00:00","og_image":[{"width":960,"height":640,"url":"https:\/\/www.immobilienbusiness.ch\/wp-content\/uploads\/2023\/08\/960px-Basel_Cafe_Spitz_mit_Hotel_Merian.jpg","type":"image\/jpeg"}],"author":"anja.hall","twitter_card":"summary_large_image","twitter_image":"https:\/\/www.immobilienbusiness.ch\/wp-content\/uploads\/2023\/08\/960px-Basel_Cafe_Spitz_mit_Hotel_Merian.jpg","schema":{"@context":"https:\/\/schema.org","@graph":[{"@type":"Article","@id":"https:\/\/www.immobilienbusiness.ch\/regionen\/2023-08-17\/basel-traditionshotel-merian-steht-vor-dem-aus\/#article","isPartOf":{"@id":"https:\/\/www.immobilienbusiness.ch\/regionen\/2023-08-17\/basel-traditionshotel-merian-steht-vor-dem-aus\/"},"author":{"name":"anja.hall","@id":"https:\/\/www.immobilienbusiness.ch\/#\/schema\/person\/3fc036297b10b9f42d6db5ee932af8c8"},"headline":"Basel: Traditionshotel Merian steht vor dem Aus","datePublished":"2023-08-17T07:57:31+00:00","dateModified":"2023-08-17T08:21:53+00:00","mainEntityOfPage":{"@id":"https:\/\/www.immobilienbusiness.ch\/regionen\/2023-08-17\/basel-traditionshotel-merian-steht-vor-dem-aus\/"},"wordCount":265,"publisher":{"@id":"https:\/\/www.immobilienbusiness.ch\/#organization"},"image":{"@id":"https:\/\/www.immobilienbusiness.ch\/regionen\/2023-08-17\/basel-traditionshotel-merian-steht-vor-dem-aus\/#primaryimage"},"thumbnailUrl":"https:\/\/www.immobilienbusiness.ch\/wp-content\/uploads\/2023\/08\/960px-Basel_Cafe_Spitz_mit_Hotel_Merian.jpg","keywords":["Basel","Hotel","verf\u00fcgbare Immobilie"],"articleSection":["REGIONEN"],"inLanguage":"de"},{"@type":"WebPage","@id":"https:\/\/www.immobilienbusiness.ch\/regionen\/2023-08-17\/basel-traditionshotel-merian-steht-vor-dem-aus\/","url":"https:\/\/www.immobilienbusiness.ch\/regionen\/2023-08-17\/basel-traditionshotel-merian-steht-vor-dem-aus\/","name":"Basel: Traditionshotel Merian steht vor dem Aus - IMMOBILIEN Business","isPartOf":{"@id":"https:\/\/www.immobilienbusiness.ch\/#website"},"primaryImageOfPage":{"@id":"https:\/\/www.immobilienbusiness.ch\/regionen\/2023-08-17\/basel-traditionshotel-merian-steht-vor-dem-aus\/#primaryimage"},"image":{"@id":"https:\/\/www.immobilienbusiness.ch\/regionen\/2023-08-17\/basel-traditionshotel-merian-steht-vor-dem-aus\/#primaryimage"},"thumbnailUrl":"https:\/\/www.immobilienbusiness.ch\/wp-content\/uploads\/2023\/08\/960px-Basel_Cafe_Spitz_mit_Hotel_Merian.jpg","datePublished":"2023-08-17T07:57:31+00:00","dateModified":"2023-08-17T08:21:53+00:00","description":"Die Z\u00fcrcher Hotelgruppe ZFV will das Vier-Stern-Hotel Merian und das zugeh\u00f6rige Restaurant Spitz an der Mittleren Rheinbr\u00fccke schliessen.","breadcrumb":{"@id":"https:\/\/www.immobilienbusiness.ch\/regionen\/2023-08-17\/basel-traditionshotel-merian-steht-vor-dem-aus\/#breadcrumb"},"inLanguage":"de","potentialAction":[{"@type":"ReadAction","target":["https:\/\/www.immobilienbusiness.ch\/regionen\/2023-08-17\/basel-traditionshotel-merian-steht-vor-dem-aus\/"]}]},{"@type":"ImageObject","inLanguage":"de","@id":"https:\/\/www.immobilienbusiness.ch\/regionen\/2023-08-17\/basel-traditionshotel-merian-steht-vor-dem-aus\/#primaryimage","url":"https:\/\/www.immobilienbusiness.ch\/wp-content\/uploads\/2023\/08\/960px-Basel_Cafe_Spitz_mit_Hotel_Merian.jpg","contentUrl":"https:\/\/www.immobilienbusiness.ch\/wp-content\/uploads\/2023\/08\/960px-Basel_Cafe_Spitz_mit_Hotel_Merian.jpg","width":960,"height":640,"caption":"By Andreas Schwarzkopf - Own work, CC BY-SA 3.0, https:\/\/commons.wikimedia.org\/w\/index.php?curid=16702911"},{"@type":"BreadcrumbList","@id":"https:\/\/www.immobilienbusiness.ch\/regionen\/2023-08-17\/basel-traditionshotel-merian-steht-vor-dem-aus\/#breadcrumb","itemListElement":[{"@type":"ListItem","position":1,"name":"Home","item":"https:\/\/www.immobilienbusiness.ch\/"},{"@type":"ListItem","position":2,"name":"Basel: Traditionshotel Merian steht vor dem Aus"}]},{"@type":"WebSite","@id":"https:\/\/www.immobilienbusiness.ch\/#website","url":"https:\/\/www.immobilienbusiness.ch\/","name":"IMMOBILIEN Business","description":"Unabh\u00e4ngiges Schweizer Wirtschaftsmagazin mit Fokus auf Immobilien, Architektur- und Bau sowie Investment- und Finanzierung.","publisher":{"@id":"https:\/\/www.immobilienbusiness.ch\/#organization"},"potentialAction":[{"@type":"SearchAction","target":{"@type":"EntryPoint","urlTemplate":"https:\/\/www.immobilienbusiness.ch\/?s={search_term_string}"},"query-input":{"@type":"PropertyValueSpecification","valueRequired":true,"valueName":"search_term_string"}}],"inLanguage":"de"},{"@type":"Organization","@id":"https:\/\/www.immobilienbusiness.ch\/#organization","name":"IMMOBILIEN Business","url":"https:\/\/www.immobilienbusiness.ch\/","logo":{"@type":"ImageObject","inLanguage":"de","@id":"https:\/\/www.immobilienbusiness.ch\/#\/schema\/logo\/image\/","url":"https:\/\/www.immobilienbusiness.ch\/wp-content\/uploads\/2021\/07\/logo_ib.png","contentUrl":"https:\/\/www.immobilienbusiness.ch\/wp-content\/uploads\/2021\/07\/logo_ib.png","width":800,"height":181,"caption":"IMMOBILIEN Business"},"image":{"@id":"https:\/\/www.immobilienbusiness.ch\/#\/schema\/logo\/image\/"},"sameAs":["https:\/\/www.facebook.com\/immobilienbusiness\/"]},{"@type":"Person","@id":"https:\/\/www.immobilienbusiness.ch\/#\/schema\/person\/3fc036297b10b9f42d6db5ee932af8c8","name":"anja.hall","image":{"@type":"ImageObject","inLanguage":"de","@id":"https:\/\/secure.gravatar.com\/avatar\/066b5a0d447013502c71a5782f4f3469f03cfe595cc2329fb94652fe47511bfb?s=96&d=mm&r=g","url":"https:\/\/secure.gravatar.com\/avatar\/066b5a0d447013502c71a5782f4f3469f03cfe595cc2329fb94652fe47511bfb?s=96&d=mm&r=g","contentUrl":"https:\/\/secure.gravatar.com\/avatar\/066b5a0d447013502c71a5782f4f3469f03cfe595cc2329fb94652fe47511bfb?s=96&d=mm&r=g","caption":"anja.hall"},"url":"https:\/\/www.immobilienbusiness.ch\/de\/author\/anja-hall\/"}]}},"_links":{"self":[{"href":"https:\/\/www.immobilienbusiness.ch\/de\/wp-json\/wp\/v2\/posts\/52778","targetHints":{"allow":["GET"]}}],"collection":[{"href":"https:\/\/www.immobilienbusiness.ch\/de\/wp-json\/wp\/v2\/posts"}],"about":[{"href":"https:\/\/www.immobilienbusiness.ch\/de\/wp-json\/wp\/v2\/types\/post"}],"author":[{"embeddable":true,"href":"https:\/\/www.immobilienbusiness.ch\/de\/wp-json\/wp\/v2\/users\/3"}],"replies":[{"embeddable":true,"href":"https:\/\/www.immobilienbusiness.ch\/de\/wp-json\/wp\/v2\/comments?post=52778"}],"version-history":[{"count":5,"href":"https:\/\/www.immobilienbusiness.ch\/de\/wp-json\/wp\/v2\/posts\/52778\/revisions"}],"predecessor-version":[{"id":52795,"href":"https:\/\/www.immobilienbusiness.ch\/de\/wp-json\/wp\/v2\/posts\/52778\/revisions\/52795"}],"wp:featuredmedia":[{"embeddable":true,"href":"https:\/\/www.immobilienbusiness.ch\/de\/wp-json\/wp\/v2\/media\/52779"}],"wp:attachment":[{"href":"https:\/\/www.immobilienbusiness.ch\/de\/wp-json\/wp\/v2\/media?parent=52778"}],"wp:term":[{"taxonomy":"category","embeddable":true,"href":"https:\/\/www.immobilienbusiness.ch\/de\/wp-json\/wp\/v2\/categories?post=52778"},{"taxonomy":"post_tag","embeddable":true,"href":"https:\/\/www.immobilienbusiness.ch\/de\/wp-json\/wp\/v2\/tags?post=52778"}],"curies":[{"name":"wp","href":"https:\/\/api.w.org\/{rel}","templated":true}]}}