{"id":5254,"date":"2016-12-14T16:06:11","date_gmt":"2016-12-14T15:06:11","guid":{"rendered":"https:\/\/immobilienbusiness.ch\/?p=5254"},"modified":"2016-12-14T16:06:11","modified_gmt":"2016-12-14T15:06:11","slug":"investis-erwirbt-hauswartprofis","status":"publish","type":"post","link":"https:\/\/www.immobilienbusiness.ch\/de\/unternehmen\/2016-12-14\/investis-erwirbt-hauswartprofis\/","title":{"rendered":"Investis erwirbt Hauswartprofis"},"content":{"rendered":"<figure id=\"attachment_5255\" aria-describedby=\"caption-attachment-5255\" style=\"width: 680px\" class=\"wp-caption alignnone\"><img loading=\"lazy\" decoding=\"async\" class=\"size-medium wp-image-5255\" src=\"https:\/\/immobilienbusiness.ch\/wp-content\/uploads\/2016\/12\/handshake-220233_1280.jpg\" alt=\"\" width=\"680\" height=\"494\" srcset=\"https:\/\/www.immobilienbusiness.ch\/wp-content\/uploads\/2016\/12\/handshake-220233_1280.jpg 1280w, https:\/\/www.immobilienbusiness.ch\/wp-content\/uploads\/2016\/12\/handshake-220233_1280-300x218.jpg 300w, https:\/\/www.immobilienbusiness.ch\/wp-content\/uploads\/2016\/12\/handshake-220233_1280-1024x744.jpg 1024w, https:\/\/www.immobilienbusiness.ch\/wp-content\/uploads\/2016\/12\/handshake-220233_1280-768x558.jpg 768w, https:\/\/www.immobilienbusiness.ch\/wp-content\/uploads\/2016\/12\/handshake-220233_1280-16x12.jpg 16w, https:\/\/www.immobilienbusiness.ch\/wp-content\/uploads\/2016\/12\/handshake-220233_1280-241x175.jpg 241w, https:\/\/www.immobilienbusiness.ch\/wp-content\/uploads\/2016\/12\/handshake-220233_1280-482x350.jpg 482w, https:\/\/www.immobilienbusiness.ch\/wp-content\/uploads\/2016\/12\/handshake-220233_1280-1101x800.jpg 1101w, https:\/\/www.immobilienbusiness.ch\/wp-content\/uploads\/2016\/12\/handshake-220233_1280-920x668.jpg 920w\" sizes=\"auto, (max-width: 680px) 100vw, 680px\" \/><figcaption id=\"caption-attachment-5255\" class=\"wp-caption-text\">Investis \u00fcbernimmt das FM-Unternehmen Hauswartprofis (Grafik: Pixabay)<\/figcaption><\/figure>\n<p>Investis \u00fcbernimmt Hauswartprofis mit allen operativen Gesellschaften per 1. Januar 2017 und integriert die Gesellschaft in die Investis-Gruppe. \u00dcber die H\u00f6he des Kaufpreises wurde Stillschweigen vereinbart.<\/p>\n<p>Das seit 1990 bestehende Unternehmen ist im Bereich Facility Management t\u00e4tig, hat seinen Sitz in M\u00e4genwil (AG) sowie weitere Standorte in D\u00fcbendorf, Baar und Oftringen. Hauswartprofis wird seit 2009 von Walter Eberle gef\u00fchrt und besch\u00e4ftigt 240 Mitarbeitende. Das Unternehmen bietet Dienstleistungen in den Bereichen Hauswartungen, Reinigungen und Gartenpflege an und wird auch unter dem Dach der Investis als eigenst\u00e4ndige Firma unter dem bestehenden Namen t\u00e4tig sein und ihre Mitarbeitenden weiter besch\u00e4ftigen.<\/p>\n<h2>Walter Eberle wird CEO der Investis-Gesellschaft Treos<\/h2>\n<p>Walter Eberle wird die Unternehmung weiterhin operativ f\u00fchren und zudem als CEO die Leitung der bestehenden Gesellschaft Treos \u00fcbernehmen. Ricarda Berg, CEO von Treos, wird die Investis-Gruppe verlassen, um eine neue berufliche Herausforderung zu suchen.<\/p>\n<p>Mit der \u00dcbernahme setze man die Wachstumsstrategie im Segment Real Estate Services um und baue die Marktposition weiter aus, so Investis. Hauswartprofis sei eine optimale Erg\u00e4nzung zu den bestehenden Tochtergesellschaften im Bereich Facility Management, sagt Catherine Dubey, Head of Real Estate Services von Investis. (ah)<\/p>\n","protected":false},"excerpt":{"rendered":"<p>Die Investis Holding SA baut ihr Segment Real Estate Services aus und \u00fcbernimmt das Facility-Management-Unternehmen Hauswartprofis.<\/p>\n","protected":false},"author":3,"featured_media":5255,"comment_status":"open","ping_status":"open","sticky":false,"template":"","format":"standard","meta":{"_acf_changed":false,"_yoast_wpseo_focuskw":"Investis Hauswartprofis \u00dcbernahme","_yoast_wpseo_title":"","_yoast_wpseo_metadesc":"Die Investis Holding SA baut ihr Segment Real Estate Services aus und \u00fcbernimmt das Facility-Management-Unternehmen Hauswartprofis.","_yoast_wpseo_linkdex":48,"pgc_sgb_lightbox_settings":"","footnotes":""},"categories":[988],"tags":[1216,1807],"class_list":["post-5254","post","type-post","status-publish","format-standard","has-post-thumbnail","hentry","category-unternehmen","tag-facility-management","tag-unternehmen"],"acf":[],"yoast_head":"<!-- This site is optimized with the Yoast SEO plugin v27.4 - https:\/\/yoast.com\/product\/yoast-seo-wordpress\/ -->\n<title>Investis erwirbt Hauswartprofis - IMMOBILIEN Business<\/title>\n<meta name=\"description\" content=\"Die Investis Holding SA baut ihr Segment Real Estate Services aus und \u00fcbernimmt das Facility-Management-Unternehmen Hauswartprofis.\" \/>\n<meta name=\"robots\" content=\"index, follow, max-snippet:-1, max-image-preview:large, max-video-preview:-1\" \/>\n<link rel=\"canonical\" href=\"https:\/\/www.immobilienbusiness.ch\/de\/unternehmen\/2016-12-14\/investis-erwirbt-hauswartprofis\/\" \/>\n<meta property=\"og:locale\" content=\"de_DE\" \/>\n<meta property=\"og:type\" content=\"article\" \/>\n<meta property=\"og:title\" content=\"Investis erwirbt Hauswartprofis\" \/>\n<meta property=\"og:description\" content=\"Die Investis Holding SA baut ihr Segment Real Estate Services aus und \u00fcbernimmt das Facility-Management-Unternehmen Hauswartprofis.\" \/>\n<meta property=\"og:url\" content=\"https:\/\/www.immobilienbusiness.ch\/de\/unternehmen\/2016-12-14\/investis-erwirbt-hauswartprofis\/\" \/>\n<meta property=\"og:site_name\" content=\"IMMOBILIEN Business\" \/>\n<meta property=\"article:publisher\" content=\"https:\/\/www.facebook.com\/immobilienbusiness\/\" \/>\n<meta property=\"article:published_time\" content=\"2016-12-14T15:06:11+00:00\" \/>\n<meta name=\"author\" content=\"anja.hall\" \/>\n<meta name=\"twitter:card\" content=\"summary_large_image\" \/>\n<meta name=\"twitter:title\" content=\"Investis erwirbt Hauswartprofis\" \/>\n<meta name=\"twitter:description\" content=\"Die Investis Holding SA baut ihr Segment Real Estate Services aus und \u00fcbernimmt das Facility-Management-Unternehmen Hauswartprofis.\" \/>\n<meta name=\"twitter:image\" content=\"https:\/\/immobilienbusiness.ch\/wp-content\/uploads\/2016\/12\/handshake-220233_1280.jpg\" \/>\n<script type=\"application\/ld+json\" class=\"yoast-schema-graph\">{\"@context\":\"https:\\\/\\\/schema.org\",\"@graph\":[{\"@type\":\"Article\",\"@id\":\"https:\\\/\\\/www.immobilienbusiness.ch\\\/unternehmen\\\/2016-12-14\\\/investis-erwirbt-hauswartprofis\\\/#article\",\"isPartOf\":{\"@id\":\"https:\\\/\\\/www.immobilienbusiness.ch\\\/unternehmen\\\/2016-12-14\\\/investis-erwirbt-hauswartprofis\\\/\"},\"author\":{\"name\":\"anja.hall\",\"@id\":\"https:\\\/\\\/www.immobilienbusiness.ch\\\/#\\\/schema\\\/person\\\/3fc036297b10b9f42d6db5ee932af8c8\"},\"headline\":\"Investis erwirbt Hauswartprofis\",\"datePublished\":\"2016-12-14T15:06:11+00:00\",\"mainEntityOfPage\":{\"@id\":\"https:\\\/\\\/www.immobilienbusiness.ch\\\/unternehmen\\\/2016-12-14\\\/investis-erwirbt-hauswartprofis\\\/\"},\"wordCount\":207,\"commentCount\":0,\"publisher\":{\"@id\":\"https:\\\/\\\/www.immobilienbusiness.ch\\\/#organization\"},\"image\":{\"@id\":\"https:\\\/\\\/www.immobilienbusiness.ch\\\/unternehmen\\\/2016-12-14\\\/investis-erwirbt-hauswartprofis\\\/#primaryimage\"},\"thumbnailUrl\":\"https:\\\/\\\/www.immobilienbusiness.ch\\\/wp-content\\\/uploads\\\/2016\\\/12\\\/handshake-220233_1280.jpg\",\"keywords\":[\"Facility Management\",\"Unternehmen\"],\"articleSection\":[\"UNTERNEHMEN\"],\"inLanguage\":\"de\"},{\"@type\":\"WebPage\",\"@id\":\"https:\\\/\\\/www.immobilienbusiness.ch\\\/unternehmen\\\/2016-12-14\\\/investis-erwirbt-hauswartprofis\\\/\",\"url\":\"https:\\\/\\\/www.immobilienbusiness.ch\\\/unternehmen\\\/2016-12-14\\\/investis-erwirbt-hauswartprofis\\\/\",\"name\":\"Investis erwirbt Hauswartprofis - IMMOBILIEN Business\",\"isPartOf\":{\"@id\":\"https:\\\/\\\/www.immobilienbusiness.ch\\\/#website\"},\"primaryImageOfPage\":{\"@id\":\"https:\\\/\\\/www.immobilienbusiness.ch\\\/unternehmen\\\/2016-12-14\\\/investis-erwirbt-hauswartprofis\\\/#primaryimage\"},\"image\":{\"@id\":\"https:\\\/\\\/www.immobilienbusiness.ch\\\/unternehmen\\\/2016-12-14\\\/investis-erwirbt-hauswartprofis\\\/#primaryimage\"},\"thumbnailUrl\":\"https:\\\/\\\/www.immobilienbusiness.ch\\\/wp-content\\\/uploads\\\/2016\\\/12\\\/handshake-220233_1280.jpg\",\"datePublished\":\"2016-12-14T15:06:11+00:00\",\"description\":\"Die Investis Holding SA baut ihr Segment Real Estate Services aus und \u00fcbernimmt das Facility-Management-Unternehmen Hauswartprofis.\",\"breadcrumb\":{\"@id\":\"https:\\\/\\\/www.immobilienbusiness.ch\\\/unternehmen\\\/2016-12-14\\\/investis-erwirbt-hauswartprofis\\\/#breadcrumb\"},\"inLanguage\":\"de\",\"potentialAction\":[{\"@type\":\"ReadAction\",\"target\":[\"https:\\\/\\\/www.immobilienbusiness.ch\\\/unternehmen\\\/2016-12-14\\\/investis-erwirbt-hauswartprofis\\\/\"]}]},{\"@type\":\"ImageObject\",\"inLanguage\":\"de\",\"@id\":\"https:\\\/\\\/www.immobilienbusiness.ch\\\/unternehmen\\\/2016-12-14\\\/investis-erwirbt-hauswartprofis\\\/#primaryimage\",\"url\":\"https:\\\/\\\/www.immobilienbusiness.ch\\\/wp-content\\\/uploads\\\/2016\\\/12\\\/handshake-220233_1280.jpg\",\"contentUrl\":\"https:\\\/\\\/www.immobilienbusiness.ch\\\/wp-content\\\/uploads\\\/2016\\\/12\\\/handshake-220233_1280.jpg\",\"width\":1280,\"height\":930,\"caption\":\"Corestate \u00fcbernimmt den Fondsanbieter Hannover Leasing (Grafik: Pixabay)\"},{\"@type\":\"BreadcrumbList\",\"@id\":\"https:\\\/\\\/www.immobilienbusiness.ch\\\/unternehmen\\\/2016-12-14\\\/investis-erwirbt-hauswartprofis\\\/#breadcrumb\",\"itemListElement\":[{\"@type\":\"ListItem\",\"position\":1,\"name\":\"Home\",\"item\":\"https:\\\/\\\/www.immobilienbusiness.ch\\\/\"},{\"@type\":\"ListItem\",\"position\":2,\"name\":\"Investis erwirbt Hauswartprofis\"}]},{\"@type\":\"WebSite\",\"@id\":\"https:\\\/\\\/www.immobilienbusiness.ch\\\/#website\",\"url\":\"https:\\\/\\\/www.immobilienbusiness.ch\\\/\",\"name\":\"IMMOBILIEN Business\",\"description\":\"Unabh\u00e4ngiges Schweizer Wirtschaftsmagazin mit Fokus auf Immobilien, Architektur- und Bau sowie Investment- und Finanzierung.\",\"publisher\":{\"@id\":\"https:\\\/\\\/www.immobilienbusiness.ch\\\/#organization\"},\"potentialAction\":[{\"@type\":\"SearchAction\",\"target\":{\"@type\":\"EntryPoint\",\"urlTemplate\":\"https:\\\/\\\/www.immobilienbusiness.ch\\\/?s={search_term_string}\"},\"query-input\":{\"@type\":\"PropertyValueSpecification\",\"valueRequired\":true,\"valueName\":\"search_term_string\"}}],\"inLanguage\":\"de\"},{\"@type\":\"Organization\",\"@id\":\"https:\\\/\\\/www.immobilienbusiness.ch\\\/#organization\",\"name\":\"IMMOBILIEN Business\",\"url\":\"https:\\\/\\\/www.immobilienbusiness.ch\\\/\",\"logo\":{\"@type\":\"ImageObject\",\"inLanguage\":\"de\",\"@id\":\"https:\\\/\\\/www.immobilienbusiness.ch\\\/#\\\/schema\\\/logo\\\/image\\\/\",\"url\":\"https:\\\/\\\/www.immobilienbusiness.ch\\\/wp-content\\\/uploads\\\/2021\\\/07\\\/logo_ib.png\",\"contentUrl\":\"https:\\\/\\\/www.immobilienbusiness.ch\\\/wp-content\\\/uploads\\\/2021\\\/07\\\/logo_ib.png\",\"width\":800,\"height\":181,\"caption\":\"IMMOBILIEN Business\"},\"image\":{\"@id\":\"https:\\\/\\\/www.immobilienbusiness.ch\\\/#\\\/schema\\\/logo\\\/image\\\/\"},\"sameAs\":[\"https:\\\/\\\/www.facebook.com\\\/immobilienbusiness\\\/\"]},{\"@type\":\"Person\",\"@id\":\"https:\\\/\\\/www.immobilienbusiness.ch\\\/#\\\/schema\\\/person\\\/3fc036297b10b9f42d6db5ee932af8c8\",\"name\":\"anja.hall\",\"image\":{\"@type\":\"ImageObject\",\"inLanguage\":\"de\",\"@id\":\"https:\\\/\\\/secure.gravatar.com\\\/avatar\\\/066b5a0d447013502c71a5782f4f3469f03cfe595cc2329fb94652fe47511bfb?s=96&d=mm&r=g\",\"url\":\"https:\\\/\\\/secure.gravatar.com\\\/avatar\\\/066b5a0d447013502c71a5782f4f3469f03cfe595cc2329fb94652fe47511bfb?s=96&d=mm&r=g\",\"contentUrl\":\"https:\\\/\\\/secure.gravatar.com\\\/avatar\\\/066b5a0d447013502c71a5782f4f3469f03cfe595cc2329fb94652fe47511bfb?s=96&d=mm&r=g\",\"caption\":\"anja.hall\"},\"url\":\"https:\\\/\\\/www.immobilienbusiness.ch\\\/de\\\/author\\\/anja-hall\\\/\"}]}<\/script>\n<!-- \/ Yoast SEO plugin. -->","yoast_head_json":{"title":"Investis erwirbt Hauswartprofis - IMMOBILIEN Business","description":"Die Investis Holding SA baut ihr Segment Real Estate Services aus und \u00fcbernimmt das Facility-Management-Unternehmen Hauswartprofis.","robots":{"index":"index","follow":"follow","max-snippet":"max-snippet:-1","max-image-preview":"max-image-preview:large","max-video-preview":"max-video-preview:-1"},"canonical":"https:\/\/www.immobilienbusiness.ch\/de\/unternehmen\/2016-12-14\/investis-erwirbt-hauswartprofis\/","og_locale":"de_DE","og_type":"article","og_title":"Investis erwirbt Hauswartprofis","og_description":"Die Investis Holding SA baut ihr Segment Real Estate Services aus und \u00fcbernimmt das Facility-Management-Unternehmen Hauswartprofis.","og_url":"https:\/\/www.immobilienbusiness.ch\/de\/unternehmen\/2016-12-14\/investis-erwirbt-hauswartprofis\/","og_site_name":"IMMOBILIEN Business","article_publisher":"https:\/\/www.facebook.com\/immobilienbusiness\/","article_published_time":"2016-12-14T15:06:11+00:00","author":"anja.hall","twitter_card":"summary_large_image","twitter_title":"Investis erwirbt Hauswartprofis","twitter_description":"Die Investis Holding SA baut ihr Segment Real Estate Services aus und \u00fcbernimmt das Facility-Management-Unternehmen Hauswartprofis.","twitter_image":"https:\/\/immobilienbusiness.ch\/wp-content\/uploads\/2016\/12\/handshake-220233_1280.jpg","schema":{"@context":"https:\/\/schema.org","@graph":[{"@type":"Article","@id":"https:\/\/www.immobilienbusiness.ch\/unternehmen\/2016-12-14\/investis-erwirbt-hauswartprofis\/#article","isPartOf":{"@id":"https:\/\/www.immobilienbusiness.ch\/unternehmen\/2016-12-14\/investis-erwirbt-hauswartprofis\/"},"author":{"name":"anja.hall","@id":"https:\/\/www.immobilienbusiness.ch\/#\/schema\/person\/3fc036297b10b9f42d6db5ee932af8c8"},"headline":"Investis erwirbt Hauswartprofis","datePublished":"2016-12-14T15:06:11+00:00","mainEntityOfPage":{"@id":"https:\/\/www.immobilienbusiness.ch\/unternehmen\/2016-12-14\/investis-erwirbt-hauswartprofis\/"},"wordCount":207,"commentCount":0,"publisher":{"@id":"https:\/\/www.immobilienbusiness.ch\/#organization"},"image":{"@id":"https:\/\/www.immobilienbusiness.ch\/unternehmen\/2016-12-14\/investis-erwirbt-hauswartprofis\/#primaryimage"},"thumbnailUrl":"https:\/\/www.immobilienbusiness.ch\/wp-content\/uploads\/2016\/12\/handshake-220233_1280.jpg","keywords":["Facility Management","Unternehmen"],"articleSection":["UNTERNEHMEN"],"inLanguage":"de"},{"@type":"WebPage","@id":"https:\/\/www.immobilienbusiness.ch\/unternehmen\/2016-12-14\/investis-erwirbt-hauswartprofis\/","url":"https:\/\/www.immobilienbusiness.ch\/unternehmen\/2016-12-14\/investis-erwirbt-hauswartprofis\/","name":"Investis erwirbt Hauswartprofis - IMMOBILIEN Business","isPartOf":{"@id":"https:\/\/www.immobilienbusiness.ch\/#website"},"primaryImageOfPage":{"@id":"https:\/\/www.immobilienbusiness.ch\/unternehmen\/2016-12-14\/investis-erwirbt-hauswartprofis\/#primaryimage"},"image":{"@id":"https:\/\/www.immobilienbusiness.ch\/unternehmen\/2016-12-14\/investis-erwirbt-hauswartprofis\/#primaryimage"},"thumbnailUrl":"https:\/\/www.immobilienbusiness.ch\/wp-content\/uploads\/2016\/12\/handshake-220233_1280.jpg","datePublished":"2016-12-14T15:06:11+00:00","description":"Die Investis Holding SA baut ihr Segment Real Estate Services aus und \u00fcbernimmt das Facility-Management-Unternehmen Hauswartprofis.","breadcrumb":{"@id":"https:\/\/www.immobilienbusiness.ch\/unternehmen\/2016-12-14\/investis-erwirbt-hauswartprofis\/#breadcrumb"},"inLanguage":"de","potentialAction":[{"@type":"ReadAction","target":["https:\/\/www.immobilienbusiness.ch\/unternehmen\/2016-12-14\/investis-erwirbt-hauswartprofis\/"]}]},{"@type":"ImageObject","inLanguage":"de","@id":"https:\/\/www.immobilienbusiness.ch\/unternehmen\/2016-12-14\/investis-erwirbt-hauswartprofis\/#primaryimage","url":"https:\/\/www.immobilienbusiness.ch\/wp-content\/uploads\/2016\/12\/handshake-220233_1280.jpg","contentUrl":"https:\/\/www.immobilienbusiness.ch\/wp-content\/uploads\/2016\/12\/handshake-220233_1280.jpg","width":1280,"height":930,"caption":"Corestate \u00fcbernimmt den Fondsanbieter Hannover Leasing (Grafik: Pixabay)"},{"@type":"BreadcrumbList","@id":"https:\/\/www.immobilienbusiness.ch\/unternehmen\/2016-12-14\/investis-erwirbt-hauswartprofis\/#breadcrumb","itemListElement":[{"@type":"ListItem","position":1,"name":"Home","item":"https:\/\/www.immobilienbusiness.ch\/"},{"@type":"ListItem","position":2,"name":"Investis erwirbt Hauswartprofis"}]},{"@type":"WebSite","@id":"https:\/\/www.immobilienbusiness.ch\/#website","url":"https:\/\/www.immobilienbusiness.ch\/","name":"IMMOBILIEN Business","description":"Unabh\u00e4ngiges Schweizer Wirtschaftsmagazin mit Fokus auf Immobilien, Architektur- und Bau sowie Investment- und Finanzierung.","publisher":{"@id":"https:\/\/www.immobilienbusiness.ch\/#organization"},"potentialAction":[{"@type":"SearchAction","target":{"@type":"EntryPoint","urlTemplate":"https:\/\/www.immobilienbusiness.ch\/?s={search_term_string}"},"query-input":{"@type":"PropertyValueSpecification","valueRequired":true,"valueName":"search_term_string"}}],"inLanguage":"de"},{"@type":"Organization","@id":"https:\/\/www.immobilienbusiness.ch\/#organization","name":"IMMOBILIEN Business","url":"https:\/\/www.immobilienbusiness.ch\/","logo":{"@type":"ImageObject","inLanguage":"de","@id":"https:\/\/www.immobilienbusiness.ch\/#\/schema\/logo\/image\/","url":"https:\/\/www.immobilienbusiness.ch\/wp-content\/uploads\/2021\/07\/logo_ib.png","contentUrl":"https:\/\/www.immobilienbusiness.ch\/wp-content\/uploads\/2021\/07\/logo_ib.png","width":800,"height":181,"caption":"IMMOBILIEN Business"},"image":{"@id":"https:\/\/www.immobilienbusiness.ch\/#\/schema\/logo\/image\/"},"sameAs":["https:\/\/www.facebook.com\/immobilienbusiness\/"]},{"@type":"Person","@id":"https:\/\/www.immobilienbusiness.ch\/#\/schema\/person\/3fc036297b10b9f42d6db5ee932af8c8","name":"anja.hall","image":{"@type":"ImageObject","inLanguage":"de","@id":"https:\/\/secure.gravatar.com\/avatar\/066b5a0d447013502c71a5782f4f3469f03cfe595cc2329fb94652fe47511bfb?s=96&d=mm&r=g","url":"https:\/\/secure.gravatar.com\/avatar\/066b5a0d447013502c71a5782f4f3469f03cfe595cc2329fb94652fe47511bfb?s=96&d=mm&r=g","contentUrl":"https:\/\/secure.gravatar.com\/avatar\/066b5a0d447013502c71a5782f4f3469f03cfe595cc2329fb94652fe47511bfb?s=96&d=mm&r=g","caption":"anja.hall"},"url":"https:\/\/www.immobilienbusiness.ch\/de\/author\/anja-hall\/"}]}},"_links":{"self":[{"href":"https:\/\/www.immobilienbusiness.ch\/de\/wp-json\/wp\/v2\/posts\/5254","targetHints":{"allow":["GET"]}}],"collection":[{"href":"https:\/\/www.immobilienbusiness.ch\/de\/wp-json\/wp\/v2\/posts"}],"about":[{"href":"https:\/\/www.immobilienbusiness.ch\/de\/wp-json\/wp\/v2\/types\/post"}],"author":[{"embeddable":true,"href":"https:\/\/www.immobilienbusiness.ch\/de\/wp-json\/wp\/v2\/users\/3"}],"replies":[{"embeddable":true,"href":"https:\/\/www.immobilienbusiness.ch\/de\/wp-json\/wp\/v2\/comments?post=5254"}],"version-history":[{"count":0,"href":"https:\/\/www.immobilienbusiness.ch\/de\/wp-json\/wp\/v2\/posts\/5254\/revisions"}],"wp:featuredmedia":[{"embeddable":true,"href":"https:\/\/www.immobilienbusiness.ch\/de\/wp-json\/wp\/v2\/media\/5255"}],"wp:attachment":[{"href":"https:\/\/www.immobilienbusiness.ch\/de\/wp-json\/wp\/v2\/media?parent=5254"}],"wp:term":[{"taxonomy":"category","embeddable":true,"href":"https:\/\/www.immobilienbusiness.ch\/de\/wp-json\/wp\/v2\/categories?post=5254"},{"taxonomy":"post_tag","embeddable":true,"href":"https:\/\/www.immobilienbusiness.ch\/de\/wp-json\/wp\/v2\/tags?post=5254"}],"curies":[{"name":"wp","href":"https:\/\/api.w.org\/{rel}","templated":true}]}}