{"id":5214,"date":"2016-12-12T08:21:26","date_gmt":"2016-12-12T07:21:26","guid":{"rendered":"http:\/\/dev.immobilienbusiness.ch\/?p=5214"},"modified":"2016-12-12T08:21:26","modified_gmt":"2016-12-12T07:21:26","slug":"transitlager-in-muenchenstein-ist-eingeweiht","status":"publish","type":"post","link":"https:\/\/www.immobilienbusiness.ch\/de\/residential\/2016-12-12\/transitlager-in-muenchenstein-ist-eingeweiht\/","title":{"rendered":"Transitlager in M\u00fcnchenstein ist eingeweiht"},"content":{"rendered":"<figure id=\"attachment_5215\" aria-describedby=\"caption-attachment-5215\" style=\"width: 680px\" class=\"wp-caption alignnone\"><img loading=\"lazy\" decoding=\"async\" class=\"size-medium wp-image-5215\" src=\"https:\/\/immobilienbusiness.ch\/wp-content\/uploads\/2016\/12\/Transitlager-in-M\u00fcnchenstein-ist-eingeweiht-immobilien-business.jpg\" alt=\"\" width=\"680\" height=\"383\" \/><figcaption id=\"caption-attachment-5215\" class=\"wp-caption-text\">Das Transitlager in M\u00fcnchenstein ist offiziell eingeweiht (Visualisierung: N\u00fcesch Development)<\/figcaption><\/figure>\n<p>Bauherrin ist die UBS Fund Management (Switzerland) AG, entwickelt wurde das Projekt von der N\u00fcesch Development. Halter war Totalunternehmer, Grundeigent\u00fcmer\u00a0ist die Christoph Merian Stiftung.<\/p>\n<p>Praktisch alle 103 Wohneinheiten, die sich in Lofts, Duplex- und Etagenwohnungen aufteilen, sind nach Angaben der UBS\u00a0vermietet. Ebenso konnten f\u00fcr einen Grossteil der kommerziell genutzten Fl\u00e4chen Mieter gefunden werden.<\/p>\n<p>\u00abDas Transitlager hat Pilotcharakter im Quartier, setzt aber auch ein Signal f\u00fcr Ver\u00e4nderung \u00fcber dessen Grenzen hinaus\u00bb, sagte der d\u00e4nische Bjarke Ingels, dessen B\u00fcro BIG f\u00fcr die Pl\u00e4ne verantwortlich zeichnete. \u00abDie Identit\u00e4t des Geb\u00e4udes ist durch seine Schiffsform gegeben. Das Transitlager ist authentisch, man musste nicht erst auf eine Entwicklung warten.\u00bb (ah)<\/p>\n","protected":false},"excerpt":{"rendered":"<p>Nach mehr als zwei Jahren Bauzeit wurde Anfang Dezember das Transitlager in M\u00fcnchenstein (BL) offiziell an die Mieter \u00fcbergeben.<\/p>\n","protected":false},"author":1,"featured_media":5215,"comment_status":"open","ping_status":"open","sticky":false,"template":"","format":"standard","meta":{"_acf_changed":false,"_yoast_wpseo_focuskw":"Transitlager","_yoast_wpseo_title":"","_yoast_wpseo_metadesc":"Nach mehr als zwei Jahren Bauzeit wurde Anfang Dezember das Transitlager in M\u00fcnchenstein (BL) offiziell an die Mieter \u00fcbergeben.","_yoast_wpseo_linkdex":51,"pgc_sgb_lightbox_settings":"","footnotes":""},"categories":[986],"tags":[1069,1639,1862],"class_list":["post-5214","post","type-post","status-publish","format-standard","has-post-thumbnail","hentry","category-residential","tag-basel","tag-residential","tag-wohnen"],"acf":[],"yoast_head":"<!-- This site is optimized with the Yoast SEO plugin v27.4 - https:\/\/yoast.com\/product\/yoast-seo-wordpress\/ -->\n<title>Transitlager in M\u00fcnchenstein ist eingeweiht - IMMOBILIEN Business<\/title>\n<meta name=\"description\" content=\"Nach mehr als zwei Jahren Bauzeit wurde Anfang Dezember das Transitlager in M\u00fcnchenstein (BL) offiziell an die Mieter \u00fcbergeben.\" \/>\n<meta name=\"robots\" content=\"index, follow, max-snippet:-1, max-image-preview:large, max-video-preview:-1\" \/>\n<link rel=\"canonical\" href=\"https:\/\/www.immobilienbusiness.ch\/de\/residential\/2016-12-12\/transitlager-in-muenchenstein-ist-eingeweiht\/\" \/>\n<meta property=\"og:locale\" content=\"de_DE\" \/>\n<meta property=\"og:type\" content=\"article\" \/>\n<meta property=\"og:title\" content=\"Transitlager in M\u00fcnchenstein ist eingeweiht\" \/>\n<meta property=\"og:description\" content=\"Nach mehr als zwei Jahren Bauzeit wurde Anfang Dezember das Transitlager in M\u00fcnchenstein (BL) offiziell an die Mieter \u00fcbergeben.\" \/>\n<meta property=\"og:url\" content=\"https:\/\/www.immobilienbusiness.ch\/de\/residential\/2016-12-12\/transitlager-in-muenchenstein-ist-eingeweiht\/\" \/>\n<meta property=\"og:site_name\" content=\"IMMOBILIEN Business\" \/>\n<meta property=\"article:publisher\" content=\"https:\/\/www.facebook.com\/immobilienbusiness\/\" \/>\n<meta property=\"article:published_time\" content=\"2016-12-12T07:21:26+00:00\" \/>\n<meta name=\"author\" content=\"Redaktion\" \/>\n<meta name=\"twitter:card\" content=\"summary_large_image\" \/>\n<meta name=\"twitter:image\" content=\"https:\/\/www.immobilienbusiness.ch\/wp-content\/uploads\/2016\/12\/Transitlager-in-Muenchenstein-ist-eingeweiht-immobilien-business.jpg\" \/>\n<script type=\"application\/ld+json\" class=\"yoast-schema-graph\">{\"@context\":\"https:\\\/\\\/schema.org\",\"@graph\":[{\"@type\":\"Article\",\"@id\":\"https:\\\/\\\/www.immobilienbusiness.ch\\\/de\\\/residential\\\/2016-12-12\\\/transitlager-in-muenchenstein-ist-eingeweiht\\\/#article\",\"isPartOf\":{\"@id\":\"https:\\\/\\\/www.immobilienbusiness.ch\\\/de\\\/residential\\\/2016-12-12\\\/transitlager-in-muenchenstein-ist-eingeweiht\\\/\"},\"author\":{\"name\":\"Redaktion\",\"@id\":\"https:\\\/\\\/www.immobilienbusiness.ch\\\/#\\\/schema\\\/person\\\/aa2bace6c5c5aad60102004a50c4eb1c\"},\"headline\":\"Transitlager in M\u00fcnchenstein ist eingeweiht\",\"datePublished\":\"2016-12-12T07:21:26+00:00\",\"mainEntityOfPage\":{\"@id\":\"https:\\\/\\\/www.immobilienbusiness.ch\\\/de\\\/residential\\\/2016-12-12\\\/transitlager-in-muenchenstein-ist-eingeweiht\\\/\"},\"wordCount\":143,\"commentCount\":0,\"publisher\":{\"@id\":\"https:\\\/\\\/www.immobilienbusiness.ch\\\/#organization\"},\"image\":{\"@id\":\"https:\\\/\\\/www.immobilienbusiness.ch\\\/de\\\/residential\\\/2016-12-12\\\/transitlager-in-muenchenstein-ist-eingeweiht\\\/#primaryimage\"},\"thumbnailUrl\":\"https:\\\/\\\/www.immobilienbusiness.ch\\\/wp-content\\\/uploads\\\/2016\\\/12\\\/Transitlager-in-Muenchenstein-ist-eingeweiht-immobilien-business.jpg\",\"keywords\":[\"Basel\",\"Residential\",\"Wohnen\"],\"articleSection\":[\"RESIDENTIAL\"],\"inLanguage\":\"de\"},{\"@type\":\"WebPage\",\"@id\":\"https:\\\/\\\/www.immobilienbusiness.ch\\\/de\\\/residential\\\/2016-12-12\\\/transitlager-in-muenchenstein-ist-eingeweiht\\\/\",\"url\":\"https:\\\/\\\/www.immobilienbusiness.ch\\\/de\\\/residential\\\/2016-12-12\\\/transitlager-in-muenchenstein-ist-eingeweiht\\\/\",\"name\":\"Transitlager in M\u00fcnchenstein ist eingeweiht - IMMOBILIEN Business\",\"isPartOf\":{\"@id\":\"https:\\\/\\\/www.immobilienbusiness.ch\\\/#website\"},\"primaryImageOfPage\":{\"@id\":\"https:\\\/\\\/www.immobilienbusiness.ch\\\/de\\\/residential\\\/2016-12-12\\\/transitlager-in-muenchenstein-ist-eingeweiht\\\/#primaryimage\"},\"image\":{\"@id\":\"https:\\\/\\\/www.immobilienbusiness.ch\\\/de\\\/residential\\\/2016-12-12\\\/transitlager-in-muenchenstein-ist-eingeweiht\\\/#primaryimage\"},\"thumbnailUrl\":\"https:\\\/\\\/www.immobilienbusiness.ch\\\/wp-content\\\/uploads\\\/2016\\\/12\\\/Transitlager-in-Muenchenstein-ist-eingeweiht-immobilien-business.jpg\",\"datePublished\":\"2016-12-12T07:21:26+00:00\",\"description\":\"Nach mehr als zwei Jahren Bauzeit wurde Anfang Dezember das Transitlager in M\u00fcnchenstein (BL) offiziell an die Mieter \u00fcbergeben.\",\"breadcrumb\":{\"@id\":\"https:\\\/\\\/www.immobilienbusiness.ch\\\/de\\\/residential\\\/2016-12-12\\\/transitlager-in-muenchenstein-ist-eingeweiht\\\/#breadcrumb\"},\"inLanguage\":\"de\",\"potentialAction\":[{\"@type\":\"ReadAction\",\"target\":[\"https:\\\/\\\/www.immobilienbusiness.ch\\\/de\\\/residential\\\/2016-12-12\\\/transitlager-in-muenchenstein-ist-eingeweiht\\\/\"]}]},{\"@type\":\"ImageObject\",\"inLanguage\":\"de\",\"@id\":\"https:\\\/\\\/www.immobilienbusiness.ch\\\/de\\\/residential\\\/2016-12-12\\\/transitlager-in-muenchenstein-ist-eingeweiht\\\/#primaryimage\",\"url\":\"https:\\\/\\\/www.immobilienbusiness.ch\\\/wp-content\\\/uploads\\\/2016\\\/12\\\/Transitlager-in-Muenchenstein-ist-eingeweiht-immobilien-business.jpg\",\"contentUrl\":\"https:\\\/\\\/www.immobilienbusiness.ch\\\/wp-content\\\/uploads\\\/2016\\\/12\\\/Transitlager-in-Muenchenstein-ist-eingeweiht-immobilien-business.jpg\",\"width\":944,\"height\":531,\"caption\":\"Das Transitlager in M\u00fcnchenstein ist offiziell eingeweiht (Visualisierung: N\u00fcesch Development)\"},{\"@type\":\"BreadcrumbList\",\"@id\":\"https:\\\/\\\/www.immobilienbusiness.ch\\\/de\\\/residential\\\/2016-12-12\\\/transitlager-in-muenchenstein-ist-eingeweiht\\\/#breadcrumb\",\"itemListElement\":[{\"@type\":\"ListItem\",\"position\":1,\"name\":\"Home\",\"item\":\"https:\\\/\\\/www.immobilienbusiness.ch\\\/\"},{\"@type\":\"ListItem\",\"position\":2,\"name\":\"Transitlager in M\u00fcnchenstein ist eingeweiht\"}]},{\"@type\":\"WebSite\",\"@id\":\"https:\\\/\\\/www.immobilienbusiness.ch\\\/#website\",\"url\":\"https:\\\/\\\/www.immobilienbusiness.ch\\\/\",\"name\":\"IMMOBILIEN Business\",\"description\":\"Unabh\u00e4ngiges Schweizer Wirtschaftsmagazin mit Fokus auf Immobilien, Architektur- und Bau sowie Investment- und Finanzierung.\",\"publisher\":{\"@id\":\"https:\\\/\\\/www.immobilienbusiness.ch\\\/#organization\"},\"potentialAction\":[{\"@type\":\"SearchAction\",\"target\":{\"@type\":\"EntryPoint\",\"urlTemplate\":\"https:\\\/\\\/www.immobilienbusiness.ch\\\/?s={search_term_string}\"},\"query-input\":{\"@type\":\"PropertyValueSpecification\",\"valueRequired\":true,\"valueName\":\"search_term_string\"}}],\"inLanguage\":\"de\"},{\"@type\":\"Organization\",\"@id\":\"https:\\\/\\\/www.immobilienbusiness.ch\\\/#organization\",\"name\":\"IMMOBILIEN Business\",\"url\":\"https:\\\/\\\/www.immobilienbusiness.ch\\\/\",\"logo\":{\"@type\":\"ImageObject\",\"inLanguage\":\"de\",\"@id\":\"https:\\\/\\\/www.immobilienbusiness.ch\\\/#\\\/schema\\\/logo\\\/image\\\/\",\"url\":\"https:\\\/\\\/www.immobilienbusiness.ch\\\/wp-content\\\/uploads\\\/2021\\\/07\\\/logo_ib.png\",\"contentUrl\":\"https:\\\/\\\/www.immobilienbusiness.ch\\\/wp-content\\\/uploads\\\/2021\\\/07\\\/logo_ib.png\",\"width\":800,\"height\":181,\"caption\":\"IMMOBILIEN Business\"},\"image\":{\"@id\":\"https:\\\/\\\/www.immobilienbusiness.ch\\\/#\\\/schema\\\/logo\\\/image\\\/\"},\"sameAs\":[\"https:\\\/\\\/www.facebook.com\\\/immobilienbusiness\\\/\"]},{\"@type\":\"Person\",\"@id\":\"https:\\\/\\\/www.immobilienbusiness.ch\\\/#\\\/schema\\\/person\\\/aa2bace6c5c5aad60102004a50c4eb1c\",\"name\":\"Redaktion\",\"image\":{\"@type\":\"ImageObject\",\"inLanguage\":\"de\",\"@id\":\"https:\\\/\\\/secure.gravatar.com\\\/avatar\\\/ae2f4d718e6c49043e314ce431e7e645d646302a24a5ef5a8bc8e3f5a032e319?s=96&d=mm&r=g\",\"url\":\"https:\\\/\\\/secure.gravatar.com\\\/avatar\\\/ae2f4d718e6c49043e314ce431e7e645d646302a24a5ef5a8bc8e3f5a032e319?s=96&d=mm&r=g\",\"contentUrl\":\"https:\\\/\\\/secure.gravatar.com\\\/avatar\\\/ae2f4d718e6c49043e314ce431e7e645d646302a24a5ef5a8bc8e3f5a032e319?s=96&d=mm&r=g\",\"caption\":\"Redaktion\"},\"sameAs\":[\"http:\\\/\\\/develop.organisator.galledia.ch\"],\"url\":\"https:\\\/\\\/www.immobilienbusiness.ch\\\/de\\\/author\\\/admin\\\/\"}]}<\/script>\n<!-- \/ Yoast SEO plugin. -->","yoast_head_json":{"title":"Transitlager in M\u00fcnchenstein ist eingeweiht - IMMOBILIEN Business","description":"Nach mehr als zwei Jahren Bauzeit wurde Anfang Dezember das Transitlager in M\u00fcnchenstein (BL) offiziell an die Mieter \u00fcbergeben.","robots":{"index":"index","follow":"follow","max-snippet":"max-snippet:-1","max-image-preview":"max-image-preview:large","max-video-preview":"max-video-preview:-1"},"canonical":"https:\/\/www.immobilienbusiness.ch\/de\/residential\/2016-12-12\/transitlager-in-muenchenstein-ist-eingeweiht\/","og_locale":"de_DE","og_type":"article","og_title":"Transitlager in M\u00fcnchenstein ist eingeweiht","og_description":"Nach mehr als zwei Jahren Bauzeit wurde Anfang Dezember das Transitlager in M\u00fcnchenstein (BL) offiziell an die Mieter \u00fcbergeben.","og_url":"https:\/\/www.immobilienbusiness.ch\/de\/residential\/2016-12-12\/transitlager-in-muenchenstein-ist-eingeweiht\/","og_site_name":"IMMOBILIEN Business","article_publisher":"https:\/\/www.facebook.com\/immobilienbusiness\/","article_published_time":"2016-12-12T07:21:26+00:00","author":"Redaktion","twitter_card":"summary_large_image","twitter_image":"https:\/\/www.immobilienbusiness.ch\/wp-content\/uploads\/2016\/12\/Transitlager-in-Muenchenstein-ist-eingeweiht-immobilien-business.jpg","schema":{"@context":"https:\/\/schema.org","@graph":[{"@type":"Article","@id":"https:\/\/www.immobilienbusiness.ch\/de\/residential\/2016-12-12\/transitlager-in-muenchenstein-ist-eingeweiht\/#article","isPartOf":{"@id":"https:\/\/www.immobilienbusiness.ch\/de\/residential\/2016-12-12\/transitlager-in-muenchenstein-ist-eingeweiht\/"},"author":{"name":"Redaktion","@id":"https:\/\/www.immobilienbusiness.ch\/#\/schema\/person\/aa2bace6c5c5aad60102004a50c4eb1c"},"headline":"Transitlager in M\u00fcnchenstein ist eingeweiht","datePublished":"2016-12-12T07:21:26+00:00","mainEntityOfPage":{"@id":"https:\/\/www.immobilienbusiness.ch\/de\/residential\/2016-12-12\/transitlager-in-muenchenstein-ist-eingeweiht\/"},"wordCount":143,"commentCount":0,"publisher":{"@id":"https:\/\/www.immobilienbusiness.ch\/#organization"},"image":{"@id":"https:\/\/www.immobilienbusiness.ch\/de\/residential\/2016-12-12\/transitlager-in-muenchenstein-ist-eingeweiht\/#primaryimage"},"thumbnailUrl":"https:\/\/www.immobilienbusiness.ch\/wp-content\/uploads\/2016\/12\/Transitlager-in-Muenchenstein-ist-eingeweiht-immobilien-business.jpg","keywords":["Basel","Residential","Wohnen"],"articleSection":["RESIDENTIAL"],"inLanguage":"de"},{"@type":"WebPage","@id":"https:\/\/www.immobilienbusiness.ch\/de\/residential\/2016-12-12\/transitlager-in-muenchenstein-ist-eingeweiht\/","url":"https:\/\/www.immobilienbusiness.ch\/de\/residential\/2016-12-12\/transitlager-in-muenchenstein-ist-eingeweiht\/","name":"Transitlager in M\u00fcnchenstein ist eingeweiht - IMMOBILIEN Business","isPartOf":{"@id":"https:\/\/www.immobilienbusiness.ch\/#website"},"primaryImageOfPage":{"@id":"https:\/\/www.immobilienbusiness.ch\/de\/residential\/2016-12-12\/transitlager-in-muenchenstein-ist-eingeweiht\/#primaryimage"},"image":{"@id":"https:\/\/www.immobilienbusiness.ch\/de\/residential\/2016-12-12\/transitlager-in-muenchenstein-ist-eingeweiht\/#primaryimage"},"thumbnailUrl":"https:\/\/www.immobilienbusiness.ch\/wp-content\/uploads\/2016\/12\/Transitlager-in-Muenchenstein-ist-eingeweiht-immobilien-business.jpg","datePublished":"2016-12-12T07:21:26+00:00","description":"Nach mehr als zwei Jahren Bauzeit wurde Anfang Dezember das Transitlager in M\u00fcnchenstein (BL) offiziell an die Mieter \u00fcbergeben.","breadcrumb":{"@id":"https:\/\/www.immobilienbusiness.ch\/de\/residential\/2016-12-12\/transitlager-in-muenchenstein-ist-eingeweiht\/#breadcrumb"},"inLanguage":"de","potentialAction":[{"@type":"ReadAction","target":["https:\/\/www.immobilienbusiness.ch\/de\/residential\/2016-12-12\/transitlager-in-muenchenstein-ist-eingeweiht\/"]}]},{"@type":"ImageObject","inLanguage":"de","@id":"https:\/\/www.immobilienbusiness.ch\/de\/residential\/2016-12-12\/transitlager-in-muenchenstein-ist-eingeweiht\/#primaryimage","url":"https:\/\/www.immobilienbusiness.ch\/wp-content\/uploads\/2016\/12\/Transitlager-in-Muenchenstein-ist-eingeweiht-immobilien-business.jpg","contentUrl":"https:\/\/www.immobilienbusiness.ch\/wp-content\/uploads\/2016\/12\/Transitlager-in-Muenchenstein-ist-eingeweiht-immobilien-business.jpg","width":944,"height":531,"caption":"Das Transitlager in M\u00fcnchenstein ist offiziell eingeweiht (Visualisierung: N\u00fcesch Development)"},{"@type":"BreadcrumbList","@id":"https:\/\/www.immobilienbusiness.ch\/de\/residential\/2016-12-12\/transitlager-in-muenchenstein-ist-eingeweiht\/#breadcrumb","itemListElement":[{"@type":"ListItem","position":1,"name":"Home","item":"https:\/\/www.immobilienbusiness.ch\/"},{"@type":"ListItem","position":2,"name":"Transitlager in M\u00fcnchenstein ist eingeweiht"}]},{"@type":"WebSite","@id":"https:\/\/www.immobilienbusiness.ch\/#website","url":"https:\/\/www.immobilienbusiness.ch\/","name":"IMMOBILIEN Business","description":"Unabh\u00e4ngiges Schweizer Wirtschaftsmagazin mit Fokus auf Immobilien, Architektur- und Bau sowie Investment- und Finanzierung.","publisher":{"@id":"https:\/\/www.immobilienbusiness.ch\/#organization"},"potentialAction":[{"@type":"SearchAction","target":{"@type":"EntryPoint","urlTemplate":"https:\/\/www.immobilienbusiness.ch\/?s={search_term_string}"},"query-input":{"@type":"PropertyValueSpecification","valueRequired":true,"valueName":"search_term_string"}}],"inLanguage":"de"},{"@type":"Organization","@id":"https:\/\/www.immobilienbusiness.ch\/#organization","name":"IMMOBILIEN Business","url":"https:\/\/www.immobilienbusiness.ch\/","logo":{"@type":"ImageObject","inLanguage":"de","@id":"https:\/\/www.immobilienbusiness.ch\/#\/schema\/logo\/image\/","url":"https:\/\/www.immobilienbusiness.ch\/wp-content\/uploads\/2021\/07\/logo_ib.png","contentUrl":"https:\/\/www.immobilienbusiness.ch\/wp-content\/uploads\/2021\/07\/logo_ib.png","width":800,"height":181,"caption":"IMMOBILIEN Business"},"image":{"@id":"https:\/\/www.immobilienbusiness.ch\/#\/schema\/logo\/image\/"},"sameAs":["https:\/\/www.facebook.com\/immobilienbusiness\/"]},{"@type":"Person","@id":"https:\/\/www.immobilienbusiness.ch\/#\/schema\/person\/aa2bace6c5c5aad60102004a50c4eb1c","name":"Redaktion","image":{"@type":"ImageObject","inLanguage":"de","@id":"https:\/\/secure.gravatar.com\/avatar\/ae2f4d718e6c49043e314ce431e7e645d646302a24a5ef5a8bc8e3f5a032e319?s=96&d=mm&r=g","url":"https:\/\/secure.gravatar.com\/avatar\/ae2f4d718e6c49043e314ce431e7e645d646302a24a5ef5a8bc8e3f5a032e319?s=96&d=mm&r=g","contentUrl":"https:\/\/secure.gravatar.com\/avatar\/ae2f4d718e6c49043e314ce431e7e645d646302a24a5ef5a8bc8e3f5a032e319?s=96&d=mm&r=g","caption":"Redaktion"},"sameAs":["http:\/\/develop.organisator.galledia.ch"],"url":"https:\/\/www.immobilienbusiness.ch\/de\/author\/admin\/"}]}},"_links":{"self":[{"href":"https:\/\/www.immobilienbusiness.ch\/de\/wp-json\/wp\/v2\/posts\/5214","targetHints":{"allow":["GET"]}}],"collection":[{"href":"https:\/\/www.immobilienbusiness.ch\/de\/wp-json\/wp\/v2\/posts"}],"about":[{"href":"https:\/\/www.immobilienbusiness.ch\/de\/wp-json\/wp\/v2\/types\/post"}],"author":[{"embeddable":true,"href":"https:\/\/www.immobilienbusiness.ch\/de\/wp-json\/wp\/v2\/users\/1"}],"replies":[{"embeddable":true,"href":"https:\/\/www.immobilienbusiness.ch\/de\/wp-json\/wp\/v2\/comments?post=5214"}],"version-history":[{"count":0,"href":"https:\/\/www.immobilienbusiness.ch\/de\/wp-json\/wp\/v2\/posts\/5214\/revisions"}],"wp:featuredmedia":[{"embeddable":true,"href":"https:\/\/www.immobilienbusiness.ch\/de\/wp-json\/wp\/v2\/media\/5215"}],"wp:attachment":[{"href":"https:\/\/www.immobilienbusiness.ch\/de\/wp-json\/wp\/v2\/media?parent=5214"}],"wp:term":[{"taxonomy":"category","embeddable":true,"href":"https:\/\/www.immobilienbusiness.ch\/de\/wp-json\/wp\/v2\/categories?post=5214"},{"taxonomy":"post_tag","embeddable":true,"href":"https:\/\/www.immobilienbusiness.ch\/de\/wp-json\/wp\/v2\/tags?post=5214"}],"curies":[{"name":"wp","href":"https:\/\/api.w.org\/{rel}","templated":true}]}}