{"id":51961,"date":"2023-08-11T08:15:43","date_gmt":"2023-08-11T06:15:43","guid":{"rendered":"https:\/\/www.immobilienbusiness.ch\/?p=51961"},"modified":"2023-08-17T10:28:50","modified_gmt":"2023-08-17T08:28:50","slug":"winterthur-weiterer-baustein-der-lokstadt-ist-fertiggestellt","status":"publish","type":"post","link":"https:\/\/www.immobilienbusiness.ch\/de\/regionen\/2023-08-11\/winterthur-weiterer-baustein-der-lokstadt-ist-fertiggestellt\/","title":{"rendered":"Winterthur: Weiterer Baustein der Lokstadt ist fertiggestellt"},"content":{"rendered":"<figure id=\"attachment_11824\" aria-describedby=\"caption-attachment-11824\" style=\"width: 2560px\" class=\"wp-caption alignnone\"><a href=\"https:\/\/www.immobilienbusiness.ch\/wp-content\/uploads\/2018\/03\/Sommerabend_am_Dialogplatz_mit_Krokodil_Bigboy_und_Rocket_PRINT.jpg\"><img loading=\"lazy\" decoding=\"async\" class=\"size-full wp-image-11824\" src=\"https:\/\/www.immobilienbusiness.ch\/wp-content\/uploads\/2018\/03\/Sommerabend_am_Dialogplatz_mit_Krokodil_Bigboy_und_Rocket_PRINT.jpg\" alt=\"\" width=\"2560\" height=\"1810\" srcset=\"https:\/\/www.immobilienbusiness.ch\/wp-content\/uploads\/2018\/03\/Sommerabend_am_Dialogplatz_mit_Krokodil_Bigboy_und_Rocket_PRINT.jpg 2560w, https:\/\/www.immobilienbusiness.ch\/wp-content\/uploads\/2018\/03\/Sommerabend_am_Dialogplatz_mit_Krokodil_Bigboy_und_Rocket_PRINT-300x212.jpg 300w, https:\/\/www.immobilienbusiness.ch\/wp-content\/uploads\/2018\/03\/Sommerabend_am_Dialogplatz_mit_Krokodil_Bigboy_und_Rocket_PRINT-1024x724.jpg 1024w, https:\/\/www.immobilienbusiness.ch\/wp-content\/uploads\/2018\/03\/Sommerabend_am_Dialogplatz_mit_Krokodil_Bigboy_und_Rocket_PRINT-768x543.jpg 768w, https:\/\/www.immobilienbusiness.ch\/wp-content\/uploads\/2018\/03\/Sommerabend_am_Dialogplatz_mit_Krokodil_Bigboy_und_Rocket_PRINT-1536x1086.jpg 1536w, https:\/\/www.immobilienbusiness.ch\/wp-content\/uploads\/2018\/03\/Sommerabend_am_Dialogplatz_mit_Krokodil_Bigboy_und_Rocket_PRINT-2048x1448.jpg 2048w, https:\/\/www.immobilienbusiness.ch\/wp-content\/uploads\/2018\/03\/Sommerabend_am_Dialogplatz_mit_Krokodil_Bigboy_und_Rocket_PRINT-16x12.jpg 16w, https:\/\/www.immobilienbusiness.ch\/wp-content\/uploads\/2018\/03\/Sommerabend_am_Dialogplatz_mit_Krokodil_Bigboy_und_Rocket_PRINT-248x175.jpg 248w, https:\/\/www.immobilienbusiness.ch\/wp-content\/uploads\/2018\/03\/Sommerabend_am_Dialogplatz_mit_Krokodil_Bigboy_und_Rocket_PRINT-495x350.jpg 495w, https:\/\/www.immobilienbusiness.ch\/wp-content\/uploads\/2018\/03\/Sommerabend_am_Dialogplatz_mit_Krokodil_Bigboy_und_Rocket_PRINT-1132x800.jpg 1132w, https:\/\/www.immobilienbusiness.ch\/wp-content\/uploads\/2018\/03\/Sommerabend_am_Dialogplatz_mit_Krokodil_Bigboy_und_Rocket_PRINT-920x650.jpg 920w, https:\/\/www.immobilienbusiness.ch\/wp-content\/uploads\/2018\/03\/Sommerabend_am_Dialogplatz_mit_Krokodil_Bigboy_und_Rocket_PRINT-1400x990.jpg 1400w, https:\/\/www.immobilienbusiness.ch\/wp-content\/uploads\/2018\/03\/Sommerabend_am_Dialogplatz_mit_Krokodil_Bigboy_und_Rocket_PRINT-1980x1400.jpg 1980w\" sizes=\"auto, (max-width: 2560px) 100vw, 2560px\" \/><\/a><figcaption id=\"caption-attachment-11824\" class=\"wp-caption-text\">Implenia realisiert \u00fcber einen Zeitraum von rund zehn Jahren den neuen Winterthurer Stadtteil Lokstadt (Bild: Implenia)<\/figcaption><\/figure>\n<p>Das Projekt Lokstadt in Winterthur der Ina Invest kommt weiter voran. Wie Implenia im Business-Netzwerk Linkedin mitteilt, ist das Modernisierungsprojekt Draisine abgeschlossen und an die k\u00fcnftigen Mieter \u00fcbergeben worden. Hauptmieterin der 1.650 qm grossen denkmalgesch\u00fctzten Halle ist die Stadt Winterthur mit dem Amt f\u00fcr Schulbauten. Ab dem Schuljahr 2023\/24 werden in der Draisine unter anderem zwei Kindergarten- und zwei Unterstufe-Schulklassen unterrichtet.<\/p>\n<p>Implenia war beauftragt, die Halle in der ehemaligen Schweizerischen Lokomotiv- und Maschinenfabrik in Winterthur als Totalunternehmer und mit eigenem Baumeister und Holzbau f\u00fcr die Eigent\u00fcmerin Ina Invest zu entwickeln und zu renovieren. Implenia hat auch den Mieterausbau f\u00fcr die Stadt Winterthur \u00fcbernommen. Die Bauzeit dauerte von April 2022 bis Juli 2023. <em>(ah)<\/em><\/p>\n","protected":false},"excerpt":{"rendered":"<p>Die Modernisierung der Halle Draisine in der Winterthurer Lokstadt ist abgeschlossen. Das Geb\u00e4ude ist an die k\u00fcnftigen Mieter \u00fcbergeben worden.<\/p>\n","protected":false},"author":3,"featured_media":11824,"comment_status":"closed","ping_status":"closed","sticky":false,"template":"","format":"standard","meta":{"_acf_changed":false,"_yoast_wpseo_focuskw":"Lokstadt","_yoast_wpseo_title":"","_yoast_wpseo_metadesc":"Die Modernisierung der Halle Draisine in der Winterthurer Lokstadt ist abgeschlossen. Das Geb\u00e4ude ist an die k\u00fcnftigen Mieter \u00fcbergeben worden.","_yoast_wpseo_linkdex":55,"pgc_sgb_lightbox_settings":"","footnotes":""},"categories":[985],"tags":[1219,1359,1360,1924,1858],"class_list":["post-51961","post","type-post","status-publish","format-standard","has-post-thumbnail","hentry","category-regionen","tag-fertigstellung","tag-implenia","tag-ina-invest","tag-lokstadt","tag-winterthur"],"acf":[],"yoast_head":"<!-- This site is optimized with the Yoast SEO plugin v27.4 - https:\/\/yoast.com\/product\/yoast-seo-wordpress\/ -->\n<title>Winterthur: Weiterer Baustein der Lokstadt ist fertiggestellt - IMMOBILIEN Business<\/title>\n<meta name=\"description\" content=\"Die Modernisierung der Halle Draisine in der Winterthurer Lokstadt ist abgeschlossen. Das Geb\u00e4ude ist an die k\u00fcnftigen Mieter \u00fcbergeben worden.\" \/>\n<meta name=\"robots\" content=\"index, follow, max-snippet:-1, max-image-preview:large, max-video-preview:-1\" \/>\n<link rel=\"canonical\" href=\"https:\/\/www.immobilienbusiness.ch\/de\/regionen\/2023-08-11\/winterthur-weiterer-baustein-der-lokstadt-ist-fertiggestellt\/\" \/>\n<meta property=\"og:locale\" content=\"de_DE\" \/>\n<meta property=\"og:type\" content=\"article\" \/>\n<meta property=\"og:title\" content=\"Winterthur: Weiterer Baustein der Lokstadt ist fertiggestellt - IMMOBILIEN Business\" \/>\n<meta property=\"og:description\" content=\"Die Modernisierung der Halle Draisine in der Winterthurer Lokstadt ist abgeschlossen. Das Geb\u00e4ude ist an die k\u00fcnftigen Mieter \u00fcbergeben worden.\" \/>\n<meta property=\"og:url\" content=\"https:\/\/www.immobilienbusiness.ch\/de\/regionen\/2023-08-11\/winterthur-weiterer-baustein-der-lokstadt-ist-fertiggestellt\/\" \/>\n<meta property=\"og:site_name\" content=\"IMMOBILIEN Business\" \/>\n<meta property=\"article:publisher\" content=\"https:\/\/www.facebook.com\/immobilienbusiness\/\" \/>\n<meta property=\"article:published_time\" content=\"2023-08-11T06:15:43+00:00\" \/>\n<meta property=\"article:modified_time\" content=\"2023-08-17T08:28:50+00:00\" \/>\n<meta property=\"og:image\" content=\"https:\/\/www.immobilienbusiness.ch\/wp-content\/uploads\/2018\/03\/Sommerabend_am_Dialogplatz_mit_Krokodil_Bigboy_und_Rocket_PRINT-1024x724.jpg\" \/>\n\t<meta property=\"og:image:width\" content=\"1024\" \/>\n\t<meta property=\"og:image:height\" content=\"724\" \/>\n\t<meta property=\"og:image:type\" content=\"image\/jpeg\" \/>\n<meta name=\"author\" content=\"anja.hall\" \/>\n<meta name=\"twitter:card\" content=\"summary_large_image\" \/>\n<meta name=\"twitter:image\" content=\"https:\/\/www.immobilienbusiness.ch\/wp-content\/uploads\/2018\/03\/Sommerabend_am_Dialogplatz_mit_Krokodil_Bigboy_und_Rocket_PRINT.jpg\" \/>\n<script type=\"application\/ld+json\" class=\"yoast-schema-graph\">{\"@context\":\"https:\\\/\\\/schema.org\",\"@graph\":[{\"@type\":\"Article\",\"@id\":\"https:\\\/\\\/www.immobilienbusiness.ch\\\/it\\\/regionen\\\/2023-08-11\\\/winterthur-weiterer-baustein-der-lokstadt-ist-fertiggestellt\\\/#article\",\"isPartOf\":{\"@id\":\"https:\\\/\\\/www.immobilienbusiness.ch\\\/it\\\/regionen\\\/2023-08-11\\\/winterthur-weiterer-baustein-der-lokstadt-ist-fertiggestellt\\\/\"},\"author\":{\"name\":\"anja.hall\",\"@id\":\"https:\\\/\\\/www.immobilienbusiness.ch\\\/#\\\/schema\\\/person\\\/3fc036297b10b9f42d6db5ee932af8c8\"},\"headline\":\"Winterthur: Weiterer Baustein der Lokstadt ist fertiggestellt\",\"datePublished\":\"2023-08-11T06:15:43+00:00\",\"dateModified\":\"2023-08-17T08:28:50+00:00\",\"mainEntityOfPage\":{\"@id\":\"https:\\\/\\\/www.immobilienbusiness.ch\\\/it\\\/regionen\\\/2023-08-11\\\/winterthur-weiterer-baustein-der-lokstadt-ist-fertiggestellt\\\/\"},\"wordCount\":145,\"publisher\":{\"@id\":\"https:\\\/\\\/www.immobilienbusiness.ch\\\/#organization\"},\"image\":{\"@id\":\"https:\\\/\\\/www.immobilienbusiness.ch\\\/it\\\/regionen\\\/2023-08-11\\\/winterthur-weiterer-baustein-der-lokstadt-ist-fertiggestellt\\\/#primaryimage\"},\"thumbnailUrl\":\"https:\\\/\\\/www.immobilienbusiness.ch\\\/wp-content\\\/uploads\\\/2018\\\/03\\\/Sommerabend_am_Dialogplatz_mit_Krokodil_Bigboy_und_Rocket_PRINT.jpg\",\"keywords\":[\"Fertigstellung\",\"Implenia\",\"Ina Invest\",\"Lokstadt\",\"Winterthur\"],\"articleSection\":[\"REGIONEN\"],\"inLanguage\":\"de\"},{\"@type\":\"WebPage\",\"@id\":\"https:\\\/\\\/www.immobilienbusiness.ch\\\/it\\\/regionen\\\/2023-08-11\\\/winterthur-weiterer-baustein-der-lokstadt-ist-fertiggestellt\\\/\",\"url\":\"https:\\\/\\\/www.immobilienbusiness.ch\\\/it\\\/regionen\\\/2023-08-11\\\/winterthur-weiterer-baustein-der-lokstadt-ist-fertiggestellt\\\/\",\"name\":\"Winterthur: Weiterer Baustein der Lokstadt ist fertiggestellt - IMMOBILIEN Business\",\"isPartOf\":{\"@id\":\"https:\\\/\\\/www.immobilienbusiness.ch\\\/#website\"},\"primaryImageOfPage\":{\"@id\":\"https:\\\/\\\/www.immobilienbusiness.ch\\\/it\\\/regionen\\\/2023-08-11\\\/winterthur-weiterer-baustein-der-lokstadt-ist-fertiggestellt\\\/#primaryimage\"},\"image\":{\"@id\":\"https:\\\/\\\/www.immobilienbusiness.ch\\\/it\\\/regionen\\\/2023-08-11\\\/winterthur-weiterer-baustein-der-lokstadt-ist-fertiggestellt\\\/#primaryimage\"},\"thumbnailUrl\":\"https:\\\/\\\/www.immobilienbusiness.ch\\\/wp-content\\\/uploads\\\/2018\\\/03\\\/Sommerabend_am_Dialogplatz_mit_Krokodil_Bigboy_und_Rocket_PRINT.jpg\",\"datePublished\":\"2023-08-11T06:15:43+00:00\",\"dateModified\":\"2023-08-17T08:28:50+00:00\",\"description\":\"Die Modernisierung der Halle Draisine in der Winterthurer Lokstadt ist abgeschlossen. Das Geb\u00e4ude ist an die k\u00fcnftigen Mieter \u00fcbergeben worden.\",\"breadcrumb\":{\"@id\":\"https:\\\/\\\/www.immobilienbusiness.ch\\\/it\\\/regionen\\\/2023-08-11\\\/winterthur-weiterer-baustein-der-lokstadt-ist-fertiggestellt\\\/#breadcrumb\"},\"inLanguage\":\"de\",\"potentialAction\":[{\"@type\":\"ReadAction\",\"target\":[\"https:\\\/\\\/www.immobilienbusiness.ch\\\/it\\\/regionen\\\/2023-08-11\\\/winterthur-weiterer-baustein-der-lokstadt-ist-fertiggestellt\\\/\"]}]},{\"@type\":\"ImageObject\",\"inLanguage\":\"de\",\"@id\":\"https:\\\/\\\/www.immobilienbusiness.ch\\\/it\\\/regionen\\\/2023-08-11\\\/winterthur-weiterer-baustein-der-lokstadt-ist-fertiggestellt\\\/#primaryimage\",\"url\":\"https:\\\/\\\/www.immobilienbusiness.ch\\\/wp-content\\\/uploads\\\/2018\\\/03\\\/Sommerabend_am_Dialogplatz_mit_Krokodil_Bigboy_und_Rocket_PRINT.jpg\",\"contentUrl\":\"https:\\\/\\\/www.immobilienbusiness.ch\\\/wp-content\\\/uploads\\\/2018\\\/03\\\/Sommerabend_am_Dialogplatz_mit_Krokodil_Bigboy_und_Rocket_PRINT.jpg\",\"width\":2560,\"height\":1810,\"caption\":\"Das waren die (Bild: Implenia)\"},{\"@type\":\"BreadcrumbList\",\"@id\":\"https:\\\/\\\/www.immobilienbusiness.ch\\\/it\\\/regionen\\\/2023-08-11\\\/winterthur-weiterer-baustein-der-lokstadt-ist-fertiggestellt\\\/#breadcrumb\",\"itemListElement\":[{\"@type\":\"ListItem\",\"position\":1,\"name\":\"Home\",\"item\":\"https:\\\/\\\/www.immobilienbusiness.ch\\\/\"},{\"@type\":\"ListItem\",\"position\":2,\"name\":\"Winterthur: Weiterer Baustein der Lokstadt ist fertiggestellt\"}]},{\"@type\":\"WebSite\",\"@id\":\"https:\\\/\\\/www.immobilienbusiness.ch\\\/#website\",\"url\":\"https:\\\/\\\/www.immobilienbusiness.ch\\\/\",\"name\":\"IMMOBILIEN Business\",\"description\":\"Unabh\u00e4ngiges Schweizer Wirtschaftsmagazin mit Fokus auf Immobilien, Architektur- und Bau sowie Investment- und Finanzierung.\",\"publisher\":{\"@id\":\"https:\\\/\\\/www.immobilienbusiness.ch\\\/#organization\"},\"potentialAction\":[{\"@type\":\"SearchAction\",\"target\":{\"@type\":\"EntryPoint\",\"urlTemplate\":\"https:\\\/\\\/www.immobilienbusiness.ch\\\/?s={search_term_string}\"},\"query-input\":{\"@type\":\"PropertyValueSpecification\",\"valueRequired\":true,\"valueName\":\"search_term_string\"}}],\"inLanguage\":\"de\"},{\"@type\":\"Organization\",\"@id\":\"https:\\\/\\\/www.immobilienbusiness.ch\\\/#organization\",\"name\":\"IMMOBILIEN Business\",\"url\":\"https:\\\/\\\/www.immobilienbusiness.ch\\\/\",\"logo\":{\"@type\":\"ImageObject\",\"inLanguage\":\"de\",\"@id\":\"https:\\\/\\\/www.immobilienbusiness.ch\\\/#\\\/schema\\\/logo\\\/image\\\/\",\"url\":\"https:\\\/\\\/www.immobilienbusiness.ch\\\/wp-content\\\/uploads\\\/2021\\\/07\\\/logo_ib.png\",\"contentUrl\":\"https:\\\/\\\/www.immobilienbusiness.ch\\\/wp-content\\\/uploads\\\/2021\\\/07\\\/logo_ib.png\",\"width\":800,\"height\":181,\"caption\":\"IMMOBILIEN Business\"},\"image\":{\"@id\":\"https:\\\/\\\/www.immobilienbusiness.ch\\\/#\\\/schema\\\/logo\\\/image\\\/\"},\"sameAs\":[\"https:\\\/\\\/www.facebook.com\\\/immobilienbusiness\\\/\"]},{\"@type\":\"Person\",\"@id\":\"https:\\\/\\\/www.immobilienbusiness.ch\\\/#\\\/schema\\\/person\\\/3fc036297b10b9f42d6db5ee932af8c8\",\"name\":\"anja.hall\",\"image\":{\"@type\":\"ImageObject\",\"inLanguage\":\"de\",\"@id\":\"https:\\\/\\\/secure.gravatar.com\\\/avatar\\\/066b5a0d447013502c71a5782f4f3469f03cfe595cc2329fb94652fe47511bfb?s=96&d=mm&r=g\",\"url\":\"https:\\\/\\\/secure.gravatar.com\\\/avatar\\\/066b5a0d447013502c71a5782f4f3469f03cfe595cc2329fb94652fe47511bfb?s=96&d=mm&r=g\",\"contentUrl\":\"https:\\\/\\\/secure.gravatar.com\\\/avatar\\\/066b5a0d447013502c71a5782f4f3469f03cfe595cc2329fb94652fe47511bfb?s=96&d=mm&r=g\",\"caption\":\"anja.hall\"},\"url\":\"https:\\\/\\\/www.immobilienbusiness.ch\\\/de\\\/author\\\/anja-hall\\\/\"}]}<\/script>\n<!-- \/ Yoast SEO plugin. -->","yoast_head_json":{"title":"Winterthur: Weiterer Baustein der Lokstadt ist fertiggestellt - IMMOBILIEN Business","description":"Die Modernisierung der Halle Draisine in der Winterthurer Lokstadt ist abgeschlossen. Das Geb\u00e4ude ist an die k\u00fcnftigen Mieter \u00fcbergeben worden.","robots":{"index":"index","follow":"follow","max-snippet":"max-snippet:-1","max-image-preview":"max-image-preview:large","max-video-preview":"max-video-preview:-1"},"canonical":"https:\/\/www.immobilienbusiness.ch\/de\/regionen\/2023-08-11\/winterthur-weiterer-baustein-der-lokstadt-ist-fertiggestellt\/","og_locale":"de_DE","og_type":"article","og_title":"Winterthur: Weiterer Baustein der Lokstadt ist fertiggestellt - IMMOBILIEN Business","og_description":"Die Modernisierung der Halle Draisine in der Winterthurer Lokstadt ist abgeschlossen. Das Geb\u00e4ude ist an die k\u00fcnftigen Mieter \u00fcbergeben worden.","og_url":"https:\/\/www.immobilienbusiness.ch\/de\/regionen\/2023-08-11\/winterthur-weiterer-baustein-der-lokstadt-ist-fertiggestellt\/","og_site_name":"IMMOBILIEN Business","article_publisher":"https:\/\/www.facebook.com\/immobilienbusiness\/","article_published_time":"2023-08-11T06:15:43+00:00","article_modified_time":"2023-08-17T08:28:50+00:00","og_image":[{"width":1024,"height":724,"url":"https:\/\/www.immobilienbusiness.ch\/wp-content\/uploads\/2018\/03\/Sommerabend_am_Dialogplatz_mit_Krokodil_Bigboy_und_Rocket_PRINT-1024x724.jpg","type":"image\/jpeg"}],"author":"anja.hall","twitter_card":"summary_large_image","twitter_image":"https:\/\/www.immobilienbusiness.ch\/wp-content\/uploads\/2018\/03\/Sommerabend_am_Dialogplatz_mit_Krokodil_Bigboy_und_Rocket_PRINT.jpg","schema":{"@context":"https:\/\/schema.org","@graph":[{"@type":"Article","@id":"https:\/\/www.immobilienbusiness.ch\/it\/regionen\/2023-08-11\/winterthur-weiterer-baustein-der-lokstadt-ist-fertiggestellt\/#article","isPartOf":{"@id":"https:\/\/www.immobilienbusiness.ch\/it\/regionen\/2023-08-11\/winterthur-weiterer-baustein-der-lokstadt-ist-fertiggestellt\/"},"author":{"name":"anja.hall","@id":"https:\/\/www.immobilienbusiness.ch\/#\/schema\/person\/3fc036297b10b9f42d6db5ee932af8c8"},"headline":"Winterthur: Weiterer Baustein der Lokstadt ist fertiggestellt","datePublished":"2023-08-11T06:15:43+00:00","dateModified":"2023-08-17T08:28:50+00:00","mainEntityOfPage":{"@id":"https:\/\/www.immobilienbusiness.ch\/it\/regionen\/2023-08-11\/winterthur-weiterer-baustein-der-lokstadt-ist-fertiggestellt\/"},"wordCount":145,"publisher":{"@id":"https:\/\/www.immobilienbusiness.ch\/#organization"},"image":{"@id":"https:\/\/www.immobilienbusiness.ch\/it\/regionen\/2023-08-11\/winterthur-weiterer-baustein-der-lokstadt-ist-fertiggestellt\/#primaryimage"},"thumbnailUrl":"https:\/\/www.immobilienbusiness.ch\/wp-content\/uploads\/2018\/03\/Sommerabend_am_Dialogplatz_mit_Krokodil_Bigboy_und_Rocket_PRINT.jpg","keywords":["Fertigstellung","Implenia","Ina Invest","Lokstadt","Winterthur"],"articleSection":["REGIONEN"],"inLanguage":"de"},{"@type":"WebPage","@id":"https:\/\/www.immobilienbusiness.ch\/it\/regionen\/2023-08-11\/winterthur-weiterer-baustein-der-lokstadt-ist-fertiggestellt\/","url":"https:\/\/www.immobilienbusiness.ch\/it\/regionen\/2023-08-11\/winterthur-weiterer-baustein-der-lokstadt-ist-fertiggestellt\/","name":"Winterthur: Weiterer Baustein der Lokstadt ist fertiggestellt - IMMOBILIEN Business","isPartOf":{"@id":"https:\/\/www.immobilienbusiness.ch\/#website"},"primaryImageOfPage":{"@id":"https:\/\/www.immobilienbusiness.ch\/it\/regionen\/2023-08-11\/winterthur-weiterer-baustein-der-lokstadt-ist-fertiggestellt\/#primaryimage"},"image":{"@id":"https:\/\/www.immobilienbusiness.ch\/it\/regionen\/2023-08-11\/winterthur-weiterer-baustein-der-lokstadt-ist-fertiggestellt\/#primaryimage"},"thumbnailUrl":"https:\/\/www.immobilienbusiness.ch\/wp-content\/uploads\/2018\/03\/Sommerabend_am_Dialogplatz_mit_Krokodil_Bigboy_und_Rocket_PRINT.jpg","datePublished":"2023-08-11T06:15:43+00:00","dateModified":"2023-08-17T08:28:50+00:00","description":"Die Modernisierung der Halle Draisine in der Winterthurer Lokstadt ist abgeschlossen. Das Geb\u00e4ude ist an die k\u00fcnftigen Mieter \u00fcbergeben worden.","breadcrumb":{"@id":"https:\/\/www.immobilienbusiness.ch\/it\/regionen\/2023-08-11\/winterthur-weiterer-baustein-der-lokstadt-ist-fertiggestellt\/#breadcrumb"},"inLanguage":"de","potentialAction":[{"@type":"ReadAction","target":["https:\/\/www.immobilienbusiness.ch\/it\/regionen\/2023-08-11\/winterthur-weiterer-baustein-der-lokstadt-ist-fertiggestellt\/"]}]},{"@type":"ImageObject","inLanguage":"de","@id":"https:\/\/www.immobilienbusiness.ch\/it\/regionen\/2023-08-11\/winterthur-weiterer-baustein-der-lokstadt-ist-fertiggestellt\/#primaryimage","url":"https:\/\/www.immobilienbusiness.ch\/wp-content\/uploads\/2018\/03\/Sommerabend_am_Dialogplatz_mit_Krokodil_Bigboy_und_Rocket_PRINT.jpg","contentUrl":"https:\/\/www.immobilienbusiness.ch\/wp-content\/uploads\/2018\/03\/Sommerabend_am_Dialogplatz_mit_Krokodil_Bigboy_und_Rocket_PRINT.jpg","width":2560,"height":1810,"caption":"Das waren die (Bild: Implenia)"},{"@type":"BreadcrumbList","@id":"https:\/\/www.immobilienbusiness.ch\/it\/regionen\/2023-08-11\/winterthur-weiterer-baustein-der-lokstadt-ist-fertiggestellt\/#breadcrumb","itemListElement":[{"@type":"ListItem","position":1,"name":"Home","item":"https:\/\/www.immobilienbusiness.ch\/"},{"@type":"ListItem","position":2,"name":"Winterthur: Weiterer Baustein der Lokstadt ist fertiggestellt"}]},{"@type":"WebSite","@id":"https:\/\/www.immobilienbusiness.ch\/#website","url":"https:\/\/www.immobilienbusiness.ch\/","name":"IMMOBILIEN Business","description":"Unabh\u00e4ngiges Schweizer Wirtschaftsmagazin mit Fokus auf Immobilien, Architektur- und Bau sowie Investment- und Finanzierung.","publisher":{"@id":"https:\/\/www.immobilienbusiness.ch\/#organization"},"potentialAction":[{"@type":"SearchAction","target":{"@type":"EntryPoint","urlTemplate":"https:\/\/www.immobilienbusiness.ch\/?s={search_term_string}"},"query-input":{"@type":"PropertyValueSpecification","valueRequired":true,"valueName":"search_term_string"}}],"inLanguage":"de"},{"@type":"Organization","@id":"https:\/\/www.immobilienbusiness.ch\/#organization","name":"IMMOBILIEN Business","url":"https:\/\/www.immobilienbusiness.ch\/","logo":{"@type":"ImageObject","inLanguage":"de","@id":"https:\/\/www.immobilienbusiness.ch\/#\/schema\/logo\/image\/","url":"https:\/\/www.immobilienbusiness.ch\/wp-content\/uploads\/2021\/07\/logo_ib.png","contentUrl":"https:\/\/www.immobilienbusiness.ch\/wp-content\/uploads\/2021\/07\/logo_ib.png","width":800,"height":181,"caption":"IMMOBILIEN Business"},"image":{"@id":"https:\/\/www.immobilienbusiness.ch\/#\/schema\/logo\/image\/"},"sameAs":["https:\/\/www.facebook.com\/immobilienbusiness\/"]},{"@type":"Person","@id":"https:\/\/www.immobilienbusiness.ch\/#\/schema\/person\/3fc036297b10b9f42d6db5ee932af8c8","name":"anja.hall","image":{"@type":"ImageObject","inLanguage":"de","@id":"https:\/\/secure.gravatar.com\/avatar\/066b5a0d447013502c71a5782f4f3469f03cfe595cc2329fb94652fe47511bfb?s=96&d=mm&r=g","url":"https:\/\/secure.gravatar.com\/avatar\/066b5a0d447013502c71a5782f4f3469f03cfe595cc2329fb94652fe47511bfb?s=96&d=mm&r=g","contentUrl":"https:\/\/secure.gravatar.com\/avatar\/066b5a0d447013502c71a5782f4f3469f03cfe595cc2329fb94652fe47511bfb?s=96&d=mm&r=g","caption":"anja.hall"},"url":"https:\/\/www.immobilienbusiness.ch\/de\/author\/anja-hall\/"}]}},"_links":{"self":[{"href":"https:\/\/www.immobilienbusiness.ch\/de\/wp-json\/wp\/v2\/posts\/51961","targetHints":{"allow":["GET"]}}],"collection":[{"href":"https:\/\/www.immobilienbusiness.ch\/de\/wp-json\/wp\/v2\/posts"}],"about":[{"href":"https:\/\/www.immobilienbusiness.ch\/de\/wp-json\/wp\/v2\/types\/post"}],"author":[{"embeddable":true,"href":"https:\/\/www.immobilienbusiness.ch\/de\/wp-json\/wp\/v2\/users\/3"}],"replies":[{"embeddable":true,"href":"https:\/\/www.immobilienbusiness.ch\/de\/wp-json\/wp\/v2\/comments?post=51961"}],"version-history":[{"count":4,"href":"https:\/\/www.immobilienbusiness.ch\/de\/wp-json\/wp\/v2\/posts\/51961\/revisions"}],"predecessor-version":[{"id":52797,"href":"https:\/\/www.immobilienbusiness.ch\/de\/wp-json\/wp\/v2\/posts\/51961\/revisions\/52797"}],"wp:featuredmedia":[{"embeddable":true,"href":"https:\/\/www.immobilienbusiness.ch\/de\/wp-json\/wp\/v2\/media\/11824"}],"wp:attachment":[{"href":"https:\/\/www.immobilienbusiness.ch\/de\/wp-json\/wp\/v2\/media?parent=51961"}],"wp:term":[{"taxonomy":"category","embeddable":true,"href":"https:\/\/www.immobilienbusiness.ch\/de\/wp-json\/wp\/v2\/categories?post=51961"},{"taxonomy":"post_tag","embeddable":true,"href":"https:\/\/www.immobilienbusiness.ch\/de\/wp-json\/wp\/v2\/tags?post=51961"}],"curies":[{"name":"wp","href":"https:\/\/api.w.org\/{rel}","templated":true}]}}