{"id":51907,"date":"2023-08-10T08:55:10","date_gmt":"2023-08-10T06:55:10","guid":{"rendered":"https:\/\/www.immobilienbusiness.ch\/?p=51907"},"modified":"2023-08-10T08:55:10","modified_gmt":"2023-08-10T06:55:10","slug":"thun-denkmalgeschuetzte-halle-6-wird-fuer-neue-nutzung-umgebaut","status":"publish","type":"post","link":"https:\/\/www.immobilienbusiness.ch\/de\/regionen\/2023-08-10\/thun-denkmalgeschuetzte-halle-6-wird-fuer-neue-nutzung-umgebaut\/","title":{"rendered":"Thun: Denkmalgesch\u00fctzte Halle 6 wird f\u00fcr neue Nutzung umgebaut"},"content":{"rendered":"<figure id=\"attachment_51912\" aria-describedby=\"caption-attachment-51912\" style=\"width: 900px\" class=\"wp-caption alignnone\"><a href=\"https:\/\/www.immobilienbusiness.ch\/wp-content\/uploads\/2023\/08\/selvehalle.jpg\"><img loading=\"lazy\" decoding=\"async\" class=\"size-full wp-image-51912\" src=\"https:\/\/www.immobilienbusiness.ch\/wp-content\/uploads\/2023\/08\/selvehalle.jpg\" alt=\"\" width=\"900\" height=\"600\" srcset=\"https:\/\/www.immobilienbusiness.ch\/wp-content\/uploads\/2023\/08\/selvehalle.jpg 900w, https:\/\/www.immobilienbusiness.ch\/wp-content\/uploads\/2023\/08\/selvehalle-300x200.jpg 300w, https:\/\/www.immobilienbusiness.ch\/wp-content\/uploads\/2023\/08\/selvehalle-768x512.jpg 768w, https:\/\/www.immobilienbusiness.ch\/wp-content\/uploads\/2023\/08\/selvehalle-18x12.jpg 18w, https:\/\/www.immobilienbusiness.ch\/wp-content\/uploads\/2023\/08\/selvehalle-375x250.jpg 375w, https:\/\/www.immobilienbusiness.ch\/wp-content\/uploads\/2023\/08\/selvehalle-525x350.jpg 525w\" sizes=\"auto, (max-width: 900px) 100vw, 900px\" \/><\/a><figcaption id=\"caption-attachment-51912\" class=\"wp-caption-text\">Die Halle 6 in Thun (Quelle: Stadt Thun)<\/figcaption><\/figure>\n<p>Die Selvewerke AG als neue Mieterin hat mit der denkmalgesch\u00fctzten Halle 6 an der Scheibenstrasse in Thun Grosses vor: Die Liegenschaft soll zu einem \u00abgenerationenumspannenden Treffpunkt f\u00fcr die Region Thun mit nationaler Ausstrahlung\u00bb werden, \u00abder die Entwicklung von Innovationen und den Austausch zwischen Kultur, Handwerk, Bildung, Wirtschaft und der breiten Bev\u00f6lkerung f\u00f6rdert\u00bb. Geplant sind vielf\u00e4ltige Nutzungen mit einer Kombination aus Manufaktur\/Bildung, Coworking, Events und Gastronomie.<\/p>\n<p>Bevor das neue Konzept im Fr\u00fchjahr 2024 an den Start gehen kann, wird die Stadt Thun die Halle 6 ab Herbst dieses Jahres f\u00fcr voraussichtlich 2,5 Mio. CHF umbauen und sanieren. Wie die Stadt mitteilt, werden unter anderem Oberlichter auf dem Dach erneuert und die Verteilung der L\u00fcftungsheizung optimiert. Das s\u00fcdliche Schr\u00e4gdach gegen die Scheibenstrasse wird eine Photovoltaikanlage erhalten. Den Mieterausbau tr\u00e4gt die Selvewerke AG. <em>(ah)<\/em><\/p>\n","protected":false},"excerpt":{"rendered":"<p>Die Halle 6 an der Scheibenstrasse in Thun soll k\u00fcnftig Coworking, Events und Gastronomie beherbergen. Die Umbauarbeiten starten im Herbst.<\/p>\n","protected":false},"author":3,"featured_media":51912,"comment_status":"closed","ping_status":"closed","sticky":false,"template":"","format":"standard","meta":{"_acf_changed":false,"_yoast_wpseo_focuskw":"Thun","_yoast_wpseo_title":"","_yoast_wpseo_metadesc":"Die Halle 6 an der Scheibenstrasse in Thun soll k\u00fcnftig Coworking, Events und Gastronomie beherbergen. Die Umbauarbeiten starten im Herbst.","_yoast_wpseo_linkdex":46,"pgc_sgb_lightbox_settings":"","footnotes":""},"categories":[985],"tags":[1145,1246,1254,1600,1781],"class_list":["post-51907","post","type-post","status-publish","format-standard","has-post-thumbnail","hentry","category-regionen","tag-coworking","tag-freizeitimmobilien","tag-gastronomie","tag-projekt-in-planung","tag-thun"],"acf":[],"yoast_head":"<!-- This site is optimized with the Yoast SEO plugin v27.4 - https:\/\/yoast.com\/product\/yoast-seo-wordpress\/ -->\n<title>Thun: Denkmalgesch\u00fctzte Halle 6 wird f\u00fcr neue Nutzung umgebaut - IMMOBILIEN Business<\/title>\n<meta name=\"description\" content=\"Die Halle 6 an der Scheibenstrasse in Thun soll k\u00fcnftig Coworking, Events und Gastronomie beherbergen. Die Umbauarbeiten starten im Herbst.\" \/>\n<meta name=\"robots\" content=\"index, follow, max-snippet:-1, max-image-preview:large, max-video-preview:-1\" \/>\n<link rel=\"canonical\" href=\"https:\/\/www.immobilienbusiness.ch\/de\/regionen\/2023-08-10\/thun-denkmalgeschuetzte-halle-6-wird-fuer-neue-nutzung-umgebaut\/\" \/>\n<meta property=\"og:locale\" content=\"de_DE\" \/>\n<meta property=\"og:type\" content=\"article\" \/>\n<meta property=\"og:title\" content=\"Thun: Denkmalgesch\u00fctzte Halle 6 wird f\u00fcr neue Nutzung umgebaut - IMMOBILIEN Business\" \/>\n<meta property=\"og:description\" content=\"Die Halle 6 an der Scheibenstrasse in Thun soll k\u00fcnftig Coworking, Events und Gastronomie beherbergen. Die Umbauarbeiten starten im Herbst.\" \/>\n<meta property=\"og:url\" content=\"https:\/\/www.immobilienbusiness.ch\/de\/regionen\/2023-08-10\/thun-denkmalgeschuetzte-halle-6-wird-fuer-neue-nutzung-umgebaut\/\" \/>\n<meta property=\"og:site_name\" content=\"IMMOBILIEN Business\" \/>\n<meta property=\"article:publisher\" content=\"https:\/\/www.facebook.com\/immobilienbusiness\/\" \/>\n<meta property=\"article:published_time\" content=\"2023-08-10T06:55:10+00:00\" \/>\n<meta property=\"og:image\" content=\"https:\/\/www.immobilienbusiness.ch\/wp-content\/uploads\/2023\/08\/selvehalle.jpg\" \/>\n\t<meta property=\"og:image:width\" content=\"900\" \/>\n\t<meta property=\"og:image:height\" content=\"600\" \/>\n\t<meta property=\"og:image:type\" content=\"image\/jpeg\" \/>\n<meta name=\"author\" content=\"anja.hall\" \/>\n<meta name=\"twitter:card\" content=\"summary_large_image\" \/>\n<meta name=\"twitter:image\" content=\"https:\/\/www.immobilienbusiness.ch\/wp-content\/uploads\/2023\/08\/selvehalle.jpg\" \/>\n<script type=\"application\/ld+json\" class=\"yoast-schema-graph\">{\"@context\":\"https:\\\/\\\/schema.org\",\"@graph\":[{\"@type\":\"Article\",\"@id\":\"https:\\\/\\\/www.immobilienbusiness.ch\\\/fr\\\/regionen\\\/2023-08-10\\\/thun-denkmalgeschuetzte-halle-6-wird-fuer-neue-nutzung-umgebaut\\\/#article\",\"isPartOf\":{\"@id\":\"https:\\\/\\\/www.immobilienbusiness.ch\\\/fr\\\/regionen\\\/2023-08-10\\\/thun-denkmalgeschuetzte-halle-6-wird-fuer-neue-nutzung-umgebaut\\\/\"},\"author\":{\"name\":\"anja.hall\",\"@id\":\"https:\\\/\\\/www.immobilienbusiness.ch\\\/#\\\/schema\\\/person\\\/3fc036297b10b9f42d6db5ee932af8c8\"},\"headline\":\"Thun: Denkmalgesch\u00fctzte Halle 6 wird f\u00fcr neue Nutzung umgebaut\",\"datePublished\":\"2023-08-10T06:55:10+00:00\",\"mainEntityOfPage\":{\"@id\":\"https:\\\/\\\/www.immobilienbusiness.ch\\\/fr\\\/regionen\\\/2023-08-10\\\/thun-denkmalgeschuetzte-halle-6-wird-fuer-neue-nutzung-umgebaut\\\/\"},\"wordCount\":163,\"publisher\":{\"@id\":\"https:\\\/\\\/www.immobilienbusiness.ch\\\/#organization\"},\"image\":{\"@id\":\"https:\\\/\\\/www.immobilienbusiness.ch\\\/fr\\\/regionen\\\/2023-08-10\\\/thun-denkmalgeschuetzte-halle-6-wird-fuer-neue-nutzung-umgebaut\\\/#primaryimage\"},\"thumbnailUrl\":\"https:\\\/\\\/www.immobilienbusiness.ch\\\/wp-content\\\/uploads\\\/2023\\\/08\\\/selvehalle.jpg\",\"keywords\":[\"Coworking\",\"Freizeitimmobilien\",\"Gastronomie\",\"Projekt in Planung\",\"Thun\"],\"articleSection\":[\"REGIONEN\"],\"inLanguage\":\"de\"},{\"@type\":\"WebPage\",\"@id\":\"https:\\\/\\\/www.immobilienbusiness.ch\\\/fr\\\/regionen\\\/2023-08-10\\\/thun-denkmalgeschuetzte-halle-6-wird-fuer-neue-nutzung-umgebaut\\\/\",\"url\":\"https:\\\/\\\/www.immobilienbusiness.ch\\\/fr\\\/regionen\\\/2023-08-10\\\/thun-denkmalgeschuetzte-halle-6-wird-fuer-neue-nutzung-umgebaut\\\/\",\"name\":\"Thun: Denkmalgesch\u00fctzte Halle 6 wird f\u00fcr neue Nutzung umgebaut - IMMOBILIEN Business\",\"isPartOf\":{\"@id\":\"https:\\\/\\\/www.immobilienbusiness.ch\\\/#website\"},\"primaryImageOfPage\":{\"@id\":\"https:\\\/\\\/www.immobilienbusiness.ch\\\/fr\\\/regionen\\\/2023-08-10\\\/thun-denkmalgeschuetzte-halle-6-wird-fuer-neue-nutzung-umgebaut\\\/#primaryimage\"},\"image\":{\"@id\":\"https:\\\/\\\/www.immobilienbusiness.ch\\\/fr\\\/regionen\\\/2023-08-10\\\/thun-denkmalgeschuetzte-halle-6-wird-fuer-neue-nutzung-umgebaut\\\/#primaryimage\"},\"thumbnailUrl\":\"https:\\\/\\\/www.immobilienbusiness.ch\\\/wp-content\\\/uploads\\\/2023\\\/08\\\/selvehalle.jpg\",\"datePublished\":\"2023-08-10T06:55:10+00:00\",\"description\":\"Die Halle 6 an der Scheibenstrasse in Thun soll k\u00fcnftig Coworking, Events und Gastronomie beherbergen. Die Umbauarbeiten starten im Herbst.\",\"breadcrumb\":{\"@id\":\"https:\\\/\\\/www.immobilienbusiness.ch\\\/fr\\\/regionen\\\/2023-08-10\\\/thun-denkmalgeschuetzte-halle-6-wird-fuer-neue-nutzung-umgebaut\\\/#breadcrumb\"},\"inLanguage\":\"de\",\"potentialAction\":[{\"@type\":\"ReadAction\",\"target\":[\"https:\\\/\\\/www.immobilienbusiness.ch\\\/fr\\\/regionen\\\/2023-08-10\\\/thun-denkmalgeschuetzte-halle-6-wird-fuer-neue-nutzung-umgebaut\\\/\"]}]},{\"@type\":\"ImageObject\",\"inLanguage\":\"de\",\"@id\":\"https:\\\/\\\/www.immobilienbusiness.ch\\\/fr\\\/regionen\\\/2023-08-10\\\/thun-denkmalgeschuetzte-halle-6-wird-fuer-neue-nutzung-umgebaut\\\/#primaryimage\",\"url\":\"https:\\\/\\\/www.immobilienbusiness.ch\\\/wp-content\\\/uploads\\\/2023\\\/08\\\/selvehalle.jpg\",\"contentUrl\":\"https:\\\/\\\/www.immobilienbusiness.ch\\\/wp-content\\\/uploads\\\/2023\\\/08\\\/selvehalle.jpg\",\"width\":900,\"height\":600,\"caption\":\"Die Halle 6 in Thun (Quelle: Stadt Thun)\"},{\"@type\":\"BreadcrumbList\",\"@id\":\"https:\\\/\\\/www.immobilienbusiness.ch\\\/fr\\\/regionen\\\/2023-08-10\\\/thun-denkmalgeschuetzte-halle-6-wird-fuer-neue-nutzung-umgebaut\\\/#breadcrumb\",\"itemListElement\":[{\"@type\":\"ListItem\",\"position\":1,\"name\":\"Home\",\"item\":\"https:\\\/\\\/www.immobilienbusiness.ch\\\/\"},{\"@type\":\"ListItem\",\"position\":2,\"name\":\"Thun: Denkmalgesch\u00fctzte Halle 6 wird f\u00fcr neue Nutzung umgebaut\"}]},{\"@type\":\"WebSite\",\"@id\":\"https:\\\/\\\/www.immobilienbusiness.ch\\\/#website\",\"url\":\"https:\\\/\\\/www.immobilienbusiness.ch\\\/\",\"name\":\"IMMOBILIEN Business\",\"description\":\"Unabh\u00e4ngiges Schweizer Wirtschaftsmagazin mit Fokus auf Immobilien, Architektur- und Bau sowie Investment- und Finanzierung.\",\"publisher\":{\"@id\":\"https:\\\/\\\/www.immobilienbusiness.ch\\\/#organization\"},\"potentialAction\":[{\"@type\":\"SearchAction\",\"target\":{\"@type\":\"EntryPoint\",\"urlTemplate\":\"https:\\\/\\\/www.immobilienbusiness.ch\\\/?s={search_term_string}\"},\"query-input\":{\"@type\":\"PropertyValueSpecification\",\"valueRequired\":true,\"valueName\":\"search_term_string\"}}],\"inLanguage\":\"de\"},{\"@type\":\"Organization\",\"@id\":\"https:\\\/\\\/www.immobilienbusiness.ch\\\/#organization\",\"name\":\"IMMOBILIEN Business\",\"url\":\"https:\\\/\\\/www.immobilienbusiness.ch\\\/\",\"logo\":{\"@type\":\"ImageObject\",\"inLanguage\":\"de\",\"@id\":\"https:\\\/\\\/www.immobilienbusiness.ch\\\/#\\\/schema\\\/logo\\\/image\\\/\",\"url\":\"https:\\\/\\\/www.immobilienbusiness.ch\\\/wp-content\\\/uploads\\\/2021\\\/07\\\/logo_ib.png\",\"contentUrl\":\"https:\\\/\\\/www.immobilienbusiness.ch\\\/wp-content\\\/uploads\\\/2021\\\/07\\\/logo_ib.png\",\"width\":800,\"height\":181,\"caption\":\"IMMOBILIEN Business\"},\"image\":{\"@id\":\"https:\\\/\\\/www.immobilienbusiness.ch\\\/#\\\/schema\\\/logo\\\/image\\\/\"},\"sameAs\":[\"https:\\\/\\\/www.facebook.com\\\/immobilienbusiness\\\/\"]},{\"@type\":\"Person\",\"@id\":\"https:\\\/\\\/www.immobilienbusiness.ch\\\/#\\\/schema\\\/person\\\/3fc036297b10b9f42d6db5ee932af8c8\",\"name\":\"anja.hall\",\"image\":{\"@type\":\"ImageObject\",\"inLanguage\":\"de\",\"@id\":\"https:\\\/\\\/secure.gravatar.com\\\/avatar\\\/066b5a0d447013502c71a5782f4f3469f03cfe595cc2329fb94652fe47511bfb?s=96&d=mm&r=g\",\"url\":\"https:\\\/\\\/secure.gravatar.com\\\/avatar\\\/066b5a0d447013502c71a5782f4f3469f03cfe595cc2329fb94652fe47511bfb?s=96&d=mm&r=g\",\"contentUrl\":\"https:\\\/\\\/secure.gravatar.com\\\/avatar\\\/066b5a0d447013502c71a5782f4f3469f03cfe595cc2329fb94652fe47511bfb?s=96&d=mm&r=g\",\"caption\":\"anja.hall\"},\"url\":\"https:\\\/\\\/www.immobilienbusiness.ch\\\/de\\\/author\\\/anja-hall\\\/\"}]}<\/script>\n<!-- \/ Yoast SEO plugin. -->","yoast_head_json":{"title":"Thun: Denkmalgesch\u00fctzte Halle 6 wird f\u00fcr neue Nutzung umgebaut - IMMOBILIEN Business","description":"Die Halle 6 an der Scheibenstrasse in Thun soll k\u00fcnftig Coworking, Events und Gastronomie beherbergen. Die Umbauarbeiten starten im Herbst.","robots":{"index":"index","follow":"follow","max-snippet":"max-snippet:-1","max-image-preview":"max-image-preview:large","max-video-preview":"max-video-preview:-1"},"canonical":"https:\/\/www.immobilienbusiness.ch\/de\/regionen\/2023-08-10\/thun-denkmalgeschuetzte-halle-6-wird-fuer-neue-nutzung-umgebaut\/","og_locale":"de_DE","og_type":"article","og_title":"Thun: Denkmalgesch\u00fctzte Halle 6 wird f\u00fcr neue Nutzung umgebaut - IMMOBILIEN Business","og_description":"Die Halle 6 an der Scheibenstrasse in Thun soll k\u00fcnftig Coworking, Events und Gastronomie beherbergen. Die Umbauarbeiten starten im Herbst.","og_url":"https:\/\/www.immobilienbusiness.ch\/de\/regionen\/2023-08-10\/thun-denkmalgeschuetzte-halle-6-wird-fuer-neue-nutzung-umgebaut\/","og_site_name":"IMMOBILIEN Business","article_publisher":"https:\/\/www.facebook.com\/immobilienbusiness\/","article_published_time":"2023-08-10T06:55:10+00:00","og_image":[{"width":900,"height":600,"url":"https:\/\/www.immobilienbusiness.ch\/wp-content\/uploads\/2023\/08\/selvehalle.jpg","type":"image\/jpeg"}],"author":"anja.hall","twitter_card":"summary_large_image","twitter_image":"https:\/\/www.immobilienbusiness.ch\/wp-content\/uploads\/2023\/08\/selvehalle.jpg","schema":{"@context":"https:\/\/schema.org","@graph":[{"@type":"Article","@id":"https:\/\/www.immobilienbusiness.ch\/fr\/regionen\/2023-08-10\/thun-denkmalgeschuetzte-halle-6-wird-fuer-neue-nutzung-umgebaut\/#article","isPartOf":{"@id":"https:\/\/www.immobilienbusiness.ch\/fr\/regionen\/2023-08-10\/thun-denkmalgeschuetzte-halle-6-wird-fuer-neue-nutzung-umgebaut\/"},"author":{"name":"anja.hall","@id":"https:\/\/www.immobilienbusiness.ch\/#\/schema\/person\/3fc036297b10b9f42d6db5ee932af8c8"},"headline":"Thun: Denkmalgesch\u00fctzte Halle 6 wird f\u00fcr neue Nutzung umgebaut","datePublished":"2023-08-10T06:55:10+00:00","mainEntityOfPage":{"@id":"https:\/\/www.immobilienbusiness.ch\/fr\/regionen\/2023-08-10\/thun-denkmalgeschuetzte-halle-6-wird-fuer-neue-nutzung-umgebaut\/"},"wordCount":163,"publisher":{"@id":"https:\/\/www.immobilienbusiness.ch\/#organization"},"image":{"@id":"https:\/\/www.immobilienbusiness.ch\/fr\/regionen\/2023-08-10\/thun-denkmalgeschuetzte-halle-6-wird-fuer-neue-nutzung-umgebaut\/#primaryimage"},"thumbnailUrl":"https:\/\/www.immobilienbusiness.ch\/wp-content\/uploads\/2023\/08\/selvehalle.jpg","keywords":["Coworking","Freizeitimmobilien","Gastronomie","Projekt in Planung","Thun"],"articleSection":["REGIONEN"],"inLanguage":"de"},{"@type":"WebPage","@id":"https:\/\/www.immobilienbusiness.ch\/fr\/regionen\/2023-08-10\/thun-denkmalgeschuetzte-halle-6-wird-fuer-neue-nutzung-umgebaut\/","url":"https:\/\/www.immobilienbusiness.ch\/fr\/regionen\/2023-08-10\/thun-denkmalgeschuetzte-halle-6-wird-fuer-neue-nutzung-umgebaut\/","name":"Thun: Denkmalgesch\u00fctzte Halle 6 wird f\u00fcr neue Nutzung umgebaut - IMMOBILIEN Business","isPartOf":{"@id":"https:\/\/www.immobilienbusiness.ch\/#website"},"primaryImageOfPage":{"@id":"https:\/\/www.immobilienbusiness.ch\/fr\/regionen\/2023-08-10\/thun-denkmalgeschuetzte-halle-6-wird-fuer-neue-nutzung-umgebaut\/#primaryimage"},"image":{"@id":"https:\/\/www.immobilienbusiness.ch\/fr\/regionen\/2023-08-10\/thun-denkmalgeschuetzte-halle-6-wird-fuer-neue-nutzung-umgebaut\/#primaryimage"},"thumbnailUrl":"https:\/\/www.immobilienbusiness.ch\/wp-content\/uploads\/2023\/08\/selvehalle.jpg","datePublished":"2023-08-10T06:55:10+00:00","description":"Die Halle 6 an der Scheibenstrasse in Thun soll k\u00fcnftig Coworking, Events und Gastronomie beherbergen. Die Umbauarbeiten starten im Herbst.","breadcrumb":{"@id":"https:\/\/www.immobilienbusiness.ch\/fr\/regionen\/2023-08-10\/thun-denkmalgeschuetzte-halle-6-wird-fuer-neue-nutzung-umgebaut\/#breadcrumb"},"inLanguage":"de","potentialAction":[{"@type":"ReadAction","target":["https:\/\/www.immobilienbusiness.ch\/fr\/regionen\/2023-08-10\/thun-denkmalgeschuetzte-halle-6-wird-fuer-neue-nutzung-umgebaut\/"]}]},{"@type":"ImageObject","inLanguage":"de","@id":"https:\/\/www.immobilienbusiness.ch\/fr\/regionen\/2023-08-10\/thun-denkmalgeschuetzte-halle-6-wird-fuer-neue-nutzung-umgebaut\/#primaryimage","url":"https:\/\/www.immobilienbusiness.ch\/wp-content\/uploads\/2023\/08\/selvehalle.jpg","contentUrl":"https:\/\/www.immobilienbusiness.ch\/wp-content\/uploads\/2023\/08\/selvehalle.jpg","width":900,"height":600,"caption":"Die Halle 6 in Thun (Quelle: Stadt Thun)"},{"@type":"BreadcrumbList","@id":"https:\/\/www.immobilienbusiness.ch\/fr\/regionen\/2023-08-10\/thun-denkmalgeschuetzte-halle-6-wird-fuer-neue-nutzung-umgebaut\/#breadcrumb","itemListElement":[{"@type":"ListItem","position":1,"name":"Home","item":"https:\/\/www.immobilienbusiness.ch\/"},{"@type":"ListItem","position":2,"name":"Thun: Denkmalgesch\u00fctzte Halle 6 wird f\u00fcr neue Nutzung umgebaut"}]},{"@type":"WebSite","@id":"https:\/\/www.immobilienbusiness.ch\/#website","url":"https:\/\/www.immobilienbusiness.ch\/","name":"IMMOBILIEN Business","description":"Unabh\u00e4ngiges Schweizer Wirtschaftsmagazin mit Fokus auf Immobilien, Architektur- und Bau sowie Investment- und Finanzierung.","publisher":{"@id":"https:\/\/www.immobilienbusiness.ch\/#organization"},"potentialAction":[{"@type":"SearchAction","target":{"@type":"EntryPoint","urlTemplate":"https:\/\/www.immobilienbusiness.ch\/?s={search_term_string}"},"query-input":{"@type":"PropertyValueSpecification","valueRequired":true,"valueName":"search_term_string"}}],"inLanguage":"de"},{"@type":"Organization","@id":"https:\/\/www.immobilienbusiness.ch\/#organization","name":"IMMOBILIEN Business","url":"https:\/\/www.immobilienbusiness.ch\/","logo":{"@type":"ImageObject","inLanguage":"de","@id":"https:\/\/www.immobilienbusiness.ch\/#\/schema\/logo\/image\/","url":"https:\/\/www.immobilienbusiness.ch\/wp-content\/uploads\/2021\/07\/logo_ib.png","contentUrl":"https:\/\/www.immobilienbusiness.ch\/wp-content\/uploads\/2021\/07\/logo_ib.png","width":800,"height":181,"caption":"IMMOBILIEN Business"},"image":{"@id":"https:\/\/www.immobilienbusiness.ch\/#\/schema\/logo\/image\/"},"sameAs":["https:\/\/www.facebook.com\/immobilienbusiness\/"]},{"@type":"Person","@id":"https:\/\/www.immobilienbusiness.ch\/#\/schema\/person\/3fc036297b10b9f42d6db5ee932af8c8","name":"anja.hall","image":{"@type":"ImageObject","inLanguage":"de","@id":"https:\/\/secure.gravatar.com\/avatar\/066b5a0d447013502c71a5782f4f3469f03cfe595cc2329fb94652fe47511bfb?s=96&d=mm&r=g","url":"https:\/\/secure.gravatar.com\/avatar\/066b5a0d447013502c71a5782f4f3469f03cfe595cc2329fb94652fe47511bfb?s=96&d=mm&r=g","contentUrl":"https:\/\/secure.gravatar.com\/avatar\/066b5a0d447013502c71a5782f4f3469f03cfe595cc2329fb94652fe47511bfb?s=96&d=mm&r=g","caption":"anja.hall"},"url":"https:\/\/www.immobilienbusiness.ch\/de\/author\/anja-hall\/"}]}},"_links":{"self":[{"href":"https:\/\/www.immobilienbusiness.ch\/de\/wp-json\/wp\/v2\/posts\/51907","targetHints":{"allow":["GET"]}}],"collection":[{"href":"https:\/\/www.immobilienbusiness.ch\/de\/wp-json\/wp\/v2\/posts"}],"about":[{"href":"https:\/\/www.immobilienbusiness.ch\/de\/wp-json\/wp\/v2\/types\/post"}],"author":[{"embeddable":true,"href":"https:\/\/www.immobilienbusiness.ch\/de\/wp-json\/wp\/v2\/users\/3"}],"replies":[{"embeddable":true,"href":"https:\/\/www.immobilienbusiness.ch\/de\/wp-json\/wp\/v2\/comments?post=51907"}],"version-history":[{"count":2,"href":"https:\/\/www.immobilienbusiness.ch\/de\/wp-json\/wp\/v2\/posts\/51907\/revisions"}],"predecessor-version":[{"id":51913,"href":"https:\/\/www.immobilienbusiness.ch\/de\/wp-json\/wp\/v2\/posts\/51907\/revisions\/51913"}],"wp:featuredmedia":[{"embeddable":true,"href":"https:\/\/www.immobilienbusiness.ch\/de\/wp-json\/wp\/v2\/media\/51912"}],"wp:attachment":[{"href":"https:\/\/www.immobilienbusiness.ch\/de\/wp-json\/wp\/v2\/media?parent=51907"}],"wp:term":[{"taxonomy":"category","embeddable":true,"href":"https:\/\/www.immobilienbusiness.ch\/de\/wp-json\/wp\/v2\/categories?post=51907"},{"taxonomy":"post_tag","embeddable":true,"href":"https:\/\/www.immobilienbusiness.ch\/de\/wp-json\/wp\/v2\/tags?post=51907"}],"curies":[{"name":"wp","href":"https:\/\/api.w.org\/{rel}","templated":true}]}}