{"id":50474,"date":"2023-07-18T07:05:23","date_gmt":"2023-07-18T05:05:23","guid":{"rendered":"https:\/\/www.immobilienbusiness.ch\/?p=50474"},"modified":"2025-06-20T07:46:43","modified_gmt":"2025-06-20T05:46:43","slug":"die-post-will-bueroflaechen-schweizweit-konzentrieren","status":"publish","type":"post","link":"https:\/\/www.immobilienbusiness.ch\/de\/allgemein\/2023-07-18\/die-post-will-bueroflaechen-schweizweit-konzentrieren\/","title":{"rendered":"Die Post will B\u00fcrofl\u00e4chen schweizweit konzentrieren"},"content":{"rendered":"<figure id=\"attachment_16443\" aria-describedby=\"caption-attachment-16443\" style=\"width: 862px\" class=\"wp-caption alignnone\"><a href=\"https:\/\/www.immobilienbusiness.ch\/wp-content\/uploads\/2019\/03\/267.-Schweizer-Immobilienbrief.jpg\"><img loading=\"lazy\" decoding=\"async\" class=\"size-full wp-image-16443\" src=\"https:\/\/www.immobilienbusiness.ch\/wp-content\/uploads\/2019\/03\/267.-Schweizer-Immobilienbrief.jpg\" alt=\"\" width=\"862\" height=\"349\" srcset=\"https:\/\/www.immobilienbusiness.ch\/wp-content\/uploads\/2019\/03\/267.-Schweizer-Immobilienbrief.jpg 862w, https:\/\/www.immobilienbusiness.ch\/wp-content\/uploads\/2019\/03\/267.-Schweizer-Immobilienbrief-300x121.jpg 300w, https:\/\/www.immobilienbusiness.ch\/wp-content\/uploads\/2019\/03\/267.-Schweizer-Immobilienbrief-768x311.jpg 768w, https:\/\/www.immobilienbusiness.ch\/wp-content\/uploads\/2019\/03\/267.-Schweizer-Immobilienbrief-16x6.jpg 16w, https:\/\/www.immobilienbusiness.ch\/wp-content\/uploads\/2019\/03\/267.-Schweizer-Immobilienbrief-375x152.jpg 375w, https:\/\/www.immobilienbusiness.ch\/wp-content\/uploads\/2019\/03\/267.-Schweizer-Immobilienbrief-760x308.jpg 760w\" sizes=\"auto, (max-width: 862px) 100vw, 862px\" \/><\/a><figcaption id=\"caption-attachment-16443\" class=\"wp-caption-text\">Die Post hat ein neues Konzept f\u00fcr ihre B\u00fcrofl\u00e4chen vorgestellt (Symbolbild: Vladitto\/Depositphotos)<\/figcaption><\/figure>\n<p>Die Post will bis 2030 schweizweit bis zu zw\u00f6lf regionale B\u00fcro-Hubs in allen Sprachregionen der Schweiz schaffen und damit \u00abdie B\u00fcro-Arbeitswelt wieder attraktiver machen\u00bb. Ihre B\u00fcrofl\u00e4chen sind heute n\u00e4mlich deutlich tiefer ausgelastet als vor der Corona-Pandemie: Zum Teil l\u00e4ge die Auslastung unter 40%, gegen\u00fcber durchschnittlich 80% vor einigen Jahren, teilt die Post mit. Mit den regionalen B\u00fcro-Hubs will sie ihren Mitarbeitern \u00abeinen Mehrwert und damit einen Grund bieten, im B\u00fcro zu arbeiten\u00bb. In den regionalen B\u00fcro-Hubs soll es mehr R\u00e4ume f\u00fcr Workshops und Projekte und gleichzeitig mehr stille Arbeitspl\u00e4tze geben. Dies sei ein Bed\u00fcrfnis der Belegschaft im Gegensatz zu reinen Open-Space-B\u00fcros, teilt die Post mit.<\/p>\n<p>Heute verf\u00fcgt die Post \u00fcber den Hauptsitz in Bern und \u00fcber sehr viele kleine B\u00fcrofl\u00e4chen, die unter der geschilderten tiefen Auslastung leiden. Diese kleinen Standorte sollen sukzessive zugunsten der \u00abHubs\u00bb aufgegeben werden. Die neuen Standorte will das Unternehmen an verkehrstechnisch gut erschlossenen Standorten einrichten, die neue Strategie soll Schritt f\u00fcr Schritt bis 2030 umgesetzt werden. Die ersten drei Standorte sind Berichten zufolge in Bern, Z\u00fcrich und Olten geplant. <i>(aw)<\/i><\/p>\n","protected":false},"excerpt":{"rendered":"<p>Bei der Post hat sich die Auslastung von B\u00fcrofl\u00e4chen seit der Corona-Pandemie massiv reduziert. Eine neue Strategie mit zw\u00f6lf B\u00fcro-Hubs soll die Attraktivit\u00e4t wieder steigern.<\/p>\n","protected":false},"author":102,"featured_media":16443,"comment_status":"closed","ping_status":"closed","sticky":false,"template":"","format":"standard","meta":{"_acf_changed":false,"_yoast_wpseo_focuskw":"Post","_yoast_wpseo_title":"","_yoast_wpseo_metadesc":"Bei der Post hat sich die Auslastung von B\u00fcrofl\u00e4chen seit Corona massiv reduziert. Eine neue Strategie mit zw\u00f6lf B\u00fcro-Hubs soll die Attraktivit\u00e4t wieder steigern.","_yoast_wpseo_linkdex":57,"pgc_sgb_lightbox_settings":"","footnotes":""},"categories":[1],"tags":[1119,1587,2037],"class_list":["post-50474","post","type-post","status-publish","format-standard","has-post-thumbnail","hentry","category-allgemein","tag-bueroimmobilien","tag-post","tag-trend"],"acf":[],"yoast_head":"<!-- This site is optimized with the Yoast SEO plugin v27.4 - https:\/\/yoast.com\/product\/yoast-seo-wordpress\/ -->\n<title>Die Post will B\u00fcrofl\u00e4chen schweizweit konzentrieren - IMMOBILIEN Business<\/title>\n<meta name=\"description\" content=\"Bei der Post hat sich die Auslastung von B\u00fcrofl\u00e4chen seit Corona massiv reduziert. Eine neue Strategie mit zw\u00f6lf B\u00fcro-Hubs soll die Attraktivit\u00e4t wieder steigern.\" \/>\n<meta name=\"robots\" content=\"index, follow, max-snippet:-1, max-image-preview:large, max-video-preview:-1\" \/>\n<link rel=\"canonical\" href=\"https:\/\/www.immobilienbusiness.ch\/de\/allgemein\/2023-07-18\/die-post-will-bueroflaechen-schweizweit-konzentrieren\/\" \/>\n<meta property=\"og:locale\" content=\"de_DE\" \/>\n<meta property=\"og:type\" content=\"article\" \/>\n<meta property=\"og:title\" content=\"Die Post will B\u00fcrofl\u00e4chen schweizweit konzentrieren - IMMOBILIEN Business\" \/>\n<meta property=\"og:description\" content=\"Bei der Post hat sich die Auslastung von B\u00fcrofl\u00e4chen seit Corona massiv reduziert. Eine neue Strategie mit zw\u00f6lf B\u00fcro-Hubs soll die Attraktivit\u00e4t wieder steigern.\" \/>\n<meta property=\"og:url\" content=\"https:\/\/www.immobilienbusiness.ch\/de\/allgemein\/2023-07-18\/die-post-will-bueroflaechen-schweizweit-konzentrieren\/\" \/>\n<meta property=\"og:site_name\" content=\"IMMOBILIEN Business\" \/>\n<meta property=\"article:publisher\" content=\"https:\/\/www.facebook.com\/immobilienbusiness\/\" \/>\n<meta property=\"article:published_time\" content=\"2023-07-18T05:05:23+00:00\" \/>\n<meta property=\"article:modified_time\" content=\"2025-06-20T05:46:43+00:00\" \/>\n<meta property=\"og:image\" content=\"https:\/\/www.immobilienbusiness.ch\/wp-content\/uploads\/2019\/03\/267.-Schweizer-Immobilienbrief.jpg\" \/>\n\t<meta property=\"og:image:width\" content=\"862\" \/>\n\t<meta property=\"og:image:height\" content=\"349\" \/>\n\t<meta property=\"og:image:type\" content=\"image\/jpeg\" \/>\n<meta name=\"author\" content=\"Alexander Wachter\" \/>\n<meta name=\"twitter:card\" content=\"summary_large_image\" \/>\n<script type=\"application\/ld+json\" class=\"yoast-schema-graph\">{\"@context\":\"https:\\\/\\\/schema.org\",\"@graph\":[{\"@type\":\"Article\",\"@id\":\"https:\\\/\\\/www.immobilienbusiness.ch\\\/allgemein\\\/2023-07-18\\\/die-post-will-bueroflaechen-schweizweit-konzentrieren\\\/#article\",\"isPartOf\":{\"@id\":\"https:\\\/\\\/www.immobilienbusiness.ch\\\/allgemein\\\/2023-07-18\\\/die-post-will-bueroflaechen-schweizweit-konzentrieren\\\/\"},\"author\":{\"name\":\"Alexander Wachter\",\"@id\":\"https:\\\/\\\/www.immobilienbusiness.ch\\\/#\\\/schema\\\/person\\\/aba8bea2db926aa0c24c08c43fe1fcd5\"},\"headline\":\"Die Post will B\u00fcrofl\u00e4chen schweizweit konzentrieren\",\"datePublished\":\"2023-07-18T05:05:23+00:00\",\"dateModified\":\"2025-06-20T05:46:43+00:00\",\"mainEntityOfPage\":{\"@id\":\"https:\\\/\\\/www.immobilienbusiness.ch\\\/allgemein\\\/2023-07-18\\\/die-post-will-bueroflaechen-schweizweit-konzentrieren\\\/\"},\"wordCount\":222,\"publisher\":{\"@id\":\"https:\\\/\\\/www.immobilienbusiness.ch\\\/#organization\"},\"image\":{\"@id\":\"https:\\\/\\\/www.immobilienbusiness.ch\\\/allgemein\\\/2023-07-18\\\/die-post-will-bueroflaechen-schweizweit-konzentrieren\\\/#primaryimage\"},\"thumbnailUrl\":\"https:\\\/\\\/www.immobilienbusiness.ch\\\/wp-content\\\/uploads\\\/2019\\\/03\\\/267.-Schweizer-Immobilienbrief.jpg\",\"keywords\":[\"B\u00fcroimmobilien\",\"Post\",\"Trend\"],\"inLanguage\":\"de\"},{\"@type\":\"WebPage\",\"@id\":\"https:\\\/\\\/www.immobilienbusiness.ch\\\/allgemein\\\/2023-07-18\\\/die-post-will-bueroflaechen-schweizweit-konzentrieren\\\/\",\"url\":\"https:\\\/\\\/www.immobilienbusiness.ch\\\/allgemein\\\/2023-07-18\\\/die-post-will-bueroflaechen-schweizweit-konzentrieren\\\/\",\"name\":\"Die Post will B\u00fcrofl\u00e4chen schweizweit konzentrieren - IMMOBILIEN Business\",\"isPartOf\":{\"@id\":\"https:\\\/\\\/www.immobilienbusiness.ch\\\/#website\"},\"primaryImageOfPage\":{\"@id\":\"https:\\\/\\\/www.immobilienbusiness.ch\\\/allgemein\\\/2023-07-18\\\/die-post-will-bueroflaechen-schweizweit-konzentrieren\\\/#primaryimage\"},\"image\":{\"@id\":\"https:\\\/\\\/www.immobilienbusiness.ch\\\/allgemein\\\/2023-07-18\\\/die-post-will-bueroflaechen-schweizweit-konzentrieren\\\/#primaryimage\"},\"thumbnailUrl\":\"https:\\\/\\\/www.immobilienbusiness.ch\\\/wp-content\\\/uploads\\\/2019\\\/03\\\/267.-Schweizer-Immobilienbrief.jpg\",\"datePublished\":\"2023-07-18T05:05:23+00:00\",\"dateModified\":\"2025-06-20T05:46:43+00:00\",\"description\":\"Bei der Post hat sich die Auslastung von B\u00fcrofl\u00e4chen seit Corona massiv reduziert. Eine neue Strategie mit zw\u00f6lf B\u00fcro-Hubs soll die Attraktivit\u00e4t wieder steigern.\",\"breadcrumb\":{\"@id\":\"https:\\\/\\\/www.immobilienbusiness.ch\\\/allgemein\\\/2023-07-18\\\/die-post-will-bueroflaechen-schweizweit-konzentrieren\\\/#breadcrumb\"},\"inLanguage\":\"de\",\"potentialAction\":[{\"@type\":\"ReadAction\",\"target\":[\"https:\\\/\\\/www.immobilienbusiness.ch\\\/allgemein\\\/2023-07-18\\\/die-post-will-bueroflaechen-schweizweit-konzentrieren\\\/\"]}]},{\"@type\":\"ImageObject\",\"inLanguage\":\"de\",\"@id\":\"https:\\\/\\\/www.immobilienbusiness.ch\\\/allgemein\\\/2023-07-18\\\/die-post-will-bueroflaechen-schweizweit-konzentrieren\\\/#primaryimage\",\"url\":\"https:\\\/\\\/www.immobilienbusiness.ch\\\/wp-content\\\/uploads\\\/2019\\\/03\\\/267.-Schweizer-Immobilienbrief.jpg\",\"contentUrl\":\"https:\\\/\\\/www.immobilienbusiness.ch\\\/wp-content\\\/uploads\\\/2019\\\/03\\\/267.-Schweizer-Immobilienbrief.jpg\",\"width\":862,\"height\":349,\"caption\":\"Eine gr\u00f6ssere B\u00fcrovermietung hat im Kanton Genf stattgefunden (Symboldbild: Vladitto\\\/Depositphotos\"},{\"@type\":\"BreadcrumbList\",\"@id\":\"https:\\\/\\\/www.immobilienbusiness.ch\\\/allgemein\\\/2023-07-18\\\/die-post-will-bueroflaechen-schweizweit-konzentrieren\\\/#breadcrumb\",\"itemListElement\":[{\"@type\":\"ListItem\",\"position\":1,\"name\":\"Home\",\"item\":\"https:\\\/\\\/www.immobilienbusiness.ch\\\/\"},{\"@type\":\"ListItem\",\"position\":2,\"name\":\"Die Post will B\u00fcrofl\u00e4chen schweizweit konzentrieren\"}]},{\"@type\":\"WebSite\",\"@id\":\"https:\\\/\\\/www.immobilienbusiness.ch\\\/#website\",\"url\":\"https:\\\/\\\/www.immobilienbusiness.ch\\\/\",\"name\":\"IMMOBILIEN Business\",\"description\":\"Unabh\u00e4ngiges Schweizer Wirtschaftsmagazin mit Fokus auf Immobilien, Architektur- und Bau sowie Investment- und Finanzierung.\",\"publisher\":{\"@id\":\"https:\\\/\\\/www.immobilienbusiness.ch\\\/#organization\"},\"potentialAction\":[{\"@type\":\"SearchAction\",\"target\":{\"@type\":\"EntryPoint\",\"urlTemplate\":\"https:\\\/\\\/www.immobilienbusiness.ch\\\/?s={search_term_string}\"},\"query-input\":{\"@type\":\"PropertyValueSpecification\",\"valueRequired\":true,\"valueName\":\"search_term_string\"}}],\"inLanguage\":\"de\"},{\"@type\":\"Organization\",\"@id\":\"https:\\\/\\\/www.immobilienbusiness.ch\\\/#organization\",\"name\":\"IMMOBILIEN Business\",\"url\":\"https:\\\/\\\/www.immobilienbusiness.ch\\\/\",\"logo\":{\"@type\":\"ImageObject\",\"inLanguage\":\"de\",\"@id\":\"https:\\\/\\\/www.immobilienbusiness.ch\\\/#\\\/schema\\\/logo\\\/image\\\/\",\"url\":\"https:\\\/\\\/www.immobilienbusiness.ch\\\/wp-content\\\/uploads\\\/2021\\\/07\\\/logo_ib.png\",\"contentUrl\":\"https:\\\/\\\/www.immobilienbusiness.ch\\\/wp-content\\\/uploads\\\/2021\\\/07\\\/logo_ib.png\",\"width\":800,\"height\":181,\"caption\":\"IMMOBILIEN Business\"},\"image\":{\"@id\":\"https:\\\/\\\/www.immobilienbusiness.ch\\\/#\\\/schema\\\/logo\\\/image\\\/\"},\"sameAs\":[\"https:\\\/\\\/www.facebook.com\\\/immobilienbusiness\\\/\"]},{\"@type\":\"Person\",\"@id\":\"https:\\\/\\\/www.immobilienbusiness.ch\\\/#\\\/schema\\\/person\\\/aba8bea2db926aa0c24c08c43fe1fcd5\",\"name\":\"Alexander Wachter\",\"image\":{\"@type\":\"ImageObject\",\"inLanguage\":\"de\",\"@id\":\"https:\\\/\\\/secure.gravatar.com\\\/avatar\\\/1a09e471f5389b0e0a6416eac287e0927c7c97a7b77f9e787eba3af7aee281dd?s=96&d=mm&r=g\",\"url\":\"https:\\\/\\\/secure.gravatar.com\\\/avatar\\\/1a09e471f5389b0e0a6416eac287e0927c7c97a7b77f9e787eba3af7aee281dd?s=96&d=mm&r=g\",\"contentUrl\":\"https:\\\/\\\/secure.gravatar.com\\\/avatar\\\/1a09e471f5389b0e0a6416eac287e0927c7c97a7b77f9e787eba3af7aee281dd?s=96&d=mm&r=g\",\"caption\":\"Alexander Wachter\"},\"url\":\"https:\\\/\\\/www.immobilienbusiness.ch\\\/de\\\/author\\\/alexander-wachter\\\/\"}]}<\/script>\n<!-- \/ Yoast SEO plugin. -->","yoast_head_json":{"title":"Die Post will B\u00fcrofl\u00e4chen schweizweit konzentrieren - IMMOBILIEN Business","description":"Bei der Post hat sich die Auslastung von B\u00fcrofl\u00e4chen seit Corona massiv reduziert. Eine neue Strategie mit zw\u00f6lf B\u00fcro-Hubs soll die Attraktivit\u00e4t wieder steigern.","robots":{"index":"index","follow":"follow","max-snippet":"max-snippet:-1","max-image-preview":"max-image-preview:large","max-video-preview":"max-video-preview:-1"},"canonical":"https:\/\/www.immobilienbusiness.ch\/de\/allgemein\/2023-07-18\/die-post-will-bueroflaechen-schweizweit-konzentrieren\/","og_locale":"de_DE","og_type":"article","og_title":"Die Post will B\u00fcrofl\u00e4chen schweizweit konzentrieren - IMMOBILIEN Business","og_description":"Bei der Post hat sich die Auslastung von B\u00fcrofl\u00e4chen seit Corona massiv reduziert. Eine neue Strategie mit zw\u00f6lf B\u00fcro-Hubs soll die Attraktivit\u00e4t wieder steigern.","og_url":"https:\/\/www.immobilienbusiness.ch\/de\/allgemein\/2023-07-18\/die-post-will-bueroflaechen-schweizweit-konzentrieren\/","og_site_name":"IMMOBILIEN Business","article_publisher":"https:\/\/www.facebook.com\/immobilienbusiness\/","article_published_time":"2023-07-18T05:05:23+00:00","article_modified_time":"2025-06-20T05:46:43+00:00","og_image":[{"width":862,"height":349,"url":"https:\/\/www.immobilienbusiness.ch\/wp-content\/uploads\/2019\/03\/267.-Schweizer-Immobilienbrief.jpg","type":"image\/jpeg"}],"author":"Alexander Wachter","twitter_card":"summary_large_image","schema":{"@context":"https:\/\/schema.org","@graph":[{"@type":"Article","@id":"https:\/\/www.immobilienbusiness.ch\/allgemein\/2023-07-18\/die-post-will-bueroflaechen-schweizweit-konzentrieren\/#article","isPartOf":{"@id":"https:\/\/www.immobilienbusiness.ch\/allgemein\/2023-07-18\/die-post-will-bueroflaechen-schweizweit-konzentrieren\/"},"author":{"name":"Alexander Wachter","@id":"https:\/\/www.immobilienbusiness.ch\/#\/schema\/person\/aba8bea2db926aa0c24c08c43fe1fcd5"},"headline":"Die Post will B\u00fcrofl\u00e4chen schweizweit konzentrieren","datePublished":"2023-07-18T05:05:23+00:00","dateModified":"2025-06-20T05:46:43+00:00","mainEntityOfPage":{"@id":"https:\/\/www.immobilienbusiness.ch\/allgemein\/2023-07-18\/die-post-will-bueroflaechen-schweizweit-konzentrieren\/"},"wordCount":222,"publisher":{"@id":"https:\/\/www.immobilienbusiness.ch\/#organization"},"image":{"@id":"https:\/\/www.immobilienbusiness.ch\/allgemein\/2023-07-18\/die-post-will-bueroflaechen-schweizweit-konzentrieren\/#primaryimage"},"thumbnailUrl":"https:\/\/www.immobilienbusiness.ch\/wp-content\/uploads\/2019\/03\/267.-Schweizer-Immobilienbrief.jpg","keywords":["B\u00fcroimmobilien","Post","Trend"],"inLanguage":"de"},{"@type":"WebPage","@id":"https:\/\/www.immobilienbusiness.ch\/allgemein\/2023-07-18\/die-post-will-bueroflaechen-schweizweit-konzentrieren\/","url":"https:\/\/www.immobilienbusiness.ch\/allgemein\/2023-07-18\/die-post-will-bueroflaechen-schweizweit-konzentrieren\/","name":"Die Post will B\u00fcrofl\u00e4chen schweizweit konzentrieren - IMMOBILIEN Business","isPartOf":{"@id":"https:\/\/www.immobilienbusiness.ch\/#website"},"primaryImageOfPage":{"@id":"https:\/\/www.immobilienbusiness.ch\/allgemein\/2023-07-18\/die-post-will-bueroflaechen-schweizweit-konzentrieren\/#primaryimage"},"image":{"@id":"https:\/\/www.immobilienbusiness.ch\/allgemein\/2023-07-18\/die-post-will-bueroflaechen-schweizweit-konzentrieren\/#primaryimage"},"thumbnailUrl":"https:\/\/www.immobilienbusiness.ch\/wp-content\/uploads\/2019\/03\/267.-Schweizer-Immobilienbrief.jpg","datePublished":"2023-07-18T05:05:23+00:00","dateModified":"2025-06-20T05:46:43+00:00","description":"Bei der Post hat sich die Auslastung von B\u00fcrofl\u00e4chen seit Corona massiv reduziert. Eine neue Strategie mit zw\u00f6lf B\u00fcro-Hubs soll die Attraktivit\u00e4t wieder steigern.","breadcrumb":{"@id":"https:\/\/www.immobilienbusiness.ch\/allgemein\/2023-07-18\/die-post-will-bueroflaechen-schweizweit-konzentrieren\/#breadcrumb"},"inLanguage":"de","potentialAction":[{"@type":"ReadAction","target":["https:\/\/www.immobilienbusiness.ch\/allgemein\/2023-07-18\/die-post-will-bueroflaechen-schweizweit-konzentrieren\/"]}]},{"@type":"ImageObject","inLanguage":"de","@id":"https:\/\/www.immobilienbusiness.ch\/allgemein\/2023-07-18\/die-post-will-bueroflaechen-schweizweit-konzentrieren\/#primaryimage","url":"https:\/\/www.immobilienbusiness.ch\/wp-content\/uploads\/2019\/03\/267.-Schweizer-Immobilienbrief.jpg","contentUrl":"https:\/\/www.immobilienbusiness.ch\/wp-content\/uploads\/2019\/03\/267.-Schweizer-Immobilienbrief.jpg","width":862,"height":349,"caption":"Eine gr\u00f6ssere B\u00fcrovermietung hat im Kanton Genf stattgefunden (Symboldbild: Vladitto\/Depositphotos"},{"@type":"BreadcrumbList","@id":"https:\/\/www.immobilienbusiness.ch\/allgemein\/2023-07-18\/die-post-will-bueroflaechen-schweizweit-konzentrieren\/#breadcrumb","itemListElement":[{"@type":"ListItem","position":1,"name":"Home","item":"https:\/\/www.immobilienbusiness.ch\/"},{"@type":"ListItem","position":2,"name":"Die Post will B\u00fcrofl\u00e4chen schweizweit konzentrieren"}]},{"@type":"WebSite","@id":"https:\/\/www.immobilienbusiness.ch\/#website","url":"https:\/\/www.immobilienbusiness.ch\/","name":"IMMOBILIEN Business","description":"Unabh\u00e4ngiges Schweizer Wirtschaftsmagazin mit Fokus auf Immobilien, Architektur- und Bau sowie Investment- und Finanzierung.","publisher":{"@id":"https:\/\/www.immobilienbusiness.ch\/#organization"},"potentialAction":[{"@type":"SearchAction","target":{"@type":"EntryPoint","urlTemplate":"https:\/\/www.immobilienbusiness.ch\/?s={search_term_string}"},"query-input":{"@type":"PropertyValueSpecification","valueRequired":true,"valueName":"search_term_string"}}],"inLanguage":"de"},{"@type":"Organization","@id":"https:\/\/www.immobilienbusiness.ch\/#organization","name":"IMMOBILIEN Business","url":"https:\/\/www.immobilienbusiness.ch\/","logo":{"@type":"ImageObject","inLanguage":"de","@id":"https:\/\/www.immobilienbusiness.ch\/#\/schema\/logo\/image\/","url":"https:\/\/www.immobilienbusiness.ch\/wp-content\/uploads\/2021\/07\/logo_ib.png","contentUrl":"https:\/\/www.immobilienbusiness.ch\/wp-content\/uploads\/2021\/07\/logo_ib.png","width":800,"height":181,"caption":"IMMOBILIEN Business"},"image":{"@id":"https:\/\/www.immobilienbusiness.ch\/#\/schema\/logo\/image\/"},"sameAs":["https:\/\/www.facebook.com\/immobilienbusiness\/"]},{"@type":"Person","@id":"https:\/\/www.immobilienbusiness.ch\/#\/schema\/person\/aba8bea2db926aa0c24c08c43fe1fcd5","name":"Alexander Wachter","image":{"@type":"ImageObject","inLanguage":"de","@id":"https:\/\/secure.gravatar.com\/avatar\/1a09e471f5389b0e0a6416eac287e0927c7c97a7b77f9e787eba3af7aee281dd?s=96&d=mm&r=g","url":"https:\/\/secure.gravatar.com\/avatar\/1a09e471f5389b0e0a6416eac287e0927c7c97a7b77f9e787eba3af7aee281dd?s=96&d=mm&r=g","contentUrl":"https:\/\/secure.gravatar.com\/avatar\/1a09e471f5389b0e0a6416eac287e0927c7c97a7b77f9e787eba3af7aee281dd?s=96&d=mm&r=g","caption":"Alexander Wachter"},"url":"https:\/\/www.immobilienbusiness.ch\/de\/author\/alexander-wachter\/"}]}},"_links":{"self":[{"href":"https:\/\/www.immobilienbusiness.ch\/de\/wp-json\/wp\/v2\/posts\/50474","targetHints":{"allow":["GET"]}}],"collection":[{"href":"https:\/\/www.immobilienbusiness.ch\/de\/wp-json\/wp\/v2\/posts"}],"about":[{"href":"https:\/\/www.immobilienbusiness.ch\/de\/wp-json\/wp\/v2\/types\/post"}],"author":[{"embeddable":true,"href":"https:\/\/www.immobilienbusiness.ch\/de\/wp-json\/wp\/v2\/users\/102"}],"replies":[{"embeddable":true,"href":"https:\/\/www.immobilienbusiness.ch\/de\/wp-json\/wp\/v2\/comments?post=50474"}],"version-history":[{"count":6,"href":"https:\/\/www.immobilienbusiness.ch\/de\/wp-json\/wp\/v2\/posts\/50474\/revisions"}],"predecessor-version":[{"id":64110,"href":"https:\/\/www.immobilienbusiness.ch\/de\/wp-json\/wp\/v2\/posts\/50474\/revisions\/64110"}],"wp:featuredmedia":[{"embeddable":true,"href":"https:\/\/www.immobilienbusiness.ch\/de\/wp-json\/wp\/v2\/media\/16443"}],"wp:attachment":[{"href":"https:\/\/www.immobilienbusiness.ch\/de\/wp-json\/wp\/v2\/media?parent=50474"}],"wp:term":[{"taxonomy":"category","embeddable":true,"href":"https:\/\/www.immobilienbusiness.ch\/de\/wp-json\/wp\/v2\/categories?post=50474"},{"taxonomy":"post_tag","embeddable":true,"href":"https:\/\/www.immobilienbusiness.ch\/de\/wp-json\/wp\/v2\/tags?post=50474"}],"curies":[{"name":"wp","href":"https:\/\/api.w.org\/{rel}","templated":true}]}}