{"id":49572,"date":"2023-07-05T09:47:22","date_gmt":"2023-07-05T07:47:22","guid":{"rendered":"https:\/\/www.immobilienbusiness.ch\/?p=49572"},"modified":"2023-07-05T19:01:16","modified_gmt":"2023-07-05T17:01:16","slug":"wetzikon-rohbau-des-halter-projekts-metropol-abgeschlossen","status":"publish","type":"post","link":"https:\/\/www.immobilienbusiness.ch\/de\/regionen\/2023-07-05\/wetzikon-rohbau-des-halter-projekts-metropol-abgeschlossen\/","title":{"rendered":"Wetzikon: Rohbau des Halter-Projekts \u00abMetropol\u00bb abgeschlossen"},"content":{"rendered":"<figure id=\"attachment_49759\" aria-describedby=\"caption-attachment-49759\" style=\"width: 1546px\" class=\"wp-caption alignnone\"><a href=\"https:\/\/www.immobilienbusiness.ch\/wp-content\/uploads\/2023\/07\/WetzikonEtappeeins.png\"><img loading=\"lazy\" decoding=\"async\" class=\"size-full wp-image-49759\" src=\"https:\/\/www.immobilienbusiness.ch\/wp-content\/uploads\/2023\/07\/WetzikonEtappeeins.png\" alt=\"\" width=\"1546\" height=\"913\" srcset=\"https:\/\/www.immobilienbusiness.ch\/wp-content\/uploads\/2023\/07\/WetzikonEtappeeins.png 1200w, https:\/\/www.immobilienbusiness.ch\/wp-content\/uploads\/2023\/07\/WetzikonEtappeeins-300x177.png 300w, https:\/\/www.immobilienbusiness.ch\/wp-content\/uploads\/2023\/07\/WetzikonEtappeeins-1024x605.png 1024w, https:\/\/www.immobilienbusiness.ch\/wp-content\/uploads\/2023\/07\/WetzikonEtappeeins-768x454.png 768w, https:\/\/www.immobilienbusiness.ch\/wp-content\/uploads\/2023\/07\/WetzikonEtappeeins-1536x907.png 1536w, https:\/\/www.immobilienbusiness.ch\/wp-content\/uploads\/2023\/07\/WetzikonEtappeeins-18x12.png 18w, https:\/\/www.immobilienbusiness.ch\/wp-content\/uploads\/2023\/07\/WetzikonEtappeeins-375x221.png 375w, https:\/\/www.immobilienbusiness.ch\/wp-content\/uploads\/2023\/07\/WetzikonEtappeeins-593x350.png 593w, https:\/\/www.immobilienbusiness.ch\/wp-content\/uploads\/2023\/07\/WetzikonEtappeeins-1000x591.png 1000w\" sizes=\"auto, (max-width: 1546px) 100vw, 1546px\" \/><\/a><figcaption id=\"caption-attachment-49759\" class=\"wp-caption-text\">Die erste Etappe der Zentrums\u00fcberbauung \u00abMetropol\u00bb (Bild: Halter AG)<\/figcaption><\/figure>\n<p>Anfang 2022 starteten die Bauarbeiten f\u00fcr das Projekt Metropol in Wetzikon, Ende Juni 2023 ist nun die Fertigstellung des Rohbaus der ersten Bauetappe gefeiert worden. Realisiert wird das Projekt von der Investorin Turintra AG, vertreten durch UBS Fund Management (Switzerland) AG, sowie der Entwicklerin und Totalunternehmerin Halter AG. Der Bezug der Wohnungen mit 1,5 bis 5,5 Zimmern ist f\u00fcr den Fr\u00fchling 2024 geplant, die 2. Etappe wird voraussichtlich ab Fr\u00fchling 2026 bezugsbereit sein.<\/p>\n<p>Im September 2021 hatte der UBS-Fonds Sima das Projekt mit 149 Wohnungen und 7844 qm Retail- und Gewerbefl\u00e4che erworben. Das Vorhaben beruht auf dem privaten Gestaltungsplan Metropol von Bryner Entwicklungen. Die Zentrums\u00fcberbauung wird nach Fertigstellung L\u00e4den und Gastronomieangebote, publikumsorientierte Nutzungen und Angebote im Gesundheitsbereich umfassen. Mieter eines bestehenden Einkaufszentrums, das r\u00fcckgebaut wird, erhalten neue Fl\u00e4che, so z.B. die Kette Activ Fitness der Migros. Auch ein Coworking-Zentrum ist geplant.<\/p>\n<p>Hauptbestandteil des durch Halter gemeinsam mit Meierpartner Architekten aus Wetzikon \u00fcberarbeiteten Projekts bildet eine zentrale Stadtgasse f\u00fcr Fussg\u00e4nger und Passanten im Inneren der Zentrumsbebauung. Erg\u00e4nzt wird der neue \u00f6ffentliche Raum durch einen Stadtplatz und einer Treppe als Querverbindung zwischen der Bahnhofstrasse und dem J\u00f6rg-Schneider-Park sowie der gewerblichen Berufsschule Wetzikon. <em>(aw)<\/em><\/p>\n","protected":false},"excerpt":{"rendered":"<p>In Wetzikon feierten Halter und UBS das Aufrichtfest f\u00fcr die 150 Wohnungen der ersten Bauetappe ihres Projekts \u00abMetropol\u00bb.<\/p>\n","protected":false},"author":102,"featured_media":49759,"comment_status":"closed","ping_status":"closed","sticky":false,"template":"","format":"standard","meta":{"_acf_changed":false,"_yoast_wpseo_focuskw":"Wetzikon","_yoast_wpseo_title":"","_yoast_wpseo_metadesc":"In Wetzikon feierten Halter und UBS das Aufrichtfest f\u00fcr die 150 Wohnungen der ersten Bauetappe ihres Projekts \u00abMetropol\u00bb.","_yoast_wpseo_linkdex":63,"pgc_sgb_lightbox_settings":"","footnotes":""},"categories":[985],"tags":[1050,1291,1492,1796,2103],"class_list":["post-49572","post","type-post","status-publish","format-standard","has-post-thumbnail","hentry","category-regionen","tag-aufrichte","tag-halter-ag","tag-mietwohnungen","tag-ubs","tag-wetzikon"],"acf":[],"yoast_head":"<!-- This site is optimized with the Yoast SEO plugin v27.4 - https:\/\/yoast.com\/product\/yoast-seo-wordpress\/ -->\n<title>Wetzikon: Rohbau des Halter-Projekts \u00abMetropol\u00bb abgeschlossen - IMMOBILIEN Business<\/title>\n<meta name=\"description\" content=\"In Wetzikon feierten Halter und UBS das Aufrichtfest f\u00fcr die 150 Wohnungen der ersten Bauetappe ihres Projekts \u00abMetropol\u00bb.\" \/>\n<meta name=\"robots\" content=\"index, follow, max-snippet:-1, max-image-preview:large, max-video-preview:-1\" \/>\n<link rel=\"canonical\" href=\"https:\/\/www.immobilienbusiness.ch\/de\/regionen\/2023-07-05\/wetzikon-rohbau-des-halter-projekts-metropol-abgeschlossen\/\" \/>\n<meta property=\"og:locale\" content=\"de_DE\" \/>\n<meta property=\"og:type\" content=\"article\" \/>\n<meta property=\"og:title\" content=\"Wetzikon: Rohbau des Halter-Projekts \u00abMetropol\u00bb abgeschlossen - IMMOBILIEN Business\" \/>\n<meta property=\"og:description\" content=\"In Wetzikon feierten Halter und UBS das Aufrichtfest f\u00fcr die 150 Wohnungen der ersten Bauetappe ihres Projekts \u00abMetropol\u00bb.\" \/>\n<meta property=\"og:url\" content=\"https:\/\/www.immobilienbusiness.ch\/de\/regionen\/2023-07-05\/wetzikon-rohbau-des-halter-projekts-metropol-abgeschlossen\/\" \/>\n<meta property=\"og:site_name\" content=\"IMMOBILIEN Business\" \/>\n<meta property=\"article:publisher\" content=\"https:\/\/www.facebook.com\/immobilienbusiness\/\" \/>\n<meta property=\"article:published_time\" content=\"2023-07-05T07:47:22+00:00\" \/>\n<meta property=\"article:modified_time\" content=\"2023-07-05T17:01:16+00:00\" \/>\n<meta property=\"og:image\" content=\"https:\/\/www.immobilienbusiness.ch\/wp-content\/uploads\/2023\/07\/WetzikonEtappeeins.png\" \/>\n\t<meta property=\"og:image:width\" content=\"1200\" \/>\n\t<meta property=\"og:image:height\" content=\"709\" \/>\n\t<meta property=\"og:image:type\" content=\"image\/png\" \/>\n<meta name=\"author\" content=\"Alexander Wachter\" \/>\n<meta name=\"twitter:card\" content=\"summary_large_image\" \/>\n<script type=\"application\/ld+json\" class=\"yoast-schema-graph\">{\"@context\":\"https:\\\/\\\/schema.org\",\"@graph\":[{\"@type\":\"Article\",\"@id\":\"https:\\\/\\\/www.immobilienbusiness.ch\\\/en\\\/regionen\\\/2023-07-05\\\/wetzikon-rohbau-des-halter-projekts-metropol-abgeschlossen\\\/#article\",\"isPartOf\":{\"@id\":\"https:\\\/\\\/www.immobilienbusiness.ch\\\/en\\\/regionen\\\/2023-07-05\\\/wetzikon-rohbau-des-halter-projekts-metropol-abgeschlossen\\\/\"},\"author\":{\"name\":\"Alexander Wachter\",\"@id\":\"https:\\\/\\\/www.immobilienbusiness.ch\\\/#\\\/schema\\\/person\\\/aba8bea2db926aa0c24c08c43fe1fcd5\"},\"headline\":\"Wetzikon: Rohbau des Halter-Projekts \u00abMetropol\u00bb abgeschlossen\",\"datePublished\":\"2023-07-05T07:47:22+00:00\",\"dateModified\":\"2023-07-05T17:01:16+00:00\",\"mainEntityOfPage\":{\"@id\":\"https:\\\/\\\/www.immobilienbusiness.ch\\\/en\\\/regionen\\\/2023-07-05\\\/wetzikon-rohbau-des-halter-projekts-metropol-abgeschlossen\\\/\"},\"wordCount\":218,\"publisher\":{\"@id\":\"https:\\\/\\\/www.immobilienbusiness.ch\\\/#organization\"},\"image\":{\"@id\":\"https:\\\/\\\/www.immobilienbusiness.ch\\\/en\\\/regionen\\\/2023-07-05\\\/wetzikon-rohbau-des-halter-projekts-metropol-abgeschlossen\\\/#primaryimage\"},\"thumbnailUrl\":\"https:\\\/\\\/www.immobilienbusiness.ch\\\/wp-content\\\/uploads\\\/2023\\\/07\\\/WetzikonEtappeeins.png\",\"keywords\":[\"Aufrichte\",\"Halter AG\",\"Mietwohnungen\",\"UBS\",\"Wetzikon\"],\"articleSection\":[\"REGIONEN\"],\"inLanguage\":\"de\"},{\"@type\":\"WebPage\",\"@id\":\"https:\\\/\\\/www.immobilienbusiness.ch\\\/en\\\/regionen\\\/2023-07-05\\\/wetzikon-rohbau-des-halter-projekts-metropol-abgeschlossen\\\/\",\"url\":\"https:\\\/\\\/www.immobilienbusiness.ch\\\/en\\\/regionen\\\/2023-07-05\\\/wetzikon-rohbau-des-halter-projekts-metropol-abgeschlossen\\\/\",\"name\":\"Wetzikon: Rohbau des Halter-Projekts \u00abMetropol\u00bb abgeschlossen - IMMOBILIEN Business\",\"isPartOf\":{\"@id\":\"https:\\\/\\\/www.immobilienbusiness.ch\\\/#website\"},\"primaryImageOfPage\":{\"@id\":\"https:\\\/\\\/www.immobilienbusiness.ch\\\/en\\\/regionen\\\/2023-07-05\\\/wetzikon-rohbau-des-halter-projekts-metropol-abgeschlossen\\\/#primaryimage\"},\"image\":{\"@id\":\"https:\\\/\\\/www.immobilienbusiness.ch\\\/en\\\/regionen\\\/2023-07-05\\\/wetzikon-rohbau-des-halter-projekts-metropol-abgeschlossen\\\/#primaryimage\"},\"thumbnailUrl\":\"https:\\\/\\\/www.immobilienbusiness.ch\\\/wp-content\\\/uploads\\\/2023\\\/07\\\/WetzikonEtappeeins.png\",\"datePublished\":\"2023-07-05T07:47:22+00:00\",\"dateModified\":\"2023-07-05T17:01:16+00:00\",\"description\":\"In Wetzikon feierten Halter und UBS das Aufrichtfest f\u00fcr die 150 Wohnungen der ersten Bauetappe ihres Projekts \u00abMetropol\u00bb.\",\"breadcrumb\":{\"@id\":\"https:\\\/\\\/www.immobilienbusiness.ch\\\/en\\\/regionen\\\/2023-07-05\\\/wetzikon-rohbau-des-halter-projekts-metropol-abgeschlossen\\\/#breadcrumb\"},\"inLanguage\":\"de\",\"potentialAction\":[{\"@type\":\"ReadAction\",\"target\":[\"https:\\\/\\\/www.immobilienbusiness.ch\\\/en\\\/regionen\\\/2023-07-05\\\/wetzikon-rohbau-des-halter-projekts-metropol-abgeschlossen\\\/\"]}]},{\"@type\":\"ImageObject\",\"inLanguage\":\"de\",\"@id\":\"https:\\\/\\\/www.immobilienbusiness.ch\\\/en\\\/regionen\\\/2023-07-05\\\/wetzikon-rohbau-des-halter-projekts-metropol-abgeschlossen\\\/#primaryimage\",\"url\":\"https:\\\/\\\/www.immobilienbusiness.ch\\\/wp-content\\\/uploads\\\/2023\\\/07\\\/WetzikonEtappeeins.png\",\"contentUrl\":\"https:\\\/\\\/www.immobilienbusiness.ch\\\/wp-content\\\/uploads\\\/2023\\\/07\\\/WetzikonEtappeeins.png\",\"width\":1200,\"height\":709,\"caption\":\"Die erste Etappe der Zentrums\u00fcberbauung \u00abMetropol\u00bb (Bild: Halter AG)\"},{\"@type\":\"BreadcrumbList\",\"@id\":\"https:\\\/\\\/www.immobilienbusiness.ch\\\/en\\\/regionen\\\/2023-07-05\\\/wetzikon-rohbau-des-halter-projekts-metropol-abgeschlossen\\\/#breadcrumb\",\"itemListElement\":[{\"@type\":\"ListItem\",\"position\":1,\"name\":\"Home\",\"item\":\"https:\\\/\\\/www.immobilienbusiness.ch\\\/\"},{\"@type\":\"ListItem\",\"position\":2,\"name\":\"Wetzikon: Rohbau des Halter-Projekts \u00abMetropol\u00bb abgeschlossen\"}]},{\"@type\":\"WebSite\",\"@id\":\"https:\\\/\\\/www.immobilienbusiness.ch\\\/#website\",\"url\":\"https:\\\/\\\/www.immobilienbusiness.ch\\\/\",\"name\":\"IMMOBILIEN Business\",\"description\":\"Unabh\u00e4ngiges Schweizer Wirtschaftsmagazin mit Fokus auf Immobilien, Architektur- und Bau sowie Investment- und Finanzierung.\",\"publisher\":{\"@id\":\"https:\\\/\\\/www.immobilienbusiness.ch\\\/#organization\"},\"potentialAction\":[{\"@type\":\"SearchAction\",\"target\":{\"@type\":\"EntryPoint\",\"urlTemplate\":\"https:\\\/\\\/www.immobilienbusiness.ch\\\/?s={search_term_string}\"},\"query-input\":{\"@type\":\"PropertyValueSpecification\",\"valueRequired\":true,\"valueName\":\"search_term_string\"}}],\"inLanguage\":\"de\"},{\"@type\":\"Organization\",\"@id\":\"https:\\\/\\\/www.immobilienbusiness.ch\\\/#organization\",\"name\":\"IMMOBILIEN Business\",\"url\":\"https:\\\/\\\/www.immobilienbusiness.ch\\\/\",\"logo\":{\"@type\":\"ImageObject\",\"inLanguage\":\"de\",\"@id\":\"https:\\\/\\\/www.immobilienbusiness.ch\\\/#\\\/schema\\\/logo\\\/image\\\/\",\"url\":\"https:\\\/\\\/www.immobilienbusiness.ch\\\/wp-content\\\/uploads\\\/2021\\\/07\\\/logo_ib.png\",\"contentUrl\":\"https:\\\/\\\/www.immobilienbusiness.ch\\\/wp-content\\\/uploads\\\/2021\\\/07\\\/logo_ib.png\",\"width\":800,\"height\":181,\"caption\":\"IMMOBILIEN Business\"},\"image\":{\"@id\":\"https:\\\/\\\/www.immobilienbusiness.ch\\\/#\\\/schema\\\/logo\\\/image\\\/\"},\"sameAs\":[\"https:\\\/\\\/www.facebook.com\\\/immobilienbusiness\\\/\"]},{\"@type\":\"Person\",\"@id\":\"https:\\\/\\\/www.immobilienbusiness.ch\\\/#\\\/schema\\\/person\\\/aba8bea2db926aa0c24c08c43fe1fcd5\",\"name\":\"Alexander Wachter\",\"image\":{\"@type\":\"ImageObject\",\"inLanguage\":\"de\",\"@id\":\"https:\\\/\\\/secure.gravatar.com\\\/avatar\\\/1a09e471f5389b0e0a6416eac287e0927c7c97a7b77f9e787eba3af7aee281dd?s=96&d=mm&r=g\",\"url\":\"https:\\\/\\\/secure.gravatar.com\\\/avatar\\\/1a09e471f5389b0e0a6416eac287e0927c7c97a7b77f9e787eba3af7aee281dd?s=96&d=mm&r=g\",\"contentUrl\":\"https:\\\/\\\/secure.gravatar.com\\\/avatar\\\/1a09e471f5389b0e0a6416eac287e0927c7c97a7b77f9e787eba3af7aee281dd?s=96&d=mm&r=g\",\"caption\":\"Alexander Wachter\"},\"url\":\"https:\\\/\\\/www.immobilienbusiness.ch\\\/de\\\/author\\\/alexander-wachter\\\/\"}]}<\/script>\n<!-- \/ Yoast SEO plugin. -->","yoast_head_json":{"title":"Wetzikon: Rohbau des Halter-Projekts \u00abMetropol\u00bb abgeschlossen - IMMOBILIEN Business","description":"In Wetzikon feierten Halter und UBS das Aufrichtfest f\u00fcr die 150 Wohnungen der ersten Bauetappe ihres Projekts \u00abMetropol\u00bb.","robots":{"index":"index","follow":"follow","max-snippet":"max-snippet:-1","max-image-preview":"max-image-preview:large","max-video-preview":"max-video-preview:-1"},"canonical":"https:\/\/www.immobilienbusiness.ch\/de\/regionen\/2023-07-05\/wetzikon-rohbau-des-halter-projekts-metropol-abgeschlossen\/","og_locale":"de_DE","og_type":"article","og_title":"Wetzikon: Rohbau des Halter-Projekts \u00abMetropol\u00bb abgeschlossen - IMMOBILIEN Business","og_description":"In Wetzikon feierten Halter und UBS das Aufrichtfest f\u00fcr die 150 Wohnungen der ersten Bauetappe ihres Projekts \u00abMetropol\u00bb.","og_url":"https:\/\/www.immobilienbusiness.ch\/de\/regionen\/2023-07-05\/wetzikon-rohbau-des-halter-projekts-metropol-abgeschlossen\/","og_site_name":"IMMOBILIEN Business","article_publisher":"https:\/\/www.facebook.com\/immobilienbusiness\/","article_published_time":"2023-07-05T07:47:22+00:00","article_modified_time":"2023-07-05T17:01:16+00:00","og_image":[{"width":1200,"height":709,"url":"https:\/\/www.immobilienbusiness.ch\/wp-content\/uploads\/2023\/07\/WetzikonEtappeeins.png","type":"image\/png"}],"author":"Alexander Wachter","twitter_card":"summary_large_image","schema":{"@context":"https:\/\/schema.org","@graph":[{"@type":"Article","@id":"https:\/\/www.immobilienbusiness.ch\/en\/regionen\/2023-07-05\/wetzikon-rohbau-des-halter-projekts-metropol-abgeschlossen\/#article","isPartOf":{"@id":"https:\/\/www.immobilienbusiness.ch\/en\/regionen\/2023-07-05\/wetzikon-rohbau-des-halter-projekts-metropol-abgeschlossen\/"},"author":{"name":"Alexander Wachter","@id":"https:\/\/www.immobilienbusiness.ch\/#\/schema\/person\/aba8bea2db926aa0c24c08c43fe1fcd5"},"headline":"Wetzikon: Rohbau des Halter-Projekts \u00abMetropol\u00bb abgeschlossen","datePublished":"2023-07-05T07:47:22+00:00","dateModified":"2023-07-05T17:01:16+00:00","mainEntityOfPage":{"@id":"https:\/\/www.immobilienbusiness.ch\/en\/regionen\/2023-07-05\/wetzikon-rohbau-des-halter-projekts-metropol-abgeschlossen\/"},"wordCount":218,"publisher":{"@id":"https:\/\/www.immobilienbusiness.ch\/#organization"},"image":{"@id":"https:\/\/www.immobilienbusiness.ch\/en\/regionen\/2023-07-05\/wetzikon-rohbau-des-halter-projekts-metropol-abgeschlossen\/#primaryimage"},"thumbnailUrl":"https:\/\/www.immobilienbusiness.ch\/wp-content\/uploads\/2023\/07\/WetzikonEtappeeins.png","keywords":["Aufrichte","Halter AG","Mietwohnungen","UBS","Wetzikon"],"articleSection":["REGIONEN"],"inLanguage":"de"},{"@type":"WebPage","@id":"https:\/\/www.immobilienbusiness.ch\/en\/regionen\/2023-07-05\/wetzikon-rohbau-des-halter-projekts-metropol-abgeschlossen\/","url":"https:\/\/www.immobilienbusiness.ch\/en\/regionen\/2023-07-05\/wetzikon-rohbau-des-halter-projekts-metropol-abgeschlossen\/","name":"Wetzikon: Rohbau des Halter-Projekts \u00abMetropol\u00bb abgeschlossen - IMMOBILIEN Business","isPartOf":{"@id":"https:\/\/www.immobilienbusiness.ch\/#website"},"primaryImageOfPage":{"@id":"https:\/\/www.immobilienbusiness.ch\/en\/regionen\/2023-07-05\/wetzikon-rohbau-des-halter-projekts-metropol-abgeschlossen\/#primaryimage"},"image":{"@id":"https:\/\/www.immobilienbusiness.ch\/en\/regionen\/2023-07-05\/wetzikon-rohbau-des-halter-projekts-metropol-abgeschlossen\/#primaryimage"},"thumbnailUrl":"https:\/\/www.immobilienbusiness.ch\/wp-content\/uploads\/2023\/07\/WetzikonEtappeeins.png","datePublished":"2023-07-05T07:47:22+00:00","dateModified":"2023-07-05T17:01:16+00:00","description":"In Wetzikon feierten Halter und UBS das Aufrichtfest f\u00fcr die 150 Wohnungen der ersten Bauetappe ihres Projekts \u00abMetropol\u00bb.","breadcrumb":{"@id":"https:\/\/www.immobilienbusiness.ch\/en\/regionen\/2023-07-05\/wetzikon-rohbau-des-halter-projekts-metropol-abgeschlossen\/#breadcrumb"},"inLanguage":"de","potentialAction":[{"@type":"ReadAction","target":["https:\/\/www.immobilienbusiness.ch\/en\/regionen\/2023-07-05\/wetzikon-rohbau-des-halter-projekts-metropol-abgeschlossen\/"]}]},{"@type":"ImageObject","inLanguage":"de","@id":"https:\/\/www.immobilienbusiness.ch\/en\/regionen\/2023-07-05\/wetzikon-rohbau-des-halter-projekts-metropol-abgeschlossen\/#primaryimage","url":"https:\/\/www.immobilienbusiness.ch\/wp-content\/uploads\/2023\/07\/WetzikonEtappeeins.png","contentUrl":"https:\/\/www.immobilienbusiness.ch\/wp-content\/uploads\/2023\/07\/WetzikonEtappeeins.png","width":1200,"height":709,"caption":"Die erste Etappe der Zentrums\u00fcberbauung \u00abMetropol\u00bb (Bild: Halter AG)"},{"@type":"BreadcrumbList","@id":"https:\/\/www.immobilienbusiness.ch\/en\/regionen\/2023-07-05\/wetzikon-rohbau-des-halter-projekts-metropol-abgeschlossen\/#breadcrumb","itemListElement":[{"@type":"ListItem","position":1,"name":"Home","item":"https:\/\/www.immobilienbusiness.ch\/"},{"@type":"ListItem","position":2,"name":"Wetzikon: Rohbau des Halter-Projekts \u00abMetropol\u00bb abgeschlossen"}]},{"@type":"WebSite","@id":"https:\/\/www.immobilienbusiness.ch\/#website","url":"https:\/\/www.immobilienbusiness.ch\/","name":"IMMOBILIEN Business","description":"Unabh\u00e4ngiges Schweizer Wirtschaftsmagazin mit Fokus auf Immobilien, Architektur- und Bau sowie Investment- und Finanzierung.","publisher":{"@id":"https:\/\/www.immobilienbusiness.ch\/#organization"},"potentialAction":[{"@type":"SearchAction","target":{"@type":"EntryPoint","urlTemplate":"https:\/\/www.immobilienbusiness.ch\/?s={search_term_string}"},"query-input":{"@type":"PropertyValueSpecification","valueRequired":true,"valueName":"search_term_string"}}],"inLanguage":"de"},{"@type":"Organization","@id":"https:\/\/www.immobilienbusiness.ch\/#organization","name":"IMMOBILIEN Business","url":"https:\/\/www.immobilienbusiness.ch\/","logo":{"@type":"ImageObject","inLanguage":"de","@id":"https:\/\/www.immobilienbusiness.ch\/#\/schema\/logo\/image\/","url":"https:\/\/www.immobilienbusiness.ch\/wp-content\/uploads\/2021\/07\/logo_ib.png","contentUrl":"https:\/\/www.immobilienbusiness.ch\/wp-content\/uploads\/2021\/07\/logo_ib.png","width":800,"height":181,"caption":"IMMOBILIEN Business"},"image":{"@id":"https:\/\/www.immobilienbusiness.ch\/#\/schema\/logo\/image\/"},"sameAs":["https:\/\/www.facebook.com\/immobilienbusiness\/"]},{"@type":"Person","@id":"https:\/\/www.immobilienbusiness.ch\/#\/schema\/person\/aba8bea2db926aa0c24c08c43fe1fcd5","name":"Alexander Wachter","image":{"@type":"ImageObject","inLanguage":"de","@id":"https:\/\/secure.gravatar.com\/avatar\/1a09e471f5389b0e0a6416eac287e0927c7c97a7b77f9e787eba3af7aee281dd?s=96&d=mm&r=g","url":"https:\/\/secure.gravatar.com\/avatar\/1a09e471f5389b0e0a6416eac287e0927c7c97a7b77f9e787eba3af7aee281dd?s=96&d=mm&r=g","contentUrl":"https:\/\/secure.gravatar.com\/avatar\/1a09e471f5389b0e0a6416eac287e0927c7c97a7b77f9e787eba3af7aee281dd?s=96&d=mm&r=g","caption":"Alexander Wachter"},"url":"https:\/\/www.immobilienbusiness.ch\/de\/author\/alexander-wachter\/"}]}},"_links":{"self":[{"href":"https:\/\/www.immobilienbusiness.ch\/de\/wp-json\/wp\/v2\/posts\/49572","targetHints":{"allow":["GET"]}}],"collection":[{"href":"https:\/\/www.immobilienbusiness.ch\/de\/wp-json\/wp\/v2\/posts"}],"about":[{"href":"https:\/\/www.immobilienbusiness.ch\/de\/wp-json\/wp\/v2\/types\/post"}],"author":[{"embeddable":true,"href":"https:\/\/www.immobilienbusiness.ch\/de\/wp-json\/wp\/v2\/users\/102"}],"replies":[{"embeddable":true,"href":"https:\/\/www.immobilienbusiness.ch\/de\/wp-json\/wp\/v2\/comments?post=49572"}],"version-history":[{"count":4,"href":"https:\/\/www.immobilienbusiness.ch\/de\/wp-json\/wp\/v2\/posts\/49572\/revisions"}],"predecessor-version":[{"id":49760,"href":"https:\/\/www.immobilienbusiness.ch\/de\/wp-json\/wp\/v2\/posts\/49572\/revisions\/49760"}],"wp:featuredmedia":[{"embeddable":true,"href":"https:\/\/www.immobilienbusiness.ch\/de\/wp-json\/wp\/v2\/media\/49759"}],"wp:attachment":[{"href":"https:\/\/www.immobilienbusiness.ch\/de\/wp-json\/wp\/v2\/media?parent=49572"}],"wp:term":[{"taxonomy":"category","embeddable":true,"href":"https:\/\/www.immobilienbusiness.ch\/de\/wp-json\/wp\/v2\/categories?post=49572"},{"taxonomy":"post_tag","embeddable":true,"href":"https:\/\/www.immobilienbusiness.ch\/de\/wp-json\/wp\/v2\/tags?post=49572"}],"curies":[{"name":"wp","href":"https:\/\/api.w.org\/{rel}","templated":true}]}}