{"id":47386,"date":"2023-06-15T08:38:09","date_gmt":"2023-06-15T06:38:09","guid":{"rendered":"https:\/\/www.immobilienbusiness.ch\/?p=47386"},"modified":"2023-06-22T18:44:37","modified_gmt":"2023-06-22T16:44:37","slug":"bern-entwicklung-des-wifag-areals-nimmt-naechsten-schritt","status":"publish","type":"post","link":"https:\/\/www.immobilienbusiness.ch\/de\/regionen\/2023-06-15\/bern-entwicklung-des-wifag-areals-nimmt-naechsten-schritt\/","title":{"rendered":"Bern: Entwicklung des Wifag-Areals nimmt n\u00e4chsten Schritt"},"content":{"rendered":"<figure id=\"attachment_13266\" aria-describedby=\"caption-attachment-13266\" style=\"width: 1000px\" class=\"wp-caption alignnone\"><a href=\"https:\/\/www.immobilienbusiness.ch\/wp-content\/uploads\/2018\/07\/Depositphotos_10731714_m-2015.jpg\"><img loading=\"lazy\" decoding=\"async\" class=\"wp-image-13266 size-full\" src=\"https:\/\/www.immobilienbusiness.ch\/wp-content\/uploads\/2018\/07\/Depositphotos_10731714_m-2015.jpg\" alt=\"Wifag-Areal\" width=\"1000\" height=\"667\" srcset=\"https:\/\/www.immobilienbusiness.ch\/wp-content\/uploads\/2018\/07\/Depositphotos_10731714_m-2015.jpg 1000w, https:\/\/www.immobilienbusiness.ch\/wp-content\/uploads\/2018\/07\/Depositphotos_10731714_m-2015-300x200.jpg 300w, https:\/\/www.immobilienbusiness.ch\/wp-content\/uploads\/2018\/07\/Depositphotos_10731714_m-2015-768x512.jpg 768w, https:\/\/www.immobilienbusiness.ch\/wp-content\/uploads\/2018\/07\/Depositphotos_10731714_m-2015-16x12.jpg 16w, https:\/\/www.immobilienbusiness.ch\/wp-content\/uploads\/2018\/07\/Depositphotos_10731714_m-2015-262x175.jpg 262w, https:\/\/www.immobilienbusiness.ch\/wp-content\/uploads\/2018\/07\/Depositphotos_10731714_m-2015-525x350.jpg 525w, https:\/\/www.immobilienbusiness.ch\/wp-content\/uploads\/2018\/07\/Depositphotos_10731714_m-2015-920x614.jpg 920w\" sizes=\"auto, (max-width: 1000px) 100vw, 1000px\" \/><\/a><figcaption id=\"caption-attachment-13266\" class=\"wp-caption-text\">Das Wifag-Areal und die ehemalige Leinenweberei in Bern werden zu einem Quartierteil entwickelt (Bild: pressmaster &#8211; depositphotos)<\/figcaption><\/figure>\n<p>Die Grundeigent\u00fcmer der ehemaligen Maschinenfabrik Wifag und der Leinenweberei im Berner Wylerquartier im Stadtteil Breitenrain-Lorraine m\u00f6chten das Areal in drei Etappen zu einem Quartier-Teil entwickeln. Die \u00dcberbauungsordnung, die noch bis am 14. Juli \u00f6ffentlich aufliegt, erm\u00f6glicht den Bau von rund 360 Wohneinheiten, ein Drittel davon preisg\u00fcnstig. Ein neue \u00dcberbauungsordnung ist n\u00f6tig, weil das Wifag-Areal heute in der Industrie- und Gewerbezone liegt.<\/p>\n<p>Das 27.000 qm grosse Gebiet wird begrenzt durch die SBB-Gleisanlagen der Bahnlinie Bern-Z\u00fcrich, im Osten durch die Scheibenstrasse, im S\u00fcden durch die Wylerringstrasse und im Westen durch die Wylerstrasse. Grundeigent\u00fcmerinnen sind die Mali International AG, die Leinenweberei Bern AG und die Stadt Bern.<\/p>\n<h3>Vorwiegend Wohnnutzung geplant<\/h3>\n<p>Wie aus dem Erl\u00e4uterungsbericht zur \u00dcberbauungsordnung hervorgeht, wird ein breiter Wohnungsmix angestrebt. In den Erdgeschossen der Bauten sind quartierbezogene Nutzungen geplant. Mindestens 80% der Fl\u00e4che bleiben dem Wohnen vorbehalten, die restlichen 20% sind f\u00fcr Arbeitsnutzungen vorgesehen.<\/p>\n<p>Der st\u00e4dtebauliche Entwurf des Teams Salewski &amp; Kretz sieht ein Gef\u00fcge aus Einzelbauten vor, die in Form und Dimension unterschiedlich zugeschnitten sind und \u00fcber Aussenr\u00e4ume verbunden werden. Hochh\u00e4user soll es keine geben.<\/p>\n<p>In der Arealh\u00e4lfte westlich der Kranbahn besetzen vier bis sechs Neubauten den s\u00fcdlichen bzw. n\u00f6rdlichen Rand. Gemeinsam bilden sie einen l\u00e4nglichen, gut besonnten \u00abWohnhof\u00bb. \u00d6stlich der Kranbahn, wo das Areal mehr Tiefe aufweist, wird mittig zwischen die Randbebauungen eine zus\u00e4tzliche schlanke Zeile f\u00fcr ein Wohnhaus \u2013 \u00abWohnen im Wohnhof\u00bb &#8211; eingeschoben. Weiter \u00f6stlich schliesst der \u00abWifag-Hof\u00bb an, danach folgt die Leinenweberei, die partiell r\u00fcckgebaut wird. Die Untergeschosse insbesondere des westlichen Bestandes dienen mehrheitlich der Parkierung.<\/p>\n<p>Die Kantine, die Villen Wifag und Leinenweberei sowie der Geb\u00e4udeteil von 1922 der Leinenweberei bleiben erhalten und werden umgebaut sowie teilweise erweitert bzw. erg\u00e4nzt. Die weiteren Hallen und ihre grossmassst\u00e4blichen Randbauten dagegen werden r\u00fcckgebaut. <em>(ah)<\/em><\/p>\n","protected":false},"excerpt":{"rendered":"<p>Die \u00dcberbauungsordnung f\u00fcr das Wifag-Areal und die angrenzende Leinenweberei liegt \u00f6ffentlich auf. Geplant ist der Bau eines durchmischten Quartiers.<\/p>\n","protected":false},"author":3,"featured_media":13266,"comment_status":"closed","ping_status":"closed","sticky":false,"template":"","format":"standard","meta":{"_acf_changed":false,"_yoast_wpseo_focuskw":"Wifag-Areal","_yoast_wpseo_title":"","_yoast_wpseo_metadesc":"Die \u00dcberbauungsordnung f\u00fcr das Wifag-Areal und die angrenzende Leinenweberei liegt \u00f6ffentlich auf. Geplant ist der Bau eines durchmischten Quartiers.","_yoast_wpseo_linkdex":60,"pgc_sgb_lightbox_settings":"","footnotes":""},"categories":[985],"tags":[1937,1091,1600,1863],"class_list":["post-47386","post","type-post","status-publish","format-standard","has-post-thumbnail","hentry","category-regionen","tag-arealentwicklung","tag-bern","tag-projekt-in-planung","tag-wohnimmobilien"],"acf":[],"yoast_head":"<!-- This site is optimized with the Yoast SEO plugin v27.5 - https:\/\/yoast.com\/product\/yoast-seo-wordpress\/ -->\n<title>Bern: Entwicklung des Wifag-Areals nimmt n\u00e4chsten Schritt - IMMOBILIEN Business<\/title>\n<meta name=\"description\" content=\"Die \u00dcberbauungsordnung f\u00fcr das Wifag-Areal und die angrenzende Leinenweberei liegt \u00f6ffentlich auf. Geplant ist der Bau eines durchmischten Quartiers.\" \/>\n<meta name=\"robots\" content=\"index, follow, max-snippet:-1, max-image-preview:large, max-video-preview:-1\" \/>\n<link rel=\"canonical\" href=\"https:\/\/www.immobilienbusiness.ch\/de\/regionen\/2023-06-15\/bern-entwicklung-des-wifag-areals-nimmt-naechsten-schritt\/\" \/>\n<meta property=\"og:locale\" content=\"de_DE\" \/>\n<meta property=\"og:type\" content=\"article\" \/>\n<meta property=\"og:title\" content=\"Bern: Entwicklung des Wifag-Areals nimmt n\u00e4chsten Schritt - IMMOBILIEN Business\" \/>\n<meta property=\"og:description\" content=\"Die \u00dcberbauungsordnung f\u00fcr das Wifag-Areal und die angrenzende Leinenweberei liegt \u00f6ffentlich auf. Geplant ist der Bau eines durchmischten Quartiers.\" \/>\n<meta property=\"og:url\" content=\"https:\/\/www.immobilienbusiness.ch\/de\/regionen\/2023-06-15\/bern-entwicklung-des-wifag-areals-nimmt-naechsten-schritt\/\" \/>\n<meta property=\"og:site_name\" content=\"IMMOBILIEN Business\" \/>\n<meta property=\"article:publisher\" content=\"https:\/\/www.facebook.com\/immobilienbusiness\/\" \/>\n<meta property=\"article:published_time\" content=\"2023-06-15T06:38:09+00:00\" \/>\n<meta property=\"article:modified_time\" content=\"2023-06-22T16:44:37+00:00\" \/>\n<meta property=\"og:image\" content=\"https:\/\/www.immobilienbusiness.ch\/wp-content\/uploads\/2018\/07\/Depositphotos_10731714_m-2015.jpg\" \/>\n\t<meta property=\"og:image:width\" content=\"1000\" \/>\n\t<meta property=\"og:image:height\" content=\"667\" \/>\n\t<meta property=\"og:image:type\" content=\"image\/jpeg\" \/>\n<meta name=\"author\" content=\"anja.hall\" \/>\n<meta name=\"twitter:card\" content=\"summary_large_image\" \/>\n<meta name=\"twitter:image\" content=\"https:\/\/www.immobilienbusiness.ch\/wp-content\/uploads\/2018\/07\/Depositphotos_10731714_m-2015.jpg\" \/>\n<script type=\"application\/ld+json\" class=\"yoast-schema-graph\">{\"@context\":\"https:\\\/\\\/schema.org\",\"@graph\":[{\"@type\":\"Article\",\"@id\":\"https:\\\/\\\/www.immobilienbusiness.ch\\\/de\\\/regionen\\\/2023-06-15\\\/bern-entwicklung-des-wifag-areals-nimmt-naechsten-schritt\\\/#article\",\"isPartOf\":{\"@id\":\"https:\\\/\\\/www.immobilienbusiness.ch\\\/de\\\/regionen\\\/2023-06-15\\\/bern-entwicklung-des-wifag-areals-nimmt-naechsten-schritt\\\/\"},\"author\":{\"name\":\"anja.hall\",\"@id\":\"https:\\\/\\\/www.immobilienbusiness.ch\\\/#\\\/schema\\\/person\\\/3fc036297b10b9f42d6db5ee932af8c8\"},\"headline\":\"Bern: Entwicklung des Wifag-Areals nimmt n\u00e4chsten Schritt\",\"datePublished\":\"2023-06-15T06:38:09+00:00\",\"dateModified\":\"2023-06-22T16:44:37+00:00\",\"mainEntityOfPage\":{\"@id\":\"https:\\\/\\\/www.immobilienbusiness.ch\\\/de\\\/regionen\\\/2023-06-15\\\/bern-entwicklung-des-wifag-areals-nimmt-naechsten-schritt\\\/\"},\"wordCount\":336,\"publisher\":{\"@id\":\"https:\\\/\\\/www.immobilienbusiness.ch\\\/#organization\"},\"image\":{\"@id\":\"https:\\\/\\\/www.immobilienbusiness.ch\\\/de\\\/regionen\\\/2023-06-15\\\/bern-entwicklung-des-wifag-areals-nimmt-naechsten-schritt\\\/#primaryimage\"},\"thumbnailUrl\":\"https:\\\/\\\/www.immobilienbusiness.ch\\\/wp-content\\\/uploads\\\/2018\\\/07\\\/Depositphotos_10731714_m-2015.jpg\",\"keywords\":[\"Arealentwicklung\",\"Bern\",\"Projekt in Planung\",\"Wohnimmobilien\"],\"articleSection\":[\"REGIONEN\"],\"inLanguage\":\"de\"},{\"@type\":\"WebPage\",\"@id\":\"https:\\\/\\\/www.immobilienbusiness.ch\\\/de\\\/regionen\\\/2023-06-15\\\/bern-entwicklung-des-wifag-areals-nimmt-naechsten-schritt\\\/\",\"url\":\"https:\\\/\\\/www.immobilienbusiness.ch\\\/de\\\/regionen\\\/2023-06-15\\\/bern-entwicklung-des-wifag-areals-nimmt-naechsten-schritt\\\/\",\"name\":\"Bern: Entwicklung des Wifag-Areals nimmt n\u00e4chsten Schritt - IMMOBILIEN Business\",\"isPartOf\":{\"@id\":\"https:\\\/\\\/www.immobilienbusiness.ch\\\/#website\"},\"primaryImageOfPage\":{\"@id\":\"https:\\\/\\\/www.immobilienbusiness.ch\\\/de\\\/regionen\\\/2023-06-15\\\/bern-entwicklung-des-wifag-areals-nimmt-naechsten-schritt\\\/#primaryimage\"},\"image\":{\"@id\":\"https:\\\/\\\/www.immobilienbusiness.ch\\\/de\\\/regionen\\\/2023-06-15\\\/bern-entwicklung-des-wifag-areals-nimmt-naechsten-schritt\\\/#primaryimage\"},\"thumbnailUrl\":\"https:\\\/\\\/www.immobilienbusiness.ch\\\/wp-content\\\/uploads\\\/2018\\\/07\\\/Depositphotos_10731714_m-2015.jpg\",\"datePublished\":\"2023-06-15T06:38:09+00:00\",\"dateModified\":\"2023-06-22T16:44:37+00:00\",\"description\":\"Die \u00dcberbauungsordnung f\u00fcr das Wifag-Areal und die angrenzende Leinenweberei liegt \u00f6ffentlich auf. Geplant ist der Bau eines durchmischten Quartiers.\",\"breadcrumb\":{\"@id\":\"https:\\\/\\\/www.immobilienbusiness.ch\\\/de\\\/regionen\\\/2023-06-15\\\/bern-entwicklung-des-wifag-areals-nimmt-naechsten-schritt\\\/#breadcrumb\"},\"inLanguage\":\"de\",\"potentialAction\":[{\"@type\":\"ReadAction\",\"target\":[\"https:\\\/\\\/www.immobilienbusiness.ch\\\/de\\\/regionen\\\/2023-06-15\\\/bern-entwicklung-des-wifag-areals-nimmt-naechsten-schritt\\\/\"]}]},{\"@type\":\"ImageObject\",\"inLanguage\":\"de\",\"@id\":\"https:\\\/\\\/www.immobilienbusiness.ch\\\/de\\\/regionen\\\/2023-06-15\\\/bern-entwicklung-des-wifag-areals-nimmt-naechsten-schritt\\\/#primaryimage\",\"url\":\"https:\\\/\\\/www.immobilienbusiness.ch\\\/wp-content\\\/uploads\\\/2018\\\/07\\\/Depositphotos_10731714_m-2015.jpg\",\"contentUrl\":\"https:\\\/\\\/www.immobilienbusiness.ch\\\/wp-content\\\/uploads\\\/2018\\\/07\\\/Depositphotos_10731714_m-2015.jpg\",\"width\":1000,\"height\":667,\"caption\":\"(Bild: pressmaster - depositphotos)\"},{\"@type\":\"BreadcrumbList\",\"@id\":\"https:\\\/\\\/www.immobilienbusiness.ch\\\/de\\\/regionen\\\/2023-06-15\\\/bern-entwicklung-des-wifag-areals-nimmt-naechsten-schritt\\\/#breadcrumb\",\"itemListElement\":[{\"@type\":\"ListItem\",\"position\":1,\"name\":\"Home\",\"item\":\"https:\\\/\\\/www.immobilienbusiness.ch\\\/\"},{\"@type\":\"ListItem\",\"position\":2,\"name\":\"Bern: Entwicklung des Wifag-Areals nimmt n\u00e4chsten Schritt\"}]},{\"@type\":\"WebSite\",\"@id\":\"https:\\\/\\\/www.immobilienbusiness.ch\\\/#website\",\"url\":\"https:\\\/\\\/www.immobilienbusiness.ch\\\/\",\"name\":\"IMMOBILIEN Business\",\"description\":\"Unabh\u00e4ngiges Schweizer Wirtschaftsmagazin mit Fokus auf Immobilien, Architektur- und Bau sowie Investment- und Finanzierung.\",\"publisher\":{\"@id\":\"https:\\\/\\\/www.immobilienbusiness.ch\\\/#organization\"},\"potentialAction\":[{\"@type\":\"SearchAction\",\"target\":{\"@type\":\"EntryPoint\",\"urlTemplate\":\"https:\\\/\\\/www.immobilienbusiness.ch\\\/?s={search_term_string}\"},\"query-input\":{\"@type\":\"PropertyValueSpecification\",\"valueRequired\":true,\"valueName\":\"search_term_string\"}}],\"inLanguage\":\"de\"},{\"@type\":\"Organization\",\"@id\":\"https:\\\/\\\/www.immobilienbusiness.ch\\\/#organization\",\"name\":\"IMMOBILIEN Business\",\"url\":\"https:\\\/\\\/www.immobilienbusiness.ch\\\/\",\"logo\":{\"@type\":\"ImageObject\",\"inLanguage\":\"de\",\"@id\":\"https:\\\/\\\/www.immobilienbusiness.ch\\\/#\\\/schema\\\/logo\\\/image\\\/\",\"url\":\"https:\\\/\\\/www.immobilienbusiness.ch\\\/wp-content\\\/uploads\\\/2021\\\/07\\\/logo_ib.png\",\"contentUrl\":\"https:\\\/\\\/www.immobilienbusiness.ch\\\/wp-content\\\/uploads\\\/2021\\\/07\\\/logo_ib.png\",\"width\":800,\"height\":181,\"caption\":\"IMMOBILIEN Business\"},\"image\":{\"@id\":\"https:\\\/\\\/www.immobilienbusiness.ch\\\/#\\\/schema\\\/logo\\\/image\\\/\"},\"sameAs\":[\"https:\\\/\\\/www.facebook.com\\\/immobilienbusiness\\\/\"]},{\"@type\":\"Person\",\"@id\":\"https:\\\/\\\/www.immobilienbusiness.ch\\\/#\\\/schema\\\/person\\\/3fc036297b10b9f42d6db5ee932af8c8\",\"name\":\"anja.hall\",\"image\":{\"@type\":\"ImageObject\",\"inLanguage\":\"de\",\"@id\":\"https:\\\/\\\/secure.gravatar.com\\\/avatar\\\/066b5a0d447013502c71a5782f4f3469f03cfe595cc2329fb94652fe47511bfb?s=96&d=mm&r=g\",\"url\":\"https:\\\/\\\/secure.gravatar.com\\\/avatar\\\/066b5a0d447013502c71a5782f4f3469f03cfe595cc2329fb94652fe47511bfb?s=96&d=mm&r=g\",\"contentUrl\":\"https:\\\/\\\/secure.gravatar.com\\\/avatar\\\/066b5a0d447013502c71a5782f4f3469f03cfe595cc2329fb94652fe47511bfb?s=96&d=mm&r=g\",\"caption\":\"anja.hall\"},\"url\":\"https:\\\/\\\/www.immobilienbusiness.ch\\\/de\\\/author\\\/anja-hall\\\/\"}]}<\/script>\n<!-- \/ Yoast SEO plugin. -->","yoast_head_json":{"title":"Bern: Entwicklung des Wifag-Areals nimmt n\u00e4chsten Schritt - IMMOBILIEN Business","description":"Die \u00dcberbauungsordnung f\u00fcr das Wifag-Areal und die angrenzende Leinenweberei liegt \u00f6ffentlich auf. Geplant ist der Bau eines durchmischten Quartiers.","robots":{"index":"index","follow":"follow","max-snippet":"max-snippet:-1","max-image-preview":"max-image-preview:large","max-video-preview":"max-video-preview:-1"},"canonical":"https:\/\/www.immobilienbusiness.ch\/de\/regionen\/2023-06-15\/bern-entwicklung-des-wifag-areals-nimmt-naechsten-schritt\/","og_locale":"de_DE","og_type":"article","og_title":"Bern: Entwicklung des Wifag-Areals nimmt n\u00e4chsten Schritt - IMMOBILIEN Business","og_description":"Die \u00dcberbauungsordnung f\u00fcr das Wifag-Areal und die angrenzende Leinenweberei liegt \u00f6ffentlich auf. Geplant ist der Bau eines durchmischten Quartiers.","og_url":"https:\/\/www.immobilienbusiness.ch\/de\/regionen\/2023-06-15\/bern-entwicklung-des-wifag-areals-nimmt-naechsten-schritt\/","og_site_name":"IMMOBILIEN Business","article_publisher":"https:\/\/www.facebook.com\/immobilienbusiness\/","article_published_time":"2023-06-15T06:38:09+00:00","article_modified_time":"2023-06-22T16:44:37+00:00","og_image":[{"width":1000,"height":667,"url":"https:\/\/www.immobilienbusiness.ch\/wp-content\/uploads\/2018\/07\/Depositphotos_10731714_m-2015.jpg","type":"image\/jpeg"}],"author":"anja.hall","twitter_card":"summary_large_image","twitter_image":"https:\/\/www.immobilienbusiness.ch\/wp-content\/uploads\/2018\/07\/Depositphotos_10731714_m-2015.jpg","schema":{"@context":"https:\/\/schema.org","@graph":[{"@type":"Article","@id":"https:\/\/www.immobilienbusiness.ch\/de\/regionen\/2023-06-15\/bern-entwicklung-des-wifag-areals-nimmt-naechsten-schritt\/#article","isPartOf":{"@id":"https:\/\/www.immobilienbusiness.ch\/de\/regionen\/2023-06-15\/bern-entwicklung-des-wifag-areals-nimmt-naechsten-schritt\/"},"author":{"name":"anja.hall","@id":"https:\/\/www.immobilienbusiness.ch\/#\/schema\/person\/3fc036297b10b9f42d6db5ee932af8c8"},"headline":"Bern: Entwicklung des Wifag-Areals nimmt n\u00e4chsten Schritt","datePublished":"2023-06-15T06:38:09+00:00","dateModified":"2023-06-22T16:44:37+00:00","mainEntityOfPage":{"@id":"https:\/\/www.immobilienbusiness.ch\/de\/regionen\/2023-06-15\/bern-entwicklung-des-wifag-areals-nimmt-naechsten-schritt\/"},"wordCount":336,"publisher":{"@id":"https:\/\/www.immobilienbusiness.ch\/#organization"},"image":{"@id":"https:\/\/www.immobilienbusiness.ch\/de\/regionen\/2023-06-15\/bern-entwicklung-des-wifag-areals-nimmt-naechsten-schritt\/#primaryimage"},"thumbnailUrl":"https:\/\/www.immobilienbusiness.ch\/wp-content\/uploads\/2018\/07\/Depositphotos_10731714_m-2015.jpg","keywords":["Arealentwicklung","Bern","Projekt in Planung","Wohnimmobilien"],"articleSection":["REGIONEN"],"inLanguage":"de"},{"@type":"WebPage","@id":"https:\/\/www.immobilienbusiness.ch\/de\/regionen\/2023-06-15\/bern-entwicklung-des-wifag-areals-nimmt-naechsten-schritt\/","url":"https:\/\/www.immobilienbusiness.ch\/de\/regionen\/2023-06-15\/bern-entwicklung-des-wifag-areals-nimmt-naechsten-schritt\/","name":"Bern: Entwicklung des Wifag-Areals nimmt n\u00e4chsten Schritt - IMMOBILIEN Business","isPartOf":{"@id":"https:\/\/www.immobilienbusiness.ch\/#website"},"primaryImageOfPage":{"@id":"https:\/\/www.immobilienbusiness.ch\/de\/regionen\/2023-06-15\/bern-entwicklung-des-wifag-areals-nimmt-naechsten-schritt\/#primaryimage"},"image":{"@id":"https:\/\/www.immobilienbusiness.ch\/de\/regionen\/2023-06-15\/bern-entwicklung-des-wifag-areals-nimmt-naechsten-schritt\/#primaryimage"},"thumbnailUrl":"https:\/\/www.immobilienbusiness.ch\/wp-content\/uploads\/2018\/07\/Depositphotos_10731714_m-2015.jpg","datePublished":"2023-06-15T06:38:09+00:00","dateModified":"2023-06-22T16:44:37+00:00","description":"Die \u00dcberbauungsordnung f\u00fcr das Wifag-Areal und die angrenzende Leinenweberei liegt \u00f6ffentlich auf. Geplant ist der Bau eines durchmischten Quartiers.","breadcrumb":{"@id":"https:\/\/www.immobilienbusiness.ch\/de\/regionen\/2023-06-15\/bern-entwicklung-des-wifag-areals-nimmt-naechsten-schritt\/#breadcrumb"},"inLanguage":"de","potentialAction":[{"@type":"ReadAction","target":["https:\/\/www.immobilienbusiness.ch\/de\/regionen\/2023-06-15\/bern-entwicklung-des-wifag-areals-nimmt-naechsten-schritt\/"]}]},{"@type":"ImageObject","inLanguage":"de","@id":"https:\/\/www.immobilienbusiness.ch\/de\/regionen\/2023-06-15\/bern-entwicklung-des-wifag-areals-nimmt-naechsten-schritt\/#primaryimage","url":"https:\/\/www.immobilienbusiness.ch\/wp-content\/uploads\/2018\/07\/Depositphotos_10731714_m-2015.jpg","contentUrl":"https:\/\/www.immobilienbusiness.ch\/wp-content\/uploads\/2018\/07\/Depositphotos_10731714_m-2015.jpg","width":1000,"height":667,"caption":"(Bild: pressmaster - depositphotos)"},{"@type":"BreadcrumbList","@id":"https:\/\/www.immobilienbusiness.ch\/de\/regionen\/2023-06-15\/bern-entwicklung-des-wifag-areals-nimmt-naechsten-schritt\/#breadcrumb","itemListElement":[{"@type":"ListItem","position":1,"name":"Home","item":"https:\/\/www.immobilienbusiness.ch\/"},{"@type":"ListItem","position":2,"name":"Bern: Entwicklung des Wifag-Areals nimmt n\u00e4chsten Schritt"}]},{"@type":"WebSite","@id":"https:\/\/www.immobilienbusiness.ch\/#website","url":"https:\/\/www.immobilienbusiness.ch\/","name":"IMMOBILIEN Business","description":"Unabh\u00e4ngiges Schweizer Wirtschaftsmagazin mit Fokus auf Immobilien, Architektur- und Bau sowie Investment- und Finanzierung.","publisher":{"@id":"https:\/\/www.immobilienbusiness.ch\/#organization"},"potentialAction":[{"@type":"SearchAction","target":{"@type":"EntryPoint","urlTemplate":"https:\/\/www.immobilienbusiness.ch\/?s={search_term_string}"},"query-input":{"@type":"PropertyValueSpecification","valueRequired":true,"valueName":"search_term_string"}}],"inLanguage":"de"},{"@type":"Organization","@id":"https:\/\/www.immobilienbusiness.ch\/#organization","name":"IMMOBILIEN Business","url":"https:\/\/www.immobilienbusiness.ch\/","logo":{"@type":"ImageObject","inLanguage":"de","@id":"https:\/\/www.immobilienbusiness.ch\/#\/schema\/logo\/image\/","url":"https:\/\/www.immobilienbusiness.ch\/wp-content\/uploads\/2021\/07\/logo_ib.png","contentUrl":"https:\/\/www.immobilienbusiness.ch\/wp-content\/uploads\/2021\/07\/logo_ib.png","width":800,"height":181,"caption":"IMMOBILIEN Business"},"image":{"@id":"https:\/\/www.immobilienbusiness.ch\/#\/schema\/logo\/image\/"},"sameAs":["https:\/\/www.facebook.com\/immobilienbusiness\/"]},{"@type":"Person","@id":"https:\/\/www.immobilienbusiness.ch\/#\/schema\/person\/3fc036297b10b9f42d6db5ee932af8c8","name":"anja.hall","image":{"@type":"ImageObject","inLanguage":"de","@id":"https:\/\/secure.gravatar.com\/avatar\/066b5a0d447013502c71a5782f4f3469f03cfe595cc2329fb94652fe47511bfb?s=96&d=mm&r=g","url":"https:\/\/secure.gravatar.com\/avatar\/066b5a0d447013502c71a5782f4f3469f03cfe595cc2329fb94652fe47511bfb?s=96&d=mm&r=g","contentUrl":"https:\/\/secure.gravatar.com\/avatar\/066b5a0d447013502c71a5782f4f3469f03cfe595cc2329fb94652fe47511bfb?s=96&d=mm&r=g","caption":"anja.hall"},"url":"https:\/\/www.immobilienbusiness.ch\/de\/author\/anja-hall\/"}]}},"_links":{"self":[{"href":"https:\/\/www.immobilienbusiness.ch\/de\/wp-json\/wp\/v2\/posts\/47386","targetHints":{"allow":["GET"]}}],"collection":[{"href":"https:\/\/www.immobilienbusiness.ch\/de\/wp-json\/wp\/v2\/posts"}],"about":[{"href":"https:\/\/www.immobilienbusiness.ch\/de\/wp-json\/wp\/v2\/types\/post"}],"author":[{"embeddable":true,"href":"https:\/\/www.immobilienbusiness.ch\/de\/wp-json\/wp\/v2\/users\/3"}],"replies":[{"embeddable":true,"href":"https:\/\/www.immobilienbusiness.ch\/de\/wp-json\/wp\/v2\/comments?post=47386"}],"version-history":[{"count":5,"href":"https:\/\/www.immobilienbusiness.ch\/de\/wp-json\/wp\/v2\/posts\/47386\/revisions"}],"predecessor-version":[{"id":47657,"href":"https:\/\/www.immobilienbusiness.ch\/de\/wp-json\/wp\/v2\/posts\/47386\/revisions\/47657"}],"wp:featuredmedia":[{"embeddable":true,"href":"https:\/\/www.immobilienbusiness.ch\/de\/wp-json\/wp\/v2\/media\/13266"}],"wp:attachment":[{"href":"https:\/\/www.immobilienbusiness.ch\/de\/wp-json\/wp\/v2\/media?parent=47386"}],"wp:term":[{"taxonomy":"category","embeddable":true,"href":"https:\/\/www.immobilienbusiness.ch\/de\/wp-json\/wp\/v2\/categories?post=47386"},{"taxonomy":"post_tag","embeddable":true,"href":"https:\/\/www.immobilienbusiness.ch\/de\/wp-json\/wp\/v2\/tags?post=47386"}],"curies":[{"name":"wp","href":"https:\/\/api.w.org\/{rel}","templated":true}]}}