{"id":47262,"date":"2023-06-05T08:13:26","date_gmt":"2023-06-05T06:13:26","guid":{"rendered":"https:\/\/www.immobilienbusiness.ch\/?p=47262"},"modified":"2023-06-22T16:28:42","modified_gmt":"2023-06-22T14:28:42","slug":"rotkreuz-quantus-kauft-komax-hauptsitz","status":"publish","type":"post","link":"https:\/\/www.immobilienbusiness.ch\/de\/regionen\/2023-06-05\/rotkreuz-quantus-kauft-komax-hauptsitz\/","title":{"rendered":"Rotkreuz: Quantus kauft Komax-Hauptsitz"},"content":{"rendered":"<figure id=\"attachment_47264\" aria-describedby=\"caption-attachment-47264\" style=\"width: 1400px\" class=\"wp-caption alignnone\"><a href=\"https:\/\/www.immobilienbusiness.ch\/wp-content\/uploads\/2023\/06\/Hightech-Hub-Rotkreuz-Aussenaufnahme-scaled.jpg\"><img loading=\"lazy\" decoding=\"async\" class=\"wp-image-47264 size-full\" src=\"https:\/\/www.immobilienbusiness.ch\/wp-content\/uploads\/2023\/06\/Hightech-Hub-Rotkreuz-Aussenaufnahme-scaled.jpg\" alt=\"Quantus kauft Komax\" width=\"1400\" height=\"933\" srcset=\"https:\/\/www.immobilienbusiness.ch\/wp-content\/uploads\/2023\/06\/Hightech-Hub-Rotkreuz-Aussenaufnahme-scaled.jpg 1200w, https:\/\/www.immobilienbusiness.ch\/wp-content\/uploads\/2023\/06\/Hightech-Hub-Rotkreuz-Aussenaufnahme-300x200.jpg 300w, https:\/\/www.immobilienbusiness.ch\/wp-content\/uploads\/2023\/06\/Hightech-Hub-Rotkreuz-Aussenaufnahme-1024x683.jpg 1024w, https:\/\/www.immobilienbusiness.ch\/wp-content\/uploads\/2023\/06\/Hightech-Hub-Rotkreuz-Aussenaufnahme-768x512.jpg 768w, https:\/\/www.immobilienbusiness.ch\/wp-content\/uploads\/2023\/06\/Hightech-Hub-Rotkreuz-Aussenaufnahme-1536x1024.jpg 1536w, https:\/\/www.immobilienbusiness.ch\/wp-content\/uploads\/2023\/06\/Hightech-Hub-Rotkreuz-Aussenaufnahme-2048x1365.jpg 2048w, https:\/\/www.immobilienbusiness.ch\/wp-content\/uploads\/2023\/06\/Hightech-Hub-Rotkreuz-Aussenaufnahme-18x12.jpg 18w, https:\/\/www.immobilienbusiness.ch\/wp-content\/uploads\/2023\/06\/Hightech-Hub-Rotkreuz-Aussenaufnahme-375x250.jpg 375w, https:\/\/www.immobilienbusiness.ch\/wp-content\/uploads\/2023\/06\/Hightech-Hub-Rotkreuz-Aussenaufnahme-525x350.jpg 525w, https:\/\/www.immobilienbusiness.ch\/wp-content\/uploads\/2023\/06\/Hightech-Hub-Rotkreuz-Aussenaufnahme-1000x667.jpg 1000w\" sizes=\"auto, (max-width: 1400px) 100vw, 1400px\" \/><\/a><figcaption id=\"caption-attachment-47264\" class=\"wp-caption-text\">Der Hightech Hub von Komax in Rotkreuz (Quelle: Quantus)<\/figcaption><\/figure>\n<p>Der Investmentmanager Quantus hat im Rahmen einer Value Add-Strategie den Produktionsstandort der Komax-Gruppe in Rotkreuz (ZG) gekauft und an die Technologiegruppe zur\u00fcckvermietet. Komax baut bis Ende 2024 einen neuen Hauptsitz in Dierikon.<\/p>\n<p>Das Geb\u00e4ude in Rotkreuz wurde 2003 f\u00fcr Komax erstellt und hat insgesamt \u00fcber 11.000 qm Fl\u00e4che, verteilt auf 8.000 qm Produktionsfl\u00e4che und 3.000 qm B\u00fcrofl\u00e4che. Hinzu kommen 140 Tiefgaragen- und 21 Aussenparkpl\u00e4tze. Nach Angaben von Quantus eignen sich die Produktionsfl\u00e4chen vor allem f\u00fcr Hochtechnologie-Unternehmen. Derzeit nutzt Roche Diagnostics einen Teil der Fl\u00e4chen zur Produktion von Diagnoseger\u00e4ten.<\/p>\n<p>\u00abRestriktive Bau- und Verkehrsvorschriften f\u00fcr kommerziell genutzte Immobilien sowie beschr\u00e4nkte Landreserven f\u00fchren zu Angebotsbeschr\u00e4nkungen an Produktionsfl\u00e4chen f\u00fcr Technologieunternehmen\u00bb, erkl\u00e4rt My Truong, Head of Portfolio Management der Quantus. \u00abMit dem Kauf der Liegenschaft zu interessanten Bedingungen und der R\u00fcckmiete durch Komax haben wir gen\u00fcgend Zeit, die Liegenschaft zu attraktiven Konditionen neu zu vermieten und f\u00fcr unsere Investoren eine h\u00f6here risikoadjustierte Rendite zu erwirtschaften.\u00bb Die Erschliessung und Unterteilbarkeit der Fl\u00e4chen machen das Geb\u00e4ude nach Ansicht von Quantus Multi-Tenant-f\u00e4hig. <em>(ah)<\/em><\/p>\n","protected":false},"excerpt":{"rendered":"<p>Der Investmentmanager hat die Liegenschaft an den Verk\u00e4ufer, die Technologiegruppe Komax, bis Ende 2024 zur\u00fcckvermietet. Anschliessend soll sie als Multi-Tenant-Objekt positioniert werden.<\/p>\n","protected":false},"author":3,"featured_media":47264,"comment_status":"closed","ping_status":"closed","sticky":false,"template":"","format":"standard","meta":{"_acf_changed":false,"_yoast_wpseo_focuskw":"Quantus kauft Komax","_yoast_wpseo_title":"","_yoast_wpseo_metadesc":"Quantu hat die Liegenschaft an den Verk\u00e4ufer, die Technologiegruppe Komax, bis Ende 2024 zur\u00fcckvermietet. Anschliessend soll sie als Multi-Tenant-Objekt positioniert werden.","_yoast_wpseo_linkdex":51,"pgc_sgb_lightbox_settings":"","footnotes":""},"categories":[985],"tags":[2142,1271,1409,2148,1659],"class_list":["post-47262","post","type-post","status-publish","format-standard","has-post-thumbnail","hentry","category-regionen","tag-buerogebaeude","tag-gewerbeimmobilie","tag-kanton-zug","tag-quantus","tag-sale-and-lease-back"],"acf":[],"yoast_head":"<!-- This site is optimized with the Yoast SEO plugin v27.5 - https:\/\/yoast.com\/product\/yoast-seo-wordpress\/ -->\n<title>Rotkreuz: Quantus kauft Komax-Hauptsitz - IMMOBILIEN Business<\/title>\n<meta name=\"description\" content=\"Quantu hat die Liegenschaft an den Verk\u00e4ufer, die Technologiegruppe Komax, bis Ende 2024 zur\u00fcckvermietet. Anschliessend soll sie als Multi-Tenant-Objekt positioniert werden.\" \/>\n<meta name=\"robots\" content=\"index, follow, max-snippet:-1, max-image-preview:large, max-video-preview:-1\" \/>\n<link rel=\"canonical\" href=\"https:\/\/www.immobilienbusiness.ch\/de\/regionen\/2023-06-05\/rotkreuz-quantus-kauft-komax-hauptsitz\/\" \/>\n<meta property=\"og:locale\" content=\"de_DE\" \/>\n<meta property=\"og:type\" content=\"article\" \/>\n<meta property=\"og:title\" content=\"Rotkreuz: Quantus kauft Komax-Hauptsitz - IMMOBILIEN Business\" \/>\n<meta property=\"og:description\" content=\"Quantu hat die Liegenschaft an den Verk\u00e4ufer, die Technologiegruppe Komax, bis Ende 2024 zur\u00fcckvermietet. Anschliessend soll sie als Multi-Tenant-Objekt positioniert werden.\" \/>\n<meta property=\"og:url\" content=\"https:\/\/www.immobilienbusiness.ch\/de\/regionen\/2023-06-05\/rotkreuz-quantus-kauft-komax-hauptsitz\/\" \/>\n<meta property=\"og:site_name\" content=\"IMMOBILIEN Business\" \/>\n<meta property=\"article:publisher\" content=\"https:\/\/www.facebook.com\/immobilienbusiness\/\" \/>\n<meta property=\"article:published_time\" content=\"2023-06-05T06:13:26+00:00\" \/>\n<meta property=\"article:modified_time\" content=\"2023-06-22T14:28:42+00:00\" \/>\n<meta property=\"og:image\" content=\"https:\/\/www.immobilienbusiness.ch\/wp-content\/uploads\/2023\/06\/Hightech-Hub-Rotkreuz-Aussenaufnahme-scaled.jpg\" \/>\n\t<meta property=\"og:image:width\" content=\"1200\" \/>\n\t<meta property=\"og:image:height\" content=\"800\" \/>\n\t<meta property=\"og:image:type\" content=\"image\/jpeg\" \/>\n<meta name=\"author\" content=\"anja.hall\" \/>\n<meta name=\"twitter:card\" content=\"summary_large_image\" \/>\n<meta name=\"twitter:image\" content=\"https:\/\/www.immobilienbusiness.ch\/wp-content\/uploads\/2023\/06\/Hightech-Hub-Rotkreuz-Aussenaufnahme-scaled.jpg\" \/>\n<script type=\"application\/ld+json\" class=\"yoast-schema-graph\">{\"@context\":\"https:\\\/\\\/schema.org\",\"@graph\":[{\"@type\":\"Article\",\"@id\":\"https:\\\/\\\/www.immobilienbusiness.ch\\\/de\\\/regionen\\\/2023-06-05\\\/rotkreuz-quantus-kauft-komax-hauptsitz\\\/#article\",\"isPartOf\":{\"@id\":\"https:\\\/\\\/www.immobilienbusiness.ch\\\/de\\\/regionen\\\/2023-06-05\\\/rotkreuz-quantus-kauft-komax-hauptsitz\\\/\"},\"author\":{\"name\":\"anja.hall\",\"@id\":\"https:\\\/\\\/www.immobilienbusiness.ch\\\/#\\\/schema\\\/person\\\/3fc036297b10b9f42d6db5ee932af8c8\"},\"headline\":\"Rotkreuz: Quantus kauft Komax-Hauptsitz\",\"datePublished\":\"2023-06-05T06:13:26+00:00\",\"dateModified\":\"2023-06-22T14:28:42+00:00\",\"mainEntityOfPage\":{\"@id\":\"https:\\\/\\\/www.immobilienbusiness.ch\\\/de\\\/regionen\\\/2023-06-05\\\/rotkreuz-quantus-kauft-komax-hauptsitz\\\/\"},\"wordCount\":204,\"publisher\":{\"@id\":\"https:\\\/\\\/www.immobilienbusiness.ch\\\/#organization\"},\"image\":{\"@id\":\"https:\\\/\\\/www.immobilienbusiness.ch\\\/de\\\/regionen\\\/2023-06-05\\\/rotkreuz-quantus-kauft-komax-hauptsitz\\\/#primaryimage\"},\"thumbnailUrl\":\"https:\\\/\\\/www.immobilienbusiness.ch\\\/wp-content\\\/uploads\\\/2023\\\/06\\\/Hightech-Hub-Rotkreuz-Aussenaufnahme-scaled.jpg\",\"keywords\":[\"B\u00fcrogeb\u00e4ude\",\"Gewerbeimmobilie\",\"Kanton Zug\",\"Quantus\",\"Sale-and-lease-back\"],\"articleSection\":[\"REGIONEN\"],\"inLanguage\":\"de\"},{\"@type\":\"WebPage\",\"@id\":\"https:\\\/\\\/www.immobilienbusiness.ch\\\/de\\\/regionen\\\/2023-06-05\\\/rotkreuz-quantus-kauft-komax-hauptsitz\\\/\",\"url\":\"https:\\\/\\\/www.immobilienbusiness.ch\\\/de\\\/regionen\\\/2023-06-05\\\/rotkreuz-quantus-kauft-komax-hauptsitz\\\/\",\"name\":\"Rotkreuz: Quantus kauft Komax-Hauptsitz - IMMOBILIEN Business\",\"isPartOf\":{\"@id\":\"https:\\\/\\\/www.immobilienbusiness.ch\\\/#website\"},\"primaryImageOfPage\":{\"@id\":\"https:\\\/\\\/www.immobilienbusiness.ch\\\/de\\\/regionen\\\/2023-06-05\\\/rotkreuz-quantus-kauft-komax-hauptsitz\\\/#primaryimage\"},\"image\":{\"@id\":\"https:\\\/\\\/www.immobilienbusiness.ch\\\/de\\\/regionen\\\/2023-06-05\\\/rotkreuz-quantus-kauft-komax-hauptsitz\\\/#primaryimage\"},\"thumbnailUrl\":\"https:\\\/\\\/www.immobilienbusiness.ch\\\/wp-content\\\/uploads\\\/2023\\\/06\\\/Hightech-Hub-Rotkreuz-Aussenaufnahme-scaled.jpg\",\"datePublished\":\"2023-06-05T06:13:26+00:00\",\"dateModified\":\"2023-06-22T14:28:42+00:00\",\"description\":\"Quantu hat die Liegenschaft an den Verk\u00e4ufer, die Technologiegruppe Komax, bis Ende 2024 zur\u00fcckvermietet. Anschliessend soll sie als Multi-Tenant-Objekt positioniert werden.\",\"breadcrumb\":{\"@id\":\"https:\\\/\\\/www.immobilienbusiness.ch\\\/de\\\/regionen\\\/2023-06-05\\\/rotkreuz-quantus-kauft-komax-hauptsitz\\\/#breadcrumb\"},\"inLanguage\":\"de\",\"potentialAction\":[{\"@type\":\"ReadAction\",\"target\":[\"https:\\\/\\\/www.immobilienbusiness.ch\\\/de\\\/regionen\\\/2023-06-05\\\/rotkreuz-quantus-kauft-komax-hauptsitz\\\/\"]}]},{\"@type\":\"ImageObject\",\"inLanguage\":\"de\",\"@id\":\"https:\\\/\\\/www.immobilienbusiness.ch\\\/de\\\/regionen\\\/2023-06-05\\\/rotkreuz-quantus-kauft-komax-hauptsitz\\\/#primaryimage\",\"url\":\"https:\\\/\\\/www.immobilienbusiness.ch\\\/wp-content\\\/uploads\\\/2023\\\/06\\\/Hightech-Hub-Rotkreuz-Aussenaufnahme-scaled.jpg\",\"contentUrl\":\"https:\\\/\\\/www.immobilienbusiness.ch\\\/wp-content\\\/uploads\\\/2023\\\/06\\\/Hightech-Hub-Rotkreuz-Aussenaufnahme-scaled.jpg\",\"width\":1200,\"height\":800,\"caption\":\"Der Hightech Hub von Komax in Rotkreuz (Quelle: Quantus)\"},{\"@type\":\"BreadcrumbList\",\"@id\":\"https:\\\/\\\/www.immobilienbusiness.ch\\\/de\\\/regionen\\\/2023-06-05\\\/rotkreuz-quantus-kauft-komax-hauptsitz\\\/#breadcrumb\",\"itemListElement\":[{\"@type\":\"ListItem\",\"position\":1,\"name\":\"Home\",\"item\":\"https:\\\/\\\/www.immobilienbusiness.ch\\\/\"},{\"@type\":\"ListItem\",\"position\":2,\"name\":\"Rotkreuz: Quantus kauft Komax-Hauptsitz\"}]},{\"@type\":\"WebSite\",\"@id\":\"https:\\\/\\\/www.immobilienbusiness.ch\\\/#website\",\"url\":\"https:\\\/\\\/www.immobilienbusiness.ch\\\/\",\"name\":\"IMMOBILIEN Business\",\"description\":\"Unabh\u00e4ngiges Schweizer Wirtschaftsmagazin mit Fokus auf Immobilien, Architektur- und Bau sowie Investment- und Finanzierung.\",\"publisher\":{\"@id\":\"https:\\\/\\\/www.immobilienbusiness.ch\\\/#organization\"},\"potentialAction\":[{\"@type\":\"SearchAction\",\"target\":{\"@type\":\"EntryPoint\",\"urlTemplate\":\"https:\\\/\\\/www.immobilienbusiness.ch\\\/?s={search_term_string}\"},\"query-input\":{\"@type\":\"PropertyValueSpecification\",\"valueRequired\":true,\"valueName\":\"search_term_string\"}}],\"inLanguage\":\"de\"},{\"@type\":\"Organization\",\"@id\":\"https:\\\/\\\/www.immobilienbusiness.ch\\\/#organization\",\"name\":\"IMMOBILIEN Business\",\"url\":\"https:\\\/\\\/www.immobilienbusiness.ch\\\/\",\"logo\":{\"@type\":\"ImageObject\",\"inLanguage\":\"de\",\"@id\":\"https:\\\/\\\/www.immobilienbusiness.ch\\\/#\\\/schema\\\/logo\\\/image\\\/\",\"url\":\"https:\\\/\\\/www.immobilienbusiness.ch\\\/wp-content\\\/uploads\\\/2021\\\/07\\\/logo_ib.png\",\"contentUrl\":\"https:\\\/\\\/www.immobilienbusiness.ch\\\/wp-content\\\/uploads\\\/2021\\\/07\\\/logo_ib.png\",\"width\":800,\"height\":181,\"caption\":\"IMMOBILIEN Business\"},\"image\":{\"@id\":\"https:\\\/\\\/www.immobilienbusiness.ch\\\/#\\\/schema\\\/logo\\\/image\\\/\"},\"sameAs\":[\"https:\\\/\\\/www.facebook.com\\\/immobilienbusiness\\\/\"]},{\"@type\":\"Person\",\"@id\":\"https:\\\/\\\/www.immobilienbusiness.ch\\\/#\\\/schema\\\/person\\\/3fc036297b10b9f42d6db5ee932af8c8\",\"name\":\"anja.hall\",\"image\":{\"@type\":\"ImageObject\",\"inLanguage\":\"de\",\"@id\":\"https:\\\/\\\/secure.gravatar.com\\\/avatar\\\/066b5a0d447013502c71a5782f4f3469f03cfe595cc2329fb94652fe47511bfb?s=96&d=mm&r=g\",\"url\":\"https:\\\/\\\/secure.gravatar.com\\\/avatar\\\/066b5a0d447013502c71a5782f4f3469f03cfe595cc2329fb94652fe47511bfb?s=96&d=mm&r=g\",\"contentUrl\":\"https:\\\/\\\/secure.gravatar.com\\\/avatar\\\/066b5a0d447013502c71a5782f4f3469f03cfe595cc2329fb94652fe47511bfb?s=96&d=mm&r=g\",\"caption\":\"anja.hall\"},\"url\":\"https:\\\/\\\/www.immobilienbusiness.ch\\\/de\\\/author\\\/anja-hall\\\/\"}]}<\/script>\n<!-- \/ Yoast SEO plugin. -->","yoast_head_json":{"title":"Rotkreuz: Quantus kauft Komax-Hauptsitz - IMMOBILIEN Business","description":"Quantu hat die Liegenschaft an den Verk\u00e4ufer, die Technologiegruppe Komax, bis Ende 2024 zur\u00fcckvermietet. Anschliessend soll sie als Multi-Tenant-Objekt positioniert werden.","robots":{"index":"index","follow":"follow","max-snippet":"max-snippet:-1","max-image-preview":"max-image-preview:large","max-video-preview":"max-video-preview:-1"},"canonical":"https:\/\/www.immobilienbusiness.ch\/de\/regionen\/2023-06-05\/rotkreuz-quantus-kauft-komax-hauptsitz\/","og_locale":"de_DE","og_type":"article","og_title":"Rotkreuz: Quantus kauft Komax-Hauptsitz - IMMOBILIEN Business","og_description":"Quantu hat die Liegenschaft an den Verk\u00e4ufer, die Technologiegruppe Komax, bis Ende 2024 zur\u00fcckvermietet. Anschliessend soll sie als Multi-Tenant-Objekt positioniert werden.","og_url":"https:\/\/www.immobilienbusiness.ch\/de\/regionen\/2023-06-05\/rotkreuz-quantus-kauft-komax-hauptsitz\/","og_site_name":"IMMOBILIEN Business","article_publisher":"https:\/\/www.facebook.com\/immobilienbusiness\/","article_published_time":"2023-06-05T06:13:26+00:00","article_modified_time":"2023-06-22T14:28:42+00:00","og_image":[{"width":1200,"height":800,"url":"https:\/\/www.immobilienbusiness.ch\/wp-content\/uploads\/2023\/06\/Hightech-Hub-Rotkreuz-Aussenaufnahme-scaled.jpg","type":"image\/jpeg"}],"author":"anja.hall","twitter_card":"summary_large_image","twitter_image":"https:\/\/www.immobilienbusiness.ch\/wp-content\/uploads\/2023\/06\/Hightech-Hub-Rotkreuz-Aussenaufnahme-scaled.jpg","schema":{"@context":"https:\/\/schema.org","@graph":[{"@type":"Article","@id":"https:\/\/www.immobilienbusiness.ch\/de\/regionen\/2023-06-05\/rotkreuz-quantus-kauft-komax-hauptsitz\/#article","isPartOf":{"@id":"https:\/\/www.immobilienbusiness.ch\/de\/regionen\/2023-06-05\/rotkreuz-quantus-kauft-komax-hauptsitz\/"},"author":{"name":"anja.hall","@id":"https:\/\/www.immobilienbusiness.ch\/#\/schema\/person\/3fc036297b10b9f42d6db5ee932af8c8"},"headline":"Rotkreuz: Quantus kauft Komax-Hauptsitz","datePublished":"2023-06-05T06:13:26+00:00","dateModified":"2023-06-22T14:28:42+00:00","mainEntityOfPage":{"@id":"https:\/\/www.immobilienbusiness.ch\/de\/regionen\/2023-06-05\/rotkreuz-quantus-kauft-komax-hauptsitz\/"},"wordCount":204,"publisher":{"@id":"https:\/\/www.immobilienbusiness.ch\/#organization"},"image":{"@id":"https:\/\/www.immobilienbusiness.ch\/de\/regionen\/2023-06-05\/rotkreuz-quantus-kauft-komax-hauptsitz\/#primaryimage"},"thumbnailUrl":"https:\/\/www.immobilienbusiness.ch\/wp-content\/uploads\/2023\/06\/Hightech-Hub-Rotkreuz-Aussenaufnahme-scaled.jpg","keywords":["B\u00fcrogeb\u00e4ude","Gewerbeimmobilie","Kanton Zug","Quantus","Sale-and-lease-back"],"articleSection":["REGIONEN"],"inLanguage":"de"},{"@type":"WebPage","@id":"https:\/\/www.immobilienbusiness.ch\/de\/regionen\/2023-06-05\/rotkreuz-quantus-kauft-komax-hauptsitz\/","url":"https:\/\/www.immobilienbusiness.ch\/de\/regionen\/2023-06-05\/rotkreuz-quantus-kauft-komax-hauptsitz\/","name":"Rotkreuz: Quantus kauft Komax-Hauptsitz - IMMOBILIEN Business","isPartOf":{"@id":"https:\/\/www.immobilienbusiness.ch\/#website"},"primaryImageOfPage":{"@id":"https:\/\/www.immobilienbusiness.ch\/de\/regionen\/2023-06-05\/rotkreuz-quantus-kauft-komax-hauptsitz\/#primaryimage"},"image":{"@id":"https:\/\/www.immobilienbusiness.ch\/de\/regionen\/2023-06-05\/rotkreuz-quantus-kauft-komax-hauptsitz\/#primaryimage"},"thumbnailUrl":"https:\/\/www.immobilienbusiness.ch\/wp-content\/uploads\/2023\/06\/Hightech-Hub-Rotkreuz-Aussenaufnahme-scaled.jpg","datePublished":"2023-06-05T06:13:26+00:00","dateModified":"2023-06-22T14:28:42+00:00","description":"Quantu hat die Liegenschaft an den Verk\u00e4ufer, die Technologiegruppe Komax, bis Ende 2024 zur\u00fcckvermietet. Anschliessend soll sie als Multi-Tenant-Objekt positioniert werden.","breadcrumb":{"@id":"https:\/\/www.immobilienbusiness.ch\/de\/regionen\/2023-06-05\/rotkreuz-quantus-kauft-komax-hauptsitz\/#breadcrumb"},"inLanguage":"de","potentialAction":[{"@type":"ReadAction","target":["https:\/\/www.immobilienbusiness.ch\/de\/regionen\/2023-06-05\/rotkreuz-quantus-kauft-komax-hauptsitz\/"]}]},{"@type":"ImageObject","inLanguage":"de","@id":"https:\/\/www.immobilienbusiness.ch\/de\/regionen\/2023-06-05\/rotkreuz-quantus-kauft-komax-hauptsitz\/#primaryimage","url":"https:\/\/www.immobilienbusiness.ch\/wp-content\/uploads\/2023\/06\/Hightech-Hub-Rotkreuz-Aussenaufnahme-scaled.jpg","contentUrl":"https:\/\/www.immobilienbusiness.ch\/wp-content\/uploads\/2023\/06\/Hightech-Hub-Rotkreuz-Aussenaufnahme-scaled.jpg","width":1200,"height":800,"caption":"Der Hightech Hub von Komax in Rotkreuz (Quelle: Quantus)"},{"@type":"BreadcrumbList","@id":"https:\/\/www.immobilienbusiness.ch\/de\/regionen\/2023-06-05\/rotkreuz-quantus-kauft-komax-hauptsitz\/#breadcrumb","itemListElement":[{"@type":"ListItem","position":1,"name":"Home","item":"https:\/\/www.immobilienbusiness.ch\/"},{"@type":"ListItem","position":2,"name":"Rotkreuz: Quantus kauft Komax-Hauptsitz"}]},{"@type":"WebSite","@id":"https:\/\/www.immobilienbusiness.ch\/#website","url":"https:\/\/www.immobilienbusiness.ch\/","name":"IMMOBILIEN Business","description":"Unabh\u00e4ngiges Schweizer Wirtschaftsmagazin mit Fokus auf Immobilien, Architektur- und Bau sowie Investment- und Finanzierung.","publisher":{"@id":"https:\/\/www.immobilienbusiness.ch\/#organization"},"potentialAction":[{"@type":"SearchAction","target":{"@type":"EntryPoint","urlTemplate":"https:\/\/www.immobilienbusiness.ch\/?s={search_term_string}"},"query-input":{"@type":"PropertyValueSpecification","valueRequired":true,"valueName":"search_term_string"}}],"inLanguage":"de"},{"@type":"Organization","@id":"https:\/\/www.immobilienbusiness.ch\/#organization","name":"IMMOBILIEN Business","url":"https:\/\/www.immobilienbusiness.ch\/","logo":{"@type":"ImageObject","inLanguage":"de","@id":"https:\/\/www.immobilienbusiness.ch\/#\/schema\/logo\/image\/","url":"https:\/\/www.immobilienbusiness.ch\/wp-content\/uploads\/2021\/07\/logo_ib.png","contentUrl":"https:\/\/www.immobilienbusiness.ch\/wp-content\/uploads\/2021\/07\/logo_ib.png","width":800,"height":181,"caption":"IMMOBILIEN Business"},"image":{"@id":"https:\/\/www.immobilienbusiness.ch\/#\/schema\/logo\/image\/"},"sameAs":["https:\/\/www.facebook.com\/immobilienbusiness\/"]},{"@type":"Person","@id":"https:\/\/www.immobilienbusiness.ch\/#\/schema\/person\/3fc036297b10b9f42d6db5ee932af8c8","name":"anja.hall","image":{"@type":"ImageObject","inLanguage":"de","@id":"https:\/\/secure.gravatar.com\/avatar\/066b5a0d447013502c71a5782f4f3469f03cfe595cc2329fb94652fe47511bfb?s=96&d=mm&r=g","url":"https:\/\/secure.gravatar.com\/avatar\/066b5a0d447013502c71a5782f4f3469f03cfe595cc2329fb94652fe47511bfb?s=96&d=mm&r=g","contentUrl":"https:\/\/secure.gravatar.com\/avatar\/066b5a0d447013502c71a5782f4f3469f03cfe595cc2329fb94652fe47511bfb?s=96&d=mm&r=g","caption":"anja.hall"},"url":"https:\/\/www.immobilienbusiness.ch\/de\/author\/anja-hall\/"}]}},"_links":{"self":[{"href":"https:\/\/www.immobilienbusiness.ch\/de\/wp-json\/wp\/v2\/posts\/47262","targetHints":{"allow":["GET"]}}],"collection":[{"href":"https:\/\/www.immobilienbusiness.ch\/de\/wp-json\/wp\/v2\/posts"}],"about":[{"href":"https:\/\/www.immobilienbusiness.ch\/de\/wp-json\/wp\/v2\/types\/post"}],"author":[{"embeddable":true,"href":"https:\/\/www.immobilienbusiness.ch\/de\/wp-json\/wp\/v2\/users\/3"}],"replies":[{"embeddable":true,"href":"https:\/\/www.immobilienbusiness.ch\/de\/wp-json\/wp\/v2\/comments?post=47262"}],"version-history":[{"count":3,"href":"https:\/\/www.immobilienbusiness.ch\/de\/wp-json\/wp\/v2\/posts\/47262\/revisions"}],"predecessor-version":[{"id":47537,"href":"https:\/\/www.immobilienbusiness.ch\/de\/wp-json\/wp\/v2\/posts\/47262\/revisions\/47537"}],"wp:featuredmedia":[{"embeddable":true,"href":"https:\/\/www.immobilienbusiness.ch\/de\/wp-json\/wp\/v2\/media\/47264"}],"wp:attachment":[{"href":"https:\/\/www.immobilienbusiness.ch\/de\/wp-json\/wp\/v2\/media?parent=47262"}],"wp:term":[{"taxonomy":"category","embeddable":true,"href":"https:\/\/www.immobilienbusiness.ch\/de\/wp-json\/wp\/v2\/categories?post=47262"},{"taxonomy":"post_tag","embeddable":true,"href":"https:\/\/www.immobilienbusiness.ch\/de\/wp-json\/wp\/v2\/tags?post=47262"}],"curies":[{"name":"wp","href":"https:\/\/api.w.org\/{rel}","templated":true}]}}