{"id":47083,"date":"2023-05-24T08:05:52","date_gmt":"2023-05-24T06:05:52","guid":{"rendered":"https:\/\/www.immobilienbusiness.ch\/?p=47083"},"modified":"2023-06-22T16:55:16","modified_gmt":"2023-06-22T14:55:16","slug":"helvetia-anlagestiftung-jan-baerthel-neu-im-stiftungsrat","status":"publish","type":"post","link":"https:\/\/www.immobilienbusiness.ch\/de\/personalia\/2023-05-24\/helvetia-anlagestiftung-jan-baerthel-neu-im-stiftungsrat\/","title":{"rendered":"Helvetia Anlagestiftung: Jan B\u00e4rthel neu im Stiftungsrat"},"content":{"rendered":"<figure id=\"attachment_44857\" aria-describedby=\"caption-attachment-44857\" style=\"width: 982px\" class=\"wp-caption alignnone\"><a href=\"https:\/\/www.immobilienbusiness.ch\/wp-content\/uploads\/2022\/11\/Jan-Baerthel.png\"><img loading=\"lazy\" decoding=\"async\" class=\"wp-image-44857 size-full\" src=\"https:\/\/www.immobilienbusiness.ch\/wp-content\/uploads\/2022\/11\/Jan-Baerthel.png\" alt=\"Helvetia\" width=\"982\" height=\"547\" srcset=\"https:\/\/www.immobilienbusiness.ch\/wp-content\/uploads\/2022\/11\/Jan-Baerthel.png 982w, https:\/\/www.immobilienbusiness.ch\/wp-content\/uploads\/2022\/11\/Jan-Baerthel-300x167.png 300w, https:\/\/www.immobilienbusiness.ch\/wp-content\/uploads\/2022\/11\/Jan-Baerthel-768x428.png 768w, https:\/\/www.immobilienbusiness.ch\/wp-content\/uploads\/2022\/11\/Jan-Baerthel-18x10.png 18w, https:\/\/www.immobilienbusiness.ch\/wp-content\/uploads\/2022\/11\/Jan-Baerthel-375x209.png 375w, https:\/\/www.immobilienbusiness.ch\/wp-content\/uploads\/2022\/11\/Jan-Baerthel-628x350.png 628w\" sizes=\"auto, (max-width: 982px) 100vw, 982px\" \/><\/a><figcaption id=\"caption-attachment-44857\" class=\"wp-caption-text\">Jan B\u00e4rthel (Bild: W\u00fcest Partner)<\/figcaption><\/figure>\n<p>Jan B\u00e4rthel folgt im Stiftungsrat auf Toni Ronchi, der nach zehn Jahren Zugeh\u00f6rigkeit aus dem Gremium zur\u00fcckgetreten ist. B\u00e4rthel arbeitete bis M\u00e4rz 2023 f\u00fcr W\u00fcest Partner. Er war dort Partner und Mitglied der Gruppengesch\u00e4ftsf\u00fchrung und von 2018 an f\u00fcr die Leitung der Division Real Estate Experts zust\u00e4ndig gewesen. B\u00e4rthel ist auch Verwaltungsrat bei Pure Funds <a href=\"https:\/\/www.immobilienbusiness.ch\/de\/personalia\/2023-04-04\/pure-funds-jan-baerthel-verstaerkt-den-verwaltungsrat\/\" target=\"_blank\" rel=\"noopener\">(IB berichtete)<\/a> und hat einen Lehrauftrag der Universit\u00e4t Z\u00fcrich (Curem).<\/p>\n<p>Das Gesamtverm\u00f6gen der Helvetia-Anlagestiftung stieg 2022 um 374 Mio. CHF auf 2,35 Mrd. CHF. Treiber des Wachstums waren prim\u00e4r die beiden Immobilien-Anlagegruppen und die gemischte Anlagegruppe BVG-Mix Plus 35. Die Stiftung z\u00e4hlt \u00fcber 280 Vorsorgeeinrichtungen zu ihren Anlegern. <em>(aw)<\/em><\/p>\n","protected":false},"excerpt":{"rendered":"<p>Die Helvetia Anlagestiftung berichtete auf ihrer Anlegerversammlung \u00fcber ein stattliches Wachstum im Gesch\u00e4ftsjahr 2022. Auf der Veranstaltung wurde zudem Jan B\u00e4rthel in den Stiftungsrat gew\u00e4hlt.<\/p>\n","protected":false},"author":102,"featured_media":44857,"comment_status":"closed","ping_status":"closed","sticky":false,"template":"","format":"standard","meta":{"_acf_changed":false,"_yoast_wpseo_focuskw":"Helvetia","_yoast_wpseo_title":"","_yoast_wpseo_metadesc":"Die Helvetia Anlagestiftung berichtete auf ihrer Anlegerversammlung \u00fcber ein stattliches Wachstum im Gesch\u00e4ftsjahr 2022. Auf der Veranstaltung wurde zudem Jan B\u00e4rthel in den Stiftungsrat gew\u00e4hlt.","_yoast_wpseo_linkdex":48,"pgc_sgb_lightbox_settings":"","footnotes":""},"categories":[1912],"tags":[2225,1563],"class_list":["post-47083","post","type-post","status-publish","format-standard","has-post-thumbnail","hentry","category-personalia","tag-helvetia-anlagestiftung","tag-personalia"],"acf":[],"yoast_head":"<!-- This site is optimized with the Yoast SEO plugin v27.5 - https:\/\/yoast.com\/product\/yoast-seo-wordpress\/ -->\n<title>Helvetia Anlagestiftung: Jan B\u00e4rthel neu im Stiftungsrat - IMMOBILIEN Business<\/title>\n<meta name=\"description\" content=\"Die Helvetia Anlagestiftung berichtete auf ihrer Anlegerversammlung \u00fcber ein stattliches Wachstum im Gesch\u00e4ftsjahr 2022. Auf der Veranstaltung wurde zudem Jan B\u00e4rthel in den Stiftungsrat gew\u00e4hlt.\" \/>\n<meta name=\"robots\" content=\"index, follow, max-snippet:-1, max-image-preview:large, max-video-preview:-1\" \/>\n<link rel=\"canonical\" href=\"https:\/\/www.immobilienbusiness.ch\/de\/personalia\/2023-05-24\/helvetia-anlagestiftung-jan-baerthel-neu-im-stiftungsrat\/\" \/>\n<meta property=\"og:locale\" content=\"de_DE\" \/>\n<meta property=\"og:type\" content=\"article\" \/>\n<meta property=\"og:title\" content=\"Helvetia Anlagestiftung: Jan B\u00e4rthel neu im Stiftungsrat - IMMOBILIEN Business\" \/>\n<meta property=\"og:description\" content=\"Die Helvetia Anlagestiftung berichtete auf ihrer Anlegerversammlung \u00fcber ein stattliches Wachstum im Gesch\u00e4ftsjahr 2022. Auf der Veranstaltung wurde zudem Jan B\u00e4rthel in den Stiftungsrat gew\u00e4hlt.\" \/>\n<meta property=\"og:url\" content=\"https:\/\/www.immobilienbusiness.ch\/de\/personalia\/2023-05-24\/helvetia-anlagestiftung-jan-baerthel-neu-im-stiftungsrat\/\" \/>\n<meta property=\"og:site_name\" content=\"IMMOBILIEN Business\" \/>\n<meta property=\"article:publisher\" content=\"https:\/\/www.facebook.com\/immobilienbusiness\/\" \/>\n<meta property=\"article:published_time\" content=\"2023-05-24T06:05:52+00:00\" \/>\n<meta property=\"article:modified_time\" content=\"2023-06-22T14:55:16+00:00\" \/>\n<meta property=\"og:image\" content=\"https:\/\/www.immobilienbusiness.ch\/wp-content\/uploads\/2022\/11\/Jan-Baerthel.png\" \/>\n\t<meta property=\"og:image:width\" content=\"982\" \/>\n\t<meta property=\"og:image:height\" content=\"547\" \/>\n\t<meta property=\"og:image:type\" content=\"image\/png\" \/>\n<meta name=\"author\" content=\"Alexander Wachter\" \/>\n<meta name=\"twitter:card\" content=\"summary_large_image\" \/>\n<script type=\"application\/ld+json\" class=\"yoast-schema-graph\">{\"@context\":\"https:\\\/\\\/schema.org\",\"@graph\":[{\"@type\":\"Article\",\"@id\":\"https:\\\/\\\/www.immobilienbusiness.ch\\\/de\\\/personalia\\\/2023-05-24\\\/helvetia-anlagestiftung-jan-baerthel-neu-im-stiftungsrat\\\/#article\",\"isPartOf\":{\"@id\":\"https:\\\/\\\/www.immobilienbusiness.ch\\\/de\\\/personalia\\\/2023-05-24\\\/helvetia-anlagestiftung-jan-baerthel-neu-im-stiftungsrat\\\/\"},\"author\":{\"name\":\"Alexander Wachter\",\"@id\":\"https:\\\/\\\/www.immobilienbusiness.ch\\\/#\\\/schema\\\/person\\\/aba8bea2db926aa0c24c08c43fe1fcd5\"},\"headline\":\"Helvetia Anlagestiftung: Jan B\u00e4rthel neu im Stiftungsrat\",\"datePublished\":\"2023-05-24T06:05:52+00:00\",\"dateModified\":\"2023-06-22T14:55:16+00:00\",\"mainEntityOfPage\":{\"@id\":\"https:\\\/\\\/www.immobilienbusiness.ch\\\/de\\\/personalia\\\/2023-05-24\\\/helvetia-anlagestiftung-jan-baerthel-neu-im-stiftungsrat\\\/\"},\"wordCount\":136,\"publisher\":{\"@id\":\"https:\\\/\\\/www.immobilienbusiness.ch\\\/#organization\"},\"image\":{\"@id\":\"https:\\\/\\\/www.immobilienbusiness.ch\\\/de\\\/personalia\\\/2023-05-24\\\/helvetia-anlagestiftung-jan-baerthel-neu-im-stiftungsrat\\\/#primaryimage\"},\"thumbnailUrl\":\"https:\\\/\\\/www.immobilienbusiness.ch\\\/wp-content\\\/uploads\\\/2022\\\/11\\\/Jan-Baerthel.png\",\"keywords\":[\"Helvetia Anlagestiftung\",\"Personalia\"],\"articleSection\":[\"PERSONALIA\"],\"inLanguage\":\"de\"},{\"@type\":\"WebPage\",\"@id\":\"https:\\\/\\\/www.immobilienbusiness.ch\\\/de\\\/personalia\\\/2023-05-24\\\/helvetia-anlagestiftung-jan-baerthel-neu-im-stiftungsrat\\\/\",\"url\":\"https:\\\/\\\/www.immobilienbusiness.ch\\\/de\\\/personalia\\\/2023-05-24\\\/helvetia-anlagestiftung-jan-baerthel-neu-im-stiftungsrat\\\/\",\"name\":\"Helvetia Anlagestiftung: Jan B\u00e4rthel neu im Stiftungsrat - IMMOBILIEN Business\",\"isPartOf\":{\"@id\":\"https:\\\/\\\/www.immobilienbusiness.ch\\\/#website\"},\"primaryImageOfPage\":{\"@id\":\"https:\\\/\\\/www.immobilienbusiness.ch\\\/de\\\/personalia\\\/2023-05-24\\\/helvetia-anlagestiftung-jan-baerthel-neu-im-stiftungsrat\\\/#primaryimage\"},\"image\":{\"@id\":\"https:\\\/\\\/www.immobilienbusiness.ch\\\/de\\\/personalia\\\/2023-05-24\\\/helvetia-anlagestiftung-jan-baerthel-neu-im-stiftungsrat\\\/#primaryimage\"},\"thumbnailUrl\":\"https:\\\/\\\/www.immobilienbusiness.ch\\\/wp-content\\\/uploads\\\/2022\\\/11\\\/Jan-Baerthel.png\",\"datePublished\":\"2023-05-24T06:05:52+00:00\",\"dateModified\":\"2023-06-22T14:55:16+00:00\",\"description\":\"Die Helvetia Anlagestiftung berichtete auf ihrer Anlegerversammlung \u00fcber ein stattliches Wachstum im Gesch\u00e4ftsjahr 2022. Auf der Veranstaltung wurde zudem Jan B\u00e4rthel in den Stiftungsrat gew\u00e4hlt.\",\"breadcrumb\":{\"@id\":\"https:\\\/\\\/www.immobilienbusiness.ch\\\/de\\\/personalia\\\/2023-05-24\\\/helvetia-anlagestiftung-jan-baerthel-neu-im-stiftungsrat\\\/#breadcrumb\"},\"inLanguage\":\"de\",\"potentialAction\":[{\"@type\":\"ReadAction\",\"target\":[\"https:\\\/\\\/www.immobilienbusiness.ch\\\/de\\\/personalia\\\/2023-05-24\\\/helvetia-anlagestiftung-jan-baerthel-neu-im-stiftungsrat\\\/\"]}]},{\"@type\":\"ImageObject\",\"inLanguage\":\"de\",\"@id\":\"https:\\\/\\\/www.immobilienbusiness.ch\\\/de\\\/personalia\\\/2023-05-24\\\/helvetia-anlagestiftung-jan-baerthel-neu-im-stiftungsrat\\\/#primaryimage\",\"url\":\"https:\\\/\\\/www.immobilienbusiness.ch\\\/wp-content\\\/uploads\\\/2022\\\/11\\\/Jan-Baerthel.png\",\"contentUrl\":\"https:\\\/\\\/www.immobilienbusiness.ch\\\/wp-content\\\/uploads\\\/2022\\\/11\\\/Jan-Baerthel.png\",\"width\":982,\"height\":547,\"caption\":\"Jan B\u00e4rthel (Bild: W\u00fcest Partner)\"},{\"@type\":\"BreadcrumbList\",\"@id\":\"https:\\\/\\\/www.immobilienbusiness.ch\\\/de\\\/personalia\\\/2023-05-24\\\/helvetia-anlagestiftung-jan-baerthel-neu-im-stiftungsrat\\\/#breadcrumb\",\"itemListElement\":[{\"@type\":\"ListItem\",\"position\":1,\"name\":\"Home\",\"item\":\"https:\\\/\\\/www.immobilienbusiness.ch\\\/\"},{\"@type\":\"ListItem\",\"position\":2,\"name\":\"Helvetia Anlagestiftung: Jan B\u00e4rthel neu im Stiftungsrat\"}]},{\"@type\":\"WebSite\",\"@id\":\"https:\\\/\\\/www.immobilienbusiness.ch\\\/#website\",\"url\":\"https:\\\/\\\/www.immobilienbusiness.ch\\\/\",\"name\":\"IMMOBILIEN Business\",\"description\":\"Unabh\u00e4ngiges Schweizer Wirtschaftsmagazin mit Fokus auf Immobilien, Architektur- und Bau sowie Investment- und Finanzierung.\",\"publisher\":{\"@id\":\"https:\\\/\\\/www.immobilienbusiness.ch\\\/#organization\"},\"potentialAction\":[{\"@type\":\"SearchAction\",\"target\":{\"@type\":\"EntryPoint\",\"urlTemplate\":\"https:\\\/\\\/www.immobilienbusiness.ch\\\/?s={search_term_string}\"},\"query-input\":{\"@type\":\"PropertyValueSpecification\",\"valueRequired\":true,\"valueName\":\"search_term_string\"}}],\"inLanguage\":\"de\"},{\"@type\":\"Organization\",\"@id\":\"https:\\\/\\\/www.immobilienbusiness.ch\\\/#organization\",\"name\":\"IMMOBILIEN Business\",\"url\":\"https:\\\/\\\/www.immobilienbusiness.ch\\\/\",\"logo\":{\"@type\":\"ImageObject\",\"inLanguage\":\"de\",\"@id\":\"https:\\\/\\\/www.immobilienbusiness.ch\\\/#\\\/schema\\\/logo\\\/image\\\/\",\"url\":\"https:\\\/\\\/www.immobilienbusiness.ch\\\/wp-content\\\/uploads\\\/2021\\\/07\\\/logo_ib.png\",\"contentUrl\":\"https:\\\/\\\/www.immobilienbusiness.ch\\\/wp-content\\\/uploads\\\/2021\\\/07\\\/logo_ib.png\",\"width\":800,\"height\":181,\"caption\":\"IMMOBILIEN Business\"},\"image\":{\"@id\":\"https:\\\/\\\/www.immobilienbusiness.ch\\\/#\\\/schema\\\/logo\\\/image\\\/\"},\"sameAs\":[\"https:\\\/\\\/www.facebook.com\\\/immobilienbusiness\\\/\"]},{\"@type\":\"Person\",\"@id\":\"https:\\\/\\\/www.immobilienbusiness.ch\\\/#\\\/schema\\\/person\\\/aba8bea2db926aa0c24c08c43fe1fcd5\",\"name\":\"Alexander Wachter\",\"image\":{\"@type\":\"ImageObject\",\"inLanguage\":\"de\",\"@id\":\"https:\\\/\\\/secure.gravatar.com\\\/avatar\\\/1a09e471f5389b0e0a6416eac287e0927c7c97a7b77f9e787eba3af7aee281dd?s=96&d=mm&r=g\",\"url\":\"https:\\\/\\\/secure.gravatar.com\\\/avatar\\\/1a09e471f5389b0e0a6416eac287e0927c7c97a7b77f9e787eba3af7aee281dd?s=96&d=mm&r=g\",\"contentUrl\":\"https:\\\/\\\/secure.gravatar.com\\\/avatar\\\/1a09e471f5389b0e0a6416eac287e0927c7c97a7b77f9e787eba3af7aee281dd?s=96&d=mm&r=g\",\"caption\":\"Alexander Wachter\"},\"url\":\"https:\\\/\\\/www.immobilienbusiness.ch\\\/de\\\/author\\\/alexander-wachter\\\/\"}]}<\/script>\n<!-- \/ Yoast SEO plugin. -->","yoast_head_json":{"title":"Helvetia Anlagestiftung: Jan B\u00e4rthel neu im Stiftungsrat - IMMOBILIEN Business","description":"Die Helvetia Anlagestiftung berichtete auf ihrer Anlegerversammlung \u00fcber ein stattliches Wachstum im Gesch\u00e4ftsjahr 2022. Auf der Veranstaltung wurde zudem Jan B\u00e4rthel in den Stiftungsrat gew\u00e4hlt.","robots":{"index":"index","follow":"follow","max-snippet":"max-snippet:-1","max-image-preview":"max-image-preview:large","max-video-preview":"max-video-preview:-1"},"canonical":"https:\/\/www.immobilienbusiness.ch\/de\/personalia\/2023-05-24\/helvetia-anlagestiftung-jan-baerthel-neu-im-stiftungsrat\/","og_locale":"de_DE","og_type":"article","og_title":"Helvetia Anlagestiftung: Jan B\u00e4rthel neu im Stiftungsrat - IMMOBILIEN Business","og_description":"Die Helvetia Anlagestiftung berichtete auf ihrer Anlegerversammlung \u00fcber ein stattliches Wachstum im Gesch\u00e4ftsjahr 2022. Auf der Veranstaltung wurde zudem Jan B\u00e4rthel in den Stiftungsrat gew\u00e4hlt.","og_url":"https:\/\/www.immobilienbusiness.ch\/de\/personalia\/2023-05-24\/helvetia-anlagestiftung-jan-baerthel-neu-im-stiftungsrat\/","og_site_name":"IMMOBILIEN Business","article_publisher":"https:\/\/www.facebook.com\/immobilienbusiness\/","article_published_time":"2023-05-24T06:05:52+00:00","article_modified_time":"2023-06-22T14:55:16+00:00","og_image":[{"width":982,"height":547,"url":"https:\/\/www.immobilienbusiness.ch\/wp-content\/uploads\/2022\/11\/Jan-Baerthel.png","type":"image\/png"}],"author":"Alexander Wachter","twitter_card":"summary_large_image","schema":{"@context":"https:\/\/schema.org","@graph":[{"@type":"Article","@id":"https:\/\/www.immobilienbusiness.ch\/de\/personalia\/2023-05-24\/helvetia-anlagestiftung-jan-baerthel-neu-im-stiftungsrat\/#article","isPartOf":{"@id":"https:\/\/www.immobilienbusiness.ch\/de\/personalia\/2023-05-24\/helvetia-anlagestiftung-jan-baerthel-neu-im-stiftungsrat\/"},"author":{"name":"Alexander Wachter","@id":"https:\/\/www.immobilienbusiness.ch\/#\/schema\/person\/aba8bea2db926aa0c24c08c43fe1fcd5"},"headline":"Helvetia Anlagestiftung: Jan B\u00e4rthel neu im Stiftungsrat","datePublished":"2023-05-24T06:05:52+00:00","dateModified":"2023-06-22T14:55:16+00:00","mainEntityOfPage":{"@id":"https:\/\/www.immobilienbusiness.ch\/de\/personalia\/2023-05-24\/helvetia-anlagestiftung-jan-baerthel-neu-im-stiftungsrat\/"},"wordCount":136,"publisher":{"@id":"https:\/\/www.immobilienbusiness.ch\/#organization"},"image":{"@id":"https:\/\/www.immobilienbusiness.ch\/de\/personalia\/2023-05-24\/helvetia-anlagestiftung-jan-baerthel-neu-im-stiftungsrat\/#primaryimage"},"thumbnailUrl":"https:\/\/www.immobilienbusiness.ch\/wp-content\/uploads\/2022\/11\/Jan-Baerthel.png","keywords":["Helvetia Anlagestiftung","Personalia"],"articleSection":["PERSONALIA"],"inLanguage":"de"},{"@type":"WebPage","@id":"https:\/\/www.immobilienbusiness.ch\/de\/personalia\/2023-05-24\/helvetia-anlagestiftung-jan-baerthel-neu-im-stiftungsrat\/","url":"https:\/\/www.immobilienbusiness.ch\/de\/personalia\/2023-05-24\/helvetia-anlagestiftung-jan-baerthel-neu-im-stiftungsrat\/","name":"Helvetia Anlagestiftung: Jan B\u00e4rthel neu im Stiftungsrat - IMMOBILIEN Business","isPartOf":{"@id":"https:\/\/www.immobilienbusiness.ch\/#website"},"primaryImageOfPage":{"@id":"https:\/\/www.immobilienbusiness.ch\/de\/personalia\/2023-05-24\/helvetia-anlagestiftung-jan-baerthel-neu-im-stiftungsrat\/#primaryimage"},"image":{"@id":"https:\/\/www.immobilienbusiness.ch\/de\/personalia\/2023-05-24\/helvetia-anlagestiftung-jan-baerthel-neu-im-stiftungsrat\/#primaryimage"},"thumbnailUrl":"https:\/\/www.immobilienbusiness.ch\/wp-content\/uploads\/2022\/11\/Jan-Baerthel.png","datePublished":"2023-05-24T06:05:52+00:00","dateModified":"2023-06-22T14:55:16+00:00","description":"Die Helvetia Anlagestiftung berichtete auf ihrer Anlegerversammlung \u00fcber ein stattliches Wachstum im Gesch\u00e4ftsjahr 2022. Auf der Veranstaltung wurde zudem Jan B\u00e4rthel in den Stiftungsrat gew\u00e4hlt.","breadcrumb":{"@id":"https:\/\/www.immobilienbusiness.ch\/de\/personalia\/2023-05-24\/helvetia-anlagestiftung-jan-baerthel-neu-im-stiftungsrat\/#breadcrumb"},"inLanguage":"de","potentialAction":[{"@type":"ReadAction","target":["https:\/\/www.immobilienbusiness.ch\/de\/personalia\/2023-05-24\/helvetia-anlagestiftung-jan-baerthel-neu-im-stiftungsrat\/"]}]},{"@type":"ImageObject","inLanguage":"de","@id":"https:\/\/www.immobilienbusiness.ch\/de\/personalia\/2023-05-24\/helvetia-anlagestiftung-jan-baerthel-neu-im-stiftungsrat\/#primaryimage","url":"https:\/\/www.immobilienbusiness.ch\/wp-content\/uploads\/2022\/11\/Jan-Baerthel.png","contentUrl":"https:\/\/www.immobilienbusiness.ch\/wp-content\/uploads\/2022\/11\/Jan-Baerthel.png","width":982,"height":547,"caption":"Jan B\u00e4rthel (Bild: W\u00fcest Partner)"},{"@type":"BreadcrumbList","@id":"https:\/\/www.immobilienbusiness.ch\/de\/personalia\/2023-05-24\/helvetia-anlagestiftung-jan-baerthel-neu-im-stiftungsrat\/#breadcrumb","itemListElement":[{"@type":"ListItem","position":1,"name":"Home","item":"https:\/\/www.immobilienbusiness.ch\/"},{"@type":"ListItem","position":2,"name":"Helvetia Anlagestiftung: Jan B\u00e4rthel neu im Stiftungsrat"}]},{"@type":"WebSite","@id":"https:\/\/www.immobilienbusiness.ch\/#website","url":"https:\/\/www.immobilienbusiness.ch\/","name":"IMMOBILIEN Business","description":"Unabh\u00e4ngiges Schweizer Wirtschaftsmagazin mit Fokus auf Immobilien, Architektur- und Bau sowie Investment- und Finanzierung.","publisher":{"@id":"https:\/\/www.immobilienbusiness.ch\/#organization"},"potentialAction":[{"@type":"SearchAction","target":{"@type":"EntryPoint","urlTemplate":"https:\/\/www.immobilienbusiness.ch\/?s={search_term_string}"},"query-input":{"@type":"PropertyValueSpecification","valueRequired":true,"valueName":"search_term_string"}}],"inLanguage":"de"},{"@type":"Organization","@id":"https:\/\/www.immobilienbusiness.ch\/#organization","name":"IMMOBILIEN Business","url":"https:\/\/www.immobilienbusiness.ch\/","logo":{"@type":"ImageObject","inLanguage":"de","@id":"https:\/\/www.immobilienbusiness.ch\/#\/schema\/logo\/image\/","url":"https:\/\/www.immobilienbusiness.ch\/wp-content\/uploads\/2021\/07\/logo_ib.png","contentUrl":"https:\/\/www.immobilienbusiness.ch\/wp-content\/uploads\/2021\/07\/logo_ib.png","width":800,"height":181,"caption":"IMMOBILIEN Business"},"image":{"@id":"https:\/\/www.immobilienbusiness.ch\/#\/schema\/logo\/image\/"},"sameAs":["https:\/\/www.facebook.com\/immobilienbusiness\/"]},{"@type":"Person","@id":"https:\/\/www.immobilienbusiness.ch\/#\/schema\/person\/aba8bea2db926aa0c24c08c43fe1fcd5","name":"Alexander Wachter","image":{"@type":"ImageObject","inLanguage":"de","@id":"https:\/\/secure.gravatar.com\/avatar\/1a09e471f5389b0e0a6416eac287e0927c7c97a7b77f9e787eba3af7aee281dd?s=96&d=mm&r=g","url":"https:\/\/secure.gravatar.com\/avatar\/1a09e471f5389b0e0a6416eac287e0927c7c97a7b77f9e787eba3af7aee281dd?s=96&d=mm&r=g","contentUrl":"https:\/\/secure.gravatar.com\/avatar\/1a09e471f5389b0e0a6416eac287e0927c7c97a7b77f9e787eba3af7aee281dd?s=96&d=mm&r=g","caption":"Alexander Wachter"},"url":"https:\/\/www.immobilienbusiness.ch\/de\/author\/alexander-wachter\/"}]}},"_links":{"self":[{"href":"https:\/\/www.immobilienbusiness.ch\/de\/wp-json\/wp\/v2\/posts\/47083","targetHints":{"allow":["GET"]}}],"collection":[{"href":"https:\/\/www.immobilienbusiness.ch\/de\/wp-json\/wp\/v2\/posts"}],"about":[{"href":"https:\/\/www.immobilienbusiness.ch\/de\/wp-json\/wp\/v2\/types\/post"}],"author":[{"embeddable":true,"href":"https:\/\/www.immobilienbusiness.ch\/de\/wp-json\/wp\/v2\/users\/102"}],"replies":[{"embeddable":true,"href":"https:\/\/www.immobilienbusiness.ch\/de\/wp-json\/wp\/v2\/comments?post=47083"}],"version-history":[{"count":5,"href":"https:\/\/www.immobilienbusiness.ch\/de\/wp-json\/wp\/v2\/posts\/47083\/revisions"}],"predecessor-version":[{"id":47569,"href":"https:\/\/www.immobilienbusiness.ch\/de\/wp-json\/wp\/v2\/posts\/47083\/revisions\/47569"}],"wp:featuredmedia":[{"embeddable":true,"href":"https:\/\/www.immobilienbusiness.ch\/de\/wp-json\/wp\/v2\/media\/44857"}],"wp:attachment":[{"href":"https:\/\/www.immobilienbusiness.ch\/de\/wp-json\/wp\/v2\/media?parent=47083"}],"wp:term":[{"taxonomy":"category","embeddable":true,"href":"https:\/\/www.immobilienbusiness.ch\/de\/wp-json\/wp\/v2\/categories?post=47083"},{"taxonomy":"post_tag","embeddable":true,"href":"https:\/\/www.immobilienbusiness.ch\/de\/wp-json\/wp\/v2\/tags?post=47083"}],"curies":[{"name":"wp","href":"https:\/\/api.w.org\/{rel}","templated":true}]}}