{"id":46969,"date":"2023-05-12T07:19:40","date_gmt":"2023-05-12T05:19:40","guid":{"rendered":"https:\/\/www.immobilienbusiness.ch\/?p=46969"},"modified":"2023-06-22T17:17:49","modified_gmt":"2023-06-22T15:17:49","slug":"sustainable-real-estate-fonds-erhoeht-kapital-und-strebt-an-die-boerse","status":"publish","type":"post","link":"https:\/\/www.immobilienbusiness.ch\/de\/unternehmen\/2023-05-12\/sustainable-real-estate-fonds-erhoeht-kapital-und-strebt-an-die-boerse\/","title":{"rendered":"Sustainable Real Estate: Fonds erh\u00f6ht Kapital und strebt an die B\u00f6rse"},"content":{"rendered":"<figure id=\"attachment_14363\" aria-describedby=\"caption-attachment-14363\" style=\"width: 1000px\" class=\"wp-caption alignnone\"><a href=\"https:\/\/www.immobilienbusiness.ch\/wp-content\/uploads\/2018\/10\/Depositphotos_39937833_m-2015.jpg\"><img loading=\"lazy\" decoding=\"async\" class=\"wp-image-14363 size-full\" src=\"https:\/\/www.immobilienbusiness.ch\/wp-content\/uploads\/2018\/10\/Depositphotos_39937833_m-2015.jpg\" alt=\"Kapitalerh\u00f6hung\" width=\"1000\" height=\"668\" srcset=\"https:\/\/www.immobilienbusiness.ch\/wp-content\/uploads\/2018\/10\/Depositphotos_39937833_m-2015.jpg 1000w, https:\/\/www.immobilienbusiness.ch\/wp-content\/uploads\/2018\/10\/Depositphotos_39937833_m-2015-300x200.jpg 300w, https:\/\/www.immobilienbusiness.ch\/wp-content\/uploads\/2018\/10\/Depositphotos_39937833_m-2015-768x513.jpg 768w, https:\/\/www.immobilienbusiness.ch\/wp-content\/uploads\/2018\/10\/Depositphotos_39937833_m-2015-16x12.jpg 16w, https:\/\/www.immobilienbusiness.ch\/wp-content\/uploads\/2018\/10\/Depositphotos_39937833_m-2015-262x175.jpg 262w, https:\/\/www.immobilienbusiness.ch\/wp-content\/uploads\/2018\/10\/Depositphotos_39937833_m-2015-524x350.jpg 524w, https:\/\/www.immobilienbusiness.ch\/wp-content\/uploads\/2018\/10\/Depositphotos_39937833_m-2015-920x615.jpg 920w\" sizes=\"auto, (max-width: 1000px) 100vw, 1000px\" \/><\/a><figcaption id=\"caption-attachment-14363\" class=\"wp-caption-text\">Im August oder September soll der Fonds Sustainable Real Estate Switzerland an der B\u00f6se kotiert sein (Bild: bacho123456 &#8211; depositphotos)<\/figcaption><\/figure>\n<p>Die Mittel aus der Kapitalerh\u00f6hung sollen f\u00fcr weiteres Wachstum und tempor\u00e4r zur Senkung der Fremdfinanzierungsquote eingesetzt werden. F\u00fcr den schl\u00fcsselfertigen Kauf eines Neubaus und die Fertigstellung von zwei laufenden Neubauprojekten werden laut Fondsleitung rund 35 Mio. CHF ben\u00f6tigt:<\/p>\n<ul>\n<li>In Vernier (GE) \u00fcbernimmt der Fonds eine gemischt genutzte Liegenschaft mit 27 Wohnungen und 725 qm B\u00fcro- und Gewerbefl\u00e4chen nach Fertigstellung. Der Eigentums\u00fcbergang ist f\u00fcr Anfang Juni geplant. Das Gesamtinvestitionsvolumen betr\u00e4gt 18,7 Mio. CHF.<\/li>\n<li>In Lausanne (VD) entsteht ein Mehrfamilienhaus mit 29 Wohnungen. Die Fertigstellung erfolgt im Juni 2023. Das Gesamtinvestitionsvolumen betr\u00e4gt 22,9 Mio. CHF.<\/li>\n<li>Im Dezember 2022 wurde ein Baugrundst\u00fcck in Oensingen (SO) zur Errichtung von f\u00fcnf Mehrfamilienh\u00e4usern mit insgesamt 34 Wohnungen erworben. Die Fertigstellung ist f\u00fcr Februar 2025 geplant. Das Gesamtinvestitionsvolumen betr\u00e4gt 21,5 Mio. CHF<\/li>\n<\/ul>\n<p>Im Jahr 2024 wird die Liegenschaft in Corsier-sur-Vevey kernsaniert. Die Baubewilligung liegt vor. Die Investitionssumme betr\u00e4gt 7,5 Mio. CHF. Zudem sind mehrere Massnahmen zur Verbesserung der Nachhaltigkeit des Portfolios geplant.<\/p>\n<h3>B\u00f6rsengang bis September geplant<\/h3>\n<p>Vorbeh\u00e4ltlich der Zustimmung der Aktion\u00e4re an einer f\u00fcr Ende Juni 2023 vorgesehenen ausserordentlichen Generalversammlung und der Finma ist die Kotierung des Immobilienfonds Ende August oder Anfang September mit der Z\u00fcrcher Kantonalbank als Lead Managerin vorgesehen. Weiterhin teilt der Fonds mit, dass im November 2022 die Managementfee von 0,425 auf 0,400% reduziert wurde. Per April sei durch eine Neustrukturierung der Liegenschaftsverwaltung eine Kostensenkung erreicht worden, gleichzeitig habe die Sustainable Real Estate AG die Verantwortung f\u00fcr Assetmanagement, Transaktionsmanagement und Bauherrenvertretung \u00fcbernommen.<\/p>\n<h3>Verm\u00f6gensverwaltung k\u00fcnftig in Eigenregie<\/h3>\n<p>Per 1. Januar 2024 \u00fcbernimmt die Sustainable Real Estate AG zudem die Verm\u00f6gensverwaltung des Fonds von der Edmond de Rothschild REIM (Schweiz) AG. \u00abDie \u00dcbertragung der Verm\u00f6gensverwaltung auf den Fondssponsor Sustainable Real Estate AG erm\u00f6glicht eine weitere Reduktion der Komplexit\u00e4t und die Integration der Nachhaltigkeit in s\u00e4mtliche Kernprozesse\u00bb, sagt Marco Scheurer, Gesch\u00e4ftsf\u00fchrer Sustainable Real Estate AG. <i>(aw)<\/i><\/p>\n","protected":false},"excerpt":{"rendered":"<p>Der Fonds Sustainable Real Estate Switzerland will durch eine Kapitalerh\u00f6hung bis zu 85 Mio. CHF aufnehmen. Die Zeichnungsfrist l\u00e4uft vom 15. Mai bis zum 5. Juni.<\/p>\n","protected":false},"author":102,"featured_media":14363,"comment_status":"closed","ping_status":"closed","sticky":false,"template":"","format":"standard","meta":{"_acf_changed":false,"_yoast_wpseo_focuskw":"Kapitalerh\u00f6hung","_yoast_wpseo_title":"","_yoast_wpseo_metadesc":"Der Fonds Sustainable Real Estate Switzerland will durch eine Kapitalerh\u00f6hung bis zu 85 Mio. CHF aufnehmen. Die Zeichnungsfrist l\u00e4uft vom 15. Mai bis zum 5. Juni.","_yoast_wpseo_linkdex":52,"pgc_sgb_lightbox_settings":"","footnotes":""},"categories":[988],"tags":[1108,1344,1412,2198],"class_list":["post-46969","post","type-post","status-publish","format-standard","has-post-thumbnail","hentry","category-unternehmen","tag-boersengang","tag-immobilienfonds","tag-kapitalerhoehung","tag-sustainable-real-estate-switzerland"],"acf":[],"yoast_head":"<!-- This site is optimized with the Yoast SEO plugin v27.4 - https:\/\/yoast.com\/product\/yoast-seo-wordpress\/ -->\n<title>Sustainable Real Estate: Fonds erh\u00f6ht Kapital und strebt an die B\u00f6rse - IMMOBILIEN Business<\/title>\n<meta name=\"description\" content=\"Der Fonds Sustainable Real Estate Switzerland will durch eine Kapitalerh\u00f6hung bis zu 85 Mio. CHF aufnehmen. Die Zeichnungsfrist l\u00e4uft vom 15. Mai bis zum 5. Juni.\" \/>\n<meta name=\"robots\" content=\"index, follow, max-snippet:-1, max-image-preview:large, max-video-preview:-1\" \/>\n<link rel=\"canonical\" href=\"https:\/\/www.immobilienbusiness.ch\/de\/unternehmen\/2023-05-12\/sustainable-real-estate-fonds-erhoeht-kapital-und-strebt-an-die-boerse\/\" \/>\n<meta property=\"og:locale\" content=\"de_DE\" \/>\n<meta property=\"og:type\" content=\"article\" \/>\n<meta property=\"og:title\" content=\"Sustainable Real Estate: Fonds erh\u00f6ht Kapital und strebt an die B\u00f6rse - IMMOBILIEN Business\" \/>\n<meta property=\"og:description\" content=\"Der Fonds Sustainable Real Estate Switzerland will durch eine Kapitalerh\u00f6hung bis zu 85 Mio. CHF aufnehmen. Die Zeichnungsfrist l\u00e4uft vom 15. Mai bis zum 5. Juni.\" \/>\n<meta property=\"og:url\" content=\"https:\/\/www.immobilienbusiness.ch\/de\/unternehmen\/2023-05-12\/sustainable-real-estate-fonds-erhoeht-kapital-und-strebt-an-die-boerse\/\" \/>\n<meta property=\"og:site_name\" content=\"IMMOBILIEN Business\" \/>\n<meta property=\"article:publisher\" content=\"https:\/\/www.facebook.com\/immobilienbusiness\/\" \/>\n<meta property=\"article:published_time\" content=\"2023-05-12T05:19:40+00:00\" \/>\n<meta property=\"article:modified_time\" content=\"2023-06-22T15:17:49+00:00\" \/>\n<meta property=\"og:image\" content=\"https:\/\/www.immobilienbusiness.ch\/wp-content\/uploads\/2018\/10\/Depositphotos_39937833_m-2015.jpg\" \/>\n\t<meta property=\"og:image:width\" content=\"1000\" \/>\n\t<meta property=\"og:image:height\" content=\"668\" \/>\n\t<meta property=\"og:image:type\" content=\"image\/jpeg\" \/>\n<meta name=\"author\" content=\"Alexander Wachter\" \/>\n<meta name=\"twitter:card\" content=\"summary_large_image\" \/>\n<script type=\"application\/ld+json\" class=\"yoast-schema-graph\">{\"@context\":\"https:\\\/\\\/schema.org\",\"@graph\":[{\"@type\":\"Article\",\"@id\":\"https:\\\/\\\/www.immobilienbusiness.ch\\\/fr\\\/unternehmen\\\/2023-05-12\\\/sustainable-real-estate-fonds-erhoeht-kapital-und-strebt-an-die-boerse\\\/#article\",\"isPartOf\":{\"@id\":\"https:\\\/\\\/www.immobilienbusiness.ch\\\/fr\\\/unternehmen\\\/2023-05-12\\\/sustainable-real-estate-fonds-erhoeht-kapital-und-strebt-an-die-boerse\\\/\"},\"author\":{\"name\":\"Alexander Wachter\",\"@id\":\"https:\\\/\\\/www.immobilienbusiness.ch\\\/#\\\/schema\\\/person\\\/aba8bea2db926aa0c24c08c43fe1fcd5\"},\"headline\":\"Sustainable Real Estate: Fonds erh\u00f6ht Kapital und strebt an die B\u00f6rse\",\"datePublished\":\"2023-05-12T05:19:40+00:00\",\"dateModified\":\"2023-06-22T15:17:49+00:00\",\"mainEntityOfPage\":{\"@id\":\"https:\\\/\\\/www.immobilienbusiness.ch\\\/fr\\\/unternehmen\\\/2023-05-12\\\/sustainable-real-estate-fonds-erhoeht-kapital-und-strebt-an-die-boerse\\\/\"},\"wordCount\":354,\"publisher\":{\"@id\":\"https:\\\/\\\/www.immobilienbusiness.ch\\\/#organization\"},\"image\":{\"@id\":\"https:\\\/\\\/www.immobilienbusiness.ch\\\/fr\\\/unternehmen\\\/2023-05-12\\\/sustainable-real-estate-fonds-erhoeht-kapital-und-strebt-an-die-boerse\\\/#primaryimage\"},\"thumbnailUrl\":\"https:\\\/\\\/www.immobilienbusiness.ch\\\/wp-content\\\/uploads\\\/2018\\\/10\\\/Depositphotos_39937833_m-2015.jpg\",\"keywords\":[\"B\u00f6rsengang\",\"Immobilienfonds\",\"Kapitalerh\u00f6hung\",\"Sustainable Real Estate Switzerland\"],\"articleSection\":[\"UNTERNEHMEN\"],\"inLanguage\":\"de\"},{\"@type\":\"WebPage\",\"@id\":\"https:\\\/\\\/www.immobilienbusiness.ch\\\/fr\\\/unternehmen\\\/2023-05-12\\\/sustainable-real-estate-fonds-erhoeht-kapital-und-strebt-an-die-boerse\\\/\",\"url\":\"https:\\\/\\\/www.immobilienbusiness.ch\\\/fr\\\/unternehmen\\\/2023-05-12\\\/sustainable-real-estate-fonds-erhoeht-kapital-und-strebt-an-die-boerse\\\/\",\"name\":\"Sustainable Real Estate: Fonds erh\u00f6ht Kapital und strebt an die B\u00f6rse - IMMOBILIEN Business\",\"isPartOf\":{\"@id\":\"https:\\\/\\\/www.immobilienbusiness.ch\\\/#website\"},\"primaryImageOfPage\":{\"@id\":\"https:\\\/\\\/www.immobilienbusiness.ch\\\/fr\\\/unternehmen\\\/2023-05-12\\\/sustainable-real-estate-fonds-erhoeht-kapital-und-strebt-an-die-boerse\\\/#primaryimage\"},\"image\":{\"@id\":\"https:\\\/\\\/www.immobilienbusiness.ch\\\/fr\\\/unternehmen\\\/2023-05-12\\\/sustainable-real-estate-fonds-erhoeht-kapital-und-strebt-an-die-boerse\\\/#primaryimage\"},\"thumbnailUrl\":\"https:\\\/\\\/www.immobilienbusiness.ch\\\/wp-content\\\/uploads\\\/2018\\\/10\\\/Depositphotos_39937833_m-2015.jpg\",\"datePublished\":\"2023-05-12T05:19:40+00:00\",\"dateModified\":\"2023-06-22T15:17:49+00:00\",\"description\":\"Der Fonds Sustainable Real Estate Switzerland will durch eine Kapitalerh\u00f6hung bis zu 85 Mio. CHF aufnehmen. Die Zeichnungsfrist l\u00e4uft vom 15. Mai bis zum 5. Juni.\",\"breadcrumb\":{\"@id\":\"https:\\\/\\\/www.immobilienbusiness.ch\\\/fr\\\/unternehmen\\\/2023-05-12\\\/sustainable-real-estate-fonds-erhoeht-kapital-und-strebt-an-die-boerse\\\/#breadcrumb\"},\"inLanguage\":\"de\",\"potentialAction\":[{\"@type\":\"ReadAction\",\"target\":[\"https:\\\/\\\/www.immobilienbusiness.ch\\\/fr\\\/unternehmen\\\/2023-05-12\\\/sustainable-real-estate-fonds-erhoeht-kapital-und-strebt-an-die-boerse\\\/\"]}]},{\"@type\":\"ImageObject\",\"inLanguage\":\"de\",\"@id\":\"https:\\\/\\\/www.immobilienbusiness.ch\\\/fr\\\/unternehmen\\\/2023-05-12\\\/sustainable-real-estate-fonds-erhoeht-kapital-und-strebt-an-die-boerse\\\/#primaryimage\",\"url\":\"https:\\\/\\\/www.immobilienbusiness.ch\\\/wp-content\\\/uploads\\\/2018\\\/10\\\/Depositphotos_39937833_m-2015.jpg\",\"contentUrl\":\"https:\\\/\\\/www.immobilienbusiness.ch\\\/wp-content\\\/uploads\\\/2018\\\/10\\\/Depositphotos_39937833_m-2015.jpg\",\"width\":1000,\"height\":668,\"caption\":\"Ein weiterer Schweizer Immobilienfonds hat den Weg an die B\u00f6rse gefunden (Bild: bacho123456 - depositphotos)\"},{\"@type\":\"BreadcrumbList\",\"@id\":\"https:\\\/\\\/www.immobilienbusiness.ch\\\/fr\\\/unternehmen\\\/2023-05-12\\\/sustainable-real-estate-fonds-erhoeht-kapital-und-strebt-an-die-boerse\\\/#breadcrumb\",\"itemListElement\":[{\"@type\":\"ListItem\",\"position\":1,\"name\":\"Home\",\"item\":\"https:\\\/\\\/www.immobilienbusiness.ch\\\/\"},{\"@type\":\"ListItem\",\"position\":2,\"name\":\"Sustainable Real Estate: Fonds erh\u00f6ht Kapital und strebt an die B\u00f6rse\"}]},{\"@type\":\"WebSite\",\"@id\":\"https:\\\/\\\/www.immobilienbusiness.ch\\\/#website\",\"url\":\"https:\\\/\\\/www.immobilienbusiness.ch\\\/\",\"name\":\"IMMOBILIEN Business\",\"description\":\"Unabh\u00e4ngiges Schweizer Wirtschaftsmagazin mit Fokus auf Immobilien, Architektur- und Bau sowie Investment- und Finanzierung.\",\"publisher\":{\"@id\":\"https:\\\/\\\/www.immobilienbusiness.ch\\\/#organization\"},\"potentialAction\":[{\"@type\":\"SearchAction\",\"target\":{\"@type\":\"EntryPoint\",\"urlTemplate\":\"https:\\\/\\\/www.immobilienbusiness.ch\\\/?s={search_term_string}\"},\"query-input\":{\"@type\":\"PropertyValueSpecification\",\"valueRequired\":true,\"valueName\":\"search_term_string\"}}],\"inLanguage\":\"de\"},{\"@type\":\"Organization\",\"@id\":\"https:\\\/\\\/www.immobilienbusiness.ch\\\/#organization\",\"name\":\"IMMOBILIEN Business\",\"url\":\"https:\\\/\\\/www.immobilienbusiness.ch\\\/\",\"logo\":{\"@type\":\"ImageObject\",\"inLanguage\":\"de\",\"@id\":\"https:\\\/\\\/www.immobilienbusiness.ch\\\/#\\\/schema\\\/logo\\\/image\\\/\",\"url\":\"https:\\\/\\\/www.immobilienbusiness.ch\\\/wp-content\\\/uploads\\\/2021\\\/07\\\/logo_ib.png\",\"contentUrl\":\"https:\\\/\\\/www.immobilienbusiness.ch\\\/wp-content\\\/uploads\\\/2021\\\/07\\\/logo_ib.png\",\"width\":800,\"height\":181,\"caption\":\"IMMOBILIEN Business\"},\"image\":{\"@id\":\"https:\\\/\\\/www.immobilienbusiness.ch\\\/#\\\/schema\\\/logo\\\/image\\\/\"},\"sameAs\":[\"https:\\\/\\\/www.facebook.com\\\/immobilienbusiness\\\/\"]},{\"@type\":\"Person\",\"@id\":\"https:\\\/\\\/www.immobilienbusiness.ch\\\/#\\\/schema\\\/person\\\/aba8bea2db926aa0c24c08c43fe1fcd5\",\"name\":\"Alexander Wachter\",\"image\":{\"@type\":\"ImageObject\",\"inLanguage\":\"de\",\"@id\":\"https:\\\/\\\/secure.gravatar.com\\\/avatar\\\/1a09e471f5389b0e0a6416eac287e0927c7c97a7b77f9e787eba3af7aee281dd?s=96&d=mm&r=g\",\"url\":\"https:\\\/\\\/secure.gravatar.com\\\/avatar\\\/1a09e471f5389b0e0a6416eac287e0927c7c97a7b77f9e787eba3af7aee281dd?s=96&d=mm&r=g\",\"contentUrl\":\"https:\\\/\\\/secure.gravatar.com\\\/avatar\\\/1a09e471f5389b0e0a6416eac287e0927c7c97a7b77f9e787eba3af7aee281dd?s=96&d=mm&r=g\",\"caption\":\"Alexander Wachter\"},\"url\":\"https:\\\/\\\/www.immobilienbusiness.ch\\\/de\\\/author\\\/alexander-wachter\\\/\"}]}<\/script>\n<!-- \/ Yoast SEO plugin. -->","yoast_head_json":{"title":"Sustainable Real Estate: Fonds erh\u00f6ht Kapital und strebt an die B\u00f6rse - IMMOBILIEN Business","description":"Der Fonds Sustainable Real Estate Switzerland will durch eine Kapitalerh\u00f6hung bis zu 85 Mio. CHF aufnehmen. Die Zeichnungsfrist l\u00e4uft vom 15. Mai bis zum 5. Juni.","robots":{"index":"index","follow":"follow","max-snippet":"max-snippet:-1","max-image-preview":"max-image-preview:large","max-video-preview":"max-video-preview:-1"},"canonical":"https:\/\/www.immobilienbusiness.ch\/de\/unternehmen\/2023-05-12\/sustainable-real-estate-fonds-erhoeht-kapital-und-strebt-an-die-boerse\/","og_locale":"de_DE","og_type":"article","og_title":"Sustainable Real Estate: Fonds erh\u00f6ht Kapital und strebt an die B\u00f6rse - IMMOBILIEN Business","og_description":"Der Fonds Sustainable Real Estate Switzerland will durch eine Kapitalerh\u00f6hung bis zu 85 Mio. CHF aufnehmen. Die Zeichnungsfrist l\u00e4uft vom 15. Mai bis zum 5. Juni.","og_url":"https:\/\/www.immobilienbusiness.ch\/de\/unternehmen\/2023-05-12\/sustainable-real-estate-fonds-erhoeht-kapital-und-strebt-an-die-boerse\/","og_site_name":"IMMOBILIEN Business","article_publisher":"https:\/\/www.facebook.com\/immobilienbusiness\/","article_published_time":"2023-05-12T05:19:40+00:00","article_modified_time":"2023-06-22T15:17:49+00:00","og_image":[{"width":1000,"height":668,"url":"https:\/\/www.immobilienbusiness.ch\/wp-content\/uploads\/2018\/10\/Depositphotos_39937833_m-2015.jpg","type":"image\/jpeg"}],"author":"Alexander Wachter","twitter_card":"summary_large_image","schema":{"@context":"https:\/\/schema.org","@graph":[{"@type":"Article","@id":"https:\/\/www.immobilienbusiness.ch\/fr\/unternehmen\/2023-05-12\/sustainable-real-estate-fonds-erhoeht-kapital-und-strebt-an-die-boerse\/#article","isPartOf":{"@id":"https:\/\/www.immobilienbusiness.ch\/fr\/unternehmen\/2023-05-12\/sustainable-real-estate-fonds-erhoeht-kapital-und-strebt-an-die-boerse\/"},"author":{"name":"Alexander Wachter","@id":"https:\/\/www.immobilienbusiness.ch\/#\/schema\/person\/aba8bea2db926aa0c24c08c43fe1fcd5"},"headline":"Sustainable Real Estate: Fonds erh\u00f6ht Kapital und strebt an die B\u00f6rse","datePublished":"2023-05-12T05:19:40+00:00","dateModified":"2023-06-22T15:17:49+00:00","mainEntityOfPage":{"@id":"https:\/\/www.immobilienbusiness.ch\/fr\/unternehmen\/2023-05-12\/sustainable-real-estate-fonds-erhoeht-kapital-und-strebt-an-die-boerse\/"},"wordCount":354,"publisher":{"@id":"https:\/\/www.immobilienbusiness.ch\/#organization"},"image":{"@id":"https:\/\/www.immobilienbusiness.ch\/fr\/unternehmen\/2023-05-12\/sustainable-real-estate-fonds-erhoeht-kapital-und-strebt-an-die-boerse\/#primaryimage"},"thumbnailUrl":"https:\/\/www.immobilienbusiness.ch\/wp-content\/uploads\/2018\/10\/Depositphotos_39937833_m-2015.jpg","keywords":["B\u00f6rsengang","Immobilienfonds","Kapitalerh\u00f6hung","Sustainable Real Estate Switzerland"],"articleSection":["UNTERNEHMEN"],"inLanguage":"de"},{"@type":"WebPage","@id":"https:\/\/www.immobilienbusiness.ch\/fr\/unternehmen\/2023-05-12\/sustainable-real-estate-fonds-erhoeht-kapital-und-strebt-an-die-boerse\/","url":"https:\/\/www.immobilienbusiness.ch\/fr\/unternehmen\/2023-05-12\/sustainable-real-estate-fonds-erhoeht-kapital-und-strebt-an-die-boerse\/","name":"Sustainable Real Estate: Fonds erh\u00f6ht Kapital und strebt an die B\u00f6rse - IMMOBILIEN Business","isPartOf":{"@id":"https:\/\/www.immobilienbusiness.ch\/#website"},"primaryImageOfPage":{"@id":"https:\/\/www.immobilienbusiness.ch\/fr\/unternehmen\/2023-05-12\/sustainable-real-estate-fonds-erhoeht-kapital-und-strebt-an-die-boerse\/#primaryimage"},"image":{"@id":"https:\/\/www.immobilienbusiness.ch\/fr\/unternehmen\/2023-05-12\/sustainable-real-estate-fonds-erhoeht-kapital-und-strebt-an-die-boerse\/#primaryimage"},"thumbnailUrl":"https:\/\/www.immobilienbusiness.ch\/wp-content\/uploads\/2018\/10\/Depositphotos_39937833_m-2015.jpg","datePublished":"2023-05-12T05:19:40+00:00","dateModified":"2023-06-22T15:17:49+00:00","description":"Der Fonds Sustainable Real Estate Switzerland will durch eine Kapitalerh\u00f6hung bis zu 85 Mio. CHF aufnehmen. Die Zeichnungsfrist l\u00e4uft vom 15. Mai bis zum 5. Juni.","breadcrumb":{"@id":"https:\/\/www.immobilienbusiness.ch\/fr\/unternehmen\/2023-05-12\/sustainable-real-estate-fonds-erhoeht-kapital-und-strebt-an-die-boerse\/#breadcrumb"},"inLanguage":"de","potentialAction":[{"@type":"ReadAction","target":["https:\/\/www.immobilienbusiness.ch\/fr\/unternehmen\/2023-05-12\/sustainable-real-estate-fonds-erhoeht-kapital-und-strebt-an-die-boerse\/"]}]},{"@type":"ImageObject","inLanguage":"de","@id":"https:\/\/www.immobilienbusiness.ch\/fr\/unternehmen\/2023-05-12\/sustainable-real-estate-fonds-erhoeht-kapital-und-strebt-an-die-boerse\/#primaryimage","url":"https:\/\/www.immobilienbusiness.ch\/wp-content\/uploads\/2018\/10\/Depositphotos_39937833_m-2015.jpg","contentUrl":"https:\/\/www.immobilienbusiness.ch\/wp-content\/uploads\/2018\/10\/Depositphotos_39937833_m-2015.jpg","width":1000,"height":668,"caption":"Ein weiterer Schweizer Immobilienfonds hat den Weg an die B\u00f6rse gefunden (Bild: bacho123456 - depositphotos)"},{"@type":"BreadcrumbList","@id":"https:\/\/www.immobilienbusiness.ch\/fr\/unternehmen\/2023-05-12\/sustainable-real-estate-fonds-erhoeht-kapital-und-strebt-an-die-boerse\/#breadcrumb","itemListElement":[{"@type":"ListItem","position":1,"name":"Home","item":"https:\/\/www.immobilienbusiness.ch\/"},{"@type":"ListItem","position":2,"name":"Sustainable Real Estate: Fonds erh\u00f6ht Kapital und strebt an die B\u00f6rse"}]},{"@type":"WebSite","@id":"https:\/\/www.immobilienbusiness.ch\/#website","url":"https:\/\/www.immobilienbusiness.ch\/","name":"IMMOBILIEN Business","description":"Unabh\u00e4ngiges Schweizer Wirtschaftsmagazin mit Fokus auf Immobilien, Architektur- und Bau sowie Investment- und Finanzierung.","publisher":{"@id":"https:\/\/www.immobilienbusiness.ch\/#organization"},"potentialAction":[{"@type":"SearchAction","target":{"@type":"EntryPoint","urlTemplate":"https:\/\/www.immobilienbusiness.ch\/?s={search_term_string}"},"query-input":{"@type":"PropertyValueSpecification","valueRequired":true,"valueName":"search_term_string"}}],"inLanguage":"de"},{"@type":"Organization","@id":"https:\/\/www.immobilienbusiness.ch\/#organization","name":"IMMOBILIEN Business","url":"https:\/\/www.immobilienbusiness.ch\/","logo":{"@type":"ImageObject","inLanguage":"de","@id":"https:\/\/www.immobilienbusiness.ch\/#\/schema\/logo\/image\/","url":"https:\/\/www.immobilienbusiness.ch\/wp-content\/uploads\/2021\/07\/logo_ib.png","contentUrl":"https:\/\/www.immobilienbusiness.ch\/wp-content\/uploads\/2021\/07\/logo_ib.png","width":800,"height":181,"caption":"IMMOBILIEN Business"},"image":{"@id":"https:\/\/www.immobilienbusiness.ch\/#\/schema\/logo\/image\/"},"sameAs":["https:\/\/www.facebook.com\/immobilienbusiness\/"]},{"@type":"Person","@id":"https:\/\/www.immobilienbusiness.ch\/#\/schema\/person\/aba8bea2db926aa0c24c08c43fe1fcd5","name":"Alexander Wachter","image":{"@type":"ImageObject","inLanguage":"de","@id":"https:\/\/secure.gravatar.com\/avatar\/1a09e471f5389b0e0a6416eac287e0927c7c97a7b77f9e787eba3af7aee281dd?s=96&d=mm&r=g","url":"https:\/\/secure.gravatar.com\/avatar\/1a09e471f5389b0e0a6416eac287e0927c7c97a7b77f9e787eba3af7aee281dd?s=96&d=mm&r=g","contentUrl":"https:\/\/secure.gravatar.com\/avatar\/1a09e471f5389b0e0a6416eac287e0927c7c97a7b77f9e787eba3af7aee281dd?s=96&d=mm&r=g","caption":"Alexander Wachter"},"url":"https:\/\/www.immobilienbusiness.ch\/de\/author\/alexander-wachter\/"}]}},"_links":{"self":[{"href":"https:\/\/www.immobilienbusiness.ch\/de\/wp-json\/wp\/v2\/posts\/46969","targetHints":{"allow":["GET"]}}],"collection":[{"href":"https:\/\/www.immobilienbusiness.ch\/de\/wp-json\/wp\/v2\/posts"}],"about":[{"href":"https:\/\/www.immobilienbusiness.ch\/de\/wp-json\/wp\/v2\/types\/post"}],"author":[{"embeddable":true,"href":"https:\/\/www.immobilienbusiness.ch\/de\/wp-json\/wp\/v2\/users\/102"}],"replies":[{"embeddable":true,"href":"https:\/\/www.immobilienbusiness.ch\/de\/wp-json\/wp\/v2\/comments?post=46969"}],"version-history":[{"count":5,"href":"https:\/\/www.immobilienbusiness.ch\/de\/wp-json\/wp\/v2\/posts\/46969\/revisions"}],"predecessor-version":[{"id":47606,"href":"https:\/\/www.immobilienbusiness.ch\/de\/wp-json\/wp\/v2\/posts\/46969\/revisions\/47606"}],"wp:featuredmedia":[{"embeddable":true,"href":"https:\/\/www.immobilienbusiness.ch\/de\/wp-json\/wp\/v2\/media\/14363"}],"wp:attachment":[{"href":"https:\/\/www.immobilienbusiness.ch\/de\/wp-json\/wp\/v2\/media?parent=46969"}],"wp:term":[{"taxonomy":"category","embeddable":true,"href":"https:\/\/www.immobilienbusiness.ch\/de\/wp-json\/wp\/v2\/categories?post=46969"},{"taxonomy":"post_tag","embeddable":true,"href":"https:\/\/www.immobilienbusiness.ch\/de\/wp-json\/wp\/v2\/tags?post=46969"}],"curies":[{"name":"wp","href":"https:\/\/api.w.org\/{rel}","templated":true}]}}