{"id":46911,"date":"2023-05-09T08:00:22","date_gmt":"2023-05-09T06:00:22","guid":{"rendered":"https:\/\/www.immobilienbusiness.ch\/?p=46911"},"modified":"2023-06-22T17:24:16","modified_gmt":"2023-06-22T15:24:16","slug":"zuerich-neuer-glanz-fuer-die-sihlporte","status":"publish","type":"post","link":"https:\/\/www.immobilienbusiness.ch\/de\/regionen\/2023-05-09\/zuerich-neuer-glanz-fuer-die-sihlporte\/","title":{"rendered":"Z\u00fcrich: Neuer Glanz f\u00fcr die Sihlporte"},"content":{"rendered":"<div class=\"_rp_k allowTextSelection scrollContainer\" tabindex=\"-1\" role=\"region\" aria-label=\"Lesebereich\">\n<div>\n<div class=\"_rp_l\" role=\"heading\" aria-level=\"2\">\n<figure id=\"attachment_46916\" aria-describedby=\"caption-attachment-46916\" style=\"width: 822px\" class=\"wp-caption alignnone\"><a href=\"https:\/\/www.immobilienbusiness.ch\/wp-content\/uploads\/2023\/05\/Sihlporte.png\"><img loading=\"lazy\" decoding=\"async\" class=\"wp-image-46916 size-full\" src=\"https:\/\/www.immobilienbusiness.ch\/wp-content\/uploads\/2023\/05\/Sihlporte.png\" alt=\"Axa\" width=\"822\" height=\"573\" srcset=\"https:\/\/www.immobilienbusiness.ch\/wp-content\/uploads\/2023\/05\/Sihlporte.png 822w, https:\/\/www.immobilienbusiness.ch\/wp-content\/uploads\/2023\/05\/Sihlporte-300x209.png 300w, https:\/\/www.immobilienbusiness.ch\/wp-content\/uploads\/2023\/05\/Sihlporte-768x535.png 768w, https:\/\/www.immobilienbusiness.ch\/wp-content\/uploads\/2023\/05\/Sihlporte-18x12.png 18w, https:\/\/www.immobilienbusiness.ch\/wp-content\/uploads\/2023\/05\/Sihlporte-375x261.png 375w, https:\/\/www.immobilienbusiness.ch\/wp-content\/uploads\/2023\/05\/Sihlporte-502x350.png 502w\" sizes=\"auto, (max-width: 822px) 100vw, 822px\" \/><\/a><figcaption id=\"caption-attachment-46916\" class=\"wp-caption-text\">So soll die Sihlporte nach der Modernisierung aussehen (Visualisierung zVg)<\/figcaption><\/figure>\n<p>Einst Stadttor von Z\u00fcrich, blickt die Sihlporte auf eine \u00fcber 360-j\u00e4hrige Geschichte zur\u00fcck. Sie war eines der wichtigsten Tore der Stadt, weil sie den einzigen Stadtzugang linksseitig der Limmat bildete. In den 1930er Jahren ist an der Sihlporte ein Gesch\u00e4ftszentrum entstanden, welches bis heute das Stadtbild von Z\u00fcrich pr\u00e4gt.<\/p>\n<p>Das Geb\u00e4ude an der Ecke L\u00f6wenstrasse 1+3\/Sihlstrasse 46 z\u00e4hlt seit 2021 zum Geb\u00e4udebestand der Axa Anlagestiftung, welche das bald 100-j\u00e4hrige Geb\u00e4ude dieses Jahr renovieren und an die heutigen Anforderungen anpassen wird. \u00abWir freuen uns, dieses historische Geb\u00e4ude nun aus seinem Dornr\u00f6schenschlaf zu holen und ihm zu neuem Glanz zu verhelfen\u00bb, sagt Stephanie Oefele, Asset Managerin bei Axa Investment Managers Schweiz AG.<\/p>\n<\/div>\n<\/div>\n<\/div>\n<div class=\"_rp_45\">\n<div role=\"document\">\n<div id=\"Item.MessagePartBody\" class=\"_rp_T4\">\n<div id=\"Item.MessageUniqueBody\" class=\"_rp_U4 ms-font-weight-regular ms-font-color-neutralDark rpHighlightAllClass rpHighlightBodyClass\">\n<div class=\"rps_b0e6\">\n<div>\n<div dir=\"ltr\">\n<div id=\"x_divtagdefaultwrapper\" dir=\"ltr\">\n<div>\n<p class=\"x_MsoNormal\">Den Angaben zufolge sollen die Fassaden des denkmalgesch\u00fctzten Geb\u00e4udes aus dem Jahr 1926\/27 unter Wahrung des Zeitgeists saniert werden und im Parterre neue Schaufensteranlagen entstehen. Das Vordach wird entfernt, womit sich das Geb\u00e4ude wieder an die Gestaltung des fr\u00fchen letzten Jahrhunderts anlehnt. Die Haustechnik (K\u00fchlung\/L\u00fcftung) der \u00fcberhohen B\u00fcrofl\u00e4chen wird modernisiert. In den kommenden Jahren soll das Geb\u00e4ude \u00fcber einen Fernw\u00e4rmeverbund beheizt werden; zudem will man eine Photovoltaikanlage auf dem Dach installieren. Die Bauarbeiten starten im Sommer 2023 und dauern bis ungef\u00e4hr Herbst 2024.<\/p>\n<p class=\"x_MsoNormal\">Ein Hauptmieter f\u00fcr das renovierte Geb\u00e4ude hat Axa Investment Management bereits gefunden: Im Sommer 2024 wird die Beratungsfirma Marsh McLennan, bestehend aus Marsh, Mercer, Guy Carpenter und Oliver Wyman, ins Geb\u00e4ude einziehen. \u00abDie zentrale Lage in Z\u00fcrich, verbunden mit dem historischen Flair der Sihlporte, hat uns den Entscheid f\u00fcr diesen Standort einfach gemacht\u00bb, sagt Samuel Lisse, MarshMcLennan CEO Switzerland. <em>(bw)<\/em><\/p>\n<p class=\"x_MsoNormal\">\n<\/div>\n<\/div>\n<\/div>\n<\/div>\n<\/div>\n<\/div>\n<\/div>\n<\/div>\n<\/div>\n","protected":false},"excerpt":{"rendered":"<p>Das geschichtstr\u00e4chtige Geb\u00e4ude an der L\u00f6wenstrasse 1+3, Teil der Z\u00fcrcher Sihlporte, wird von der Axa Anlagestiftung ab diesem Sommer restauriert. Eine neue Hauptmieterin ab Sommer 2024 ist bereits gefunden.<\/p>\n","protected":false},"author":102,"featured_media":46916,"comment_status":"closed","ping_status":"closed","sticky":false,"template":"","format":"standard","meta":{"_acf_changed":false,"_yoast_wpseo_focuskw":"Axa","_yoast_wpseo_title":"","_yoast_wpseo_metadesc":"Das geschichtstr\u00e4chtige Geb\u00e4ude an der L\u00f6wenstrasse 1 + 3, Teil der Z\u00fcrcher Sihlporte, wird von der Axa Anlagestiftung ab diesem Sommer restauriert.","_yoast_wpseo_linkdex":59,"pgc_sgb_lightbox_settings":"","footnotes":""},"categories":[985],"tags":[1057,1600,1832,1888],"class_list":["post-46911","post","type-post","status-publish","format-standard","has-post-thumbnail","hentry","category-regionen","tag-axa","tag-projekt-in-planung","tag-vermietung","tag-zuerich"],"acf":[],"yoast_head":"<!-- This site is optimized with the Yoast SEO plugin v27.4 - https:\/\/yoast.com\/product\/yoast-seo-wordpress\/ -->\n<title>Z\u00fcrich: Neuer Glanz f\u00fcr die Sihlporte - IMMOBILIEN Business<\/title>\n<meta name=\"description\" content=\"Das geschichtstr\u00e4chtige Geb\u00e4ude an der L\u00f6wenstrasse 1 + 3, Teil der Z\u00fcrcher Sihlporte, wird von der Axa Anlagestiftung ab diesem Sommer restauriert.\" \/>\n<meta name=\"robots\" content=\"index, follow, max-snippet:-1, max-image-preview:large, max-video-preview:-1\" \/>\n<link rel=\"canonical\" href=\"https:\/\/www.immobilienbusiness.ch\/de\/regionen\/2023-05-09\/zuerich-neuer-glanz-fuer-die-sihlporte\/\" \/>\n<meta property=\"og:locale\" content=\"de_DE\" \/>\n<meta property=\"og:type\" content=\"article\" \/>\n<meta property=\"og:title\" content=\"Z\u00fcrich: Neuer Glanz f\u00fcr die Sihlporte - IMMOBILIEN Business\" \/>\n<meta property=\"og:description\" content=\"Das geschichtstr\u00e4chtige Geb\u00e4ude an der L\u00f6wenstrasse 1 + 3, Teil der Z\u00fcrcher Sihlporte, wird von der Axa Anlagestiftung ab diesem Sommer restauriert.\" \/>\n<meta property=\"og:url\" content=\"https:\/\/www.immobilienbusiness.ch\/de\/regionen\/2023-05-09\/zuerich-neuer-glanz-fuer-die-sihlporte\/\" \/>\n<meta property=\"og:site_name\" content=\"IMMOBILIEN Business\" \/>\n<meta property=\"article:publisher\" content=\"https:\/\/www.facebook.com\/immobilienbusiness\/\" \/>\n<meta property=\"article:published_time\" content=\"2023-05-09T06:00:22+00:00\" \/>\n<meta property=\"article:modified_time\" content=\"2023-06-22T15:24:16+00:00\" \/>\n<meta property=\"og:image\" content=\"https:\/\/www.immobilienbusiness.ch\/wp-content\/uploads\/2023\/05\/Sihlporte.png\" \/>\n\t<meta property=\"og:image:width\" content=\"822\" \/>\n\t<meta property=\"og:image:height\" content=\"573\" \/>\n\t<meta property=\"og:image:type\" content=\"image\/png\" \/>\n<meta name=\"author\" content=\"Alexander Wachter\" \/>\n<meta name=\"twitter:card\" content=\"summary_large_image\" \/>\n<script type=\"application\/ld+json\" class=\"yoast-schema-graph\">{\"@context\":\"https:\\\/\\\/schema.org\",\"@graph\":[{\"@type\":\"Article\",\"@id\":\"https:\\\/\\\/www.immobilienbusiness.ch\\\/de\\\/regionen\\\/2023-05-09\\\/zuerich-neuer-glanz-fuer-die-sihlporte\\\/#article\",\"isPartOf\":{\"@id\":\"https:\\\/\\\/www.immobilienbusiness.ch\\\/de\\\/regionen\\\/2023-05-09\\\/zuerich-neuer-glanz-fuer-die-sihlporte\\\/\"},\"author\":{\"name\":\"Alexander Wachter\",\"@id\":\"https:\\\/\\\/www.immobilienbusiness.ch\\\/#\\\/schema\\\/person\\\/aba8bea2db926aa0c24c08c43fe1fcd5\"},\"headline\":\"Z\u00fcrich: Neuer Glanz f\u00fcr die Sihlporte\",\"datePublished\":\"2023-05-09T06:00:22+00:00\",\"dateModified\":\"2023-06-22T15:24:16+00:00\",\"mainEntityOfPage\":{\"@id\":\"https:\\\/\\\/www.immobilienbusiness.ch\\\/de\\\/regionen\\\/2023-05-09\\\/zuerich-neuer-glanz-fuer-die-sihlporte\\\/\"},\"wordCount\":303,\"publisher\":{\"@id\":\"https:\\\/\\\/www.immobilienbusiness.ch\\\/#organization\"},\"image\":{\"@id\":\"https:\\\/\\\/www.immobilienbusiness.ch\\\/de\\\/regionen\\\/2023-05-09\\\/zuerich-neuer-glanz-fuer-die-sihlporte\\\/#primaryimage\"},\"thumbnailUrl\":\"https:\\\/\\\/www.immobilienbusiness.ch\\\/wp-content\\\/uploads\\\/2023\\\/05\\\/Sihlporte.png\",\"keywords\":[\"Axa\",\"Projekt in Planung\",\"Vermietung\",\"Z\u00fcrich\"],\"articleSection\":[\"REGIONEN\"],\"inLanguage\":\"de\"},{\"@type\":\"WebPage\",\"@id\":\"https:\\\/\\\/www.immobilienbusiness.ch\\\/de\\\/regionen\\\/2023-05-09\\\/zuerich-neuer-glanz-fuer-die-sihlporte\\\/\",\"url\":\"https:\\\/\\\/www.immobilienbusiness.ch\\\/de\\\/regionen\\\/2023-05-09\\\/zuerich-neuer-glanz-fuer-die-sihlporte\\\/\",\"name\":\"Z\u00fcrich: Neuer Glanz f\u00fcr die Sihlporte - IMMOBILIEN Business\",\"isPartOf\":{\"@id\":\"https:\\\/\\\/www.immobilienbusiness.ch\\\/#website\"},\"primaryImageOfPage\":{\"@id\":\"https:\\\/\\\/www.immobilienbusiness.ch\\\/de\\\/regionen\\\/2023-05-09\\\/zuerich-neuer-glanz-fuer-die-sihlporte\\\/#primaryimage\"},\"image\":{\"@id\":\"https:\\\/\\\/www.immobilienbusiness.ch\\\/de\\\/regionen\\\/2023-05-09\\\/zuerich-neuer-glanz-fuer-die-sihlporte\\\/#primaryimage\"},\"thumbnailUrl\":\"https:\\\/\\\/www.immobilienbusiness.ch\\\/wp-content\\\/uploads\\\/2023\\\/05\\\/Sihlporte.png\",\"datePublished\":\"2023-05-09T06:00:22+00:00\",\"dateModified\":\"2023-06-22T15:24:16+00:00\",\"description\":\"Das geschichtstr\u00e4chtige Geb\u00e4ude an der L\u00f6wenstrasse 1 + 3, Teil der Z\u00fcrcher Sihlporte, wird von der Axa Anlagestiftung ab diesem Sommer restauriert.\",\"breadcrumb\":{\"@id\":\"https:\\\/\\\/www.immobilienbusiness.ch\\\/de\\\/regionen\\\/2023-05-09\\\/zuerich-neuer-glanz-fuer-die-sihlporte\\\/#breadcrumb\"},\"inLanguage\":\"de\",\"potentialAction\":[{\"@type\":\"ReadAction\",\"target\":[\"https:\\\/\\\/www.immobilienbusiness.ch\\\/de\\\/regionen\\\/2023-05-09\\\/zuerich-neuer-glanz-fuer-die-sihlporte\\\/\"]}]},{\"@type\":\"ImageObject\",\"inLanguage\":\"de\",\"@id\":\"https:\\\/\\\/www.immobilienbusiness.ch\\\/de\\\/regionen\\\/2023-05-09\\\/zuerich-neuer-glanz-fuer-die-sihlporte\\\/#primaryimage\",\"url\":\"https:\\\/\\\/www.immobilienbusiness.ch\\\/wp-content\\\/uploads\\\/2023\\\/05\\\/Sihlporte.png\",\"contentUrl\":\"https:\\\/\\\/www.immobilienbusiness.ch\\\/wp-content\\\/uploads\\\/2023\\\/05\\\/Sihlporte.png\",\"width\":822,\"height\":573,\"caption\":\"So soll die Sihlporte nach der Modernisierung aussehen (Visualisierung zVg)\"},{\"@type\":\"BreadcrumbList\",\"@id\":\"https:\\\/\\\/www.immobilienbusiness.ch\\\/de\\\/regionen\\\/2023-05-09\\\/zuerich-neuer-glanz-fuer-die-sihlporte\\\/#breadcrumb\",\"itemListElement\":[{\"@type\":\"ListItem\",\"position\":1,\"name\":\"Home\",\"item\":\"https:\\\/\\\/www.immobilienbusiness.ch\\\/\"},{\"@type\":\"ListItem\",\"position\":2,\"name\":\"Z\u00fcrich: Neuer Glanz f\u00fcr die Sihlporte\"}]},{\"@type\":\"WebSite\",\"@id\":\"https:\\\/\\\/www.immobilienbusiness.ch\\\/#website\",\"url\":\"https:\\\/\\\/www.immobilienbusiness.ch\\\/\",\"name\":\"IMMOBILIEN Business\",\"description\":\"Unabh\u00e4ngiges Schweizer Wirtschaftsmagazin mit Fokus auf Immobilien, Architektur- und Bau sowie Investment- und Finanzierung.\",\"publisher\":{\"@id\":\"https:\\\/\\\/www.immobilienbusiness.ch\\\/#organization\"},\"potentialAction\":[{\"@type\":\"SearchAction\",\"target\":{\"@type\":\"EntryPoint\",\"urlTemplate\":\"https:\\\/\\\/www.immobilienbusiness.ch\\\/?s={search_term_string}\"},\"query-input\":{\"@type\":\"PropertyValueSpecification\",\"valueRequired\":true,\"valueName\":\"search_term_string\"}}],\"inLanguage\":\"de\"},{\"@type\":\"Organization\",\"@id\":\"https:\\\/\\\/www.immobilienbusiness.ch\\\/#organization\",\"name\":\"IMMOBILIEN Business\",\"url\":\"https:\\\/\\\/www.immobilienbusiness.ch\\\/\",\"logo\":{\"@type\":\"ImageObject\",\"inLanguage\":\"de\",\"@id\":\"https:\\\/\\\/www.immobilienbusiness.ch\\\/#\\\/schema\\\/logo\\\/image\\\/\",\"url\":\"https:\\\/\\\/www.immobilienbusiness.ch\\\/wp-content\\\/uploads\\\/2021\\\/07\\\/logo_ib.png\",\"contentUrl\":\"https:\\\/\\\/www.immobilienbusiness.ch\\\/wp-content\\\/uploads\\\/2021\\\/07\\\/logo_ib.png\",\"width\":800,\"height\":181,\"caption\":\"IMMOBILIEN Business\"},\"image\":{\"@id\":\"https:\\\/\\\/www.immobilienbusiness.ch\\\/#\\\/schema\\\/logo\\\/image\\\/\"},\"sameAs\":[\"https:\\\/\\\/www.facebook.com\\\/immobilienbusiness\\\/\"]},{\"@type\":\"Person\",\"@id\":\"https:\\\/\\\/www.immobilienbusiness.ch\\\/#\\\/schema\\\/person\\\/aba8bea2db926aa0c24c08c43fe1fcd5\",\"name\":\"Alexander Wachter\",\"image\":{\"@type\":\"ImageObject\",\"inLanguage\":\"de\",\"@id\":\"https:\\\/\\\/secure.gravatar.com\\\/avatar\\\/1a09e471f5389b0e0a6416eac287e0927c7c97a7b77f9e787eba3af7aee281dd?s=96&d=mm&r=g\",\"url\":\"https:\\\/\\\/secure.gravatar.com\\\/avatar\\\/1a09e471f5389b0e0a6416eac287e0927c7c97a7b77f9e787eba3af7aee281dd?s=96&d=mm&r=g\",\"contentUrl\":\"https:\\\/\\\/secure.gravatar.com\\\/avatar\\\/1a09e471f5389b0e0a6416eac287e0927c7c97a7b77f9e787eba3af7aee281dd?s=96&d=mm&r=g\",\"caption\":\"Alexander Wachter\"},\"url\":\"https:\\\/\\\/www.immobilienbusiness.ch\\\/de\\\/author\\\/alexander-wachter\\\/\"}]}<\/script>\n<!-- \/ Yoast SEO plugin. -->","yoast_head_json":{"title":"Z\u00fcrich: Neuer Glanz f\u00fcr die Sihlporte - IMMOBILIEN Business","description":"Das geschichtstr\u00e4chtige Geb\u00e4ude an der L\u00f6wenstrasse 1 + 3, Teil der Z\u00fcrcher Sihlporte, wird von der Axa Anlagestiftung ab diesem Sommer restauriert.","robots":{"index":"index","follow":"follow","max-snippet":"max-snippet:-1","max-image-preview":"max-image-preview:large","max-video-preview":"max-video-preview:-1"},"canonical":"https:\/\/www.immobilienbusiness.ch\/de\/regionen\/2023-05-09\/zuerich-neuer-glanz-fuer-die-sihlporte\/","og_locale":"de_DE","og_type":"article","og_title":"Z\u00fcrich: Neuer Glanz f\u00fcr die Sihlporte - IMMOBILIEN Business","og_description":"Das geschichtstr\u00e4chtige Geb\u00e4ude an der L\u00f6wenstrasse 1 + 3, Teil der Z\u00fcrcher Sihlporte, wird von der Axa Anlagestiftung ab diesem Sommer restauriert.","og_url":"https:\/\/www.immobilienbusiness.ch\/de\/regionen\/2023-05-09\/zuerich-neuer-glanz-fuer-die-sihlporte\/","og_site_name":"IMMOBILIEN Business","article_publisher":"https:\/\/www.facebook.com\/immobilienbusiness\/","article_published_time":"2023-05-09T06:00:22+00:00","article_modified_time":"2023-06-22T15:24:16+00:00","og_image":[{"width":822,"height":573,"url":"https:\/\/www.immobilienbusiness.ch\/wp-content\/uploads\/2023\/05\/Sihlporte.png","type":"image\/png"}],"author":"Alexander Wachter","twitter_card":"summary_large_image","schema":{"@context":"https:\/\/schema.org","@graph":[{"@type":"Article","@id":"https:\/\/www.immobilienbusiness.ch\/de\/regionen\/2023-05-09\/zuerich-neuer-glanz-fuer-die-sihlporte\/#article","isPartOf":{"@id":"https:\/\/www.immobilienbusiness.ch\/de\/regionen\/2023-05-09\/zuerich-neuer-glanz-fuer-die-sihlporte\/"},"author":{"name":"Alexander Wachter","@id":"https:\/\/www.immobilienbusiness.ch\/#\/schema\/person\/aba8bea2db926aa0c24c08c43fe1fcd5"},"headline":"Z\u00fcrich: Neuer Glanz f\u00fcr die Sihlporte","datePublished":"2023-05-09T06:00:22+00:00","dateModified":"2023-06-22T15:24:16+00:00","mainEntityOfPage":{"@id":"https:\/\/www.immobilienbusiness.ch\/de\/regionen\/2023-05-09\/zuerich-neuer-glanz-fuer-die-sihlporte\/"},"wordCount":303,"publisher":{"@id":"https:\/\/www.immobilienbusiness.ch\/#organization"},"image":{"@id":"https:\/\/www.immobilienbusiness.ch\/de\/regionen\/2023-05-09\/zuerich-neuer-glanz-fuer-die-sihlporte\/#primaryimage"},"thumbnailUrl":"https:\/\/www.immobilienbusiness.ch\/wp-content\/uploads\/2023\/05\/Sihlporte.png","keywords":["Axa","Projekt in Planung","Vermietung","Z\u00fcrich"],"articleSection":["REGIONEN"],"inLanguage":"de"},{"@type":"WebPage","@id":"https:\/\/www.immobilienbusiness.ch\/de\/regionen\/2023-05-09\/zuerich-neuer-glanz-fuer-die-sihlporte\/","url":"https:\/\/www.immobilienbusiness.ch\/de\/regionen\/2023-05-09\/zuerich-neuer-glanz-fuer-die-sihlporte\/","name":"Z\u00fcrich: Neuer Glanz f\u00fcr die Sihlporte - IMMOBILIEN Business","isPartOf":{"@id":"https:\/\/www.immobilienbusiness.ch\/#website"},"primaryImageOfPage":{"@id":"https:\/\/www.immobilienbusiness.ch\/de\/regionen\/2023-05-09\/zuerich-neuer-glanz-fuer-die-sihlporte\/#primaryimage"},"image":{"@id":"https:\/\/www.immobilienbusiness.ch\/de\/regionen\/2023-05-09\/zuerich-neuer-glanz-fuer-die-sihlporte\/#primaryimage"},"thumbnailUrl":"https:\/\/www.immobilienbusiness.ch\/wp-content\/uploads\/2023\/05\/Sihlporte.png","datePublished":"2023-05-09T06:00:22+00:00","dateModified":"2023-06-22T15:24:16+00:00","description":"Das geschichtstr\u00e4chtige Geb\u00e4ude an der L\u00f6wenstrasse 1 + 3, Teil der Z\u00fcrcher Sihlporte, wird von der Axa Anlagestiftung ab diesem Sommer restauriert.","breadcrumb":{"@id":"https:\/\/www.immobilienbusiness.ch\/de\/regionen\/2023-05-09\/zuerich-neuer-glanz-fuer-die-sihlporte\/#breadcrumb"},"inLanguage":"de","potentialAction":[{"@type":"ReadAction","target":["https:\/\/www.immobilienbusiness.ch\/de\/regionen\/2023-05-09\/zuerich-neuer-glanz-fuer-die-sihlporte\/"]}]},{"@type":"ImageObject","inLanguage":"de","@id":"https:\/\/www.immobilienbusiness.ch\/de\/regionen\/2023-05-09\/zuerich-neuer-glanz-fuer-die-sihlporte\/#primaryimage","url":"https:\/\/www.immobilienbusiness.ch\/wp-content\/uploads\/2023\/05\/Sihlporte.png","contentUrl":"https:\/\/www.immobilienbusiness.ch\/wp-content\/uploads\/2023\/05\/Sihlporte.png","width":822,"height":573,"caption":"So soll die Sihlporte nach der Modernisierung aussehen (Visualisierung zVg)"},{"@type":"BreadcrumbList","@id":"https:\/\/www.immobilienbusiness.ch\/de\/regionen\/2023-05-09\/zuerich-neuer-glanz-fuer-die-sihlporte\/#breadcrumb","itemListElement":[{"@type":"ListItem","position":1,"name":"Home","item":"https:\/\/www.immobilienbusiness.ch\/"},{"@type":"ListItem","position":2,"name":"Z\u00fcrich: Neuer Glanz f\u00fcr die Sihlporte"}]},{"@type":"WebSite","@id":"https:\/\/www.immobilienbusiness.ch\/#website","url":"https:\/\/www.immobilienbusiness.ch\/","name":"IMMOBILIEN Business","description":"Unabh\u00e4ngiges Schweizer Wirtschaftsmagazin mit Fokus auf Immobilien, Architektur- und Bau sowie Investment- und Finanzierung.","publisher":{"@id":"https:\/\/www.immobilienbusiness.ch\/#organization"},"potentialAction":[{"@type":"SearchAction","target":{"@type":"EntryPoint","urlTemplate":"https:\/\/www.immobilienbusiness.ch\/?s={search_term_string}"},"query-input":{"@type":"PropertyValueSpecification","valueRequired":true,"valueName":"search_term_string"}}],"inLanguage":"de"},{"@type":"Organization","@id":"https:\/\/www.immobilienbusiness.ch\/#organization","name":"IMMOBILIEN Business","url":"https:\/\/www.immobilienbusiness.ch\/","logo":{"@type":"ImageObject","inLanguage":"de","@id":"https:\/\/www.immobilienbusiness.ch\/#\/schema\/logo\/image\/","url":"https:\/\/www.immobilienbusiness.ch\/wp-content\/uploads\/2021\/07\/logo_ib.png","contentUrl":"https:\/\/www.immobilienbusiness.ch\/wp-content\/uploads\/2021\/07\/logo_ib.png","width":800,"height":181,"caption":"IMMOBILIEN Business"},"image":{"@id":"https:\/\/www.immobilienbusiness.ch\/#\/schema\/logo\/image\/"},"sameAs":["https:\/\/www.facebook.com\/immobilienbusiness\/"]},{"@type":"Person","@id":"https:\/\/www.immobilienbusiness.ch\/#\/schema\/person\/aba8bea2db926aa0c24c08c43fe1fcd5","name":"Alexander Wachter","image":{"@type":"ImageObject","inLanguage":"de","@id":"https:\/\/secure.gravatar.com\/avatar\/1a09e471f5389b0e0a6416eac287e0927c7c97a7b77f9e787eba3af7aee281dd?s=96&d=mm&r=g","url":"https:\/\/secure.gravatar.com\/avatar\/1a09e471f5389b0e0a6416eac287e0927c7c97a7b77f9e787eba3af7aee281dd?s=96&d=mm&r=g","contentUrl":"https:\/\/secure.gravatar.com\/avatar\/1a09e471f5389b0e0a6416eac287e0927c7c97a7b77f9e787eba3af7aee281dd?s=96&d=mm&r=g","caption":"Alexander Wachter"},"url":"https:\/\/www.immobilienbusiness.ch\/de\/author\/alexander-wachter\/"}]}},"_links":{"self":[{"href":"https:\/\/www.immobilienbusiness.ch\/de\/wp-json\/wp\/v2\/posts\/46911","targetHints":{"allow":["GET"]}}],"collection":[{"href":"https:\/\/www.immobilienbusiness.ch\/de\/wp-json\/wp\/v2\/posts"}],"about":[{"href":"https:\/\/www.immobilienbusiness.ch\/de\/wp-json\/wp\/v2\/types\/post"}],"author":[{"embeddable":true,"href":"https:\/\/www.immobilienbusiness.ch\/de\/wp-json\/wp\/v2\/users\/102"}],"replies":[{"embeddable":true,"href":"https:\/\/www.immobilienbusiness.ch\/de\/wp-json\/wp\/v2\/comments?post=46911"}],"version-history":[{"count":7,"href":"https:\/\/www.immobilienbusiness.ch\/de\/wp-json\/wp\/v2\/posts\/46911\/revisions"}],"predecessor-version":[{"id":47619,"href":"https:\/\/www.immobilienbusiness.ch\/de\/wp-json\/wp\/v2\/posts\/46911\/revisions\/47619"}],"wp:featuredmedia":[{"embeddable":true,"href":"https:\/\/www.immobilienbusiness.ch\/de\/wp-json\/wp\/v2\/media\/46916"}],"wp:attachment":[{"href":"https:\/\/www.immobilienbusiness.ch\/de\/wp-json\/wp\/v2\/media?parent=46911"}],"wp:term":[{"taxonomy":"category","embeddable":true,"href":"https:\/\/www.immobilienbusiness.ch\/de\/wp-json\/wp\/v2\/categories?post=46911"},{"taxonomy":"post_tag","embeddable":true,"href":"https:\/\/www.immobilienbusiness.ch\/de\/wp-json\/wp\/v2\/tags?post=46911"}],"curies":[{"name":"wp","href":"https:\/\/api.w.org\/{rel}","templated":true}]}}