{"id":46125,"date":"2023-03-13T08:09:15","date_gmt":"2023-03-13T07:09:15","guid":{"rendered":"https:\/\/www.immobilienbusiness.ch\/?p=46125"},"modified":"2023-03-16T08:57:20","modified_gmt":"2023-03-16T07:57:20","slug":"credit-suisse-thomas-rieder-wird-neuer-leiter-immobilienanalyse-schweiz","status":"publish","type":"post","link":"https:\/\/www.immobilienbusiness.ch\/de\/personalia\/2023-03-13\/credit-suisse-thomas-rieder-wird-neuer-leiter-immobilienanalyse-schweiz\/","title":{"rendered":"Credit Suisse: Thomas Rieder wird neuer Leiter Immobilienanalyse Schweiz"},"content":{"rendered":"<figure id=\"attachment_46126\" aria-describedby=\"caption-attachment-46126\" style=\"width: 1400px\" class=\"wp-caption alignnone\"><a href=\"https:\/\/www.immobilienbusiness.ch\/wp-content\/uploads\/2023\/03\/Thomas-Rieder-scaled.jpg\"><img loading=\"lazy\" decoding=\"async\" class=\"size-full wp-image-46126\" src=\"https:\/\/www.immobilienbusiness.ch\/wp-content\/uploads\/2023\/03\/Thomas-Rieder-scaled.jpg\" alt=\"\" width=\"1400\" height=\"934\" srcset=\"https:\/\/www.immobilienbusiness.ch\/wp-content\/uploads\/2023\/03\/Thomas-Rieder-scaled.jpg 1200w, https:\/\/www.immobilienbusiness.ch\/wp-content\/uploads\/2023\/03\/Thomas-Rieder-300x200.jpg 300w, https:\/\/www.immobilienbusiness.ch\/wp-content\/uploads\/2023\/03\/Thomas-Rieder-1024x683.jpg 1024w, https:\/\/www.immobilienbusiness.ch\/wp-content\/uploads\/2023\/03\/Thomas-Rieder-768x512.jpg 768w, https:\/\/www.immobilienbusiness.ch\/wp-content\/uploads\/2023\/03\/Thomas-Rieder-1536x1024.jpg 1536w, https:\/\/www.immobilienbusiness.ch\/wp-content\/uploads\/2023\/03\/Thomas-Rieder-2048x1366.jpg 2048w, https:\/\/www.immobilienbusiness.ch\/wp-content\/uploads\/2023\/03\/Thomas-Rieder-18x12.jpg 18w, https:\/\/www.immobilienbusiness.ch\/wp-content\/uploads\/2023\/03\/Thomas-Rieder-375x250.jpg 375w, https:\/\/www.immobilienbusiness.ch\/wp-content\/uploads\/2023\/03\/Thomas-Rieder-525x350.jpg 525w, https:\/\/www.immobilienbusiness.ch\/wp-content\/uploads\/2023\/03\/Thomas-Rieder-1000x667.jpg 1000w\" sizes=\"auto, (max-width: 1400px) 100vw, 1400px\" \/><\/a><figcaption id=\"caption-attachment-46126\" class=\"wp-caption-text\">Thomas Rieder (Quelle: Credit Suisse)<\/figcaption><\/figure>\n<p>Fredy Hasenmaile arbeitet seit \u00fcber 20 Jahren f\u00fcr die Credit Suisse, seit Januar 2006 hat er die Position des Head Real Estate Economics inne. Wie die Grossbank mitteilt, werde Hasenmaile \u00abausserhalb der Credit Suisse eine neue Herausforderung\u00bb antreten.<\/p>\n<p>Neuer Leiter der Immobilienanalyse Schweiz wird ab 1.Mai Thomas Rieder (Jahrgang 1981). Er wird an Sara Carnazzi Weber rapportieren, die innerhalb des Bereichs Investment Solutions &amp; Sustainability die auf die Schweiz ausgerichteten \u00d6konomenteams leitet.<\/p>\n<p>Rieder arbeitet seit 2006 in der Researchabteilung der Credit Suisse. Er habe den Bereich Swiss Real Estate Economics massgeblich mitgepr\u00e4gt und sich bisher unter anderem mit der Analyse des Wohneigentums- und Hypothekarmarkts und der volkswirtschaftlichen Beurteilung von gr\u00f6sseren Bauprojekten befasst. Rieder geh\u00f6rt seit 2021 der Expertengruppe Landpreismodelle Kanton Z\u00fcrich an und lehrt als Gastdozent Immobilien\u00f6konomie an Schweizer Hochschulen.<\/p>\n<p>\u00abIch freue mich sehr, dass wir mit Thomas Rieder eine interne Nachfolgel\u00f6sung f\u00fcr die Leitung der Schweizer Immobilienanalyse ank\u00fcndigen k\u00f6nnen\u00bb, so Nannette Hechler-Fayd&#8217;herbe, Leiterin Global Economics &amp; Research bei Credit Suisse. \u00abMit seinem langj\u00e4hrigen Erfolgsausweis bei der Credit Suisse ist er bestens positioniert, in die grossen Fusstapfen seines Vorg\u00e4ngers zu treten.\u00bb <em>(ah)<\/em><\/p>\n","protected":false},"excerpt":{"rendered":"<p>Im Immobilien-Research der Credit Suisse kommt es zu einem Wechsel: Fredy Hasenmaile verl\u00e4sst die Bank, sein Nachfolger als Verantwortlicher f\u00fcr die Immobilienanalyse Schweiz wird Thomas Rieder.<\/p>\n","protected":false},"author":3,"featured_media":46126,"comment_status":"closed","ping_status":"closed","sticky":false,"template":"","format":"standard","meta":{"_acf_changed":false,"_yoast_wpseo_focuskw":"Thomas Rieder","_yoast_wpseo_title":"","_yoast_wpseo_metadesc":"Thomas Rieder wird neuer Leiter der Immobilienanalyse Schweiz. Er folgt auf Fredy Hasenmaile, der die Bank verl\u00e4sst.","_yoast_wpseo_linkdex":54,"pgc_sgb_lightbox_settings":"","footnotes":""},"categories":[1912],"tags":[1146,1563],"class_list":["post-46125","post","type-post","status-publish","format-standard","has-post-thumbnail","hentry","category-personalia","tag-credit-suisse","tag-personalia"],"acf":[],"yoast_head":"<!-- This site is optimized with the Yoast SEO plugin v27.5 - https:\/\/yoast.com\/product\/yoast-seo-wordpress\/ -->\n<title>Credit Suisse: Thomas Rieder wird neuer Leiter Immobilienanalyse Schweiz - IMMOBILIEN Business<\/title>\n<meta name=\"description\" content=\"Thomas Rieder wird neuer Leiter der Immobilienanalyse Schweiz. Er folgt auf Fredy Hasenmaile, der die Bank verl\u00e4sst.\" \/>\n<meta name=\"robots\" content=\"index, follow, max-snippet:-1, max-image-preview:large, max-video-preview:-1\" \/>\n<link rel=\"canonical\" href=\"https:\/\/www.immobilienbusiness.ch\/de\/personalia\/2023-03-13\/credit-suisse-thomas-rieder-wird-neuer-leiter-immobilienanalyse-schweiz\/\" \/>\n<meta property=\"og:locale\" content=\"de_DE\" \/>\n<meta property=\"og:type\" content=\"article\" \/>\n<meta property=\"og:title\" content=\"Credit Suisse: Thomas Rieder wird neuer Leiter Immobilienanalyse Schweiz - IMMOBILIEN Business\" \/>\n<meta property=\"og:description\" content=\"Thomas Rieder wird neuer Leiter der Immobilienanalyse Schweiz. Er folgt auf Fredy Hasenmaile, der die Bank verl\u00e4sst.\" \/>\n<meta property=\"og:url\" content=\"https:\/\/www.immobilienbusiness.ch\/de\/personalia\/2023-03-13\/credit-suisse-thomas-rieder-wird-neuer-leiter-immobilienanalyse-schweiz\/\" \/>\n<meta property=\"og:site_name\" content=\"IMMOBILIEN Business\" \/>\n<meta property=\"article:publisher\" content=\"https:\/\/www.facebook.com\/immobilienbusiness\/\" \/>\n<meta property=\"article:published_time\" content=\"2023-03-13T07:09:15+00:00\" \/>\n<meta property=\"article:modified_time\" content=\"2023-03-16T07:57:20+00:00\" \/>\n<meta property=\"og:image\" content=\"https:\/\/www.immobilienbusiness.ch\/wp-content\/uploads\/2023\/03\/Thomas-Rieder-scaled.jpg\" \/>\n\t<meta property=\"og:image:width\" content=\"1200\" \/>\n\t<meta property=\"og:image:height\" content=\"801\" \/>\n\t<meta property=\"og:image:type\" content=\"image\/jpeg\" \/>\n<meta name=\"author\" content=\"anja.hall\" \/>\n<meta name=\"twitter:card\" content=\"summary_large_image\" \/>\n<meta name=\"twitter:image\" content=\"https:\/\/www.immobilienbusiness.ch\/wp-content\/uploads\/2023\/03\/Thomas-Rieder-scaled.jpg\" \/>\n<script type=\"application\/ld+json\" class=\"yoast-schema-graph\">{\"@context\":\"https:\\\/\\\/schema.org\",\"@graph\":[{\"@type\":\"Article\",\"@id\":\"https:\\\/\\\/www.immobilienbusiness.ch\\\/de\\\/personalia\\\/2023-03-13\\\/credit-suisse-thomas-rieder-wird-neuer-leiter-immobilienanalyse-schweiz\\\/#article\",\"isPartOf\":{\"@id\":\"https:\\\/\\\/www.immobilienbusiness.ch\\\/de\\\/personalia\\\/2023-03-13\\\/credit-suisse-thomas-rieder-wird-neuer-leiter-immobilienanalyse-schweiz\\\/\"},\"author\":{\"name\":\"anja.hall\",\"@id\":\"https:\\\/\\\/www.immobilienbusiness.ch\\\/#\\\/schema\\\/person\\\/3fc036297b10b9f42d6db5ee932af8c8\"},\"headline\":\"Credit Suisse: Thomas Rieder wird neuer Leiter Immobilienanalyse Schweiz\",\"datePublished\":\"2023-03-13T07:09:15+00:00\",\"dateModified\":\"2023-03-16T07:57:20+00:00\",\"mainEntityOfPage\":{\"@id\":\"https:\\\/\\\/www.immobilienbusiness.ch\\\/de\\\/personalia\\\/2023-03-13\\\/credit-suisse-thomas-rieder-wird-neuer-leiter-immobilienanalyse-schweiz\\\/\"},\"wordCount\":211,\"publisher\":{\"@id\":\"https:\\\/\\\/www.immobilienbusiness.ch\\\/#organization\"},\"image\":{\"@id\":\"https:\\\/\\\/www.immobilienbusiness.ch\\\/de\\\/personalia\\\/2023-03-13\\\/credit-suisse-thomas-rieder-wird-neuer-leiter-immobilienanalyse-schweiz\\\/#primaryimage\"},\"thumbnailUrl\":\"https:\\\/\\\/www.immobilienbusiness.ch\\\/wp-content\\\/uploads\\\/2023\\\/03\\\/Thomas-Rieder-scaled.jpg\",\"keywords\":[\"Credit Suisse\",\"Personalia\"],\"articleSection\":[\"PERSONALIA\"],\"inLanguage\":\"de\"},{\"@type\":\"WebPage\",\"@id\":\"https:\\\/\\\/www.immobilienbusiness.ch\\\/de\\\/personalia\\\/2023-03-13\\\/credit-suisse-thomas-rieder-wird-neuer-leiter-immobilienanalyse-schweiz\\\/\",\"url\":\"https:\\\/\\\/www.immobilienbusiness.ch\\\/de\\\/personalia\\\/2023-03-13\\\/credit-suisse-thomas-rieder-wird-neuer-leiter-immobilienanalyse-schweiz\\\/\",\"name\":\"Credit Suisse: Thomas Rieder wird neuer Leiter Immobilienanalyse Schweiz - IMMOBILIEN Business\",\"isPartOf\":{\"@id\":\"https:\\\/\\\/www.immobilienbusiness.ch\\\/#website\"},\"primaryImageOfPage\":{\"@id\":\"https:\\\/\\\/www.immobilienbusiness.ch\\\/de\\\/personalia\\\/2023-03-13\\\/credit-suisse-thomas-rieder-wird-neuer-leiter-immobilienanalyse-schweiz\\\/#primaryimage\"},\"image\":{\"@id\":\"https:\\\/\\\/www.immobilienbusiness.ch\\\/de\\\/personalia\\\/2023-03-13\\\/credit-suisse-thomas-rieder-wird-neuer-leiter-immobilienanalyse-schweiz\\\/#primaryimage\"},\"thumbnailUrl\":\"https:\\\/\\\/www.immobilienbusiness.ch\\\/wp-content\\\/uploads\\\/2023\\\/03\\\/Thomas-Rieder-scaled.jpg\",\"datePublished\":\"2023-03-13T07:09:15+00:00\",\"dateModified\":\"2023-03-16T07:57:20+00:00\",\"description\":\"Thomas Rieder wird neuer Leiter der Immobilienanalyse Schweiz. Er folgt auf Fredy Hasenmaile, der die Bank verl\u00e4sst.\",\"breadcrumb\":{\"@id\":\"https:\\\/\\\/www.immobilienbusiness.ch\\\/de\\\/personalia\\\/2023-03-13\\\/credit-suisse-thomas-rieder-wird-neuer-leiter-immobilienanalyse-schweiz\\\/#breadcrumb\"},\"inLanguage\":\"de\",\"potentialAction\":[{\"@type\":\"ReadAction\",\"target\":[\"https:\\\/\\\/www.immobilienbusiness.ch\\\/de\\\/personalia\\\/2023-03-13\\\/credit-suisse-thomas-rieder-wird-neuer-leiter-immobilienanalyse-schweiz\\\/\"]}]},{\"@type\":\"ImageObject\",\"inLanguage\":\"de\",\"@id\":\"https:\\\/\\\/www.immobilienbusiness.ch\\\/de\\\/personalia\\\/2023-03-13\\\/credit-suisse-thomas-rieder-wird-neuer-leiter-immobilienanalyse-schweiz\\\/#primaryimage\",\"url\":\"https:\\\/\\\/www.immobilienbusiness.ch\\\/wp-content\\\/uploads\\\/2023\\\/03\\\/Thomas-Rieder-scaled.jpg\",\"contentUrl\":\"https:\\\/\\\/www.immobilienbusiness.ch\\\/wp-content\\\/uploads\\\/2023\\\/03\\\/Thomas-Rieder-scaled.jpg\",\"width\":1200,\"height\":801,\"caption\":\"Thomas Rieder (Quelle: Credit Suisse)\"},{\"@type\":\"BreadcrumbList\",\"@id\":\"https:\\\/\\\/www.immobilienbusiness.ch\\\/de\\\/personalia\\\/2023-03-13\\\/credit-suisse-thomas-rieder-wird-neuer-leiter-immobilienanalyse-schweiz\\\/#breadcrumb\",\"itemListElement\":[{\"@type\":\"ListItem\",\"position\":1,\"name\":\"Home\",\"item\":\"https:\\\/\\\/www.immobilienbusiness.ch\\\/\"},{\"@type\":\"ListItem\",\"position\":2,\"name\":\"Credit Suisse: Thomas Rieder wird neuer Leiter Immobilienanalyse Schweiz\"}]},{\"@type\":\"WebSite\",\"@id\":\"https:\\\/\\\/www.immobilienbusiness.ch\\\/#website\",\"url\":\"https:\\\/\\\/www.immobilienbusiness.ch\\\/\",\"name\":\"IMMOBILIEN Business\",\"description\":\"Unabh\u00e4ngiges Schweizer Wirtschaftsmagazin mit Fokus auf Immobilien, Architektur- und Bau sowie Investment- und Finanzierung.\",\"publisher\":{\"@id\":\"https:\\\/\\\/www.immobilienbusiness.ch\\\/#organization\"},\"potentialAction\":[{\"@type\":\"SearchAction\",\"target\":{\"@type\":\"EntryPoint\",\"urlTemplate\":\"https:\\\/\\\/www.immobilienbusiness.ch\\\/?s={search_term_string}\"},\"query-input\":{\"@type\":\"PropertyValueSpecification\",\"valueRequired\":true,\"valueName\":\"search_term_string\"}}],\"inLanguage\":\"de\"},{\"@type\":\"Organization\",\"@id\":\"https:\\\/\\\/www.immobilienbusiness.ch\\\/#organization\",\"name\":\"IMMOBILIEN Business\",\"url\":\"https:\\\/\\\/www.immobilienbusiness.ch\\\/\",\"logo\":{\"@type\":\"ImageObject\",\"inLanguage\":\"de\",\"@id\":\"https:\\\/\\\/www.immobilienbusiness.ch\\\/#\\\/schema\\\/logo\\\/image\\\/\",\"url\":\"https:\\\/\\\/www.immobilienbusiness.ch\\\/wp-content\\\/uploads\\\/2021\\\/07\\\/logo_ib.png\",\"contentUrl\":\"https:\\\/\\\/www.immobilienbusiness.ch\\\/wp-content\\\/uploads\\\/2021\\\/07\\\/logo_ib.png\",\"width\":800,\"height\":181,\"caption\":\"IMMOBILIEN Business\"},\"image\":{\"@id\":\"https:\\\/\\\/www.immobilienbusiness.ch\\\/#\\\/schema\\\/logo\\\/image\\\/\"},\"sameAs\":[\"https:\\\/\\\/www.facebook.com\\\/immobilienbusiness\\\/\"]},{\"@type\":\"Person\",\"@id\":\"https:\\\/\\\/www.immobilienbusiness.ch\\\/#\\\/schema\\\/person\\\/3fc036297b10b9f42d6db5ee932af8c8\",\"name\":\"anja.hall\",\"image\":{\"@type\":\"ImageObject\",\"inLanguage\":\"de\",\"@id\":\"https:\\\/\\\/secure.gravatar.com\\\/avatar\\\/066b5a0d447013502c71a5782f4f3469f03cfe595cc2329fb94652fe47511bfb?s=96&d=mm&r=g\",\"url\":\"https:\\\/\\\/secure.gravatar.com\\\/avatar\\\/066b5a0d447013502c71a5782f4f3469f03cfe595cc2329fb94652fe47511bfb?s=96&d=mm&r=g\",\"contentUrl\":\"https:\\\/\\\/secure.gravatar.com\\\/avatar\\\/066b5a0d447013502c71a5782f4f3469f03cfe595cc2329fb94652fe47511bfb?s=96&d=mm&r=g\",\"caption\":\"anja.hall\"},\"url\":\"https:\\\/\\\/www.immobilienbusiness.ch\\\/de\\\/author\\\/anja-hall\\\/\"}]}<\/script>\n<!-- \/ Yoast SEO plugin. -->","yoast_head_json":{"title":"Credit Suisse: Thomas Rieder wird neuer Leiter Immobilienanalyse Schweiz - IMMOBILIEN Business","description":"Thomas Rieder wird neuer Leiter der Immobilienanalyse Schweiz. Er folgt auf Fredy Hasenmaile, der die Bank verl\u00e4sst.","robots":{"index":"index","follow":"follow","max-snippet":"max-snippet:-1","max-image-preview":"max-image-preview:large","max-video-preview":"max-video-preview:-1"},"canonical":"https:\/\/www.immobilienbusiness.ch\/de\/personalia\/2023-03-13\/credit-suisse-thomas-rieder-wird-neuer-leiter-immobilienanalyse-schweiz\/","og_locale":"de_DE","og_type":"article","og_title":"Credit Suisse: Thomas Rieder wird neuer Leiter Immobilienanalyse Schweiz - IMMOBILIEN Business","og_description":"Thomas Rieder wird neuer Leiter der Immobilienanalyse Schweiz. Er folgt auf Fredy Hasenmaile, der die Bank verl\u00e4sst.","og_url":"https:\/\/www.immobilienbusiness.ch\/de\/personalia\/2023-03-13\/credit-suisse-thomas-rieder-wird-neuer-leiter-immobilienanalyse-schweiz\/","og_site_name":"IMMOBILIEN Business","article_publisher":"https:\/\/www.facebook.com\/immobilienbusiness\/","article_published_time":"2023-03-13T07:09:15+00:00","article_modified_time":"2023-03-16T07:57:20+00:00","og_image":[{"width":1200,"height":801,"url":"https:\/\/www.immobilienbusiness.ch\/wp-content\/uploads\/2023\/03\/Thomas-Rieder-scaled.jpg","type":"image\/jpeg"}],"author":"anja.hall","twitter_card":"summary_large_image","twitter_image":"https:\/\/www.immobilienbusiness.ch\/wp-content\/uploads\/2023\/03\/Thomas-Rieder-scaled.jpg","schema":{"@context":"https:\/\/schema.org","@graph":[{"@type":"Article","@id":"https:\/\/www.immobilienbusiness.ch\/de\/personalia\/2023-03-13\/credit-suisse-thomas-rieder-wird-neuer-leiter-immobilienanalyse-schweiz\/#article","isPartOf":{"@id":"https:\/\/www.immobilienbusiness.ch\/de\/personalia\/2023-03-13\/credit-suisse-thomas-rieder-wird-neuer-leiter-immobilienanalyse-schweiz\/"},"author":{"name":"anja.hall","@id":"https:\/\/www.immobilienbusiness.ch\/#\/schema\/person\/3fc036297b10b9f42d6db5ee932af8c8"},"headline":"Credit Suisse: Thomas Rieder wird neuer Leiter Immobilienanalyse Schweiz","datePublished":"2023-03-13T07:09:15+00:00","dateModified":"2023-03-16T07:57:20+00:00","mainEntityOfPage":{"@id":"https:\/\/www.immobilienbusiness.ch\/de\/personalia\/2023-03-13\/credit-suisse-thomas-rieder-wird-neuer-leiter-immobilienanalyse-schweiz\/"},"wordCount":211,"publisher":{"@id":"https:\/\/www.immobilienbusiness.ch\/#organization"},"image":{"@id":"https:\/\/www.immobilienbusiness.ch\/de\/personalia\/2023-03-13\/credit-suisse-thomas-rieder-wird-neuer-leiter-immobilienanalyse-schweiz\/#primaryimage"},"thumbnailUrl":"https:\/\/www.immobilienbusiness.ch\/wp-content\/uploads\/2023\/03\/Thomas-Rieder-scaled.jpg","keywords":["Credit Suisse","Personalia"],"articleSection":["PERSONALIA"],"inLanguage":"de"},{"@type":"WebPage","@id":"https:\/\/www.immobilienbusiness.ch\/de\/personalia\/2023-03-13\/credit-suisse-thomas-rieder-wird-neuer-leiter-immobilienanalyse-schweiz\/","url":"https:\/\/www.immobilienbusiness.ch\/de\/personalia\/2023-03-13\/credit-suisse-thomas-rieder-wird-neuer-leiter-immobilienanalyse-schweiz\/","name":"Credit Suisse: Thomas Rieder wird neuer Leiter Immobilienanalyse Schweiz - IMMOBILIEN Business","isPartOf":{"@id":"https:\/\/www.immobilienbusiness.ch\/#website"},"primaryImageOfPage":{"@id":"https:\/\/www.immobilienbusiness.ch\/de\/personalia\/2023-03-13\/credit-suisse-thomas-rieder-wird-neuer-leiter-immobilienanalyse-schweiz\/#primaryimage"},"image":{"@id":"https:\/\/www.immobilienbusiness.ch\/de\/personalia\/2023-03-13\/credit-suisse-thomas-rieder-wird-neuer-leiter-immobilienanalyse-schweiz\/#primaryimage"},"thumbnailUrl":"https:\/\/www.immobilienbusiness.ch\/wp-content\/uploads\/2023\/03\/Thomas-Rieder-scaled.jpg","datePublished":"2023-03-13T07:09:15+00:00","dateModified":"2023-03-16T07:57:20+00:00","description":"Thomas Rieder wird neuer Leiter der Immobilienanalyse Schweiz. Er folgt auf Fredy Hasenmaile, der die Bank verl\u00e4sst.","breadcrumb":{"@id":"https:\/\/www.immobilienbusiness.ch\/de\/personalia\/2023-03-13\/credit-suisse-thomas-rieder-wird-neuer-leiter-immobilienanalyse-schweiz\/#breadcrumb"},"inLanguage":"de","potentialAction":[{"@type":"ReadAction","target":["https:\/\/www.immobilienbusiness.ch\/de\/personalia\/2023-03-13\/credit-suisse-thomas-rieder-wird-neuer-leiter-immobilienanalyse-schweiz\/"]}]},{"@type":"ImageObject","inLanguage":"de","@id":"https:\/\/www.immobilienbusiness.ch\/de\/personalia\/2023-03-13\/credit-suisse-thomas-rieder-wird-neuer-leiter-immobilienanalyse-schweiz\/#primaryimage","url":"https:\/\/www.immobilienbusiness.ch\/wp-content\/uploads\/2023\/03\/Thomas-Rieder-scaled.jpg","contentUrl":"https:\/\/www.immobilienbusiness.ch\/wp-content\/uploads\/2023\/03\/Thomas-Rieder-scaled.jpg","width":1200,"height":801,"caption":"Thomas Rieder (Quelle: Credit Suisse)"},{"@type":"BreadcrumbList","@id":"https:\/\/www.immobilienbusiness.ch\/de\/personalia\/2023-03-13\/credit-suisse-thomas-rieder-wird-neuer-leiter-immobilienanalyse-schweiz\/#breadcrumb","itemListElement":[{"@type":"ListItem","position":1,"name":"Home","item":"https:\/\/www.immobilienbusiness.ch\/"},{"@type":"ListItem","position":2,"name":"Credit Suisse: Thomas Rieder wird neuer Leiter Immobilienanalyse Schweiz"}]},{"@type":"WebSite","@id":"https:\/\/www.immobilienbusiness.ch\/#website","url":"https:\/\/www.immobilienbusiness.ch\/","name":"IMMOBILIEN Business","description":"Unabh\u00e4ngiges Schweizer Wirtschaftsmagazin mit Fokus auf Immobilien, Architektur- und Bau sowie Investment- und Finanzierung.","publisher":{"@id":"https:\/\/www.immobilienbusiness.ch\/#organization"},"potentialAction":[{"@type":"SearchAction","target":{"@type":"EntryPoint","urlTemplate":"https:\/\/www.immobilienbusiness.ch\/?s={search_term_string}"},"query-input":{"@type":"PropertyValueSpecification","valueRequired":true,"valueName":"search_term_string"}}],"inLanguage":"de"},{"@type":"Organization","@id":"https:\/\/www.immobilienbusiness.ch\/#organization","name":"IMMOBILIEN Business","url":"https:\/\/www.immobilienbusiness.ch\/","logo":{"@type":"ImageObject","inLanguage":"de","@id":"https:\/\/www.immobilienbusiness.ch\/#\/schema\/logo\/image\/","url":"https:\/\/www.immobilienbusiness.ch\/wp-content\/uploads\/2021\/07\/logo_ib.png","contentUrl":"https:\/\/www.immobilienbusiness.ch\/wp-content\/uploads\/2021\/07\/logo_ib.png","width":800,"height":181,"caption":"IMMOBILIEN Business"},"image":{"@id":"https:\/\/www.immobilienbusiness.ch\/#\/schema\/logo\/image\/"},"sameAs":["https:\/\/www.facebook.com\/immobilienbusiness\/"]},{"@type":"Person","@id":"https:\/\/www.immobilienbusiness.ch\/#\/schema\/person\/3fc036297b10b9f42d6db5ee932af8c8","name":"anja.hall","image":{"@type":"ImageObject","inLanguage":"de","@id":"https:\/\/secure.gravatar.com\/avatar\/066b5a0d447013502c71a5782f4f3469f03cfe595cc2329fb94652fe47511bfb?s=96&d=mm&r=g","url":"https:\/\/secure.gravatar.com\/avatar\/066b5a0d447013502c71a5782f4f3469f03cfe595cc2329fb94652fe47511bfb?s=96&d=mm&r=g","contentUrl":"https:\/\/secure.gravatar.com\/avatar\/066b5a0d447013502c71a5782f4f3469f03cfe595cc2329fb94652fe47511bfb?s=96&d=mm&r=g","caption":"anja.hall"},"url":"https:\/\/www.immobilienbusiness.ch\/de\/author\/anja-hall\/"}]}},"_links":{"self":[{"href":"https:\/\/www.immobilienbusiness.ch\/de\/wp-json\/wp\/v2\/posts\/46125","targetHints":{"allow":["GET"]}}],"collection":[{"href":"https:\/\/www.immobilienbusiness.ch\/de\/wp-json\/wp\/v2\/posts"}],"about":[{"href":"https:\/\/www.immobilienbusiness.ch\/de\/wp-json\/wp\/v2\/types\/post"}],"author":[{"embeddable":true,"href":"https:\/\/www.immobilienbusiness.ch\/de\/wp-json\/wp\/v2\/users\/3"}],"replies":[{"embeddable":true,"href":"https:\/\/www.immobilienbusiness.ch\/de\/wp-json\/wp\/v2\/comments?post=46125"}],"version-history":[{"count":5,"href":"https:\/\/www.immobilienbusiness.ch\/de\/wp-json\/wp\/v2\/posts\/46125\/revisions"}],"predecessor-version":[{"id":46173,"href":"https:\/\/www.immobilienbusiness.ch\/de\/wp-json\/wp\/v2\/posts\/46125\/revisions\/46173"}],"wp:featuredmedia":[{"embeddable":true,"href":"https:\/\/www.immobilienbusiness.ch\/de\/wp-json\/wp\/v2\/media\/46126"}],"wp:attachment":[{"href":"https:\/\/www.immobilienbusiness.ch\/de\/wp-json\/wp\/v2\/media?parent=46125"}],"wp:term":[{"taxonomy":"category","embeddable":true,"href":"https:\/\/www.immobilienbusiness.ch\/de\/wp-json\/wp\/v2\/categories?post=46125"},{"taxonomy":"post_tag","embeddable":true,"href":"https:\/\/www.immobilienbusiness.ch\/de\/wp-json\/wp\/v2\/tags?post=46125"}],"curies":[{"name":"wp","href":"https:\/\/api.w.org\/{rel}","templated":true}]}}