{"id":46073,"date":"2023-03-08T05:00:13","date_gmt":"2023-03-08T04:00:13","guid":{"rendered":"https:\/\/www.immobilienbusiness.ch\/?p=46073"},"modified":"2023-03-07T20:30:40","modified_gmt":"2023-03-07T19:30:40","slug":"anlagegruppe-swiss-re-commercial-eco-will-fuer-975-millionen-zukaufen","status":"publish","type":"post","link":"https:\/\/www.immobilienbusiness.ch\/de\/unternehmen\/2023-03-08\/anlagegruppe-swiss-re-commercial-eco-will-fuer-975-millionen-zukaufen\/","title":{"rendered":"Anlagegruppe Swiss RE Commercial ECO will f\u00fcr 97,5 Millionen zukaufen"},"content":{"rendered":"<figure id=\"attachment_9822\" aria-describedby=\"caption-attachment-9822\" style=\"width: 1920px\" class=\"wp-caption alignnone\"><a href=\"https:\/\/www.immobilienbusiness.ch\/wp-content\/uploads\/2017\/10\/IB-News-20171030-Kapitalerhoehung-SF-Commercial-Properties-Fund-c-Pixabay.jpg\"><img loading=\"lazy\" decoding=\"async\" class=\"size-full wp-image-9822\" src=\"https:\/\/www.immobilienbusiness.ch\/wp-content\/uploads\/2017\/10\/IB-News-20171030-Kapitalerhoehung-SF-Commercial-Properties-Fund-c-Pixabay.jpg\" alt=\"\" width=\"1920\" height=\"1357\" srcset=\"https:\/\/www.immobilienbusiness.ch\/wp-content\/uploads\/2017\/10\/IB-News-20171030-Kapitalerhoehung-SF-Commercial-Properties-Fund-c-Pixabay.jpg 1920w, https:\/\/www.immobilienbusiness.ch\/wp-content\/uploads\/2017\/10\/IB-News-20171030-Kapitalerhoehung-SF-Commercial-Properties-Fund-c-Pixabay-300x212.jpg 300w, https:\/\/www.immobilienbusiness.ch\/wp-content\/uploads\/2017\/10\/IB-News-20171030-Kapitalerhoehung-SF-Commercial-Properties-Fund-c-Pixabay-1024x724.jpg 1024w, https:\/\/www.immobilienbusiness.ch\/wp-content\/uploads\/2017\/10\/IB-News-20171030-Kapitalerhoehung-SF-Commercial-Properties-Fund-c-Pixabay-768x543.jpg 768w, https:\/\/www.immobilienbusiness.ch\/wp-content\/uploads\/2017\/10\/IB-News-20171030-Kapitalerhoehung-SF-Commercial-Properties-Fund-c-Pixabay-1536x1086.jpg 1536w, https:\/\/www.immobilienbusiness.ch\/wp-content\/uploads\/2017\/10\/IB-News-20171030-Kapitalerhoehung-SF-Commercial-Properties-Fund-c-Pixabay-16x12.jpg 16w, https:\/\/www.immobilienbusiness.ch\/wp-content\/uploads\/2017\/10\/IB-News-20171030-Kapitalerhoehung-SF-Commercial-Properties-Fund-c-Pixabay-248x175.jpg 248w, https:\/\/www.immobilienbusiness.ch\/wp-content\/uploads\/2017\/10\/IB-News-20171030-Kapitalerhoehung-SF-Commercial-Properties-Fund-c-Pixabay-495x350.jpg 495w, https:\/\/www.immobilienbusiness.ch\/wp-content\/uploads\/2017\/10\/IB-News-20171030-Kapitalerhoehung-SF-Commercial-Properties-Fund-c-Pixabay-1132x800.jpg 1132w, https:\/\/www.immobilienbusiness.ch\/wp-content\/uploads\/2017\/10\/IB-News-20171030-Kapitalerhoehung-SF-Commercial-Properties-Fund-c-Pixabay-920x650.jpg 920w, https:\/\/www.immobilienbusiness.ch\/wp-content\/uploads\/2017\/10\/IB-News-20171030-Kapitalerhoehung-SF-Commercial-Properties-Fund-c-Pixabay-1400x989.jpg 1400w\" sizes=\"auto, (max-width: 1920px) 100vw, 1920px\" \/><\/a><figcaption id=\"caption-attachment-9822\" class=\"wp-caption-text\">Die Anlagegruppe Swiss RE Commercial ECO soll weiter wachsen (Bild: Pixabay)<\/figcaption><\/figure>\n<p>Die Zeichnungsfrist beginnt am 20. M\u00e4rz, die Liberierung soll am 11. April erfolgen. Der Emissionserl\u00f6s wird nach Angaben der Remnex Anlagestiftung zum weiteren Ausbau des Portfolios verwendet. Die aktuelle Pipeline umfasst f\u00fcnf Objekte mit einer Bruttorendite von 7,4% und einem Anlagevolumen von 97,5 Mio. CHF. Zwei der Objekte befinden sich im Kanton Z\u00fcrich. Weitere drei Objekte liegen in den Kantonen St. Gallen, Bern und Thurgau. Sie zeichneten sich unter anderem durch ihre Multifunktionalit\u00e4t aus, heisst es.<\/p>\n<p>Seit Lancierung hat die Anlagegruppe ein Immobilienportfolio mit zehn Gewerbe- und Spezialliegenschaften und einem Gesamtverm\u00f6gen von rund 80 Mio. CHF aufgebaut<\/p>\n<p>Die Anlagegruppe \u00abSwiss RE Commercial ECO\u00bb konzentriert sich auf kommerzielle Immobilien mit Schwerpunkt auf die Nutzungen Gewerbe und Industrie. Im Fokus stehen dabei gut erreichbare Standorte sowie Liegenschaften mit einem hohen Wertsteigerungspotenzial. Per Ende September betrug die Anlagerendite 12,62%. <i>(aw)<\/i><\/p>\n","protected":false},"excerpt":{"rendered":"<p>Die Remnex Anlagestiftung hat f\u00fcr Anlagegruppe Swiss RE Commercial Eco eine \u00d6ffnung angek\u00fcndigt. Angestrebt wird ein Emissionsvolumen von 80 Mio. CHF.<\/p>\n","protected":false},"author":102,"featured_media":9822,"comment_status":"closed","ping_status":"closed","sticky":false,"template":"","format":"standard","meta":{"_acf_changed":false,"_yoast_wpseo_focuskw":"Remnex","_yoast_wpseo_title":"","_yoast_wpseo_metadesc":"Die Remnex Anlagestiftung hat f\u00fcr Anlagegruppe Swiss RE Commercial Eco eine \u00d6ffnung angek\u00fcndigt. Angestrebt wird ein Emissionsvolumen von 80 Mio. CHF.","_yoast_wpseo_linkdex":42,"pgc_sgb_lightbox_settings":"","footnotes":""},"categories":[988],"tags":[1028,2178,2176,2177],"class_list":["post-46073","post","type-post","status-publish","format-standard","has-post-thumbnail","hentry","category-unternehmen","tag-anlagegruppe","tag-oeffnung","tag-remnex","tag-swiss-re-commercial-eco"],"acf":[],"yoast_head":"<!-- This site is optimized with the Yoast SEO plugin v27.4 - https:\/\/yoast.com\/product\/yoast-seo-wordpress\/ -->\n<title>Anlagegruppe Swiss RE Commercial ECO will f\u00fcr 97,5 Millionen zukaufen - IMMOBILIEN Business<\/title>\n<meta name=\"description\" content=\"Die Remnex Anlagestiftung hat f\u00fcr Anlagegruppe Swiss RE Commercial Eco eine \u00d6ffnung angek\u00fcndigt. Angestrebt wird ein Emissionsvolumen von 80 Mio. CHF.\" \/>\n<meta name=\"robots\" content=\"index, follow, max-snippet:-1, max-image-preview:large, max-video-preview:-1\" \/>\n<link rel=\"canonical\" href=\"https:\/\/www.immobilienbusiness.ch\/de\/unternehmen\/2023-03-08\/anlagegruppe-swiss-re-commercial-eco-will-fuer-975-millionen-zukaufen\/\" \/>\n<meta property=\"og:locale\" content=\"de_DE\" \/>\n<meta property=\"og:type\" content=\"article\" \/>\n<meta property=\"og:title\" content=\"Anlagegruppe Swiss RE Commercial ECO will f\u00fcr 97,5 Millionen zukaufen - IMMOBILIEN Business\" \/>\n<meta property=\"og:description\" content=\"Die Remnex Anlagestiftung hat f\u00fcr Anlagegruppe Swiss RE Commercial Eco eine \u00d6ffnung angek\u00fcndigt. Angestrebt wird ein Emissionsvolumen von 80 Mio. CHF.\" \/>\n<meta property=\"og:url\" content=\"https:\/\/www.immobilienbusiness.ch\/de\/unternehmen\/2023-03-08\/anlagegruppe-swiss-re-commercial-eco-will-fuer-975-millionen-zukaufen\/\" \/>\n<meta property=\"og:site_name\" content=\"IMMOBILIEN Business\" \/>\n<meta property=\"article:publisher\" content=\"https:\/\/www.facebook.com\/immobilienbusiness\/\" \/>\n<meta property=\"article:published_time\" content=\"2023-03-08T04:00:13+00:00\" \/>\n<meta property=\"og:image\" content=\"https:\/\/www.immobilienbusiness.ch\/wp-content\/uploads\/2017\/10\/IB-News-20171030-Kapitalerhoehung-SF-Commercial-Properties-Fund-c-Pixabay.jpg\" \/>\n\t<meta property=\"og:image:width\" content=\"1920\" \/>\n\t<meta property=\"og:image:height\" content=\"1357\" \/>\n\t<meta property=\"og:image:type\" content=\"image\/jpeg\" \/>\n<meta name=\"author\" content=\"Alexander Wachter\" \/>\n<meta name=\"twitter:card\" content=\"summary_large_image\" \/>\n<script type=\"application\/ld+json\" class=\"yoast-schema-graph\">{\"@context\":\"https:\\\/\\\/schema.org\",\"@graph\":[{\"@type\":\"Article\",\"@id\":\"https:\\\/\\\/www.immobilienbusiness.ch\\\/unternehmen\\\/2023-03-08\\\/anlagegruppe-swiss-re-commercial-eco-will-fuer-975-millionen-zukaufen\\\/#article\",\"isPartOf\":{\"@id\":\"https:\\\/\\\/www.immobilienbusiness.ch\\\/unternehmen\\\/2023-03-08\\\/anlagegruppe-swiss-re-commercial-eco-will-fuer-975-millionen-zukaufen\\\/\"},\"author\":{\"name\":\"Alexander Wachter\",\"@id\":\"https:\\\/\\\/www.immobilienbusiness.ch\\\/#\\\/schema\\\/person\\\/aba8bea2db926aa0c24c08c43fe1fcd5\"},\"headline\":\"Anlagegruppe Swiss RE Commercial ECO will f\u00fcr 97,5 Millionen zukaufen\",\"datePublished\":\"2023-03-08T04:00:13+00:00\",\"mainEntityOfPage\":{\"@id\":\"https:\\\/\\\/www.immobilienbusiness.ch\\\/unternehmen\\\/2023-03-08\\\/anlagegruppe-swiss-re-commercial-eco-will-fuer-975-millionen-zukaufen\\\/\"},\"wordCount\":165,\"publisher\":{\"@id\":\"https:\\\/\\\/www.immobilienbusiness.ch\\\/#organization\"},\"image\":{\"@id\":\"https:\\\/\\\/www.immobilienbusiness.ch\\\/unternehmen\\\/2023-03-08\\\/anlagegruppe-swiss-re-commercial-eco-will-fuer-975-millionen-zukaufen\\\/#primaryimage\"},\"thumbnailUrl\":\"https:\\\/\\\/www.immobilienbusiness.ch\\\/wp-content\\\/uploads\\\/2017\\\/10\\\/IB-News-20171030-Kapitalerhoehung-SF-Commercial-Properties-Fund-c-Pixabay.jpg\",\"keywords\":[\"Anlagegruppe\",\"\u00d6ffnung\",\"Remnex\",\"Swiss RE Commercial Eco\"],\"articleSection\":[\"UNTERNEHMEN\"],\"inLanguage\":\"de\"},{\"@type\":\"WebPage\",\"@id\":\"https:\\\/\\\/www.immobilienbusiness.ch\\\/unternehmen\\\/2023-03-08\\\/anlagegruppe-swiss-re-commercial-eco-will-fuer-975-millionen-zukaufen\\\/\",\"url\":\"https:\\\/\\\/www.immobilienbusiness.ch\\\/unternehmen\\\/2023-03-08\\\/anlagegruppe-swiss-re-commercial-eco-will-fuer-975-millionen-zukaufen\\\/\",\"name\":\"Anlagegruppe Swiss RE Commercial ECO will f\u00fcr 97,5 Millionen zukaufen - IMMOBILIEN Business\",\"isPartOf\":{\"@id\":\"https:\\\/\\\/www.immobilienbusiness.ch\\\/#website\"},\"primaryImageOfPage\":{\"@id\":\"https:\\\/\\\/www.immobilienbusiness.ch\\\/unternehmen\\\/2023-03-08\\\/anlagegruppe-swiss-re-commercial-eco-will-fuer-975-millionen-zukaufen\\\/#primaryimage\"},\"image\":{\"@id\":\"https:\\\/\\\/www.immobilienbusiness.ch\\\/unternehmen\\\/2023-03-08\\\/anlagegruppe-swiss-re-commercial-eco-will-fuer-975-millionen-zukaufen\\\/#primaryimage\"},\"thumbnailUrl\":\"https:\\\/\\\/www.immobilienbusiness.ch\\\/wp-content\\\/uploads\\\/2017\\\/10\\\/IB-News-20171030-Kapitalerhoehung-SF-Commercial-Properties-Fund-c-Pixabay.jpg\",\"datePublished\":\"2023-03-08T04:00:13+00:00\",\"description\":\"Die Remnex Anlagestiftung hat f\u00fcr Anlagegruppe Swiss RE Commercial Eco eine \u00d6ffnung angek\u00fcndigt. Angestrebt wird ein Emissionsvolumen von 80 Mio. CHF.\",\"breadcrumb\":{\"@id\":\"https:\\\/\\\/www.immobilienbusiness.ch\\\/unternehmen\\\/2023-03-08\\\/anlagegruppe-swiss-re-commercial-eco-will-fuer-975-millionen-zukaufen\\\/#breadcrumb\"},\"inLanguage\":\"de\",\"potentialAction\":[{\"@type\":\"ReadAction\",\"target\":[\"https:\\\/\\\/www.immobilienbusiness.ch\\\/unternehmen\\\/2023-03-08\\\/anlagegruppe-swiss-re-commercial-eco-will-fuer-975-millionen-zukaufen\\\/\"]}]},{\"@type\":\"ImageObject\",\"inLanguage\":\"de\",\"@id\":\"https:\\\/\\\/www.immobilienbusiness.ch\\\/unternehmen\\\/2023-03-08\\\/anlagegruppe-swiss-re-commercial-eco-will-fuer-975-millionen-zukaufen\\\/#primaryimage\",\"url\":\"https:\\\/\\\/www.immobilienbusiness.ch\\\/wp-content\\\/uploads\\\/2017\\\/10\\\/IB-News-20171030-Kapitalerhoehung-SF-Commercial-Properties-Fund-c-Pixabay.jpg\",\"contentUrl\":\"https:\\\/\\\/www.immobilienbusiness.ch\\\/wp-content\\\/uploads\\\/2017\\\/10\\\/IB-News-20171030-Kapitalerhoehung-SF-Commercial-Properties-Fund-c-Pixabay.jpg\",\"width\":1920,\"height\":1357,\"caption\":\"Die Anlagegruppe Swiss RE Commercial ECO soll weiter wachsen (Bild: Pixabay)\"},{\"@type\":\"BreadcrumbList\",\"@id\":\"https:\\\/\\\/www.immobilienbusiness.ch\\\/unternehmen\\\/2023-03-08\\\/anlagegruppe-swiss-re-commercial-eco-will-fuer-975-millionen-zukaufen\\\/#breadcrumb\",\"itemListElement\":[{\"@type\":\"ListItem\",\"position\":1,\"name\":\"Home\",\"item\":\"https:\\\/\\\/www.immobilienbusiness.ch\\\/\"},{\"@type\":\"ListItem\",\"position\":2,\"name\":\"Anlagegruppe Swiss RE Commercial ECO will f\u00fcr 97,5 Millionen zukaufen\"}]},{\"@type\":\"WebSite\",\"@id\":\"https:\\\/\\\/www.immobilienbusiness.ch\\\/#website\",\"url\":\"https:\\\/\\\/www.immobilienbusiness.ch\\\/\",\"name\":\"IMMOBILIEN Business\",\"description\":\"Unabh\u00e4ngiges Schweizer Wirtschaftsmagazin mit Fokus auf Immobilien, Architektur- und Bau sowie Investment- und Finanzierung.\",\"publisher\":{\"@id\":\"https:\\\/\\\/www.immobilienbusiness.ch\\\/#organization\"},\"potentialAction\":[{\"@type\":\"SearchAction\",\"target\":{\"@type\":\"EntryPoint\",\"urlTemplate\":\"https:\\\/\\\/www.immobilienbusiness.ch\\\/?s={search_term_string}\"},\"query-input\":{\"@type\":\"PropertyValueSpecification\",\"valueRequired\":true,\"valueName\":\"search_term_string\"}}],\"inLanguage\":\"de\"},{\"@type\":\"Organization\",\"@id\":\"https:\\\/\\\/www.immobilienbusiness.ch\\\/#organization\",\"name\":\"IMMOBILIEN Business\",\"url\":\"https:\\\/\\\/www.immobilienbusiness.ch\\\/\",\"logo\":{\"@type\":\"ImageObject\",\"inLanguage\":\"de\",\"@id\":\"https:\\\/\\\/www.immobilienbusiness.ch\\\/#\\\/schema\\\/logo\\\/image\\\/\",\"url\":\"https:\\\/\\\/www.immobilienbusiness.ch\\\/wp-content\\\/uploads\\\/2021\\\/07\\\/logo_ib.png\",\"contentUrl\":\"https:\\\/\\\/www.immobilienbusiness.ch\\\/wp-content\\\/uploads\\\/2021\\\/07\\\/logo_ib.png\",\"width\":800,\"height\":181,\"caption\":\"IMMOBILIEN Business\"},\"image\":{\"@id\":\"https:\\\/\\\/www.immobilienbusiness.ch\\\/#\\\/schema\\\/logo\\\/image\\\/\"},\"sameAs\":[\"https:\\\/\\\/www.facebook.com\\\/immobilienbusiness\\\/\"]},{\"@type\":\"Person\",\"@id\":\"https:\\\/\\\/www.immobilienbusiness.ch\\\/#\\\/schema\\\/person\\\/aba8bea2db926aa0c24c08c43fe1fcd5\",\"name\":\"Alexander Wachter\",\"image\":{\"@type\":\"ImageObject\",\"inLanguage\":\"de\",\"@id\":\"https:\\\/\\\/secure.gravatar.com\\\/avatar\\\/1a09e471f5389b0e0a6416eac287e0927c7c97a7b77f9e787eba3af7aee281dd?s=96&d=mm&r=g\",\"url\":\"https:\\\/\\\/secure.gravatar.com\\\/avatar\\\/1a09e471f5389b0e0a6416eac287e0927c7c97a7b77f9e787eba3af7aee281dd?s=96&d=mm&r=g\",\"contentUrl\":\"https:\\\/\\\/secure.gravatar.com\\\/avatar\\\/1a09e471f5389b0e0a6416eac287e0927c7c97a7b77f9e787eba3af7aee281dd?s=96&d=mm&r=g\",\"caption\":\"Alexander Wachter\"},\"url\":\"https:\\\/\\\/www.immobilienbusiness.ch\\\/de\\\/author\\\/alexander-wachter\\\/\"}]}<\/script>\n<!-- \/ Yoast SEO plugin. -->","yoast_head_json":{"title":"Anlagegruppe Swiss RE Commercial ECO will f\u00fcr 97,5 Millionen zukaufen - IMMOBILIEN Business","description":"Die Remnex Anlagestiftung hat f\u00fcr Anlagegruppe Swiss RE Commercial Eco eine \u00d6ffnung angek\u00fcndigt. Angestrebt wird ein Emissionsvolumen von 80 Mio. CHF.","robots":{"index":"index","follow":"follow","max-snippet":"max-snippet:-1","max-image-preview":"max-image-preview:large","max-video-preview":"max-video-preview:-1"},"canonical":"https:\/\/www.immobilienbusiness.ch\/de\/unternehmen\/2023-03-08\/anlagegruppe-swiss-re-commercial-eco-will-fuer-975-millionen-zukaufen\/","og_locale":"de_DE","og_type":"article","og_title":"Anlagegruppe Swiss RE Commercial ECO will f\u00fcr 97,5 Millionen zukaufen - IMMOBILIEN Business","og_description":"Die Remnex Anlagestiftung hat f\u00fcr Anlagegruppe Swiss RE Commercial Eco eine \u00d6ffnung angek\u00fcndigt. Angestrebt wird ein Emissionsvolumen von 80 Mio. CHF.","og_url":"https:\/\/www.immobilienbusiness.ch\/de\/unternehmen\/2023-03-08\/anlagegruppe-swiss-re-commercial-eco-will-fuer-975-millionen-zukaufen\/","og_site_name":"IMMOBILIEN Business","article_publisher":"https:\/\/www.facebook.com\/immobilienbusiness\/","article_published_time":"2023-03-08T04:00:13+00:00","og_image":[{"width":1920,"height":1357,"url":"https:\/\/www.immobilienbusiness.ch\/wp-content\/uploads\/2017\/10\/IB-News-20171030-Kapitalerhoehung-SF-Commercial-Properties-Fund-c-Pixabay.jpg","type":"image\/jpeg"}],"author":"Alexander Wachter","twitter_card":"summary_large_image","schema":{"@context":"https:\/\/schema.org","@graph":[{"@type":"Article","@id":"https:\/\/www.immobilienbusiness.ch\/unternehmen\/2023-03-08\/anlagegruppe-swiss-re-commercial-eco-will-fuer-975-millionen-zukaufen\/#article","isPartOf":{"@id":"https:\/\/www.immobilienbusiness.ch\/unternehmen\/2023-03-08\/anlagegruppe-swiss-re-commercial-eco-will-fuer-975-millionen-zukaufen\/"},"author":{"name":"Alexander Wachter","@id":"https:\/\/www.immobilienbusiness.ch\/#\/schema\/person\/aba8bea2db926aa0c24c08c43fe1fcd5"},"headline":"Anlagegruppe Swiss RE Commercial ECO will f\u00fcr 97,5 Millionen zukaufen","datePublished":"2023-03-08T04:00:13+00:00","mainEntityOfPage":{"@id":"https:\/\/www.immobilienbusiness.ch\/unternehmen\/2023-03-08\/anlagegruppe-swiss-re-commercial-eco-will-fuer-975-millionen-zukaufen\/"},"wordCount":165,"publisher":{"@id":"https:\/\/www.immobilienbusiness.ch\/#organization"},"image":{"@id":"https:\/\/www.immobilienbusiness.ch\/unternehmen\/2023-03-08\/anlagegruppe-swiss-re-commercial-eco-will-fuer-975-millionen-zukaufen\/#primaryimage"},"thumbnailUrl":"https:\/\/www.immobilienbusiness.ch\/wp-content\/uploads\/2017\/10\/IB-News-20171030-Kapitalerhoehung-SF-Commercial-Properties-Fund-c-Pixabay.jpg","keywords":["Anlagegruppe","\u00d6ffnung","Remnex","Swiss RE Commercial Eco"],"articleSection":["UNTERNEHMEN"],"inLanguage":"de"},{"@type":"WebPage","@id":"https:\/\/www.immobilienbusiness.ch\/unternehmen\/2023-03-08\/anlagegruppe-swiss-re-commercial-eco-will-fuer-975-millionen-zukaufen\/","url":"https:\/\/www.immobilienbusiness.ch\/unternehmen\/2023-03-08\/anlagegruppe-swiss-re-commercial-eco-will-fuer-975-millionen-zukaufen\/","name":"Anlagegruppe Swiss RE Commercial ECO will f\u00fcr 97,5 Millionen zukaufen - IMMOBILIEN Business","isPartOf":{"@id":"https:\/\/www.immobilienbusiness.ch\/#website"},"primaryImageOfPage":{"@id":"https:\/\/www.immobilienbusiness.ch\/unternehmen\/2023-03-08\/anlagegruppe-swiss-re-commercial-eco-will-fuer-975-millionen-zukaufen\/#primaryimage"},"image":{"@id":"https:\/\/www.immobilienbusiness.ch\/unternehmen\/2023-03-08\/anlagegruppe-swiss-re-commercial-eco-will-fuer-975-millionen-zukaufen\/#primaryimage"},"thumbnailUrl":"https:\/\/www.immobilienbusiness.ch\/wp-content\/uploads\/2017\/10\/IB-News-20171030-Kapitalerhoehung-SF-Commercial-Properties-Fund-c-Pixabay.jpg","datePublished":"2023-03-08T04:00:13+00:00","description":"Die Remnex Anlagestiftung hat f\u00fcr Anlagegruppe Swiss RE Commercial Eco eine \u00d6ffnung angek\u00fcndigt. Angestrebt wird ein Emissionsvolumen von 80 Mio. CHF.","breadcrumb":{"@id":"https:\/\/www.immobilienbusiness.ch\/unternehmen\/2023-03-08\/anlagegruppe-swiss-re-commercial-eco-will-fuer-975-millionen-zukaufen\/#breadcrumb"},"inLanguage":"de","potentialAction":[{"@type":"ReadAction","target":["https:\/\/www.immobilienbusiness.ch\/unternehmen\/2023-03-08\/anlagegruppe-swiss-re-commercial-eco-will-fuer-975-millionen-zukaufen\/"]}]},{"@type":"ImageObject","inLanguage":"de","@id":"https:\/\/www.immobilienbusiness.ch\/unternehmen\/2023-03-08\/anlagegruppe-swiss-re-commercial-eco-will-fuer-975-millionen-zukaufen\/#primaryimage","url":"https:\/\/www.immobilienbusiness.ch\/wp-content\/uploads\/2017\/10\/IB-News-20171030-Kapitalerhoehung-SF-Commercial-Properties-Fund-c-Pixabay.jpg","contentUrl":"https:\/\/www.immobilienbusiness.ch\/wp-content\/uploads\/2017\/10\/IB-News-20171030-Kapitalerhoehung-SF-Commercial-Properties-Fund-c-Pixabay.jpg","width":1920,"height":1357,"caption":"Die Anlagegruppe Swiss RE Commercial ECO soll weiter wachsen (Bild: Pixabay)"},{"@type":"BreadcrumbList","@id":"https:\/\/www.immobilienbusiness.ch\/unternehmen\/2023-03-08\/anlagegruppe-swiss-re-commercial-eco-will-fuer-975-millionen-zukaufen\/#breadcrumb","itemListElement":[{"@type":"ListItem","position":1,"name":"Home","item":"https:\/\/www.immobilienbusiness.ch\/"},{"@type":"ListItem","position":2,"name":"Anlagegruppe Swiss RE Commercial ECO will f\u00fcr 97,5 Millionen zukaufen"}]},{"@type":"WebSite","@id":"https:\/\/www.immobilienbusiness.ch\/#website","url":"https:\/\/www.immobilienbusiness.ch\/","name":"IMMOBILIEN Business","description":"Unabh\u00e4ngiges Schweizer Wirtschaftsmagazin mit Fokus auf Immobilien, Architektur- und Bau sowie Investment- und Finanzierung.","publisher":{"@id":"https:\/\/www.immobilienbusiness.ch\/#organization"},"potentialAction":[{"@type":"SearchAction","target":{"@type":"EntryPoint","urlTemplate":"https:\/\/www.immobilienbusiness.ch\/?s={search_term_string}"},"query-input":{"@type":"PropertyValueSpecification","valueRequired":true,"valueName":"search_term_string"}}],"inLanguage":"de"},{"@type":"Organization","@id":"https:\/\/www.immobilienbusiness.ch\/#organization","name":"IMMOBILIEN Business","url":"https:\/\/www.immobilienbusiness.ch\/","logo":{"@type":"ImageObject","inLanguage":"de","@id":"https:\/\/www.immobilienbusiness.ch\/#\/schema\/logo\/image\/","url":"https:\/\/www.immobilienbusiness.ch\/wp-content\/uploads\/2021\/07\/logo_ib.png","contentUrl":"https:\/\/www.immobilienbusiness.ch\/wp-content\/uploads\/2021\/07\/logo_ib.png","width":800,"height":181,"caption":"IMMOBILIEN Business"},"image":{"@id":"https:\/\/www.immobilienbusiness.ch\/#\/schema\/logo\/image\/"},"sameAs":["https:\/\/www.facebook.com\/immobilienbusiness\/"]},{"@type":"Person","@id":"https:\/\/www.immobilienbusiness.ch\/#\/schema\/person\/aba8bea2db926aa0c24c08c43fe1fcd5","name":"Alexander Wachter","image":{"@type":"ImageObject","inLanguage":"de","@id":"https:\/\/secure.gravatar.com\/avatar\/1a09e471f5389b0e0a6416eac287e0927c7c97a7b77f9e787eba3af7aee281dd?s=96&d=mm&r=g","url":"https:\/\/secure.gravatar.com\/avatar\/1a09e471f5389b0e0a6416eac287e0927c7c97a7b77f9e787eba3af7aee281dd?s=96&d=mm&r=g","contentUrl":"https:\/\/secure.gravatar.com\/avatar\/1a09e471f5389b0e0a6416eac287e0927c7c97a7b77f9e787eba3af7aee281dd?s=96&d=mm&r=g","caption":"Alexander Wachter"},"url":"https:\/\/www.immobilienbusiness.ch\/de\/author\/alexander-wachter\/"}]}},"_links":{"self":[{"href":"https:\/\/www.immobilienbusiness.ch\/de\/wp-json\/wp\/v2\/posts\/46073","targetHints":{"allow":["GET"]}}],"collection":[{"href":"https:\/\/www.immobilienbusiness.ch\/de\/wp-json\/wp\/v2\/posts"}],"about":[{"href":"https:\/\/www.immobilienbusiness.ch\/de\/wp-json\/wp\/v2\/types\/post"}],"author":[{"embeddable":true,"href":"https:\/\/www.immobilienbusiness.ch\/de\/wp-json\/wp\/v2\/users\/102"}],"replies":[{"embeddable":true,"href":"https:\/\/www.immobilienbusiness.ch\/de\/wp-json\/wp\/v2\/comments?post=46073"}],"version-history":[{"count":1,"href":"https:\/\/www.immobilienbusiness.ch\/de\/wp-json\/wp\/v2\/posts\/46073\/revisions"}],"predecessor-version":[{"id":46074,"href":"https:\/\/www.immobilienbusiness.ch\/de\/wp-json\/wp\/v2\/posts\/46073\/revisions\/46074"}],"wp:featuredmedia":[{"embeddable":true,"href":"https:\/\/www.immobilienbusiness.ch\/de\/wp-json\/wp\/v2\/media\/9822"}],"wp:attachment":[{"href":"https:\/\/www.immobilienbusiness.ch\/de\/wp-json\/wp\/v2\/media?parent=46073"}],"wp:term":[{"taxonomy":"category","embeddable":true,"href":"https:\/\/www.immobilienbusiness.ch\/de\/wp-json\/wp\/v2\/categories?post=46073"},{"taxonomy":"post_tag","embeddable":true,"href":"https:\/\/www.immobilienbusiness.ch\/de\/wp-json\/wp\/v2\/tags?post=46073"}],"curies":[{"name":"wp","href":"https:\/\/api.w.org\/{rel}","templated":true}]}}