{"id":46027,"date":"2023-03-03T06:00:07","date_gmt":"2023-03-03T05:00:07","guid":{"rendered":"https:\/\/www.immobilienbusiness.ch\/?p=46027"},"modified":"2023-03-09T09:33:45","modified_gmt":"2023-03-09T08:33:45","slug":"luzern-weitere-millionen-fuer-die-ueberbauung-des-ewl-areals","status":"publish","type":"post","link":"https:\/\/www.immobilienbusiness.ch\/de\/regionen\/2023-03-03\/luzern-weitere-millionen-fuer-die-ueberbauung-des-ewl-areals\/","title":{"rendered":"Luzern: Weitere Millionen f\u00fcr die \u00dcberbauung des EWL-Areals"},"content":{"rendered":"<figure id=\"attachment_19045\" aria-describedby=\"caption-attachment-19045\" style=\"width: 1026px\" class=\"wp-caption alignnone\"><a href=\"https:\/\/www.immobilienbusiness.ch\/wp-content\/uploads\/2019\/11\/siegerprojekt.jpg\"><img loading=\"lazy\" decoding=\"async\" class=\"wp-image-19045 size-full\" src=\"https:\/\/www.immobilienbusiness.ch\/wp-content\/uploads\/2019\/11\/siegerprojekt.jpg\" alt=\"\" width=\"1026\" height=\"684\" srcset=\"https:\/\/www.immobilienbusiness.ch\/wp-content\/uploads\/2019\/11\/siegerprojekt.jpg 1026w, https:\/\/www.immobilienbusiness.ch\/wp-content\/uploads\/2019\/11\/siegerprojekt-300x200.jpg 300w, https:\/\/www.immobilienbusiness.ch\/wp-content\/uploads\/2019\/11\/siegerprojekt-1024x683.jpg 1024w, https:\/\/www.immobilienbusiness.ch\/wp-content\/uploads\/2019\/11\/siegerprojekt-768x512.jpg 768w, https:\/\/www.immobilienbusiness.ch\/wp-content\/uploads\/2019\/11\/siegerprojekt-16x12.jpg 16w, https:\/\/www.immobilienbusiness.ch\/wp-content\/uploads\/2019\/11\/siegerprojekt-263x175.jpg 263w, https:\/\/www.immobilienbusiness.ch\/wp-content\/uploads\/2019\/11\/siegerprojekt-525x350.jpg 525w, https:\/\/www.immobilienbusiness.ch\/wp-content\/uploads\/2019\/11\/siegerprojekt-920x613.jpg 920w\" sizes=\"auto, (max-width: 1026px) 100vw, 1026px\" \/><\/a><figcaption id=\"caption-attachment-19045\" class=\"wp-caption-text\">Visualisierung der geplanten \u00dcberbauung auf dem EWL-Areal (Quelle: EWL Areal AG)<\/figcaption><\/figure>\n<p>Auf dem Areal der EWL AG sollen gemeinn\u00fctzige Wohnungen, Alterswohnungen, Gewerber\u00e4ume und B\u00fcror\u00e4ume f\u00fcr EWL Energie Wasser Luzern und die Stadt Luzern entstehen. Ausserdem sind eine neue Wache f\u00fcr die Feuerwehr sowie St\u00fctzpunkte f\u00fcr den Zivilschutz und den Rettungsdienst geplant. Umgesetzt wird das Vorhaben von der EWL Areal AG, an der die drei Hauptnutzerinnen EWL, Stadt Luzern und Allgemeine Baugenossenschaft Luzern (ABL) jeweils ein Drittel der Aktien halten.<\/p>\n<h3>Finanzmittel in dreistelliger Millionenh\u00f6he<\/h3>\n<p>F\u00fcr die Finanzierung der st\u00e4dtischen Anliegen hat der Stadtrat beim Grossen Stadtrat verschiedene Sonderkredite von insgesamt gut 133 Mio. CHF beantragt. Damit sollen das Aktienkapital der EWL Areal AG erh\u00f6ht, der Mieterausbau und die Mieten finanziert sowie der EWL Areal AG ein Darlehen von 50 Mio. CHF gew\u00e4hrt werden.<\/p>\n<p>Die Stadt Luzern verweist darauf, dass der geplante Nutzungsmix auf \u00f6ffentliche Bed\u00fcrfnisse zugeschnitten sei und nicht einer rendite-orientierten Ausnutzung des Areals entspreche. Der Businessplan der Projektgesellschaft zeige eine Gesamtrendite von lediglich 2,6 Prozent. Dies sei zwar grunds\u00e4tzlich vertretbar, allerdings befinde sich auch die Eigenkapitalquote auf einem tiefen Niveau. Aus Bankensicht d\u00fcrfte die Risikof\u00e4higkeit der EWL Areal AG deshalb nicht ausreichend gegeben sein, bef\u00fcrchtet die Stadt. Daher soll die Fremdfinanzierung mit einem nachrangigen st\u00e4dtischen Darlehen von 50 Mio. CHF unterst\u00fctzt werden. Der Grosse Stadtrat wird voraussichtlich Ende M\u00e4rz \u00fcber die Sonderkredite entscheiden. Aufgrund der H\u00f6he wird es eine Volksabstimmung geben. Diese soll im Juni stattfinden.<\/p>\n<h3>Baustart k\u00f6nnte 2024 sein<\/h3>\n<p>Das Projekt Rotpunkt, dass auf dem Areal realisiert werden soll, umfasst 90 gemeinn\u00fctzige Wohnungen der ABL. Viva Luzern will rund 60 altersgerechte Wohnungen realisieren. Das EWL-Geb\u00e4ude wird durch einen Neubau ersetzt. Auch die drei Dienstabteilungen Tiefbauamt, Umweltschutz und Geoinformationszentrum erhalten neue B\u00fcror\u00e4ume.<\/p>\n<p>Geplant ist auch eine neue Feuerwache f\u00fcr die Berufs- und Milizfeuerwehr inklusive eines Standorts f\u00fcr die Zivilschutzorganisation\u00a0 und eines St\u00fctzpunkts f\u00fcr den Rettungsdienst des Luzerner Kantonsspitals. Das ehemalige Apparategeb\u00e4ude \u2013 das \u00abRote Haus\u00bb \u2013, das im Bauinventar des Kantons Luzern als sch\u00fctzenswert eingetragen ist, bleibt erhalten. Es soll zu einem Treffpunkt f\u00fcr das Quartier und die \u00d6ffentlichkeit werden, so die Stadt.<\/p>\n<p>Im Sommer 2024 soll die erste Bauetappe starten, und f\u00fcr den Fr\u00fchling 2027 ist geplant, das neue EWL-Hauptgeb\u00e4ude und das Sheddach-Geb\u00e4ude in Betrieb zu nehmen. Bis 2030 sollen das Wohnhofgeb\u00e4ude und der St\u00fctzpunkt f\u00fcr die Blaulichtorganisationen realisiert werden. Durch die Etappierung k\u00f6nnen Provisorien vermieden werden. <em>(ah)<\/em><\/p>\n","protected":false},"excerpt":{"rendered":"<p>Auf dem EWL-Areal in Luzern ist der Bau eines Quartiers mit Wohnungen, Fl\u00e4chen f\u00fcr B\u00fcros und Gewerbe sowie unter anderem einer neuen Feuerwache geplant. Die Projektgesellschaft soll dazu weitere Finanzmittel erhalten.<\/p>\n","protected":false},"author":3,"featured_media":17577,"comment_status":"closed","ping_status":"closed","sticky":false,"template":"","format":"standard","meta":{"_acf_changed":false,"_yoast_wpseo_focuskw":"EWL","_yoast_wpseo_title":"","_yoast_wpseo_metadesc":"Auf dem EWL-Areal in Luzern ist der Bau eines Quartiers mit Wohnungen, Fl\u00e4chen f\u00fcr B\u00fcros und Gewerbe sowie unter anderem einer neuen Feuerwache geplant.","_yoast_wpseo_linkdex":67,"pgc_sgb_lightbox_settings":"","footnotes":""},"categories":[985],"tags":[1937,1459],"class_list":["post-46027","post","type-post","status-publish","format-standard","has-post-thumbnail","hentry","category-regionen","tag-arealentwicklung","tag-luzern"],"acf":[],"yoast_head":"<!-- This site is optimized with the Yoast SEO plugin v27.4 - https:\/\/yoast.com\/product\/yoast-seo-wordpress\/ -->\n<title>Luzern: Weitere Millionen f\u00fcr die \u00dcberbauung des EWL-Areals - IMMOBILIEN Business<\/title>\n<meta name=\"description\" content=\"Auf dem EWL-Areal in Luzern ist der Bau eines Quartiers mit Wohnungen, Fl\u00e4chen f\u00fcr B\u00fcros und Gewerbe sowie unter anderem einer neuen Feuerwache geplant.\" \/>\n<meta name=\"robots\" content=\"index, follow, max-snippet:-1, max-image-preview:large, max-video-preview:-1\" \/>\n<link rel=\"canonical\" href=\"https:\/\/www.immobilienbusiness.ch\/de\/regionen\/2023-03-03\/luzern-weitere-millionen-fuer-die-ueberbauung-des-ewl-areals\/\" \/>\n<meta property=\"og:locale\" content=\"de_DE\" \/>\n<meta property=\"og:type\" content=\"article\" \/>\n<meta property=\"og:title\" content=\"Luzern: Weitere Millionen f\u00fcr die \u00dcberbauung des EWL-Areals - IMMOBILIEN Business\" \/>\n<meta property=\"og:description\" content=\"Auf dem EWL-Areal in Luzern ist der Bau eines Quartiers mit Wohnungen, Fl\u00e4chen f\u00fcr B\u00fcros und Gewerbe sowie unter anderem einer neuen Feuerwache geplant.\" \/>\n<meta property=\"og:url\" content=\"https:\/\/www.immobilienbusiness.ch\/de\/regionen\/2023-03-03\/luzern-weitere-millionen-fuer-die-ueberbauung-des-ewl-areals\/\" \/>\n<meta property=\"og:site_name\" content=\"IMMOBILIEN Business\" \/>\n<meta property=\"article:publisher\" content=\"https:\/\/www.facebook.com\/immobilienbusiness\/\" \/>\n<meta property=\"article:published_time\" content=\"2023-03-03T05:00:07+00:00\" \/>\n<meta property=\"article:modified_time\" content=\"2023-03-09T08:33:45+00:00\" \/>\n<meta property=\"og:image\" content=\"https:\/\/www.immobilienbusiness.ch\/wp-content\/uploads\/2019\/07\/siegerprojekt.jpg\" \/>\n\t<meta property=\"og:image:width\" content=\"1026\" \/>\n\t<meta property=\"og:image:height\" content=\"684\" \/>\n\t<meta property=\"og:image:type\" content=\"image\/jpeg\" \/>\n<meta name=\"author\" content=\"anja.hall\" \/>\n<meta name=\"twitter:card\" content=\"summary_large_image\" \/>\n<meta name=\"twitter:image\" content=\"https:\/\/www.immobilienbusiness.ch\/wp-content\/uploads\/2019\/07\/siegerprojekt.jpg\" \/>\n<script type=\"application\/ld+json\" class=\"yoast-schema-graph\">{\"@context\":\"https:\\\/\\\/schema.org\",\"@graph\":[{\"@type\":\"Article\",\"@id\":\"https:\\\/\\\/www.immobilienbusiness.ch\\\/en\\\/regionen\\\/2023-03-03\\\/luzern-weitere-millionen-fuer-die-ueberbauung-des-ewl-areals\\\/#article\",\"isPartOf\":{\"@id\":\"https:\\\/\\\/www.immobilienbusiness.ch\\\/en\\\/regionen\\\/2023-03-03\\\/luzern-weitere-millionen-fuer-die-ueberbauung-des-ewl-areals\\\/\"},\"author\":{\"name\":\"anja.hall\",\"@id\":\"https:\\\/\\\/www.immobilienbusiness.ch\\\/#\\\/schema\\\/person\\\/3fc036297b10b9f42d6db5ee932af8c8\"},\"headline\":\"Luzern: Weitere Millionen f\u00fcr die \u00dcberbauung des EWL-Areals\",\"datePublished\":\"2023-03-03T05:00:07+00:00\",\"dateModified\":\"2023-03-09T08:33:45+00:00\",\"mainEntityOfPage\":{\"@id\":\"https:\\\/\\\/www.immobilienbusiness.ch\\\/en\\\/regionen\\\/2023-03-03\\\/luzern-weitere-millionen-fuer-die-ueberbauung-des-ewl-areals\\\/\"},\"wordCount\":435,\"publisher\":{\"@id\":\"https:\\\/\\\/www.immobilienbusiness.ch\\\/#organization\"},\"image\":{\"@id\":\"https:\\\/\\\/www.immobilienbusiness.ch\\\/en\\\/regionen\\\/2023-03-03\\\/luzern-weitere-millionen-fuer-die-ueberbauung-des-ewl-areals\\\/#primaryimage\"},\"thumbnailUrl\":\"https:\\\/\\\/www.immobilienbusiness.ch\\\/wp-content\\\/uploads\\\/2019\\\/07\\\/siegerprojekt.jpg\",\"keywords\":[\"Arealentwicklung\",\"Luzern\"],\"articleSection\":[\"REGIONEN\"],\"inLanguage\":\"de\"},{\"@type\":\"WebPage\",\"@id\":\"https:\\\/\\\/www.immobilienbusiness.ch\\\/en\\\/regionen\\\/2023-03-03\\\/luzern-weitere-millionen-fuer-die-ueberbauung-des-ewl-areals\\\/\",\"url\":\"https:\\\/\\\/www.immobilienbusiness.ch\\\/en\\\/regionen\\\/2023-03-03\\\/luzern-weitere-millionen-fuer-die-ueberbauung-des-ewl-areals\\\/\",\"name\":\"Luzern: Weitere Millionen f\u00fcr die \u00dcberbauung des EWL-Areals - IMMOBILIEN Business\",\"isPartOf\":{\"@id\":\"https:\\\/\\\/www.immobilienbusiness.ch\\\/#website\"},\"primaryImageOfPage\":{\"@id\":\"https:\\\/\\\/www.immobilienbusiness.ch\\\/en\\\/regionen\\\/2023-03-03\\\/luzern-weitere-millionen-fuer-die-ueberbauung-des-ewl-areals\\\/#primaryimage\"},\"image\":{\"@id\":\"https:\\\/\\\/www.immobilienbusiness.ch\\\/en\\\/regionen\\\/2023-03-03\\\/luzern-weitere-millionen-fuer-die-ueberbauung-des-ewl-areals\\\/#primaryimage\"},\"thumbnailUrl\":\"https:\\\/\\\/www.immobilienbusiness.ch\\\/wp-content\\\/uploads\\\/2019\\\/07\\\/siegerprojekt.jpg\",\"datePublished\":\"2023-03-03T05:00:07+00:00\",\"dateModified\":\"2023-03-09T08:33:45+00:00\",\"description\":\"Auf dem EWL-Areal in Luzern ist der Bau eines Quartiers mit Wohnungen, Fl\u00e4chen f\u00fcr B\u00fcros und Gewerbe sowie unter anderem einer neuen Feuerwache geplant.\",\"breadcrumb\":{\"@id\":\"https:\\\/\\\/www.immobilienbusiness.ch\\\/en\\\/regionen\\\/2023-03-03\\\/luzern-weitere-millionen-fuer-die-ueberbauung-des-ewl-areals\\\/#breadcrumb\"},\"inLanguage\":\"de\",\"potentialAction\":[{\"@type\":\"ReadAction\",\"target\":[\"https:\\\/\\\/www.immobilienbusiness.ch\\\/en\\\/regionen\\\/2023-03-03\\\/luzern-weitere-millionen-fuer-die-ueberbauung-des-ewl-areals\\\/\"]}]},{\"@type\":\"ImageObject\",\"inLanguage\":\"de\",\"@id\":\"https:\\\/\\\/www.immobilienbusiness.ch\\\/en\\\/regionen\\\/2023-03-03\\\/luzern-weitere-millionen-fuer-die-ueberbauung-des-ewl-areals\\\/#primaryimage\",\"url\":\"https:\\\/\\\/www.immobilienbusiness.ch\\\/wp-content\\\/uploads\\\/2019\\\/07\\\/siegerprojekt.jpg\",\"contentUrl\":\"https:\\\/\\\/www.immobilienbusiness.ch\\\/wp-content\\\/uploads\\\/2019\\\/07\\\/siegerprojekt.jpg\",\"width\":1026,\"height\":684,\"caption\":\"Visualisierung der geplanten \u00dcberbauung auf dem EWL-Areal (Quelle: EWL Areal AG)\"},{\"@type\":\"BreadcrumbList\",\"@id\":\"https:\\\/\\\/www.immobilienbusiness.ch\\\/en\\\/regionen\\\/2023-03-03\\\/luzern-weitere-millionen-fuer-die-ueberbauung-des-ewl-areals\\\/#breadcrumb\",\"itemListElement\":[{\"@type\":\"ListItem\",\"position\":1,\"name\":\"Home\",\"item\":\"https:\\\/\\\/www.immobilienbusiness.ch\\\/\"},{\"@type\":\"ListItem\",\"position\":2,\"name\":\"Luzern: Weitere Millionen f\u00fcr die \u00dcberbauung des EWL-Areals\"}]},{\"@type\":\"WebSite\",\"@id\":\"https:\\\/\\\/www.immobilienbusiness.ch\\\/#website\",\"url\":\"https:\\\/\\\/www.immobilienbusiness.ch\\\/\",\"name\":\"IMMOBILIEN Business\",\"description\":\"Unabh\u00e4ngiges Schweizer Wirtschaftsmagazin mit Fokus auf Immobilien, Architektur- und Bau sowie Investment- und Finanzierung.\",\"publisher\":{\"@id\":\"https:\\\/\\\/www.immobilienbusiness.ch\\\/#organization\"},\"potentialAction\":[{\"@type\":\"SearchAction\",\"target\":{\"@type\":\"EntryPoint\",\"urlTemplate\":\"https:\\\/\\\/www.immobilienbusiness.ch\\\/?s={search_term_string}\"},\"query-input\":{\"@type\":\"PropertyValueSpecification\",\"valueRequired\":true,\"valueName\":\"search_term_string\"}}],\"inLanguage\":\"de\"},{\"@type\":\"Organization\",\"@id\":\"https:\\\/\\\/www.immobilienbusiness.ch\\\/#organization\",\"name\":\"IMMOBILIEN Business\",\"url\":\"https:\\\/\\\/www.immobilienbusiness.ch\\\/\",\"logo\":{\"@type\":\"ImageObject\",\"inLanguage\":\"de\",\"@id\":\"https:\\\/\\\/www.immobilienbusiness.ch\\\/#\\\/schema\\\/logo\\\/image\\\/\",\"url\":\"https:\\\/\\\/www.immobilienbusiness.ch\\\/wp-content\\\/uploads\\\/2021\\\/07\\\/logo_ib.png\",\"contentUrl\":\"https:\\\/\\\/www.immobilienbusiness.ch\\\/wp-content\\\/uploads\\\/2021\\\/07\\\/logo_ib.png\",\"width\":800,\"height\":181,\"caption\":\"IMMOBILIEN Business\"},\"image\":{\"@id\":\"https:\\\/\\\/www.immobilienbusiness.ch\\\/#\\\/schema\\\/logo\\\/image\\\/\"},\"sameAs\":[\"https:\\\/\\\/www.facebook.com\\\/immobilienbusiness\\\/\"]},{\"@type\":\"Person\",\"@id\":\"https:\\\/\\\/www.immobilienbusiness.ch\\\/#\\\/schema\\\/person\\\/3fc036297b10b9f42d6db5ee932af8c8\",\"name\":\"anja.hall\",\"image\":{\"@type\":\"ImageObject\",\"inLanguage\":\"de\",\"@id\":\"https:\\\/\\\/secure.gravatar.com\\\/avatar\\\/066b5a0d447013502c71a5782f4f3469f03cfe595cc2329fb94652fe47511bfb?s=96&d=mm&r=g\",\"url\":\"https:\\\/\\\/secure.gravatar.com\\\/avatar\\\/066b5a0d447013502c71a5782f4f3469f03cfe595cc2329fb94652fe47511bfb?s=96&d=mm&r=g\",\"contentUrl\":\"https:\\\/\\\/secure.gravatar.com\\\/avatar\\\/066b5a0d447013502c71a5782f4f3469f03cfe595cc2329fb94652fe47511bfb?s=96&d=mm&r=g\",\"caption\":\"anja.hall\"},\"url\":\"https:\\\/\\\/www.immobilienbusiness.ch\\\/de\\\/author\\\/anja-hall\\\/\"}]}<\/script>\n<!-- \/ Yoast SEO plugin. -->","yoast_head_json":{"title":"Luzern: Weitere Millionen f\u00fcr die \u00dcberbauung des EWL-Areals - IMMOBILIEN Business","description":"Auf dem EWL-Areal in Luzern ist der Bau eines Quartiers mit Wohnungen, Fl\u00e4chen f\u00fcr B\u00fcros und Gewerbe sowie unter anderem einer neuen Feuerwache geplant.","robots":{"index":"index","follow":"follow","max-snippet":"max-snippet:-1","max-image-preview":"max-image-preview:large","max-video-preview":"max-video-preview:-1"},"canonical":"https:\/\/www.immobilienbusiness.ch\/de\/regionen\/2023-03-03\/luzern-weitere-millionen-fuer-die-ueberbauung-des-ewl-areals\/","og_locale":"de_DE","og_type":"article","og_title":"Luzern: Weitere Millionen f\u00fcr die \u00dcberbauung des EWL-Areals - IMMOBILIEN Business","og_description":"Auf dem EWL-Areal in Luzern ist der Bau eines Quartiers mit Wohnungen, Fl\u00e4chen f\u00fcr B\u00fcros und Gewerbe sowie unter anderem einer neuen Feuerwache geplant.","og_url":"https:\/\/www.immobilienbusiness.ch\/de\/regionen\/2023-03-03\/luzern-weitere-millionen-fuer-die-ueberbauung-des-ewl-areals\/","og_site_name":"IMMOBILIEN Business","article_publisher":"https:\/\/www.facebook.com\/immobilienbusiness\/","article_published_time":"2023-03-03T05:00:07+00:00","article_modified_time":"2023-03-09T08:33:45+00:00","og_image":[{"width":1026,"height":684,"url":"https:\/\/www.immobilienbusiness.ch\/wp-content\/uploads\/2019\/07\/siegerprojekt.jpg","type":"image\/jpeg"}],"author":"anja.hall","twitter_card":"summary_large_image","twitter_image":"https:\/\/www.immobilienbusiness.ch\/wp-content\/uploads\/2019\/07\/siegerprojekt.jpg","schema":{"@context":"https:\/\/schema.org","@graph":[{"@type":"Article","@id":"https:\/\/www.immobilienbusiness.ch\/en\/regionen\/2023-03-03\/luzern-weitere-millionen-fuer-die-ueberbauung-des-ewl-areals\/#article","isPartOf":{"@id":"https:\/\/www.immobilienbusiness.ch\/en\/regionen\/2023-03-03\/luzern-weitere-millionen-fuer-die-ueberbauung-des-ewl-areals\/"},"author":{"name":"anja.hall","@id":"https:\/\/www.immobilienbusiness.ch\/#\/schema\/person\/3fc036297b10b9f42d6db5ee932af8c8"},"headline":"Luzern: Weitere Millionen f\u00fcr die \u00dcberbauung des EWL-Areals","datePublished":"2023-03-03T05:00:07+00:00","dateModified":"2023-03-09T08:33:45+00:00","mainEntityOfPage":{"@id":"https:\/\/www.immobilienbusiness.ch\/en\/regionen\/2023-03-03\/luzern-weitere-millionen-fuer-die-ueberbauung-des-ewl-areals\/"},"wordCount":435,"publisher":{"@id":"https:\/\/www.immobilienbusiness.ch\/#organization"},"image":{"@id":"https:\/\/www.immobilienbusiness.ch\/en\/regionen\/2023-03-03\/luzern-weitere-millionen-fuer-die-ueberbauung-des-ewl-areals\/#primaryimage"},"thumbnailUrl":"https:\/\/www.immobilienbusiness.ch\/wp-content\/uploads\/2019\/07\/siegerprojekt.jpg","keywords":["Arealentwicklung","Luzern"],"articleSection":["REGIONEN"],"inLanguage":"de"},{"@type":"WebPage","@id":"https:\/\/www.immobilienbusiness.ch\/en\/regionen\/2023-03-03\/luzern-weitere-millionen-fuer-die-ueberbauung-des-ewl-areals\/","url":"https:\/\/www.immobilienbusiness.ch\/en\/regionen\/2023-03-03\/luzern-weitere-millionen-fuer-die-ueberbauung-des-ewl-areals\/","name":"Luzern: Weitere Millionen f\u00fcr die \u00dcberbauung des EWL-Areals - IMMOBILIEN Business","isPartOf":{"@id":"https:\/\/www.immobilienbusiness.ch\/#website"},"primaryImageOfPage":{"@id":"https:\/\/www.immobilienbusiness.ch\/en\/regionen\/2023-03-03\/luzern-weitere-millionen-fuer-die-ueberbauung-des-ewl-areals\/#primaryimage"},"image":{"@id":"https:\/\/www.immobilienbusiness.ch\/en\/regionen\/2023-03-03\/luzern-weitere-millionen-fuer-die-ueberbauung-des-ewl-areals\/#primaryimage"},"thumbnailUrl":"https:\/\/www.immobilienbusiness.ch\/wp-content\/uploads\/2019\/07\/siegerprojekt.jpg","datePublished":"2023-03-03T05:00:07+00:00","dateModified":"2023-03-09T08:33:45+00:00","description":"Auf dem EWL-Areal in Luzern ist der Bau eines Quartiers mit Wohnungen, Fl\u00e4chen f\u00fcr B\u00fcros und Gewerbe sowie unter anderem einer neuen Feuerwache geplant.","breadcrumb":{"@id":"https:\/\/www.immobilienbusiness.ch\/en\/regionen\/2023-03-03\/luzern-weitere-millionen-fuer-die-ueberbauung-des-ewl-areals\/#breadcrumb"},"inLanguage":"de","potentialAction":[{"@type":"ReadAction","target":["https:\/\/www.immobilienbusiness.ch\/en\/regionen\/2023-03-03\/luzern-weitere-millionen-fuer-die-ueberbauung-des-ewl-areals\/"]}]},{"@type":"ImageObject","inLanguage":"de","@id":"https:\/\/www.immobilienbusiness.ch\/en\/regionen\/2023-03-03\/luzern-weitere-millionen-fuer-die-ueberbauung-des-ewl-areals\/#primaryimage","url":"https:\/\/www.immobilienbusiness.ch\/wp-content\/uploads\/2019\/07\/siegerprojekt.jpg","contentUrl":"https:\/\/www.immobilienbusiness.ch\/wp-content\/uploads\/2019\/07\/siegerprojekt.jpg","width":1026,"height":684,"caption":"Visualisierung der geplanten \u00dcberbauung auf dem EWL-Areal (Quelle: EWL Areal AG)"},{"@type":"BreadcrumbList","@id":"https:\/\/www.immobilienbusiness.ch\/en\/regionen\/2023-03-03\/luzern-weitere-millionen-fuer-die-ueberbauung-des-ewl-areals\/#breadcrumb","itemListElement":[{"@type":"ListItem","position":1,"name":"Home","item":"https:\/\/www.immobilienbusiness.ch\/"},{"@type":"ListItem","position":2,"name":"Luzern: Weitere Millionen f\u00fcr die \u00dcberbauung des EWL-Areals"}]},{"@type":"WebSite","@id":"https:\/\/www.immobilienbusiness.ch\/#website","url":"https:\/\/www.immobilienbusiness.ch\/","name":"IMMOBILIEN Business","description":"Unabh\u00e4ngiges Schweizer Wirtschaftsmagazin mit Fokus auf Immobilien, Architektur- und Bau sowie Investment- und Finanzierung.","publisher":{"@id":"https:\/\/www.immobilienbusiness.ch\/#organization"},"potentialAction":[{"@type":"SearchAction","target":{"@type":"EntryPoint","urlTemplate":"https:\/\/www.immobilienbusiness.ch\/?s={search_term_string}"},"query-input":{"@type":"PropertyValueSpecification","valueRequired":true,"valueName":"search_term_string"}}],"inLanguage":"de"},{"@type":"Organization","@id":"https:\/\/www.immobilienbusiness.ch\/#organization","name":"IMMOBILIEN Business","url":"https:\/\/www.immobilienbusiness.ch\/","logo":{"@type":"ImageObject","inLanguage":"de","@id":"https:\/\/www.immobilienbusiness.ch\/#\/schema\/logo\/image\/","url":"https:\/\/www.immobilienbusiness.ch\/wp-content\/uploads\/2021\/07\/logo_ib.png","contentUrl":"https:\/\/www.immobilienbusiness.ch\/wp-content\/uploads\/2021\/07\/logo_ib.png","width":800,"height":181,"caption":"IMMOBILIEN Business"},"image":{"@id":"https:\/\/www.immobilienbusiness.ch\/#\/schema\/logo\/image\/"},"sameAs":["https:\/\/www.facebook.com\/immobilienbusiness\/"]},{"@type":"Person","@id":"https:\/\/www.immobilienbusiness.ch\/#\/schema\/person\/3fc036297b10b9f42d6db5ee932af8c8","name":"anja.hall","image":{"@type":"ImageObject","inLanguage":"de","@id":"https:\/\/secure.gravatar.com\/avatar\/066b5a0d447013502c71a5782f4f3469f03cfe595cc2329fb94652fe47511bfb?s=96&d=mm&r=g","url":"https:\/\/secure.gravatar.com\/avatar\/066b5a0d447013502c71a5782f4f3469f03cfe595cc2329fb94652fe47511bfb?s=96&d=mm&r=g","contentUrl":"https:\/\/secure.gravatar.com\/avatar\/066b5a0d447013502c71a5782f4f3469f03cfe595cc2329fb94652fe47511bfb?s=96&d=mm&r=g","caption":"anja.hall"},"url":"https:\/\/www.immobilienbusiness.ch\/de\/author\/anja-hall\/"}]}},"_links":{"self":[{"href":"https:\/\/www.immobilienbusiness.ch\/de\/wp-json\/wp\/v2\/posts\/46027","targetHints":{"allow":["GET"]}}],"collection":[{"href":"https:\/\/www.immobilienbusiness.ch\/de\/wp-json\/wp\/v2\/posts"}],"about":[{"href":"https:\/\/www.immobilienbusiness.ch\/de\/wp-json\/wp\/v2\/types\/post"}],"author":[{"embeddable":true,"href":"https:\/\/www.immobilienbusiness.ch\/de\/wp-json\/wp\/v2\/users\/3"}],"replies":[{"embeddable":true,"href":"https:\/\/www.immobilienbusiness.ch\/de\/wp-json\/wp\/v2\/comments?post=46027"}],"version-history":[{"count":3,"href":"https:\/\/www.immobilienbusiness.ch\/de\/wp-json\/wp\/v2\/posts\/46027\/revisions"}],"predecessor-version":[{"id":46089,"href":"https:\/\/www.immobilienbusiness.ch\/de\/wp-json\/wp\/v2\/posts\/46027\/revisions\/46089"}],"wp:featuredmedia":[{"embeddable":true,"href":"https:\/\/www.immobilienbusiness.ch\/de\/wp-json\/wp\/v2\/media\/17577"}],"wp:attachment":[{"href":"https:\/\/www.immobilienbusiness.ch\/de\/wp-json\/wp\/v2\/media?parent=46027"}],"wp:term":[{"taxonomy":"category","embeddable":true,"href":"https:\/\/www.immobilienbusiness.ch\/de\/wp-json\/wp\/v2\/categories?post=46027"},{"taxonomy":"post_tag","embeddable":true,"href":"https:\/\/www.immobilienbusiness.ch\/de\/wp-json\/wp\/v2\/tags?post=46027"}],"curies":[{"name":"wp","href":"https:\/\/api.w.org\/{rel}","templated":true}]}}