{"id":45974,"date":"2023-03-01T05:15:49","date_gmt":"2023-03-01T04:15:49","guid":{"rendered":"https:\/\/www.immobilienbusiness.ch\/?p=45974"},"modified":"2023-03-02T09:09:42","modified_gmt":"2023-03-02T08:09:42","slug":"la-fonciere-ernennt-christian-donze-zum-verwaltungsratspraesidenten","status":"publish","type":"post","link":"https:\/\/www.immobilienbusiness.ch\/de\/personalia\/2023-03-01\/la-fonciere-ernennt-christian-donze-zum-verwaltungsratspraesidenten\/","title":{"rendered":"Investissements Fonciers mit neuem Verwaltungsratspr\u00e4sidenten"},"content":{"rendered":"<figure id=\"attachment_45975\" aria-describedby=\"caption-attachment-45975\" style=\"width: 557px\" class=\"wp-caption alignnone\"><a href=\"https:\/\/www.immobilienbusiness.ch\/wp-content\/uploads\/2023\/02\/Christian-Donze.png\"><img loading=\"lazy\" decoding=\"async\" class=\"size-full wp-image-45975\" src=\"https:\/\/www.immobilienbusiness.ch\/wp-content\/uploads\/2023\/02\/Christian-Donze.png\" alt=\"\" width=\"557\" height=\"586\" srcset=\"https:\/\/www.immobilienbusiness.ch\/wp-content\/uploads\/2023\/02\/Christian-Donze.png 557w, https:\/\/www.immobilienbusiness.ch\/wp-content\/uploads\/2023\/02\/Christian-Donze-285x300.png 285w, https:\/\/www.immobilienbusiness.ch\/wp-content\/uploads\/2023\/02\/Christian-Donze-11x12.png 11w, https:\/\/www.immobilienbusiness.ch\/wp-content\/uploads\/2023\/02\/Christian-Donze-333x350.png 333w\" sizes=\"auto, (max-width: 557px) 100vw, 557px\" \/><\/a><figcaption id=\"caption-attachment-45975\" class=\"wp-caption-text\">Christian Donz\u00e9 (Bild: WKB)<\/figcaption><\/figure>\n<p>Donz\u00e9 war bereits am 1. Januar 2021 als Vizepr\u00e4sident in den Verwaltungsrat getreten. Er ist derzeit stellvertretender Vorsitzender der Generaldirektion der Walliser Kantonalbank, Sitten, und seit 2014 Mitglied der Generaldirektion der WKB. Er leitet die Division Finanzen und Kredite und wurde im Januar 2021 zum Vizepr\u00e4sidenten der Generaldirektion ernannt. Christian Donz\u00e9 tritt die Nachfolge von Albert Michel an, der seit 2004 Pr\u00e4sident des Verwaltungsrats war und im November letzten Jahres starb.<\/p>\n<p>Der Verwaltungsrat ernannte zudem die Architektin und Stadtplanerin B\u00e9n\u00e9dicte Montant zur neuen Sch\u00e4tzungsexpertin f\u00fcr La Fonci\u00e8re. Sie ist Mitbegr\u00fcnderin und gesch\u00e4ftsf\u00fchrende Partnerin des Architekturb\u00fcros 3BM3 AG in Genf.<\/p>\n<p>Der Verwaltungsrat von Investissements Fonciers SA besteht neben Christian Donz\u00e9 aus Blaise Goetschin, Pr\u00e4sident der Generaldirektion der Banque Cantonal de Genen\u00e8ve, Jean-Philippe Rochat, Partner in der Anwaltskanzlei Kellerhals Carrard, und dem Bankfachmann Michael Bloch. <i>(aw)<\/i><\/p>\n","protected":false},"excerpt":{"rendered":"<p>Christian Donz\u00e9 ist neuer Pr\u00e4sident des Verwaltungsrats der Investissements Fonciers SA, der Fondsleitung des Schweizer Immobilienfonds La Fonci\u00e8re.<\/p>\n","protected":false},"author":102,"featured_media":45975,"comment_status":"closed","ping_status":"closed","sticky":false,"template":"","format":"standard","meta":{"_acf_changed":false,"_yoast_wpseo_focuskw":"Verwaltungsrat","_yoast_wpseo_title":"","_yoast_wpseo_metadesc":"Christian Donz\u00e9 ist neuer Pr\u00e4sident des Verwaltungsrats der Investissements Fonciers SA, der Fondsleitung des Schweizer Immobilienfonds La Fonci\u00e8re.","_yoast_wpseo_linkdex":48,"pgc_sgb_lightbox_settings":"","footnotes":""},"categories":[1912],"tags":[1431,1563],"class_list":["post-45974","post","type-post","status-publish","format-standard","has-post-thumbnail","hentry","category-personalia","tag-la-fonciere","tag-personalia"],"acf":[],"yoast_head":"<!-- This site is optimized with the Yoast SEO plugin v27.5 - https:\/\/yoast.com\/product\/yoast-seo-wordpress\/ -->\n<title>Investissements Fonciers mit neuem Verwaltungsratspr\u00e4sidenten - IMMOBILIEN Business<\/title>\n<meta name=\"description\" content=\"Christian Donz\u00e9 ist neuer Pr\u00e4sident des Verwaltungsrats der Investissements Fonciers SA, der Fondsleitung des Schweizer Immobilienfonds La Fonci\u00e8re.\" \/>\n<meta name=\"robots\" content=\"index, follow, max-snippet:-1, max-image-preview:large, max-video-preview:-1\" \/>\n<link rel=\"canonical\" href=\"https:\/\/www.immobilienbusiness.ch\/de\/personalia\/2023-03-01\/la-fonciere-ernennt-christian-donze-zum-verwaltungsratspraesidenten\/\" \/>\n<meta property=\"og:locale\" content=\"de_DE\" \/>\n<meta property=\"og:type\" content=\"article\" \/>\n<meta property=\"og:title\" content=\"Investissements Fonciers mit neuem Verwaltungsratspr\u00e4sidenten - IMMOBILIEN Business\" \/>\n<meta property=\"og:description\" content=\"Christian Donz\u00e9 ist neuer Pr\u00e4sident des Verwaltungsrats der Investissements Fonciers SA, der Fondsleitung des Schweizer Immobilienfonds La Fonci\u00e8re.\" \/>\n<meta property=\"og:url\" content=\"https:\/\/www.immobilienbusiness.ch\/de\/personalia\/2023-03-01\/la-fonciere-ernennt-christian-donze-zum-verwaltungsratspraesidenten\/\" \/>\n<meta property=\"og:site_name\" content=\"IMMOBILIEN Business\" \/>\n<meta property=\"article:publisher\" content=\"https:\/\/www.facebook.com\/immobilienbusiness\/\" \/>\n<meta property=\"article:published_time\" content=\"2023-03-01T04:15:49+00:00\" \/>\n<meta property=\"article:modified_time\" content=\"2023-03-02T08:09:42+00:00\" \/>\n<meta property=\"og:image\" content=\"https:\/\/www.immobilienbusiness.ch\/wp-content\/uploads\/2023\/02\/Christian-Donze.png\" \/>\n\t<meta property=\"og:image:width\" content=\"557\" \/>\n\t<meta property=\"og:image:height\" content=\"586\" \/>\n\t<meta property=\"og:image:type\" content=\"image\/png\" \/>\n<meta name=\"author\" content=\"Alexander Wachter\" \/>\n<meta name=\"twitter:card\" content=\"summary_large_image\" \/>\n<script type=\"application\/ld+json\" class=\"yoast-schema-graph\">{\"@context\":\"https:\\\/\\\/schema.org\",\"@graph\":[{\"@type\":\"Article\",\"@id\":\"https:\\\/\\\/www.immobilienbusiness.ch\\\/en\\\/personalia\\\/2023-03-01\\\/la-fonciere-ernennt-christian-donze-zum-verwaltungsratspraesidenten\\\/#article\",\"isPartOf\":{\"@id\":\"https:\\\/\\\/www.immobilienbusiness.ch\\\/en\\\/personalia\\\/2023-03-01\\\/la-fonciere-ernennt-christian-donze-zum-verwaltungsratspraesidenten\\\/\"},\"author\":{\"name\":\"Alexander Wachter\",\"@id\":\"https:\\\/\\\/www.immobilienbusiness.ch\\\/#\\\/schema\\\/person\\\/aba8bea2db926aa0c24c08c43fe1fcd5\"},\"headline\":\"Investissements Fonciers mit neuem Verwaltungsratspr\u00e4sidenten\",\"datePublished\":\"2023-03-01T04:15:49+00:00\",\"dateModified\":\"2023-03-02T08:09:42+00:00\",\"mainEntityOfPage\":{\"@id\":\"https:\\\/\\\/www.immobilienbusiness.ch\\\/en\\\/personalia\\\/2023-03-01\\\/la-fonciere-ernennt-christian-donze-zum-verwaltungsratspraesidenten\\\/\"},\"wordCount\":160,\"publisher\":{\"@id\":\"https:\\\/\\\/www.immobilienbusiness.ch\\\/#organization\"},\"image\":{\"@id\":\"https:\\\/\\\/www.immobilienbusiness.ch\\\/en\\\/personalia\\\/2023-03-01\\\/la-fonciere-ernennt-christian-donze-zum-verwaltungsratspraesidenten\\\/#primaryimage\"},\"thumbnailUrl\":\"https:\\\/\\\/www.immobilienbusiness.ch\\\/wp-content\\\/uploads\\\/2023\\\/02\\\/Christian-Donze.png\",\"keywords\":[\"La Fonci\u00e8re\",\"Personalia\"],\"articleSection\":[\"PERSONALIA\"],\"inLanguage\":\"de\"},{\"@type\":\"WebPage\",\"@id\":\"https:\\\/\\\/www.immobilienbusiness.ch\\\/en\\\/personalia\\\/2023-03-01\\\/la-fonciere-ernennt-christian-donze-zum-verwaltungsratspraesidenten\\\/\",\"url\":\"https:\\\/\\\/www.immobilienbusiness.ch\\\/en\\\/personalia\\\/2023-03-01\\\/la-fonciere-ernennt-christian-donze-zum-verwaltungsratspraesidenten\\\/\",\"name\":\"Investissements Fonciers mit neuem Verwaltungsratspr\u00e4sidenten - IMMOBILIEN Business\",\"isPartOf\":{\"@id\":\"https:\\\/\\\/www.immobilienbusiness.ch\\\/#website\"},\"primaryImageOfPage\":{\"@id\":\"https:\\\/\\\/www.immobilienbusiness.ch\\\/en\\\/personalia\\\/2023-03-01\\\/la-fonciere-ernennt-christian-donze-zum-verwaltungsratspraesidenten\\\/#primaryimage\"},\"image\":{\"@id\":\"https:\\\/\\\/www.immobilienbusiness.ch\\\/en\\\/personalia\\\/2023-03-01\\\/la-fonciere-ernennt-christian-donze-zum-verwaltungsratspraesidenten\\\/#primaryimage\"},\"thumbnailUrl\":\"https:\\\/\\\/www.immobilienbusiness.ch\\\/wp-content\\\/uploads\\\/2023\\\/02\\\/Christian-Donze.png\",\"datePublished\":\"2023-03-01T04:15:49+00:00\",\"dateModified\":\"2023-03-02T08:09:42+00:00\",\"description\":\"Christian Donz\u00e9 ist neuer Pr\u00e4sident des Verwaltungsrats der Investissements Fonciers SA, der Fondsleitung des Schweizer Immobilienfonds La Fonci\u00e8re.\",\"breadcrumb\":{\"@id\":\"https:\\\/\\\/www.immobilienbusiness.ch\\\/en\\\/personalia\\\/2023-03-01\\\/la-fonciere-ernennt-christian-donze-zum-verwaltungsratspraesidenten\\\/#breadcrumb\"},\"inLanguage\":\"de\",\"potentialAction\":[{\"@type\":\"ReadAction\",\"target\":[\"https:\\\/\\\/www.immobilienbusiness.ch\\\/en\\\/personalia\\\/2023-03-01\\\/la-fonciere-ernennt-christian-donze-zum-verwaltungsratspraesidenten\\\/\"]}]},{\"@type\":\"ImageObject\",\"inLanguage\":\"de\",\"@id\":\"https:\\\/\\\/www.immobilienbusiness.ch\\\/en\\\/personalia\\\/2023-03-01\\\/la-fonciere-ernennt-christian-donze-zum-verwaltungsratspraesidenten\\\/#primaryimage\",\"url\":\"https:\\\/\\\/www.immobilienbusiness.ch\\\/wp-content\\\/uploads\\\/2023\\\/02\\\/Christian-Donze.png\",\"contentUrl\":\"https:\\\/\\\/www.immobilienbusiness.ch\\\/wp-content\\\/uploads\\\/2023\\\/02\\\/Christian-Donze.png\",\"width\":557,\"height\":586,\"caption\":\"Christian Donz\u00e9 (Bild: WKB)\"},{\"@type\":\"BreadcrumbList\",\"@id\":\"https:\\\/\\\/www.immobilienbusiness.ch\\\/en\\\/personalia\\\/2023-03-01\\\/la-fonciere-ernennt-christian-donze-zum-verwaltungsratspraesidenten\\\/#breadcrumb\",\"itemListElement\":[{\"@type\":\"ListItem\",\"position\":1,\"name\":\"Home\",\"item\":\"https:\\\/\\\/www.immobilienbusiness.ch\\\/\"},{\"@type\":\"ListItem\",\"position\":2,\"name\":\"Investissements Fonciers mit neuem Verwaltungsratspr\u00e4sidenten\"}]},{\"@type\":\"WebSite\",\"@id\":\"https:\\\/\\\/www.immobilienbusiness.ch\\\/#website\",\"url\":\"https:\\\/\\\/www.immobilienbusiness.ch\\\/\",\"name\":\"IMMOBILIEN Business\",\"description\":\"Unabh\u00e4ngiges Schweizer Wirtschaftsmagazin mit Fokus auf Immobilien, Architektur- und Bau sowie Investment- und Finanzierung.\",\"publisher\":{\"@id\":\"https:\\\/\\\/www.immobilienbusiness.ch\\\/#organization\"},\"potentialAction\":[{\"@type\":\"SearchAction\",\"target\":{\"@type\":\"EntryPoint\",\"urlTemplate\":\"https:\\\/\\\/www.immobilienbusiness.ch\\\/?s={search_term_string}\"},\"query-input\":{\"@type\":\"PropertyValueSpecification\",\"valueRequired\":true,\"valueName\":\"search_term_string\"}}],\"inLanguage\":\"de\"},{\"@type\":\"Organization\",\"@id\":\"https:\\\/\\\/www.immobilienbusiness.ch\\\/#organization\",\"name\":\"IMMOBILIEN Business\",\"url\":\"https:\\\/\\\/www.immobilienbusiness.ch\\\/\",\"logo\":{\"@type\":\"ImageObject\",\"inLanguage\":\"de\",\"@id\":\"https:\\\/\\\/www.immobilienbusiness.ch\\\/#\\\/schema\\\/logo\\\/image\\\/\",\"url\":\"https:\\\/\\\/www.immobilienbusiness.ch\\\/wp-content\\\/uploads\\\/2021\\\/07\\\/logo_ib.png\",\"contentUrl\":\"https:\\\/\\\/www.immobilienbusiness.ch\\\/wp-content\\\/uploads\\\/2021\\\/07\\\/logo_ib.png\",\"width\":800,\"height\":181,\"caption\":\"IMMOBILIEN Business\"},\"image\":{\"@id\":\"https:\\\/\\\/www.immobilienbusiness.ch\\\/#\\\/schema\\\/logo\\\/image\\\/\"},\"sameAs\":[\"https:\\\/\\\/www.facebook.com\\\/immobilienbusiness\\\/\"]},{\"@type\":\"Person\",\"@id\":\"https:\\\/\\\/www.immobilienbusiness.ch\\\/#\\\/schema\\\/person\\\/aba8bea2db926aa0c24c08c43fe1fcd5\",\"name\":\"Alexander Wachter\",\"image\":{\"@type\":\"ImageObject\",\"inLanguage\":\"de\",\"@id\":\"https:\\\/\\\/secure.gravatar.com\\\/avatar\\\/1a09e471f5389b0e0a6416eac287e0927c7c97a7b77f9e787eba3af7aee281dd?s=96&d=mm&r=g\",\"url\":\"https:\\\/\\\/secure.gravatar.com\\\/avatar\\\/1a09e471f5389b0e0a6416eac287e0927c7c97a7b77f9e787eba3af7aee281dd?s=96&d=mm&r=g\",\"contentUrl\":\"https:\\\/\\\/secure.gravatar.com\\\/avatar\\\/1a09e471f5389b0e0a6416eac287e0927c7c97a7b77f9e787eba3af7aee281dd?s=96&d=mm&r=g\",\"caption\":\"Alexander Wachter\"},\"url\":\"https:\\\/\\\/www.immobilienbusiness.ch\\\/de\\\/author\\\/alexander-wachter\\\/\"}]}<\/script>\n<!-- \/ Yoast SEO plugin. -->","yoast_head_json":{"title":"Investissements Fonciers mit neuem Verwaltungsratspr\u00e4sidenten - IMMOBILIEN Business","description":"Christian Donz\u00e9 ist neuer Pr\u00e4sident des Verwaltungsrats der Investissements Fonciers SA, der Fondsleitung des Schweizer Immobilienfonds La Fonci\u00e8re.","robots":{"index":"index","follow":"follow","max-snippet":"max-snippet:-1","max-image-preview":"max-image-preview:large","max-video-preview":"max-video-preview:-1"},"canonical":"https:\/\/www.immobilienbusiness.ch\/de\/personalia\/2023-03-01\/la-fonciere-ernennt-christian-donze-zum-verwaltungsratspraesidenten\/","og_locale":"de_DE","og_type":"article","og_title":"Investissements Fonciers mit neuem Verwaltungsratspr\u00e4sidenten - IMMOBILIEN Business","og_description":"Christian Donz\u00e9 ist neuer Pr\u00e4sident des Verwaltungsrats der Investissements Fonciers SA, der Fondsleitung des Schweizer Immobilienfonds La Fonci\u00e8re.","og_url":"https:\/\/www.immobilienbusiness.ch\/de\/personalia\/2023-03-01\/la-fonciere-ernennt-christian-donze-zum-verwaltungsratspraesidenten\/","og_site_name":"IMMOBILIEN Business","article_publisher":"https:\/\/www.facebook.com\/immobilienbusiness\/","article_published_time":"2023-03-01T04:15:49+00:00","article_modified_time":"2023-03-02T08:09:42+00:00","og_image":[{"width":557,"height":586,"url":"https:\/\/www.immobilienbusiness.ch\/wp-content\/uploads\/2023\/02\/Christian-Donze.png","type":"image\/png"}],"author":"Alexander Wachter","twitter_card":"summary_large_image","schema":{"@context":"https:\/\/schema.org","@graph":[{"@type":"Article","@id":"https:\/\/www.immobilienbusiness.ch\/en\/personalia\/2023-03-01\/la-fonciere-ernennt-christian-donze-zum-verwaltungsratspraesidenten\/#article","isPartOf":{"@id":"https:\/\/www.immobilienbusiness.ch\/en\/personalia\/2023-03-01\/la-fonciere-ernennt-christian-donze-zum-verwaltungsratspraesidenten\/"},"author":{"name":"Alexander Wachter","@id":"https:\/\/www.immobilienbusiness.ch\/#\/schema\/person\/aba8bea2db926aa0c24c08c43fe1fcd5"},"headline":"Investissements Fonciers mit neuem Verwaltungsratspr\u00e4sidenten","datePublished":"2023-03-01T04:15:49+00:00","dateModified":"2023-03-02T08:09:42+00:00","mainEntityOfPage":{"@id":"https:\/\/www.immobilienbusiness.ch\/en\/personalia\/2023-03-01\/la-fonciere-ernennt-christian-donze-zum-verwaltungsratspraesidenten\/"},"wordCount":160,"publisher":{"@id":"https:\/\/www.immobilienbusiness.ch\/#organization"},"image":{"@id":"https:\/\/www.immobilienbusiness.ch\/en\/personalia\/2023-03-01\/la-fonciere-ernennt-christian-donze-zum-verwaltungsratspraesidenten\/#primaryimage"},"thumbnailUrl":"https:\/\/www.immobilienbusiness.ch\/wp-content\/uploads\/2023\/02\/Christian-Donze.png","keywords":["La Fonci\u00e8re","Personalia"],"articleSection":["PERSONALIA"],"inLanguage":"de"},{"@type":"WebPage","@id":"https:\/\/www.immobilienbusiness.ch\/en\/personalia\/2023-03-01\/la-fonciere-ernennt-christian-donze-zum-verwaltungsratspraesidenten\/","url":"https:\/\/www.immobilienbusiness.ch\/en\/personalia\/2023-03-01\/la-fonciere-ernennt-christian-donze-zum-verwaltungsratspraesidenten\/","name":"Investissements Fonciers mit neuem Verwaltungsratspr\u00e4sidenten - IMMOBILIEN Business","isPartOf":{"@id":"https:\/\/www.immobilienbusiness.ch\/#website"},"primaryImageOfPage":{"@id":"https:\/\/www.immobilienbusiness.ch\/en\/personalia\/2023-03-01\/la-fonciere-ernennt-christian-donze-zum-verwaltungsratspraesidenten\/#primaryimage"},"image":{"@id":"https:\/\/www.immobilienbusiness.ch\/en\/personalia\/2023-03-01\/la-fonciere-ernennt-christian-donze-zum-verwaltungsratspraesidenten\/#primaryimage"},"thumbnailUrl":"https:\/\/www.immobilienbusiness.ch\/wp-content\/uploads\/2023\/02\/Christian-Donze.png","datePublished":"2023-03-01T04:15:49+00:00","dateModified":"2023-03-02T08:09:42+00:00","description":"Christian Donz\u00e9 ist neuer Pr\u00e4sident des Verwaltungsrats der Investissements Fonciers SA, der Fondsleitung des Schweizer Immobilienfonds La Fonci\u00e8re.","breadcrumb":{"@id":"https:\/\/www.immobilienbusiness.ch\/en\/personalia\/2023-03-01\/la-fonciere-ernennt-christian-donze-zum-verwaltungsratspraesidenten\/#breadcrumb"},"inLanguage":"de","potentialAction":[{"@type":"ReadAction","target":["https:\/\/www.immobilienbusiness.ch\/en\/personalia\/2023-03-01\/la-fonciere-ernennt-christian-donze-zum-verwaltungsratspraesidenten\/"]}]},{"@type":"ImageObject","inLanguage":"de","@id":"https:\/\/www.immobilienbusiness.ch\/en\/personalia\/2023-03-01\/la-fonciere-ernennt-christian-donze-zum-verwaltungsratspraesidenten\/#primaryimage","url":"https:\/\/www.immobilienbusiness.ch\/wp-content\/uploads\/2023\/02\/Christian-Donze.png","contentUrl":"https:\/\/www.immobilienbusiness.ch\/wp-content\/uploads\/2023\/02\/Christian-Donze.png","width":557,"height":586,"caption":"Christian Donz\u00e9 (Bild: WKB)"},{"@type":"BreadcrumbList","@id":"https:\/\/www.immobilienbusiness.ch\/en\/personalia\/2023-03-01\/la-fonciere-ernennt-christian-donze-zum-verwaltungsratspraesidenten\/#breadcrumb","itemListElement":[{"@type":"ListItem","position":1,"name":"Home","item":"https:\/\/www.immobilienbusiness.ch\/"},{"@type":"ListItem","position":2,"name":"Investissements Fonciers mit neuem Verwaltungsratspr\u00e4sidenten"}]},{"@type":"WebSite","@id":"https:\/\/www.immobilienbusiness.ch\/#website","url":"https:\/\/www.immobilienbusiness.ch\/","name":"IMMOBILIEN Business","description":"Unabh\u00e4ngiges Schweizer Wirtschaftsmagazin mit Fokus auf Immobilien, Architektur- und Bau sowie Investment- und Finanzierung.","publisher":{"@id":"https:\/\/www.immobilienbusiness.ch\/#organization"},"potentialAction":[{"@type":"SearchAction","target":{"@type":"EntryPoint","urlTemplate":"https:\/\/www.immobilienbusiness.ch\/?s={search_term_string}"},"query-input":{"@type":"PropertyValueSpecification","valueRequired":true,"valueName":"search_term_string"}}],"inLanguage":"de"},{"@type":"Organization","@id":"https:\/\/www.immobilienbusiness.ch\/#organization","name":"IMMOBILIEN Business","url":"https:\/\/www.immobilienbusiness.ch\/","logo":{"@type":"ImageObject","inLanguage":"de","@id":"https:\/\/www.immobilienbusiness.ch\/#\/schema\/logo\/image\/","url":"https:\/\/www.immobilienbusiness.ch\/wp-content\/uploads\/2021\/07\/logo_ib.png","contentUrl":"https:\/\/www.immobilienbusiness.ch\/wp-content\/uploads\/2021\/07\/logo_ib.png","width":800,"height":181,"caption":"IMMOBILIEN Business"},"image":{"@id":"https:\/\/www.immobilienbusiness.ch\/#\/schema\/logo\/image\/"},"sameAs":["https:\/\/www.facebook.com\/immobilienbusiness\/"]},{"@type":"Person","@id":"https:\/\/www.immobilienbusiness.ch\/#\/schema\/person\/aba8bea2db926aa0c24c08c43fe1fcd5","name":"Alexander Wachter","image":{"@type":"ImageObject","inLanguage":"de","@id":"https:\/\/secure.gravatar.com\/avatar\/1a09e471f5389b0e0a6416eac287e0927c7c97a7b77f9e787eba3af7aee281dd?s=96&d=mm&r=g","url":"https:\/\/secure.gravatar.com\/avatar\/1a09e471f5389b0e0a6416eac287e0927c7c97a7b77f9e787eba3af7aee281dd?s=96&d=mm&r=g","contentUrl":"https:\/\/secure.gravatar.com\/avatar\/1a09e471f5389b0e0a6416eac287e0927c7c97a7b77f9e787eba3af7aee281dd?s=96&d=mm&r=g","caption":"Alexander Wachter"},"url":"https:\/\/www.immobilienbusiness.ch\/de\/author\/alexander-wachter\/"}]}},"_links":{"self":[{"href":"https:\/\/www.immobilienbusiness.ch\/de\/wp-json\/wp\/v2\/posts\/45974","targetHints":{"allow":["GET"]}}],"collection":[{"href":"https:\/\/www.immobilienbusiness.ch\/de\/wp-json\/wp\/v2\/posts"}],"about":[{"href":"https:\/\/www.immobilienbusiness.ch\/de\/wp-json\/wp\/v2\/types\/post"}],"author":[{"embeddable":true,"href":"https:\/\/www.immobilienbusiness.ch\/de\/wp-json\/wp\/v2\/users\/102"}],"replies":[{"embeddable":true,"href":"https:\/\/www.immobilienbusiness.ch\/de\/wp-json\/wp\/v2\/comments?post=45974"}],"version-history":[{"count":6,"href":"https:\/\/www.immobilienbusiness.ch\/de\/wp-json\/wp\/v2\/posts\/45974\/revisions"}],"predecessor-version":[{"id":46020,"href":"https:\/\/www.immobilienbusiness.ch\/de\/wp-json\/wp\/v2\/posts\/45974\/revisions\/46020"}],"wp:featuredmedia":[{"embeddable":true,"href":"https:\/\/www.immobilienbusiness.ch\/de\/wp-json\/wp\/v2\/media\/45975"}],"wp:attachment":[{"href":"https:\/\/www.immobilienbusiness.ch\/de\/wp-json\/wp\/v2\/media?parent=45974"}],"wp:term":[{"taxonomy":"category","embeddable":true,"href":"https:\/\/www.immobilienbusiness.ch\/de\/wp-json\/wp\/v2\/categories?post=45974"},{"taxonomy":"post_tag","embeddable":true,"href":"https:\/\/www.immobilienbusiness.ch\/de\/wp-json\/wp\/v2\/tags?post=45974"}],"curies":[{"name":"wp","href":"https:\/\/api.w.org\/{rel}","templated":true}]}}