{"id":45946,"date":"2023-02-24T08:15:26","date_gmt":"2023-02-24T07:15:26","guid":{"rendered":"https:\/\/www.immobilienbusiness.ch\/?p=45946"},"modified":"2023-02-28T20:35:05","modified_gmt":"2023-02-28T19:35:05","slug":"cs-ref-international-leidet-unter-der-zinswende","status":"publish","type":"post","link":"https:\/\/www.immobilienbusiness.ch\/de\/unternehmen\/2023-02-24\/cs-ref-international-leidet-unter-der-zinswende\/","title":{"rendered":"CS REF International leidet unter der Zinswende"},"content":{"rendered":"<figure id=\"attachment_7804\" aria-describedby=\"caption-attachment-7804\" style=\"width: 999px\" class=\"wp-caption alignnone\"><a href=\"https:\/\/www.immobilienbusiness.ch\/wp-content\/uploads\/2017\/05\/Depositphotos_6321677_m-2015.jpg\"><img loading=\"lazy\" decoding=\"async\" class=\"size-full wp-image-7804\" src=\"https:\/\/www.immobilienbusiness.ch\/wp-content\/uploads\/2017\/05\/Depositphotos_6321677_m-2015.jpg\" alt=\"\" width=\"999\" height=\"662\" srcset=\"https:\/\/www.immobilienbusiness.ch\/wp-content\/uploads\/2017\/05\/Depositphotos_6321677_m-2015.jpg 999w, https:\/\/www.immobilienbusiness.ch\/wp-content\/uploads\/2017\/05\/Depositphotos_6321677_m-2015-300x199.jpg 300w, https:\/\/www.immobilienbusiness.ch\/wp-content\/uploads\/2017\/05\/Depositphotos_6321677_m-2015-768x509.jpg 768w, https:\/\/www.immobilienbusiness.ch\/wp-content\/uploads\/2017\/05\/Depositphotos_6321677_m-2015-16x12.jpg 16w, https:\/\/www.immobilienbusiness.ch\/wp-content\/uploads\/2017\/05\/Depositphotos_6321677_m-2015-264x175.jpg 264w, https:\/\/www.immobilienbusiness.ch\/wp-content\/uploads\/2017\/05\/Depositphotos_6321677_m-2015-528x350.jpg 528w, https:\/\/www.immobilienbusiness.ch\/wp-content\/uploads\/2017\/05\/Depositphotos_6321677_m-2015-920x610.jpg 920w\" sizes=\"auto, (max-width: 999px) 100vw, 999px\" \/><\/a><figcaption id=\"caption-attachment-7804\" class=\"wp-caption-text\">Der CS REF International reduziert seine Aussch\u00fcttung f\u00fcr das Jahr\u00a0 2022 (Foto: wrangler &#8211; depositphotos)<\/figcaption><\/figure>\n<p>Die Credit Suisse Funds AG rechnet f\u00fcr den Credit Suisse Real Estate Fund International (CS REF International) mit einer Bewertungsanpassung: Wie die Fondsgesellschaft mitteilt, reduziert sich per 31. Dezember 2022 der Net Asset Value des Fonds nach ungepr\u00fcften Zahlen auf 960 bis 970 CHF. Die Endjahresbewertung per Ende 2021 lag noch bei 1.070,72 CHF. Das Gesch\u00e4ftsergebnis des Fonds wird am 23. M\u00e4rz bekannt gegeben.<\/p>\n<p>Die globalen Bewertungen seien durch steigende Zinss\u00e4tze in den Schl\u00fcsselm\u00e4rkten des CS REF International wie in den USA, Grossbritannien und Deutschland negativ beeintr\u00e4chtigt worden, so Credit Suisse. Trotz guter Vermietungsergebnisse zu attraktiven Konditionen h\u00e4tten die negativen Auswirkungen der gestiegenen Zinss\u00e4tze \u00fcberwogen.<\/p>\n<p>Die Aussch\u00fcttung werde von 40 CHF je Anteil im Vorjahr auf nun 35 bis 38 CHF sinken, teilt Credit Suisse weiter mit. Bis zum Jahresende seien R\u00fccknahmeforderungen im Umfang von 13,3 % der ausgegebenen Anteile eingegangen. <em>(ah)<\/em><\/p>\n<p>&nbsp;<\/p>\n","protected":false},"excerpt":{"rendered":"<p>Credit Suisse Funds erwartet f\u00fcr den Immobilienfonds CS REF International eine Reduktion des Net Asset Value und k\u00fcndigt eine tiefere Aussch\u00fcttung an.<\/p>\n","protected":false},"author":3,"featured_media":7804,"comment_status":"closed","ping_status":"closed","sticky":false,"template":"","format":"standard","meta":{"_acf_changed":false,"_yoast_wpseo_focuskw":"CS REF International","_yoast_wpseo_title":"","_yoast_wpseo_metadesc":"Credit Suisse Funds erwartet f\u00fcr den Immobilienfonds CS REF International eine Reduktion des Net Asset Value und k\u00fcndigt eine tiefere Aussch\u00fcttung an.","_yoast_wpseo_linkdex":44,"pgc_sgb_lightbox_settings":"","footnotes":""},"categories":[988],"tags":[1146,1337,1344],"class_list":["post-45946","post","type-post","status-publish","format-standard","has-post-thumbnail","hentry","category-unternehmen","tag-credit-suisse","tag-immobilienbewertung","tag-immobilienfonds"],"acf":[],"yoast_head":"<!-- This site is optimized with the Yoast SEO plugin v27.4 - https:\/\/yoast.com\/product\/yoast-seo-wordpress\/ -->\n<title>CS REF International leidet unter der Zinswende - IMMOBILIEN Business<\/title>\n<meta name=\"description\" content=\"Credit Suisse Funds erwartet f\u00fcr den Immobilienfonds CS REF International eine Reduktion des Net Asset Value und k\u00fcndigt eine tiefere Aussch\u00fcttung an.\" \/>\n<meta name=\"robots\" content=\"index, follow, max-snippet:-1, max-image-preview:large, max-video-preview:-1\" \/>\n<link rel=\"canonical\" href=\"https:\/\/www.immobilienbusiness.ch\/de\/unternehmen\/2023-02-24\/cs-ref-international-leidet-unter-der-zinswende\/\" \/>\n<meta property=\"og:locale\" content=\"de_DE\" \/>\n<meta property=\"og:type\" content=\"article\" \/>\n<meta property=\"og:title\" content=\"CS REF International leidet unter der Zinswende - IMMOBILIEN Business\" \/>\n<meta property=\"og:description\" content=\"Credit Suisse Funds erwartet f\u00fcr den Immobilienfonds CS REF International eine Reduktion des Net Asset Value und k\u00fcndigt eine tiefere Aussch\u00fcttung an.\" \/>\n<meta property=\"og:url\" content=\"https:\/\/www.immobilienbusiness.ch\/de\/unternehmen\/2023-02-24\/cs-ref-international-leidet-unter-der-zinswende\/\" \/>\n<meta property=\"og:site_name\" content=\"IMMOBILIEN Business\" \/>\n<meta property=\"article:publisher\" content=\"https:\/\/www.facebook.com\/immobilienbusiness\/\" \/>\n<meta property=\"article:published_time\" content=\"2023-02-24T07:15:26+00:00\" \/>\n<meta property=\"article:modified_time\" content=\"2023-02-28T19:35:05+00:00\" \/>\n<meta property=\"og:image\" content=\"https:\/\/www.immobilienbusiness.ch\/wp-content\/uploads\/2017\/05\/Depositphotos_6321677_m-2015.jpg\" \/>\n\t<meta property=\"og:image:width\" content=\"999\" \/>\n\t<meta property=\"og:image:height\" content=\"662\" \/>\n\t<meta property=\"og:image:type\" content=\"image\/jpeg\" \/>\n<meta name=\"author\" content=\"anja.hall\" \/>\n<meta name=\"twitter:card\" content=\"summary_large_image\" \/>\n<meta name=\"twitter:image\" content=\"https:\/\/www.immobilienbusiness.ch\/wp-content\/uploads\/2017\/05\/Depositphotos_6321677_m-2015.jpg\" \/>\n<script type=\"application\/ld+json\" class=\"yoast-schema-graph\">{\"@context\":\"https:\\\/\\\/schema.org\",\"@graph\":[{\"@type\":\"Article\",\"@id\":\"https:\\\/\\\/www.immobilienbusiness.ch\\\/it\\\/unternehmen\\\/2023-02-24\\\/cs-ref-international-leidet-unter-der-zinswende\\\/#article\",\"isPartOf\":{\"@id\":\"https:\\\/\\\/www.immobilienbusiness.ch\\\/it\\\/unternehmen\\\/2023-02-24\\\/cs-ref-international-leidet-unter-der-zinswende\\\/\"},\"author\":{\"name\":\"anja.hall\",\"@id\":\"https:\\\/\\\/www.immobilienbusiness.ch\\\/#\\\/schema\\\/person\\\/3fc036297b10b9f42d6db5ee932af8c8\"},\"headline\":\"CS REF International leidet unter der Zinswende\",\"datePublished\":\"2023-02-24T07:15:26+00:00\",\"dateModified\":\"2023-02-28T19:35:05+00:00\",\"mainEntityOfPage\":{\"@id\":\"https:\\\/\\\/www.immobilienbusiness.ch\\\/it\\\/unternehmen\\\/2023-02-24\\\/cs-ref-international-leidet-unter-der-zinswende\\\/\"},\"wordCount\":173,\"publisher\":{\"@id\":\"https:\\\/\\\/www.immobilienbusiness.ch\\\/#organization\"},\"image\":{\"@id\":\"https:\\\/\\\/www.immobilienbusiness.ch\\\/it\\\/unternehmen\\\/2023-02-24\\\/cs-ref-international-leidet-unter-der-zinswende\\\/#primaryimage\"},\"thumbnailUrl\":\"https:\\\/\\\/www.immobilienbusiness.ch\\\/wp-content\\\/uploads\\\/2017\\\/05\\\/Depositphotos_6321677_m-2015.jpg\",\"keywords\":[\"Credit Suisse\",\"Immobilienbewertung\",\"Immobilienfonds\"],\"articleSection\":[\"UNTERNEHMEN\"],\"inLanguage\":\"de\"},{\"@type\":\"WebPage\",\"@id\":\"https:\\\/\\\/www.immobilienbusiness.ch\\\/it\\\/unternehmen\\\/2023-02-24\\\/cs-ref-international-leidet-unter-der-zinswende\\\/\",\"url\":\"https:\\\/\\\/www.immobilienbusiness.ch\\\/it\\\/unternehmen\\\/2023-02-24\\\/cs-ref-international-leidet-unter-der-zinswende\\\/\",\"name\":\"CS REF International leidet unter der Zinswende - IMMOBILIEN Business\",\"isPartOf\":{\"@id\":\"https:\\\/\\\/www.immobilienbusiness.ch\\\/#website\"},\"primaryImageOfPage\":{\"@id\":\"https:\\\/\\\/www.immobilienbusiness.ch\\\/it\\\/unternehmen\\\/2023-02-24\\\/cs-ref-international-leidet-unter-der-zinswende\\\/#primaryimage\"},\"image\":{\"@id\":\"https:\\\/\\\/www.immobilienbusiness.ch\\\/it\\\/unternehmen\\\/2023-02-24\\\/cs-ref-international-leidet-unter-der-zinswende\\\/#primaryimage\"},\"thumbnailUrl\":\"https:\\\/\\\/www.immobilienbusiness.ch\\\/wp-content\\\/uploads\\\/2017\\\/05\\\/Depositphotos_6321677_m-2015.jpg\",\"datePublished\":\"2023-02-24T07:15:26+00:00\",\"dateModified\":\"2023-02-28T19:35:05+00:00\",\"description\":\"Credit Suisse Funds erwartet f\u00fcr den Immobilienfonds CS REF International eine Reduktion des Net Asset Value und k\u00fcndigt eine tiefere Aussch\u00fcttung an.\",\"breadcrumb\":{\"@id\":\"https:\\\/\\\/www.immobilienbusiness.ch\\\/it\\\/unternehmen\\\/2023-02-24\\\/cs-ref-international-leidet-unter-der-zinswende\\\/#breadcrumb\"},\"inLanguage\":\"de\",\"potentialAction\":[{\"@type\":\"ReadAction\",\"target\":[\"https:\\\/\\\/www.immobilienbusiness.ch\\\/it\\\/unternehmen\\\/2023-02-24\\\/cs-ref-international-leidet-unter-der-zinswende\\\/\"]}]},{\"@type\":\"ImageObject\",\"inLanguage\":\"de\",\"@id\":\"https:\\\/\\\/www.immobilienbusiness.ch\\\/it\\\/unternehmen\\\/2023-02-24\\\/cs-ref-international-leidet-unter-der-zinswende\\\/#primaryimage\",\"url\":\"https:\\\/\\\/www.immobilienbusiness.ch\\\/wp-content\\\/uploads\\\/2017\\\/05\\\/Depositphotos_6321677_m-2015.jpg\",\"contentUrl\":\"https:\\\/\\\/www.immobilienbusiness.ch\\\/wp-content\\\/uploads\\\/2017\\\/05\\\/Depositphotos_6321677_m-2015.jpg\",\"width\":999,\"height\":662,\"caption\":\"Die Anlagestiftung hat Zahlen f\u00fcr das Gesch\u00e4ftsjahr 2025 vorgelegt (Foto: wrangler - depositphotos)\"},{\"@type\":\"BreadcrumbList\",\"@id\":\"https:\\\/\\\/www.immobilienbusiness.ch\\\/it\\\/unternehmen\\\/2023-02-24\\\/cs-ref-international-leidet-unter-der-zinswende\\\/#breadcrumb\",\"itemListElement\":[{\"@type\":\"ListItem\",\"position\":1,\"name\":\"Home\",\"item\":\"https:\\\/\\\/www.immobilienbusiness.ch\\\/\"},{\"@type\":\"ListItem\",\"position\":2,\"name\":\"CS REF International leidet unter der Zinswende\"}]},{\"@type\":\"WebSite\",\"@id\":\"https:\\\/\\\/www.immobilienbusiness.ch\\\/#website\",\"url\":\"https:\\\/\\\/www.immobilienbusiness.ch\\\/\",\"name\":\"IMMOBILIEN Business\",\"description\":\"Unabh\u00e4ngiges Schweizer Wirtschaftsmagazin mit Fokus auf Immobilien, Architektur- und Bau sowie Investment- und Finanzierung.\",\"publisher\":{\"@id\":\"https:\\\/\\\/www.immobilienbusiness.ch\\\/#organization\"},\"potentialAction\":[{\"@type\":\"SearchAction\",\"target\":{\"@type\":\"EntryPoint\",\"urlTemplate\":\"https:\\\/\\\/www.immobilienbusiness.ch\\\/?s={search_term_string}\"},\"query-input\":{\"@type\":\"PropertyValueSpecification\",\"valueRequired\":true,\"valueName\":\"search_term_string\"}}],\"inLanguage\":\"de\"},{\"@type\":\"Organization\",\"@id\":\"https:\\\/\\\/www.immobilienbusiness.ch\\\/#organization\",\"name\":\"IMMOBILIEN Business\",\"url\":\"https:\\\/\\\/www.immobilienbusiness.ch\\\/\",\"logo\":{\"@type\":\"ImageObject\",\"inLanguage\":\"de\",\"@id\":\"https:\\\/\\\/www.immobilienbusiness.ch\\\/#\\\/schema\\\/logo\\\/image\\\/\",\"url\":\"https:\\\/\\\/www.immobilienbusiness.ch\\\/wp-content\\\/uploads\\\/2021\\\/07\\\/logo_ib.png\",\"contentUrl\":\"https:\\\/\\\/www.immobilienbusiness.ch\\\/wp-content\\\/uploads\\\/2021\\\/07\\\/logo_ib.png\",\"width\":800,\"height\":181,\"caption\":\"IMMOBILIEN Business\"},\"image\":{\"@id\":\"https:\\\/\\\/www.immobilienbusiness.ch\\\/#\\\/schema\\\/logo\\\/image\\\/\"},\"sameAs\":[\"https:\\\/\\\/www.facebook.com\\\/immobilienbusiness\\\/\"]},{\"@type\":\"Person\",\"@id\":\"https:\\\/\\\/www.immobilienbusiness.ch\\\/#\\\/schema\\\/person\\\/3fc036297b10b9f42d6db5ee932af8c8\",\"name\":\"anja.hall\",\"image\":{\"@type\":\"ImageObject\",\"inLanguage\":\"de\",\"@id\":\"https:\\\/\\\/secure.gravatar.com\\\/avatar\\\/066b5a0d447013502c71a5782f4f3469f03cfe595cc2329fb94652fe47511bfb?s=96&d=mm&r=g\",\"url\":\"https:\\\/\\\/secure.gravatar.com\\\/avatar\\\/066b5a0d447013502c71a5782f4f3469f03cfe595cc2329fb94652fe47511bfb?s=96&d=mm&r=g\",\"contentUrl\":\"https:\\\/\\\/secure.gravatar.com\\\/avatar\\\/066b5a0d447013502c71a5782f4f3469f03cfe595cc2329fb94652fe47511bfb?s=96&d=mm&r=g\",\"caption\":\"anja.hall\"},\"url\":\"https:\\\/\\\/www.immobilienbusiness.ch\\\/de\\\/author\\\/anja-hall\\\/\"}]}<\/script>\n<!-- \/ Yoast SEO plugin. -->","yoast_head_json":{"title":"CS REF International leidet unter der Zinswende - IMMOBILIEN Business","description":"Credit Suisse Funds erwartet f\u00fcr den Immobilienfonds CS REF International eine Reduktion des Net Asset Value und k\u00fcndigt eine tiefere Aussch\u00fcttung an.","robots":{"index":"index","follow":"follow","max-snippet":"max-snippet:-1","max-image-preview":"max-image-preview:large","max-video-preview":"max-video-preview:-1"},"canonical":"https:\/\/www.immobilienbusiness.ch\/de\/unternehmen\/2023-02-24\/cs-ref-international-leidet-unter-der-zinswende\/","og_locale":"de_DE","og_type":"article","og_title":"CS REF International leidet unter der Zinswende - IMMOBILIEN Business","og_description":"Credit Suisse Funds erwartet f\u00fcr den Immobilienfonds CS REF International eine Reduktion des Net Asset Value und k\u00fcndigt eine tiefere Aussch\u00fcttung an.","og_url":"https:\/\/www.immobilienbusiness.ch\/de\/unternehmen\/2023-02-24\/cs-ref-international-leidet-unter-der-zinswende\/","og_site_name":"IMMOBILIEN Business","article_publisher":"https:\/\/www.facebook.com\/immobilienbusiness\/","article_published_time":"2023-02-24T07:15:26+00:00","article_modified_time":"2023-02-28T19:35:05+00:00","og_image":[{"width":999,"height":662,"url":"https:\/\/www.immobilienbusiness.ch\/wp-content\/uploads\/2017\/05\/Depositphotos_6321677_m-2015.jpg","type":"image\/jpeg"}],"author":"anja.hall","twitter_card":"summary_large_image","twitter_image":"https:\/\/www.immobilienbusiness.ch\/wp-content\/uploads\/2017\/05\/Depositphotos_6321677_m-2015.jpg","schema":{"@context":"https:\/\/schema.org","@graph":[{"@type":"Article","@id":"https:\/\/www.immobilienbusiness.ch\/it\/unternehmen\/2023-02-24\/cs-ref-international-leidet-unter-der-zinswende\/#article","isPartOf":{"@id":"https:\/\/www.immobilienbusiness.ch\/it\/unternehmen\/2023-02-24\/cs-ref-international-leidet-unter-der-zinswende\/"},"author":{"name":"anja.hall","@id":"https:\/\/www.immobilienbusiness.ch\/#\/schema\/person\/3fc036297b10b9f42d6db5ee932af8c8"},"headline":"CS REF International leidet unter der Zinswende","datePublished":"2023-02-24T07:15:26+00:00","dateModified":"2023-02-28T19:35:05+00:00","mainEntityOfPage":{"@id":"https:\/\/www.immobilienbusiness.ch\/it\/unternehmen\/2023-02-24\/cs-ref-international-leidet-unter-der-zinswende\/"},"wordCount":173,"publisher":{"@id":"https:\/\/www.immobilienbusiness.ch\/#organization"},"image":{"@id":"https:\/\/www.immobilienbusiness.ch\/it\/unternehmen\/2023-02-24\/cs-ref-international-leidet-unter-der-zinswende\/#primaryimage"},"thumbnailUrl":"https:\/\/www.immobilienbusiness.ch\/wp-content\/uploads\/2017\/05\/Depositphotos_6321677_m-2015.jpg","keywords":["Credit Suisse","Immobilienbewertung","Immobilienfonds"],"articleSection":["UNTERNEHMEN"],"inLanguage":"de"},{"@type":"WebPage","@id":"https:\/\/www.immobilienbusiness.ch\/it\/unternehmen\/2023-02-24\/cs-ref-international-leidet-unter-der-zinswende\/","url":"https:\/\/www.immobilienbusiness.ch\/it\/unternehmen\/2023-02-24\/cs-ref-international-leidet-unter-der-zinswende\/","name":"CS REF International leidet unter der Zinswende - IMMOBILIEN Business","isPartOf":{"@id":"https:\/\/www.immobilienbusiness.ch\/#website"},"primaryImageOfPage":{"@id":"https:\/\/www.immobilienbusiness.ch\/it\/unternehmen\/2023-02-24\/cs-ref-international-leidet-unter-der-zinswende\/#primaryimage"},"image":{"@id":"https:\/\/www.immobilienbusiness.ch\/it\/unternehmen\/2023-02-24\/cs-ref-international-leidet-unter-der-zinswende\/#primaryimage"},"thumbnailUrl":"https:\/\/www.immobilienbusiness.ch\/wp-content\/uploads\/2017\/05\/Depositphotos_6321677_m-2015.jpg","datePublished":"2023-02-24T07:15:26+00:00","dateModified":"2023-02-28T19:35:05+00:00","description":"Credit Suisse Funds erwartet f\u00fcr den Immobilienfonds CS REF International eine Reduktion des Net Asset Value und k\u00fcndigt eine tiefere Aussch\u00fcttung an.","breadcrumb":{"@id":"https:\/\/www.immobilienbusiness.ch\/it\/unternehmen\/2023-02-24\/cs-ref-international-leidet-unter-der-zinswende\/#breadcrumb"},"inLanguage":"de","potentialAction":[{"@type":"ReadAction","target":["https:\/\/www.immobilienbusiness.ch\/it\/unternehmen\/2023-02-24\/cs-ref-international-leidet-unter-der-zinswende\/"]}]},{"@type":"ImageObject","inLanguage":"de","@id":"https:\/\/www.immobilienbusiness.ch\/it\/unternehmen\/2023-02-24\/cs-ref-international-leidet-unter-der-zinswende\/#primaryimage","url":"https:\/\/www.immobilienbusiness.ch\/wp-content\/uploads\/2017\/05\/Depositphotos_6321677_m-2015.jpg","contentUrl":"https:\/\/www.immobilienbusiness.ch\/wp-content\/uploads\/2017\/05\/Depositphotos_6321677_m-2015.jpg","width":999,"height":662,"caption":"Die Anlagestiftung hat Zahlen f\u00fcr das Gesch\u00e4ftsjahr 2025 vorgelegt (Foto: wrangler - depositphotos)"},{"@type":"BreadcrumbList","@id":"https:\/\/www.immobilienbusiness.ch\/it\/unternehmen\/2023-02-24\/cs-ref-international-leidet-unter-der-zinswende\/#breadcrumb","itemListElement":[{"@type":"ListItem","position":1,"name":"Home","item":"https:\/\/www.immobilienbusiness.ch\/"},{"@type":"ListItem","position":2,"name":"CS REF International leidet unter der Zinswende"}]},{"@type":"WebSite","@id":"https:\/\/www.immobilienbusiness.ch\/#website","url":"https:\/\/www.immobilienbusiness.ch\/","name":"IMMOBILIEN Business","description":"Unabh\u00e4ngiges Schweizer Wirtschaftsmagazin mit Fokus auf Immobilien, Architektur- und Bau sowie Investment- und Finanzierung.","publisher":{"@id":"https:\/\/www.immobilienbusiness.ch\/#organization"},"potentialAction":[{"@type":"SearchAction","target":{"@type":"EntryPoint","urlTemplate":"https:\/\/www.immobilienbusiness.ch\/?s={search_term_string}"},"query-input":{"@type":"PropertyValueSpecification","valueRequired":true,"valueName":"search_term_string"}}],"inLanguage":"de"},{"@type":"Organization","@id":"https:\/\/www.immobilienbusiness.ch\/#organization","name":"IMMOBILIEN Business","url":"https:\/\/www.immobilienbusiness.ch\/","logo":{"@type":"ImageObject","inLanguage":"de","@id":"https:\/\/www.immobilienbusiness.ch\/#\/schema\/logo\/image\/","url":"https:\/\/www.immobilienbusiness.ch\/wp-content\/uploads\/2021\/07\/logo_ib.png","contentUrl":"https:\/\/www.immobilienbusiness.ch\/wp-content\/uploads\/2021\/07\/logo_ib.png","width":800,"height":181,"caption":"IMMOBILIEN Business"},"image":{"@id":"https:\/\/www.immobilienbusiness.ch\/#\/schema\/logo\/image\/"},"sameAs":["https:\/\/www.facebook.com\/immobilienbusiness\/"]},{"@type":"Person","@id":"https:\/\/www.immobilienbusiness.ch\/#\/schema\/person\/3fc036297b10b9f42d6db5ee932af8c8","name":"anja.hall","image":{"@type":"ImageObject","inLanguage":"de","@id":"https:\/\/secure.gravatar.com\/avatar\/066b5a0d447013502c71a5782f4f3469f03cfe595cc2329fb94652fe47511bfb?s=96&d=mm&r=g","url":"https:\/\/secure.gravatar.com\/avatar\/066b5a0d447013502c71a5782f4f3469f03cfe595cc2329fb94652fe47511bfb?s=96&d=mm&r=g","contentUrl":"https:\/\/secure.gravatar.com\/avatar\/066b5a0d447013502c71a5782f4f3469f03cfe595cc2329fb94652fe47511bfb?s=96&d=mm&r=g","caption":"anja.hall"},"url":"https:\/\/www.immobilienbusiness.ch\/de\/author\/anja-hall\/"}]}},"_links":{"self":[{"href":"https:\/\/www.immobilienbusiness.ch\/de\/wp-json\/wp\/v2\/posts\/45946","targetHints":{"allow":["GET"]}}],"collection":[{"href":"https:\/\/www.immobilienbusiness.ch\/de\/wp-json\/wp\/v2\/posts"}],"about":[{"href":"https:\/\/www.immobilienbusiness.ch\/de\/wp-json\/wp\/v2\/types\/post"}],"author":[{"embeddable":true,"href":"https:\/\/www.immobilienbusiness.ch\/de\/wp-json\/wp\/v2\/users\/3"}],"replies":[{"embeddable":true,"href":"https:\/\/www.immobilienbusiness.ch\/de\/wp-json\/wp\/v2\/comments?post=45946"}],"version-history":[{"count":2,"href":"https:\/\/www.immobilienbusiness.ch\/de\/wp-json\/wp\/v2\/posts\/45946\/revisions"}],"predecessor-version":[{"id":45980,"href":"https:\/\/www.immobilienbusiness.ch\/de\/wp-json\/wp\/v2\/posts\/45946\/revisions\/45980"}],"wp:featuredmedia":[{"embeddable":true,"href":"https:\/\/www.immobilienbusiness.ch\/de\/wp-json\/wp\/v2\/media\/7804"}],"wp:attachment":[{"href":"https:\/\/www.immobilienbusiness.ch\/de\/wp-json\/wp\/v2\/media?parent=45946"}],"wp:term":[{"taxonomy":"category","embeddable":true,"href":"https:\/\/www.immobilienbusiness.ch\/de\/wp-json\/wp\/v2\/categories?post=45946"},{"taxonomy":"post_tag","embeddable":true,"href":"https:\/\/www.immobilienbusiness.ch\/de\/wp-json\/wp\/v2\/tags?post=45946"}],"curies":[{"name":"wp","href":"https:\/\/api.w.org\/{rel}","templated":true}]}}