{"id":45811,"date":"2023-02-16T08:45:20","date_gmt":"2023-02-16T07:45:20","guid":{"rendered":"https:\/\/www.immobilienbusiness.ch\/?p=45811"},"modified":"2023-02-16T08:45:20","modified_gmt":"2023-02-16T07:45:20","slug":"zuerich-tech-firma-mietet-am-utoquai","status":"publish","type":"post","link":"https:\/\/www.immobilienbusiness.ch\/de\/regionen\/2023-02-16\/zuerich-tech-firma-mietet-am-utoquai\/","title":{"rendered":"Z\u00fcrich: Tech-Firma mietet am Utoquai"},"content":{"rendered":"<figure id=\"attachment_45812\" aria-describedby=\"caption-attachment-45812\" style=\"width: 1400px\" class=\"wp-caption alignnone\"><a href=\"https:\/\/www.immobilienbusiness.ch\/wp-content\/uploads\/2023\/02\/MM_SPGI_Utoquai-scaled.jpg\"><img loading=\"lazy\" decoding=\"async\" class=\"size-full wp-image-45812\" src=\"https:\/\/www.immobilienbusiness.ch\/wp-content\/uploads\/2023\/02\/MM_SPGI_Utoquai-scaled.jpg\" alt=\"\" width=\"1400\" height=\"933\" srcset=\"https:\/\/www.immobilienbusiness.ch\/wp-content\/uploads\/2023\/02\/MM_SPGI_Utoquai-scaled.jpg 1200w, https:\/\/www.immobilienbusiness.ch\/wp-content\/uploads\/2023\/02\/MM_SPGI_Utoquai-300x200.jpg 300w, https:\/\/www.immobilienbusiness.ch\/wp-content\/uploads\/2023\/02\/MM_SPGI_Utoquai-1024x683.jpg 1024w, https:\/\/www.immobilienbusiness.ch\/wp-content\/uploads\/2023\/02\/MM_SPGI_Utoquai-768x512.jpg 768w, https:\/\/www.immobilienbusiness.ch\/wp-content\/uploads\/2023\/02\/MM_SPGI_Utoquai-1536x1024.jpg 1536w, https:\/\/www.immobilienbusiness.ch\/wp-content\/uploads\/2023\/02\/MM_SPGI_Utoquai-2048x1365.jpg 2048w, https:\/\/www.immobilienbusiness.ch\/wp-content\/uploads\/2023\/02\/MM_SPGI_Utoquai-18x12.jpg 18w, https:\/\/www.immobilienbusiness.ch\/wp-content\/uploads\/2023\/02\/MM_SPGI_Utoquai-375x250.jpg 375w, https:\/\/www.immobilienbusiness.ch\/wp-content\/uploads\/2023\/02\/MM_SPGI_Utoquai-525x350.jpg 525w, https:\/\/www.immobilienbusiness.ch\/wp-content\/uploads\/2023\/02\/MM_SPGI_Utoquai-1000x667.jpg 1000w\" sizes=\"auto, (max-width: 1400px) 100vw, 1400px\" \/><\/a><figcaption id=\"caption-attachment-45812\" class=\"wp-caption-text\">Die Liegenschaft am Utoquai hat einen neuen Mieter (Quelle: SPGI Z\u00fcrich)<\/figcaption><\/figure>\n<p>Die Schweizer Niederlassung eines internationalen, auf Cloud-L\u00f6sungen spezialisierten Unternehmens hat 600 qm B\u00fcrofl\u00e4che in der Liegenschaft Utoquai 55 angemietet. Dies meldet der Immobiliendienstleister SPGI Zurich, der von der Firma mit der Suche nach einem neuen Standort beauftragt war. Die gr\u00f6sste Herausforderung sei gewesen, die Fl\u00e4chen f\u00fcr den Kunden zu sichern, da es zeitgleich viele Interessenten f\u00fcr das Objekt gegeben habe, so SPGI.<\/p>\n<p>Derzeit sei das Unternehmen in einem Coworking-Space eingemietet. Ab M\u00e4rz starten die Mieterausbauten am neuen Standort, und voraussichtlich im Sommer wird die Firma ihre neuen R\u00e4ume beziehen. <em>(ah)<\/em><\/p>\n","protected":false},"excerpt":{"rendered":"<p>Die Schweizer Niederlassung eines internationalen Technologieunternehmens verlegt ihren Standort aus einem Coworking-Space in eine Liegenschaft direkt am Z\u00fcrichsee.<\/p>\n","protected":false},"author":3,"featured_media":45812,"comment_status":"closed","ping_status":"closed","sticky":false,"template":"","format":"standard","meta":{"_acf_changed":false,"_yoast_wpseo_focuskw":"Utoquai","_yoast_wpseo_title":"","_yoast_wpseo_metadesc":"Die Schweizer Niederlassung eines internationalen Technologieunternehmens verlegt ihren Standort aus einem Coworking-Space an den Utoquai.","_yoast_wpseo_linkdex":60,"pgc_sgb_lightbox_settings":"","footnotes":""},"categories":[985],"tags":[1118,1832,1888],"class_list":["post-45811","post","type-post","status-publish","format-standard","has-post-thumbnail","hentry","category-regionen","tag-buero","tag-vermietung","tag-zuerich"],"acf":[],"yoast_head":"<!-- This site is optimized with the Yoast SEO plugin v27.4 - https:\/\/yoast.com\/product\/yoast-seo-wordpress\/ -->\n<title>Z\u00fcrich: Tech-Firma mietet am Utoquai - IMMOBILIEN Business<\/title>\n<meta name=\"description\" content=\"Die Schweizer Niederlassung eines internationalen Technologieunternehmens verlegt ihren Standort aus einem Coworking-Space an den Utoquai.\" \/>\n<meta name=\"robots\" content=\"index, follow, max-snippet:-1, max-image-preview:large, max-video-preview:-1\" \/>\n<link rel=\"canonical\" href=\"https:\/\/www.immobilienbusiness.ch\/de\/regionen\/2023-02-16\/zuerich-tech-firma-mietet-am-utoquai\/\" \/>\n<meta property=\"og:locale\" content=\"de_DE\" \/>\n<meta property=\"og:type\" content=\"article\" \/>\n<meta property=\"og:title\" content=\"Z\u00fcrich: Tech-Firma mietet am Utoquai - IMMOBILIEN Business\" \/>\n<meta property=\"og:description\" content=\"Die Schweizer Niederlassung eines internationalen Technologieunternehmens verlegt ihren Standort aus einem Coworking-Space an den Utoquai.\" \/>\n<meta property=\"og:url\" content=\"https:\/\/www.immobilienbusiness.ch\/de\/regionen\/2023-02-16\/zuerich-tech-firma-mietet-am-utoquai\/\" \/>\n<meta property=\"og:site_name\" content=\"IMMOBILIEN Business\" \/>\n<meta property=\"article:publisher\" content=\"https:\/\/www.facebook.com\/immobilienbusiness\/\" \/>\n<meta property=\"article:published_time\" content=\"2023-02-16T07:45:20+00:00\" \/>\n<meta property=\"og:image\" content=\"https:\/\/www.immobilienbusiness.ch\/wp-content\/uploads\/2023\/02\/MM_SPGI_Utoquai-scaled.jpg\" \/>\n\t<meta property=\"og:image:width\" content=\"1200\" \/>\n\t<meta property=\"og:image:height\" content=\"800\" \/>\n\t<meta property=\"og:image:type\" content=\"image\/jpeg\" \/>\n<meta name=\"author\" content=\"anja.hall\" \/>\n<meta name=\"twitter:card\" content=\"summary_large_image\" \/>\n<meta name=\"twitter:image\" content=\"https:\/\/www.immobilienbusiness.ch\/wp-content\/uploads\/2023\/02\/MM_SPGI_Utoquai-scaled.jpg\" \/>\n<script type=\"application\/ld+json\" class=\"yoast-schema-graph\">{\"@context\":\"https:\\\/\\\/schema.org\",\"@graph\":[{\"@type\":\"Article\",\"@id\":\"https:\\\/\\\/www.immobilienbusiness.ch\\\/regionen\\\/2023-02-16\\\/zuerich-tech-firma-mietet-am-utoquai\\\/#article\",\"isPartOf\":{\"@id\":\"https:\\\/\\\/www.immobilienbusiness.ch\\\/regionen\\\/2023-02-16\\\/zuerich-tech-firma-mietet-am-utoquai\\\/\"},\"author\":{\"name\":\"anja.hall\",\"@id\":\"https:\\\/\\\/www.immobilienbusiness.ch\\\/#\\\/schema\\\/person\\\/3fc036297b10b9f42d6db5ee932af8c8\"},\"headline\":\"Z\u00fcrich: Tech-Firma mietet am Utoquai\",\"datePublished\":\"2023-02-16T07:45:20+00:00\",\"mainEntityOfPage\":{\"@id\":\"https:\\\/\\\/www.immobilienbusiness.ch\\\/regionen\\\/2023-02-16\\\/zuerich-tech-firma-mietet-am-utoquai\\\/\"},\"wordCount\":122,\"publisher\":{\"@id\":\"https:\\\/\\\/www.immobilienbusiness.ch\\\/#organization\"},\"image\":{\"@id\":\"https:\\\/\\\/www.immobilienbusiness.ch\\\/regionen\\\/2023-02-16\\\/zuerich-tech-firma-mietet-am-utoquai\\\/#primaryimage\"},\"thumbnailUrl\":\"https:\\\/\\\/www.immobilienbusiness.ch\\\/wp-content\\\/uploads\\\/2023\\\/02\\\/MM_SPGI_Utoquai-scaled.jpg\",\"keywords\":[\"B\u00fcro\",\"Vermietung\",\"Z\u00fcrich\"],\"articleSection\":[\"REGIONEN\"],\"inLanguage\":\"de\"},{\"@type\":\"WebPage\",\"@id\":\"https:\\\/\\\/www.immobilienbusiness.ch\\\/regionen\\\/2023-02-16\\\/zuerich-tech-firma-mietet-am-utoquai\\\/\",\"url\":\"https:\\\/\\\/www.immobilienbusiness.ch\\\/regionen\\\/2023-02-16\\\/zuerich-tech-firma-mietet-am-utoquai\\\/\",\"name\":\"Z\u00fcrich: Tech-Firma mietet am Utoquai - IMMOBILIEN Business\",\"isPartOf\":{\"@id\":\"https:\\\/\\\/www.immobilienbusiness.ch\\\/#website\"},\"primaryImageOfPage\":{\"@id\":\"https:\\\/\\\/www.immobilienbusiness.ch\\\/regionen\\\/2023-02-16\\\/zuerich-tech-firma-mietet-am-utoquai\\\/#primaryimage\"},\"image\":{\"@id\":\"https:\\\/\\\/www.immobilienbusiness.ch\\\/regionen\\\/2023-02-16\\\/zuerich-tech-firma-mietet-am-utoquai\\\/#primaryimage\"},\"thumbnailUrl\":\"https:\\\/\\\/www.immobilienbusiness.ch\\\/wp-content\\\/uploads\\\/2023\\\/02\\\/MM_SPGI_Utoquai-scaled.jpg\",\"datePublished\":\"2023-02-16T07:45:20+00:00\",\"description\":\"Die Schweizer Niederlassung eines internationalen Technologieunternehmens verlegt ihren Standort aus einem Coworking-Space an den Utoquai.\",\"breadcrumb\":{\"@id\":\"https:\\\/\\\/www.immobilienbusiness.ch\\\/regionen\\\/2023-02-16\\\/zuerich-tech-firma-mietet-am-utoquai\\\/#breadcrumb\"},\"inLanguage\":\"de\",\"potentialAction\":[{\"@type\":\"ReadAction\",\"target\":[\"https:\\\/\\\/www.immobilienbusiness.ch\\\/regionen\\\/2023-02-16\\\/zuerich-tech-firma-mietet-am-utoquai\\\/\"]}]},{\"@type\":\"ImageObject\",\"inLanguage\":\"de\",\"@id\":\"https:\\\/\\\/www.immobilienbusiness.ch\\\/regionen\\\/2023-02-16\\\/zuerich-tech-firma-mietet-am-utoquai\\\/#primaryimage\",\"url\":\"https:\\\/\\\/www.immobilienbusiness.ch\\\/wp-content\\\/uploads\\\/2023\\\/02\\\/MM_SPGI_Utoquai-scaled.jpg\",\"contentUrl\":\"https:\\\/\\\/www.immobilienbusiness.ch\\\/wp-content\\\/uploads\\\/2023\\\/02\\\/MM_SPGI_Utoquai-scaled.jpg\",\"width\":1200,\"height\":800,\"caption\":\"Die Liegenschaft am Utoquai hat einen neuen Mieter (Quelle: SPGI Z\u00fcrich)\"},{\"@type\":\"BreadcrumbList\",\"@id\":\"https:\\\/\\\/www.immobilienbusiness.ch\\\/regionen\\\/2023-02-16\\\/zuerich-tech-firma-mietet-am-utoquai\\\/#breadcrumb\",\"itemListElement\":[{\"@type\":\"ListItem\",\"position\":1,\"name\":\"Home\",\"item\":\"https:\\\/\\\/www.immobilienbusiness.ch\\\/\"},{\"@type\":\"ListItem\",\"position\":2,\"name\":\"Z\u00fcrich: Tech-Firma mietet am Utoquai\"}]},{\"@type\":\"WebSite\",\"@id\":\"https:\\\/\\\/www.immobilienbusiness.ch\\\/#website\",\"url\":\"https:\\\/\\\/www.immobilienbusiness.ch\\\/\",\"name\":\"IMMOBILIEN Business\",\"description\":\"Unabh\u00e4ngiges Schweizer Wirtschaftsmagazin mit Fokus auf Immobilien, Architektur- und Bau sowie Investment- und Finanzierung.\",\"publisher\":{\"@id\":\"https:\\\/\\\/www.immobilienbusiness.ch\\\/#organization\"},\"potentialAction\":[{\"@type\":\"SearchAction\",\"target\":{\"@type\":\"EntryPoint\",\"urlTemplate\":\"https:\\\/\\\/www.immobilienbusiness.ch\\\/?s={search_term_string}\"},\"query-input\":{\"@type\":\"PropertyValueSpecification\",\"valueRequired\":true,\"valueName\":\"search_term_string\"}}],\"inLanguage\":\"de\"},{\"@type\":\"Organization\",\"@id\":\"https:\\\/\\\/www.immobilienbusiness.ch\\\/#organization\",\"name\":\"IMMOBILIEN Business\",\"url\":\"https:\\\/\\\/www.immobilienbusiness.ch\\\/\",\"logo\":{\"@type\":\"ImageObject\",\"inLanguage\":\"de\",\"@id\":\"https:\\\/\\\/www.immobilienbusiness.ch\\\/#\\\/schema\\\/logo\\\/image\\\/\",\"url\":\"https:\\\/\\\/www.immobilienbusiness.ch\\\/wp-content\\\/uploads\\\/2021\\\/07\\\/logo_ib.png\",\"contentUrl\":\"https:\\\/\\\/www.immobilienbusiness.ch\\\/wp-content\\\/uploads\\\/2021\\\/07\\\/logo_ib.png\",\"width\":800,\"height\":181,\"caption\":\"IMMOBILIEN Business\"},\"image\":{\"@id\":\"https:\\\/\\\/www.immobilienbusiness.ch\\\/#\\\/schema\\\/logo\\\/image\\\/\"},\"sameAs\":[\"https:\\\/\\\/www.facebook.com\\\/immobilienbusiness\\\/\"]},{\"@type\":\"Person\",\"@id\":\"https:\\\/\\\/www.immobilienbusiness.ch\\\/#\\\/schema\\\/person\\\/3fc036297b10b9f42d6db5ee932af8c8\",\"name\":\"anja.hall\",\"image\":{\"@type\":\"ImageObject\",\"inLanguage\":\"de\",\"@id\":\"https:\\\/\\\/secure.gravatar.com\\\/avatar\\\/066b5a0d447013502c71a5782f4f3469f03cfe595cc2329fb94652fe47511bfb?s=96&d=mm&r=g\",\"url\":\"https:\\\/\\\/secure.gravatar.com\\\/avatar\\\/066b5a0d447013502c71a5782f4f3469f03cfe595cc2329fb94652fe47511bfb?s=96&d=mm&r=g\",\"contentUrl\":\"https:\\\/\\\/secure.gravatar.com\\\/avatar\\\/066b5a0d447013502c71a5782f4f3469f03cfe595cc2329fb94652fe47511bfb?s=96&d=mm&r=g\",\"caption\":\"anja.hall\"},\"url\":\"https:\\\/\\\/www.immobilienbusiness.ch\\\/de\\\/author\\\/anja-hall\\\/\"}]}<\/script>\n<!-- \/ Yoast SEO plugin. -->","yoast_head_json":{"title":"Z\u00fcrich: Tech-Firma mietet am Utoquai - IMMOBILIEN Business","description":"Die Schweizer Niederlassung eines internationalen Technologieunternehmens verlegt ihren Standort aus einem Coworking-Space an den Utoquai.","robots":{"index":"index","follow":"follow","max-snippet":"max-snippet:-1","max-image-preview":"max-image-preview:large","max-video-preview":"max-video-preview:-1"},"canonical":"https:\/\/www.immobilienbusiness.ch\/de\/regionen\/2023-02-16\/zuerich-tech-firma-mietet-am-utoquai\/","og_locale":"de_DE","og_type":"article","og_title":"Z\u00fcrich: Tech-Firma mietet am Utoquai - IMMOBILIEN Business","og_description":"Die Schweizer Niederlassung eines internationalen Technologieunternehmens verlegt ihren Standort aus einem Coworking-Space an den Utoquai.","og_url":"https:\/\/www.immobilienbusiness.ch\/de\/regionen\/2023-02-16\/zuerich-tech-firma-mietet-am-utoquai\/","og_site_name":"IMMOBILIEN Business","article_publisher":"https:\/\/www.facebook.com\/immobilienbusiness\/","article_published_time":"2023-02-16T07:45:20+00:00","og_image":[{"width":1200,"height":800,"url":"https:\/\/www.immobilienbusiness.ch\/wp-content\/uploads\/2023\/02\/MM_SPGI_Utoquai-scaled.jpg","type":"image\/jpeg"}],"author":"anja.hall","twitter_card":"summary_large_image","twitter_image":"https:\/\/www.immobilienbusiness.ch\/wp-content\/uploads\/2023\/02\/MM_SPGI_Utoquai-scaled.jpg","schema":{"@context":"https:\/\/schema.org","@graph":[{"@type":"Article","@id":"https:\/\/www.immobilienbusiness.ch\/regionen\/2023-02-16\/zuerich-tech-firma-mietet-am-utoquai\/#article","isPartOf":{"@id":"https:\/\/www.immobilienbusiness.ch\/regionen\/2023-02-16\/zuerich-tech-firma-mietet-am-utoquai\/"},"author":{"name":"anja.hall","@id":"https:\/\/www.immobilienbusiness.ch\/#\/schema\/person\/3fc036297b10b9f42d6db5ee932af8c8"},"headline":"Z\u00fcrich: Tech-Firma mietet am Utoquai","datePublished":"2023-02-16T07:45:20+00:00","mainEntityOfPage":{"@id":"https:\/\/www.immobilienbusiness.ch\/regionen\/2023-02-16\/zuerich-tech-firma-mietet-am-utoquai\/"},"wordCount":122,"publisher":{"@id":"https:\/\/www.immobilienbusiness.ch\/#organization"},"image":{"@id":"https:\/\/www.immobilienbusiness.ch\/regionen\/2023-02-16\/zuerich-tech-firma-mietet-am-utoquai\/#primaryimage"},"thumbnailUrl":"https:\/\/www.immobilienbusiness.ch\/wp-content\/uploads\/2023\/02\/MM_SPGI_Utoquai-scaled.jpg","keywords":["B\u00fcro","Vermietung","Z\u00fcrich"],"articleSection":["REGIONEN"],"inLanguage":"de"},{"@type":"WebPage","@id":"https:\/\/www.immobilienbusiness.ch\/regionen\/2023-02-16\/zuerich-tech-firma-mietet-am-utoquai\/","url":"https:\/\/www.immobilienbusiness.ch\/regionen\/2023-02-16\/zuerich-tech-firma-mietet-am-utoquai\/","name":"Z\u00fcrich: Tech-Firma mietet am Utoquai - IMMOBILIEN Business","isPartOf":{"@id":"https:\/\/www.immobilienbusiness.ch\/#website"},"primaryImageOfPage":{"@id":"https:\/\/www.immobilienbusiness.ch\/regionen\/2023-02-16\/zuerich-tech-firma-mietet-am-utoquai\/#primaryimage"},"image":{"@id":"https:\/\/www.immobilienbusiness.ch\/regionen\/2023-02-16\/zuerich-tech-firma-mietet-am-utoquai\/#primaryimage"},"thumbnailUrl":"https:\/\/www.immobilienbusiness.ch\/wp-content\/uploads\/2023\/02\/MM_SPGI_Utoquai-scaled.jpg","datePublished":"2023-02-16T07:45:20+00:00","description":"Die Schweizer Niederlassung eines internationalen Technologieunternehmens verlegt ihren Standort aus einem Coworking-Space an den Utoquai.","breadcrumb":{"@id":"https:\/\/www.immobilienbusiness.ch\/regionen\/2023-02-16\/zuerich-tech-firma-mietet-am-utoquai\/#breadcrumb"},"inLanguage":"de","potentialAction":[{"@type":"ReadAction","target":["https:\/\/www.immobilienbusiness.ch\/regionen\/2023-02-16\/zuerich-tech-firma-mietet-am-utoquai\/"]}]},{"@type":"ImageObject","inLanguage":"de","@id":"https:\/\/www.immobilienbusiness.ch\/regionen\/2023-02-16\/zuerich-tech-firma-mietet-am-utoquai\/#primaryimage","url":"https:\/\/www.immobilienbusiness.ch\/wp-content\/uploads\/2023\/02\/MM_SPGI_Utoquai-scaled.jpg","contentUrl":"https:\/\/www.immobilienbusiness.ch\/wp-content\/uploads\/2023\/02\/MM_SPGI_Utoquai-scaled.jpg","width":1200,"height":800,"caption":"Die Liegenschaft am Utoquai hat einen neuen Mieter (Quelle: SPGI Z\u00fcrich)"},{"@type":"BreadcrumbList","@id":"https:\/\/www.immobilienbusiness.ch\/regionen\/2023-02-16\/zuerich-tech-firma-mietet-am-utoquai\/#breadcrumb","itemListElement":[{"@type":"ListItem","position":1,"name":"Home","item":"https:\/\/www.immobilienbusiness.ch\/"},{"@type":"ListItem","position":2,"name":"Z\u00fcrich: Tech-Firma mietet am Utoquai"}]},{"@type":"WebSite","@id":"https:\/\/www.immobilienbusiness.ch\/#website","url":"https:\/\/www.immobilienbusiness.ch\/","name":"IMMOBILIEN Business","description":"Unabh\u00e4ngiges Schweizer Wirtschaftsmagazin mit Fokus auf Immobilien, Architektur- und Bau sowie Investment- und Finanzierung.","publisher":{"@id":"https:\/\/www.immobilienbusiness.ch\/#organization"},"potentialAction":[{"@type":"SearchAction","target":{"@type":"EntryPoint","urlTemplate":"https:\/\/www.immobilienbusiness.ch\/?s={search_term_string}"},"query-input":{"@type":"PropertyValueSpecification","valueRequired":true,"valueName":"search_term_string"}}],"inLanguage":"de"},{"@type":"Organization","@id":"https:\/\/www.immobilienbusiness.ch\/#organization","name":"IMMOBILIEN Business","url":"https:\/\/www.immobilienbusiness.ch\/","logo":{"@type":"ImageObject","inLanguage":"de","@id":"https:\/\/www.immobilienbusiness.ch\/#\/schema\/logo\/image\/","url":"https:\/\/www.immobilienbusiness.ch\/wp-content\/uploads\/2021\/07\/logo_ib.png","contentUrl":"https:\/\/www.immobilienbusiness.ch\/wp-content\/uploads\/2021\/07\/logo_ib.png","width":800,"height":181,"caption":"IMMOBILIEN Business"},"image":{"@id":"https:\/\/www.immobilienbusiness.ch\/#\/schema\/logo\/image\/"},"sameAs":["https:\/\/www.facebook.com\/immobilienbusiness\/"]},{"@type":"Person","@id":"https:\/\/www.immobilienbusiness.ch\/#\/schema\/person\/3fc036297b10b9f42d6db5ee932af8c8","name":"anja.hall","image":{"@type":"ImageObject","inLanguage":"de","@id":"https:\/\/secure.gravatar.com\/avatar\/066b5a0d447013502c71a5782f4f3469f03cfe595cc2329fb94652fe47511bfb?s=96&d=mm&r=g","url":"https:\/\/secure.gravatar.com\/avatar\/066b5a0d447013502c71a5782f4f3469f03cfe595cc2329fb94652fe47511bfb?s=96&d=mm&r=g","contentUrl":"https:\/\/secure.gravatar.com\/avatar\/066b5a0d447013502c71a5782f4f3469f03cfe595cc2329fb94652fe47511bfb?s=96&d=mm&r=g","caption":"anja.hall"},"url":"https:\/\/www.immobilienbusiness.ch\/de\/author\/anja-hall\/"}]}},"_links":{"self":[{"href":"https:\/\/www.immobilienbusiness.ch\/de\/wp-json\/wp\/v2\/posts\/45811","targetHints":{"allow":["GET"]}}],"collection":[{"href":"https:\/\/www.immobilienbusiness.ch\/de\/wp-json\/wp\/v2\/posts"}],"about":[{"href":"https:\/\/www.immobilienbusiness.ch\/de\/wp-json\/wp\/v2\/types\/post"}],"author":[{"embeddable":true,"href":"https:\/\/www.immobilienbusiness.ch\/de\/wp-json\/wp\/v2\/users\/3"}],"replies":[{"embeddable":true,"href":"https:\/\/www.immobilienbusiness.ch\/de\/wp-json\/wp\/v2\/comments?post=45811"}],"version-history":[{"count":1,"href":"https:\/\/www.immobilienbusiness.ch\/de\/wp-json\/wp\/v2\/posts\/45811\/revisions"}],"predecessor-version":[{"id":45813,"href":"https:\/\/www.immobilienbusiness.ch\/de\/wp-json\/wp\/v2\/posts\/45811\/revisions\/45813"}],"wp:featuredmedia":[{"embeddable":true,"href":"https:\/\/www.immobilienbusiness.ch\/de\/wp-json\/wp\/v2\/media\/45812"}],"wp:attachment":[{"href":"https:\/\/www.immobilienbusiness.ch\/de\/wp-json\/wp\/v2\/media?parent=45811"}],"wp:term":[{"taxonomy":"category","embeddable":true,"href":"https:\/\/www.immobilienbusiness.ch\/de\/wp-json\/wp\/v2\/categories?post=45811"},{"taxonomy":"post_tag","embeddable":true,"href":"https:\/\/www.immobilienbusiness.ch\/de\/wp-json\/wp\/v2\/tags?post=45811"}],"curies":[{"name":"wp","href":"https:\/\/api.w.org\/{rel}","templated":true}]}}