{"id":45793,"date":"2023-02-15T06:00:55","date_gmt":"2023-02-15T05:00:55","guid":{"rendered":"https:\/\/www.immobilienbusiness.ch\/?p=45793"},"modified":"2023-06-26T13:24:47","modified_gmt":"2023-06-26T11:24:47","slug":"sfp-ast-anlagegruppe-swiss-real-estate-steht-vor-portfoliokauf","status":"publish","type":"post","link":"https:\/\/www.immobilienbusiness.ch\/de\/unternehmen\/2023-02-15\/sfp-ast-anlagegruppe-swiss-real-estate-steht-vor-portfoliokauf\/","title":{"rendered":"SFP AST Swiss Real Estate steht vor Portfoliokauf"},"content":{"rendered":"<figure id=\"attachment_10690\" aria-describedby=\"caption-attachment-10690\" style=\"width: 1200px\" class=\"wp-caption alignnone\"><a href=\"https:\/\/www.immobilienbusiness.ch\/wp-content\/uploads\/2017\/12\/IB-News-20171221-Helvetica-Swiss-Commercial-Fonds-erfolgreiche-Kapitalerhoehung-c-Pixabay.png\"><img loading=\"lazy\" decoding=\"async\" class=\"size-full wp-image-10690\" src=\"https:\/\/www.immobilienbusiness.ch\/wp-content\/uploads\/2017\/12\/IB-News-20171221-Helvetica-Swiss-Commercial-Fonds-erfolgreiche-Kapitalerhoehung-c-Pixabay.png\" alt=\"\" width=\"1200\" height=\"800\" srcset=\"https:\/\/www.immobilienbusiness.ch\/wp-content\/uploads\/2017\/12\/IB-News-20171221-Helvetica-Swiss-Commercial-Fonds-erfolgreiche-Kapitalerhoehung-c-Pixabay.png 1200w, https:\/\/www.immobilienbusiness.ch\/wp-content\/uploads\/2017\/12\/IB-News-20171221-Helvetica-Swiss-Commercial-Fonds-erfolgreiche-Kapitalerhoehung-c-Pixabay-300x200.png 300w, https:\/\/www.immobilienbusiness.ch\/wp-content\/uploads\/2017\/12\/IB-News-20171221-Helvetica-Swiss-Commercial-Fonds-erfolgreiche-Kapitalerhoehung-c-Pixabay-1024x683.png 1024w, https:\/\/www.immobilienbusiness.ch\/wp-content\/uploads\/2017\/12\/IB-News-20171221-Helvetica-Swiss-Commercial-Fonds-erfolgreiche-Kapitalerhoehung-c-Pixabay-768x512.png 768w, https:\/\/www.immobilienbusiness.ch\/wp-content\/uploads\/2017\/12\/IB-News-20171221-Helvetica-Swiss-Commercial-Fonds-erfolgreiche-Kapitalerhoehung-c-Pixabay-16x12.png 16w, https:\/\/www.immobilienbusiness.ch\/wp-content\/uploads\/2017\/12\/IB-News-20171221-Helvetica-Swiss-Commercial-Fonds-erfolgreiche-Kapitalerhoehung-c-Pixabay-263x175.png 263w, https:\/\/www.immobilienbusiness.ch\/wp-content\/uploads\/2017\/12\/IB-News-20171221-Helvetica-Swiss-Commercial-Fonds-erfolgreiche-Kapitalerhoehung-c-Pixabay-525x350.png 525w, https:\/\/www.immobilienbusiness.ch\/wp-content\/uploads\/2017\/12\/IB-News-20171221-Helvetica-Swiss-Commercial-Fonds-erfolgreiche-Kapitalerhoehung-c-Pixabay-920x613.png 920w\" sizes=\"auto, (max-width: 1200px) 100vw, 1200px\" \/><\/a><figcaption id=\"caption-attachment-10690\" class=\"wp-caption-text\">Die Anlagegruppe SFP AST Swiss Real Estate sucht neues Kapital und will zukaufen (Bild: SFP AST)<\/figcaption><\/figure>\n<p>Die Kapitalaufnahme soll am 21. Februar beginnen. Das Zielvolumen von 75 Mio. CHF sei f\u00fcr den weiteren Portfolioausbau vorgesehen, teilt die SFP Anlagestiftung mit. Vier Objekte im Wert von 114,1 Mio. CHF sind den Angaben zufolge bereits beurkundet oder angebunden. F\u00fcr weitere K\u00e4ufe stehe zudem Fremdkapital zur Verf\u00fcgung. Das zu erwerbende Portfolio werde die Rendite des Gesamtportfolios verbessern, heisst es.<\/p>\n<p>Das Portfolio des SFP AST Swiss Real Estate besteht zu 60% aus Wohnimmobilien und zu 40% aus kommerziell genutzten Liegenschaften. Per Jahresende 2022 umfasste der Bestand 33 Objekte in der Schweiz mit einem Marktwert von 536 Mio. CHF. <i>(aw)<\/i><\/p>\n","protected":false},"excerpt":{"rendered":"<p>Die SFP Anlagestiftung hat f\u00fcr die Anlagegruppe SFP AST Swiss Real Estate eine Kapitalaufnahme angek\u00fcndigt. Die Massnahme steht in Verbindung mit einem geplanten Immobilienkauf.<\/p>\n","protected":false},"author":102,"featured_media":0,"comment_status":"closed","ping_status":"closed","sticky":false,"template":"","format":"standard","meta":{"_acf_changed":false,"_yoast_wpseo_focuskw":"SFP AST Swiss Real Estate","_yoast_wpseo_title":"","_yoast_wpseo_metadesc":"","_yoast_wpseo_linkdex":47,"pgc_sgb_lightbox_settings":"","footnotes":""},"categories":[988],"tags":[1030,1348,2161],"class_list":["post-45793","post","type-post","status-publish","format-standard","hentry","category-unternehmen","tag-anlagestiftung","tag-immobilienkauf","tag-sfp-ast"],"acf":[],"yoast_head":"<!-- This site is optimized with the Yoast SEO plugin v27.4 - https:\/\/yoast.com\/product\/yoast-seo-wordpress\/ -->\n<title>SFP AST Swiss Real Estate steht vor Portfoliokauf - IMMOBILIEN Business<\/title>\n<meta name=\"robots\" content=\"index, follow, max-snippet:-1, max-image-preview:large, max-video-preview:-1\" \/>\n<link rel=\"canonical\" href=\"https:\/\/www.immobilienbusiness.ch\/de\/unternehmen\/2023-02-15\/sfp-ast-anlagegruppe-swiss-real-estate-steht-vor-portfoliokauf\/\" \/>\n<meta property=\"og:locale\" content=\"de_DE\" \/>\n<meta property=\"og:type\" content=\"article\" \/>\n<meta property=\"og:title\" content=\"SFP AST Swiss Real Estate steht vor Portfoliokauf - IMMOBILIEN Business\" \/>\n<meta property=\"og:description\" content=\"Die SFP Anlagestiftung hat f\u00fcr die Anlagegruppe SFP AST Swiss Real Estate eine Kapitalaufnahme angek\u00fcndigt. Die Massnahme steht in Verbindung mit einem geplanten Immobilienkauf.\" \/>\n<meta property=\"og:url\" content=\"https:\/\/www.immobilienbusiness.ch\/de\/unternehmen\/2023-02-15\/sfp-ast-anlagegruppe-swiss-real-estate-steht-vor-portfoliokauf\/\" \/>\n<meta property=\"og:site_name\" content=\"IMMOBILIEN Business\" \/>\n<meta property=\"article:publisher\" content=\"https:\/\/www.facebook.com\/immobilienbusiness\/\" \/>\n<meta property=\"article:published_time\" content=\"2023-02-15T05:00:55+00:00\" \/>\n<meta property=\"article:modified_time\" content=\"2023-06-26T11:24:47+00:00\" \/>\n<meta property=\"og:image\" content=\"https:\/\/www.immobilienbusiness.ch\/wp-content\/uploads\/2017\/12\/IB-News-20171221-Helvetica-Swiss-Commercial-Fonds-erfolgreiche-Kapitalerhoehung-c-Pixabay-1024x683.png\" \/>\n\t<meta property=\"og:image:width\" content=\"1024\" \/>\n\t<meta property=\"og:image:height\" content=\"683\" \/>\n\t<meta property=\"og:image:type\" content=\"image\/png\" \/>\n<meta name=\"author\" content=\"Alexander Wachter\" \/>\n<meta name=\"twitter:card\" content=\"summary_large_image\" \/>\n<script type=\"application\/ld+json\" class=\"yoast-schema-graph\">{\"@context\":\"https:\\\/\\\/schema.org\",\"@graph\":[{\"@type\":\"Article\",\"@id\":\"https:\\\/\\\/www.immobilienbusiness.ch\\\/fr\\\/unternehmen\\\/2023-02-15\\\/sfp-ast-anlagegruppe-swiss-real-estate-steht-vor-portfoliokauf\\\/#article\",\"isPartOf\":{\"@id\":\"https:\\\/\\\/www.immobilienbusiness.ch\\\/fr\\\/unternehmen\\\/2023-02-15\\\/sfp-ast-anlagegruppe-swiss-real-estate-steht-vor-portfoliokauf\\\/\"},\"author\":{\"name\":\"Alexander Wachter\",\"@id\":\"https:\\\/\\\/www.immobilienbusiness.ch\\\/#\\\/schema\\\/person\\\/aba8bea2db926aa0c24c08c43fe1fcd5\"},\"headline\":\"SFP AST Swiss Real Estate steht vor Portfoliokauf\",\"datePublished\":\"2023-02-15T05:00:55+00:00\",\"dateModified\":\"2023-06-26T11:24:47+00:00\",\"mainEntityOfPage\":{\"@id\":\"https:\\\/\\\/www.immobilienbusiness.ch\\\/fr\\\/unternehmen\\\/2023-02-15\\\/sfp-ast-anlagegruppe-swiss-real-estate-steht-vor-portfoliokauf\\\/\"},\"wordCount\":126,\"publisher\":{\"@id\":\"https:\\\/\\\/www.immobilienbusiness.ch\\\/#organization\"},\"image\":{\"@id\":\"https:\\\/\\\/www.immobilienbusiness.ch\\\/fr\\\/unternehmen\\\/2023-02-15\\\/sfp-ast-anlagegruppe-swiss-real-estate-steht-vor-portfoliokauf\\\/#primaryimage\"},\"thumbnailUrl\":\"https:\\\/\\\/www.immobilienbusiness.ch\\\/wp-content\\\/uploads\\\/2017\\\/12\\\/IB-News-20171221-Helvetica-Swiss-Commercial-Fonds-erfolgreiche-Kapitalerhoehung-c-Pixabay.png\",\"keywords\":[\"Anlagestiftung\",\"Immobilienkauf\",\"SFP AST\"],\"articleSection\":[\"UNTERNEHMEN\"],\"inLanguage\":\"de\"},{\"@type\":\"WebPage\",\"@id\":\"https:\\\/\\\/www.immobilienbusiness.ch\\\/fr\\\/unternehmen\\\/2023-02-15\\\/sfp-ast-anlagegruppe-swiss-real-estate-steht-vor-portfoliokauf\\\/\",\"url\":\"https:\\\/\\\/www.immobilienbusiness.ch\\\/fr\\\/unternehmen\\\/2023-02-15\\\/sfp-ast-anlagegruppe-swiss-real-estate-steht-vor-portfoliokauf\\\/\",\"name\":\"SFP AST Swiss Real Estate steht vor Portfoliokauf - IMMOBILIEN Business\",\"isPartOf\":{\"@id\":\"https:\\\/\\\/www.immobilienbusiness.ch\\\/#website\"},\"primaryImageOfPage\":{\"@id\":\"https:\\\/\\\/www.immobilienbusiness.ch\\\/fr\\\/unternehmen\\\/2023-02-15\\\/sfp-ast-anlagegruppe-swiss-real-estate-steht-vor-portfoliokauf\\\/#primaryimage\"},\"image\":{\"@id\":\"https:\\\/\\\/www.immobilienbusiness.ch\\\/fr\\\/unternehmen\\\/2023-02-15\\\/sfp-ast-anlagegruppe-swiss-real-estate-steht-vor-portfoliokauf\\\/#primaryimage\"},\"thumbnailUrl\":\"https:\\\/\\\/www.immobilienbusiness.ch\\\/wp-content\\\/uploads\\\/2017\\\/12\\\/IB-News-20171221-Helvetica-Swiss-Commercial-Fonds-erfolgreiche-Kapitalerhoehung-c-Pixabay.png\",\"datePublished\":\"2023-02-15T05:00:55+00:00\",\"dateModified\":\"2023-06-26T11:24:47+00:00\",\"breadcrumb\":{\"@id\":\"https:\\\/\\\/www.immobilienbusiness.ch\\\/fr\\\/unternehmen\\\/2023-02-15\\\/sfp-ast-anlagegruppe-swiss-real-estate-steht-vor-portfoliokauf\\\/#breadcrumb\"},\"inLanguage\":\"de\",\"potentialAction\":[{\"@type\":\"ReadAction\",\"target\":[\"https:\\\/\\\/www.immobilienbusiness.ch\\\/fr\\\/unternehmen\\\/2023-02-15\\\/sfp-ast-anlagegruppe-swiss-real-estate-steht-vor-portfoliokauf\\\/\"]}]},{\"@type\":\"ImageObject\",\"inLanguage\":\"de\",\"@id\":\"https:\\\/\\\/www.immobilienbusiness.ch\\\/fr\\\/unternehmen\\\/2023-02-15\\\/sfp-ast-anlagegruppe-swiss-real-estate-steht-vor-portfoliokauf\\\/#primaryimage\",\"url\":\"https:\\\/\\\/www.immobilienbusiness.ch\\\/wp-content\\\/uploads\\\/2017\\\/12\\\/IB-News-20171221-Helvetica-Swiss-Commercial-Fonds-erfolgreiche-Kapitalerhoehung-c-Pixabay.png\",\"contentUrl\":\"https:\\\/\\\/www.immobilienbusiness.ch\\\/wp-content\\\/uploads\\\/2017\\\/12\\\/IB-News-20171221-Helvetica-Swiss-Commercial-Fonds-erfolgreiche-Kapitalerhoehung-c-Pixabay.png\"},{\"@type\":\"BreadcrumbList\",\"@id\":\"https:\\\/\\\/www.immobilienbusiness.ch\\\/fr\\\/unternehmen\\\/2023-02-15\\\/sfp-ast-anlagegruppe-swiss-real-estate-steht-vor-portfoliokauf\\\/#breadcrumb\",\"itemListElement\":[{\"@type\":\"ListItem\",\"position\":1,\"name\":\"Home\",\"item\":\"https:\\\/\\\/www.immobilienbusiness.ch\\\/\"},{\"@type\":\"ListItem\",\"position\":2,\"name\":\"SFP AST Swiss Real Estate steht vor Portfoliokauf\"}]},{\"@type\":\"WebSite\",\"@id\":\"https:\\\/\\\/www.immobilienbusiness.ch\\\/#website\",\"url\":\"https:\\\/\\\/www.immobilienbusiness.ch\\\/\",\"name\":\"IMMOBILIEN Business\",\"description\":\"Unabh\u00e4ngiges Schweizer Wirtschaftsmagazin mit Fokus auf Immobilien, Architektur- und Bau sowie Investment- und Finanzierung.\",\"publisher\":{\"@id\":\"https:\\\/\\\/www.immobilienbusiness.ch\\\/#organization\"},\"potentialAction\":[{\"@type\":\"SearchAction\",\"target\":{\"@type\":\"EntryPoint\",\"urlTemplate\":\"https:\\\/\\\/www.immobilienbusiness.ch\\\/?s={search_term_string}\"},\"query-input\":{\"@type\":\"PropertyValueSpecification\",\"valueRequired\":true,\"valueName\":\"search_term_string\"}}],\"inLanguage\":\"de\"},{\"@type\":\"Organization\",\"@id\":\"https:\\\/\\\/www.immobilienbusiness.ch\\\/#organization\",\"name\":\"IMMOBILIEN Business\",\"url\":\"https:\\\/\\\/www.immobilienbusiness.ch\\\/\",\"logo\":{\"@type\":\"ImageObject\",\"inLanguage\":\"de\",\"@id\":\"https:\\\/\\\/www.immobilienbusiness.ch\\\/#\\\/schema\\\/logo\\\/image\\\/\",\"url\":\"https:\\\/\\\/www.immobilienbusiness.ch\\\/wp-content\\\/uploads\\\/2021\\\/07\\\/logo_ib.png\",\"contentUrl\":\"https:\\\/\\\/www.immobilienbusiness.ch\\\/wp-content\\\/uploads\\\/2021\\\/07\\\/logo_ib.png\",\"width\":800,\"height\":181,\"caption\":\"IMMOBILIEN Business\"},\"image\":{\"@id\":\"https:\\\/\\\/www.immobilienbusiness.ch\\\/#\\\/schema\\\/logo\\\/image\\\/\"},\"sameAs\":[\"https:\\\/\\\/www.facebook.com\\\/immobilienbusiness\\\/\"]},{\"@type\":\"Person\",\"@id\":\"https:\\\/\\\/www.immobilienbusiness.ch\\\/#\\\/schema\\\/person\\\/aba8bea2db926aa0c24c08c43fe1fcd5\",\"name\":\"Alexander Wachter\",\"image\":{\"@type\":\"ImageObject\",\"inLanguage\":\"de\",\"@id\":\"https:\\\/\\\/secure.gravatar.com\\\/avatar\\\/1a09e471f5389b0e0a6416eac287e0927c7c97a7b77f9e787eba3af7aee281dd?s=96&d=mm&r=g\",\"url\":\"https:\\\/\\\/secure.gravatar.com\\\/avatar\\\/1a09e471f5389b0e0a6416eac287e0927c7c97a7b77f9e787eba3af7aee281dd?s=96&d=mm&r=g\",\"contentUrl\":\"https:\\\/\\\/secure.gravatar.com\\\/avatar\\\/1a09e471f5389b0e0a6416eac287e0927c7c97a7b77f9e787eba3af7aee281dd?s=96&d=mm&r=g\",\"caption\":\"Alexander Wachter\"},\"url\":\"https:\\\/\\\/www.immobilienbusiness.ch\\\/de\\\/author\\\/alexander-wachter\\\/\"}]}<\/script>\n<!-- \/ Yoast SEO plugin. -->","yoast_head_json":{"title":"SFP AST Swiss Real Estate steht vor Portfoliokauf - IMMOBILIEN Business","robots":{"index":"index","follow":"follow","max-snippet":"max-snippet:-1","max-image-preview":"max-image-preview:large","max-video-preview":"max-video-preview:-1"},"canonical":"https:\/\/www.immobilienbusiness.ch\/de\/unternehmen\/2023-02-15\/sfp-ast-anlagegruppe-swiss-real-estate-steht-vor-portfoliokauf\/","og_locale":"de_DE","og_type":"article","og_title":"SFP AST Swiss Real Estate steht vor Portfoliokauf - IMMOBILIEN Business","og_description":"Die SFP Anlagestiftung hat f\u00fcr die Anlagegruppe SFP AST Swiss Real Estate eine Kapitalaufnahme angek\u00fcndigt. Die Massnahme steht in Verbindung mit einem geplanten Immobilienkauf.","og_url":"https:\/\/www.immobilienbusiness.ch\/de\/unternehmen\/2023-02-15\/sfp-ast-anlagegruppe-swiss-real-estate-steht-vor-portfoliokauf\/","og_site_name":"IMMOBILIEN Business","article_publisher":"https:\/\/www.facebook.com\/immobilienbusiness\/","article_published_time":"2023-02-15T05:00:55+00:00","article_modified_time":"2023-06-26T11:24:47+00:00","og_image":[{"width":1024,"height":683,"url":"https:\/\/www.immobilienbusiness.ch\/wp-content\/uploads\/2017\/12\/IB-News-20171221-Helvetica-Swiss-Commercial-Fonds-erfolgreiche-Kapitalerhoehung-c-Pixabay-1024x683.png","type":"image\/png"}],"author":"Alexander Wachter","twitter_card":"summary_large_image","schema":{"@context":"https:\/\/schema.org","@graph":[{"@type":"Article","@id":"https:\/\/www.immobilienbusiness.ch\/fr\/unternehmen\/2023-02-15\/sfp-ast-anlagegruppe-swiss-real-estate-steht-vor-portfoliokauf\/#article","isPartOf":{"@id":"https:\/\/www.immobilienbusiness.ch\/fr\/unternehmen\/2023-02-15\/sfp-ast-anlagegruppe-swiss-real-estate-steht-vor-portfoliokauf\/"},"author":{"name":"Alexander Wachter","@id":"https:\/\/www.immobilienbusiness.ch\/#\/schema\/person\/aba8bea2db926aa0c24c08c43fe1fcd5"},"headline":"SFP AST Swiss Real Estate steht vor Portfoliokauf","datePublished":"2023-02-15T05:00:55+00:00","dateModified":"2023-06-26T11:24:47+00:00","mainEntityOfPage":{"@id":"https:\/\/www.immobilienbusiness.ch\/fr\/unternehmen\/2023-02-15\/sfp-ast-anlagegruppe-swiss-real-estate-steht-vor-portfoliokauf\/"},"wordCount":126,"publisher":{"@id":"https:\/\/www.immobilienbusiness.ch\/#organization"},"image":{"@id":"https:\/\/www.immobilienbusiness.ch\/fr\/unternehmen\/2023-02-15\/sfp-ast-anlagegruppe-swiss-real-estate-steht-vor-portfoliokauf\/#primaryimage"},"thumbnailUrl":"https:\/\/www.immobilienbusiness.ch\/wp-content\/uploads\/2017\/12\/IB-News-20171221-Helvetica-Swiss-Commercial-Fonds-erfolgreiche-Kapitalerhoehung-c-Pixabay.png","keywords":["Anlagestiftung","Immobilienkauf","SFP AST"],"articleSection":["UNTERNEHMEN"],"inLanguage":"de"},{"@type":"WebPage","@id":"https:\/\/www.immobilienbusiness.ch\/fr\/unternehmen\/2023-02-15\/sfp-ast-anlagegruppe-swiss-real-estate-steht-vor-portfoliokauf\/","url":"https:\/\/www.immobilienbusiness.ch\/fr\/unternehmen\/2023-02-15\/sfp-ast-anlagegruppe-swiss-real-estate-steht-vor-portfoliokauf\/","name":"SFP AST Swiss Real Estate steht vor Portfoliokauf - IMMOBILIEN Business","isPartOf":{"@id":"https:\/\/www.immobilienbusiness.ch\/#website"},"primaryImageOfPage":{"@id":"https:\/\/www.immobilienbusiness.ch\/fr\/unternehmen\/2023-02-15\/sfp-ast-anlagegruppe-swiss-real-estate-steht-vor-portfoliokauf\/#primaryimage"},"image":{"@id":"https:\/\/www.immobilienbusiness.ch\/fr\/unternehmen\/2023-02-15\/sfp-ast-anlagegruppe-swiss-real-estate-steht-vor-portfoliokauf\/#primaryimage"},"thumbnailUrl":"https:\/\/www.immobilienbusiness.ch\/wp-content\/uploads\/2017\/12\/IB-News-20171221-Helvetica-Swiss-Commercial-Fonds-erfolgreiche-Kapitalerhoehung-c-Pixabay.png","datePublished":"2023-02-15T05:00:55+00:00","dateModified":"2023-06-26T11:24:47+00:00","breadcrumb":{"@id":"https:\/\/www.immobilienbusiness.ch\/fr\/unternehmen\/2023-02-15\/sfp-ast-anlagegruppe-swiss-real-estate-steht-vor-portfoliokauf\/#breadcrumb"},"inLanguage":"de","potentialAction":[{"@type":"ReadAction","target":["https:\/\/www.immobilienbusiness.ch\/fr\/unternehmen\/2023-02-15\/sfp-ast-anlagegruppe-swiss-real-estate-steht-vor-portfoliokauf\/"]}]},{"@type":"ImageObject","inLanguage":"de","@id":"https:\/\/www.immobilienbusiness.ch\/fr\/unternehmen\/2023-02-15\/sfp-ast-anlagegruppe-swiss-real-estate-steht-vor-portfoliokauf\/#primaryimage","url":"https:\/\/www.immobilienbusiness.ch\/wp-content\/uploads\/2017\/12\/IB-News-20171221-Helvetica-Swiss-Commercial-Fonds-erfolgreiche-Kapitalerhoehung-c-Pixabay.png","contentUrl":"https:\/\/www.immobilienbusiness.ch\/wp-content\/uploads\/2017\/12\/IB-News-20171221-Helvetica-Swiss-Commercial-Fonds-erfolgreiche-Kapitalerhoehung-c-Pixabay.png"},{"@type":"BreadcrumbList","@id":"https:\/\/www.immobilienbusiness.ch\/fr\/unternehmen\/2023-02-15\/sfp-ast-anlagegruppe-swiss-real-estate-steht-vor-portfoliokauf\/#breadcrumb","itemListElement":[{"@type":"ListItem","position":1,"name":"Home","item":"https:\/\/www.immobilienbusiness.ch\/"},{"@type":"ListItem","position":2,"name":"SFP AST Swiss Real Estate steht vor Portfoliokauf"}]},{"@type":"WebSite","@id":"https:\/\/www.immobilienbusiness.ch\/#website","url":"https:\/\/www.immobilienbusiness.ch\/","name":"IMMOBILIEN Business","description":"Unabh\u00e4ngiges Schweizer Wirtschaftsmagazin mit Fokus auf Immobilien, Architektur- und Bau sowie Investment- und Finanzierung.","publisher":{"@id":"https:\/\/www.immobilienbusiness.ch\/#organization"},"potentialAction":[{"@type":"SearchAction","target":{"@type":"EntryPoint","urlTemplate":"https:\/\/www.immobilienbusiness.ch\/?s={search_term_string}"},"query-input":{"@type":"PropertyValueSpecification","valueRequired":true,"valueName":"search_term_string"}}],"inLanguage":"de"},{"@type":"Organization","@id":"https:\/\/www.immobilienbusiness.ch\/#organization","name":"IMMOBILIEN Business","url":"https:\/\/www.immobilienbusiness.ch\/","logo":{"@type":"ImageObject","inLanguage":"de","@id":"https:\/\/www.immobilienbusiness.ch\/#\/schema\/logo\/image\/","url":"https:\/\/www.immobilienbusiness.ch\/wp-content\/uploads\/2021\/07\/logo_ib.png","contentUrl":"https:\/\/www.immobilienbusiness.ch\/wp-content\/uploads\/2021\/07\/logo_ib.png","width":800,"height":181,"caption":"IMMOBILIEN Business"},"image":{"@id":"https:\/\/www.immobilienbusiness.ch\/#\/schema\/logo\/image\/"},"sameAs":["https:\/\/www.facebook.com\/immobilienbusiness\/"]},{"@type":"Person","@id":"https:\/\/www.immobilienbusiness.ch\/#\/schema\/person\/aba8bea2db926aa0c24c08c43fe1fcd5","name":"Alexander Wachter","image":{"@type":"ImageObject","inLanguage":"de","@id":"https:\/\/secure.gravatar.com\/avatar\/1a09e471f5389b0e0a6416eac287e0927c7c97a7b77f9e787eba3af7aee281dd?s=96&d=mm&r=g","url":"https:\/\/secure.gravatar.com\/avatar\/1a09e471f5389b0e0a6416eac287e0927c7c97a7b77f9e787eba3af7aee281dd?s=96&d=mm&r=g","contentUrl":"https:\/\/secure.gravatar.com\/avatar\/1a09e471f5389b0e0a6416eac287e0927c7c97a7b77f9e787eba3af7aee281dd?s=96&d=mm&r=g","caption":"Alexander Wachter"},"url":"https:\/\/www.immobilienbusiness.ch\/de\/author\/alexander-wachter\/"}]}},"_links":{"self":[{"href":"https:\/\/www.immobilienbusiness.ch\/de\/wp-json\/wp\/v2\/posts\/45793","targetHints":{"allow":["GET"]}}],"collection":[{"href":"https:\/\/www.immobilienbusiness.ch\/de\/wp-json\/wp\/v2\/posts"}],"about":[{"href":"https:\/\/www.immobilienbusiness.ch\/de\/wp-json\/wp\/v2\/types\/post"}],"author":[{"embeddable":true,"href":"https:\/\/www.immobilienbusiness.ch\/de\/wp-json\/wp\/v2\/users\/102"}],"replies":[{"embeddable":true,"href":"https:\/\/www.immobilienbusiness.ch\/de\/wp-json\/wp\/v2\/comments?post=45793"}],"version-history":[{"count":4,"href":"https:\/\/www.immobilienbusiness.ch\/de\/wp-json\/wp\/v2\/posts\/45793\/revisions"}],"predecessor-version":[{"id":45819,"href":"https:\/\/www.immobilienbusiness.ch\/de\/wp-json\/wp\/v2\/posts\/45793\/revisions\/45819"}],"wp:attachment":[{"href":"https:\/\/www.immobilienbusiness.ch\/de\/wp-json\/wp\/v2\/media?parent=45793"}],"wp:term":[{"taxonomy":"category","embeddable":true,"href":"https:\/\/www.immobilienbusiness.ch\/de\/wp-json\/wp\/v2\/categories?post=45793"},{"taxonomy":"post_tag","embeddable":true,"href":"https:\/\/www.immobilienbusiness.ch\/de\/wp-json\/wp\/v2\/tags?post=45793"}],"curies":[{"name":"wp","href":"https:\/\/api.w.org\/{rel}","templated":true}]}}