{"id":45782,"date":"2023-02-14T08:46:36","date_gmt":"2023-02-14T07:46:36","guid":{"rendered":"https:\/\/www.immobilienbusiness.ch\/?p=45782"},"modified":"2023-02-16T09:07:11","modified_gmt":"2023-02-16T08:07:11","slug":"thun-frutiger-kann-projekt-hoffmatte-realisieren","status":"publish","type":"post","link":"https:\/\/www.immobilienbusiness.ch\/de\/regionen\/2023-02-14\/thun-frutiger-kann-projekt-hoffmatte-realisieren\/","title":{"rendered":"Thun: Frutiger kann Projekt \u00abHoffmatte\u00bb realisieren"},"content":{"rendered":"<figure id=\"attachment_45783\" aria-describedby=\"caption-attachment-45783\" style=\"width: 1446px\" class=\"wp-caption alignnone\"><a href=\"https:\/\/www.immobilienbusiness.ch\/wp-content\/uploads\/2023\/02\/Hofmatte.png\"><img loading=\"lazy\" decoding=\"async\" class=\"size-full wp-image-45783\" src=\"https:\/\/www.immobilienbusiness.ch\/wp-content\/uploads\/2023\/02\/Hofmatte.png\" alt=\"\" width=\"1446\" height=\"697\" srcset=\"https:\/\/www.immobilienbusiness.ch\/wp-content\/uploads\/2023\/02\/Hofmatte.png 1200w, https:\/\/www.immobilienbusiness.ch\/wp-content\/uploads\/2023\/02\/Hofmatte-300x145.png 300w, https:\/\/www.immobilienbusiness.ch\/wp-content\/uploads\/2023\/02\/Hofmatte-1024x494.png 1024w, https:\/\/www.immobilienbusiness.ch\/wp-content\/uploads\/2023\/02\/Hofmatte-768x370.png 768w, https:\/\/www.immobilienbusiness.ch\/wp-content\/uploads\/2023\/02\/Hofmatte-18x9.png 18w, https:\/\/www.immobilienbusiness.ch\/wp-content\/uploads\/2023\/02\/Hofmatte-375x181.png 375w, https:\/\/www.immobilienbusiness.ch\/wp-content\/uploads\/2023\/02\/Hofmatte-726x350.png 726w, https:\/\/www.immobilienbusiness.ch\/wp-content\/uploads\/2023\/02\/Hofmatte-1000x482.png 1000w\" sizes=\"auto, (max-width: 1446px) 100vw, 1446px\" \/><\/a><figcaption id=\"caption-attachment-45783\" class=\"wp-caption-text\">Das Projekt \u00abHoffmatte\u00bb in Thun (Visualisierung: Frutiger)<\/figcaption><\/figure>\n<p>Realisiert werden soll das Vorhaben auf der heute ungenutzten Landreserve der Hoffmann Neopac AG an der Eisenbahnstrasse 71. Die Pl\u00e4ne, die Frutiger gemeinsam mit Hoffmann Neopac und der Stiftung Wohnen im Alter (WIA) erstellte, reichen ins Jahr 2015 zur\u00fcck. Die Verz\u00f6gerungen durch das Beschwerdeverfahren f\u00fchrten im November 2022 zur Aufl\u00f6sung des Projektierungsvertrags mit der Stiftung WIA.<\/p>\n<p>Nach der Zustimmung des Stadtrats im Jahr 2019 sprach sich im Februar 2020 die Bev\u00f6lkerung f\u00fcr die neue Zone mit Planungspflicht (ZPP) \u00abHoffmatte\u00bb aus. Im September 2020 genehmigte das kantonale Amt f\u00fcr Gemeinden- und Raumordnung (AGR) die ZPP und die \u00dcberbauungsordnung. Das AGR wies alle Einsprachen und die Abstimmungsbeschwerde ab. Gegen diesen Entscheid wurde Beschwerde erhoben. Nach der kantonalen Direktion f\u00fcr Inneres und Justiz (DIJ) und dem Verwaltungsgericht des Kantons Bern hat nun das Bundesgericht als vierte Instanz der Stadt Thun Recht gegeben und s\u00e4mtliche Beschwerdepunkte abgewiesen.<\/p>\n<p>Frutiger will nun in den n\u00e4chsten zw\u00f6lf Monaten das Baugesuch f\u00fcr die 1. Etappe auf dem eigenen Grundst\u00fccken einreichen. Bezogen werden k\u00f6nnen die geplanten Immobilien fr\u00fchestens 2026 oder 2027. <i>(aw)<\/i><\/p>\n","protected":false},"excerpt":{"rendered":"<p>Das Bundesgericht hat eine Beschwerde gegen das Wohnbauprojekt \u00abHoffmatte\u00bb abgewiesen. Frutiger plant dort 71 Wohnungen und ein Alterspflegeheim.<\/p>\n","protected":false},"author":102,"featured_media":45783,"comment_status":"closed","ping_status":"closed","sticky":false,"template":"","format":"standard","meta":{"_acf_changed":false,"_yoast_wpseo_focuskw":"Frutiger","_yoast_wpseo_title":"","_yoast_wpseo_metadesc":"Das Bundesgericht hat eine Beschwerde gegen das Wohnbauprojekt \u00abHoffmatte\u00bb abgewiesen. Frutiger plant dort 71 Wohnungen und ein Alterspflegeheim.","_yoast_wpseo_linkdex":51,"pgc_sgb_lightbox_settings":"","footnotes":""},"categories":[985],"tags":[2075,1600,1781,2109],"class_list":["post-45782","post","type-post","status-publish","format-standard","has-post-thumbnail","hentry","category-regionen","tag-frutiger","tag-projekt-in-planung","tag-thun","tag-wohnungen"],"acf":[],"yoast_head":"<!-- This site is optimized with the Yoast SEO plugin v27.4 - https:\/\/yoast.com\/product\/yoast-seo-wordpress\/ -->\n<title>Thun: Frutiger kann Projekt \u00abHoffmatte\u00bb realisieren - IMMOBILIEN Business<\/title>\n<meta name=\"description\" content=\"Das Bundesgericht hat eine Beschwerde gegen das Wohnbauprojekt \u00abHoffmatte\u00bb abgewiesen. Frutiger plant dort 71 Wohnungen und ein Alterspflegeheim.\" \/>\n<meta name=\"robots\" content=\"index, follow, max-snippet:-1, max-image-preview:large, max-video-preview:-1\" \/>\n<link rel=\"canonical\" href=\"https:\/\/www.immobilienbusiness.ch\/de\/regionen\/2023-02-14\/thun-frutiger-kann-projekt-hoffmatte-realisieren\/\" \/>\n<meta property=\"og:locale\" content=\"de_DE\" \/>\n<meta property=\"og:type\" content=\"article\" \/>\n<meta property=\"og:title\" content=\"Thun: Frutiger kann Projekt \u00abHoffmatte\u00bb realisieren - IMMOBILIEN Business\" \/>\n<meta property=\"og:description\" content=\"Das Bundesgericht hat eine Beschwerde gegen das Wohnbauprojekt \u00abHoffmatte\u00bb abgewiesen. Frutiger plant dort 71 Wohnungen und ein Alterspflegeheim.\" \/>\n<meta property=\"og:url\" content=\"https:\/\/www.immobilienbusiness.ch\/de\/regionen\/2023-02-14\/thun-frutiger-kann-projekt-hoffmatte-realisieren\/\" \/>\n<meta property=\"og:site_name\" content=\"IMMOBILIEN Business\" \/>\n<meta property=\"article:publisher\" content=\"https:\/\/www.facebook.com\/immobilienbusiness\/\" \/>\n<meta property=\"article:published_time\" content=\"2023-02-14T07:46:36+00:00\" \/>\n<meta property=\"article:modified_time\" content=\"2023-02-16T08:07:11+00:00\" \/>\n<meta property=\"og:image\" content=\"https:\/\/www.immobilienbusiness.ch\/wp-content\/uploads\/2023\/02\/Hofmatte.png\" \/>\n\t<meta property=\"og:image:width\" content=\"1200\" \/>\n\t<meta property=\"og:image:height\" content=\"578\" \/>\n\t<meta property=\"og:image:type\" content=\"image\/png\" \/>\n<meta name=\"author\" content=\"Alexander Wachter\" \/>\n<meta name=\"twitter:card\" content=\"summary_large_image\" \/>\n<script type=\"application\/ld+json\" class=\"yoast-schema-graph\">{\"@context\":\"https:\\\/\\\/schema.org\",\"@graph\":[{\"@type\":\"Article\",\"@id\":\"https:\\\/\\\/www.immobilienbusiness.ch\\\/it\\\/regionen\\\/2023-02-14\\\/thun-frutiger-kann-projekt-hoffmatte-realisieren\\\/#article\",\"isPartOf\":{\"@id\":\"https:\\\/\\\/www.immobilienbusiness.ch\\\/it\\\/regionen\\\/2023-02-14\\\/thun-frutiger-kann-projekt-hoffmatte-realisieren\\\/\"},\"author\":{\"name\":\"Alexander Wachter\",\"@id\":\"https:\\\/\\\/www.immobilienbusiness.ch\\\/#\\\/schema\\\/person\\\/aba8bea2db926aa0c24c08c43fe1fcd5\"},\"headline\":\"Thun: Frutiger kann Projekt \u00abHoffmatte\u00bb realisieren\",\"datePublished\":\"2023-02-14T07:46:36+00:00\",\"dateModified\":\"2023-02-16T08:07:11+00:00\",\"mainEntityOfPage\":{\"@id\":\"https:\\\/\\\/www.immobilienbusiness.ch\\\/it\\\/regionen\\\/2023-02-14\\\/thun-frutiger-kann-projekt-hoffmatte-realisieren\\\/\"},\"wordCount\":200,\"publisher\":{\"@id\":\"https:\\\/\\\/www.immobilienbusiness.ch\\\/#organization\"},\"image\":{\"@id\":\"https:\\\/\\\/www.immobilienbusiness.ch\\\/it\\\/regionen\\\/2023-02-14\\\/thun-frutiger-kann-projekt-hoffmatte-realisieren\\\/#primaryimage\"},\"thumbnailUrl\":\"https:\\\/\\\/www.immobilienbusiness.ch\\\/wp-content\\\/uploads\\\/2023\\\/02\\\/Hofmatte.png\",\"keywords\":[\"Frutiger\",\"Projekt in Planung\",\"Thun\",\"Wohnungen\"],\"articleSection\":[\"REGIONEN\"],\"inLanguage\":\"de\"},{\"@type\":\"WebPage\",\"@id\":\"https:\\\/\\\/www.immobilienbusiness.ch\\\/it\\\/regionen\\\/2023-02-14\\\/thun-frutiger-kann-projekt-hoffmatte-realisieren\\\/\",\"url\":\"https:\\\/\\\/www.immobilienbusiness.ch\\\/it\\\/regionen\\\/2023-02-14\\\/thun-frutiger-kann-projekt-hoffmatte-realisieren\\\/\",\"name\":\"Thun: Frutiger kann Projekt \u00abHoffmatte\u00bb realisieren - IMMOBILIEN Business\",\"isPartOf\":{\"@id\":\"https:\\\/\\\/www.immobilienbusiness.ch\\\/#website\"},\"primaryImageOfPage\":{\"@id\":\"https:\\\/\\\/www.immobilienbusiness.ch\\\/it\\\/regionen\\\/2023-02-14\\\/thun-frutiger-kann-projekt-hoffmatte-realisieren\\\/#primaryimage\"},\"image\":{\"@id\":\"https:\\\/\\\/www.immobilienbusiness.ch\\\/it\\\/regionen\\\/2023-02-14\\\/thun-frutiger-kann-projekt-hoffmatte-realisieren\\\/#primaryimage\"},\"thumbnailUrl\":\"https:\\\/\\\/www.immobilienbusiness.ch\\\/wp-content\\\/uploads\\\/2023\\\/02\\\/Hofmatte.png\",\"datePublished\":\"2023-02-14T07:46:36+00:00\",\"dateModified\":\"2023-02-16T08:07:11+00:00\",\"description\":\"Das Bundesgericht hat eine Beschwerde gegen das Wohnbauprojekt \u00abHoffmatte\u00bb abgewiesen. Frutiger plant dort 71 Wohnungen und ein Alterspflegeheim.\",\"breadcrumb\":{\"@id\":\"https:\\\/\\\/www.immobilienbusiness.ch\\\/it\\\/regionen\\\/2023-02-14\\\/thun-frutiger-kann-projekt-hoffmatte-realisieren\\\/#breadcrumb\"},\"inLanguage\":\"de\",\"potentialAction\":[{\"@type\":\"ReadAction\",\"target\":[\"https:\\\/\\\/www.immobilienbusiness.ch\\\/it\\\/regionen\\\/2023-02-14\\\/thun-frutiger-kann-projekt-hoffmatte-realisieren\\\/\"]}]},{\"@type\":\"ImageObject\",\"inLanguage\":\"de\",\"@id\":\"https:\\\/\\\/www.immobilienbusiness.ch\\\/it\\\/regionen\\\/2023-02-14\\\/thun-frutiger-kann-projekt-hoffmatte-realisieren\\\/#primaryimage\",\"url\":\"https:\\\/\\\/www.immobilienbusiness.ch\\\/wp-content\\\/uploads\\\/2023\\\/02\\\/Hofmatte.png\",\"contentUrl\":\"https:\\\/\\\/www.immobilienbusiness.ch\\\/wp-content\\\/uploads\\\/2023\\\/02\\\/Hofmatte.png\",\"width\":1200,\"height\":578,\"caption\":\"Das Projekt \u00abHoffmatte\u00bb in Thun (Visualisierung: Frutiger)\"},{\"@type\":\"BreadcrumbList\",\"@id\":\"https:\\\/\\\/www.immobilienbusiness.ch\\\/it\\\/regionen\\\/2023-02-14\\\/thun-frutiger-kann-projekt-hoffmatte-realisieren\\\/#breadcrumb\",\"itemListElement\":[{\"@type\":\"ListItem\",\"position\":1,\"name\":\"Home\",\"item\":\"https:\\\/\\\/www.immobilienbusiness.ch\\\/\"},{\"@type\":\"ListItem\",\"position\":2,\"name\":\"Thun: Frutiger kann Projekt \u00abHoffmatte\u00bb realisieren\"}]},{\"@type\":\"WebSite\",\"@id\":\"https:\\\/\\\/www.immobilienbusiness.ch\\\/#website\",\"url\":\"https:\\\/\\\/www.immobilienbusiness.ch\\\/\",\"name\":\"IMMOBILIEN Business\",\"description\":\"Unabh\u00e4ngiges Schweizer Wirtschaftsmagazin mit Fokus auf Immobilien, Architektur- und Bau sowie Investment- und Finanzierung.\",\"publisher\":{\"@id\":\"https:\\\/\\\/www.immobilienbusiness.ch\\\/#organization\"},\"potentialAction\":[{\"@type\":\"SearchAction\",\"target\":{\"@type\":\"EntryPoint\",\"urlTemplate\":\"https:\\\/\\\/www.immobilienbusiness.ch\\\/?s={search_term_string}\"},\"query-input\":{\"@type\":\"PropertyValueSpecification\",\"valueRequired\":true,\"valueName\":\"search_term_string\"}}],\"inLanguage\":\"de\"},{\"@type\":\"Organization\",\"@id\":\"https:\\\/\\\/www.immobilienbusiness.ch\\\/#organization\",\"name\":\"IMMOBILIEN Business\",\"url\":\"https:\\\/\\\/www.immobilienbusiness.ch\\\/\",\"logo\":{\"@type\":\"ImageObject\",\"inLanguage\":\"de\",\"@id\":\"https:\\\/\\\/www.immobilienbusiness.ch\\\/#\\\/schema\\\/logo\\\/image\\\/\",\"url\":\"https:\\\/\\\/www.immobilienbusiness.ch\\\/wp-content\\\/uploads\\\/2021\\\/07\\\/logo_ib.png\",\"contentUrl\":\"https:\\\/\\\/www.immobilienbusiness.ch\\\/wp-content\\\/uploads\\\/2021\\\/07\\\/logo_ib.png\",\"width\":800,\"height\":181,\"caption\":\"IMMOBILIEN Business\"},\"image\":{\"@id\":\"https:\\\/\\\/www.immobilienbusiness.ch\\\/#\\\/schema\\\/logo\\\/image\\\/\"},\"sameAs\":[\"https:\\\/\\\/www.facebook.com\\\/immobilienbusiness\\\/\"]},{\"@type\":\"Person\",\"@id\":\"https:\\\/\\\/www.immobilienbusiness.ch\\\/#\\\/schema\\\/person\\\/aba8bea2db926aa0c24c08c43fe1fcd5\",\"name\":\"Alexander Wachter\",\"image\":{\"@type\":\"ImageObject\",\"inLanguage\":\"de\",\"@id\":\"https:\\\/\\\/secure.gravatar.com\\\/avatar\\\/1a09e471f5389b0e0a6416eac287e0927c7c97a7b77f9e787eba3af7aee281dd?s=96&d=mm&r=g\",\"url\":\"https:\\\/\\\/secure.gravatar.com\\\/avatar\\\/1a09e471f5389b0e0a6416eac287e0927c7c97a7b77f9e787eba3af7aee281dd?s=96&d=mm&r=g\",\"contentUrl\":\"https:\\\/\\\/secure.gravatar.com\\\/avatar\\\/1a09e471f5389b0e0a6416eac287e0927c7c97a7b77f9e787eba3af7aee281dd?s=96&d=mm&r=g\",\"caption\":\"Alexander Wachter\"},\"url\":\"https:\\\/\\\/www.immobilienbusiness.ch\\\/de\\\/author\\\/alexander-wachter\\\/\"}]}<\/script>\n<!-- \/ Yoast SEO plugin. -->","yoast_head_json":{"title":"Thun: Frutiger kann Projekt \u00abHoffmatte\u00bb realisieren - IMMOBILIEN Business","description":"Das Bundesgericht hat eine Beschwerde gegen das Wohnbauprojekt \u00abHoffmatte\u00bb abgewiesen. Frutiger plant dort 71 Wohnungen und ein Alterspflegeheim.","robots":{"index":"index","follow":"follow","max-snippet":"max-snippet:-1","max-image-preview":"max-image-preview:large","max-video-preview":"max-video-preview:-1"},"canonical":"https:\/\/www.immobilienbusiness.ch\/de\/regionen\/2023-02-14\/thun-frutiger-kann-projekt-hoffmatte-realisieren\/","og_locale":"de_DE","og_type":"article","og_title":"Thun: Frutiger kann Projekt \u00abHoffmatte\u00bb realisieren - IMMOBILIEN Business","og_description":"Das Bundesgericht hat eine Beschwerde gegen das Wohnbauprojekt \u00abHoffmatte\u00bb abgewiesen. Frutiger plant dort 71 Wohnungen und ein Alterspflegeheim.","og_url":"https:\/\/www.immobilienbusiness.ch\/de\/regionen\/2023-02-14\/thun-frutiger-kann-projekt-hoffmatte-realisieren\/","og_site_name":"IMMOBILIEN Business","article_publisher":"https:\/\/www.facebook.com\/immobilienbusiness\/","article_published_time":"2023-02-14T07:46:36+00:00","article_modified_time":"2023-02-16T08:07:11+00:00","og_image":[{"width":1200,"height":578,"url":"https:\/\/www.immobilienbusiness.ch\/wp-content\/uploads\/2023\/02\/Hofmatte.png","type":"image\/png"}],"author":"Alexander Wachter","twitter_card":"summary_large_image","schema":{"@context":"https:\/\/schema.org","@graph":[{"@type":"Article","@id":"https:\/\/www.immobilienbusiness.ch\/it\/regionen\/2023-02-14\/thun-frutiger-kann-projekt-hoffmatte-realisieren\/#article","isPartOf":{"@id":"https:\/\/www.immobilienbusiness.ch\/it\/regionen\/2023-02-14\/thun-frutiger-kann-projekt-hoffmatte-realisieren\/"},"author":{"name":"Alexander Wachter","@id":"https:\/\/www.immobilienbusiness.ch\/#\/schema\/person\/aba8bea2db926aa0c24c08c43fe1fcd5"},"headline":"Thun: Frutiger kann Projekt \u00abHoffmatte\u00bb realisieren","datePublished":"2023-02-14T07:46:36+00:00","dateModified":"2023-02-16T08:07:11+00:00","mainEntityOfPage":{"@id":"https:\/\/www.immobilienbusiness.ch\/it\/regionen\/2023-02-14\/thun-frutiger-kann-projekt-hoffmatte-realisieren\/"},"wordCount":200,"publisher":{"@id":"https:\/\/www.immobilienbusiness.ch\/#organization"},"image":{"@id":"https:\/\/www.immobilienbusiness.ch\/it\/regionen\/2023-02-14\/thun-frutiger-kann-projekt-hoffmatte-realisieren\/#primaryimage"},"thumbnailUrl":"https:\/\/www.immobilienbusiness.ch\/wp-content\/uploads\/2023\/02\/Hofmatte.png","keywords":["Frutiger","Projekt in Planung","Thun","Wohnungen"],"articleSection":["REGIONEN"],"inLanguage":"de"},{"@type":"WebPage","@id":"https:\/\/www.immobilienbusiness.ch\/it\/regionen\/2023-02-14\/thun-frutiger-kann-projekt-hoffmatte-realisieren\/","url":"https:\/\/www.immobilienbusiness.ch\/it\/regionen\/2023-02-14\/thun-frutiger-kann-projekt-hoffmatte-realisieren\/","name":"Thun: Frutiger kann Projekt \u00abHoffmatte\u00bb realisieren - IMMOBILIEN Business","isPartOf":{"@id":"https:\/\/www.immobilienbusiness.ch\/#website"},"primaryImageOfPage":{"@id":"https:\/\/www.immobilienbusiness.ch\/it\/regionen\/2023-02-14\/thun-frutiger-kann-projekt-hoffmatte-realisieren\/#primaryimage"},"image":{"@id":"https:\/\/www.immobilienbusiness.ch\/it\/regionen\/2023-02-14\/thun-frutiger-kann-projekt-hoffmatte-realisieren\/#primaryimage"},"thumbnailUrl":"https:\/\/www.immobilienbusiness.ch\/wp-content\/uploads\/2023\/02\/Hofmatte.png","datePublished":"2023-02-14T07:46:36+00:00","dateModified":"2023-02-16T08:07:11+00:00","description":"Das Bundesgericht hat eine Beschwerde gegen das Wohnbauprojekt \u00abHoffmatte\u00bb abgewiesen. Frutiger plant dort 71 Wohnungen und ein Alterspflegeheim.","breadcrumb":{"@id":"https:\/\/www.immobilienbusiness.ch\/it\/regionen\/2023-02-14\/thun-frutiger-kann-projekt-hoffmatte-realisieren\/#breadcrumb"},"inLanguage":"de","potentialAction":[{"@type":"ReadAction","target":["https:\/\/www.immobilienbusiness.ch\/it\/regionen\/2023-02-14\/thun-frutiger-kann-projekt-hoffmatte-realisieren\/"]}]},{"@type":"ImageObject","inLanguage":"de","@id":"https:\/\/www.immobilienbusiness.ch\/it\/regionen\/2023-02-14\/thun-frutiger-kann-projekt-hoffmatte-realisieren\/#primaryimage","url":"https:\/\/www.immobilienbusiness.ch\/wp-content\/uploads\/2023\/02\/Hofmatte.png","contentUrl":"https:\/\/www.immobilienbusiness.ch\/wp-content\/uploads\/2023\/02\/Hofmatte.png","width":1200,"height":578,"caption":"Das Projekt \u00abHoffmatte\u00bb in Thun (Visualisierung: Frutiger)"},{"@type":"BreadcrumbList","@id":"https:\/\/www.immobilienbusiness.ch\/it\/regionen\/2023-02-14\/thun-frutiger-kann-projekt-hoffmatte-realisieren\/#breadcrumb","itemListElement":[{"@type":"ListItem","position":1,"name":"Home","item":"https:\/\/www.immobilienbusiness.ch\/"},{"@type":"ListItem","position":2,"name":"Thun: Frutiger kann Projekt \u00abHoffmatte\u00bb realisieren"}]},{"@type":"WebSite","@id":"https:\/\/www.immobilienbusiness.ch\/#website","url":"https:\/\/www.immobilienbusiness.ch\/","name":"IMMOBILIEN Business","description":"Unabh\u00e4ngiges Schweizer Wirtschaftsmagazin mit Fokus auf Immobilien, Architektur- und Bau sowie Investment- und Finanzierung.","publisher":{"@id":"https:\/\/www.immobilienbusiness.ch\/#organization"},"potentialAction":[{"@type":"SearchAction","target":{"@type":"EntryPoint","urlTemplate":"https:\/\/www.immobilienbusiness.ch\/?s={search_term_string}"},"query-input":{"@type":"PropertyValueSpecification","valueRequired":true,"valueName":"search_term_string"}}],"inLanguage":"de"},{"@type":"Organization","@id":"https:\/\/www.immobilienbusiness.ch\/#organization","name":"IMMOBILIEN Business","url":"https:\/\/www.immobilienbusiness.ch\/","logo":{"@type":"ImageObject","inLanguage":"de","@id":"https:\/\/www.immobilienbusiness.ch\/#\/schema\/logo\/image\/","url":"https:\/\/www.immobilienbusiness.ch\/wp-content\/uploads\/2021\/07\/logo_ib.png","contentUrl":"https:\/\/www.immobilienbusiness.ch\/wp-content\/uploads\/2021\/07\/logo_ib.png","width":800,"height":181,"caption":"IMMOBILIEN Business"},"image":{"@id":"https:\/\/www.immobilienbusiness.ch\/#\/schema\/logo\/image\/"},"sameAs":["https:\/\/www.facebook.com\/immobilienbusiness\/"]},{"@type":"Person","@id":"https:\/\/www.immobilienbusiness.ch\/#\/schema\/person\/aba8bea2db926aa0c24c08c43fe1fcd5","name":"Alexander Wachter","image":{"@type":"ImageObject","inLanguage":"de","@id":"https:\/\/secure.gravatar.com\/avatar\/1a09e471f5389b0e0a6416eac287e0927c7c97a7b77f9e787eba3af7aee281dd?s=96&d=mm&r=g","url":"https:\/\/secure.gravatar.com\/avatar\/1a09e471f5389b0e0a6416eac287e0927c7c97a7b77f9e787eba3af7aee281dd?s=96&d=mm&r=g","contentUrl":"https:\/\/secure.gravatar.com\/avatar\/1a09e471f5389b0e0a6416eac287e0927c7c97a7b77f9e787eba3af7aee281dd?s=96&d=mm&r=g","caption":"Alexander Wachter"},"url":"https:\/\/www.immobilienbusiness.ch\/de\/author\/alexander-wachter\/"}]}},"_links":{"self":[{"href":"https:\/\/www.immobilienbusiness.ch\/de\/wp-json\/wp\/v2\/posts\/45782","targetHints":{"allow":["GET"]}}],"collection":[{"href":"https:\/\/www.immobilienbusiness.ch\/de\/wp-json\/wp\/v2\/posts"}],"about":[{"href":"https:\/\/www.immobilienbusiness.ch\/de\/wp-json\/wp\/v2\/types\/post"}],"author":[{"embeddable":true,"href":"https:\/\/www.immobilienbusiness.ch\/de\/wp-json\/wp\/v2\/users\/102"}],"replies":[{"embeddable":true,"href":"https:\/\/www.immobilienbusiness.ch\/de\/wp-json\/wp\/v2\/comments?post=45782"}],"version-history":[{"count":2,"href":"https:\/\/www.immobilienbusiness.ch\/de\/wp-json\/wp\/v2\/posts\/45782\/revisions"}],"predecessor-version":[{"id":45822,"href":"https:\/\/www.immobilienbusiness.ch\/de\/wp-json\/wp\/v2\/posts\/45782\/revisions\/45822"}],"wp:featuredmedia":[{"embeddable":true,"href":"https:\/\/www.immobilienbusiness.ch\/de\/wp-json\/wp\/v2\/media\/45783"}],"wp:attachment":[{"href":"https:\/\/www.immobilienbusiness.ch\/de\/wp-json\/wp\/v2\/media?parent=45782"}],"wp:term":[{"taxonomy":"category","embeddable":true,"href":"https:\/\/www.immobilienbusiness.ch\/de\/wp-json\/wp\/v2\/categories?post=45782"},{"taxonomy":"post_tag","embeddable":true,"href":"https:\/\/www.immobilienbusiness.ch\/de\/wp-json\/wp\/v2\/tags?post=45782"}],"curies":[{"name":"wp","href":"https:\/\/api.w.org\/{rel}","templated":true}]}}