{"id":45765,"date":"2023-02-13T08:03:47","date_gmt":"2023-02-13T07:03:47","guid":{"rendered":"https:\/\/www.immobilienbusiness.ch\/?p=45765"},"modified":"2023-02-15T17:52:53","modified_gmt":"2023-02-15T16:52:53","slug":"mobimo-waechst-2022-im-mietgeschaeft","status":"publish","type":"post","link":"https:\/\/www.immobilienbusiness.ch\/de\/unternehmen\/2023-02-13\/mobimo-waechst-2022-im-mietgeschaeft\/","title":{"rendered":"Mobimo w\u00e4chst 2022 im Mietgesch\u00e4ft"},"content":{"rendered":"<figure id=\"attachment_38084\" aria-describedby=\"caption-attachment-38084\" style=\"width: 989px\" class=\"wp-caption alignnone\"><a href=\"https:\/\/www.immobilienbusiness.ch\/wp-content\/uploads\/2021\/08\/News-Lausanne-Les-Jumeaux-20210819.jpg\"><img loading=\"lazy\" decoding=\"async\" class=\"size-full wp-image-38084\" src=\"https:\/\/www.immobilienbusiness.ch\/wp-content\/uploads\/2021\/08\/News-Lausanne-Les-Jumeaux-20210819.jpg\" alt=\"\" width=\"989\" height=\"660\" srcset=\"https:\/\/www.immobilienbusiness.ch\/wp-content\/uploads\/2021\/08\/News-Lausanne-Les-Jumeaux-20210819.jpg 989w, https:\/\/www.immobilienbusiness.ch\/wp-content\/uploads\/2021\/08\/News-Lausanne-Les-Jumeaux-20210819-300x200.jpg 300w, https:\/\/www.immobilienbusiness.ch\/wp-content\/uploads\/2021\/08\/News-Lausanne-Les-Jumeaux-20210819-768x513.jpg 768w, https:\/\/www.immobilienbusiness.ch\/wp-content\/uploads\/2021\/08\/News-Lausanne-Les-Jumeaux-20210819-16x12.jpg 16w, https:\/\/www.immobilienbusiness.ch\/wp-content\/uploads\/2021\/08\/News-Lausanne-Les-Jumeaux-20210819-262x175.jpg 262w, https:\/\/www.immobilienbusiness.ch\/wp-content\/uploads\/2021\/08\/News-Lausanne-Les-Jumeaux-20210819-524x350.jpg 524w, https:\/\/www.immobilienbusiness.ch\/wp-content\/uploads\/2021\/08\/News-Lausanne-Les-Jumeaux-20210819-920x614.jpg 920w\" sizes=\"auto, (max-width: 989px) 100vw, 989px\" \/><\/a><figcaption id=\"caption-attachment-38084\" class=\"wp-caption-text\">Das Mobimo-Projekt Les Jumeaux in Lausanne (Bild: FERRARIARCHITECTES)<\/figcaption><\/figure>\n<p>Der Immobilienkonzern Mobimo weist f\u00fcr das Gesch\u00e4ftsjahr 2022 einen Gewinn von 135,3 Mio. CHF aus, das ist ein Minus von 2,9% gegen\u00fcber dem Vorjahr (139,4 Mio.). Ohne Neubewertungseffekte lag der Gewinn mit 102,3 Mio. CHF \u00fcber dem Vorjahreswert von 96,3 Mio. CHF. Der Erfolg aus Neubewertung erreichte 44,3 Mio. CHF \u2013 gegen\u00fcber 53,3 Mio. CHF im Jahr 2021 (-16,9%).<\/p>\n<p>Das EBIT sank von 194,7 Mio. CHF auf 181,5 Mio. CHF, bzw. von 141,3 Mio. CHF auf 137,2 Mio. CHF exklusive Neubewertung.<\/p>\n<h3>Portfoliowert steigt<\/h3>\n<p>Den Wert des Immobilienportfolios beziffert Mobimo auf 3,7 Mrd. CHF (Vj: 3,6 Mrd.). W\u00e4hrend bei den Anlageobjekten ein leichter Wertverlust (-0,3%) in den B\u00fcchern steht, legte der Wert der Entwicklungsprojekte um 22,8% auf 587,6 Mio. CHF zu (Vj: 478,3 Mio.). Verkauft hat Mobimo im Gesch\u00e4ftsjahr 2022 zwei Anlageliegenschaften in St. Erhard (LU) und Dierikon (LU) mit einem Gewinn von 4,0 Mio. CHF.<\/p>\n<p>Der Erfolg aus Vermietung legte um 6,6% auf 120, Mio. CHF zu (Vj: 112,5 Mio.). Der Erfolg aus Entwicklungen und Verkauf Promotion (Liegenschaften) bel\u00e4uft sich auf 42,4 Mio. CHF und bleibt damit deutlich unter dem Vorjahreswert (58,5 Mio.).<\/p>\n<h3>Mieteinnahmen legen um mehr als f\u00fcnf Prozent zu<\/h3>\n<p>Die Mieteinnahmen legten von 132,2 Mio. CHF im Jahr 2021 auf 139,0 Mio. CHF zu (+5,1%). Gr\u00fcnde f\u00fcr das Wachstum seien Ende 2021 get\u00e4tigte Zuk\u00e4ufe sowie Erfolge in der Wiedervermietung und der Vermarktung neuer Fl\u00e4chen, teilt Mobimo mit. Der Leerstand des Anlageportfolios bel\u00e4uft sich per 31. Dezember 2022 auf 4,3% (Vj: 4,8%).<\/p>\n<p>Aus den drei Bauprojekten Manegg und Im Tiergarten in der Stadt Z\u00fcrich sowie Les Jumeaux im Zentrum von Lausanne erwartet die Immobiliengesellschaft j\u00e4hrliche Soll-Mieterl\u00f6se von 8,4 Mio. CHF. Weitere 1,2 Mio. CHF werde ein Ende 2022 erworbenes, baubewilligtes Wohnprojekt in Lausen (BL) beitragen, so Mobimo. <em>(ah)<\/em><\/p>\n","protected":false},"excerpt":{"rendered":"<p>Der Immobilienkonzern konnte im vergangenen Jahr den Erfolg aus Vermietung steigern. Niedrigere Neubewertungserfolge dr\u00fcckten allerdings den Gewinn unter das Niveau von 2021.<\/p>\n","protected":false},"author":3,"featured_media":38084,"comment_status":"closed","ping_status":"closed","sticky":false,"template":"","format":"standard","meta":{"_acf_changed":false,"_yoast_wpseo_focuskw":"Mobimo","_yoast_wpseo_title":"","_yoast_wpseo_metadesc":"Der Immobilienkonzern Mobimo hat den Erfolg aus Vermietung steigern. Niedrigere Neubewertungserfolge dr\u00fcckten allerdings den Gewinn.","_yoast_wpseo_linkdex":67,"pgc_sgb_lightbox_settings":"","footnotes":""},"categories":[988],"tags":[1389,1503],"class_list":["post-45765","post","type-post","status-publish","format-standard","has-post-thumbnail","hentry","category-unternehmen","tag-jahresergebnis","tag-mobimo"],"acf":[],"yoast_head":"<!-- This site is optimized with the Yoast SEO plugin v27.4 - https:\/\/yoast.com\/product\/yoast-seo-wordpress\/ -->\n<title>Mobimo w\u00e4chst 2022 im Mietgesch\u00e4ft - IMMOBILIEN Business<\/title>\n<meta name=\"description\" content=\"Der Immobilienkonzern Mobimo hat den Erfolg aus Vermietung steigern. Niedrigere Neubewertungserfolge dr\u00fcckten allerdings den Gewinn.\" \/>\n<meta name=\"robots\" content=\"index, follow, max-snippet:-1, max-image-preview:large, max-video-preview:-1\" \/>\n<link rel=\"canonical\" href=\"https:\/\/www.immobilienbusiness.ch\/de\/unternehmen\/2023-02-13\/mobimo-waechst-2022-im-mietgeschaeft\/\" \/>\n<meta property=\"og:locale\" content=\"de_DE\" \/>\n<meta property=\"og:type\" content=\"article\" \/>\n<meta property=\"og:title\" content=\"Mobimo w\u00e4chst 2022 im Mietgesch\u00e4ft - IMMOBILIEN Business\" \/>\n<meta property=\"og:description\" content=\"Der Immobilienkonzern Mobimo hat den Erfolg aus Vermietung steigern. Niedrigere Neubewertungserfolge dr\u00fcckten allerdings den Gewinn.\" \/>\n<meta property=\"og:url\" content=\"https:\/\/www.immobilienbusiness.ch\/de\/unternehmen\/2023-02-13\/mobimo-waechst-2022-im-mietgeschaeft\/\" \/>\n<meta property=\"og:site_name\" content=\"IMMOBILIEN Business\" \/>\n<meta property=\"article:publisher\" content=\"https:\/\/www.facebook.com\/immobilienbusiness\/\" \/>\n<meta property=\"article:published_time\" content=\"2023-02-13T07:03:47+00:00\" \/>\n<meta property=\"article:modified_time\" content=\"2023-02-15T16:52:53+00:00\" \/>\n<meta property=\"og:image\" content=\"https:\/\/www.immobilienbusiness.ch\/wp-content\/uploads\/2021\/08\/News-Lausanne-Les-Jumeaux-20210819.jpg\" \/>\n\t<meta property=\"og:image:width\" content=\"989\" \/>\n\t<meta property=\"og:image:height\" content=\"660\" \/>\n\t<meta property=\"og:image:type\" content=\"image\/jpeg\" \/>\n<meta name=\"author\" content=\"anja.hall\" \/>\n<meta name=\"twitter:card\" content=\"summary_large_image\" \/>\n<meta name=\"twitter:image\" content=\"https:\/\/www.immobilienbusiness.ch\/wp-content\/uploads\/2021\/08\/News-Lausanne-Les-Jumeaux-20210819.jpg\" \/>\n<script type=\"application\/ld+json\" class=\"yoast-schema-graph\">{\"@context\":\"https:\\\/\\\/schema.org\",\"@graph\":[{\"@type\":\"Article\",\"@id\":\"https:\\\/\\\/www.immobilienbusiness.ch\\\/unternehmen\\\/2023-02-13\\\/mobimo-waechst-2022-im-mietgeschaeft\\\/#article\",\"isPartOf\":{\"@id\":\"https:\\\/\\\/www.immobilienbusiness.ch\\\/unternehmen\\\/2023-02-13\\\/mobimo-waechst-2022-im-mietgeschaeft\\\/\"},\"author\":{\"name\":\"anja.hall\",\"@id\":\"https:\\\/\\\/www.immobilienbusiness.ch\\\/#\\\/schema\\\/person\\\/3fc036297b10b9f42d6db5ee932af8c8\"},\"headline\":\"Mobimo w\u00e4chst 2022 im Mietgesch\u00e4ft\",\"datePublished\":\"2023-02-13T07:03:47+00:00\",\"dateModified\":\"2023-02-15T16:52:53+00:00\",\"mainEntityOfPage\":{\"@id\":\"https:\\\/\\\/www.immobilienbusiness.ch\\\/unternehmen\\\/2023-02-13\\\/mobimo-waechst-2022-im-mietgeschaeft\\\/\"},\"wordCount\":290,\"publisher\":{\"@id\":\"https:\\\/\\\/www.immobilienbusiness.ch\\\/#organization\"},\"image\":{\"@id\":\"https:\\\/\\\/www.immobilienbusiness.ch\\\/unternehmen\\\/2023-02-13\\\/mobimo-waechst-2022-im-mietgeschaeft\\\/#primaryimage\"},\"thumbnailUrl\":\"https:\\\/\\\/www.immobilienbusiness.ch\\\/wp-content\\\/uploads\\\/2021\\\/08\\\/News-Lausanne-Les-Jumeaux-20210819.jpg\",\"keywords\":[\"Jahresergebnis\",\"Mobimo\"],\"articleSection\":[\"UNTERNEHMEN\"],\"inLanguage\":\"de\"},{\"@type\":\"WebPage\",\"@id\":\"https:\\\/\\\/www.immobilienbusiness.ch\\\/unternehmen\\\/2023-02-13\\\/mobimo-waechst-2022-im-mietgeschaeft\\\/\",\"url\":\"https:\\\/\\\/www.immobilienbusiness.ch\\\/unternehmen\\\/2023-02-13\\\/mobimo-waechst-2022-im-mietgeschaeft\\\/\",\"name\":\"Mobimo w\u00e4chst 2022 im Mietgesch\u00e4ft - IMMOBILIEN Business\",\"isPartOf\":{\"@id\":\"https:\\\/\\\/www.immobilienbusiness.ch\\\/#website\"},\"primaryImageOfPage\":{\"@id\":\"https:\\\/\\\/www.immobilienbusiness.ch\\\/unternehmen\\\/2023-02-13\\\/mobimo-waechst-2022-im-mietgeschaeft\\\/#primaryimage\"},\"image\":{\"@id\":\"https:\\\/\\\/www.immobilienbusiness.ch\\\/unternehmen\\\/2023-02-13\\\/mobimo-waechst-2022-im-mietgeschaeft\\\/#primaryimage\"},\"thumbnailUrl\":\"https:\\\/\\\/www.immobilienbusiness.ch\\\/wp-content\\\/uploads\\\/2021\\\/08\\\/News-Lausanne-Les-Jumeaux-20210819.jpg\",\"datePublished\":\"2023-02-13T07:03:47+00:00\",\"dateModified\":\"2023-02-15T16:52:53+00:00\",\"description\":\"Der Immobilienkonzern Mobimo hat den Erfolg aus Vermietung steigern. Niedrigere Neubewertungserfolge dr\u00fcckten allerdings den Gewinn.\",\"breadcrumb\":{\"@id\":\"https:\\\/\\\/www.immobilienbusiness.ch\\\/unternehmen\\\/2023-02-13\\\/mobimo-waechst-2022-im-mietgeschaeft\\\/#breadcrumb\"},\"inLanguage\":\"de\",\"potentialAction\":[{\"@type\":\"ReadAction\",\"target\":[\"https:\\\/\\\/www.immobilienbusiness.ch\\\/unternehmen\\\/2023-02-13\\\/mobimo-waechst-2022-im-mietgeschaeft\\\/\"]}]},{\"@type\":\"ImageObject\",\"inLanguage\":\"de\",\"@id\":\"https:\\\/\\\/www.immobilienbusiness.ch\\\/unternehmen\\\/2023-02-13\\\/mobimo-waechst-2022-im-mietgeschaeft\\\/#primaryimage\",\"url\":\"https:\\\/\\\/www.immobilienbusiness.ch\\\/wp-content\\\/uploads\\\/2021\\\/08\\\/News-Lausanne-Les-Jumeaux-20210819.jpg\",\"contentUrl\":\"https:\\\/\\\/www.immobilienbusiness.ch\\\/wp-content\\\/uploads\\\/2021\\\/08\\\/News-Lausanne-Les-Jumeaux-20210819.jpg\",\"width\":989,\"height\":660,\"caption\":\"Die Geb\u00e4ude Les Jumeaux soll neu genutzt werden (Bild: FERRARIARCHITECTES)\"},{\"@type\":\"BreadcrumbList\",\"@id\":\"https:\\\/\\\/www.immobilienbusiness.ch\\\/unternehmen\\\/2023-02-13\\\/mobimo-waechst-2022-im-mietgeschaeft\\\/#breadcrumb\",\"itemListElement\":[{\"@type\":\"ListItem\",\"position\":1,\"name\":\"Home\",\"item\":\"https:\\\/\\\/www.immobilienbusiness.ch\\\/\"},{\"@type\":\"ListItem\",\"position\":2,\"name\":\"Mobimo w\u00e4chst 2022 im Mietgesch\u00e4ft\"}]},{\"@type\":\"WebSite\",\"@id\":\"https:\\\/\\\/www.immobilienbusiness.ch\\\/#website\",\"url\":\"https:\\\/\\\/www.immobilienbusiness.ch\\\/\",\"name\":\"IMMOBILIEN Business\",\"description\":\"Unabh\u00e4ngiges Schweizer Wirtschaftsmagazin mit Fokus auf Immobilien, Architektur- und Bau sowie Investment- und Finanzierung.\",\"publisher\":{\"@id\":\"https:\\\/\\\/www.immobilienbusiness.ch\\\/#organization\"},\"potentialAction\":[{\"@type\":\"SearchAction\",\"target\":{\"@type\":\"EntryPoint\",\"urlTemplate\":\"https:\\\/\\\/www.immobilienbusiness.ch\\\/?s={search_term_string}\"},\"query-input\":{\"@type\":\"PropertyValueSpecification\",\"valueRequired\":true,\"valueName\":\"search_term_string\"}}],\"inLanguage\":\"de\"},{\"@type\":\"Organization\",\"@id\":\"https:\\\/\\\/www.immobilienbusiness.ch\\\/#organization\",\"name\":\"IMMOBILIEN Business\",\"url\":\"https:\\\/\\\/www.immobilienbusiness.ch\\\/\",\"logo\":{\"@type\":\"ImageObject\",\"inLanguage\":\"de\",\"@id\":\"https:\\\/\\\/www.immobilienbusiness.ch\\\/#\\\/schema\\\/logo\\\/image\\\/\",\"url\":\"https:\\\/\\\/www.immobilienbusiness.ch\\\/wp-content\\\/uploads\\\/2021\\\/07\\\/logo_ib.png\",\"contentUrl\":\"https:\\\/\\\/www.immobilienbusiness.ch\\\/wp-content\\\/uploads\\\/2021\\\/07\\\/logo_ib.png\",\"width\":800,\"height\":181,\"caption\":\"IMMOBILIEN Business\"},\"image\":{\"@id\":\"https:\\\/\\\/www.immobilienbusiness.ch\\\/#\\\/schema\\\/logo\\\/image\\\/\"},\"sameAs\":[\"https:\\\/\\\/www.facebook.com\\\/immobilienbusiness\\\/\"]},{\"@type\":\"Person\",\"@id\":\"https:\\\/\\\/www.immobilienbusiness.ch\\\/#\\\/schema\\\/person\\\/3fc036297b10b9f42d6db5ee932af8c8\",\"name\":\"anja.hall\",\"image\":{\"@type\":\"ImageObject\",\"inLanguage\":\"de\",\"@id\":\"https:\\\/\\\/secure.gravatar.com\\\/avatar\\\/066b5a0d447013502c71a5782f4f3469f03cfe595cc2329fb94652fe47511bfb?s=96&d=mm&r=g\",\"url\":\"https:\\\/\\\/secure.gravatar.com\\\/avatar\\\/066b5a0d447013502c71a5782f4f3469f03cfe595cc2329fb94652fe47511bfb?s=96&d=mm&r=g\",\"contentUrl\":\"https:\\\/\\\/secure.gravatar.com\\\/avatar\\\/066b5a0d447013502c71a5782f4f3469f03cfe595cc2329fb94652fe47511bfb?s=96&d=mm&r=g\",\"caption\":\"anja.hall\"},\"url\":\"https:\\\/\\\/www.immobilienbusiness.ch\\\/de\\\/author\\\/anja-hall\\\/\"}]}<\/script>\n<!-- \/ Yoast SEO plugin. -->","yoast_head_json":{"title":"Mobimo w\u00e4chst 2022 im Mietgesch\u00e4ft - IMMOBILIEN Business","description":"Der Immobilienkonzern Mobimo hat den Erfolg aus Vermietung steigern. Niedrigere Neubewertungserfolge dr\u00fcckten allerdings den Gewinn.","robots":{"index":"index","follow":"follow","max-snippet":"max-snippet:-1","max-image-preview":"max-image-preview:large","max-video-preview":"max-video-preview:-1"},"canonical":"https:\/\/www.immobilienbusiness.ch\/de\/unternehmen\/2023-02-13\/mobimo-waechst-2022-im-mietgeschaeft\/","og_locale":"de_DE","og_type":"article","og_title":"Mobimo w\u00e4chst 2022 im Mietgesch\u00e4ft - IMMOBILIEN Business","og_description":"Der Immobilienkonzern Mobimo hat den Erfolg aus Vermietung steigern. Niedrigere Neubewertungserfolge dr\u00fcckten allerdings den Gewinn.","og_url":"https:\/\/www.immobilienbusiness.ch\/de\/unternehmen\/2023-02-13\/mobimo-waechst-2022-im-mietgeschaeft\/","og_site_name":"IMMOBILIEN Business","article_publisher":"https:\/\/www.facebook.com\/immobilienbusiness\/","article_published_time":"2023-02-13T07:03:47+00:00","article_modified_time":"2023-02-15T16:52:53+00:00","og_image":[{"width":989,"height":660,"url":"https:\/\/www.immobilienbusiness.ch\/wp-content\/uploads\/2021\/08\/News-Lausanne-Les-Jumeaux-20210819.jpg","type":"image\/jpeg"}],"author":"anja.hall","twitter_card":"summary_large_image","twitter_image":"https:\/\/www.immobilienbusiness.ch\/wp-content\/uploads\/2021\/08\/News-Lausanne-Les-Jumeaux-20210819.jpg","schema":{"@context":"https:\/\/schema.org","@graph":[{"@type":"Article","@id":"https:\/\/www.immobilienbusiness.ch\/unternehmen\/2023-02-13\/mobimo-waechst-2022-im-mietgeschaeft\/#article","isPartOf":{"@id":"https:\/\/www.immobilienbusiness.ch\/unternehmen\/2023-02-13\/mobimo-waechst-2022-im-mietgeschaeft\/"},"author":{"name":"anja.hall","@id":"https:\/\/www.immobilienbusiness.ch\/#\/schema\/person\/3fc036297b10b9f42d6db5ee932af8c8"},"headline":"Mobimo w\u00e4chst 2022 im Mietgesch\u00e4ft","datePublished":"2023-02-13T07:03:47+00:00","dateModified":"2023-02-15T16:52:53+00:00","mainEntityOfPage":{"@id":"https:\/\/www.immobilienbusiness.ch\/unternehmen\/2023-02-13\/mobimo-waechst-2022-im-mietgeschaeft\/"},"wordCount":290,"publisher":{"@id":"https:\/\/www.immobilienbusiness.ch\/#organization"},"image":{"@id":"https:\/\/www.immobilienbusiness.ch\/unternehmen\/2023-02-13\/mobimo-waechst-2022-im-mietgeschaeft\/#primaryimage"},"thumbnailUrl":"https:\/\/www.immobilienbusiness.ch\/wp-content\/uploads\/2021\/08\/News-Lausanne-Les-Jumeaux-20210819.jpg","keywords":["Jahresergebnis","Mobimo"],"articleSection":["UNTERNEHMEN"],"inLanguage":"de"},{"@type":"WebPage","@id":"https:\/\/www.immobilienbusiness.ch\/unternehmen\/2023-02-13\/mobimo-waechst-2022-im-mietgeschaeft\/","url":"https:\/\/www.immobilienbusiness.ch\/unternehmen\/2023-02-13\/mobimo-waechst-2022-im-mietgeschaeft\/","name":"Mobimo w\u00e4chst 2022 im Mietgesch\u00e4ft - IMMOBILIEN Business","isPartOf":{"@id":"https:\/\/www.immobilienbusiness.ch\/#website"},"primaryImageOfPage":{"@id":"https:\/\/www.immobilienbusiness.ch\/unternehmen\/2023-02-13\/mobimo-waechst-2022-im-mietgeschaeft\/#primaryimage"},"image":{"@id":"https:\/\/www.immobilienbusiness.ch\/unternehmen\/2023-02-13\/mobimo-waechst-2022-im-mietgeschaeft\/#primaryimage"},"thumbnailUrl":"https:\/\/www.immobilienbusiness.ch\/wp-content\/uploads\/2021\/08\/News-Lausanne-Les-Jumeaux-20210819.jpg","datePublished":"2023-02-13T07:03:47+00:00","dateModified":"2023-02-15T16:52:53+00:00","description":"Der Immobilienkonzern Mobimo hat den Erfolg aus Vermietung steigern. Niedrigere Neubewertungserfolge dr\u00fcckten allerdings den Gewinn.","breadcrumb":{"@id":"https:\/\/www.immobilienbusiness.ch\/unternehmen\/2023-02-13\/mobimo-waechst-2022-im-mietgeschaeft\/#breadcrumb"},"inLanguage":"de","potentialAction":[{"@type":"ReadAction","target":["https:\/\/www.immobilienbusiness.ch\/unternehmen\/2023-02-13\/mobimo-waechst-2022-im-mietgeschaeft\/"]}]},{"@type":"ImageObject","inLanguage":"de","@id":"https:\/\/www.immobilienbusiness.ch\/unternehmen\/2023-02-13\/mobimo-waechst-2022-im-mietgeschaeft\/#primaryimage","url":"https:\/\/www.immobilienbusiness.ch\/wp-content\/uploads\/2021\/08\/News-Lausanne-Les-Jumeaux-20210819.jpg","contentUrl":"https:\/\/www.immobilienbusiness.ch\/wp-content\/uploads\/2021\/08\/News-Lausanne-Les-Jumeaux-20210819.jpg","width":989,"height":660,"caption":"Die Geb\u00e4ude Les Jumeaux soll neu genutzt werden (Bild: FERRARIARCHITECTES)"},{"@type":"BreadcrumbList","@id":"https:\/\/www.immobilienbusiness.ch\/unternehmen\/2023-02-13\/mobimo-waechst-2022-im-mietgeschaeft\/#breadcrumb","itemListElement":[{"@type":"ListItem","position":1,"name":"Home","item":"https:\/\/www.immobilienbusiness.ch\/"},{"@type":"ListItem","position":2,"name":"Mobimo w\u00e4chst 2022 im Mietgesch\u00e4ft"}]},{"@type":"WebSite","@id":"https:\/\/www.immobilienbusiness.ch\/#website","url":"https:\/\/www.immobilienbusiness.ch\/","name":"IMMOBILIEN Business","description":"Unabh\u00e4ngiges Schweizer Wirtschaftsmagazin mit Fokus auf Immobilien, Architektur- und Bau sowie Investment- und Finanzierung.","publisher":{"@id":"https:\/\/www.immobilienbusiness.ch\/#organization"},"potentialAction":[{"@type":"SearchAction","target":{"@type":"EntryPoint","urlTemplate":"https:\/\/www.immobilienbusiness.ch\/?s={search_term_string}"},"query-input":{"@type":"PropertyValueSpecification","valueRequired":true,"valueName":"search_term_string"}}],"inLanguage":"de"},{"@type":"Organization","@id":"https:\/\/www.immobilienbusiness.ch\/#organization","name":"IMMOBILIEN Business","url":"https:\/\/www.immobilienbusiness.ch\/","logo":{"@type":"ImageObject","inLanguage":"de","@id":"https:\/\/www.immobilienbusiness.ch\/#\/schema\/logo\/image\/","url":"https:\/\/www.immobilienbusiness.ch\/wp-content\/uploads\/2021\/07\/logo_ib.png","contentUrl":"https:\/\/www.immobilienbusiness.ch\/wp-content\/uploads\/2021\/07\/logo_ib.png","width":800,"height":181,"caption":"IMMOBILIEN Business"},"image":{"@id":"https:\/\/www.immobilienbusiness.ch\/#\/schema\/logo\/image\/"},"sameAs":["https:\/\/www.facebook.com\/immobilienbusiness\/"]},{"@type":"Person","@id":"https:\/\/www.immobilienbusiness.ch\/#\/schema\/person\/3fc036297b10b9f42d6db5ee932af8c8","name":"anja.hall","image":{"@type":"ImageObject","inLanguage":"de","@id":"https:\/\/secure.gravatar.com\/avatar\/066b5a0d447013502c71a5782f4f3469f03cfe595cc2329fb94652fe47511bfb?s=96&d=mm&r=g","url":"https:\/\/secure.gravatar.com\/avatar\/066b5a0d447013502c71a5782f4f3469f03cfe595cc2329fb94652fe47511bfb?s=96&d=mm&r=g","contentUrl":"https:\/\/secure.gravatar.com\/avatar\/066b5a0d447013502c71a5782f4f3469f03cfe595cc2329fb94652fe47511bfb?s=96&d=mm&r=g","caption":"anja.hall"},"url":"https:\/\/www.immobilienbusiness.ch\/de\/author\/anja-hall\/"}]}},"_links":{"self":[{"href":"https:\/\/www.immobilienbusiness.ch\/de\/wp-json\/wp\/v2\/posts\/45765","targetHints":{"allow":["GET"]}}],"collection":[{"href":"https:\/\/www.immobilienbusiness.ch\/de\/wp-json\/wp\/v2\/posts"}],"about":[{"href":"https:\/\/www.immobilienbusiness.ch\/de\/wp-json\/wp\/v2\/types\/post"}],"author":[{"embeddable":true,"href":"https:\/\/www.immobilienbusiness.ch\/de\/wp-json\/wp\/v2\/users\/3"}],"replies":[{"embeddable":true,"href":"https:\/\/www.immobilienbusiness.ch\/de\/wp-json\/wp\/v2\/comments?post=45765"}],"version-history":[{"count":3,"href":"https:\/\/www.immobilienbusiness.ch\/de\/wp-json\/wp\/v2\/posts\/45765\/revisions"}],"predecessor-version":[{"id":45804,"href":"https:\/\/www.immobilienbusiness.ch\/de\/wp-json\/wp\/v2\/posts\/45765\/revisions\/45804"}],"wp:featuredmedia":[{"embeddable":true,"href":"https:\/\/www.immobilienbusiness.ch\/de\/wp-json\/wp\/v2\/media\/38084"}],"wp:attachment":[{"href":"https:\/\/www.immobilienbusiness.ch\/de\/wp-json\/wp\/v2\/media?parent=45765"}],"wp:term":[{"taxonomy":"category","embeddable":true,"href":"https:\/\/www.immobilienbusiness.ch\/de\/wp-json\/wp\/v2\/categories?post=45765"},{"taxonomy":"post_tag","embeddable":true,"href":"https:\/\/www.immobilienbusiness.ch\/de\/wp-json\/wp\/v2\/tags?post=45765"}],"curies":[{"name":"wp","href":"https:\/\/api.w.org\/{rel}","templated":true}]}}