{"id":45715,"date":"2023-02-08T06:19:22","date_gmt":"2023-02-08T05:19:22","guid":{"rendered":"https:\/\/www.immobilienbusiness.ch\/?p=45715"},"modified":"2023-02-09T09:16:43","modified_gmt":"2023-02-09T08:16:43","slug":"kanton-luzern-baut-fuer-177-mio-franken-in-emmen","status":"publish","type":"post","link":"https:\/\/www.immobilienbusiness.ch\/de\/regionen\/2023-02-08\/kanton-luzern-baut-fuer-177-mio-franken-in-emmen\/","title":{"rendered":"Kanton Luzern baut f\u00fcr 177 Millionen in Emmen"},"content":{"rendered":"<figure id=\"attachment_45716\" aria-describedby=\"caption-attachment-45716\" style=\"width: 729px\" class=\"wp-caption alignnone\"><a href=\"https:\/\/www.immobilienbusiness.ch\/wp-content\/uploads\/2023\/02\/Seetalplatz-Emmen.png\"><img loading=\"lazy\" decoding=\"async\" class=\"size-full wp-image-45716\" src=\"https:\/\/www.immobilienbusiness.ch\/wp-content\/uploads\/2023\/02\/Seetalplatz-Emmen.png\" alt=\"\" width=\"729\" height=\"518\" srcset=\"https:\/\/www.immobilienbusiness.ch\/wp-content\/uploads\/2023\/02\/Seetalplatz-Emmen.png 729w, https:\/\/www.immobilienbusiness.ch\/wp-content\/uploads\/2023\/02\/Seetalplatz-Emmen-300x213.png 300w, https:\/\/www.immobilienbusiness.ch\/wp-content\/uploads\/2023\/02\/Seetalplatz-Emmen-18x12.png 18w, https:\/\/www.immobilienbusiness.ch\/wp-content\/uploads\/2023\/02\/Seetalplatz-Emmen-375x266.png 375w, https:\/\/www.immobilienbusiness.ch\/wp-content\/uploads\/2023\/02\/Seetalplatz-Emmen-493x350.png 493w\" sizes=\"auto, (max-width: 729px) 100vw, 729px\" \/><\/a><figcaption id=\"caption-attachment-45716\" class=\"wp-caption-text\">Visualisierung des Projekts in Emmen (Bild: zVg)<\/figcaption><\/figure>\n<p>Im Jahr 2026 soll der neue Bau am Seetalplatz in Emmen bezugsfertig sein. In ihm werden 30 Dienststellen zusammengezogen, die sich heute auf verschiedene Orte verteilen. Mehr als 1.400 Mitarbeiter haben in dem Komplex k\u00fcnftig ihre Arbeitsstelle.<\/p>\n<p>Das Projekt im Gebiet Luzern Nord wird von Losinger Marazzi entwickelt und realisiert. Verantwortlich f\u00fcr die Architekturplanung ist das B\u00fcro Max Dudler. Das Luzerner Stimmvolk hat im November 2021 dem Vorhaben, das auf kantonalem Grund realisiert wird, klar zugestimmt. <i>(aw)<\/i><\/p>\n","protected":false},"excerpt":{"rendered":"<p>Der Kanton Luzern will sich in Emmen f\u00fcr 177,4 Mio. CHF ein neues Verwaltungsgeb\u00e4ude bauen. Das Baugesuch f\u00fcr das Projekt ist dieser Tage aufgelegt worden.<\/p>\n","protected":false},"author":102,"featured_media":45716,"comment_status":"closed","ping_status":"closed","sticky":false,"template":"","format":"standard","meta":{"_acf_changed":false,"_yoast_wpseo_focuskw":"Emmen","_yoast_wpseo_title":"","_yoast_wpseo_metadesc":"Der Kanton Luzern will sich in Emmen f\u00fcr 177,4 Mio. CHF ein neues Verwaltungsgeb\u00e4ude bauen. Das Baugesuch f\u00fcr das Projekt ist dieser Tage aufgelegt worden.","_yoast_wpseo_linkdex":45,"pgc_sgb_lightbox_settings":"","footnotes":""},"categories":[985],"tags":[1118,1459,1600],"class_list":["post-45715","post","type-post","status-publish","format-standard","has-post-thumbnail","hentry","category-regionen","tag-buero","tag-luzern","tag-projekt-in-planung"],"acf":[],"yoast_head":"<!-- This site is optimized with the Yoast SEO plugin v27.5 - https:\/\/yoast.com\/product\/yoast-seo-wordpress\/ -->\n<title>Kanton Luzern baut f\u00fcr 177 Millionen in Emmen - IMMOBILIEN Business<\/title>\n<meta name=\"description\" content=\"Der Kanton Luzern will sich in Emmen f\u00fcr 177,4 Mio. CHF ein neues Verwaltungsgeb\u00e4ude bauen. Das Baugesuch f\u00fcr das Projekt ist dieser Tage aufgelegt worden.\" \/>\n<meta name=\"robots\" content=\"index, follow, max-snippet:-1, max-image-preview:large, max-video-preview:-1\" \/>\n<link rel=\"canonical\" href=\"https:\/\/www.immobilienbusiness.ch\/de\/regionen\/2023-02-08\/kanton-luzern-baut-fuer-177-mio-franken-in-emmen\/\" \/>\n<meta property=\"og:locale\" content=\"de_DE\" \/>\n<meta property=\"og:type\" content=\"article\" \/>\n<meta property=\"og:title\" content=\"Kanton Luzern baut f\u00fcr 177 Millionen in Emmen - IMMOBILIEN Business\" \/>\n<meta property=\"og:description\" content=\"Der Kanton Luzern will sich in Emmen f\u00fcr 177,4 Mio. CHF ein neues Verwaltungsgeb\u00e4ude bauen. Das Baugesuch f\u00fcr das Projekt ist dieser Tage aufgelegt worden.\" \/>\n<meta property=\"og:url\" content=\"https:\/\/www.immobilienbusiness.ch\/de\/regionen\/2023-02-08\/kanton-luzern-baut-fuer-177-mio-franken-in-emmen\/\" \/>\n<meta property=\"og:site_name\" content=\"IMMOBILIEN Business\" \/>\n<meta property=\"article:publisher\" content=\"https:\/\/www.facebook.com\/immobilienbusiness\/\" \/>\n<meta property=\"article:published_time\" content=\"2023-02-08T05:19:22+00:00\" \/>\n<meta property=\"article:modified_time\" content=\"2023-02-09T08:16:43+00:00\" \/>\n<meta property=\"og:image\" content=\"https:\/\/www.immobilienbusiness.ch\/wp-content\/uploads\/2023\/02\/Seetalplatz-Emmen.png\" \/>\n\t<meta property=\"og:image:width\" content=\"729\" \/>\n\t<meta property=\"og:image:height\" content=\"518\" \/>\n\t<meta property=\"og:image:type\" content=\"image\/png\" \/>\n<meta name=\"author\" content=\"Alexander Wachter\" \/>\n<meta name=\"twitter:card\" content=\"summary_large_image\" \/>\n<script type=\"application\/ld+json\" class=\"yoast-schema-graph\">{\"@context\":\"https:\\\/\\\/schema.org\",\"@graph\":[{\"@type\":\"Article\",\"@id\":\"https:\\\/\\\/www.immobilienbusiness.ch\\\/fr\\\/regionen\\\/2023-02-08\\\/kanton-luzern-baut-fuer-177-mio-franken-in-emmen\\\/#article\",\"isPartOf\":{\"@id\":\"https:\\\/\\\/www.immobilienbusiness.ch\\\/fr\\\/regionen\\\/2023-02-08\\\/kanton-luzern-baut-fuer-177-mio-franken-in-emmen\\\/\"},\"author\":{\"name\":\"Alexander Wachter\",\"@id\":\"https:\\\/\\\/www.immobilienbusiness.ch\\\/#\\\/schema\\\/person\\\/aba8bea2db926aa0c24c08c43fe1fcd5\"},\"headline\":\"Kanton Luzern baut f\u00fcr 177 Millionen in Emmen\",\"datePublished\":\"2023-02-08T05:19:22+00:00\",\"dateModified\":\"2023-02-09T08:16:43+00:00\",\"mainEntityOfPage\":{\"@id\":\"https:\\\/\\\/www.immobilienbusiness.ch\\\/fr\\\/regionen\\\/2023-02-08\\\/kanton-luzern-baut-fuer-177-mio-franken-in-emmen\\\/\"},\"wordCount\":98,\"publisher\":{\"@id\":\"https:\\\/\\\/www.immobilienbusiness.ch\\\/#organization\"},\"image\":{\"@id\":\"https:\\\/\\\/www.immobilienbusiness.ch\\\/fr\\\/regionen\\\/2023-02-08\\\/kanton-luzern-baut-fuer-177-mio-franken-in-emmen\\\/#primaryimage\"},\"thumbnailUrl\":\"https:\\\/\\\/www.immobilienbusiness.ch\\\/wp-content\\\/uploads\\\/2023\\\/02\\\/Seetalplatz-Emmen.png\",\"keywords\":[\"B\u00fcro\",\"Luzern\",\"Projekt in Planung\"],\"articleSection\":[\"REGIONEN\"],\"inLanguage\":\"de\"},{\"@type\":\"WebPage\",\"@id\":\"https:\\\/\\\/www.immobilienbusiness.ch\\\/fr\\\/regionen\\\/2023-02-08\\\/kanton-luzern-baut-fuer-177-mio-franken-in-emmen\\\/\",\"url\":\"https:\\\/\\\/www.immobilienbusiness.ch\\\/fr\\\/regionen\\\/2023-02-08\\\/kanton-luzern-baut-fuer-177-mio-franken-in-emmen\\\/\",\"name\":\"Kanton Luzern baut f\u00fcr 177 Millionen in Emmen - IMMOBILIEN Business\",\"isPartOf\":{\"@id\":\"https:\\\/\\\/www.immobilienbusiness.ch\\\/#website\"},\"primaryImageOfPage\":{\"@id\":\"https:\\\/\\\/www.immobilienbusiness.ch\\\/fr\\\/regionen\\\/2023-02-08\\\/kanton-luzern-baut-fuer-177-mio-franken-in-emmen\\\/#primaryimage\"},\"image\":{\"@id\":\"https:\\\/\\\/www.immobilienbusiness.ch\\\/fr\\\/regionen\\\/2023-02-08\\\/kanton-luzern-baut-fuer-177-mio-franken-in-emmen\\\/#primaryimage\"},\"thumbnailUrl\":\"https:\\\/\\\/www.immobilienbusiness.ch\\\/wp-content\\\/uploads\\\/2023\\\/02\\\/Seetalplatz-Emmen.png\",\"datePublished\":\"2023-02-08T05:19:22+00:00\",\"dateModified\":\"2023-02-09T08:16:43+00:00\",\"description\":\"Der Kanton Luzern will sich in Emmen f\u00fcr 177,4 Mio. CHF ein neues Verwaltungsgeb\u00e4ude bauen. Das Baugesuch f\u00fcr das Projekt ist dieser Tage aufgelegt worden.\",\"breadcrumb\":{\"@id\":\"https:\\\/\\\/www.immobilienbusiness.ch\\\/fr\\\/regionen\\\/2023-02-08\\\/kanton-luzern-baut-fuer-177-mio-franken-in-emmen\\\/#breadcrumb\"},\"inLanguage\":\"de\",\"potentialAction\":[{\"@type\":\"ReadAction\",\"target\":[\"https:\\\/\\\/www.immobilienbusiness.ch\\\/fr\\\/regionen\\\/2023-02-08\\\/kanton-luzern-baut-fuer-177-mio-franken-in-emmen\\\/\"]}]},{\"@type\":\"ImageObject\",\"inLanguage\":\"de\",\"@id\":\"https:\\\/\\\/www.immobilienbusiness.ch\\\/fr\\\/regionen\\\/2023-02-08\\\/kanton-luzern-baut-fuer-177-mio-franken-in-emmen\\\/#primaryimage\",\"url\":\"https:\\\/\\\/www.immobilienbusiness.ch\\\/wp-content\\\/uploads\\\/2023\\\/02\\\/Seetalplatz-Emmen.png\",\"contentUrl\":\"https:\\\/\\\/www.immobilienbusiness.ch\\\/wp-content\\\/uploads\\\/2023\\\/02\\\/Seetalplatz-Emmen.png\",\"width\":729,\"height\":518,\"caption\":\"Visualisierung des Projekts in Emmen (Bild: zVg)\"},{\"@type\":\"BreadcrumbList\",\"@id\":\"https:\\\/\\\/www.immobilienbusiness.ch\\\/fr\\\/regionen\\\/2023-02-08\\\/kanton-luzern-baut-fuer-177-mio-franken-in-emmen\\\/#breadcrumb\",\"itemListElement\":[{\"@type\":\"ListItem\",\"position\":1,\"name\":\"Home\",\"item\":\"https:\\\/\\\/www.immobilienbusiness.ch\\\/\"},{\"@type\":\"ListItem\",\"position\":2,\"name\":\"Kanton Luzern baut f\u00fcr 177 Millionen in Emmen\"}]},{\"@type\":\"WebSite\",\"@id\":\"https:\\\/\\\/www.immobilienbusiness.ch\\\/#website\",\"url\":\"https:\\\/\\\/www.immobilienbusiness.ch\\\/\",\"name\":\"IMMOBILIEN Business\",\"description\":\"Unabh\u00e4ngiges Schweizer Wirtschaftsmagazin mit Fokus auf Immobilien, Architektur- und Bau sowie Investment- und Finanzierung.\",\"publisher\":{\"@id\":\"https:\\\/\\\/www.immobilienbusiness.ch\\\/#organization\"},\"potentialAction\":[{\"@type\":\"SearchAction\",\"target\":{\"@type\":\"EntryPoint\",\"urlTemplate\":\"https:\\\/\\\/www.immobilienbusiness.ch\\\/?s={search_term_string}\"},\"query-input\":{\"@type\":\"PropertyValueSpecification\",\"valueRequired\":true,\"valueName\":\"search_term_string\"}}],\"inLanguage\":\"de\"},{\"@type\":\"Organization\",\"@id\":\"https:\\\/\\\/www.immobilienbusiness.ch\\\/#organization\",\"name\":\"IMMOBILIEN Business\",\"url\":\"https:\\\/\\\/www.immobilienbusiness.ch\\\/\",\"logo\":{\"@type\":\"ImageObject\",\"inLanguage\":\"de\",\"@id\":\"https:\\\/\\\/www.immobilienbusiness.ch\\\/#\\\/schema\\\/logo\\\/image\\\/\",\"url\":\"https:\\\/\\\/www.immobilienbusiness.ch\\\/wp-content\\\/uploads\\\/2021\\\/07\\\/logo_ib.png\",\"contentUrl\":\"https:\\\/\\\/www.immobilienbusiness.ch\\\/wp-content\\\/uploads\\\/2021\\\/07\\\/logo_ib.png\",\"width\":800,\"height\":181,\"caption\":\"IMMOBILIEN Business\"},\"image\":{\"@id\":\"https:\\\/\\\/www.immobilienbusiness.ch\\\/#\\\/schema\\\/logo\\\/image\\\/\"},\"sameAs\":[\"https:\\\/\\\/www.facebook.com\\\/immobilienbusiness\\\/\"]},{\"@type\":\"Person\",\"@id\":\"https:\\\/\\\/www.immobilienbusiness.ch\\\/#\\\/schema\\\/person\\\/aba8bea2db926aa0c24c08c43fe1fcd5\",\"name\":\"Alexander Wachter\",\"image\":{\"@type\":\"ImageObject\",\"inLanguage\":\"de\",\"@id\":\"https:\\\/\\\/secure.gravatar.com\\\/avatar\\\/1a09e471f5389b0e0a6416eac287e0927c7c97a7b77f9e787eba3af7aee281dd?s=96&d=mm&r=g\",\"url\":\"https:\\\/\\\/secure.gravatar.com\\\/avatar\\\/1a09e471f5389b0e0a6416eac287e0927c7c97a7b77f9e787eba3af7aee281dd?s=96&d=mm&r=g\",\"contentUrl\":\"https:\\\/\\\/secure.gravatar.com\\\/avatar\\\/1a09e471f5389b0e0a6416eac287e0927c7c97a7b77f9e787eba3af7aee281dd?s=96&d=mm&r=g\",\"caption\":\"Alexander Wachter\"},\"url\":\"https:\\\/\\\/www.immobilienbusiness.ch\\\/de\\\/author\\\/alexander-wachter\\\/\"}]}<\/script>\n<!-- \/ Yoast SEO plugin. -->","yoast_head_json":{"title":"Kanton Luzern baut f\u00fcr 177 Millionen in Emmen - IMMOBILIEN Business","description":"Der Kanton Luzern will sich in Emmen f\u00fcr 177,4 Mio. CHF ein neues Verwaltungsgeb\u00e4ude bauen. Das Baugesuch f\u00fcr das Projekt ist dieser Tage aufgelegt worden.","robots":{"index":"index","follow":"follow","max-snippet":"max-snippet:-1","max-image-preview":"max-image-preview:large","max-video-preview":"max-video-preview:-1"},"canonical":"https:\/\/www.immobilienbusiness.ch\/de\/regionen\/2023-02-08\/kanton-luzern-baut-fuer-177-mio-franken-in-emmen\/","og_locale":"de_DE","og_type":"article","og_title":"Kanton Luzern baut f\u00fcr 177 Millionen in Emmen - IMMOBILIEN Business","og_description":"Der Kanton Luzern will sich in Emmen f\u00fcr 177,4 Mio. CHF ein neues Verwaltungsgeb\u00e4ude bauen. Das Baugesuch f\u00fcr das Projekt ist dieser Tage aufgelegt worden.","og_url":"https:\/\/www.immobilienbusiness.ch\/de\/regionen\/2023-02-08\/kanton-luzern-baut-fuer-177-mio-franken-in-emmen\/","og_site_name":"IMMOBILIEN Business","article_publisher":"https:\/\/www.facebook.com\/immobilienbusiness\/","article_published_time":"2023-02-08T05:19:22+00:00","article_modified_time":"2023-02-09T08:16:43+00:00","og_image":[{"width":729,"height":518,"url":"https:\/\/www.immobilienbusiness.ch\/wp-content\/uploads\/2023\/02\/Seetalplatz-Emmen.png","type":"image\/png"}],"author":"Alexander Wachter","twitter_card":"summary_large_image","schema":{"@context":"https:\/\/schema.org","@graph":[{"@type":"Article","@id":"https:\/\/www.immobilienbusiness.ch\/fr\/regionen\/2023-02-08\/kanton-luzern-baut-fuer-177-mio-franken-in-emmen\/#article","isPartOf":{"@id":"https:\/\/www.immobilienbusiness.ch\/fr\/regionen\/2023-02-08\/kanton-luzern-baut-fuer-177-mio-franken-in-emmen\/"},"author":{"name":"Alexander Wachter","@id":"https:\/\/www.immobilienbusiness.ch\/#\/schema\/person\/aba8bea2db926aa0c24c08c43fe1fcd5"},"headline":"Kanton Luzern baut f\u00fcr 177 Millionen in Emmen","datePublished":"2023-02-08T05:19:22+00:00","dateModified":"2023-02-09T08:16:43+00:00","mainEntityOfPage":{"@id":"https:\/\/www.immobilienbusiness.ch\/fr\/regionen\/2023-02-08\/kanton-luzern-baut-fuer-177-mio-franken-in-emmen\/"},"wordCount":98,"publisher":{"@id":"https:\/\/www.immobilienbusiness.ch\/#organization"},"image":{"@id":"https:\/\/www.immobilienbusiness.ch\/fr\/regionen\/2023-02-08\/kanton-luzern-baut-fuer-177-mio-franken-in-emmen\/#primaryimage"},"thumbnailUrl":"https:\/\/www.immobilienbusiness.ch\/wp-content\/uploads\/2023\/02\/Seetalplatz-Emmen.png","keywords":["B\u00fcro","Luzern","Projekt in Planung"],"articleSection":["REGIONEN"],"inLanguage":"de"},{"@type":"WebPage","@id":"https:\/\/www.immobilienbusiness.ch\/fr\/regionen\/2023-02-08\/kanton-luzern-baut-fuer-177-mio-franken-in-emmen\/","url":"https:\/\/www.immobilienbusiness.ch\/fr\/regionen\/2023-02-08\/kanton-luzern-baut-fuer-177-mio-franken-in-emmen\/","name":"Kanton Luzern baut f\u00fcr 177 Millionen in Emmen - IMMOBILIEN Business","isPartOf":{"@id":"https:\/\/www.immobilienbusiness.ch\/#website"},"primaryImageOfPage":{"@id":"https:\/\/www.immobilienbusiness.ch\/fr\/regionen\/2023-02-08\/kanton-luzern-baut-fuer-177-mio-franken-in-emmen\/#primaryimage"},"image":{"@id":"https:\/\/www.immobilienbusiness.ch\/fr\/regionen\/2023-02-08\/kanton-luzern-baut-fuer-177-mio-franken-in-emmen\/#primaryimage"},"thumbnailUrl":"https:\/\/www.immobilienbusiness.ch\/wp-content\/uploads\/2023\/02\/Seetalplatz-Emmen.png","datePublished":"2023-02-08T05:19:22+00:00","dateModified":"2023-02-09T08:16:43+00:00","description":"Der Kanton Luzern will sich in Emmen f\u00fcr 177,4 Mio. CHF ein neues Verwaltungsgeb\u00e4ude bauen. Das Baugesuch f\u00fcr das Projekt ist dieser Tage aufgelegt worden.","breadcrumb":{"@id":"https:\/\/www.immobilienbusiness.ch\/fr\/regionen\/2023-02-08\/kanton-luzern-baut-fuer-177-mio-franken-in-emmen\/#breadcrumb"},"inLanguage":"de","potentialAction":[{"@type":"ReadAction","target":["https:\/\/www.immobilienbusiness.ch\/fr\/regionen\/2023-02-08\/kanton-luzern-baut-fuer-177-mio-franken-in-emmen\/"]}]},{"@type":"ImageObject","inLanguage":"de","@id":"https:\/\/www.immobilienbusiness.ch\/fr\/regionen\/2023-02-08\/kanton-luzern-baut-fuer-177-mio-franken-in-emmen\/#primaryimage","url":"https:\/\/www.immobilienbusiness.ch\/wp-content\/uploads\/2023\/02\/Seetalplatz-Emmen.png","contentUrl":"https:\/\/www.immobilienbusiness.ch\/wp-content\/uploads\/2023\/02\/Seetalplatz-Emmen.png","width":729,"height":518,"caption":"Visualisierung des Projekts in Emmen (Bild: zVg)"},{"@type":"BreadcrumbList","@id":"https:\/\/www.immobilienbusiness.ch\/fr\/regionen\/2023-02-08\/kanton-luzern-baut-fuer-177-mio-franken-in-emmen\/#breadcrumb","itemListElement":[{"@type":"ListItem","position":1,"name":"Home","item":"https:\/\/www.immobilienbusiness.ch\/"},{"@type":"ListItem","position":2,"name":"Kanton Luzern baut f\u00fcr 177 Millionen in Emmen"}]},{"@type":"WebSite","@id":"https:\/\/www.immobilienbusiness.ch\/#website","url":"https:\/\/www.immobilienbusiness.ch\/","name":"IMMOBILIEN Business","description":"Unabh\u00e4ngiges Schweizer Wirtschaftsmagazin mit Fokus auf Immobilien, Architektur- und Bau sowie Investment- und Finanzierung.","publisher":{"@id":"https:\/\/www.immobilienbusiness.ch\/#organization"},"potentialAction":[{"@type":"SearchAction","target":{"@type":"EntryPoint","urlTemplate":"https:\/\/www.immobilienbusiness.ch\/?s={search_term_string}"},"query-input":{"@type":"PropertyValueSpecification","valueRequired":true,"valueName":"search_term_string"}}],"inLanguage":"de"},{"@type":"Organization","@id":"https:\/\/www.immobilienbusiness.ch\/#organization","name":"IMMOBILIEN Business","url":"https:\/\/www.immobilienbusiness.ch\/","logo":{"@type":"ImageObject","inLanguage":"de","@id":"https:\/\/www.immobilienbusiness.ch\/#\/schema\/logo\/image\/","url":"https:\/\/www.immobilienbusiness.ch\/wp-content\/uploads\/2021\/07\/logo_ib.png","contentUrl":"https:\/\/www.immobilienbusiness.ch\/wp-content\/uploads\/2021\/07\/logo_ib.png","width":800,"height":181,"caption":"IMMOBILIEN Business"},"image":{"@id":"https:\/\/www.immobilienbusiness.ch\/#\/schema\/logo\/image\/"},"sameAs":["https:\/\/www.facebook.com\/immobilienbusiness\/"]},{"@type":"Person","@id":"https:\/\/www.immobilienbusiness.ch\/#\/schema\/person\/aba8bea2db926aa0c24c08c43fe1fcd5","name":"Alexander Wachter","image":{"@type":"ImageObject","inLanguage":"de","@id":"https:\/\/secure.gravatar.com\/avatar\/1a09e471f5389b0e0a6416eac287e0927c7c97a7b77f9e787eba3af7aee281dd?s=96&d=mm&r=g","url":"https:\/\/secure.gravatar.com\/avatar\/1a09e471f5389b0e0a6416eac287e0927c7c97a7b77f9e787eba3af7aee281dd?s=96&d=mm&r=g","contentUrl":"https:\/\/secure.gravatar.com\/avatar\/1a09e471f5389b0e0a6416eac287e0927c7c97a7b77f9e787eba3af7aee281dd?s=96&d=mm&r=g","caption":"Alexander Wachter"},"url":"https:\/\/www.immobilienbusiness.ch\/de\/author\/alexander-wachter\/"}]}},"_links":{"self":[{"href":"https:\/\/www.immobilienbusiness.ch\/de\/wp-json\/wp\/v2\/posts\/45715","targetHints":{"allow":["GET"]}}],"collection":[{"href":"https:\/\/www.immobilienbusiness.ch\/de\/wp-json\/wp\/v2\/posts"}],"about":[{"href":"https:\/\/www.immobilienbusiness.ch\/de\/wp-json\/wp\/v2\/types\/post"}],"author":[{"embeddable":true,"href":"https:\/\/www.immobilienbusiness.ch\/de\/wp-json\/wp\/v2\/users\/102"}],"replies":[{"embeddable":true,"href":"https:\/\/www.immobilienbusiness.ch\/de\/wp-json\/wp\/v2\/comments?post=45715"}],"version-history":[{"count":5,"href":"https:\/\/www.immobilienbusiness.ch\/de\/wp-json\/wp\/v2\/posts\/45715\/revisions"}],"predecessor-version":[{"id":45747,"href":"https:\/\/www.immobilienbusiness.ch\/de\/wp-json\/wp\/v2\/posts\/45715\/revisions\/45747"}],"wp:featuredmedia":[{"embeddable":true,"href":"https:\/\/www.immobilienbusiness.ch\/de\/wp-json\/wp\/v2\/media\/45716"}],"wp:attachment":[{"href":"https:\/\/www.immobilienbusiness.ch\/de\/wp-json\/wp\/v2\/media?parent=45715"}],"wp:term":[{"taxonomy":"category","embeddable":true,"href":"https:\/\/www.immobilienbusiness.ch\/de\/wp-json\/wp\/v2\/categories?post=45715"},{"taxonomy":"post_tag","embeddable":true,"href":"https:\/\/www.immobilienbusiness.ch\/de\/wp-json\/wp\/v2\/tags?post=45715"}],"curies":[{"name":"wp","href":"https:\/\/api.w.org\/{rel}","templated":true}]}}