{"id":45651,"date":"2023-02-02T07:49:48","date_gmt":"2023-02-02T06:49:48","guid":{"rendered":"https:\/\/www.immobilienbusiness.ch\/?p=45651"},"modified":"2023-02-02T09:02:00","modified_gmt":"2023-02-02T08:02:00","slug":"stefan-hilber-wird-finanzvorstand-der-hiag","status":"publish","type":"post","link":"https:\/\/www.immobilienbusiness.ch\/de\/personalia\/2023-02-02\/stefan-hilber-wird-finanzvorstand-der-hiag\/","title":{"rendered":"Stefan Hilber wird Finanzvorstand der Hiag"},"content":{"rendered":"<figure id=\"attachment_45652\" aria-describedby=\"caption-attachment-45652\" style=\"width: 1400px\" class=\"wp-caption alignnone\"><a href=\"https:\/\/www.immobilienbusiness.ch\/wp-content\/uploads\/2023\/02\/StefanHilber100-scaled.jpg\"><img loading=\"lazy\" decoding=\"async\" class=\"size-full wp-image-45652\" src=\"https:\/\/www.immobilienbusiness.ch\/wp-content\/uploads\/2023\/02\/StefanHilber100-scaled.jpg\" alt=\"\" width=\"1400\" height=\"933\" srcset=\"https:\/\/www.immobilienbusiness.ch\/wp-content\/uploads\/2023\/02\/StefanHilber100-scaled.jpg 1200w, https:\/\/www.immobilienbusiness.ch\/wp-content\/uploads\/2023\/02\/StefanHilber100-300x200.jpg 300w, https:\/\/www.immobilienbusiness.ch\/wp-content\/uploads\/2023\/02\/StefanHilber100-1024x683.jpg 1024w, https:\/\/www.immobilienbusiness.ch\/wp-content\/uploads\/2023\/02\/StefanHilber100-768x512.jpg 768w, https:\/\/www.immobilienbusiness.ch\/wp-content\/uploads\/2023\/02\/StefanHilber100-1536x1024.jpg 1536w, https:\/\/www.immobilienbusiness.ch\/wp-content\/uploads\/2023\/02\/StefanHilber100-18x12.jpg 18w, https:\/\/www.immobilienbusiness.ch\/wp-content\/uploads\/2023\/02\/StefanHilber100-375x250.jpg 375w, https:\/\/www.immobilienbusiness.ch\/wp-content\/uploads\/2023\/02\/StefanHilber100-525x350.jpg 525w, https:\/\/www.immobilienbusiness.ch\/wp-content\/uploads\/2023\/02\/StefanHilber100-1000x667.jpg 1000w\" sizes=\"auto, (max-width: 1400px) 100vw, 1400px\" \/><\/a><figcaption id=\"caption-attachment-45652\" class=\"wp-caption-text\">Stefan Hilber (Quelle: Hiag)<\/figcaption><\/figure>\n<p>Die Hiag Immobilien Holding hat mit Stefan Hilber einen neuen Finanzvorstand gefunden. Er tritt seinen neuen Job am 1. M\u00e4rz 2023 an, wie Hiag mitteilt. Bis dahin verantwortet weiterhin Christian Wiesendanger, Mitglied des Verwaltungsrats und Vorsitzender des Finanzausschusses, den Finanzbereich. Wiesendanger hatte den CFO-Posten im Oktober vergangenen Jahres interimistisch \u00fcbernommen, <a href=\"https:\/\/www.immobilienbusiness.ch\/de\/personalia\/2022-09-20\/hiag-cfo-rico-mueller-hoert-auf\/\">nachdem Rico M\u00fcller seinen Abschied verk\u00fcndet hatte.<\/a><\/p>\n<p>Stefan Hilber (Jahrgang 1981) war von November 2020 bis Mai 2022 CFO und Mitglied der Gesch\u00e4ftsleitung von Mobimo; <a href=\"https:\/\/www.immobilienbusiness.ch\/de\/personalia\/2022-05-16\/stefan-hilber-verlaesst-mobimo\/\">er hat das Unternehmen aus pers\u00f6nlichen Gr\u00fcnden verlassen, wie es damals hiess.<\/a> Vor seiner Zeit bei Mobimo war er insgesamt sieben Jahre bei Warteck Invest t\u00e4tig, davon f\u00fcnf Jahre als CFO und Mitglied der Gesch\u00e4ftsleitung. Zwischen 2010 und 2013 arbeitete er im Investment-Mangement der Peach Property Group.<\/p>\n<p>\u00abStefan Hilber ist mit seinem Leistungsausweis in der Immobilienbranche und im Kapitalmarkt eine optimale Erg\u00e4nzung in der Gesch\u00e4ftsleitung von Hiag\u00bb, sagt Hiag-CEO Marco Feusi. (ah)<\/p>\n","protected":false},"excerpt":{"rendered":"<p>Stefan Hilber \u00fcbernimmt ab M\u00e4rz die Position des Chief Financial Officers bei der Hiag Immobilien Holding. Zuletzt war er in gleicher Funktion f\u00fcr Mobimo t\u00e4tig.<\/p>\n","protected":false},"author":3,"featured_media":45652,"comment_status":"closed","ping_status":"closed","sticky":false,"template":"","format":"standard","meta":{"_acf_changed":false,"_yoast_wpseo_focuskw":"Stefan Hilber","_yoast_wpseo_title":"","_yoast_wpseo_metadesc":"Stefan Hilber \u00fcbernimmt die Position des Chief Financial Officer bei der Hiag Immobilien Holding. Zuletzt arbeitete er in gleicher Funktion f\u00fcr Mobimo.","_yoast_wpseo_linkdex":50,"pgc_sgb_lightbox_settings":"","footnotes":""},"categories":[1912],"tags":[1304,1563],"class_list":["post-45651","post","type-post","status-publish","format-standard","has-post-thumbnail","hentry","category-personalia","tag-hiag","tag-personalia"],"acf":[],"yoast_head":"<!-- This site is optimized with the Yoast SEO plugin v27.5 - https:\/\/yoast.com\/product\/yoast-seo-wordpress\/ -->\n<title>Stefan Hilber wird Finanzvorstand der Hiag - IMMOBILIEN Business<\/title>\n<meta name=\"description\" content=\"Stefan Hilber \u00fcbernimmt die Position des Chief Financial Officer bei der Hiag Immobilien Holding. Zuletzt arbeitete er in gleicher Funktion f\u00fcr Mobimo.\" \/>\n<meta name=\"robots\" content=\"index, follow, max-snippet:-1, max-image-preview:large, max-video-preview:-1\" \/>\n<link rel=\"canonical\" href=\"https:\/\/www.immobilienbusiness.ch\/de\/personalia\/2023-02-02\/stefan-hilber-wird-finanzvorstand-der-hiag\/\" \/>\n<meta property=\"og:locale\" content=\"de_DE\" \/>\n<meta property=\"og:type\" content=\"article\" \/>\n<meta property=\"og:title\" content=\"Stefan Hilber wird Finanzvorstand der Hiag - IMMOBILIEN Business\" \/>\n<meta property=\"og:description\" content=\"Stefan Hilber \u00fcbernimmt die Position des Chief Financial Officer bei der Hiag Immobilien Holding. Zuletzt arbeitete er in gleicher Funktion f\u00fcr Mobimo.\" \/>\n<meta property=\"og:url\" content=\"https:\/\/www.immobilienbusiness.ch\/de\/personalia\/2023-02-02\/stefan-hilber-wird-finanzvorstand-der-hiag\/\" \/>\n<meta property=\"og:site_name\" content=\"IMMOBILIEN Business\" \/>\n<meta property=\"article:publisher\" content=\"https:\/\/www.facebook.com\/immobilienbusiness\/\" \/>\n<meta property=\"article:published_time\" content=\"2023-02-02T06:49:48+00:00\" \/>\n<meta property=\"article:modified_time\" content=\"2023-02-02T08:02:00+00:00\" \/>\n<meta property=\"og:image\" content=\"https:\/\/www.immobilienbusiness.ch\/wp-content\/uploads\/2023\/02\/StefanHilber100-scaled.jpg\" \/>\n\t<meta property=\"og:image:width\" content=\"1200\" \/>\n\t<meta property=\"og:image:height\" content=\"800\" \/>\n\t<meta property=\"og:image:type\" content=\"image\/jpeg\" \/>\n<meta name=\"author\" content=\"anja.hall\" \/>\n<meta name=\"twitter:card\" content=\"summary_large_image\" \/>\n<meta name=\"twitter:image\" content=\"https:\/\/www.immobilienbusiness.ch\/wp-content\/uploads\/2023\/02\/StefanHilber100-scaled.jpg\" \/>\n<script type=\"application\/ld+json\" class=\"yoast-schema-graph\">{\"@context\":\"https:\\\/\\\/schema.org\",\"@graph\":[{\"@type\":\"Article\",\"@id\":\"https:\\\/\\\/www.immobilienbusiness.ch\\\/de\\\/personalia\\\/2023-02-02\\\/stefan-hilber-wird-finanzvorstand-der-hiag\\\/#article\",\"isPartOf\":{\"@id\":\"https:\\\/\\\/www.immobilienbusiness.ch\\\/de\\\/personalia\\\/2023-02-02\\\/stefan-hilber-wird-finanzvorstand-der-hiag\\\/\"},\"author\":{\"name\":\"anja.hall\",\"@id\":\"https:\\\/\\\/www.immobilienbusiness.ch\\\/#\\\/schema\\\/person\\\/3fc036297b10b9f42d6db5ee932af8c8\"},\"headline\":\"Stefan Hilber wird Finanzvorstand der Hiag\",\"datePublished\":\"2023-02-02T06:49:48+00:00\",\"dateModified\":\"2023-02-02T08:02:00+00:00\",\"mainEntityOfPage\":{\"@id\":\"https:\\\/\\\/www.immobilienbusiness.ch\\\/de\\\/personalia\\\/2023-02-02\\\/stefan-hilber-wird-finanzvorstand-der-hiag\\\/\"},\"wordCount\":168,\"publisher\":{\"@id\":\"https:\\\/\\\/www.immobilienbusiness.ch\\\/#organization\"},\"image\":{\"@id\":\"https:\\\/\\\/www.immobilienbusiness.ch\\\/de\\\/personalia\\\/2023-02-02\\\/stefan-hilber-wird-finanzvorstand-der-hiag\\\/#primaryimage\"},\"thumbnailUrl\":\"https:\\\/\\\/www.immobilienbusiness.ch\\\/wp-content\\\/uploads\\\/2023\\\/02\\\/StefanHilber100-scaled.jpg\",\"keywords\":[\"Hiag\",\"Personalia\"],\"articleSection\":[\"PERSONALIA\"],\"inLanguage\":\"de\"},{\"@type\":\"WebPage\",\"@id\":\"https:\\\/\\\/www.immobilienbusiness.ch\\\/de\\\/personalia\\\/2023-02-02\\\/stefan-hilber-wird-finanzvorstand-der-hiag\\\/\",\"url\":\"https:\\\/\\\/www.immobilienbusiness.ch\\\/de\\\/personalia\\\/2023-02-02\\\/stefan-hilber-wird-finanzvorstand-der-hiag\\\/\",\"name\":\"Stefan Hilber wird Finanzvorstand der Hiag - IMMOBILIEN Business\",\"isPartOf\":{\"@id\":\"https:\\\/\\\/www.immobilienbusiness.ch\\\/#website\"},\"primaryImageOfPage\":{\"@id\":\"https:\\\/\\\/www.immobilienbusiness.ch\\\/de\\\/personalia\\\/2023-02-02\\\/stefan-hilber-wird-finanzvorstand-der-hiag\\\/#primaryimage\"},\"image\":{\"@id\":\"https:\\\/\\\/www.immobilienbusiness.ch\\\/de\\\/personalia\\\/2023-02-02\\\/stefan-hilber-wird-finanzvorstand-der-hiag\\\/#primaryimage\"},\"thumbnailUrl\":\"https:\\\/\\\/www.immobilienbusiness.ch\\\/wp-content\\\/uploads\\\/2023\\\/02\\\/StefanHilber100-scaled.jpg\",\"datePublished\":\"2023-02-02T06:49:48+00:00\",\"dateModified\":\"2023-02-02T08:02:00+00:00\",\"description\":\"Stefan Hilber \u00fcbernimmt die Position des Chief Financial Officer bei der Hiag Immobilien Holding. Zuletzt arbeitete er in gleicher Funktion f\u00fcr Mobimo.\",\"breadcrumb\":{\"@id\":\"https:\\\/\\\/www.immobilienbusiness.ch\\\/de\\\/personalia\\\/2023-02-02\\\/stefan-hilber-wird-finanzvorstand-der-hiag\\\/#breadcrumb\"},\"inLanguage\":\"de\",\"potentialAction\":[{\"@type\":\"ReadAction\",\"target\":[\"https:\\\/\\\/www.immobilienbusiness.ch\\\/de\\\/personalia\\\/2023-02-02\\\/stefan-hilber-wird-finanzvorstand-der-hiag\\\/\"]}]},{\"@type\":\"ImageObject\",\"inLanguage\":\"de\",\"@id\":\"https:\\\/\\\/www.immobilienbusiness.ch\\\/de\\\/personalia\\\/2023-02-02\\\/stefan-hilber-wird-finanzvorstand-der-hiag\\\/#primaryimage\",\"url\":\"https:\\\/\\\/www.immobilienbusiness.ch\\\/wp-content\\\/uploads\\\/2023\\\/02\\\/StefanHilber100-scaled.jpg\",\"contentUrl\":\"https:\\\/\\\/www.immobilienbusiness.ch\\\/wp-content\\\/uploads\\\/2023\\\/02\\\/StefanHilber100-scaled.jpg\",\"width\":1200,\"height\":800,\"caption\":\"Stefan Hilber (Quelle: Hiag)\"},{\"@type\":\"BreadcrumbList\",\"@id\":\"https:\\\/\\\/www.immobilienbusiness.ch\\\/de\\\/personalia\\\/2023-02-02\\\/stefan-hilber-wird-finanzvorstand-der-hiag\\\/#breadcrumb\",\"itemListElement\":[{\"@type\":\"ListItem\",\"position\":1,\"name\":\"Home\",\"item\":\"https:\\\/\\\/www.immobilienbusiness.ch\\\/\"},{\"@type\":\"ListItem\",\"position\":2,\"name\":\"Stefan Hilber wird Finanzvorstand der Hiag\"}]},{\"@type\":\"WebSite\",\"@id\":\"https:\\\/\\\/www.immobilienbusiness.ch\\\/#website\",\"url\":\"https:\\\/\\\/www.immobilienbusiness.ch\\\/\",\"name\":\"IMMOBILIEN Business\",\"description\":\"Unabh\u00e4ngiges Schweizer Wirtschaftsmagazin mit Fokus auf Immobilien, Architektur- und Bau sowie Investment- und Finanzierung.\",\"publisher\":{\"@id\":\"https:\\\/\\\/www.immobilienbusiness.ch\\\/#organization\"},\"potentialAction\":[{\"@type\":\"SearchAction\",\"target\":{\"@type\":\"EntryPoint\",\"urlTemplate\":\"https:\\\/\\\/www.immobilienbusiness.ch\\\/?s={search_term_string}\"},\"query-input\":{\"@type\":\"PropertyValueSpecification\",\"valueRequired\":true,\"valueName\":\"search_term_string\"}}],\"inLanguage\":\"de\"},{\"@type\":\"Organization\",\"@id\":\"https:\\\/\\\/www.immobilienbusiness.ch\\\/#organization\",\"name\":\"IMMOBILIEN Business\",\"url\":\"https:\\\/\\\/www.immobilienbusiness.ch\\\/\",\"logo\":{\"@type\":\"ImageObject\",\"inLanguage\":\"de\",\"@id\":\"https:\\\/\\\/www.immobilienbusiness.ch\\\/#\\\/schema\\\/logo\\\/image\\\/\",\"url\":\"https:\\\/\\\/www.immobilienbusiness.ch\\\/wp-content\\\/uploads\\\/2021\\\/07\\\/logo_ib.png\",\"contentUrl\":\"https:\\\/\\\/www.immobilienbusiness.ch\\\/wp-content\\\/uploads\\\/2021\\\/07\\\/logo_ib.png\",\"width\":800,\"height\":181,\"caption\":\"IMMOBILIEN Business\"},\"image\":{\"@id\":\"https:\\\/\\\/www.immobilienbusiness.ch\\\/#\\\/schema\\\/logo\\\/image\\\/\"},\"sameAs\":[\"https:\\\/\\\/www.facebook.com\\\/immobilienbusiness\\\/\"]},{\"@type\":\"Person\",\"@id\":\"https:\\\/\\\/www.immobilienbusiness.ch\\\/#\\\/schema\\\/person\\\/3fc036297b10b9f42d6db5ee932af8c8\",\"name\":\"anja.hall\",\"image\":{\"@type\":\"ImageObject\",\"inLanguage\":\"de\",\"@id\":\"https:\\\/\\\/secure.gravatar.com\\\/avatar\\\/066b5a0d447013502c71a5782f4f3469f03cfe595cc2329fb94652fe47511bfb?s=96&d=mm&r=g\",\"url\":\"https:\\\/\\\/secure.gravatar.com\\\/avatar\\\/066b5a0d447013502c71a5782f4f3469f03cfe595cc2329fb94652fe47511bfb?s=96&d=mm&r=g\",\"contentUrl\":\"https:\\\/\\\/secure.gravatar.com\\\/avatar\\\/066b5a0d447013502c71a5782f4f3469f03cfe595cc2329fb94652fe47511bfb?s=96&d=mm&r=g\",\"caption\":\"anja.hall\"},\"url\":\"https:\\\/\\\/www.immobilienbusiness.ch\\\/de\\\/author\\\/anja-hall\\\/\"}]}<\/script>\n<!-- \/ Yoast SEO plugin. -->","yoast_head_json":{"title":"Stefan Hilber wird Finanzvorstand der Hiag - IMMOBILIEN Business","description":"Stefan Hilber \u00fcbernimmt die Position des Chief Financial Officer bei der Hiag Immobilien Holding. Zuletzt arbeitete er in gleicher Funktion f\u00fcr Mobimo.","robots":{"index":"index","follow":"follow","max-snippet":"max-snippet:-1","max-image-preview":"max-image-preview:large","max-video-preview":"max-video-preview:-1"},"canonical":"https:\/\/www.immobilienbusiness.ch\/de\/personalia\/2023-02-02\/stefan-hilber-wird-finanzvorstand-der-hiag\/","og_locale":"de_DE","og_type":"article","og_title":"Stefan Hilber wird Finanzvorstand der Hiag - IMMOBILIEN Business","og_description":"Stefan Hilber \u00fcbernimmt die Position des Chief Financial Officer bei der Hiag Immobilien Holding. Zuletzt arbeitete er in gleicher Funktion f\u00fcr Mobimo.","og_url":"https:\/\/www.immobilienbusiness.ch\/de\/personalia\/2023-02-02\/stefan-hilber-wird-finanzvorstand-der-hiag\/","og_site_name":"IMMOBILIEN Business","article_publisher":"https:\/\/www.facebook.com\/immobilienbusiness\/","article_published_time":"2023-02-02T06:49:48+00:00","article_modified_time":"2023-02-02T08:02:00+00:00","og_image":[{"width":1200,"height":800,"url":"https:\/\/www.immobilienbusiness.ch\/wp-content\/uploads\/2023\/02\/StefanHilber100-scaled.jpg","type":"image\/jpeg"}],"author":"anja.hall","twitter_card":"summary_large_image","twitter_image":"https:\/\/www.immobilienbusiness.ch\/wp-content\/uploads\/2023\/02\/StefanHilber100-scaled.jpg","schema":{"@context":"https:\/\/schema.org","@graph":[{"@type":"Article","@id":"https:\/\/www.immobilienbusiness.ch\/de\/personalia\/2023-02-02\/stefan-hilber-wird-finanzvorstand-der-hiag\/#article","isPartOf":{"@id":"https:\/\/www.immobilienbusiness.ch\/de\/personalia\/2023-02-02\/stefan-hilber-wird-finanzvorstand-der-hiag\/"},"author":{"name":"anja.hall","@id":"https:\/\/www.immobilienbusiness.ch\/#\/schema\/person\/3fc036297b10b9f42d6db5ee932af8c8"},"headline":"Stefan Hilber wird Finanzvorstand der Hiag","datePublished":"2023-02-02T06:49:48+00:00","dateModified":"2023-02-02T08:02:00+00:00","mainEntityOfPage":{"@id":"https:\/\/www.immobilienbusiness.ch\/de\/personalia\/2023-02-02\/stefan-hilber-wird-finanzvorstand-der-hiag\/"},"wordCount":168,"publisher":{"@id":"https:\/\/www.immobilienbusiness.ch\/#organization"},"image":{"@id":"https:\/\/www.immobilienbusiness.ch\/de\/personalia\/2023-02-02\/stefan-hilber-wird-finanzvorstand-der-hiag\/#primaryimage"},"thumbnailUrl":"https:\/\/www.immobilienbusiness.ch\/wp-content\/uploads\/2023\/02\/StefanHilber100-scaled.jpg","keywords":["Hiag","Personalia"],"articleSection":["PERSONALIA"],"inLanguage":"de"},{"@type":"WebPage","@id":"https:\/\/www.immobilienbusiness.ch\/de\/personalia\/2023-02-02\/stefan-hilber-wird-finanzvorstand-der-hiag\/","url":"https:\/\/www.immobilienbusiness.ch\/de\/personalia\/2023-02-02\/stefan-hilber-wird-finanzvorstand-der-hiag\/","name":"Stefan Hilber wird Finanzvorstand der Hiag - IMMOBILIEN Business","isPartOf":{"@id":"https:\/\/www.immobilienbusiness.ch\/#website"},"primaryImageOfPage":{"@id":"https:\/\/www.immobilienbusiness.ch\/de\/personalia\/2023-02-02\/stefan-hilber-wird-finanzvorstand-der-hiag\/#primaryimage"},"image":{"@id":"https:\/\/www.immobilienbusiness.ch\/de\/personalia\/2023-02-02\/stefan-hilber-wird-finanzvorstand-der-hiag\/#primaryimage"},"thumbnailUrl":"https:\/\/www.immobilienbusiness.ch\/wp-content\/uploads\/2023\/02\/StefanHilber100-scaled.jpg","datePublished":"2023-02-02T06:49:48+00:00","dateModified":"2023-02-02T08:02:00+00:00","description":"Stefan Hilber \u00fcbernimmt die Position des Chief Financial Officer bei der Hiag Immobilien Holding. Zuletzt arbeitete er in gleicher Funktion f\u00fcr Mobimo.","breadcrumb":{"@id":"https:\/\/www.immobilienbusiness.ch\/de\/personalia\/2023-02-02\/stefan-hilber-wird-finanzvorstand-der-hiag\/#breadcrumb"},"inLanguage":"de","potentialAction":[{"@type":"ReadAction","target":["https:\/\/www.immobilienbusiness.ch\/de\/personalia\/2023-02-02\/stefan-hilber-wird-finanzvorstand-der-hiag\/"]}]},{"@type":"ImageObject","inLanguage":"de","@id":"https:\/\/www.immobilienbusiness.ch\/de\/personalia\/2023-02-02\/stefan-hilber-wird-finanzvorstand-der-hiag\/#primaryimage","url":"https:\/\/www.immobilienbusiness.ch\/wp-content\/uploads\/2023\/02\/StefanHilber100-scaled.jpg","contentUrl":"https:\/\/www.immobilienbusiness.ch\/wp-content\/uploads\/2023\/02\/StefanHilber100-scaled.jpg","width":1200,"height":800,"caption":"Stefan Hilber (Quelle: Hiag)"},{"@type":"BreadcrumbList","@id":"https:\/\/www.immobilienbusiness.ch\/de\/personalia\/2023-02-02\/stefan-hilber-wird-finanzvorstand-der-hiag\/#breadcrumb","itemListElement":[{"@type":"ListItem","position":1,"name":"Home","item":"https:\/\/www.immobilienbusiness.ch\/"},{"@type":"ListItem","position":2,"name":"Stefan Hilber wird Finanzvorstand der Hiag"}]},{"@type":"WebSite","@id":"https:\/\/www.immobilienbusiness.ch\/#website","url":"https:\/\/www.immobilienbusiness.ch\/","name":"IMMOBILIEN Business","description":"Unabh\u00e4ngiges Schweizer Wirtschaftsmagazin mit Fokus auf Immobilien, Architektur- und Bau sowie Investment- und Finanzierung.","publisher":{"@id":"https:\/\/www.immobilienbusiness.ch\/#organization"},"potentialAction":[{"@type":"SearchAction","target":{"@type":"EntryPoint","urlTemplate":"https:\/\/www.immobilienbusiness.ch\/?s={search_term_string}"},"query-input":{"@type":"PropertyValueSpecification","valueRequired":true,"valueName":"search_term_string"}}],"inLanguage":"de"},{"@type":"Organization","@id":"https:\/\/www.immobilienbusiness.ch\/#organization","name":"IMMOBILIEN Business","url":"https:\/\/www.immobilienbusiness.ch\/","logo":{"@type":"ImageObject","inLanguage":"de","@id":"https:\/\/www.immobilienbusiness.ch\/#\/schema\/logo\/image\/","url":"https:\/\/www.immobilienbusiness.ch\/wp-content\/uploads\/2021\/07\/logo_ib.png","contentUrl":"https:\/\/www.immobilienbusiness.ch\/wp-content\/uploads\/2021\/07\/logo_ib.png","width":800,"height":181,"caption":"IMMOBILIEN Business"},"image":{"@id":"https:\/\/www.immobilienbusiness.ch\/#\/schema\/logo\/image\/"},"sameAs":["https:\/\/www.facebook.com\/immobilienbusiness\/"]},{"@type":"Person","@id":"https:\/\/www.immobilienbusiness.ch\/#\/schema\/person\/3fc036297b10b9f42d6db5ee932af8c8","name":"anja.hall","image":{"@type":"ImageObject","inLanguage":"de","@id":"https:\/\/secure.gravatar.com\/avatar\/066b5a0d447013502c71a5782f4f3469f03cfe595cc2329fb94652fe47511bfb?s=96&d=mm&r=g","url":"https:\/\/secure.gravatar.com\/avatar\/066b5a0d447013502c71a5782f4f3469f03cfe595cc2329fb94652fe47511bfb?s=96&d=mm&r=g","contentUrl":"https:\/\/secure.gravatar.com\/avatar\/066b5a0d447013502c71a5782f4f3469f03cfe595cc2329fb94652fe47511bfb?s=96&d=mm&r=g","caption":"anja.hall"},"url":"https:\/\/www.immobilienbusiness.ch\/de\/author\/anja-hall\/"}]}},"_links":{"self":[{"href":"https:\/\/www.immobilienbusiness.ch\/de\/wp-json\/wp\/v2\/posts\/45651","targetHints":{"allow":["GET"]}}],"collection":[{"href":"https:\/\/www.immobilienbusiness.ch\/de\/wp-json\/wp\/v2\/posts"}],"about":[{"href":"https:\/\/www.immobilienbusiness.ch\/de\/wp-json\/wp\/v2\/types\/post"}],"author":[{"embeddable":true,"href":"https:\/\/www.immobilienbusiness.ch\/de\/wp-json\/wp\/v2\/users\/3"}],"replies":[{"embeddable":true,"href":"https:\/\/www.immobilienbusiness.ch\/de\/wp-json\/wp\/v2\/comments?post=45651"}],"version-history":[{"count":2,"href":"https:\/\/www.immobilienbusiness.ch\/de\/wp-json\/wp\/v2\/posts\/45651\/revisions"}],"predecessor-version":[{"id":45664,"href":"https:\/\/www.immobilienbusiness.ch\/de\/wp-json\/wp\/v2\/posts\/45651\/revisions\/45664"}],"wp:featuredmedia":[{"embeddable":true,"href":"https:\/\/www.immobilienbusiness.ch\/de\/wp-json\/wp\/v2\/media\/45652"}],"wp:attachment":[{"href":"https:\/\/www.immobilienbusiness.ch\/de\/wp-json\/wp\/v2\/media?parent=45651"}],"wp:term":[{"taxonomy":"category","embeddable":true,"href":"https:\/\/www.immobilienbusiness.ch\/de\/wp-json\/wp\/v2\/categories?post=45651"},{"taxonomy":"post_tag","embeddable":true,"href":"https:\/\/www.immobilienbusiness.ch\/de\/wp-json\/wp\/v2\/tags?post=45651"}],"curies":[{"name":"wp","href":"https:\/\/api.w.org\/{rel}","templated":true}]}}