{"id":45485,"date":"2023-01-26T07:20:30","date_gmt":"2023-01-26T06:20:30","guid":{"rendered":"https:\/\/www.immobilienbusiness.ch\/?p=45485"},"modified":"2023-02-01T20:30:25","modified_gmt":"2023-02-01T19:30:25","slug":"thun-wohnueberbauung-in-der-bodstudenzelg-kommt-voran","status":"publish","type":"post","link":"https:\/\/www.immobilienbusiness.ch\/de\/regionen\/2023-01-26\/thun-wohnueberbauung-in-der-bodstudenzelg-kommt-voran\/","title":{"rendered":"Thun: Wohn\u00fcberbauung in der Bostudenzelg kommt voran"},"content":{"rendered":"<figure id=\"attachment_45486\" aria-describedby=\"caption-attachment-45486\" style=\"width: 1400px\" class=\"wp-caption alignnone\"><a href=\"https:\/\/www.immobilienbusiness.ch\/wp-content\/uploads\/2023\/01\/bostudenzelg_1-scaled.jpg\"><img loading=\"lazy\" decoding=\"async\" class=\"size-full wp-image-45486\" src=\"https:\/\/www.immobilienbusiness.ch\/wp-content\/uploads\/2023\/01\/bostudenzelg_1-scaled.jpg\" alt=\"\" width=\"1400\" height=\"933\" srcset=\"https:\/\/www.immobilienbusiness.ch\/wp-content\/uploads\/2023\/01\/bostudenzelg_1-scaled.jpg 1200w, https:\/\/www.immobilienbusiness.ch\/wp-content\/uploads\/2023\/01\/bostudenzelg_1-300x200.jpg 300w, https:\/\/www.immobilienbusiness.ch\/wp-content\/uploads\/2023\/01\/bostudenzelg_1-1024x683.jpg 1024w, https:\/\/www.immobilienbusiness.ch\/wp-content\/uploads\/2023\/01\/bostudenzelg_1-768x512.jpg 768w, https:\/\/www.immobilienbusiness.ch\/wp-content\/uploads\/2023\/01\/bostudenzelg_1-1536x1024.jpg 1536w, https:\/\/www.immobilienbusiness.ch\/wp-content\/uploads\/2023\/01\/bostudenzelg_1-2048x1365.jpg 2048w, https:\/\/www.immobilienbusiness.ch\/wp-content\/uploads\/2023\/01\/bostudenzelg_1-18x12.jpg 18w, https:\/\/www.immobilienbusiness.ch\/wp-content\/uploads\/2023\/01\/bostudenzelg_1-375x250.jpg 375w, https:\/\/www.immobilienbusiness.ch\/wp-content\/uploads\/2023\/01\/bostudenzelg_1-525x350.jpg 525w, https:\/\/www.immobilienbusiness.ch\/wp-content\/uploads\/2023\/01\/bostudenzelg_1-1000x667.jpg 1000w\" sizes=\"auto, (max-width: 1400px) 100vw, 1400px\" \/><\/a><figcaption id=\"caption-attachment-45486\" class=\"wp-caption-text\">Die Bostudenzelg von oben (\u00a9 Peter Jost)<\/figcaption><\/figure>\n<p>Die Stadt Thun plant gemeinsam mit der Bernischen Pensionskasse BPK und der Frutiger AG ein neues Wohnquartier mit Park. Die daf\u00fcr notwendige \u00dcberbauungsordnung wurde im Rahmen der Mitwirkung angepasst und liegt nun beim Kanton zur Vorpr\u00fcfung.<\/p>\n<p>In der Bostudenzelg im s\u00fcd\u00f6stlichen Teil des Neufeldquartiers soll eine der letzten zusammenh\u00e4ngenden unbebauten Bauzonen der Stadt Thun \u00fcberbaut werden. Wie die Stadt mitteilt, ist das Areal an der Bubenberg- bzw. Bl\u00e4uerstrasse 45.000 qm gross und geh\u00f6rt zur H\u00e4lfte der Stadt. Eigent\u00fcmer der anderen H\u00e4lfte sind die BPK und die Frutiger AG. Gemeinsam planen die Parteien ein nachhaltiges und zukunftsgerichtetes Wohnprojekt mit einem grossen, \u00f6ffentlich zug\u00e4nglichen Park.<\/p>\n<p>Die Mitwirkung f\u00fcr die dazu notwendige \u00dcberbauungsordnung (UeO) \u00abBostudenzelg Bl\u00e4uerstrasse\u00bb fand im August und September 2022 statt. Wie die Stadt Thun mitteilt, sind 16 Eingaben eingereicht worden, worauf das Planungsamt die Unterlagen pr\u00e4zisiert und angepasst habe. Die Mehrheit der Mitwirkenden begr\u00fcsse die Entwicklung des neuen Wohnquartiers jedoch, insbesondere\u00a0 dass gemeinn\u00fctziger Wohnraum mit gemeinschaftlichen Nutzungen geschaffen werde. Mindestens 75 Prozent der Wohnnutzung auf st\u00e4dtischem Boden sind f\u00fcr das gemeinn\u00fctzige Wohnen vorgesehen.<\/p>\n<p>Die \u00dcberbauungsordnung ist Anfang 2023 zur kantonalen Vorpr\u00fcfung eingereicht worden, voraussichtlich im Sommer\/Herbst erfolgt die \u00f6ffentliche Planauflage. Die Stadt Thun bereitet aktuell die Vergabe der Baurechte vor, parallel entwickeln die Frutiger AG und die BPK das Bauprojekt \u00fcber ihre Parzellen. Mit der Genehmigung der \u00dcberbauungsordnung ist nach Angaben der Stadt 2024\/2025 zu rechnen. Der Baustart erfolgt fr\u00fchestens im Jahr 2026. <em>(ah)<\/em><\/p>\n","protected":false},"excerpt":{"rendered":"<p>Im Neufeldquartier von Thun soll eine Wohnsiedlung entstehen. Das grosse Areal geh\u00f6rt der Stadt, der Frutiger AG und der Bernischen Pensionskasse.<\/p>\n","protected":false},"author":3,"featured_media":45486,"comment_status":"closed","ping_status":"closed","sticky":false,"template":"","format":"standard","meta":{"_acf_changed":false,"_yoast_wpseo_focuskw":"Thun","_yoast_wpseo_title":"","_yoast_wpseo_metadesc":"Im Neufeldquartier von Thun soll eine Wohnsiedlung entstehen. Das grosse Areal geh\u00f6rt der Stadt Thun, der Frutiger AG und der Bernischen Pensionskasse.","_yoast_wpseo_linkdex":61,"pgc_sgb_lightbox_settings":"","footnotes":""},"categories":[985],"tags":[2075,1600,1781,1973,1863],"class_list":["post-45485","post","type-post","status-publish","format-standard","has-post-thumbnail","hentry","category-regionen","tag-frutiger","tag-projekt-in-planung","tag-thun","tag-verfugbares-grundstuck","tag-wohnimmobilien"],"acf":[],"yoast_head":"<!-- This site is optimized with the Yoast SEO plugin v27.5 - https:\/\/yoast.com\/product\/yoast-seo-wordpress\/ -->\n<title>Thun: Wohn\u00fcberbauung in der Bostudenzelg kommt voran - IMMOBILIEN Business<\/title>\n<meta name=\"description\" content=\"Im Neufeldquartier von Thun soll eine Wohnsiedlung entstehen. Das grosse Areal geh\u00f6rt der Stadt Thun, der Frutiger AG und der Bernischen Pensionskasse.\" \/>\n<meta name=\"robots\" content=\"index, follow, max-snippet:-1, max-image-preview:large, max-video-preview:-1\" \/>\n<link rel=\"canonical\" href=\"https:\/\/www.immobilienbusiness.ch\/de\/regionen\/2023-01-26\/thun-wohnueberbauung-in-der-bodstudenzelg-kommt-voran\/\" \/>\n<meta property=\"og:locale\" content=\"de_DE\" \/>\n<meta property=\"og:type\" content=\"article\" \/>\n<meta property=\"og:title\" content=\"Thun: Wohn\u00fcberbauung in der Bostudenzelg kommt voran - IMMOBILIEN Business\" \/>\n<meta property=\"og:description\" content=\"Im Neufeldquartier von Thun soll eine Wohnsiedlung entstehen. Das grosse Areal geh\u00f6rt der Stadt Thun, der Frutiger AG und der Bernischen Pensionskasse.\" \/>\n<meta property=\"og:url\" content=\"https:\/\/www.immobilienbusiness.ch\/de\/regionen\/2023-01-26\/thun-wohnueberbauung-in-der-bodstudenzelg-kommt-voran\/\" \/>\n<meta property=\"og:site_name\" content=\"IMMOBILIEN Business\" \/>\n<meta property=\"article:publisher\" content=\"https:\/\/www.facebook.com\/immobilienbusiness\/\" \/>\n<meta property=\"article:published_time\" content=\"2023-01-26T06:20:30+00:00\" \/>\n<meta property=\"article:modified_time\" content=\"2023-02-01T19:30:25+00:00\" \/>\n<meta property=\"og:image\" content=\"https:\/\/www.immobilienbusiness.ch\/wp-content\/uploads\/2023\/01\/bostudenzelg_1-scaled.jpg\" \/>\n\t<meta property=\"og:image:width\" content=\"1200\" \/>\n\t<meta property=\"og:image:height\" content=\"800\" \/>\n\t<meta property=\"og:image:type\" content=\"image\/jpeg\" \/>\n<meta name=\"author\" content=\"anja.hall\" \/>\n<meta name=\"twitter:card\" content=\"summary_large_image\" \/>\n<meta name=\"twitter:image\" content=\"https:\/\/www.immobilienbusiness.ch\/wp-content\/uploads\/2023\/01\/bostudenzelg_1-scaled.jpg\" \/>\n<script type=\"application\/ld+json\" class=\"yoast-schema-graph\">{\"@context\":\"https:\\\/\\\/schema.org\",\"@graph\":[{\"@type\":\"Article\",\"@id\":\"https:\\\/\\\/www.immobilienbusiness.ch\\\/de\\\/regionen\\\/2023-01-26\\\/thun-wohnueberbauung-in-der-bodstudenzelg-kommt-voran\\\/#article\",\"isPartOf\":{\"@id\":\"https:\\\/\\\/www.immobilienbusiness.ch\\\/de\\\/regionen\\\/2023-01-26\\\/thun-wohnueberbauung-in-der-bodstudenzelg-kommt-voran\\\/\"},\"author\":{\"name\":\"anja.hall\",\"@id\":\"https:\\\/\\\/www.immobilienbusiness.ch\\\/#\\\/schema\\\/person\\\/3fc036297b10b9f42d6db5ee932af8c8\"},\"headline\":\"Thun: Wohn\u00fcberbauung in der Bostudenzelg kommt voran\",\"datePublished\":\"2023-01-26T06:20:30+00:00\",\"dateModified\":\"2023-02-01T19:30:25+00:00\",\"mainEntityOfPage\":{\"@id\":\"https:\\\/\\\/www.immobilienbusiness.ch\\\/de\\\/regionen\\\/2023-01-26\\\/thun-wohnueberbauung-in-der-bodstudenzelg-kommt-voran\\\/\"},\"wordCount\":270,\"publisher\":{\"@id\":\"https:\\\/\\\/www.immobilienbusiness.ch\\\/#organization\"},\"image\":{\"@id\":\"https:\\\/\\\/www.immobilienbusiness.ch\\\/de\\\/regionen\\\/2023-01-26\\\/thun-wohnueberbauung-in-der-bodstudenzelg-kommt-voran\\\/#primaryimage\"},\"thumbnailUrl\":\"https:\\\/\\\/www.immobilienbusiness.ch\\\/wp-content\\\/uploads\\\/2023\\\/01\\\/bostudenzelg_1-scaled.jpg\",\"keywords\":[\"Frutiger\",\"Projekt in Planung\",\"Thun\",\"verf\u00fcgbares Grundst\u00fcck\",\"Wohnimmobilien\"],\"articleSection\":[\"REGIONEN\"],\"inLanguage\":\"de\"},{\"@type\":\"WebPage\",\"@id\":\"https:\\\/\\\/www.immobilienbusiness.ch\\\/de\\\/regionen\\\/2023-01-26\\\/thun-wohnueberbauung-in-der-bodstudenzelg-kommt-voran\\\/\",\"url\":\"https:\\\/\\\/www.immobilienbusiness.ch\\\/de\\\/regionen\\\/2023-01-26\\\/thun-wohnueberbauung-in-der-bodstudenzelg-kommt-voran\\\/\",\"name\":\"Thun: Wohn\u00fcberbauung in der Bostudenzelg kommt voran - IMMOBILIEN Business\",\"isPartOf\":{\"@id\":\"https:\\\/\\\/www.immobilienbusiness.ch\\\/#website\"},\"primaryImageOfPage\":{\"@id\":\"https:\\\/\\\/www.immobilienbusiness.ch\\\/de\\\/regionen\\\/2023-01-26\\\/thun-wohnueberbauung-in-der-bodstudenzelg-kommt-voran\\\/#primaryimage\"},\"image\":{\"@id\":\"https:\\\/\\\/www.immobilienbusiness.ch\\\/de\\\/regionen\\\/2023-01-26\\\/thun-wohnueberbauung-in-der-bodstudenzelg-kommt-voran\\\/#primaryimage\"},\"thumbnailUrl\":\"https:\\\/\\\/www.immobilienbusiness.ch\\\/wp-content\\\/uploads\\\/2023\\\/01\\\/bostudenzelg_1-scaled.jpg\",\"datePublished\":\"2023-01-26T06:20:30+00:00\",\"dateModified\":\"2023-02-01T19:30:25+00:00\",\"description\":\"Im Neufeldquartier von Thun soll eine Wohnsiedlung entstehen. Das grosse Areal geh\u00f6rt der Stadt Thun, der Frutiger AG und der Bernischen Pensionskasse.\",\"breadcrumb\":{\"@id\":\"https:\\\/\\\/www.immobilienbusiness.ch\\\/de\\\/regionen\\\/2023-01-26\\\/thun-wohnueberbauung-in-der-bodstudenzelg-kommt-voran\\\/#breadcrumb\"},\"inLanguage\":\"de\",\"potentialAction\":[{\"@type\":\"ReadAction\",\"target\":[\"https:\\\/\\\/www.immobilienbusiness.ch\\\/de\\\/regionen\\\/2023-01-26\\\/thun-wohnueberbauung-in-der-bodstudenzelg-kommt-voran\\\/\"]}]},{\"@type\":\"ImageObject\",\"inLanguage\":\"de\",\"@id\":\"https:\\\/\\\/www.immobilienbusiness.ch\\\/de\\\/regionen\\\/2023-01-26\\\/thun-wohnueberbauung-in-der-bodstudenzelg-kommt-voran\\\/#primaryimage\",\"url\":\"https:\\\/\\\/www.immobilienbusiness.ch\\\/wp-content\\\/uploads\\\/2023\\\/01\\\/bostudenzelg_1-scaled.jpg\",\"contentUrl\":\"https:\\\/\\\/www.immobilienbusiness.ch\\\/wp-content\\\/uploads\\\/2023\\\/01\\\/bostudenzelg_1-scaled.jpg\",\"width\":1200,\"height\":800,\"caption\":\"Das Areal \u00abBostudenzelg\u00bb von oben (\u00a9 Peter Jost)\"},{\"@type\":\"BreadcrumbList\",\"@id\":\"https:\\\/\\\/www.immobilienbusiness.ch\\\/de\\\/regionen\\\/2023-01-26\\\/thun-wohnueberbauung-in-der-bodstudenzelg-kommt-voran\\\/#breadcrumb\",\"itemListElement\":[{\"@type\":\"ListItem\",\"position\":1,\"name\":\"Home\",\"item\":\"https:\\\/\\\/www.immobilienbusiness.ch\\\/\"},{\"@type\":\"ListItem\",\"position\":2,\"name\":\"Thun: Wohn\u00fcberbauung in der Bostudenzelg kommt voran\"}]},{\"@type\":\"WebSite\",\"@id\":\"https:\\\/\\\/www.immobilienbusiness.ch\\\/#website\",\"url\":\"https:\\\/\\\/www.immobilienbusiness.ch\\\/\",\"name\":\"IMMOBILIEN Business\",\"description\":\"Unabh\u00e4ngiges Schweizer Wirtschaftsmagazin mit Fokus auf Immobilien, Architektur- und Bau sowie Investment- und Finanzierung.\",\"publisher\":{\"@id\":\"https:\\\/\\\/www.immobilienbusiness.ch\\\/#organization\"},\"potentialAction\":[{\"@type\":\"SearchAction\",\"target\":{\"@type\":\"EntryPoint\",\"urlTemplate\":\"https:\\\/\\\/www.immobilienbusiness.ch\\\/?s={search_term_string}\"},\"query-input\":{\"@type\":\"PropertyValueSpecification\",\"valueRequired\":true,\"valueName\":\"search_term_string\"}}],\"inLanguage\":\"de\"},{\"@type\":\"Organization\",\"@id\":\"https:\\\/\\\/www.immobilienbusiness.ch\\\/#organization\",\"name\":\"IMMOBILIEN Business\",\"url\":\"https:\\\/\\\/www.immobilienbusiness.ch\\\/\",\"logo\":{\"@type\":\"ImageObject\",\"inLanguage\":\"de\",\"@id\":\"https:\\\/\\\/www.immobilienbusiness.ch\\\/#\\\/schema\\\/logo\\\/image\\\/\",\"url\":\"https:\\\/\\\/www.immobilienbusiness.ch\\\/wp-content\\\/uploads\\\/2021\\\/07\\\/logo_ib.png\",\"contentUrl\":\"https:\\\/\\\/www.immobilienbusiness.ch\\\/wp-content\\\/uploads\\\/2021\\\/07\\\/logo_ib.png\",\"width\":800,\"height\":181,\"caption\":\"IMMOBILIEN Business\"},\"image\":{\"@id\":\"https:\\\/\\\/www.immobilienbusiness.ch\\\/#\\\/schema\\\/logo\\\/image\\\/\"},\"sameAs\":[\"https:\\\/\\\/www.facebook.com\\\/immobilienbusiness\\\/\"]},{\"@type\":\"Person\",\"@id\":\"https:\\\/\\\/www.immobilienbusiness.ch\\\/#\\\/schema\\\/person\\\/3fc036297b10b9f42d6db5ee932af8c8\",\"name\":\"anja.hall\",\"image\":{\"@type\":\"ImageObject\",\"inLanguage\":\"de\",\"@id\":\"https:\\\/\\\/secure.gravatar.com\\\/avatar\\\/066b5a0d447013502c71a5782f4f3469f03cfe595cc2329fb94652fe47511bfb?s=96&d=mm&r=g\",\"url\":\"https:\\\/\\\/secure.gravatar.com\\\/avatar\\\/066b5a0d447013502c71a5782f4f3469f03cfe595cc2329fb94652fe47511bfb?s=96&d=mm&r=g\",\"contentUrl\":\"https:\\\/\\\/secure.gravatar.com\\\/avatar\\\/066b5a0d447013502c71a5782f4f3469f03cfe595cc2329fb94652fe47511bfb?s=96&d=mm&r=g\",\"caption\":\"anja.hall\"},\"url\":\"https:\\\/\\\/www.immobilienbusiness.ch\\\/de\\\/author\\\/anja-hall\\\/\"}]}<\/script>\n<!-- \/ Yoast SEO plugin. -->","yoast_head_json":{"title":"Thun: Wohn\u00fcberbauung in der Bostudenzelg kommt voran - IMMOBILIEN Business","description":"Im Neufeldquartier von Thun soll eine Wohnsiedlung entstehen. Das grosse Areal geh\u00f6rt der Stadt Thun, der Frutiger AG und der Bernischen Pensionskasse.","robots":{"index":"index","follow":"follow","max-snippet":"max-snippet:-1","max-image-preview":"max-image-preview:large","max-video-preview":"max-video-preview:-1"},"canonical":"https:\/\/www.immobilienbusiness.ch\/de\/regionen\/2023-01-26\/thun-wohnueberbauung-in-der-bodstudenzelg-kommt-voran\/","og_locale":"de_DE","og_type":"article","og_title":"Thun: Wohn\u00fcberbauung in der Bostudenzelg kommt voran - IMMOBILIEN Business","og_description":"Im Neufeldquartier von Thun soll eine Wohnsiedlung entstehen. Das grosse Areal geh\u00f6rt der Stadt Thun, der Frutiger AG und der Bernischen Pensionskasse.","og_url":"https:\/\/www.immobilienbusiness.ch\/de\/regionen\/2023-01-26\/thun-wohnueberbauung-in-der-bodstudenzelg-kommt-voran\/","og_site_name":"IMMOBILIEN Business","article_publisher":"https:\/\/www.facebook.com\/immobilienbusiness\/","article_published_time":"2023-01-26T06:20:30+00:00","article_modified_time":"2023-02-01T19:30:25+00:00","og_image":[{"width":1200,"height":800,"url":"https:\/\/www.immobilienbusiness.ch\/wp-content\/uploads\/2023\/01\/bostudenzelg_1-scaled.jpg","type":"image\/jpeg"}],"author":"anja.hall","twitter_card":"summary_large_image","twitter_image":"https:\/\/www.immobilienbusiness.ch\/wp-content\/uploads\/2023\/01\/bostudenzelg_1-scaled.jpg","schema":{"@context":"https:\/\/schema.org","@graph":[{"@type":"Article","@id":"https:\/\/www.immobilienbusiness.ch\/de\/regionen\/2023-01-26\/thun-wohnueberbauung-in-der-bodstudenzelg-kommt-voran\/#article","isPartOf":{"@id":"https:\/\/www.immobilienbusiness.ch\/de\/regionen\/2023-01-26\/thun-wohnueberbauung-in-der-bodstudenzelg-kommt-voran\/"},"author":{"name":"anja.hall","@id":"https:\/\/www.immobilienbusiness.ch\/#\/schema\/person\/3fc036297b10b9f42d6db5ee932af8c8"},"headline":"Thun: Wohn\u00fcberbauung in der Bostudenzelg kommt voran","datePublished":"2023-01-26T06:20:30+00:00","dateModified":"2023-02-01T19:30:25+00:00","mainEntityOfPage":{"@id":"https:\/\/www.immobilienbusiness.ch\/de\/regionen\/2023-01-26\/thun-wohnueberbauung-in-der-bodstudenzelg-kommt-voran\/"},"wordCount":270,"publisher":{"@id":"https:\/\/www.immobilienbusiness.ch\/#organization"},"image":{"@id":"https:\/\/www.immobilienbusiness.ch\/de\/regionen\/2023-01-26\/thun-wohnueberbauung-in-der-bodstudenzelg-kommt-voran\/#primaryimage"},"thumbnailUrl":"https:\/\/www.immobilienbusiness.ch\/wp-content\/uploads\/2023\/01\/bostudenzelg_1-scaled.jpg","keywords":["Frutiger","Projekt in Planung","Thun","verf\u00fcgbares Grundst\u00fcck","Wohnimmobilien"],"articleSection":["REGIONEN"],"inLanguage":"de"},{"@type":"WebPage","@id":"https:\/\/www.immobilienbusiness.ch\/de\/regionen\/2023-01-26\/thun-wohnueberbauung-in-der-bodstudenzelg-kommt-voran\/","url":"https:\/\/www.immobilienbusiness.ch\/de\/regionen\/2023-01-26\/thun-wohnueberbauung-in-der-bodstudenzelg-kommt-voran\/","name":"Thun: Wohn\u00fcberbauung in der Bostudenzelg kommt voran - IMMOBILIEN Business","isPartOf":{"@id":"https:\/\/www.immobilienbusiness.ch\/#website"},"primaryImageOfPage":{"@id":"https:\/\/www.immobilienbusiness.ch\/de\/regionen\/2023-01-26\/thun-wohnueberbauung-in-der-bodstudenzelg-kommt-voran\/#primaryimage"},"image":{"@id":"https:\/\/www.immobilienbusiness.ch\/de\/regionen\/2023-01-26\/thun-wohnueberbauung-in-der-bodstudenzelg-kommt-voran\/#primaryimage"},"thumbnailUrl":"https:\/\/www.immobilienbusiness.ch\/wp-content\/uploads\/2023\/01\/bostudenzelg_1-scaled.jpg","datePublished":"2023-01-26T06:20:30+00:00","dateModified":"2023-02-01T19:30:25+00:00","description":"Im Neufeldquartier von Thun soll eine Wohnsiedlung entstehen. Das grosse Areal geh\u00f6rt der Stadt Thun, der Frutiger AG und der Bernischen Pensionskasse.","breadcrumb":{"@id":"https:\/\/www.immobilienbusiness.ch\/de\/regionen\/2023-01-26\/thun-wohnueberbauung-in-der-bodstudenzelg-kommt-voran\/#breadcrumb"},"inLanguage":"de","potentialAction":[{"@type":"ReadAction","target":["https:\/\/www.immobilienbusiness.ch\/de\/regionen\/2023-01-26\/thun-wohnueberbauung-in-der-bodstudenzelg-kommt-voran\/"]}]},{"@type":"ImageObject","inLanguage":"de","@id":"https:\/\/www.immobilienbusiness.ch\/de\/regionen\/2023-01-26\/thun-wohnueberbauung-in-der-bodstudenzelg-kommt-voran\/#primaryimage","url":"https:\/\/www.immobilienbusiness.ch\/wp-content\/uploads\/2023\/01\/bostudenzelg_1-scaled.jpg","contentUrl":"https:\/\/www.immobilienbusiness.ch\/wp-content\/uploads\/2023\/01\/bostudenzelg_1-scaled.jpg","width":1200,"height":800,"caption":"Das Areal \u00abBostudenzelg\u00bb von oben (\u00a9 Peter Jost)"},{"@type":"BreadcrumbList","@id":"https:\/\/www.immobilienbusiness.ch\/de\/regionen\/2023-01-26\/thun-wohnueberbauung-in-der-bodstudenzelg-kommt-voran\/#breadcrumb","itemListElement":[{"@type":"ListItem","position":1,"name":"Home","item":"https:\/\/www.immobilienbusiness.ch\/"},{"@type":"ListItem","position":2,"name":"Thun: Wohn\u00fcberbauung in der Bostudenzelg kommt voran"}]},{"@type":"WebSite","@id":"https:\/\/www.immobilienbusiness.ch\/#website","url":"https:\/\/www.immobilienbusiness.ch\/","name":"IMMOBILIEN Business","description":"Unabh\u00e4ngiges Schweizer Wirtschaftsmagazin mit Fokus auf Immobilien, Architektur- und Bau sowie Investment- und Finanzierung.","publisher":{"@id":"https:\/\/www.immobilienbusiness.ch\/#organization"},"potentialAction":[{"@type":"SearchAction","target":{"@type":"EntryPoint","urlTemplate":"https:\/\/www.immobilienbusiness.ch\/?s={search_term_string}"},"query-input":{"@type":"PropertyValueSpecification","valueRequired":true,"valueName":"search_term_string"}}],"inLanguage":"de"},{"@type":"Organization","@id":"https:\/\/www.immobilienbusiness.ch\/#organization","name":"IMMOBILIEN Business","url":"https:\/\/www.immobilienbusiness.ch\/","logo":{"@type":"ImageObject","inLanguage":"de","@id":"https:\/\/www.immobilienbusiness.ch\/#\/schema\/logo\/image\/","url":"https:\/\/www.immobilienbusiness.ch\/wp-content\/uploads\/2021\/07\/logo_ib.png","contentUrl":"https:\/\/www.immobilienbusiness.ch\/wp-content\/uploads\/2021\/07\/logo_ib.png","width":800,"height":181,"caption":"IMMOBILIEN Business"},"image":{"@id":"https:\/\/www.immobilienbusiness.ch\/#\/schema\/logo\/image\/"},"sameAs":["https:\/\/www.facebook.com\/immobilienbusiness\/"]},{"@type":"Person","@id":"https:\/\/www.immobilienbusiness.ch\/#\/schema\/person\/3fc036297b10b9f42d6db5ee932af8c8","name":"anja.hall","image":{"@type":"ImageObject","inLanguage":"de","@id":"https:\/\/secure.gravatar.com\/avatar\/066b5a0d447013502c71a5782f4f3469f03cfe595cc2329fb94652fe47511bfb?s=96&d=mm&r=g","url":"https:\/\/secure.gravatar.com\/avatar\/066b5a0d447013502c71a5782f4f3469f03cfe595cc2329fb94652fe47511bfb?s=96&d=mm&r=g","contentUrl":"https:\/\/secure.gravatar.com\/avatar\/066b5a0d447013502c71a5782f4f3469f03cfe595cc2329fb94652fe47511bfb?s=96&d=mm&r=g","caption":"anja.hall"},"url":"https:\/\/www.immobilienbusiness.ch\/de\/author\/anja-hall\/"}]}},"_links":{"self":[{"href":"https:\/\/www.immobilienbusiness.ch\/de\/wp-json\/wp\/v2\/posts\/45485","targetHints":{"allow":["GET"]}}],"collection":[{"href":"https:\/\/www.immobilienbusiness.ch\/de\/wp-json\/wp\/v2\/posts"}],"about":[{"href":"https:\/\/www.immobilienbusiness.ch\/de\/wp-json\/wp\/v2\/types\/post"}],"author":[{"embeddable":true,"href":"https:\/\/www.immobilienbusiness.ch\/de\/wp-json\/wp\/v2\/users\/3"}],"replies":[{"embeddable":true,"href":"https:\/\/www.immobilienbusiness.ch\/de\/wp-json\/wp\/v2\/comments?post=45485"}],"version-history":[{"count":10,"href":"https:\/\/www.immobilienbusiness.ch\/de\/wp-json\/wp\/v2\/posts\/45485\/revisions"}],"predecessor-version":[{"id":45573,"href":"https:\/\/www.immobilienbusiness.ch\/de\/wp-json\/wp\/v2\/posts\/45485\/revisions\/45573"}],"wp:featuredmedia":[{"embeddable":true,"href":"https:\/\/www.immobilienbusiness.ch\/de\/wp-json\/wp\/v2\/media\/45486"}],"wp:attachment":[{"href":"https:\/\/www.immobilienbusiness.ch\/de\/wp-json\/wp\/v2\/media?parent=45485"}],"wp:term":[{"taxonomy":"category","embeddable":true,"href":"https:\/\/www.immobilienbusiness.ch\/de\/wp-json\/wp\/v2\/categories?post=45485"},{"taxonomy":"post_tag","embeddable":true,"href":"https:\/\/www.immobilienbusiness.ch\/de\/wp-json\/wp\/v2\/tags?post=45485"}],"curies":[{"name":"wp","href":"https:\/\/api.w.org\/{rel}","templated":true}]}}