{"id":45442,"date":"2023-01-17T08:00:52","date_gmt":"2023-01-17T07:00:52","guid":{"rendered":"https:\/\/www.immobilienbusiness.ch\/?p=45442"},"modified":"2023-01-19T09:10:09","modified_gmt":"2023-01-19T08:10:09","slug":"ubs-fonds-kaufen-in-reinach-lausen-und-bonaduz","status":"publish","type":"post","link":"https:\/\/www.immobilienbusiness.ch\/de\/unternehmen\/2023-01-17\/ubs-fonds-kaufen-in-reinach-lausen-und-bonaduz\/","title":{"rendered":"UBS-Fonds kaufen in Reinach, Lausen und Bonaduz"},"content":{"rendered":"<figure id=\"attachment_45443\" aria-describedby=\"caption-attachment-45443\" style=\"width: 1400px\" class=\"wp-caption alignnone\"><a href=\"https:\/\/www.immobilienbusiness.ch\/wp-content\/uploads\/2023\/01\/UBS-Bonaduz-scaled.jpeg\"><img loading=\"lazy\" decoding=\"async\" class=\"size-full wp-image-45443\" src=\"https:\/\/www.immobilienbusiness.ch\/wp-content\/uploads\/2023\/01\/UBS-Bonaduz-scaled.jpeg\" alt=\"\" width=\"1400\" height=\"1050\" srcset=\"https:\/\/www.immobilienbusiness.ch\/wp-content\/uploads\/2023\/01\/UBS-Bonaduz-scaled.jpeg 1200w, https:\/\/www.immobilienbusiness.ch\/wp-content\/uploads\/2023\/01\/UBS-Bonaduz-300x225.jpeg 300w, https:\/\/www.immobilienbusiness.ch\/wp-content\/uploads\/2023\/01\/UBS-Bonaduz-1024x768.jpeg 1024w, https:\/\/www.immobilienbusiness.ch\/wp-content\/uploads\/2023\/01\/UBS-Bonaduz-768x576.jpeg 768w, https:\/\/www.immobilienbusiness.ch\/wp-content\/uploads\/2023\/01\/UBS-Bonaduz-1536x1152.jpeg 1536w, https:\/\/www.immobilienbusiness.ch\/wp-content\/uploads\/2023\/01\/UBS-Bonaduz-2048x1536.jpeg 2048w, https:\/\/www.immobilienbusiness.ch\/wp-content\/uploads\/2023\/01\/UBS-Bonaduz-16x12.jpeg 16w, https:\/\/www.immobilienbusiness.ch\/wp-content\/uploads\/2023\/01\/UBS-Bonaduz-375x281.jpeg 375w, https:\/\/www.immobilienbusiness.ch\/wp-content\/uploads\/2023\/01\/UBS-Bonaduz-467x350.jpeg 467w, https:\/\/www.immobilienbusiness.ch\/wp-content\/uploads\/2023\/01\/UBS-Bonaduz-1000x750.jpeg 1000w\" sizes=\"auto, (max-width: 1400px) 100vw, 1400px\" \/><\/a><figcaption id=\"caption-attachment-45443\" class=\"wp-caption-text\">Der Zukauf in Bonaduz &#8211; es ist der erste von Anfos in Graub\u00fcnden (Bild: UBS)<\/figcaption><\/figure>\n<p>Das Investitionsvolumen des Projekts, welches der Fonds Sima erworben hat, betr\u00e4gt 84 Mio. CHF. Es befindet sich auf dem ehemaligen Areal der St\u00f6cklin Logistik AG in Reinach (BL). Dort entsteht ein neues Quartier mit mehrheitlich Wohnnutzung sowie grossz\u00fcgigen und naturnahen Gr\u00fcnfl\u00e4chen. Der rechtskr\u00e4ftig bewilligte Quartierplan St\u00f6cklin-Areal bildet die Grundlage f\u00fcr verschiedene Nutzungsklassen auf unterschiedlichen Baufeldern. Eines dieser Baufelder ist das Aerne-Areal, auf welchem insgesamt zehn Bauk\u00f6rper realisiert werden. Mit Antritt per 1. Dezember 2022 hat UBS Sima einen dieser Bauk\u00f6rper akquiriert und realisiert dort die Alterswohnsiedlung Birsgarten: ein sechsgeschossiges Geb\u00e4ude mit 52 Alterswohnungen, 88 Pflegezimmern, 46 Einstellhallenpl\u00e4tzen sowie diversen allgemeinen Fl\u00e4chen. Der Baustart ist bereits im Sommer 2022 erfolgt und der Bezug ist f\u00fcr den Herbst 2025 geplant.<\/p>\n<h3>Zweiter Zukauf ebenfalls in der Region Basel<\/h3>\n<p>Das Investitionsvolumen des Alterswohnprojekts, welches der Fonds Anfos erworben hat, bel\u00e4uft sich auf 44 Mio. CHF. Es handelt sich dabei um die Alterswohnsiedlung Dreiklang, die Teil eines in Bahnhofsn\u00e4he gelegenen, neu entstehenden Quartiers in der Agglomerationsgemeinde Lausen (BL) ist. Das Vorhaben umfasst vier freistehende Bauten mit insgesamt 34 Seniorenwohnungen, 40 Pflegezimmern, Betriebs- und Restaurationsfl\u00e4chen sowie 60 Parkpl\u00e4tzen. Der Baustart erfolgt im Fr\u00fchjahr 2023 und die Fertigstellung der Minergie zertifizierten Liegenschaft ist f\u00fcr Herbst 2025 geplant. Mit der Senevita AG, dem zuk\u00fcnftigen Single-Tenant, wurde ein 15-j\u00e4hriger Mietvertrag abgeschlossen.<\/p>\n<h3>UBS Anfos kauft zudem f\u00fcr 34 Mio. CHF in Bonaduz<\/h3>\n<p>Zum 1. Januar hat Anfos ausserdem eine neuwertige Liegenschaft in Bonaduz (GR) mit Baujahr 2020 akquiriert. Die Gemeinde z\u00e4hlt rund 3.500 Einwohner und gilt aufgrund der privilegierten H\u00f6henlage sowie der N\u00e4he zur Kantonshauptstadt (15 Min.) als attraktive Wohngemeinde in der Churer Agglomeration. Die Liegenschaft verf\u00fcgt \u00fcber 51 hochwertig ausgebaute Wohnungen, rund 450 qm kommerzielle Mietfl\u00e4chen (Wault 7,9 Jahre) sowie 55 Parkpl\u00e4tze. Mit der Investition im Umfang von rund CHF 34 Mio. wird das Portfolio von UBS Anfos erstmals durch eine Liegenschaft im Kanton Graub\u00fcnden erweitert. <i>(aw)<\/i><\/p>\n","protected":false},"excerpt":{"rendered":"<p>Die Fonds Sima und Anfos der UBS geben Zuk\u00e4ufe bekannt. Zwei der drei Neuzug\u00e4nge sind Neubauprojekte f\u00fcr Alterswohnsiedlungen, deren Mieterin und Betreiberin die Senevita AG ist.<\/p>\n","protected":false},"author":102,"featured_media":45443,"comment_status":"closed","ping_status":"closed","sticky":false,"template":"","format":"standard","meta":{"_acf_changed":false,"_yoast_wpseo_focuskw":"UBS","_yoast_wpseo_title":"","_yoast_wpseo_metadesc":"Die Fonds \u00abSima\u00bb und \u00abAnfos\u00bb der UBS geben Zuk\u00e4ufe bekannt. Zwei der drei zugekauften Immobilien sind Neubauprojekte f\u00fcr Alterswohnsiedlungen, deren Mieterin und Betreiberin die Senevita AG ist.","_yoast_wpseo_linkdex":67,"pgc_sgb_lightbox_settings":"","footnotes":""},"categories":[988],"tags":[2145,1344,2144,1796,2143],"class_list":["post-45442","post","type-post","status-publish","format-standard","has-post-thumbnail","hentry","category-unternehmen","tag-alterswohnen","tag-immobilienfonds","tag-senevita","tag-ubs","tag-zukaeufe"],"acf":[],"yoast_head":"<!-- This site is optimized with the Yoast SEO plugin v27.5 - https:\/\/yoast.com\/product\/yoast-seo-wordpress\/ -->\n<title>UBS-Fonds kaufen in Reinach, Lausen und Bonaduz - IMMOBILIEN Business<\/title>\n<meta name=\"description\" content=\"Die Fonds \u00abSima\u00bb und \u00abAnfos\u00bb der UBS geben Zuk\u00e4ufe bekannt. Zwei der drei zugekauften Immobilien sind Neubauprojekte f\u00fcr Alterswohnsiedlungen, deren Mieterin und Betreiberin die Senevita AG ist.\" \/>\n<meta name=\"robots\" content=\"index, follow, max-snippet:-1, max-image-preview:large, max-video-preview:-1\" \/>\n<link rel=\"canonical\" href=\"https:\/\/www.immobilienbusiness.ch\/de\/unternehmen\/2023-01-17\/ubs-fonds-kaufen-in-reinach-lausen-und-bonaduz\/\" \/>\n<meta property=\"og:locale\" content=\"de_DE\" \/>\n<meta property=\"og:type\" content=\"article\" \/>\n<meta property=\"og:title\" content=\"UBS-Fonds kaufen in Reinach, Lausen und Bonaduz - IMMOBILIEN Business\" \/>\n<meta property=\"og:description\" content=\"Die Fonds \u00abSima\u00bb und \u00abAnfos\u00bb der UBS geben Zuk\u00e4ufe bekannt. Zwei der drei zugekauften Immobilien sind Neubauprojekte f\u00fcr Alterswohnsiedlungen, deren Mieterin und Betreiberin die Senevita AG ist.\" \/>\n<meta property=\"og:url\" content=\"https:\/\/www.immobilienbusiness.ch\/de\/unternehmen\/2023-01-17\/ubs-fonds-kaufen-in-reinach-lausen-und-bonaduz\/\" \/>\n<meta property=\"og:site_name\" content=\"IMMOBILIEN Business\" \/>\n<meta property=\"article:publisher\" content=\"https:\/\/www.facebook.com\/immobilienbusiness\/\" \/>\n<meta property=\"article:published_time\" content=\"2023-01-17T07:00:52+00:00\" \/>\n<meta property=\"article:modified_time\" content=\"2023-01-19T08:10:09+00:00\" \/>\n<meta property=\"og:image\" content=\"https:\/\/www.immobilienbusiness.ch\/wp-content\/uploads\/2023\/01\/UBS-Bonaduz-scaled.jpeg\" \/>\n\t<meta property=\"og:image:width\" content=\"1200\" \/>\n\t<meta property=\"og:image:height\" content=\"900\" \/>\n\t<meta property=\"og:image:type\" content=\"image\/jpeg\" \/>\n<meta name=\"author\" content=\"Alexander Wachter\" \/>\n<meta name=\"twitter:card\" content=\"summary_large_image\" \/>\n<script type=\"application\/ld+json\" class=\"yoast-schema-graph\">{\"@context\":\"https:\\\/\\\/schema.org\",\"@graph\":[{\"@type\":\"Article\",\"@id\":\"https:\\\/\\\/www.immobilienbusiness.ch\\\/de\\\/unternehmen\\\/2023-01-17\\\/ubs-fonds-kaufen-in-reinach-lausen-und-bonaduz\\\/#article\",\"isPartOf\":{\"@id\":\"https:\\\/\\\/www.immobilienbusiness.ch\\\/de\\\/unternehmen\\\/2023-01-17\\\/ubs-fonds-kaufen-in-reinach-lausen-und-bonaduz\\\/\"},\"author\":{\"name\":\"Alexander Wachter\",\"@id\":\"https:\\\/\\\/www.immobilienbusiness.ch\\\/#\\\/schema\\\/person\\\/aba8bea2db926aa0c24c08c43fe1fcd5\"},\"headline\":\"UBS-Fonds kaufen in Reinach, Lausen und Bonaduz\",\"datePublished\":\"2023-01-17T07:00:52+00:00\",\"dateModified\":\"2023-01-19T08:10:09+00:00\",\"mainEntityOfPage\":{\"@id\":\"https:\\\/\\\/www.immobilienbusiness.ch\\\/de\\\/unternehmen\\\/2023-01-17\\\/ubs-fonds-kaufen-in-reinach-lausen-und-bonaduz\\\/\"},\"wordCount\":344,\"publisher\":{\"@id\":\"https:\\\/\\\/www.immobilienbusiness.ch\\\/#organization\"},\"image\":{\"@id\":\"https:\\\/\\\/www.immobilienbusiness.ch\\\/de\\\/unternehmen\\\/2023-01-17\\\/ubs-fonds-kaufen-in-reinach-lausen-und-bonaduz\\\/#primaryimage\"},\"thumbnailUrl\":\"https:\\\/\\\/www.immobilienbusiness.ch\\\/wp-content\\\/uploads\\\/2023\\\/01\\\/UBS-Bonaduz-scaled.jpeg\",\"keywords\":[\"Alterswohnen\",\"Immobilienfonds\",\"Senevita\",\"UBS\",\"Zuk\u00e4ufe\"],\"articleSection\":[\"UNTERNEHMEN\"],\"inLanguage\":\"de\"},{\"@type\":\"WebPage\",\"@id\":\"https:\\\/\\\/www.immobilienbusiness.ch\\\/de\\\/unternehmen\\\/2023-01-17\\\/ubs-fonds-kaufen-in-reinach-lausen-und-bonaduz\\\/\",\"url\":\"https:\\\/\\\/www.immobilienbusiness.ch\\\/de\\\/unternehmen\\\/2023-01-17\\\/ubs-fonds-kaufen-in-reinach-lausen-und-bonaduz\\\/\",\"name\":\"UBS-Fonds kaufen in Reinach, Lausen und Bonaduz - IMMOBILIEN Business\",\"isPartOf\":{\"@id\":\"https:\\\/\\\/www.immobilienbusiness.ch\\\/#website\"},\"primaryImageOfPage\":{\"@id\":\"https:\\\/\\\/www.immobilienbusiness.ch\\\/de\\\/unternehmen\\\/2023-01-17\\\/ubs-fonds-kaufen-in-reinach-lausen-und-bonaduz\\\/#primaryimage\"},\"image\":{\"@id\":\"https:\\\/\\\/www.immobilienbusiness.ch\\\/de\\\/unternehmen\\\/2023-01-17\\\/ubs-fonds-kaufen-in-reinach-lausen-und-bonaduz\\\/#primaryimage\"},\"thumbnailUrl\":\"https:\\\/\\\/www.immobilienbusiness.ch\\\/wp-content\\\/uploads\\\/2023\\\/01\\\/UBS-Bonaduz-scaled.jpeg\",\"datePublished\":\"2023-01-17T07:00:52+00:00\",\"dateModified\":\"2023-01-19T08:10:09+00:00\",\"description\":\"Die Fonds \u00abSima\u00bb und \u00abAnfos\u00bb der UBS geben Zuk\u00e4ufe bekannt. Zwei der drei zugekauften Immobilien sind Neubauprojekte f\u00fcr Alterswohnsiedlungen, deren Mieterin und Betreiberin die Senevita AG ist.\",\"breadcrumb\":{\"@id\":\"https:\\\/\\\/www.immobilienbusiness.ch\\\/de\\\/unternehmen\\\/2023-01-17\\\/ubs-fonds-kaufen-in-reinach-lausen-und-bonaduz\\\/#breadcrumb\"},\"inLanguage\":\"de\",\"potentialAction\":[{\"@type\":\"ReadAction\",\"target\":[\"https:\\\/\\\/www.immobilienbusiness.ch\\\/de\\\/unternehmen\\\/2023-01-17\\\/ubs-fonds-kaufen-in-reinach-lausen-und-bonaduz\\\/\"]}]},{\"@type\":\"ImageObject\",\"inLanguage\":\"de\",\"@id\":\"https:\\\/\\\/www.immobilienbusiness.ch\\\/de\\\/unternehmen\\\/2023-01-17\\\/ubs-fonds-kaufen-in-reinach-lausen-und-bonaduz\\\/#primaryimage\",\"url\":\"https:\\\/\\\/www.immobilienbusiness.ch\\\/wp-content\\\/uploads\\\/2023\\\/01\\\/UBS-Bonaduz-scaled.jpeg\",\"contentUrl\":\"https:\\\/\\\/www.immobilienbusiness.ch\\\/wp-content\\\/uploads\\\/2023\\\/01\\\/UBS-Bonaduz-scaled.jpeg\",\"width\":1200,\"height\":900,\"caption\":\"Die erste Immobilie des Fonds in Graub\u00fcnden machte sich in der Erfolgsrechnung bemerkbar (Bild: UBS)\"},{\"@type\":\"BreadcrumbList\",\"@id\":\"https:\\\/\\\/www.immobilienbusiness.ch\\\/de\\\/unternehmen\\\/2023-01-17\\\/ubs-fonds-kaufen-in-reinach-lausen-und-bonaduz\\\/#breadcrumb\",\"itemListElement\":[{\"@type\":\"ListItem\",\"position\":1,\"name\":\"Home\",\"item\":\"https:\\\/\\\/www.immobilienbusiness.ch\\\/\"},{\"@type\":\"ListItem\",\"position\":2,\"name\":\"UBS-Fonds kaufen in Reinach, Lausen und Bonaduz\"}]},{\"@type\":\"WebSite\",\"@id\":\"https:\\\/\\\/www.immobilienbusiness.ch\\\/#website\",\"url\":\"https:\\\/\\\/www.immobilienbusiness.ch\\\/\",\"name\":\"IMMOBILIEN Business\",\"description\":\"Unabh\u00e4ngiges Schweizer Wirtschaftsmagazin mit Fokus auf Immobilien, Architektur- und Bau sowie Investment- und Finanzierung.\",\"publisher\":{\"@id\":\"https:\\\/\\\/www.immobilienbusiness.ch\\\/#organization\"},\"potentialAction\":[{\"@type\":\"SearchAction\",\"target\":{\"@type\":\"EntryPoint\",\"urlTemplate\":\"https:\\\/\\\/www.immobilienbusiness.ch\\\/?s={search_term_string}\"},\"query-input\":{\"@type\":\"PropertyValueSpecification\",\"valueRequired\":true,\"valueName\":\"search_term_string\"}}],\"inLanguage\":\"de\"},{\"@type\":\"Organization\",\"@id\":\"https:\\\/\\\/www.immobilienbusiness.ch\\\/#organization\",\"name\":\"IMMOBILIEN Business\",\"url\":\"https:\\\/\\\/www.immobilienbusiness.ch\\\/\",\"logo\":{\"@type\":\"ImageObject\",\"inLanguage\":\"de\",\"@id\":\"https:\\\/\\\/www.immobilienbusiness.ch\\\/#\\\/schema\\\/logo\\\/image\\\/\",\"url\":\"https:\\\/\\\/www.immobilienbusiness.ch\\\/wp-content\\\/uploads\\\/2021\\\/07\\\/logo_ib.png\",\"contentUrl\":\"https:\\\/\\\/www.immobilienbusiness.ch\\\/wp-content\\\/uploads\\\/2021\\\/07\\\/logo_ib.png\",\"width\":800,\"height\":181,\"caption\":\"IMMOBILIEN Business\"},\"image\":{\"@id\":\"https:\\\/\\\/www.immobilienbusiness.ch\\\/#\\\/schema\\\/logo\\\/image\\\/\"},\"sameAs\":[\"https:\\\/\\\/www.facebook.com\\\/immobilienbusiness\\\/\"]},{\"@type\":\"Person\",\"@id\":\"https:\\\/\\\/www.immobilienbusiness.ch\\\/#\\\/schema\\\/person\\\/aba8bea2db926aa0c24c08c43fe1fcd5\",\"name\":\"Alexander Wachter\",\"image\":{\"@type\":\"ImageObject\",\"inLanguage\":\"de\",\"@id\":\"https:\\\/\\\/secure.gravatar.com\\\/avatar\\\/1a09e471f5389b0e0a6416eac287e0927c7c97a7b77f9e787eba3af7aee281dd?s=96&d=mm&r=g\",\"url\":\"https:\\\/\\\/secure.gravatar.com\\\/avatar\\\/1a09e471f5389b0e0a6416eac287e0927c7c97a7b77f9e787eba3af7aee281dd?s=96&d=mm&r=g\",\"contentUrl\":\"https:\\\/\\\/secure.gravatar.com\\\/avatar\\\/1a09e471f5389b0e0a6416eac287e0927c7c97a7b77f9e787eba3af7aee281dd?s=96&d=mm&r=g\",\"caption\":\"Alexander Wachter\"},\"url\":\"https:\\\/\\\/www.immobilienbusiness.ch\\\/de\\\/author\\\/alexander-wachter\\\/\"}]}<\/script>\n<!-- \/ Yoast SEO plugin. -->","yoast_head_json":{"title":"UBS-Fonds kaufen in Reinach, Lausen und Bonaduz - IMMOBILIEN Business","description":"Die Fonds \u00abSima\u00bb und \u00abAnfos\u00bb der UBS geben Zuk\u00e4ufe bekannt. Zwei der drei zugekauften Immobilien sind Neubauprojekte f\u00fcr Alterswohnsiedlungen, deren Mieterin und Betreiberin die Senevita AG ist.","robots":{"index":"index","follow":"follow","max-snippet":"max-snippet:-1","max-image-preview":"max-image-preview:large","max-video-preview":"max-video-preview:-1"},"canonical":"https:\/\/www.immobilienbusiness.ch\/de\/unternehmen\/2023-01-17\/ubs-fonds-kaufen-in-reinach-lausen-und-bonaduz\/","og_locale":"de_DE","og_type":"article","og_title":"UBS-Fonds kaufen in Reinach, Lausen und Bonaduz - IMMOBILIEN Business","og_description":"Die Fonds \u00abSima\u00bb und \u00abAnfos\u00bb der UBS geben Zuk\u00e4ufe bekannt. Zwei der drei zugekauften Immobilien sind Neubauprojekte f\u00fcr Alterswohnsiedlungen, deren Mieterin und Betreiberin die Senevita AG ist.","og_url":"https:\/\/www.immobilienbusiness.ch\/de\/unternehmen\/2023-01-17\/ubs-fonds-kaufen-in-reinach-lausen-und-bonaduz\/","og_site_name":"IMMOBILIEN Business","article_publisher":"https:\/\/www.facebook.com\/immobilienbusiness\/","article_published_time":"2023-01-17T07:00:52+00:00","article_modified_time":"2023-01-19T08:10:09+00:00","og_image":[{"width":1200,"height":900,"url":"https:\/\/www.immobilienbusiness.ch\/wp-content\/uploads\/2023\/01\/UBS-Bonaduz-scaled.jpeg","type":"image\/jpeg"}],"author":"Alexander Wachter","twitter_card":"summary_large_image","schema":{"@context":"https:\/\/schema.org","@graph":[{"@type":"Article","@id":"https:\/\/www.immobilienbusiness.ch\/de\/unternehmen\/2023-01-17\/ubs-fonds-kaufen-in-reinach-lausen-und-bonaduz\/#article","isPartOf":{"@id":"https:\/\/www.immobilienbusiness.ch\/de\/unternehmen\/2023-01-17\/ubs-fonds-kaufen-in-reinach-lausen-und-bonaduz\/"},"author":{"name":"Alexander Wachter","@id":"https:\/\/www.immobilienbusiness.ch\/#\/schema\/person\/aba8bea2db926aa0c24c08c43fe1fcd5"},"headline":"UBS-Fonds kaufen in Reinach, Lausen und Bonaduz","datePublished":"2023-01-17T07:00:52+00:00","dateModified":"2023-01-19T08:10:09+00:00","mainEntityOfPage":{"@id":"https:\/\/www.immobilienbusiness.ch\/de\/unternehmen\/2023-01-17\/ubs-fonds-kaufen-in-reinach-lausen-und-bonaduz\/"},"wordCount":344,"publisher":{"@id":"https:\/\/www.immobilienbusiness.ch\/#organization"},"image":{"@id":"https:\/\/www.immobilienbusiness.ch\/de\/unternehmen\/2023-01-17\/ubs-fonds-kaufen-in-reinach-lausen-und-bonaduz\/#primaryimage"},"thumbnailUrl":"https:\/\/www.immobilienbusiness.ch\/wp-content\/uploads\/2023\/01\/UBS-Bonaduz-scaled.jpeg","keywords":["Alterswohnen","Immobilienfonds","Senevita","UBS","Zuk\u00e4ufe"],"articleSection":["UNTERNEHMEN"],"inLanguage":"de"},{"@type":"WebPage","@id":"https:\/\/www.immobilienbusiness.ch\/de\/unternehmen\/2023-01-17\/ubs-fonds-kaufen-in-reinach-lausen-und-bonaduz\/","url":"https:\/\/www.immobilienbusiness.ch\/de\/unternehmen\/2023-01-17\/ubs-fonds-kaufen-in-reinach-lausen-und-bonaduz\/","name":"UBS-Fonds kaufen in Reinach, Lausen und Bonaduz - IMMOBILIEN Business","isPartOf":{"@id":"https:\/\/www.immobilienbusiness.ch\/#website"},"primaryImageOfPage":{"@id":"https:\/\/www.immobilienbusiness.ch\/de\/unternehmen\/2023-01-17\/ubs-fonds-kaufen-in-reinach-lausen-und-bonaduz\/#primaryimage"},"image":{"@id":"https:\/\/www.immobilienbusiness.ch\/de\/unternehmen\/2023-01-17\/ubs-fonds-kaufen-in-reinach-lausen-und-bonaduz\/#primaryimage"},"thumbnailUrl":"https:\/\/www.immobilienbusiness.ch\/wp-content\/uploads\/2023\/01\/UBS-Bonaduz-scaled.jpeg","datePublished":"2023-01-17T07:00:52+00:00","dateModified":"2023-01-19T08:10:09+00:00","description":"Die Fonds \u00abSima\u00bb und \u00abAnfos\u00bb der UBS geben Zuk\u00e4ufe bekannt. Zwei der drei zugekauften Immobilien sind Neubauprojekte f\u00fcr Alterswohnsiedlungen, deren Mieterin und Betreiberin die Senevita AG ist.","breadcrumb":{"@id":"https:\/\/www.immobilienbusiness.ch\/de\/unternehmen\/2023-01-17\/ubs-fonds-kaufen-in-reinach-lausen-und-bonaduz\/#breadcrumb"},"inLanguage":"de","potentialAction":[{"@type":"ReadAction","target":["https:\/\/www.immobilienbusiness.ch\/de\/unternehmen\/2023-01-17\/ubs-fonds-kaufen-in-reinach-lausen-und-bonaduz\/"]}]},{"@type":"ImageObject","inLanguage":"de","@id":"https:\/\/www.immobilienbusiness.ch\/de\/unternehmen\/2023-01-17\/ubs-fonds-kaufen-in-reinach-lausen-und-bonaduz\/#primaryimage","url":"https:\/\/www.immobilienbusiness.ch\/wp-content\/uploads\/2023\/01\/UBS-Bonaduz-scaled.jpeg","contentUrl":"https:\/\/www.immobilienbusiness.ch\/wp-content\/uploads\/2023\/01\/UBS-Bonaduz-scaled.jpeg","width":1200,"height":900,"caption":"Die erste Immobilie des Fonds in Graub\u00fcnden machte sich in der Erfolgsrechnung bemerkbar (Bild: UBS)"},{"@type":"BreadcrumbList","@id":"https:\/\/www.immobilienbusiness.ch\/de\/unternehmen\/2023-01-17\/ubs-fonds-kaufen-in-reinach-lausen-und-bonaduz\/#breadcrumb","itemListElement":[{"@type":"ListItem","position":1,"name":"Home","item":"https:\/\/www.immobilienbusiness.ch\/"},{"@type":"ListItem","position":2,"name":"UBS-Fonds kaufen in Reinach, Lausen und Bonaduz"}]},{"@type":"WebSite","@id":"https:\/\/www.immobilienbusiness.ch\/#website","url":"https:\/\/www.immobilienbusiness.ch\/","name":"IMMOBILIEN Business","description":"Unabh\u00e4ngiges Schweizer Wirtschaftsmagazin mit Fokus auf Immobilien, Architektur- und Bau sowie Investment- und Finanzierung.","publisher":{"@id":"https:\/\/www.immobilienbusiness.ch\/#organization"},"potentialAction":[{"@type":"SearchAction","target":{"@type":"EntryPoint","urlTemplate":"https:\/\/www.immobilienbusiness.ch\/?s={search_term_string}"},"query-input":{"@type":"PropertyValueSpecification","valueRequired":true,"valueName":"search_term_string"}}],"inLanguage":"de"},{"@type":"Organization","@id":"https:\/\/www.immobilienbusiness.ch\/#organization","name":"IMMOBILIEN Business","url":"https:\/\/www.immobilienbusiness.ch\/","logo":{"@type":"ImageObject","inLanguage":"de","@id":"https:\/\/www.immobilienbusiness.ch\/#\/schema\/logo\/image\/","url":"https:\/\/www.immobilienbusiness.ch\/wp-content\/uploads\/2021\/07\/logo_ib.png","contentUrl":"https:\/\/www.immobilienbusiness.ch\/wp-content\/uploads\/2021\/07\/logo_ib.png","width":800,"height":181,"caption":"IMMOBILIEN Business"},"image":{"@id":"https:\/\/www.immobilienbusiness.ch\/#\/schema\/logo\/image\/"},"sameAs":["https:\/\/www.facebook.com\/immobilienbusiness\/"]},{"@type":"Person","@id":"https:\/\/www.immobilienbusiness.ch\/#\/schema\/person\/aba8bea2db926aa0c24c08c43fe1fcd5","name":"Alexander Wachter","image":{"@type":"ImageObject","inLanguage":"de","@id":"https:\/\/secure.gravatar.com\/avatar\/1a09e471f5389b0e0a6416eac287e0927c7c97a7b77f9e787eba3af7aee281dd?s=96&d=mm&r=g","url":"https:\/\/secure.gravatar.com\/avatar\/1a09e471f5389b0e0a6416eac287e0927c7c97a7b77f9e787eba3af7aee281dd?s=96&d=mm&r=g","contentUrl":"https:\/\/secure.gravatar.com\/avatar\/1a09e471f5389b0e0a6416eac287e0927c7c97a7b77f9e787eba3af7aee281dd?s=96&d=mm&r=g","caption":"Alexander Wachter"},"url":"https:\/\/www.immobilienbusiness.ch\/de\/author\/alexander-wachter\/"}]}},"_links":{"self":[{"href":"https:\/\/www.immobilienbusiness.ch\/de\/wp-json\/wp\/v2\/posts\/45442","targetHints":{"allow":["GET"]}}],"collection":[{"href":"https:\/\/www.immobilienbusiness.ch\/de\/wp-json\/wp\/v2\/posts"}],"about":[{"href":"https:\/\/www.immobilienbusiness.ch\/de\/wp-json\/wp\/v2\/types\/post"}],"author":[{"embeddable":true,"href":"https:\/\/www.immobilienbusiness.ch\/de\/wp-json\/wp\/v2\/users\/102"}],"replies":[{"embeddable":true,"href":"https:\/\/www.immobilienbusiness.ch\/de\/wp-json\/wp\/v2\/comments?post=45442"}],"version-history":[{"count":6,"href":"https:\/\/www.immobilienbusiness.ch\/de\/wp-json\/wp\/v2\/posts\/45442\/revisions"}],"predecessor-version":[{"id":45501,"href":"https:\/\/www.immobilienbusiness.ch\/de\/wp-json\/wp\/v2\/posts\/45442\/revisions\/45501"}],"wp:featuredmedia":[{"embeddable":true,"href":"https:\/\/www.immobilienbusiness.ch\/de\/wp-json\/wp\/v2\/media\/45443"}],"wp:attachment":[{"href":"https:\/\/www.immobilienbusiness.ch\/de\/wp-json\/wp\/v2\/media?parent=45442"}],"wp:term":[{"taxonomy":"category","embeddable":true,"href":"https:\/\/www.immobilienbusiness.ch\/de\/wp-json\/wp\/v2\/categories?post=45442"},{"taxonomy":"post_tag","embeddable":true,"href":"https:\/\/www.immobilienbusiness.ch\/de\/wp-json\/wp\/v2\/tags?post=45442"}],"curies":[{"name":"wp","href":"https:\/\/api.w.org\/{rel}","templated":true}]}}