{"id":45433,"date":"2023-01-16T07:22:15","date_gmt":"2023-01-16T06:22:15","guid":{"rendered":"https:\/\/www.immobilienbusiness.ch\/?p=45433"},"modified":"2023-01-18T20:37:49","modified_gmt":"2023-01-18T19:37:49","slug":"implenia-verkauft-deutsche-tochterfirma","status":"publish","type":"post","link":"https:\/\/www.immobilienbusiness.ch\/de\/unternehmen\/2023-01-16\/implenia-verkauft-deutsche-tochterfirma\/","title":{"rendered":"Implenia verkauft deutsche Tochterfirma"},"content":{"rendered":"<figure id=\"attachment_18411\" aria-describedby=\"caption-attachment-18411\" style=\"width: 1024px\" class=\"wp-caption alignnone\"><a href=\"https:\/\/www.immobilienbusiness.ch\/wp-content\/uploads\/2019\/09\/Implenia-Metertasche-1024x683-1.jpg\"><img loading=\"lazy\" decoding=\"async\" class=\"size-full wp-image-18411\" src=\"https:\/\/www.immobilienbusiness.ch\/wp-content\/uploads\/2019\/09\/Implenia-Metertasche-1024x683-1.jpg\" alt=\"\" width=\"1024\" height=\"683\" srcset=\"https:\/\/www.immobilienbusiness.ch\/wp-content\/uploads\/2019\/09\/Implenia-Metertasche-1024x683-1.jpg 1024w, https:\/\/www.immobilienbusiness.ch\/wp-content\/uploads\/2019\/09\/Implenia-Metertasche-1024x683-1-300x200.jpg 300w, https:\/\/www.immobilienbusiness.ch\/wp-content\/uploads\/2019\/09\/Implenia-Metertasche-1024x683-1-768x512.jpg 768w, https:\/\/www.immobilienbusiness.ch\/wp-content\/uploads\/2019\/09\/Implenia-Metertasche-1024x683-1-16x12.jpg 16w, https:\/\/www.immobilienbusiness.ch\/wp-content\/uploads\/2019\/09\/Implenia-Metertasche-1024x683-1-262x175.jpg 262w, https:\/\/www.immobilienbusiness.ch\/wp-content\/uploads\/2019\/09\/Implenia-Metertasche-1024x683-1-525x350.jpg 525w, https:\/\/www.immobilienbusiness.ch\/wp-content\/uploads\/2019\/09\/Implenia-Metertasche-1024x683-1-920x614.jpg 920w\" sizes=\"auto, (max-width: 1024px) 100vw, 1024px\" \/><\/a><figcaption id=\"caption-attachment-18411\" class=\"wp-caption-text\">Implenia verkauft eine deutsche Tochterfirma (Bild: Implenia)<\/figcaption><\/figure>\n<p>Implenia setzt die Fokussierung auf das Kernportfolio fort und trennt sich von einer Tochtergesellschaft, der Implenia Schalungsbau GmbH mit Sitz in Bobenheim-Roxheim (Rheinland-Pfalz). K\u00e4ufer ist die Peri Vertrieb Deutschland GmbH &amp; Co. KG, eine Tochtergesellschaft der Peri SE mit Sitz im bayerischen Weissenhorn. Das Unternehmen stellt Schalungs- und Ger\u00fcstsysteme her und ist international aktiv.<\/p>\n<p>Peri \u00fcbernimmt mit Wirkung zum 1. Januar 2023 alle 46 Mitarbeitenden der Implenia Schalungsbau. Das Unternehmen wird k\u00fcnftig unter der Firmierung Peri Schalungsbau GmbH als Tochtergesellschaft von Peri Deutschland gef\u00fchrt.<\/p>\n<p>Mit der \u00dcbernahme erg\u00e4nze man das Angebot in den Bereichen Engineering und Sonderschalungsbau und erweitere die angesichts der guten Auftragslage im Segment Infrastruktur und Bereich Hochbau ben\u00f6tigten Kapazit\u00e4ten, teilt Peri mit. \u00abWir haben in der Vergangenheit schon sehr gut zusammengearbeitet und sind froh \u00fcber die Verst\u00e4rkung\u00bb, so Stefan Schurwonn, kaufm\u00e4nnischer Leiter von Peri Deutschland.<\/p>\n<p>Implenia treibe mit dem Verkauf seine Asset-light-Strategie voran, teilt das Unternehmen mit. Die Gruppe konzentriert sich nach einer Reorganisation auf Bau- und Immobiliendienstleistungen in der Schweiz und in Deutschland sowie Tunnelbau und damit verbundene Infrastrukturprojekte in weiteren M\u00e4rkten. <em>(ah)<\/em><\/p>\n","protected":false},"excerpt":{"rendered":"<p>Neuer Eigent\u00fcmer der Implenia Schalungsbau GmbH ist Peri, ein international t\u00e4tiger Hersteller von Schalungs- und Ger\u00fcstsystemen.<\/p>\n","protected":false},"author":3,"featured_media":18874,"comment_status":"closed","ping_status":"closed","sticky":false,"template":"","format":"standard","meta":{"_acf_changed":false,"_yoast_wpseo_focuskw":"Implenia","_yoast_wpseo_title":"","_yoast_wpseo_metadesc":"Neuer Eigent\u00fcmer der Implenia Schalungsbau GmbH ist Peri, ein international t\u00e4tiger Hersteller von Schalungs- und Ger\u00fcstsystemen.","_yoast_wpseo_linkdex":46,"pgc_sgb_lightbox_settings":"","footnotes":""},"categories":[988],"tags":[1166,1359],"class_list":["post-45433","post","type-post","status-publish","format-standard","has-post-thumbnail","hentry","category-unternehmen","tag-deutschland","tag-implenia"],"acf":[],"yoast_head":"<!-- This site is optimized with the Yoast SEO plugin v27.5 - https:\/\/yoast.com\/product\/yoast-seo-wordpress\/ -->\n<title>Implenia verkauft deutsche Tochterfirma - IMMOBILIEN Business<\/title>\n<meta name=\"description\" content=\"Neuer Eigent\u00fcmer der Implenia Schalungsbau GmbH ist Peri, ein international t\u00e4tiger Hersteller von Schalungs- und Ger\u00fcstsystemen.\" \/>\n<meta name=\"robots\" content=\"index, follow, max-snippet:-1, max-image-preview:large, max-video-preview:-1\" \/>\n<link rel=\"canonical\" href=\"https:\/\/www.immobilienbusiness.ch\/de\/unternehmen\/2023-01-16\/implenia-verkauft-deutsche-tochterfirma\/\" \/>\n<meta property=\"og:locale\" content=\"de_DE\" \/>\n<meta property=\"og:type\" content=\"article\" \/>\n<meta property=\"og:title\" content=\"Implenia verkauft deutsche Tochterfirma - IMMOBILIEN Business\" \/>\n<meta property=\"og:description\" content=\"Neuer Eigent\u00fcmer der Implenia Schalungsbau GmbH ist Peri, ein international t\u00e4tiger Hersteller von Schalungs- und Ger\u00fcstsystemen.\" \/>\n<meta property=\"og:url\" content=\"https:\/\/www.immobilienbusiness.ch\/de\/unternehmen\/2023-01-16\/implenia-verkauft-deutsche-tochterfirma\/\" \/>\n<meta property=\"og:site_name\" content=\"IMMOBILIEN Business\" \/>\n<meta property=\"article:publisher\" content=\"https:\/\/www.facebook.com\/immobilienbusiness\/\" \/>\n<meta property=\"article:published_time\" content=\"2023-01-16T06:22:15+00:00\" \/>\n<meta property=\"article:modified_time\" content=\"2023-01-18T19:37:49+00:00\" \/>\n<meta property=\"og:image\" content=\"https:\/\/www.immobilienbusiness.ch\/wp-content\/uploads\/2019\/09\/Implenia-Metertasche-1024x683-1.jpg\" \/>\n\t<meta property=\"og:image:width\" content=\"1024\" \/>\n\t<meta property=\"og:image:height\" content=\"683\" \/>\n\t<meta property=\"og:image:type\" content=\"image\/jpeg\" \/>\n<meta name=\"author\" content=\"anja.hall\" \/>\n<meta name=\"twitter:card\" content=\"summary_large_image\" \/>\n<meta name=\"twitter:image\" content=\"https:\/\/www.immobilienbusiness.ch\/wp-content\/uploads\/2019\/10\/Implenia-Metertasche-1024x683-1.jpg\" \/>\n<script type=\"application\/ld+json\" class=\"yoast-schema-graph\">{\"@context\":\"https:\\\/\\\/schema.org\",\"@graph\":[{\"@type\":\"Article\",\"@id\":\"https:\\\/\\\/www.immobilienbusiness.ch\\\/de\\\/unternehmen\\\/2023-01-16\\\/implenia-verkauft-deutsche-tochterfirma\\\/#article\",\"isPartOf\":{\"@id\":\"https:\\\/\\\/www.immobilienbusiness.ch\\\/de\\\/unternehmen\\\/2023-01-16\\\/implenia-verkauft-deutsche-tochterfirma\\\/\"},\"author\":{\"name\":\"anja.hall\",\"@id\":\"https:\\\/\\\/www.immobilienbusiness.ch\\\/#\\\/schema\\\/person\\\/3fc036297b10b9f42d6db5ee932af8c8\"},\"headline\":\"Implenia verkauft deutsche Tochterfirma\",\"datePublished\":\"2023-01-16T06:22:15+00:00\",\"dateModified\":\"2023-01-18T19:37:49+00:00\",\"mainEntityOfPage\":{\"@id\":\"https:\\\/\\\/www.immobilienbusiness.ch\\\/de\\\/unternehmen\\\/2023-01-16\\\/implenia-verkauft-deutsche-tochterfirma\\\/\"},\"wordCount\":202,\"publisher\":{\"@id\":\"https:\\\/\\\/www.immobilienbusiness.ch\\\/#organization\"},\"image\":{\"@id\":\"https:\\\/\\\/www.immobilienbusiness.ch\\\/de\\\/unternehmen\\\/2023-01-16\\\/implenia-verkauft-deutsche-tochterfirma\\\/#primaryimage\"},\"thumbnailUrl\":\"https:\\\/\\\/www.immobilienbusiness.ch\\\/wp-content\\\/uploads\\\/2019\\\/10\\\/Implenia-Metertasche-1024x683-1.jpg\",\"keywords\":[\"Deutschland\",\"Implenia\"],\"articleSection\":[\"UNTERNEHMEN\"],\"inLanguage\":\"de\"},{\"@type\":\"WebPage\",\"@id\":\"https:\\\/\\\/www.immobilienbusiness.ch\\\/de\\\/unternehmen\\\/2023-01-16\\\/implenia-verkauft-deutsche-tochterfirma\\\/\",\"url\":\"https:\\\/\\\/www.immobilienbusiness.ch\\\/de\\\/unternehmen\\\/2023-01-16\\\/implenia-verkauft-deutsche-tochterfirma\\\/\",\"name\":\"Implenia verkauft deutsche Tochterfirma - IMMOBILIEN Business\",\"isPartOf\":{\"@id\":\"https:\\\/\\\/www.immobilienbusiness.ch\\\/#website\"},\"primaryImageOfPage\":{\"@id\":\"https:\\\/\\\/www.immobilienbusiness.ch\\\/de\\\/unternehmen\\\/2023-01-16\\\/implenia-verkauft-deutsche-tochterfirma\\\/#primaryimage\"},\"image\":{\"@id\":\"https:\\\/\\\/www.immobilienbusiness.ch\\\/de\\\/unternehmen\\\/2023-01-16\\\/implenia-verkauft-deutsche-tochterfirma\\\/#primaryimage\"},\"thumbnailUrl\":\"https:\\\/\\\/www.immobilienbusiness.ch\\\/wp-content\\\/uploads\\\/2019\\\/10\\\/Implenia-Metertasche-1024x683-1.jpg\",\"datePublished\":\"2023-01-16T06:22:15+00:00\",\"dateModified\":\"2023-01-18T19:37:49+00:00\",\"description\":\"Neuer Eigent\u00fcmer der Implenia Schalungsbau GmbH ist Peri, ein international t\u00e4tiger Hersteller von Schalungs- und Ger\u00fcstsystemen.\",\"breadcrumb\":{\"@id\":\"https:\\\/\\\/www.immobilienbusiness.ch\\\/de\\\/unternehmen\\\/2023-01-16\\\/implenia-verkauft-deutsche-tochterfirma\\\/#breadcrumb\"},\"inLanguage\":\"de\",\"potentialAction\":[{\"@type\":\"ReadAction\",\"target\":[\"https:\\\/\\\/www.immobilienbusiness.ch\\\/de\\\/unternehmen\\\/2023-01-16\\\/implenia-verkauft-deutsche-tochterfirma\\\/\"]}]},{\"@type\":\"ImageObject\",\"inLanguage\":\"de\",\"@id\":\"https:\\\/\\\/www.immobilienbusiness.ch\\\/de\\\/unternehmen\\\/2023-01-16\\\/implenia-verkauft-deutsche-tochterfirma\\\/#primaryimage\",\"url\":\"https:\\\/\\\/www.immobilienbusiness.ch\\\/wp-content\\\/uploads\\\/2019\\\/10\\\/Implenia-Metertasche-1024x683-1.jpg\",\"contentUrl\":\"https:\\\/\\\/www.immobilienbusiness.ch\\\/wp-content\\\/uploads\\\/2019\\\/10\\\/Implenia-Metertasche-1024x683-1.jpg\",\"width\":1024,\"height\":683},{\"@type\":\"BreadcrumbList\",\"@id\":\"https:\\\/\\\/www.immobilienbusiness.ch\\\/de\\\/unternehmen\\\/2023-01-16\\\/implenia-verkauft-deutsche-tochterfirma\\\/#breadcrumb\",\"itemListElement\":[{\"@type\":\"ListItem\",\"position\":1,\"name\":\"Home\",\"item\":\"https:\\\/\\\/www.immobilienbusiness.ch\\\/\"},{\"@type\":\"ListItem\",\"position\":2,\"name\":\"Implenia verkauft deutsche Tochterfirma\"}]},{\"@type\":\"WebSite\",\"@id\":\"https:\\\/\\\/www.immobilienbusiness.ch\\\/#website\",\"url\":\"https:\\\/\\\/www.immobilienbusiness.ch\\\/\",\"name\":\"IMMOBILIEN Business\",\"description\":\"Unabh\u00e4ngiges Schweizer Wirtschaftsmagazin mit Fokus auf Immobilien, Architektur- und Bau sowie Investment- und Finanzierung.\",\"publisher\":{\"@id\":\"https:\\\/\\\/www.immobilienbusiness.ch\\\/#organization\"},\"potentialAction\":[{\"@type\":\"SearchAction\",\"target\":{\"@type\":\"EntryPoint\",\"urlTemplate\":\"https:\\\/\\\/www.immobilienbusiness.ch\\\/?s={search_term_string}\"},\"query-input\":{\"@type\":\"PropertyValueSpecification\",\"valueRequired\":true,\"valueName\":\"search_term_string\"}}],\"inLanguage\":\"de\"},{\"@type\":\"Organization\",\"@id\":\"https:\\\/\\\/www.immobilienbusiness.ch\\\/#organization\",\"name\":\"IMMOBILIEN Business\",\"url\":\"https:\\\/\\\/www.immobilienbusiness.ch\\\/\",\"logo\":{\"@type\":\"ImageObject\",\"inLanguage\":\"de\",\"@id\":\"https:\\\/\\\/www.immobilienbusiness.ch\\\/#\\\/schema\\\/logo\\\/image\\\/\",\"url\":\"https:\\\/\\\/www.immobilienbusiness.ch\\\/wp-content\\\/uploads\\\/2021\\\/07\\\/logo_ib.png\",\"contentUrl\":\"https:\\\/\\\/www.immobilienbusiness.ch\\\/wp-content\\\/uploads\\\/2021\\\/07\\\/logo_ib.png\",\"width\":800,\"height\":181,\"caption\":\"IMMOBILIEN Business\"},\"image\":{\"@id\":\"https:\\\/\\\/www.immobilienbusiness.ch\\\/#\\\/schema\\\/logo\\\/image\\\/\"},\"sameAs\":[\"https:\\\/\\\/www.facebook.com\\\/immobilienbusiness\\\/\"]},{\"@type\":\"Person\",\"@id\":\"https:\\\/\\\/www.immobilienbusiness.ch\\\/#\\\/schema\\\/person\\\/3fc036297b10b9f42d6db5ee932af8c8\",\"name\":\"anja.hall\",\"image\":{\"@type\":\"ImageObject\",\"inLanguage\":\"de\",\"@id\":\"https:\\\/\\\/secure.gravatar.com\\\/avatar\\\/066b5a0d447013502c71a5782f4f3469f03cfe595cc2329fb94652fe47511bfb?s=96&d=mm&r=g\",\"url\":\"https:\\\/\\\/secure.gravatar.com\\\/avatar\\\/066b5a0d447013502c71a5782f4f3469f03cfe595cc2329fb94652fe47511bfb?s=96&d=mm&r=g\",\"contentUrl\":\"https:\\\/\\\/secure.gravatar.com\\\/avatar\\\/066b5a0d447013502c71a5782f4f3469f03cfe595cc2329fb94652fe47511bfb?s=96&d=mm&r=g\",\"caption\":\"anja.hall\"},\"url\":\"https:\\\/\\\/www.immobilienbusiness.ch\\\/de\\\/author\\\/anja-hall\\\/\"}]}<\/script>\n<!-- \/ Yoast SEO plugin. -->","yoast_head_json":{"title":"Implenia verkauft deutsche Tochterfirma - IMMOBILIEN Business","description":"Neuer Eigent\u00fcmer der Implenia Schalungsbau GmbH ist Peri, ein international t\u00e4tiger Hersteller von Schalungs- und Ger\u00fcstsystemen.","robots":{"index":"index","follow":"follow","max-snippet":"max-snippet:-1","max-image-preview":"max-image-preview:large","max-video-preview":"max-video-preview:-1"},"canonical":"https:\/\/www.immobilienbusiness.ch\/de\/unternehmen\/2023-01-16\/implenia-verkauft-deutsche-tochterfirma\/","og_locale":"de_DE","og_type":"article","og_title":"Implenia verkauft deutsche Tochterfirma - IMMOBILIEN Business","og_description":"Neuer Eigent\u00fcmer der Implenia Schalungsbau GmbH ist Peri, ein international t\u00e4tiger Hersteller von Schalungs- und Ger\u00fcstsystemen.","og_url":"https:\/\/www.immobilienbusiness.ch\/de\/unternehmen\/2023-01-16\/implenia-verkauft-deutsche-tochterfirma\/","og_site_name":"IMMOBILIEN Business","article_publisher":"https:\/\/www.facebook.com\/immobilienbusiness\/","article_published_time":"2023-01-16T06:22:15+00:00","article_modified_time":"2023-01-18T19:37:49+00:00","og_image":[{"width":1024,"height":683,"url":"https:\/\/www.immobilienbusiness.ch\/wp-content\/uploads\/2019\/09\/Implenia-Metertasche-1024x683-1.jpg","type":"image\/jpeg"}],"author":"anja.hall","twitter_card":"summary_large_image","twitter_image":"https:\/\/www.immobilienbusiness.ch\/wp-content\/uploads\/2019\/10\/Implenia-Metertasche-1024x683-1.jpg","schema":{"@context":"https:\/\/schema.org","@graph":[{"@type":"Article","@id":"https:\/\/www.immobilienbusiness.ch\/de\/unternehmen\/2023-01-16\/implenia-verkauft-deutsche-tochterfirma\/#article","isPartOf":{"@id":"https:\/\/www.immobilienbusiness.ch\/de\/unternehmen\/2023-01-16\/implenia-verkauft-deutsche-tochterfirma\/"},"author":{"name":"anja.hall","@id":"https:\/\/www.immobilienbusiness.ch\/#\/schema\/person\/3fc036297b10b9f42d6db5ee932af8c8"},"headline":"Implenia verkauft deutsche Tochterfirma","datePublished":"2023-01-16T06:22:15+00:00","dateModified":"2023-01-18T19:37:49+00:00","mainEntityOfPage":{"@id":"https:\/\/www.immobilienbusiness.ch\/de\/unternehmen\/2023-01-16\/implenia-verkauft-deutsche-tochterfirma\/"},"wordCount":202,"publisher":{"@id":"https:\/\/www.immobilienbusiness.ch\/#organization"},"image":{"@id":"https:\/\/www.immobilienbusiness.ch\/de\/unternehmen\/2023-01-16\/implenia-verkauft-deutsche-tochterfirma\/#primaryimage"},"thumbnailUrl":"https:\/\/www.immobilienbusiness.ch\/wp-content\/uploads\/2019\/10\/Implenia-Metertasche-1024x683-1.jpg","keywords":["Deutschland","Implenia"],"articleSection":["UNTERNEHMEN"],"inLanguage":"de"},{"@type":"WebPage","@id":"https:\/\/www.immobilienbusiness.ch\/de\/unternehmen\/2023-01-16\/implenia-verkauft-deutsche-tochterfirma\/","url":"https:\/\/www.immobilienbusiness.ch\/de\/unternehmen\/2023-01-16\/implenia-verkauft-deutsche-tochterfirma\/","name":"Implenia verkauft deutsche Tochterfirma - IMMOBILIEN Business","isPartOf":{"@id":"https:\/\/www.immobilienbusiness.ch\/#website"},"primaryImageOfPage":{"@id":"https:\/\/www.immobilienbusiness.ch\/de\/unternehmen\/2023-01-16\/implenia-verkauft-deutsche-tochterfirma\/#primaryimage"},"image":{"@id":"https:\/\/www.immobilienbusiness.ch\/de\/unternehmen\/2023-01-16\/implenia-verkauft-deutsche-tochterfirma\/#primaryimage"},"thumbnailUrl":"https:\/\/www.immobilienbusiness.ch\/wp-content\/uploads\/2019\/10\/Implenia-Metertasche-1024x683-1.jpg","datePublished":"2023-01-16T06:22:15+00:00","dateModified":"2023-01-18T19:37:49+00:00","description":"Neuer Eigent\u00fcmer der Implenia Schalungsbau GmbH ist Peri, ein international t\u00e4tiger Hersteller von Schalungs- und Ger\u00fcstsystemen.","breadcrumb":{"@id":"https:\/\/www.immobilienbusiness.ch\/de\/unternehmen\/2023-01-16\/implenia-verkauft-deutsche-tochterfirma\/#breadcrumb"},"inLanguage":"de","potentialAction":[{"@type":"ReadAction","target":["https:\/\/www.immobilienbusiness.ch\/de\/unternehmen\/2023-01-16\/implenia-verkauft-deutsche-tochterfirma\/"]}]},{"@type":"ImageObject","inLanguage":"de","@id":"https:\/\/www.immobilienbusiness.ch\/de\/unternehmen\/2023-01-16\/implenia-verkauft-deutsche-tochterfirma\/#primaryimage","url":"https:\/\/www.immobilienbusiness.ch\/wp-content\/uploads\/2019\/10\/Implenia-Metertasche-1024x683-1.jpg","contentUrl":"https:\/\/www.immobilienbusiness.ch\/wp-content\/uploads\/2019\/10\/Implenia-Metertasche-1024x683-1.jpg","width":1024,"height":683},{"@type":"BreadcrumbList","@id":"https:\/\/www.immobilienbusiness.ch\/de\/unternehmen\/2023-01-16\/implenia-verkauft-deutsche-tochterfirma\/#breadcrumb","itemListElement":[{"@type":"ListItem","position":1,"name":"Home","item":"https:\/\/www.immobilienbusiness.ch\/"},{"@type":"ListItem","position":2,"name":"Implenia verkauft deutsche Tochterfirma"}]},{"@type":"WebSite","@id":"https:\/\/www.immobilienbusiness.ch\/#website","url":"https:\/\/www.immobilienbusiness.ch\/","name":"IMMOBILIEN Business","description":"Unabh\u00e4ngiges Schweizer Wirtschaftsmagazin mit Fokus auf Immobilien, Architektur- und Bau sowie Investment- und Finanzierung.","publisher":{"@id":"https:\/\/www.immobilienbusiness.ch\/#organization"},"potentialAction":[{"@type":"SearchAction","target":{"@type":"EntryPoint","urlTemplate":"https:\/\/www.immobilienbusiness.ch\/?s={search_term_string}"},"query-input":{"@type":"PropertyValueSpecification","valueRequired":true,"valueName":"search_term_string"}}],"inLanguage":"de"},{"@type":"Organization","@id":"https:\/\/www.immobilienbusiness.ch\/#organization","name":"IMMOBILIEN Business","url":"https:\/\/www.immobilienbusiness.ch\/","logo":{"@type":"ImageObject","inLanguage":"de","@id":"https:\/\/www.immobilienbusiness.ch\/#\/schema\/logo\/image\/","url":"https:\/\/www.immobilienbusiness.ch\/wp-content\/uploads\/2021\/07\/logo_ib.png","contentUrl":"https:\/\/www.immobilienbusiness.ch\/wp-content\/uploads\/2021\/07\/logo_ib.png","width":800,"height":181,"caption":"IMMOBILIEN Business"},"image":{"@id":"https:\/\/www.immobilienbusiness.ch\/#\/schema\/logo\/image\/"},"sameAs":["https:\/\/www.facebook.com\/immobilienbusiness\/"]},{"@type":"Person","@id":"https:\/\/www.immobilienbusiness.ch\/#\/schema\/person\/3fc036297b10b9f42d6db5ee932af8c8","name":"anja.hall","image":{"@type":"ImageObject","inLanguage":"de","@id":"https:\/\/secure.gravatar.com\/avatar\/066b5a0d447013502c71a5782f4f3469f03cfe595cc2329fb94652fe47511bfb?s=96&d=mm&r=g","url":"https:\/\/secure.gravatar.com\/avatar\/066b5a0d447013502c71a5782f4f3469f03cfe595cc2329fb94652fe47511bfb?s=96&d=mm&r=g","contentUrl":"https:\/\/secure.gravatar.com\/avatar\/066b5a0d447013502c71a5782f4f3469f03cfe595cc2329fb94652fe47511bfb?s=96&d=mm&r=g","caption":"anja.hall"},"url":"https:\/\/www.immobilienbusiness.ch\/de\/author\/anja-hall\/"}]}},"_links":{"self":[{"href":"https:\/\/www.immobilienbusiness.ch\/de\/wp-json\/wp\/v2\/posts\/45433","targetHints":{"allow":["GET"]}}],"collection":[{"href":"https:\/\/www.immobilienbusiness.ch\/de\/wp-json\/wp\/v2\/posts"}],"about":[{"href":"https:\/\/www.immobilienbusiness.ch\/de\/wp-json\/wp\/v2\/types\/post"}],"author":[{"embeddable":true,"href":"https:\/\/www.immobilienbusiness.ch\/de\/wp-json\/wp\/v2\/users\/3"}],"replies":[{"embeddable":true,"href":"https:\/\/www.immobilienbusiness.ch\/de\/wp-json\/wp\/v2\/comments?post=45433"}],"version-history":[{"count":1,"href":"https:\/\/www.immobilienbusiness.ch\/de\/wp-json\/wp\/v2\/posts\/45433\/revisions"}],"predecessor-version":[{"id":45434,"href":"https:\/\/www.immobilienbusiness.ch\/de\/wp-json\/wp\/v2\/posts\/45433\/revisions\/45434"}],"wp:featuredmedia":[{"embeddable":true,"href":"https:\/\/www.immobilienbusiness.ch\/de\/wp-json\/wp\/v2\/media\/18874"}],"wp:attachment":[{"href":"https:\/\/www.immobilienbusiness.ch\/de\/wp-json\/wp\/v2\/media?parent=45433"}],"wp:term":[{"taxonomy":"category","embeddable":true,"href":"https:\/\/www.immobilienbusiness.ch\/de\/wp-json\/wp\/v2\/categories?post=45433"},{"taxonomy":"post_tag","embeddable":true,"href":"https:\/\/www.immobilienbusiness.ch\/de\/wp-json\/wp\/v2\/tags?post=45433"}],"curies":[{"name":"wp","href":"https:\/\/api.w.org\/{rel}","templated":true}]}}