{"id":45362,"date":"2023-01-10T06:00:03","date_gmt":"2023-01-10T05:00:03","guid":{"rendered":"https:\/\/www.immobilienbusiness.ch\/?p=45362"},"modified":"2023-01-12T09:29:13","modified_gmt":"2023-01-12T08:29:13","slug":"pom-beruft-johannes-gantner-in-die-geschaeftsleitung","status":"publish","type":"post","link":"https:\/\/www.immobilienbusiness.ch\/de\/personalia\/2023-01-10\/pom-beruft-johannes-gantner-in-die-geschaeftsleitung\/","title":{"rendered":"Pom+ beruft Johannes Gantner in die Gesch\u00e4ftsleitung"},"content":{"rendered":"<figure id=\"attachment_45363\" aria-describedby=\"caption-attachment-45363\" style=\"width: 1400px\" class=\"wp-caption alignnone\"><a href=\"https:\/\/www.immobilienbusiness.ch\/wp-content\/uploads\/2023\/01\/Gantner_Johannes-scaled.jpg\"><img loading=\"lazy\" decoding=\"async\" class=\"size-full wp-image-45363\" src=\"https:\/\/www.immobilienbusiness.ch\/wp-content\/uploads\/2023\/01\/Gantner_Johannes-scaled.jpg\" alt=\"\" width=\"1400\" height=\"934\" srcset=\"https:\/\/www.immobilienbusiness.ch\/wp-content\/uploads\/2023\/01\/Gantner_Johannes-scaled.jpg 1200w, https:\/\/www.immobilienbusiness.ch\/wp-content\/uploads\/2023\/01\/Gantner_Johannes-300x200.jpg 300w, https:\/\/www.immobilienbusiness.ch\/wp-content\/uploads\/2023\/01\/Gantner_Johannes-1024x683.jpg 1024w, https:\/\/www.immobilienbusiness.ch\/wp-content\/uploads\/2023\/01\/Gantner_Johannes-768x512.jpg 768w, https:\/\/www.immobilienbusiness.ch\/wp-content\/uploads\/2023\/01\/Gantner_Johannes-1536x1024.jpg 1536w, https:\/\/www.immobilienbusiness.ch\/wp-content\/uploads\/2023\/01\/Gantner_Johannes-18x12.jpg 18w, https:\/\/www.immobilienbusiness.ch\/wp-content\/uploads\/2023\/01\/Gantner_Johannes-375x250.jpg 375w, https:\/\/www.immobilienbusiness.ch\/wp-content\/uploads\/2023\/01\/Gantner_Johannes-525x350.jpg 525w, https:\/\/www.immobilienbusiness.ch\/wp-content\/uploads\/2023\/01\/Gantner_Johannes-1000x667.jpg 1000w\" sizes=\"auto, (max-width: 1400px) 100vw, 1400px\" \/><\/a><figcaption id=\"caption-attachment-45363\" class=\"wp-caption-text\">Johannes Gantner (Bild: Pom+)<\/figcaption><\/figure>\n<p>In seiner bisherigen T\u00e4tigkeit als Head of Service Unit Sustainability hat Gantner seit 2019 das Beratungsangebot im Bereich Nachhaltigkeit verantwortet. \u00abDie immer strengeren Regulierungen und gesellschaftlichen Ver\u00e4nderungen fordern den Immobiliensektor, innovative L\u00f6sungen und Ans\u00e4tze zu etablieren, die dabei helfen, den \u00f6kologischen Fussabdruck finanziell rentabel zu reduzieren\u00bb, sagt Managing Partner Giuseppe Bilotta. Mit Gantners Ernennung werde die Thematik nun auch in der strategischen Unternehmungsf\u00fchrung verankert.<\/p>\n<p>Gantner ist seit 2018 bei Pom+ t\u00e4tig und \u00fcbernahm ein knappes Jahr nach seinem Eintritt die F\u00fchrung des Nachhaltigkeitsteams. Nach seinem Architekturstudium schloss er einen Master of Science in nachhaltiger Energiewirtschaft und Energietechnik an der Hochschule f\u00fcr Technik Stuttgart ab und promovierte anschliessend an der Universit\u00e4t Stuttgart in Bau- und Umweltwissenschaften.<\/p>\n<p>Pom+ erbringt Dienstleistungen f\u00fcr Immobilien, Infrastrukturen, Unternehmen und Organisationen aus den Bereichen Bau-, Facility-, Property-, Portfolio- und Asset-Management. \u00dcber 100 Personen arbeiten f\u00fcr das Unternehmen. <i>(aw)<\/i><\/p>\n","protected":false},"excerpt":{"rendered":"<p>Das Immobilien-Beratungsunternehmen Pom+ Consulting erweitert die Unternehmensf\u00fchrung. Seit Jahresbeginn ist Johannes Gantner Partner und Mitglied der Gesch\u00e4ftsleitung.<\/p>\n","protected":false},"author":102,"featured_media":45363,"comment_status":"closed","ping_status":"closed","sticky":false,"template":"","format":"standard","meta":{"_acf_changed":false,"_yoast_wpseo_focuskw":"Gantner","_yoast_wpseo_title":"","_yoast_wpseo_metadesc":"Das Immobilien-Beratungsunternehmen Pom+ Consulting AG erweitert die Unternehmensf\u00fchrung. Seit Jahresbeginn ist Johannes Gantner Partner und Mitglied der Gesch\u00e4ftsleitung.","_yoast_wpseo_linkdex":56,"pgc_sgb_lightbox_settings":"","footnotes":""},"categories":[1912],"tags":[2003,1515,1580],"class_list":["post-45362","post","type-post","status-publish","format-standard","has-post-thumbnail","hentry","category-personalia","tag-beratungsunternehmen","tag-nachhaltigkeit","tag-pom"],"acf":[],"yoast_head":"<!-- This site is optimized with the Yoast SEO plugin v27.4 - https:\/\/yoast.com\/product\/yoast-seo-wordpress\/ -->\n<title>Pom+ beruft Johannes Gantner in die Gesch\u00e4ftsleitung - IMMOBILIEN Business<\/title>\n<meta name=\"description\" content=\"Das Immobilien-Beratungsunternehmen Pom+ Consulting AG erweitert die Unternehmensf\u00fchrung. Seit Jahresbeginn ist Johannes Gantner Partner und Mitglied der Gesch\u00e4ftsleitung.\" \/>\n<meta name=\"robots\" content=\"index, follow, max-snippet:-1, max-image-preview:large, max-video-preview:-1\" \/>\n<link rel=\"canonical\" href=\"https:\/\/www.immobilienbusiness.ch\/de\/personalia\/2023-01-10\/pom-beruft-johannes-gantner-in-die-geschaeftsleitung\/\" \/>\n<meta property=\"og:locale\" content=\"de_DE\" \/>\n<meta property=\"og:type\" content=\"article\" \/>\n<meta property=\"og:title\" content=\"Pom+ beruft Johannes Gantner in die Gesch\u00e4ftsleitung - IMMOBILIEN Business\" \/>\n<meta property=\"og:description\" content=\"Das Immobilien-Beratungsunternehmen Pom+ Consulting AG erweitert die Unternehmensf\u00fchrung. Seit Jahresbeginn ist Johannes Gantner Partner und Mitglied der Gesch\u00e4ftsleitung.\" \/>\n<meta property=\"og:url\" content=\"https:\/\/www.immobilienbusiness.ch\/de\/personalia\/2023-01-10\/pom-beruft-johannes-gantner-in-die-geschaeftsleitung\/\" \/>\n<meta property=\"og:site_name\" content=\"IMMOBILIEN Business\" \/>\n<meta property=\"article:publisher\" content=\"https:\/\/www.facebook.com\/immobilienbusiness\/\" \/>\n<meta property=\"article:published_time\" content=\"2023-01-10T05:00:03+00:00\" \/>\n<meta property=\"article:modified_time\" content=\"2023-01-12T08:29:13+00:00\" \/>\n<meta property=\"og:image\" content=\"https:\/\/www.immobilienbusiness.ch\/wp-content\/uploads\/2023\/01\/Gantner_Johannes-scaled.jpg\" \/>\n\t<meta property=\"og:image:width\" content=\"1200\" \/>\n\t<meta property=\"og:image:height\" content=\"801\" \/>\n\t<meta property=\"og:image:type\" content=\"image\/jpeg\" \/>\n<meta name=\"author\" content=\"Alexander Wachter\" \/>\n<meta name=\"twitter:card\" content=\"summary_large_image\" \/>\n<script type=\"application\/ld+json\" class=\"yoast-schema-graph\">{\"@context\":\"https:\\\/\\\/schema.org\",\"@graph\":[{\"@type\":\"Article\",\"@id\":\"https:\\\/\\\/www.immobilienbusiness.ch\\\/it\\\/personalia\\\/2023-01-10\\\/pom-beruft-johannes-gantner-in-die-geschaeftsleitung\\\/#article\",\"isPartOf\":{\"@id\":\"https:\\\/\\\/www.immobilienbusiness.ch\\\/it\\\/personalia\\\/2023-01-10\\\/pom-beruft-johannes-gantner-in-die-geschaeftsleitung\\\/\"},\"author\":{\"name\":\"Alexander Wachter\",\"@id\":\"https:\\\/\\\/www.immobilienbusiness.ch\\\/#\\\/schema\\\/person\\\/aba8bea2db926aa0c24c08c43fe1fcd5\"},\"headline\":\"Pom+ beruft Johannes Gantner in die Gesch\u00e4ftsleitung\",\"datePublished\":\"2023-01-10T05:00:03+00:00\",\"dateModified\":\"2023-01-12T08:29:13+00:00\",\"mainEntityOfPage\":{\"@id\":\"https:\\\/\\\/www.immobilienbusiness.ch\\\/it\\\/personalia\\\/2023-01-10\\\/pom-beruft-johannes-gantner-in-die-geschaeftsleitung\\\/\"},\"wordCount\":168,\"publisher\":{\"@id\":\"https:\\\/\\\/www.immobilienbusiness.ch\\\/#organization\"},\"image\":{\"@id\":\"https:\\\/\\\/www.immobilienbusiness.ch\\\/it\\\/personalia\\\/2023-01-10\\\/pom-beruft-johannes-gantner-in-die-geschaeftsleitung\\\/#primaryimage\"},\"thumbnailUrl\":\"https:\\\/\\\/www.immobilienbusiness.ch\\\/wp-content\\\/uploads\\\/2023\\\/01\\\/Gantner_Johannes-scaled.jpg\",\"keywords\":[\"Beratungsunternehmen\",\"Nachhaltigkeit\",\"pom+\"],\"articleSection\":[\"PERSONALIA\"],\"inLanguage\":\"de\"},{\"@type\":\"WebPage\",\"@id\":\"https:\\\/\\\/www.immobilienbusiness.ch\\\/it\\\/personalia\\\/2023-01-10\\\/pom-beruft-johannes-gantner-in-die-geschaeftsleitung\\\/\",\"url\":\"https:\\\/\\\/www.immobilienbusiness.ch\\\/it\\\/personalia\\\/2023-01-10\\\/pom-beruft-johannes-gantner-in-die-geschaeftsleitung\\\/\",\"name\":\"Pom+ beruft Johannes Gantner in die Gesch\u00e4ftsleitung - IMMOBILIEN Business\",\"isPartOf\":{\"@id\":\"https:\\\/\\\/www.immobilienbusiness.ch\\\/#website\"},\"primaryImageOfPage\":{\"@id\":\"https:\\\/\\\/www.immobilienbusiness.ch\\\/it\\\/personalia\\\/2023-01-10\\\/pom-beruft-johannes-gantner-in-die-geschaeftsleitung\\\/#primaryimage\"},\"image\":{\"@id\":\"https:\\\/\\\/www.immobilienbusiness.ch\\\/it\\\/personalia\\\/2023-01-10\\\/pom-beruft-johannes-gantner-in-die-geschaeftsleitung\\\/#primaryimage\"},\"thumbnailUrl\":\"https:\\\/\\\/www.immobilienbusiness.ch\\\/wp-content\\\/uploads\\\/2023\\\/01\\\/Gantner_Johannes-scaled.jpg\",\"datePublished\":\"2023-01-10T05:00:03+00:00\",\"dateModified\":\"2023-01-12T08:29:13+00:00\",\"description\":\"Das Immobilien-Beratungsunternehmen Pom+ Consulting AG erweitert die Unternehmensf\u00fchrung. Seit Jahresbeginn ist Johannes Gantner Partner und Mitglied der Gesch\u00e4ftsleitung.\",\"breadcrumb\":{\"@id\":\"https:\\\/\\\/www.immobilienbusiness.ch\\\/it\\\/personalia\\\/2023-01-10\\\/pom-beruft-johannes-gantner-in-die-geschaeftsleitung\\\/#breadcrumb\"},\"inLanguage\":\"de\",\"potentialAction\":[{\"@type\":\"ReadAction\",\"target\":[\"https:\\\/\\\/www.immobilienbusiness.ch\\\/it\\\/personalia\\\/2023-01-10\\\/pom-beruft-johannes-gantner-in-die-geschaeftsleitung\\\/\"]}]},{\"@type\":\"ImageObject\",\"inLanguage\":\"de\",\"@id\":\"https:\\\/\\\/www.immobilienbusiness.ch\\\/it\\\/personalia\\\/2023-01-10\\\/pom-beruft-johannes-gantner-in-die-geschaeftsleitung\\\/#primaryimage\",\"url\":\"https:\\\/\\\/www.immobilienbusiness.ch\\\/wp-content\\\/uploads\\\/2023\\\/01\\\/Gantner_Johannes-scaled.jpg\",\"contentUrl\":\"https:\\\/\\\/www.immobilienbusiness.ch\\\/wp-content\\\/uploads\\\/2023\\\/01\\\/Gantner_Johannes-scaled.jpg\",\"width\":1200,\"height\":801,\"caption\":\"Johannes Gantner (Bild: Pom+)\"},{\"@type\":\"BreadcrumbList\",\"@id\":\"https:\\\/\\\/www.immobilienbusiness.ch\\\/it\\\/personalia\\\/2023-01-10\\\/pom-beruft-johannes-gantner-in-die-geschaeftsleitung\\\/#breadcrumb\",\"itemListElement\":[{\"@type\":\"ListItem\",\"position\":1,\"name\":\"Home\",\"item\":\"https:\\\/\\\/www.immobilienbusiness.ch\\\/\"},{\"@type\":\"ListItem\",\"position\":2,\"name\":\"Pom+ beruft Johannes Gantner in die Gesch\u00e4ftsleitung\"}]},{\"@type\":\"WebSite\",\"@id\":\"https:\\\/\\\/www.immobilienbusiness.ch\\\/#website\",\"url\":\"https:\\\/\\\/www.immobilienbusiness.ch\\\/\",\"name\":\"IMMOBILIEN Business\",\"description\":\"Unabh\u00e4ngiges Schweizer Wirtschaftsmagazin mit Fokus auf Immobilien, Architektur- und Bau sowie Investment- und Finanzierung.\",\"publisher\":{\"@id\":\"https:\\\/\\\/www.immobilienbusiness.ch\\\/#organization\"},\"potentialAction\":[{\"@type\":\"SearchAction\",\"target\":{\"@type\":\"EntryPoint\",\"urlTemplate\":\"https:\\\/\\\/www.immobilienbusiness.ch\\\/?s={search_term_string}\"},\"query-input\":{\"@type\":\"PropertyValueSpecification\",\"valueRequired\":true,\"valueName\":\"search_term_string\"}}],\"inLanguage\":\"de\"},{\"@type\":\"Organization\",\"@id\":\"https:\\\/\\\/www.immobilienbusiness.ch\\\/#organization\",\"name\":\"IMMOBILIEN Business\",\"url\":\"https:\\\/\\\/www.immobilienbusiness.ch\\\/\",\"logo\":{\"@type\":\"ImageObject\",\"inLanguage\":\"de\",\"@id\":\"https:\\\/\\\/www.immobilienbusiness.ch\\\/#\\\/schema\\\/logo\\\/image\\\/\",\"url\":\"https:\\\/\\\/www.immobilienbusiness.ch\\\/wp-content\\\/uploads\\\/2021\\\/07\\\/logo_ib.png\",\"contentUrl\":\"https:\\\/\\\/www.immobilienbusiness.ch\\\/wp-content\\\/uploads\\\/2021\\\/07\\\/logo_ib.png\",\"width\":800,\"height\":181,\"caption\":\"IMMOBILIEN Business\"},\"image\":{\"@id\":\"https:\\\/\\\/www.immobilienbusiness.ch\\\/#\\\/schema\\\/logo\\\/image\\\/\"},\"sameAs\":[\"https:\\\/\\\/www.facebook.com\\\/immobilienbusiness\\\/\"]},{\"@type\":\"Person\",\"@id\":\"https:\\\/\\\/www.immobilienbusiness.ch\\\/#\\\/schema\\\/person\\\/aba8bea2db926aa0c24c08c43fe1fcd5\",\"name\":\"Alexander Wachter\",\"image\":{\"@type\":\"ImageObject\",\"inLanguage\":\"de\",\"@id\":\"https:\\\/\\\/secure.gravatar.com\\\/avatar\\\/1a09e471f5389b0e0a6416eac287e0927c7c97a7b77f9e787eba3af7aee281dd?s=96&d=mm&r=g\",\"url\":\"https:\\\/\\\/secure.gravatar.com\\\/avatar\\\/1a09e471f5389b0e0a6416eac287e0927c7c97a7b77f9e787eba3af7aee281dd?s=96&d=mm&r=g\",\"contentUrl\":\"https:\\\/\\\/secure.gravatar.com\\\/avatar\\\/1a09e471f5389b0e0a6416eac287e0927c7c97a7b77f9e787eba3af7aee281dd?s=96&d=mm&r=g\",\"caption\":\"Alexander Wachter\"},\"url\":\"https:\\\/\\\/www.immobilienbusiness.ch\\\/de\\\/author\\\/alexander-wachter\\\/\"}]}<\/script>\n<!-- \/ Yoast SEO plugin. -->","yoast_head_json":{"title":"Pom+ beruft Johannes Gantner in die Gesch\u00e4ftsleitung - IMMOBILIEN Business","description":"Das Immobilien-Beratungsunternehmen Pom+ Consulting AG erweitert die Unternehmensf\u00fchrung. Seit Jahresbeginn ist Johannes Gantner Partner und Mitglied der Gesch\u00e4ftsleitung.","robots":{"index":"index","follow":"follow","max-snippet":"max-snippet:-1","max-image-preview":"max-image-preview:large","max-video-preview":"max-video-preview:-1"},"canonical":"https:\/\/www.immobilienbusiness.ch\/de\/personalia\/2023-01-10\/pom-beruft-johannes-gantner-in-die-geschaeftsleitung\/","og_locale":"de_DE","og_type":"article","og_title":"Pom+ beruft Johannes Gantner in die Gesch\u00e4ftsleitung - IMMOBILIEN Business","og_description":"Das Immobilien-Beratungsunternehmen Pom+ Consulting AG erweitert die Unternehmensf\u00fchrung. Seit Jahresbeginn ist Johannes Gantner Partner und Mitglied der Gesch\u00e4ftsleitung.","og_url":"https:\/\/www.immobilienbusiness.ch\/de\/personalia\/2023-01-10\/pom-beruft-johannes-gantner-in-die-geschaeftsleitung\/","og_site_name":"IMMOBILIEN Business","article_publisher":"https:\/\/www.facebook.com\/immobilienbusiness\/","article_published_time":"2023-01-10T05:00:03+00:00","article_modified_time":"2023-01-12T08:29:13+00:00","og_image":[{"width":1200,"height":801,"url":"https:\/\/www.immobilienbusiness.ch\/wp-content\/uploads\/2023\/01\/Gantner_Johannes-scaled.jpg","type":"image\/jpeg"}],"author":"Alexander Wachter","twitter_card":"summary_large_image","schema":{"@context":"https:\/\/schema.org","@graph":[{"@type":"Article","@id":"https:\/\/www.immobilienbusiness.ch\/it\/personalia\/2023-01-10\/pom-beruft-johannes-gantner-in-die-geschaeftsleitung\/#article","isPartOf":{"@id":"https:\/\/www.immobilienbusiness.ch\/it\/personalia\/2023-01-10\/pom-beruft-johannes-gantner-in-die-geschaeftsleitung\/"},"author":{"name":"Alexander Wachter","@id":"https:\/\/www.immobilienbusiness.ch\/#\/schema\/person\/aba8bea2db926aa0c24c08c43fe1fcd5"},"headline":"Pom+ beruft Johannes Gantner in die Gesch\u00e4ftsleitung","datePublished":"2023-01-10T05:00:03+00:00","dateModified":"2023-01-12T08:29:13+00:00","mainEntityOfPage":{"@id":"https:\/\/www.immobilienbusiness.ch\/it\/personalia\/2023-01-10\/pom-beruft-johannes-gantner-in-die-geschaeftsleitung\/"},"wordCount":168,"publisher":{"@id":"https:\/\/www.immobilienbusiness.ch\/#organization"},"image":{"@id":"https:\/\/www.immobilienbusiness.ch\/it\/personalia\/2023-01-10\/pom-beruft-johannes-gantner-in-die-geschaeftsleitung\/#primaryimage"},"thumbnailUrl":"https:\/\/www.immobilienbusiness.ch\/wp-content\/uploads\/2023\/01\/Gantner_Johannes-scaled.jpg","keywords":["Beratungsunternehmen","Nachhaltigkeit","pom+"],"articleSection":["PERSONALIA"],"inLanguage":"de"},{"@type":"WebPage","@id":"https:\/\/www.immobilienbusiness.ch\/it\/personalia\/2023-01-10\/pom-beruft-johannes-gantner-in-die-geschaeftsleitung\/","url":"https:\/\/www.immobilienbusiness.ch\/it\/personalia\/2023-01-10\/pom-beruft-johannes-gantner-in-die-geschaeftsleitung\/","name":"Pom+ beruft Johannes Gantner in die Gesch\u00e4ftsleitung - IMMOBILIEN Business","isPartOf":{"@id":"https:\/\/www.immobilienbusiness.ch\/#website"},"primaryImageOfPage":{"@id":"https:\/\/www.immobilienbusiness.ch\/it\/personalia\/2023-01-10\/pom-beruft-johannes-gantner-in-die-geschaeftsleitung\/#primaryimage"},"image":{"@id":"https:\/\/www.immobilienbusiness.ch\/it\/personalia\/2023-01-10\/pom-beruft-johannes-gantner-in-die-geschaeftsleitung\/#primaryimage"},"thumbnailUrl":"https:\/\/www.immobilienbusiness.ch\/wp-content\/uploads\/2023\/01\/Gantner_Johannes-scaled.jpg","datePublished":"2023-01-10T05:00:03+00:00","dateModified":"2023-01-12T08:29:13+00:00","description":"Das Immobilien-Beratungsunternehmen Pom+ Consulting AG erweitert die Unternehmensf\u00fchrung. Seit Jahresbeginn ist Johannes Gantner Partner und Mitglied der Gesch\u00e4ftsleitung.","breadcrumb":{"@id":"https:\/\/www.immobilienbusiness.ch\/it\/personalia\/2023-01-10\/pom-beruft-johannes-gantner-in-die-geschaeftsleitung\/#breadcrumb"},"inLanguage":"de","potentialAction":[{"@type":"ReadAction","target":["https:\/\/www.immobilienbusiness.ch\/it\/personalia\/2023-01-10\/pom-beruft-johannes-gantner-in-die-geschaeftsleitung\/"]}]},{"@type":"ImageObject","inLanguage":"de","@id":"https:\/\/www.immobilienbusiness.ch\/it\/personalia\/2023-01-10\/pom-beruft-johannes-gantner-in-die-geschaeftsleitung\/#primaryimage","url":"https:\/\/www.immobilienbusiness.ch\/wp-content\/uploads\/2023\/01\/Gantner_Johannes-scaled.jpg","contentUrl":"https:\/\/www.immobilienbusiness.ch\/wp-content\/uploads\/2023\/01\/Gantner_Johannes-scaled.jpg","width":1200,"height":801,"caption":"Johannes Gantner (Bild: Pom+)"},{"@type":"BreadcrumbList","@id":"https:\/\/www.immobilienbusiness.ch\/it\/personalia\/2023-01-10\/pom-beruft-johannes-gantner-in-die-geschaeftsleitung\/#breadcrumb","itemListElement":[{"@type":"ListItem","position":1,"name":"Home","item":"https:\/\/www.immobilienbusiness.ch\/"},{"@type":"ListItem","position":2,"name":"Pom+ beruft Johannes Gantner in die Gesch\u00e4ftsleitung"}]},{"@type":"WebSite","@id":"https:\/\/www.immobilienbusiness.ch\/#website","url":"https:\/\/www.immobilienbusiness.ch\/","name":"IMMOBILIEN Business","description":"Unabh\u00e4ngiges Schweizer Wirtschaftsmagazin mit Fokus auf Immobilien, Architektur- und Bau sowie Investment- und Finanzierung.","publisher":{"@id":"https:\/\/www.immobilienbusiness.ch\/#organization"},"potentialAction":[{"@type":"SearchAction","target":{"@type":"EntryPoint","urlTemplate":"https:\/\/www.immobilienbusiness.ch\/?s={search_term_string}"},"query-input":{"@type":"PropertyValueSpecification","valueRequired":true,"valueName":"search_term_string"}}],"inLanguage":"de"},{"@type":"Organization","@id":"https:\/\/www.immobilienbusiness.ch\/#organization","name":"IMMOBILIEN Business","url":"https:\/\/www.immobilienbusiness.ch\/","logo":{"@type":"ImageObject","inLanguage":"de","@id":"https:\/\/www.immobilienbusiness.ch\/#\/schema\/logo\/image\/","url":"https:\/\/www.immobilienbusiness.ch\/wp-content\/uploads\/2021\/07\/logo_ib.png","contentUrl":"https:\/\/www.immobilienbusiness.ch\/wp-content\/uploads\/2021\/07\/logo_ib.png","width":800,"height":181,"caption":"IMMOBILIEN Business"},"image":{"@id":"https:\/\/www.immobilienbusiness.ch\/#\/schema\/logo\/image\/"},"sameAs":["https:\/\/www.facebook.com\/immobilienbusiness\/"]},{"@type":"Person","@id":"https:\/\/www.immobilienbusiness.ch\/#\/schema\/person\/aba8bea2db926aa0c24c08c43fe1fcd5","name":"Alexander Wachter","image":{"@type":"ImageObject","inLanguage":"de","@id":"https:\/\/secure.gravatar.com\/avatar\/1a09e471f5389b0e0a6416eac287e0927c7c97a7b77f9e787eba3af7aee281dd?s=96&d=mm&r=g","url":"https:\/\/secure.gravatar.com\/avatar\/1a09e471f5389b0e0a6416eac287e0927c7c97a7b77f9e787eba3af7aee281dd?s=96&d=mm&r=g","contentUrl":"https:\/\/secure.gravatar.com\/avatar\/1a09e471f5389b0e0a6416eac287e0927c7c97a7b77f9e787eba3af7aee281dd?s=96&d=mm&r=g","caption":"Alexander Wachter"},"url":"https:\/\/www.immobilienbusiness.ch\/de\/author\/alexander-wachter\/"}]}},"_links":{"self":[{"href":"https:\/\/www.immobilienbusiness.ch\/de\/wp-json\/wp\/v2\/posts\/45362","targetHints":{"allow":["GET"]}}],"collection":[{"href":"https:\/\/www.immobilienbusiness.ch\/de\/wp-json\/wp\/v2\/posts"}],"about":[{"href":"https:\/\/www.immobilienbusiness.ch\/de\/wp-json\/wp\/v2\/types\/post"}],"author":[{"embeddable":true,"href":"https:\/\/www.immobilienbusiness.ch\/de\/wp-json\/wp\/v2\/users\/102"}],"replies":[{"embeddable":true,"href":"https:\/\/www.immobilienbusiness.ch\/de\/wp-json\/wp\/v2\/comments?post=45362"}],"version-history":[{"count":3,"href":"https:\/\/www.immobilienbusiness.ch\/de\/wp-json\/wp\/v2\/posts\/45362\/revisions"}],"predecessor-version":[{"id":45414,"href":"https:\/\/www.immobilienbusiness.ch\/de\/wp-json\/wp\/v2\/posts\/45362\/revisions\/45414"}],"wp:featuredmedia":[{"embeddable":true,"href":"https:\/\/www.immobilienbusiness.ch\/de\/wp-json\/wp\/v2\/media\/45363"}],"wp:attachment":[{"href":"https:\/\/www.immobilienbusiness.ch\/de\/wp-json\/wp\/v2\/media?parent=45362"}],"wp:term":[{"taxonomy":"category","embeddable":true,"href":"https:\/\/www.immobilienbusiness.ch\/de\/wp-json\/wp\/v2\/categories?post=45362"},{"taxonomy":"post_tag","embeddable":true,"href":"https:\/\/www.immobilienbusiness.ch\/de\/wp-json\/wp\/v2\/tags?post=45362"}],"curies":[{"name":"wp","href":"https:\/\/api.w.org\/{rel}","templated":true}]}}