{"id":45349,"date":"2023-01-06T08:16:26","date_gmt":"2023-01-06T07:16:26","guid":{"rendered":"https:\/\/www.immobilienbusiness.ch\/?p=45349"},"modified":"2023-01-11T09:08:42","modified_gmt":"2023-01-11T08:08:42","slug":"obwaldner-kantonalbank-erwirbt-grundeigentum-in-sarnen-nord","status":"publish","type":"post","link":"https:\/\/www.immobilienbusiness.ch\/de\/regionen\/2023-01-06\/obwaldner-kantonalbank-erwirbt-grundeigentum-in-sarnen-nord\/","title":{"rendered":"Obwaldner Kantonalbank erwirbt Grundeigentum in Sarnen Nord"},"content":{"rendered":"<figure id=\"attachment_45352\" aria-describedby=\"caption-attachment-45352\" style=\"width: 1400px\" class=\"wp-caption alignnone\"><a href=\"https:\/\/www.immobilienbusiness.ch\/wp-content\/uploads\/2023\/01\/Daniel-Dillier-scaled.jpg\"><img loading=\"lazy\" decoding=\"async\" class=\"size-full wp-image-45352\" src=\"https:\/\/www.immobilienbusiness.ch\/wp-content\/uploads\/2023\/01\/Daniel-Dillier-scaled.jpg\" alt=\"\" width=\"1400\" height=\"933\" srcset=\"https:\/\/www.immobilienbusiness.ch\/wp-content\/uploads\/2023\/01\/Daniel-Dillier-scaled.jpg 1200w, https:\/\/www.immobilienbusiness.ch\/wp-content\/uploads\/2023\/01\/Daniel-Dillier-300x200.jpg 300w, https:\/\/www.immobilienbusiness.ch\/wp-content\/uploads\/2023\/01\/Daniel-Dillier-1024x683.jpg 1024w, https:\/\/www.immobilienbusiness.ch\/wp-content\/uploads\/2023\/01\/Daniel-Dillier-768x512.jpg 768w, https:\/\/www.immobilienbusiness.ch\/wp-content\/uploads\/2023\/01\/Daniel-Dillier-1536x1024.jpg 1536w, https:\/\/www.immobilienbusiness.ch\/wp-content\/uploads\/2023\/01\/Daniel-Dillier-18x12.jpg 18w, https:\/\/www.immobilienbusiness.ch\/wp-content\/uploads\/2023\/01\/Daniel-Dillier-375x250.jpg 375w, https:\/\/www.immobilienbusiness.ch\/wp-content\/uploads\/2023\/01\/Daniel-Dillier-525x350.jpg 525w, https:\/\/www.immobilienbusiness.ch\/wp-content\/uploads\/2023\/01\/Daniel-Dillier-1000x667.jpg 1000w\" sizes=\"auto, (max-width: 1400px) 100vw, 1400px\" \/><\/a><figcaption id=\"caption-attachment-45352\" class=\"wp-caption-text\">Daniel Dillier, Bankratspr\u00e4sident der Obwaldener Kantonalbank (Quelle: OKB)<\/figcaption><\/figure>\n<p>Die Obwaldner Kantonalbank (OKB) erwirbt von der Sika Manufacturing AG Grundeigentum. Der Schritt erfolge im Rahmen einer neuen Immobilienstrategie. Entstehen soll ein Generationenprojekt, das Obwalden als Wirtschaftsraum weiter st\u00e4rke.<\/p>\n<p>Verkauft wurden drei Objekte. Es handelt sich um ein Industriegeb\u00e4ude, ein unbebautes Grundst\u00fcck sowie ein B\u00fcrogeb\u00e4ude im Baurecht. Nutzen und Schaden sind per 31. Dezember an die OKB \u00fcbergegangen.<\/p>\n<p>\u00abWir wollen das Gebiet Sarnen Nord aufwerten, beleben und attraktiv gestalten\u00bb, sagt Bankratspr\u00e4sident Daniel Dillier. Zurzeit w\u00fcrden verschiedene Varianten f\u00fcr m\u00f6gliche Entwicklungen gepr\u00fcft. Voraussichtlich w\u00fcrden neue Wohn- und Gewerber\u00e4ume entstehen.<\/p>\n<p>Die neue Strategie kam laut Bankangaben zum ersten Mal vor \u00fcber sechs Jahren zum Tragen, als Bauland f\u00fcr den neuen Hauptsitz im Gebiet Feld erworben wurde. Im November 2021 folgte der Spatenstich des Projekts Qubo in Sarnen Nord, bei dem die OKB als Partnerin agiert. <i>(aw)<\/i><\/p>\n","protected":false},"excerpt":{"rendered":"<p>Die Obwaldner Kantonalbank hat drei ungenutzte Industrieobjekte in Sarnen-Nord erworben und will sich erneut als Immobilieninvestor positionieren. Wahrscheinlich entstehen Wohn- und Gewerbefl\u00e4chen. <\/p>\n","protected":false},"author":3,"featured_media":45352,"comment_status":"closed","ping_status":"closed","sticky":false,"template":"","format":"standard","meta":{"_acf_changed":false,"_yoast_wpseo_focuskw":"Sarnen","_yoast_wpseo_title":"","_yoast_wpseo_metadesc":"Die Obwaldner Kantonalbank hat drei ungenutzte Industrieobjekte in Sarnen-Nord erworben und will sich erneut als Immobilieninvestor positionieren.","_yoast_wpseo_linkdex":50,"pgc_sgb_lightbox_settings":"","footnotes":""},"categories":[985],"tags":[1287,1538,1600],"class_list":["post-45349","post","type-post","status-publish","format-standard","has-post-thumbnail","hentry","category-regionen","tag-grundstueckskauf","tag-obwalden","tag-projekt-in-planung"],"acf":[],"yoast_head":"<!-- This site is optimized with the Yoast SEO plugin v27.4 - https:\/\/yoast.com\/product\/yoast-seo-wordpress\/ -->\n<title>Obwaldner Kantonalbank erwirbt Grundeigentum in Sarnen Nord - IMMOBILIEN Business<\/title>\n<meta name=\"description\" content=\"Die Obwaldner Kantonalbank hat drei ungenutzte Industrieobjekte in Sarnen-Nord erworben und will sich erneut als Immobilieninvestor positionieren.\" \/>\n<meta name=\"robots\" content=\"index, follow, max-snippet:-1, max-image-preview:large, max-video-preview:-1\" \/>\n<link rel=\"canonical\" href=\"https:\/\/www.immobilienbusiness.ch\/de\/regionen\/2023-01-06\/obwaldner-kantonalbank-erwirbt-grundeigentum-in-sarnen-nord\/\" \/>\n<meta property=\"og:locale\" content=\"de_DE\" \/>\n<meta property=\"og:type\" content=\"article\" \/>\n<meta property=\"og:title\" content=\"Obwaldner Kantonalbank erwirbt Grundeigentum in Sarnen Nord - IMMOBILIEN Business\" \/>\n<meta property=\"og:description\" content=\"Die Obwaldner Kantonalbank hat drei ungenutzte Industrieobjekte in Sarnen-Nord erworben und will sich erneut als Immobilieninvestor positionieren.\" \/>\n<meta property=\"og:url\" content=\"https:\/\/www.immobilienbusiness.ch\/de\/regionen\/2023-01-06\/obwaldner-kantonalbank-erwirbt-grundeigentum-in-sarnen-nord\/\" \/>\n<meta property=\"og:site_name\" content=\"IMMOBILIEN Business\" \/>\n<meta property=\"article:publisher\" content=\"https:\/\/www.facebook.com\/immobilienbusiness\/\" \/>\n<meta property=\"article:published_time\" content=\"2023-01-06T07:16:26+00:00\" \/>\n<meta property=\"article:modified_time\" content=\"2023-01-11T08:08:42+00:00\" \/>\n<meta property=\"og:image\" content=\"https:\/\/www.immobilienbusiness.ch\/wp-content\/uploads\/2023\/01\/Daniel-Dillier-scaled.jpg\" \/>\n\t<meta property=\"og:image:width\" content=\"1200\" \/>\n\t<meta property=\"og:image:height\" content=\"800\" \/>\n\t<meta property=\"og:image:type\" content=\"image\/jpeg\" \/>\n<meta name=\"author\" content=\"anja.hall\" \/>\n<meta name=\"twitter:card\" content=\"summary_large_image\" \/>\n<script type=\"application\/ld+json\" class=\"yoast-schema-graph\">{\"@context\":\"https:\\\/\\\/schema.org\",\"@graph\":[{\"@type\":\"Article\",\"@id\":\"https:\\\/\\\/www.immobilienbusiness.ch\\\/fr\\\/regionen\\\/2023-01-06\\\/obwaldner-kantonalbank-erwirbt-grundeigentum-in-sarnen-nord\\\/#article\",\"isPartOf\":{\"@id\":\"https:\\\/\\\/www.immobilienbusiness.ch\\\/fr\\\/regionen\\\/2023-01-06\\\/obwaldner-kantonalbank-erwirbt-grundeigentum-in-sarnen-nord\\\/\"},\"author\":{\"name\":\"anja.hall\",\"@id\":\"https:\\\/\\\/www.immobilienbusiness.ch\\\/#\\\/schema\\\/person\\\/3fc036297b10b9f42d6db5ee932af8c8\"},\"headline\":\"Obwaldner Kantonalbank erwirbt Grundeigentum in Sarnen Nord\",\"datePublished\":\"2023-01-06T07:16:26+00:00\",\"dateModified\":\"2023-01-11T08:08:42+00:00\",\"mainEntityOfPage\":{\"@id\":\"https:\\\/\\\/www.immobilienbusiness.ch\\\/fr\\\/regionen\\\/2023-01-06\\\/obwaldner-kantonalbank-erwirbt-grundeigentum-in-sarnen-nord\\\/\"},\"wordCount\":168,\"publisher\":{\"@id\":\"https:\\\/\\\/www.immobilienbusiness.ch\\\/#organization\"},\"image\":{\"@id\":\"https:\\\/\\\/www.immobilienbusiness.ch\\\/fr\\\/regionen\\\/2023-01-06\\\/obwaldner-kantonalbank-erwirbt-grundeigentum-in-sarnen-nord\\\/#primaryimage\"},\"thumbnailUrl\":\"https:\\\/\\\/www.immobilienbusiness.ch\\\/wp-content\\\/uploads\\\/2023\\\/01\\\/Daniel-Dillier-scaled.jpg\",\"keywords\":[\"Grundst\u00fcckskauf\",\"Obwalden\",\"Projekt in Planung\"],\"articleSection\":[\"REGIONEN\"],\"inLanguage\":\"de\"},{\"@type\":\"WebPage\",\"@id\":\"https:\\\/\\\/www.immobilienbusiness.ch\\\/fr\\\/regionen\\\/2023-01-06\\\/obwaldner-kantonalbank-erwirbt-grundeigentum-in-sarnen-nord\\\/\",\"url\":\"https:\\\/\\\/www.immobilienbusiness.ch\\\/fr\\\/regionen\\\/2023-01-06\\\/obwaldner-kantonalbank-erwirbt-grundeigentum-in-sarnen-nord\\\/\",\"name\":\"Obwaldner Kantonalbank erwirbt Grundeigentum in Sarnen Nord - IMMOBILIEN Business\",\"isPartOf\":{\"@id\":\"https:\\\/\\\/www.immobilienbusiness.ch\\\/#website\"},\"primaryImageOfPage\":{\"@id\":\"https:\\\/\\\/www.immobilienbusiness.ch\\\/fr\\\/regionen\\\/2023-01-06\\\/obwaldner-kantonalbank-erwirbt-grundeigentum-in-sarnen-nord\\\/#primaryimage\"},\"image\":{\"@id\":\"https:\\\/\\\/www.immobilienbusiness.ch\\\/fr\\\/regionen\\\/2023-01-06\\\/obwaldner-kantonalbank-erwirbt-grundeigentum-in-sarnen-nord\\\/#primaryimage\"},\"thumbnailUrl\":\"https:\\\/\\\/www.immobilienbusiness.ch\\\/wp-content\\\/uploads\\\/2023\\\/01\\\/Daniel-Dillier-scaled.jpg\",\"datePublished\":\"2023-01-06T07:16:26+00:00\",\"dateModified\":\"2023-01-11T08:08:42+00:00\",\"description\":\"Die Obwaldner Kantonalbank hat drei ungenutzte Industrieobjekte in Sarnen-Nord erworben und will sich erneut als Immobilieninvestor positionieren.\",\"breadcrumb\":{\"@id\":\"https:\\\/\\\/www.immobilienbusiness.ch\\\/fr\\\/regionen\\\/2023-01-06\\\/obwaldner-kantonalbank-erwirbt-grundeigentum-in-sarnen-nord\\\/#breadcrumb\"},\"inLanguage\":\"de\",\"potentialAction\":[{\"@type\":\"ReadAction\",\"target\":[\"https:\\\/\\\/www.immobilienbusiness.ch\\\/fr\\\/regionen\\\/2023-01-06\\\/obwaldner-kantonalbank-erwirbt-grundeigentum-in-sarnen-nord\\\/\"]}]},{\"@type\":\"ImageObject\",\"inLanguage\":\"de\",\"@id\":\"https:\\\/\\\/www.immobilienbusiness.ch\\\/fr\\\/regionen\\\/2023-01-06\\\/obwaldner-kantonalbank-erwirbt-grundeigentum-in-sarnen-nord\\\/#primaryimage\",\"url\":\"https:\\\/\\\/www.immobilienbusiness.ch\\\/wp-content\\\/uploads\\\/2023\\\/01\\\/Daniel-Dillier-scaled.jpg\",\"contentUrl\":\"https:\\\/\\\/www.immobilienbusiness.ch\\\/wp-content\\\/uploads\\\/2023\\\/01\\\/Daniel-Dillier-scaled.jpg\",\"width\":1200,\"height\":800,\"caption\":\"Daniel Dillier, Bankratspr\u00e4sident der Obwaldener Kantonalbank (Quelle. OKB)\"},{\"@type\":\"BreadcrumbList\",\"@id\":\"https:\\\/\\\/www.immobilienbusiness.ch\\\/fr\\\/regionen\\\/2023-01-06\\\/obwaldner-kantonalbank-erwirbt-grundeigentum-in-sarnen-nord\\\/#breadcrumb\",\"itemListElement\":[{\"@type\":\"ListItem\",\"position\":1,\"name\":\"Home\",\"item\":\"https:\\\/\\\/www.immobilienbusiness.ch\\\/\"},{\"@type\":\"ListItem\",\"position\":2,\"name\":\"Obwaldner Kantonalbank erwirbt Grundeigentum in Sarnen Nord\"}]},{\"@type\":\"WebSite\",\"@id\":\"https:\\\/\\\/www.immobilienbusiness.ch\\\/#website\",\"url\":\"https:\\\/\\\/www.immobilienbusiness.ch\\\/\",\"name\":\"IMMOBILIEN Business\",\"description\":\"Unabh\u00e4ngiges Schweizer Wirtschaftsmagazin mit Fokus auf Immobilien, Architektur- und Bau sowie Investment- und Finanzierung.\",\"publisher\":{\"@id\":\"https:\\\/\\\/www.immobilienbusiness.ch\\\/#organization\"},\"potentialAction\":[{\"@type\":\"SearchAction\",\"target\":{\"@type\":\"EntryPoint\",\"urlTemplate\":\"https:\\\/\\\/www.immobilienbusiness.ch\\\/?s={search_term_string}\"},\"query-input\":{\"@type\":\"PropertyValueSpecification\",\"valueRequired\":true,\"valueName\":\"search_term_string\"}}],\"inLanguage\":\"de\"},{\"@type\":\"Organization\",\"@id\":\"https:\\\/\\\/www.immobilienbusiness.ch\\\/#organization\",\"name\":\"IMMOBILIEN Business\",\"url\":\"https:\\\/\\\/www.immobilienbusiness.ch\\\/\",\"logo\":{\"@type\":\"ImageObject\",\"inLanguage\":\"de\",\"@id\":\"https:\\\/\\\/www.immobilienbusiness.ch\\\/#\\\/schema\\\/logo\\\/image\\\/\",\"url\":\"https:\\\/\\\/www.immobilienbusiness.ch\\\/wp-content\\\/uploads\\\/2021\\\/07\\\/logo_ib.png\",\"contentUrl\":\"https:\\\/\\\/www.immobilienbusiness.ch\\\/wp-content\\\/uploads\\\/2021\\\/07\\\/logo_ib.png\",\"width\":800,\"height\":181,\"caption\":\"IMMOBILIEN Business\"},\"image\":{\"@id\":\"https:\\\/\\\/www.immobilienbusiness.ch\\\/#\\\/schema\\\/logo\\\/image\\\/\"},\"sameAs\":[\"https:\\\/\\\/www.facebook.com\\\/immobilienbusiness\\\/\"]},{\"@type\":\"Person\",\"@id\":\"https:\\\/\\\/www.immobilienbusiness.ch\\\/#\\\/schema\\\/person\\\/3fc036297b10b9f42d6db5ee932af8c8\",\"name\":\"anja.hall\",\"image\":{\"@type\":\"ImageObject\",\"inLanguage\":\"de\",\"@id\":\"https:\\\/\\\/secure.gravatar.com\\\/avatar\\\/066b5a0d447013502c71a5782f4f3469f03cfe595cc2329fb94652fe47511bfb?s=96&d=mm&r=g\",\"url\":\"https:\\\/\\\/secure.gravatar.com\\\/avatar\\\/066b5a0d447013502c71a5782f4f3469f03cfe595cc2329fb94652fe47511bfb?s=96&d=mm&r=g\",\"contentUrl\":\"https:\\\/\\\/secure.gravatar.com\\\/avatar\\\/066b5a0d447013502c71a5782f4f3469f03cfe595cc2329fb94652fe47511bfb?s=96&d=mm&r=g\",\"caption\":\"anja.hall\"},\"url\":\"https:\\\/\\\/www.immobilienbusiness.ch\\\/de\\\/author\\\/anja-hall\\\/\"}]}<\/script>\n<!-- \/ Yoast SEO plugin. -->","yoast_head_json":{"title":"Obwaldner Kantonalbank erwirbt Grundeigentum in Sarnen Nord - IMMOBILIEN Business","description":"Die Obwaldner Kantonalbank hat drei ungenutzte Industrieobjekte in Sarnen-Nord erworben und will sich erneut als Immobilieninvestor positionieren.","robots":{"index":"index","follow":"follow","max-snippet":"max-snippet:-1","max-image-preview":"max-image-preview:large","max-video-preview":"max-video-preview:-1"},"canonical":"https:\/\/www.immobilienbusiness.ch\/de\/regionen\/2023-01-06\/obwaldner-kantonalbank-erwirbt-grundeigentum-in-sarnen-nord\/","og_locale":"de_DE","og_type":"article","og_title":"Obwaldner Kantonalbank erwirbt Grundeigentum in Sarnen Nord - IMMOBILIEN Business","og_description":"Die Obwaldner Kantonalbank hat drei ungenutzte Industrieobjekte in Sarnen-Nord erworben und will sich erneut als Immobilieninvestor positionieren.","og_url":"https:\/\/www.immobilienbusiness.ch\/de\/regionen\/2023-01-06\/obwaldner-kantonalbank-erwirbt-grundeigentum-in-sarnen-nord\/","og_site_name":"IMMOBILIEN Business","article_publisher":"https:\/\/www.facebook.com\/immobilienbusiness\/","article_published_time":"2023-01-06T07:16:26+00:00","article_modified_time":"2023-01-11T08:08:42+00:00","og_image":[{"width":1200,"height":800,"url":"https:\/\/www.immobilienbusiness.ch\/wp-content\/uploads\/2023\/01\/Daniel-Dillier-scaled.jpg","type":"image\/jpeg"}],"author":"anja.hall","twitter_card":"summary_large_image","schema":{"@context":"https:\/\/schema.org","@graph":[{"@type":"Article","@id":"https:\/\/www.immobilienbusiness.ch\/fr\/regionen\/2023-01-06\/obwaldner-kantonalbank-erwirbt-grundeigentum-in-sarnen-nord\/#article","isPartOf":{"@id":"https:\/\/www.immobilienbusiness.ch\/fr\/regionen\/2023-01-06\/obwaldner-kantonalbank-erwirbt-grundeigentum-in-sarnen-nord\/"},"author":{"name":"anja.hall","@id":"https:\/\/www.immobilienbusiness.ch\/#\/schema\/person\/3fc036297b10b9f42d6db5ee932af8c8"},"headline":"Obwaldner Kantonalbank erwirbt Grundeigentum in Sarnen Nord","datePublished":"2023-01-06T07:16:26+00:00","dateModified":"2023-01-11T08:08:42+00:00","mainEntityOfPage":{"@id":"https:\/\/www.immobilienbusiness.ch\/fr\/regionen\/2023-01-06\/obwaldner-kantonalbank-erwirbt-grundeigentum-in-sarnen-nord\/"},"wordCount":168,"publisher":{"@id":"https:\/\/www.immobilienbusiness.ch\/#organization"},"image":{"@id":"https:\/\/www.immobilienbusiness.ch\/fr\/regionen\/2023-01-06\/obwaldner-kantonalbank-erwirbt-grundeigentum-in-sarnen-nord\/#primaryimage"},"thumbnailUrl":"https:\/\/www.immobilienbusiness.ch\/wp-content\/uploads\/2023\/01\/Daniel-Dillier-scaled.jpg","keywords":["Grundst\u00fcckskauf","Obwalden","Projekt in Planung"],"articleSection":["REGIONEN"],"inLanguage":"de"},{"@type":"WebPage","@id":"https:\/\/www.immobilienbusiness.ch\/fr\/regionen\/2023-01-06\/obwaldner-kantonalbank-erwirbt-grundeigentum-in-sarnen-nord\/","url":"https:\/\/www.immobilienbusiness.ch\/fr\/regionen\/2023-01-06\/obwaldner-kantonalbank-erwirbt-grundeigentum-in-sarnen-nord\/","name":"Obwaldner Kantonalbank erwirbt Grundeigentum in Sarnen Nord - IMMOBILIEN Business","isPartOf":{"@id":"https:\/\/www.immobilienbusiness.ch\/#website"},"primaryImageOfPage":{"@id":"https:\/\/www.immobilienbusiness.ch\/fr\/regionen\/2023-01-06\/obwaldner-kantonalbank-erwirbt-grundeigentum-in-sarnen-nord\/#primaryimage"},"image":{"@id":"https:\/\/www.immobilienbusiness.ch\/fr\/regionen\/2023-01-06\/obwaldner-kantonalbank-erwirbt-grundeigentum-in-sarnen-nord\/#primaryimage"},"thumbnailUrl":"https:\/\/www.immobilienbusiness.ch\/wp-content\/uploads\/2023\/01\/Daniel-Dillier-scaled.jpg","datePublished":"2023-01-06T07:16:26+00:00","dateModified":"2023-01-11T08:08:42+00:00","description":"Die Obwaldner Kantonalbank hat drei ungenutzte Industrieobjekte in Sarnen-Nord erworben und will sich erneut als Immobilieninvestor positionieren.","breadcrumb":{"@id":"https:\/\/www.immobilienbusiness.ch\/fr\/regionen\/2023-01-06\/obwaldner-kantonalbank-erwirbt-grundeigentum-in-sarnen-nord\/#breadcrumb"},"inLanguage":"de","potentialAction":[{"@type":"ReadAction","target":["https:\/\/www.immobilienbusiness.ch\/fr\/regionen\/2023-01-06\/obwaldner-kantonalbank-erwirbt-grundeigentum-in-sarnen-nord\/"]}]},{"@type":"ImageObject","inLanguage":"de","@id":"https:\/\/www.immobilienbusiness.ch\/fr\/regionen\/2023-01-06\/obwaldner-kantonalbank-erwirbt-grundeigentum-in-sarnen-nord\/#primaryimage","url":"https:\/\/www.immobilienbusiness.ch\/wp-content\/uploads\/2023\/01\/Daniel-Dillier-scaled.jpg","contentUrl":"https:\/\/www.immobilienbusiness.ch\/wp-content\/uploads\/2023\/01\/Daniel-Dillier-scaled.jpg","width":1200,"height":800,"caption":"Daniel Dillier, Bankratspr\u00e4sident der Obwaldener Kantonalbank (Quelle. OKB)"},{"@type":"BreadcrumbList","@id":"https:\/\/www.immobilienbusiness.ch\/fr\/regionen\/2023-01-06\/obwaldner-kantonalbank-erwirbt-grundeigentum-in-sarnen-nord\/#breadcrumb","itemListElement":[{"@type":"ListItem","position":1,"name":"Home","item":"https:\/\/www.immobilienbusiness.ch\/"},{"@type":"ListItem","position":2,"name":"Obwaldner Kantonalbank erwirbt Grundeigentum in Sarnen Nord"}]},{"@type":"WebSite","@id":"https:\/\/www.immobilienbusiness.ch\/#website","url":"https:\/\/www.immobilienbusiness.ch\/","name":"IMMOBILIEN Business","description":"Unabh\u00e4ngiges Schweizer Wirtschaftsmagazin mit Fokus auf Immobilien, Architektur- und Bau sowie Investment- und Finanzierung.","publisher":{"@id":"https:\/\/www.immobilienbusiness.ch\/#organization"},"potentialAction":[{"@type":"SearchAction","target":{"@type":"EntryPoint","urlTemplate":"https:\/\/www.immobilienbusiness.ch\/?s={search_term_string}"},"query-input":{"@type":"PropertyValueSpecification","valueRequired":true,"valueName":"search_term_string"}}],"inLanguage":"de"},{"@type":"Organization","@id":"https:\/\/www.immobilienbusiness.ch\/#organization","name":"IMMOBILIEN Business","url":"https:\/\/www.immobilienbusiness.ch\/","logo":{"@type":"ImageObject","inLanguage":"de","@id":"https:\/\/www.immobilienbusiness.ch\/#\/schema\/logo\/image\/","url":"https:\/\/www.immobilienbusiness.ch\/wp-content\/uploads\/2021\/07\/logo_ib.png","contentUrl":"https:\/\/www.immobilienbusiness.ch\/wp-content\/uploads\/2021\/07\/logo_ib.png","width":800,"height":181,"caption":"IMMOBILIEN Business"},"image":{"@id":"https:\/\/www.immobilienbusiness.ch\/#\/schema\/logo\/image\/"},"sameAs":["https:\/\/www.facebook.com\/immobilienbusiness\/"]},{"@type":"Person","@id":"https:\/\/www.immobilienbusiness.ch\/#\/schema\/person\/3fc036297b10b9f42d6db5ee932af8c8","name":"anja.hall","image":{"@type":"ImageObject","inLanguage":"de","@id":"https:\/\/secure.gravatar.com\/avatar\/066b5a0d447013502c71a5782f4f3469f03cfe595cc2329fb94652fe47511bfb?s=96&d=mm&r=g","url":"https:\/\/secure.gravatar.com\/avatar\/066b5a0d447013502c71a5782f4f3469f03cfe595cc2329fb94652fe47511bfb?s=96&d=mm&r=g","contentUrl":"https:\/\/secure.gravatar.com\/avatar\/066b5a0d447013502c71a5782f4f3469f03cfe595cc2329fb94652fe47511bfb?s=96&d=mm&r=g","caption":"anja.hall"},"url":"https:\/\/www.immobilienbusiness.ch\/de\/author\/anja-hall\/"}]}},"_links":{"self":[{"href":"https:\/\/www.immobilienbusiness.ch\/de\/wp-json\/wp\/v2\/posts\/45349","targetHints":{"allow":["GET"]}}],"collection":[{"href":"https:\/\/www.immobilienbusiness.ch\/de\/wp-json\/wp\/v2\/posts"}],"about":[{"href":"https:\/\/www.immobilienbusiness.ch\/de\/wp-json\/wp\/v2\/types\/post"}],"author":[{"embeddable":true,"href":"https:\/\/www.immobilienbusiness.ch\/de\/wp-json\/wp\/v2\/users\/3"}],"replies":[{"embeddable":true,"href":"https:\/\/www.immobilienbusiness.ch\/de\/wp-json\/wp\/v2\/comments?post=45349"}],"version-history":[{"count":1,"href":"https:\/\/www.immobilienbusiness.ch\/de\/wp-json\/wp\/v2\/posts\/45349\/revisions"}],"predecessor-version":[{"id":45353,"href":"https:\/\/www.immobilienbusiness.ch\/de\/wp-json\/wp\/v2\/posts\/45349\/revisions\/45353"}],"wp:featuredmedia":[{"embeddable":true,"href":"https:\/\/www.immobilienbusiness.ch\/de\/wp-json\/wp\/v2\/media\/45352"}],"wp:attachment":[{"href":"https:\/\/www.immobilienbusiness.ch\/de\/wp-json\/wp\/v2\/media?parent=45349"}],"wp:term":[{"taxonomy":"category","embeddable":true,"href":"https:\/\/www.immobilienbusiness.ch\/de\/wp-json\/wp\/v2\/categories?post=45349"},{"taxonomy":"post_tag","embeddable":true,"href":"https:\/\/www.immobilienbusiness.ch\/de\/wp-json\/wp\/v2\/tags?post=45349"}],"curies":[{"name":"wp","href":"https:\/\/api.w.org\/{rel}","templated":true}]}}