{"id":45319,"date":"2023-01-04T05:15:00","date_gmt":"2023-01-04T04:15:00","guid":{"rendered":"https:\/\/www.immobilienbusiness.ch\/?p=45319"},"modified":"2023-01-04T19:26:44","modified_gmt":"2023-01-04T18:26:44","slug":"davos-hotel-flueela-wird-renoviert-und-unter-einer-hyatt-marke-betrieben","status":"publish","type":"post","link":"https:\/\/www.immobilienbusiness.ch\/de\/regionen\/2023-01-04\/davos-hotel-flueela-wird-renoviert-und-unter-einer-hyatt-marke-betrieben\/","title":{"rendered":"Davos: Hotel Fl\u00fcela wird renoviert und unter einer Hyatt-Marke betrieben"},"content":{"rendered":"<figure id=\"attachment_45323\" aria-describedby=\"caption-attachment-45323\" style=\"width: 1024px\" class=\"wp-caption alignnone\"><a href=\"https:\/\/www.immobilienbusiness.ch\/wp-content\/uploads\/2023\/01\/1024px-Davos2.jpg\"><img loading=\"lazy\" decoding=\"async\" class=\"size-full wp-image-45323\" src=\"https:\/\/www.immobilienbusiness.ch\/wp-content\/uploads\/2023\/01\/1024px-Davos2.jpg\" alt=\"\" width=\"1024\" height=\"685\" srcset=\"https:\/\/www.immobilienbusiness.ch\/wp-content\/uploads\/2023\/01\/1024px-Davos2.jpg 1024w, https:\/\/www.immobilienbusiness.ch\/wp-content\/uploads\/2023\/01\/1024px-Davos2-300x201.jpg 300w, https:\/\/www.immobilienbusiness.ch\/wp-content\/uploads\/2023\/01\/1024px-Davos2-768x514.jpg 768w, https:\/\/www.immobilienbusiness.ch\/wp-content\/uploads\/2023\/01\/1024px-Davos2-18x12.jpg 18w, https:\/\/www.immobilienbusiness.ch\/wp-content\/uploads\/2023\/01\/1024px-Davos2-375x251.jpg 375w, https:\/\/www.immobilienbusiness.ch\/wp-content\/uploads\/2023\/01\/1024px-Davos2-523x350.jpg 523w, https:\/\/www.immobilienbusiness.ch\/wp-content\/uploads\/2023\/01\/1024px-Davos2-1000x669.jpg 1000w\" sizes=\"auto, (max-width: 1024px) 100vw, 1024px\" \/><\/a><figcaption id=\"caption-attachment-45323\" class=\"wp-caption-text\">Im Wintersportort Davos wird bald auch eine Hyatt-Marke pr\u00e4sent sein (Foto: MadGeographer (https:\/\/commons.wikimedia.org\/wiki\/File:Davos2.jpg), \u201eDavos2\u201c, https:\/\/creativecommons.org\/licenses\/by-sa\/3.0\/legalcode)<\/figcaption><\/figure>\n<p>Die US-Hotelkette Hyatt nimmt das Hotel in seine Marke Unbound Collection auf. Im Rahmen der Vereinbarung wird das Hotel mit 50 Zimmern im kommenden Jahr renoviert. Es handelt sich um eines der \u00e4ltesten Hotels des Wintersportorts.<\/p>\n<p>Unter der Marke \u00abUnbound Collection\u00bb fasst Hyatt individuell gepr\u00e4gte und aussergew\u00f6hnliche Hotels zusammen. Das Hotel Fl\u00fcela wird das zweite Schweizer Haus dieser Reihe sein. Zuvor war bereits angek\u00fcndigt worden, dass eine Hotelentwicklung in Crans-Montana unter dieser Marke firmieren wird. Es soll im Winter 2023 er\u00f6ffnen. <i>(aw)<\/i><\/p>\n","protected":false},"excerpt":{"rendered":"<p>Eine Franchise-Vereinbarung f\u00fcr das historische Hotel Fl\u00fcela in Davos hat Hyatt mit der Davos Luxury Properties AG unterzeichnet.<\/p>\n","protected":false},"author":102,"featured_media":45323,"comment_status":"closed","ping_status":"closed","sticky":false,"template":"","format":"standard","meta":{"_acf_changed":false,"_yoast_wpseo_focuskw":"Davos","_yoast_wpseo_title":"","_yoast_wpseo_metadesc":"Eine Franchise-Vereinbarung f\u00fcr das historische Hotel Fl\u00fcela in Davos hat Hyatt mit der Davos Luxury Properties AG unterzeichnet.","_yoast_wpseo_linkdex":44,"pgc_sgb_lightbox_settings":"","footnotes":""},"categories":[985],"tags":[1158,1313,1319,1600,1662],"class_list":["post-45319","post","type-post","status-publish","format-standard","has-post-thumbnail","hentry","category-regionen","tag-davos","tag-hotel","tag-hyatt","tag-projekt-in-planung","tag-sanierung"],"acf":[],"yoast_head":"<!-- This site is optimized with the Yoast SEO plugin v27.4 - https:\/\/yoast.com\/product\/yoast-seo-wordpress\/ -->\n<title>Davos: Hotel Fl\u00fcela wird renoviert und unter einer Hyatt-Marke betrieben - IMMOBILIEN Business<\/title>\n<meta name=\"description\" content=\"Eine Franchise-Vereinbarung f\u00fcr das historische Hotel Fl\u00fcela in Davos hat Hyatt mit der Davos Luxury Properties AG unterzeichnet.\" \/>\n<meta name=\"robots\" content=\"index, follow, max-snippet:-1, max-image-preview:large, max-video-preview:-1\" \/>\n<link rel=\"canonical\" href=\"https:\/\/www.immobilienbusiness.ch\/de\/regionen\/2023-01-04\/davos-hotel-flueela-wird-renoviert-und-unter-einer-hyatt-marke-betrieben\/\" \/>\n<meta property=\"og:locale\" content=\"de_DE\" \/>\n<meta property=\"og:type\" content=\"article\" \/>\n<meta property=\"og:title\" content=\"Davos: Hotel Fl\u00fcela wird renoviert und unter einer Hyatt-Marke betrieben - IMMOBILIEN Business\" \/>\n<meta property=\"og:description\" content=\"Eine Franchise-Vereinbarung f\u00fcr das historische Hotel Fl\u00fcela in Davos hat Hyatt mit der Davos Luxury Properties AG unterzeichnet.\" \/>\n<meta property=\"og:url\" content=\"https:\/\/www.immobilienbusiness.ch\/de\/regionen\/2023-01-04\/davos-hotel-flueela-wird-renoviert-und-unter-einer-hyatt-marke-betrieben\/\" \/>\n<meta property=\"og:site_name\" content=\"IMMOBILIEN Business\" \/>\n<meta property=\"article:publisher\" content=\"https:\/\/www.facebook.com\/immobilienbusiness\/\" \/>\n<meta property=\"article:published_time\" content=\"2023-01-04T04:15:00+00:00\" \/>\n<meta property=\"article:modified_time\" content=\"2023-01-04T18:26:44+00:00\" \/>\n<meta property=\"og:image\" content=\"https:\/\/www.immobilienbusiness.ch\/wp-content\/uploads\/2023\/01\/1024px-Davos2.jpg\" \/>\n\t<meta property=\"og:image:width\" content=\"1024\" \/>\n\t<meta property=\"og:image:height\" content=\"685\" \/>\n\t<meta property=\"og:image:type\" content=\"image\/jpeg\" \/>\n<meta name=\"author\" content=\"Alexander Wachter\" \/>\n<meta name=\"twitter:card\" content=\"summary_large_image\" \/>\n<script type=\"application\/ld+json\" class=\"yoast-schema-graph\">{\"@context\":\"https:\\\/\\\/schema.org\",\"@graph\":[{\"@type\":\"Article\",\"@id\":\"https:\\\/\\\/www.immobilienbusiness.ch\\\/de\\\/regionen\\\/2023-01-04\\\/davos-hotel-flueela-wird-renoviert-und-unter-einer-hyatt-marke-betrieben\\\/#article\",\"isPartOf\":{\"@id\":\"https:\\\/\\\/www.immobilienbusiness.ch\\\/de\\\/regionen\\\/2023-01-04\\\/davos-hotel-flueela-wird-renoviert-und-unter-einer-hyatt-marke-betrieben\\\/\"},\"author\":{\"name\":\"Alexander Wachter\",\"@id\":\"https:\\\/\\\/www.immobilienbusiness.ch\\\/#\\\/schema\\\/person\\\/aba8bea2db926aa0c24c08c43fe1fcd5\"},\"headline\":\"Davos: Hotel Fl\u00fcela wird renoviert und unter einer Hyatt-Marke betrieben\",\"datePublished\":\"2023-01-04T04:15:00+00:00\",\"dateModified\":\"2023-01-04T18:26:44+00:00\",\"mainEntityOfPage\":{\"@id\":\"https:\\\/\\\/www.immobilienbusiness.ch\\\/de\\\/regionen\\\/2023-01-04\\\/davos-hotel-flueela-wird-renoviert-und-unter-einer-hyatt-marke-betrieben\\\/\"},\"wordCount\":131,\"publisher\":{\"@id\":\"https:\\\/\\\/www.immobilienbusiness.ch\\\/#organization\"},\"image\":{\"@id\":\"https:\\\/\\\/www.immobilienbusiness.ch\\\/de\\\/regionen\\\/2023-01-04\\\/davos-hotel-flueela-wird-renoviert-und-unter-einer-hyatt-marke-betrieben\\\/#primaryimage\"},\"thumbnailUrl\":\"https:\\\/\\\/www.immobilienbusiness.ch\\\/wp-content\\\/uploads\\\/2023\\\/01\\\/1024px-Davos2.jpg\",\"keywords\":[\"Davos\",\"Hotel\",\"Hyatt\",\"Projekt in Planung\",\"Sanierung\"],\"articleSection\":[\"REGIONEN\"],\"inLanguage\":\"de\"},{\"@type\":\"WebPage\",\"@id\":\"https:\\\/\\\/www.immobilienbusiness.ch\\\/de\\\/regionen\\\/2023-01-04\\\/davos-hotel-flueela-wird-renoviert-und-unter-einer-hyatt-marke-betrieben\\\/\",\"url\":\"https:\\\/\\\/www.immobilienbusiness.ch\\\/de\\\/regionen\\\/2023-01-04\\\/davos-hotel-flueela-wird-renoviert-und-unter-einer-hyatt-marke-betrieben\\\/\",\"name\":\"Davos: Hotel Fl\u00fcela wird renoviert und unter einer Hyatt-Marke betrieben - IMMOBILIEN Business\",\"isPartOf\":{\"@id\":\"https:\\\/\\\/www.immobilienbusiness.ch\\\/#website\"},\"primaryImageOfPage\":{\"@id\":\"https:\\\/\\\/www.immobilienbusiness.ch\\\/de\\\/regionen\\\/2023-01-04\\\/davos-hotel-flueela-wird-renoviert-und-unter-einer-hyatt-marke-betrieben\\\/#primaryimage\"},\"image\":{\"@id\":\"https:\\\/\\\/www.immobilienbusiness.ch\\\/de\\\/regionen\\\/2023-01-04\\\/davos-hotel-flueela-wird-renoviert-und-unter-einer-hyatt-marke-betrieben\\\/#primaryimage\"},\"thumbnailUrl\":\"https:\\\/\\\/www.immobilienbusiness.ch\\\/wp-content\\\/uploads\\\/2023\\\/01\\\/1024px-Davos2.jpg\",\"datePublished\":\"2023-01-04T04:15:00+00:00\",\"dateModified\":\"2023-01-04T18:26:44+00:00\",\"description\":\"Eine Franchise-Vereinbarung f\u00fcr das historische Hotel Fl\u00fcela in Davos hat Hyatt mit der Davos Luxury Properties AG unterzeichnet.\",\"breadcrumb\":{\"@id\":\"https:\\\/\\\/www.immobilienbusiness.ch\\\/de\\\/regionen\\\/2023-01-04\\\/davos-hotel-flueela-wird-renoviert-und-unter-einer-hyatt-marke-betrieben\\\/#breadcrumb\"},\"inLanguage\":\"de\",\"potentialAction\":[{\"@type\":\"ReadAction\",\"target\":[\"https:\\\/\\\/www.immobilienbusiness.ch\\\/de\\\/regionen\\\/2023-01-04\\\/davos-hotel-flueela-wird-renoviert-und-unter-einer-hyatt-marke-betrieben\\\/\"]}]},{\"@type\":\"ImageObject\",\"inLanguage\":\"de\",\"@id\":\"https:\\\/\\\/www.immobilienbusiness.ch\\\/de\\\/regionen\\\/2023-01-04\\\/davos-hotel-flueela-wird-renoviert-und-unter-einer-hyatt-marke-betrieben\\\/#primaryimage\",\"url\":\"https:\\\/\\\/www.immobilienbusiness.ch\\\/wp-content\\\/uploads\\\/2023\\\/01\\\/1024px-Davos2.jpg\",\"contentUrl\":\"https:\\\/\\\/www.immobilienbusiness.ch\\\/wp-content\\\/uploads\\\/2023\\\/01\\\/1024px-Davos2.jpg\",\"width\":1024,\"height\":685,\"caption\":\"Serviced Apartments boomen - auch in Davos (Foto: MadGeographer (https:\\\/\\\/commons.wikimedia.org\\\/wiki\\\/File:Davos2.jpg), \u201eDavos2\u201c, https:\\\/\\\/creativecommons.org\\\/licenses\\\/by-sa\\\/3.0\\\/legalcode)\"},{\"@type\":\"BreadcrumbList\",\"@id\":\"https:\\\/\\\/www.immobilienbusiness.ch\\\/de\\\/regionen\\\/2023-01-04\\\/davos-hotel-flueela-wird-renoviert-und-unter-einer-hyatt-marke-betrieben\\\/#breadcrumb\",\"itemListElement\":[{\"@type\":\"ListItem\",\"position\":1,\"name\":\"Home\",\"item\":\"https:\\\/\\\/www.immobilienbusiness.ch\\\/\"},{\"@type\":\"ListItem\",\"position\":2,\"name\":\"Davos: Hotel Fl\u00fcela wird renoviert und unter einer Hyatt-Marke betrieben\"}]},{\"@type\":\"WebSite\",\"@id\":\"https:\\\/\\\/www.immobilienbusiness.ch\\\/#website\",\"url\":\"https:\\\/\\\/www.immobilienbusiness.ch\\\/\",\"name\":\"IMMOBILIEN Business\",\"description\":\"Unabh\u00e4ngiges Schweizer Wirtschaftsmagazin mit Fokus auf Immobilien, Architektur- und Bau sowie Investment- und Finanzierung.\",\"publisher\":{\"@id\":\"https:\\\/\\\/www.immobilienbusiness.ch\\\/#organization\"},\"potentialAction\":[{\"@type\":\"SearchAction\",\"target\":{\"@type\":\"EntryPoint\",\"urlTemplate\":\"https:\\\/\\\/www.immobilienbusiness.ch\\\/?s={search_term_string}\"},\"query-input\":{\"@type\":\"PropertyValueSpecification\",\"valueRequired\":true,\"valueName\":\"search_term_string\"}}],\"inLanguage\":\"de\"},{\"@type\":\"Organization\",\"@id\":\"https:\\\/\\\/www.immobilienbusiness.ch\\\/#organization\",\"name\":\"IMMOBILIEN Business\",\"url\":\"https:\\\/\\\/www.immobilienbusiness.ch\\\/\",\"logo\":{\"@type\":\"ImageObject\",\"inLanguage\":\"de\",\"@id\":\"https:\\\/\\\/www.immobilienbusiness.ch\\\/#\\\/schema\\\/logo\\\/image\\\/\",\"url\":\"https:\\\/\\\/www.immobilienbusiness.ch\\\/wp-content\\\/uploads\\\/2021\\\/07\\\/logo_ib.png\",\"contentUrl\":\"https:\\\/\\\/www.immobilienbusiness.ch\\\/wp-content\\\/uploads\\\/2021\\\/07\\\/logo_ib.png\",\"width\":800,\"height\":181,\"caption\":\"IMMOBILIEN Business\"},\"image\":{\"@id\":\"https:\\\/\\\/www.immobilienbusiness.ch\\\/#\\\/schema\\\/logo\\\/image\\\/\"},\"sameAs\":[\"https:\\\/\\\/www.facebook.com\\\/immobilienbusiness\\\/\"]},{\"@type\":\"Person\",\"@id\":\"https:\\\/\\\/www.immobilienbusiness.ch\\\/#\\\/schema\\\/person\\\/aba8bea2db926aa0c24c08c43fe1fcd5\",\"name\":\"Alexander Wachter\",\"image\":{\"@type\":\"ImageObject\",\"inLanguage\":\"de\",\"@id\":\"https:\\\/\\\/secure.gravatar.com\\\/avatar\\\/1a09e471f5389b0e0a6416eac287e0927c7c97a7b77f9e787eba3af7aee281dd?s=96&d=mm&r=g\",\"url\":\"https:\\\/\\\/secure.gravatar.com\\\/avatar\\\/1a09e471f5389b0e0a6416eac287e0927c7c97a7b77f9e787eba3af7aee281dd?s=96&d=mm&r=g\",\"contentUrl\":\"https:\\\/\\\/secure.gravatar.com\\\/avatar\\\/1a09e471f5389b0e0a6416eac287e0927c7c97a7b77f9e787eba3af7aee281dd?s=96&d=mm&r=g\",\"caption\":\"Alexander Wachter\"},\"url\":\"https:\\\/\\\/www.immobilienbusiness.ch\\\/de\\\/author\\\/alexander-wachter\\\/\"}]}<\/script>\n<!-- \/ Yoast SEO plugin. -->","yoast_head_json":{"title":"Davos: Hotel Fl\u00fcela wird renoviert und unter einer Hyatt-Marke betrieben - IMMOBILIEN Business","description":"Eine Franchise-Vereinbarung f\u00fcr das historische Hotel Fl\u00fcela in Davos hat Hyatt mit der Davos Luxury Properties AG unterzeichnet.","robots":{"index":"index","follow":"follow","max-snippet":"max-snippet:-1","max-image-preview":"max-image-preview:large","max-video-preview":"max-video-preview:-1"},"canonical":"https:\/\/www.immobilienbusiness.ch\/de\/regionen\/2023-01-04\/davos-hotel-flueela-wird-renoviert-und-unter-einer-hyatt-marke-betrieben\/","og_locale":"de_DE","og_type":"article","og_title":"Davos: Hotel Fl\u00fcela wird renoviert und unter einer Hyatt-Marke betrieben - IMMOBILIEN Business","og_description":"Eine Franchise-Vereinbarung f\u00fcr das historische Hotel Fl\u00fcela in Davos hat Hyatt mit der Davos Luxury Properties AG unterzeichnet.","og_url":"https:\/\/www.immobilienbusiness.ch\/de\/regionen\/2023-01-04\/davos-hotel-flueela-wird-renoviert-und-unter-einer-hyatt-marke-betrieben\/","og_site_name":"IMMOBILIEN Business","article_publisher":"https:\/\/www.facebook.com\/immobilienbusiness\/","article_published_time":"2023-01-04T04:15:00+00:00","article_modified_time":"2023-01-04T18:26:44+00:00","og_image":[{"width":1024,"height":685,"url":"https:\/\/www.immobilienbusiness.ch\/wp-content\/uploads\/2023\/01\/1024px-Davos2.jpg","type":"image\/jpeg"}],"author":"Alexander Wachter","twitter_card":"summary_large_image","schema":{"@context":"https:\/\/schema.org","@graph":[{"@type":"Article","@id":"https:\/\/www.immobilienbusiness.ch\/de\/regionen\/2023-01-04\/davos-hotel-flueela-wird-renoviert-und-unter-einer-hyatt-marke-betrieben\/#article","isPartOf":{"@id":"https:\/\/www.immobilienbusiness.ch\/de\/regionen\/2023-01-04\/davos-hotel-flueela-wird-renoviert-und-unter-einer-hyatt-marke-betrieben\/"},"author":{"name":"Alexander Wachter","@id":"https:\/\/www.immobilienbusiness.ch\/#\/schema\/person\/aba8bea2db926aa0c24c08c43fe1fcd5"},"headline":"Davos: Hotel Fl\u00fcela wird renoviert und unter einer Hyatt-Marke betrieben","datePublished":"2023-01-04T04:15:00+00:00","dateModified":"2023-01-04T18:26:44+00:00","mainEntityOfPage":{"@id":"https:\/\/www.immobilienbusiness.ch\/de\/regionen\/2023-01-04\/davos-hotel-flueela-wird-renoviert-und-unter-einer-hyatt-marke-betrieben\/"},"wordCount":131,"publisher":{"@id":"https:\/\/www.immobilienbusiness.ch\/#organization"},"image":{"@id":"https:\/\/www.immobilienbusiness.ch\/de\/regionen\/2023-01-04\/davos-hotel-flueela-wird-renoviert-und-unter-einer-hyatt-marke-betrieben\/#primaryimage"},"thumbnailUrl":"https:\/\/www.immobilienbusiness.ch\/wp-content\/uploads\/2023\/01\/1024px-Davos2.jpg","keywords":["Davos","Hotel","Hyatt","Projekt in Planung","Sanierung"],"articleSection":["REGIONEN"],"inLanguage":"de"},{"@type":"WebPage","@id":"https:\/\/www.immobilienbusiness.ch\/de\/regionen\/2023-01-04\/davos-hotel-flueela-wird-renoviert-und-unter-einer-hyatt-marke-betrieben\/","url":"https:\/\/www.immobilienbusiness.ch\/de\/regionen\/2023-01-04\/davos-hotel-flueela-wird-renoviert-und-unter-einer-hyatt-marke-betrieben\/","name":"Davos: Hotel Fl\u00fcela wird renoviert und unter einer Hyatt-Marke betrieben - IMMOBILIEN Business","isPartOf":{"@id":"https:\/\/www.immobilienbusiness.ch\/#website"},"primaryImageOfPage":{"@id":"https:\/\/www.immobilienbusiness.ch\/de\/regionen\/2023-01-04\/davos-hotel-flueela-wird-renoviert-und-unter-einer-hyatt-marke-betrieben\/#primaryimage"},"image":{"@id":"https:\/\/www.immobilienbusiness.ch\/de\/regionen\/2023-01-04\/davos-hotel-flueela-wird-renoviert-und-unter-einer-hyatt-marke-betrieben\/#primaryimage"},"thumbnailUrl":"https:\/\/www.immobilienbusiness.ch\/wp-content\/uploads\/2023\/01\/1024px-Davos2.jpg","datePublished":"2023-01-04T04:15:00+00:00","dateModified":"2023-01-04T18:26:44+00:00","description":"Eine Franchise-Vereinbarung f\u00fcr das historische Hotel Fl\u00fcela in Davos hat Hyatt mit der Davos Luxury Properties AG unterzeichnet.","breadcrumb":{"@id":"https:\/\/www.immobilienbusiness.ch\/de\/regionen\/2023-01-04\/davos-hotel-flueela-wird-renoviert-und-unter-einer-hyatt-marke-betrieben\/#breadcrumb"},"inLanguage":"de","potentialAction":[{"@type":"ReadAction","target":["https:\/\/www.immobilienbusiness.ch\/de\/regionen\/2023-01-04\/davos-hotel-flueela-wird-renoviert-und-unter-einer-hyatt-marke-betrieben\/"]}]},{"@type":"ImageObject","inLanguage":"de","@id":"https:\/\/www.immobilienbusiness.ch\/de\/regionen\/2023-01-04\/davos-hotel-flueela-wird-renoviert-und-unter-einer-hyatt-marke-betrieben\/#primaryimage","url":"https:\/\/www.immobilienbusiness.ch\/wp-content\/uploads\/2023\/01\/1024px-Davos2.jpg","contentUrl":"https:\/\/www.immobilienbusiness.ch\/wp-content\/uploads\/2023\/01\/1024px-Davos2.jpg","width":1024,"height":685,"caption":"Serviced Apartments boomen - auch in Davos (Foto: MadGeographer (https:\/\/commons.wikimedia.org\/wiki\/File:Davos2.jpg), \u201eDavos2\u201c, https:\/\/creativecommons.org\/licenses\/by-sa\/3.0\/legalcode)"},{"@type":"BreadcrumbList","@id":"https:\/\/www.immobilienbusiness.ch\/de\/regionen\/2023-01-04\/davos-hotel-flueela-wird-renoviert-und-unter-einer-hyatt-marke-betrieben\/#breadcrumb","itemListElement":[{"@type":"ListItem","position":1,"name":"Home","item":"https:\/\/www.immobilienbusiness.ch\/"},{"@type":"ListItem","position":2,"name":"Davos: Hotel Fl\u00fcela wird renoviert und unter einer Hyatt-Marke betrieben"}]},{"@type":"WebSite","@id":"https:\/\/www.immobilienbusiness.ch\/#website","url":"https:\/\/www.immobilienbusiness.ch\/","name":"IMMOBILIEN Business","description":"Unabh\u00e4ngiges Schweizer Wirtschaftsmagazin mit Fokus auf Immobilien, Architektur- und Bau sowie Investment- und Finanzierung.","publisher":{"@id":"https:\/\/www.immobilienbusiness.ch\/#organization"},"potentialAction":[{"@type":"SearchAction","target":{"@type":"EntryPoint","urlTemplate":"https:\/\/www.immobilienbusiness.ch\/?s={search_term_string}"},"query-input":{"@type":"PropertyValueSpecification","valueRequired":true,"valueName":"search_term_string"}}],"inLanguage":"de"},{"@type":"Organization","@id":"https:\/\/www.immobilienbusiness.ch\/#organization","name":"IMMOBILIEN Business","url":"https:\/\/www.immobilienbusiness.ch\/","logo":{"@type":"ImageObject","inLanguage":"de","@id":"https:\/\/www.immobilienbusiness.ch\/#\/schema\/logo\/image\/","url":"https:\/\/www.immobilienbusiness.ch\/wp-content\/uploads\/2021\/07\/logo_ib.png","contentUrl":"https:\/\/www.immobilienbusiness.ch\/wp-content\/uploads\/2021\/07\/logo_ib.png","width":800,"height":181,"caption":"IMMOBILIEN Business"},"image":{"@id":"https:\/\/www.immobilienbusiness.ch\/#\/schema\/logo\/image\/"},"sameAs":["https:\/\/www.facebook.com\/immobilienbusiness\/"]},{"@type":"Person","@id":"https:\/\/www.immobilienbusiness.ch\/#\/schema\/person\/aba8bea2db926aa0c24c08c43fe1fcd5","name":"Alexander Wachter","image":{"@type":"ImageObject","inLanguage":"de","@id":"https:\/\/secure.gravatar.com\/avatar\/1a09e471f5389b0e0a6416eac287e0927c7c97a7b77f9e787eba3af7aee281dd?s=96&d=mm&r=g","url":"https:\/\/secure.gravatar.com\/avatar\/1a09e471f5389b0e0a6416eac287e0927c7c97a7b77f9e787eba3af7aee281dd?s=96&d=mm&r=g","contentUrl":"https:\/\/secure.gravatar.com\/avatar\/1a09e471f5389b0e0a6416eac287e0927c7c97a7b77f9e787eba3af7aee281dd?s=96&d=mm&r=g","caption":"Alexander Wachter"},"url":"https:\/\/www.immobilienbusiness.ch\/de\/author\/alexander-wachter\/"}]}},"_links":{"self":[{"href":"https:\/\/www.immobilienbusiness.ch\/de\/wp-json\/wp\/v2\/posts\/45319","targetHints":{"allow":["GET"]}}],"collection":[{"href":"https:\/\/www.immobilienbusiness.ch\/de\/wp-json\/wp\/v2\/posts"}],"about":[{"href":"https:\/\/www.immobilienbusiness.ch\/de\/wp-json\/wp\/v2\/types\/post"}],"author":[{"embeddable":true,"href":"https:\/\/www.immobilienbusiness.ch\/de\/wp-json\/wp\/v2\/users\/102"}],"replies":[{"embeddable":true,"href":"https:\/\/www.immobilienbusiness.ch\/de\/wp-json\/wp\/v2\/comments?post=45319"}],"version-history":[{"count":4,"href":"https:\/\/www.immobilienbusiness.ch\/de\/wp-json\/wp\/v2\/posts\/45319\/revisions"}],"predecessor-version":[{"id":45321,"href":"https:\/\/www.immobilienbusiness.ch\/de\/wp-json\/wp\/v2\/posts\/45319\/revisions\/45321"}],"wp:featuredmedia":[{"embeddable":true,"href":"https:\/\/www.immobilienbusiness.ch\/de\/wp-json\/wp\/v2\/media\/45323"}],"wp:attachment":[{"href":"https:\/\/www.immobilienbusiness.ch\/de\/wp-json\/wp\/v2\/media?parent=45319"}],"wp:term":[{"taxonomy":"category","embeddable":true,"href":"https:\/\/www.immobilienbusiness.ch\/de\/wp-json\/wp\/v2\/categories?post=45319"},{"taxonomy":"post_tag","embeddable":true,"href":"https:\/\/www.immobilienbusiness.ch\/de\/wp-json\/wp\/v2\/tags?post=45319"}],"curies":[{"name":"wp","href":"https:\/\/api.w.org\/{rel}","templated":true}]}}