{"id":45293,"date":"2023-01-03T08:34:37","date_gmt":"2023-01-03T07:34:37","guid":{"rendered":"https:\/\/www.immobilienbusiness.ch\/?p=45293"},"modified":"2023-01-03T08:35:48","modified_gmt":"2023-01-03T07:35:48","slug":"basel-herzog-de-meuron-duerfen-hochhaus-an-der-messe-planen","status":"publish","type":"post","link":"https:\/\/www.immobilienbusiness.ch\/de\/regionen\/2023-01-03\/basel-herzog-de-meuron-duerfen-hochhaus-an-der-messe-planen\/","title":{"rendered":"Basel: Herzog &#038; de Meuron d\u00fcrfen Hochhaus an der Messe planen"},"content":{"rendered":"<figure id=\"attachment_45294\" aria-describedby=\"caption-attachment-45294\" style=\"width: 1400px\" class=\"wp-caption alignnone\"><a href=\"https:\/\/www.immobilienbusiness.ch\/wp-content\/uploads\/2023\/01\/Rooseli-scaled.jpeg\"><img loading=\"lazy\" decoding=\"async\" class=\"size-full wp-image-45294\" src=\"https:\/\/www.immobilienbusiness.ch\/wp-content\/uploads\/2023\/01\/Rooseli-scaled.jpeg\" alt=\"\" width=\"1400\" height=\"1011\" srcset=\"https:\/\/www.immobilienbusiness.ch\/wp-content\/uploads\/2023\/01\/Rooseli-scaled.jpeg 1200w, https:\/\/www.immobilienbusiness.ch\/wp-content\/uploads\/2023\/01\/Rooseli-300x217.jpeg 300w, https:\/\/www.immobilienbusiness.ch\/wp-content\/uploads\/2023\/01\/Rooseli-1024x740.jpeg 1024w, https:\/\/www.immobilienbusiness.ch\/wp-content\/uploads\/2023\/01\/Rooseli-768x555.jpeg 768w, https:\/\/www.immobilienbusiness.ch\/wp-content\/uploads\/2023\/01\/Rooseli-1536x1109.jpeg 1536w, https:\/\/www.immobilienbusiness.ch\/wp-content\/uploads\/2023\/01\/Rooseli-2048x1479.jpeg 2048w, https:\/\/www.immobilienbusiness.ch\/wp-content\/uploads\/2023\/01\/Rooseli-18x12.jpeg 18w, https:\/\/www.immobilienbusiness.ch\/wp-content\/uploads\/2023\/01\/Rooseli-375x271.jpeg 375w, https:\/\/www.immobilienbusiness.ch\/wp-content\/uploads\/2023\/01\/Rooseli-485x350.jpeg 485w, https:\/\/www.immobilienbusiness.ch\/wp-content\/uploads\/2023\/01\/Rooseli-1000x722.jpeg 1000w\" sizes=\"auto, (max-width: 1400px) 100vw, 1400px\" \/><\/a><figcaption id=\"caption-attachment-45294\" class=\"wp-caption-text\">Die Visualisierung des Projekts (Bild: HRS)<\/figcaption><\/figure>\n<p>Das Parkhaus der Messe Basel an der Rosentalanlage wird durch einen Neubau ersetzt, der Wohnungen, B\u00fcros und quartierdienliche Nutzungen verbinden soll. Die Parkpl\u00e4tze f\u00fcr den Messe- und Kongressbetrieb werden in mehrere Untergeschosse verlegt. Der Wettbewerb wurde Anfang 2022 auf Grundlage eines rechtsg\u00fcltigen Bebauungsplans ausgeschrieben. Eingeladen wurden sieben Architekturb\u00fcros aus Basel und Z\u00fcrich. Damit sollte sichergestellt werden, \u00abdass die neue Bebauung mit einem architektonisch hochstehenden und wirtschaftlichen Projekt gem\u00e4ss einem \u00fcberzeugenden st\u00e4dtebaulichen Gesamtkonzept erfolgt.\u00bb<\/p>\n<p>Das neue Geb\u00e4ude soll helfen, den Messestandort ausserhalb der Messe\u00f6ffnungszeiten zu beleben. Der Entwurf besteht aus drei Geb\u00e4uden, einer zum Messeplatz gestellten Hochhausscheibe, einem niedrigen Geb\u00e4ude entlang der Riehenstrasse und einem Pavillon, der einen neuen \u00f6ffentlichen Freiraum zwischen Turm und L\u00e4ngsbau besetzt. Zudem ist neuer \u00f6ffentlicher geplant. Er erweitert die heutige Rosentalanlage um einen locker gepflanzten Baumhain.<\/p>\n<h3>350 Wohnungen und 4.500 qm Gewerbefl\u00e4chen<\/h3>\n<p>Nebst rund 4.500 qm \u00f6ffentlich und halb\u00f6ffentlichen Gewerbefl\u00e4chen auf Platz- und Strassenniveau umfasst das Projekt 350 Wohnungen mit 2 bis 5,5 Zimmern. 100 Wohnungen sollen im preisg\u00fcnstigen Segment entstehen. Das vorliegende Projekt wird im kommenden Jahr hin zu einer Baueingabe weiterentwickelt, mit dem Ziel eines Realisierungsbeginns im Jahr 2024.<\/p>\n<h3>Kooperation von MCH und HRS<\/h3>\n<p>Entwicklung, Finanzierung und Realisierung des Projekts \u00fcbernimmt eine Kooperation zwischen der MCH Group und dem Immobiliendienstleister HRS Real Estate AG. HRS war im Auftrag der MCH Group bereits als Totalunternehmen f\u00fcr die Realisierung der 2013 in Betrieb genommenen Halle 1 S\u00fcd verantwortlich und tr\u00e4gt beim Projekt die Gesamtleitung f\u00fcr die weitere Projektentwicklung, die Suche und Auswahl der Investoren sowie die Realisierung und Vermarktung. <i>(aw)<\/i><\/p>\n","protected":false},"excerpt":{"rendered":"<p>Beim anonymen Projektwettbewerb f\u00fcr den Rosentalturm auf dem Areal des heutigen Parkhauses der Messe Basel hat sich die Jury einstimmig f\u00fcr das Projekt \u00abRooseli\u00bb von Herzog &#038; de Meuron entschieden.<\/p>\n","protected":false},"author":102,"featured_media":45294,"comment_status":"closed","ping_status":"closed","sticky":false,"template":"","format":"standard","meta":{"_acf_changed":false,"_yoast_wpseo_focuskw":"Rosentalturm","_yoast_wpseo_title":"","_yoast_wpseo_metadesc":"Beim anonymen Projektwettbewerb f\u00fcr den Rosentalturm auf dem Areal des heutigen Parkhauses der Messe Basel hat sich die Jury einstimmig f\u00fcr das Projekt \u00abRooseli\u00bb von Herzog & de Meuron entschieden.","_yoast_wpseo_linkdex":49,"pgc_sgb_lightbox_settings":"","footnotes":""},"categories":[985],"tags":[1069,1118,1308,2100,2134,1600,1862],"class_list":["post-45293","post","type-post","status-publish","format-standard","has-post-thumbnail","hentry","category-regionen","tag-basel","tag-buero","tag-hochhaus","tag-hrs","tag-mch","tag-projekt-in-planung","tag-wohnen"],"acf":[],"yoast_head":"<!-- This site is optimized with the Yoast SEO plugin v27.4 - https:\/\/yoast.com\/product\/yoast-seo-wordpress\/ -->\n<title>Basel: Herzog &amp; de Meuron d\u00fcrfen Hochhaus an der Messe planen - IMMOBILIEN Business<\/title>\n<meta name=\"description\" content=\"Beim anonymen Projektwettbewerb f\u00fcr den Rosentalturm auf dem Areal des heutigen Parkhauses der Messe Basel hat sich die Jury einstimmig f\u00fcr das Projekt \u00abRooseli\u00bb von Herzog &amp; de Meuron entschieden.\" \/>\n<meta name=\"robots\" content=\"index, follow, max-snippet:-1, max-image-preview:large, max-video-preview:-1\" \/>\n<link rel=\"canonical\" href=\"https:\/\/www.immobilienbusiness.ch\/de\/regionen\/2023-01-03\/basel-herzog-de-meuron-duerfen-hochhaus-an-der-messe-planen\/\" \/>\n<meta property=\"og:locale\" content=\"de_DE\" \/>\n<meta property=\"og:type\" content=\"article\" \/>\n<meta property=\"og:title\" content=\"Basel: Herzog &amp; de Meuron d\u00fcrfen Hochhaus an der Messe planen - IMMOBILIEN Business\" \/>\n<meta property=\"og:description\" content=\"Beim anonymen Projektwettbewerb f\u00fcr den Rosentalturm auf dem Areal des heutigen Parkhauses der Messe Basel hat sich die Jury einstimmig f\u00fcr das Projekt \u00abRooseli\u00bb von Herzog &amp; de Meuron entschieden.\" \/>\n<meta property=\"og:url\" content=\"https:\/\/www.immobilienbusiness.ch\/de\/regionen\/2023-01-03\/basel-herzog-de-meuron-duerfen-hochhaus-an-der-messe-planen\/\" \/>\n<meta property=\"og:site_name\" content=\"IMMOBILIEN Business\" \/>\n<meta property=\"article:publisher\" content=\"https:\/\/www.facebook.com\/immobilienbusiness\/\" \/>\n<meta property=\"article:published_time\" content=\"2023-01-03T07:34:37+00:00\" \/>\n<meta property=\"article:modified_time\" content=\"2023-01-03T07:35:48+00:00\" \/>\n<meta property=\"og:image\" content=\"https:\/\/www.immobilienbusiness.ch\/wp-content\/uploads\/2023\/01\/Rooseli-scaled.jpeg\" \/>\n\t<meta property=\"og:image:width\" content=\"1200\" \/>\n\t<meta property=\"og:image:height\" content=\"867\" \/>\n\t<meta property=\"og:image:type\" content=\"image\/jpeg\" \/>\n<meta name=\"author\" content=\"Alexander Wachter\" \/>\n<meta name=\"twitter:card\" content=\"summary_large_image\" \/>\n<script type=\"application\/ld+json\" class=\"yoast-schema-graph\">{\"@context\":\"https:\\\/\\\/schema.org\",\"@graph\":[{\"@type\":\"Article\",\"@id\":\"https:\\\/\\\/www.immobilienbusiness.ch\\\/it\\\/regionen\\\/2023-01-03\\\/basel-herzog-de-meuron-duerfen-hochhaus-an-der-messe-planen\\\/#article\",\"isPartOf\":{\"@id\":\"https:\\\/\\\/www.immobilienbusiness.ch\\\/it\\\/regionen\\\/2023-01-03\\\/basel-herzog-de-meuron-duerfen-hochhaus-an-der-messe-planen\\\/\"},\"author\":{\"name\":\"Alexander Wachter\",\"@id\":\"https:\\\/\\\/www.immobilienbusiness.ch\\\/#\\\/schema\\\/person\\\/aba8bea2db926aa0c24c08c43fe1fcd5\"},\"headline\":\"Basel: Herzog &#038; de Meuron d\u00fcrfen Hochhaus an der Messe planen\",\"datePublished\":\"2023-01-03T07:34:37+00:00\",\"dateModified\":\"2023-01-03T07:35:48+00:00\",\"mainEntityOfPage\":{\"@id\":\"https:\\\/\\\/www.immobilienbusiness.ch\\\/it\\\/regionen\\\/2023-01-03\\\/basel-herzog-de-meuron-duerfen-hochhaus-an-der-messe-planen\\\/\"},\"wordCount\":288,\"publisher\":{\"@id\":\"https:\\\/\\\/www.immobilienbusiness.ch\\\/#organization\"},\"image\":{\"@id\":\"https:\\\/\\\/www.immobilienbusiness.ch\\\/it\\\/regionen\\\/2023-01-03\\\/basel-herzog-de-meuron-duerfen-hochhaus-an-der-messe-planen\\\/#primaryimage\"},\"thumbnailUrl\":\"https:\\\/\\\/www.immobilienbusiness.ch\\\/wp-content\\\/uploads\\\/2023\\\/01\\\/Rooseli-scaled.jpeg\",\"keywords\":[\"Basel\",\"B\u00fcro\",\"Hochhaus\",\"HRS\",\"MCH\",\"Projekt in Planung\",\"Wohnen\"],\"articleSection\":[\"REGIONEN\"],\"inLanguage\":\"de\"},{\"@type\":\"WebPage\",\"@id\":\"https:\\\/\\\/www.immobilienbusiness.ch\\\/it\\\/regionen\\\/2023-01-03\\\/basel-herzog-de-meuron-duerfen-hochhaus-an-der-messe-planen\\\/\",\"url\":\"https:\\\/\\\/www.immobilienbusiness.ch\\\/it\\\/regionen\\\/2023-01-03\\\/basel-herzog-de-meuron-duerfen-hochhaus-an-der-messe-planen\\\/\",\"name\":\"Basel: Herzog & de Meuron d\u00fcrfen Hochhaus an der Messe planen - IMMOBILIEN Business\",\"isPartOf\":{\"@id\":\"https:\\\/\\\/www.immobilienbusiness.ch\\\/#website\"},\"primaryImageOfPage\":{\"@id\":\"https:\\\/\\\/www.immobilienbusiness.ch\\\/it\\\/regionen\\\/2023-01-03\\\/basel-herzog-de-meuron-duerfen-hochhaus-an-der-messe-planen\\\/#primaryimage\"},\"image\":{\"@id\":\"https:\\\/\\\/www.immobilienbusiness.ch\\\/it\\\/regionen\\\/2023-01-03\\\/basel-herzog-de-meuron-duerfen-hochhaus-an-der-messe-planen\\\/#primaryimage\"},\"thumbnailUrl\":\"https:\\\/\\\/www.immobilienbusiness.ch\\\/wp-content\\\/uploads\\\/2023\\\/01\\\/Rooseli-scaled.jpeg\",\"datePublished\":\"2023-01-03T07:34:37+00:00\",\"dateModified\":\"2023-01-03T07:35:48+00:00\",\"description\":\"Beim anonymen Projektwettbewerb f\u00fcr den Rosentalturm auf dem Areal des heutigen Parkhauses der Messe Basel hat sich die Jury einstimmig f\u00fcr das Projekt \u00abRooseli\u00bb von Herzog & de Meuron entschieden.\",\"breadcrumb\":{\"@id\":\"https:\\\/\\\/www.immobilienbusiness.ch\\\/it\\\/regionen\\\/2023-01-03\\\/basel-herzog-de-meuron-duerfen-hochhaus-an-der-messe-planen\\\/#breadcrumb\"},\"inLanguage\":\"de\",\"potentialAction\":[{\"@type\":\"ReadAction\",\"target\":[\"https:\\\/\\\/www.immobilienbusiness.ch\\\/it\\\/regionen\\\/2023-01-03\\\/basel-herzog-de-meuron-duerfen-hochhaus-an-der-messe-planen\\\/\"]}]},{\"@type\":\"ImageObject\",\"inLanguage\":\"de\",\"@id\":\"https:\\\/\\\/www.immobilienbusiness.ch\\\/it\\\/regionen\\\/2023-01-03\\\/basel-herzog-de-meuron-duerfen-hochhaus-an-der-messe-planen\\\/#primaryimage\",\"url\":\"https:\\\/\\\/www.immobilienbusiness.ch\\\/wp-content\\\/uploads\\\/2023\\\/01\\\/Rooseli-scaled.jpeg\",\"contentUrl\":\"https:\\\/\\\/www.immobilienbusiness.ch\\\/wp-content\\\/uploads\\\/2023\\\/01\\\/Rooseli-scaled.jpeg\",\"width\":1200,\"height\":867,\"caption\":\"Die Visualisierung des Projekts (Bild: HRS)\"},{\"@type\":\"BreadcrumbList\",\"@id\":\"https:\\\/\\\/www.immobilienbusiness.ch\\\/it\\\/regionen\\\/2023-01-03\\\/basel-herzog-de-meuron-duerfen-hochhaus-an-der-messe-planen\\\/#breadcrumb\",\"itemListElement\":[{\"@type\":\"ListItem\",\"position\":1,\"name\":\"Home\",\"item\":\"https:\\\/\\\/www.immobilienbusiness.ch\\\/\"},{\"@type\":\"ListItem\",\"position\":2,\"name\":\"Basel: Herzog &#038; de Meuron d\u00fcrfen Hochhaus an der Messe planen\"}]},{\"@type\":\"WebSite\",\"@id\":\"https:\\\/\\\/www.immobilienbusiness.ch\\\/#website\",\"url\":\"https:\\\/\\\/www.immobilienbusiness.ch\\\/\",\"name\":\"IMMOBILIEN Business\",\"description\":\"Unabh\u00e4ngiges Schweizer Wirtschaftsmagazin mit Fokus auf Immobilien, Architektur- und Bau sowie Investment- und Finanzierung.\",\"publisher\":{\"@id\":\"https:\\\/\\\/www.immobilienbusiness.ch\\\/#organization\"},\"potentialAction\":[{\"@type\":\"SearchAction\",\"target\":{\"@type\":\"EntryPoint\",\"urlTemplate\":\"https:\\\/\\\/www.immobilienbusiness.ch\\\/?s={search_term_string}\"},\"query-input\":{\"@type\":\"PropertyValueSpecification\",\"valueRequired\":true,\"valueName\":\"search_term_string\"}}],\"inLanguage\":\"de\"},{\"@type\":\"Organization\",\"@id\":\"https:\\\/\\\/www.immobilienbusiness.ch\\\/#organization\",\"name\":\"IMMOBILIEN Business\",\"url\":\"https:\\\/\\\/www.immobilienbusiness.ch\\\/\",\"logo\":{\"@type\":\"ImageObject\",\"inLanguage\":\"de\",\"@id\":\"https:\\\/\\\/www.immobilienbusiness.ch\\\/#\\\/schema\\\/logo\\\/image\\\/\",\"url\":\"https:\\\/\\\/www.immobilienbusiness.ch\\\/wp-content\\\/uploads\\\/2021\\\/07\\\/logo_ib.png\",\"contentUrl\":\"https:\\\/\\\/www.immobilienbusiness.ch\\\/wp-content\\\/uploads\\\/2021\\\/07\\\/logo_ib.png\",\"width\":800,\"height\":181,\"caption\":\"IMMOBILIEN Business\"},\"image\":{\"@id\":\"https:\\\/\\\/www.immobilienbusiness.ch\\\/#\\\/schema\\\/logo\\\/image\\\/\"},\"sameAs\":[\"https:\\\/\\\/www.facebook.com\\\/immobilienbusiness\\\/\"]},{\"@type\":\"Person\",\"@id\":\"https:\\\/\\\/www.immobilienbusiness.ch\\\/#\\\/schema\\\/person\\\/aba8bea2db926aa0c24c08c43fe1fcd5\",\"name\":\"Alexander Wachter\",\"image\":{\"@type\":\"ImageObject\",\"inLanguage\":\"de\",\"@id\":\"https:\\\/\\\/secure.gravatar.com\\\/avatar\\\/1a09e471f5389b0e0a6416eac287e0927c7c97a7b77f9e787eba3af7aee281dd?s=96&d=mm&r=g\",\"url\":\"https:\\\/\\\/secure.gravatar.com\\\/avatar\\\/1a09e471f5389b0e0a6416eac287e0927c7c97a7b77f9e787eba3af7aee281dd?s=96&d=mm&r=g\",\"contentUrl\":\"https:\\\/\\\/secure.gravatar.com\\\/avatar\\\/1a09e471f5389b0e0a6416eac287e0927c7c97a7b77f9e787eba3af7aee281dd?s=96&d=mm&r=g\",\"caption\":\"Alexander Wachter\"},\"url\":\"https:\\\/\\\/www.immobilienbusiness.ch\\\/de\\\/author\\\/alexander-wachter\\\/\"}]}<\/script>\n<!-- \/ Yoast SEO plugin. -->","yoast_head_json":{"title":"Basel: Herzog & de Meuron d\u00fcrfen Hochhaus an der Messe planen - IMMOBILIEN Business","description":"Beim anonymen Projektwettbewerb f\u00fcr den Rosentalturm auf dem Areal des heutigen Parkhauses der Messe Basel hat sich die Jury einstimmig f\u00fcr das Projekt \u00abRooseli\u00bb von Herzog & de Meuron entschieden.","robots":{"index":"index","follow":"follow","max-snippet":"max-snippet:-1","max-image-preview":"max-image-preview:large","max-video-preview":"max-video-preview:-1"},"canonical":"https:\/\/www.immobilienbusiness.ch\/de\/regionen\/2023-01-03\/basel-herzog-de-meuron-duerfen-hochhaus-an-der-messe-planen\/","og_locale":"de_DE","og_type":"article","og_title":"Basel: Herzog & de Meuron d\u00fcrfen Hochhaus an der Messe planen - IMMOBILIEN Business","og_description":"Beim anonymen Projektwettbewerb f\u00fcr den Rosentalturm auf dem Areal des heutigen Parkhauses der Messe Basel hat sich die Jury einstimmig f\u00fcr das Projekt \u00abRooseli\u00bb von Herzog & de Meuron entschieden.","og_url":"https:\/\/www.immobilienbusiness.ch\/de\/regionen\/2023-01-03\/basel-herzog-de-meuron-duerfen-hochhaus-an-der-messe-planen\/","og_site_name":"IMMOBILIEN Business","article_publisher":"https:\/\/www.facebook.com\/immobilienbusiness\/","article_published_time":"2023-01-03T07:34:37+00:00","article_modified_time":"2023-01-03T07:35:48+00:00","og_image":[{"width":1200,"height":867,"url":"https:\/\/www.immobilienbusiness.ch\/wp-content\/uploads\/2023\/01\/Rooseli-scaled.jpeg","type":"image\/jpeg"}],"author":"Alexander Wachter","twitter_card":"summary_large_image","schema":{"@context":"https:\/\/schema.org","@graph":[{"@type":"Article","@id":"https:\/\/www.immobilienbusiness.ch\/it\/regionen\/2023-01-03\/basel-herzog-de-meuron-duerfen-hochhaus-an-der-messe-planen\/#article","isPartOf":{"@id":"https:\/\/www.immobilienbusiness.ch\/it\/regionen\/2023-01-03\/basel-herzog-de-meuron-duerfen-hochhaus-an-der-messe-planen\/"},"author":{"name":"Alexander Wachter","@id":"https:\/\/www.immobilienbusiness.ch\/#\/schema\/person\/aba8bea2db926aa0c24c08c43fe1fcd5"},"headline":"Basel: Herzog &#038; de Meuron d\u00fcrfen Hochhaus an der Messe planen","datePublished":"2023-01-03T07:34:37+00:00","dateModified":"2023-01-03T07:35:48+00:00","mainEntityOfPage":{"@id":"https:\/\/www.immobilienbusiness.ch\/it\/regionen\/2023-01-03\/basel-herzog-de-meuron-duerfen-hochhaus-an-der-messe-planen\/"},"wordCount":288,"publisher":{"@id":"https:\/\/www.immobilienbusiness.ch\/#organization"},"image":{"@id":"https:\/\/www.immobilienbusiness.ch\/it\/regionen\/2023-01-03\/basel-herzog-de-meuron-duerfen-hochhaus-an-der-messe-planen\/#primaryimage"},"thumbnailUrl":"https:\/\/www.immobilienbusiness.ch\/wp-content\/uploads\/2023\/01\/Rooseli-scaled.jpeg","keywords":["Basel","B\u00fcro","Hochhaus","HRS","MCH","Projekt in Planung","Wohnen"],"articleSection":["REGIONEN"],"inLanguage":"de"},{"@type":"WebPage","@id":"https:\/\/www.immobilienbusiness.ch\/it\/regionen\/2023-01-03\/basel-herzog-de-meuron-duerfen-hochhaus-an-der-messe-planen\/","url":"https:\/\/www.immobilienbusiness.ch\/it\/regionen\/2023-01-03\/basel-herzog-de-meuron-duerfen-hochhaus-an-der-messe-planen\/","name":"Basel: Herzog & de Meuron d\u00fcrfen Hochhaus an der Messe planen - IMMOBILIEN Business","isPartOf":{"@id":"https:\/\/www.immobilienbusiness.ch\/#website"},"primaryImageOfPage":{"@id":"https:\/\/www.immobilienbusiness.ch\/it\/regionen\/2023-01-03\/basel-herzog-de-meuron-duerfen-hochhaus-an-der-messe-planen\/#primaryimage"},"image":{"@id":"https:\/\/www.immobilienbusiness.ch\/it\/regionen\/2023-01-03\/basel-herzog-de-meuron-duerfen-hochhaus-an-der-messe-planen\/#primaryimage"},"thumbnailUrl":"https:\/\/www.immobilienbusiness.ch\/wp-content\/uploads\/2023\/01\/Rooseli-scaled.jpeg","datePublished":"2023-01-03T07:34:37+00:00","dateModified":"2023-01-03T07:35:48+00:00","description":"Beim anonymen Projektwettbewerb f\u00fcr den Rosentalturm auf dem Areal des heutigen Parkhauses der Messe Basel hat sich die Jury einstimmig f\u00fcr das Projekt \u00abRooseli\u00bb von Herzog & de Meuron entschieden.","breadcrumb":{"@id":"https:\/\/www.immobilienbusiness.ch\/it\/regionen\/2023-01-03\/basel-herzog-de-meuron-duerfen-hochhaus-an-der-messe-planen\/#breadcrumb"},"inLanguage":"de","potentialAction":[{"@type":"ReadAction","target":["https:\/\/www.immobilienbusiness.ch\/it\/regionen\/2023-01-03\/basel-herzog-de-meuron-duerfen-hochhaus-an-der-messe-planen\/"]}]},{"@type":"ImageObject","inLanguage":"de","@id":"https:\/\/www.immobilienbusiness.ch\/it\/regionen\/2023-01-03\/basel-herzog-de-meuron-duerfen-hochhaus-an-der-messe-planen\/#primaryimage","url":"https:\/\/www.immobilienbusiness.ch\/wp-content\/uploads\/2023\/01\/Rooseli-scaled.jpeg","contentUrl":"https:\/\/www.immobilienbusiness.ch\/wp-content\/uploads\/2023\/01\/Rooseli-scaled.jpeg","width":1200,"height":867,"caption":"Die Visualisierung des Projekts (Bild: HRS)"},{"@type":"BreadcrumbList","@id":"https:\/\/www.immobilienbusiness.ch\/it\/regionen\/2023-01-03\/basel-herzog-de-meuron-duerfen-hochhaus-an-der-messe-planen\/#breadcrumb","itemListElement":[{"@type":"ListItem","position":1,"name":"Home","item":"https:\/\/www.immobilienbusiness.ch\/"},{"@type":"ListItem","position":2,"name":"Basel: Herzog &#038; de Meuron d\u00fcrfen Hochhaus an der Messe planen"}]},{"@type":"WebSite","@id":"https:\/\/www.immobilienbusiness.ch\/#website","url":"https:\/\/www.immobilienbusiness.ch\/","name":"IMMOBILIEN Business","description":"Unabh\u00e4ngiges Schweizer Wirtschaftsmagazin mit Fokus auf Immobilien, Architektur- und Bau sowie Investment- und Finanzierung.","publisher":{"@id":"https:\/\/www.immobilienbusiness.ch\/#organization"},"potentialAction":[{"@type":"SearchAction","target":{"@type":"EntryPoint","urlTemplate":"https:\/\/www.immobilienbusiness.ch\/?s={search_term_string}"},"query-input":{"@type":"PropertyValueSpecification","valueRequired":true,"valueName":"search_term_string"}}],"inLanguage":"de"},{"@type":"Organization","@id":"https:\/\/www.immobilienbusiness.ch\/#organization","name":"IMMOBILIEN Business","url":"https:\/\/www.immobilienbusiness.ch\/","logo":{"@type":"ImageObject","inLanguage":"de","@id":"https:\/\/www.immobilienbusiness.ch\/#\/schema\/logo\/image\/","url":"https:\/\/www.immobilienbusiness.ch\/wp-content\/uploads\/2021\/07\/logo_ib.png","contentUrl":"https:\/\/www.immobilienbusiness.ch\/wp-content\/uploads\/2021\/07\/logo_ib.png","width":800,"height":181,"caption":"IMMOBILIEN Business"},"image":{"@id":"https:\/\/www.immobilienbusiness.ch\/#\/schema\/logo\/image\/"},"sameAs":["https:\/\/www.facebook.com\/immobilienbusiness\/"]},{"@type":"Person","@id":"https:\/\/www.immobilienbusiness.ch\/#\/schema\/person\/aba8bea2db926aa0c24c08c43fe1fcd5","name":"Alexander Wachter","image":{"@type":"ImageObject","inLanguage":"de","@id":"https:\/\/secure.gravatar.com\/avatar\/1a09e471f5389b0e0a6416eac287e0927c7c97a7b77f9e787eba3af7aee281dd?s=96&d=mm&r=g","url":"https:\/\/secure.gravatar.com\/avatar\/1a09e471f5389b0e0a6416eac287e0927c7c97a7b77f9e787eba3af7aee281dd?s=96&d=mm&r=g","contentUrl":"https:\/\/secure.gravatar.com\/avatar\/1a09e471f5389b0e0a6416eac287e0927c7c97a7b77f9e787eba3af7aee281dd?s=96&d=mm&r=g","caption":"Alexander Wachter"},"url":"https:\/\/www.immobilienbusiness.ch\/de\/author\/alexander-wachter\/"}]}},"_links":{"self":[{"href":"https:\/\/www.immobilienbusiness.ch\/de\/wp-json\/wp\/v2\/posts\/45293","targetHints":{"allow":["GET"]}}],"collection":[{"href":"https:\/\/www.immobilienbusiness.ch\/de\/wp-json\/wp\/v2\/posts"}],"about":[{"href":"https:\/\/www.immobilienbusiness.ch\/de\/wp-json\/wp\/v2\/types\/post"}],"author":[{"embeddable":true,"href":"https:\/\/www.immobilienbusiness.ch\/de\/wp-json\/wp\/v2\/users\/102"}],"replies":[{"embeddable":true,"href":"https:\/\/www.immobilienbusiness.ch\/de\/wp-json\/wp\/v2\/comments?post=45293"}],"version-history":[{"count":2,"href":"https:\/\/www.immobilienbusiness.ch\/de\/wp-json\/wp\/v2\/posts\/45293\/revisions"}],"predecessor-version":[{"id":45301,"href":"https:\/\/www.immobilienbusiness.ch\/de\/wp-json\/wp\/v2\/posts\/45293\/revisions\/45301"}],"wp:featuredmedia":[{"embeddable":true,"href":"https:\/\/www.immobilienbusiness.ch\/de\/wp-json\/wp\/v2\/media\/45294"}],"wp:attachment":[{"href":"https:\/\/www.immobilienbusiness.ch\/de\/wp-json\/wp\/v2\/media?parent=45293"}],"wp:term":[{"taxonomy":"category","embeddable":true,"href":"https:\/\/www.immobilienbusiness.ch\/de\/wp-json\/wp\/v2\/categories?post=45293"},{"taxonomy":"post_tag","embeddable":true,"href":"https:\/\/www.immobilienbusiness.ch\/de\/wp-json\/wp\/v2\/tags?post=45293"}],"curies":[{"name":"wp","href":"https:\/\/api.w.org\/{rel}","templated":true}]}}