{"id":45009,"date":"2022-12-06T06:45:17","date_gmt":"2022-12-06T05:45:17","guid":{"rendered":"https:\/\/www.immobilienbusiness.ch\/?p=45009"},"modified":"2022-12-08T09:39:47","modified_gmt":"2022-12-08T08:39:47","slug":"bern-halter-beginnt-bauarbeiten-auf-meinen-areal","status":"publish","type":"post","link":"https:\/\/www.immobilienbusiness.ch\/de\/regionen\/2022-12-06\/bern-halter-beginnt-bauarbeiten-auf-meinen-areal\/","title":{"rendered":"Bern: Halter beginnt Bauarbeiten auf Meinen-Areal"},"content":{"rendered":"<figure id=\"attachment_21147\" aria-describedby=\"caption-attachment-21147\" style=\"width: 2560px\" class=\"wp-caption alignnone\"><a href=\"https:\/\/www.immobilienbusiness.ch\/wp-content\/uploads\/2020\/05\/Visu-Etappe-1-von-Norden-Bild-GWJ-ASTOC-2018.jpg\"><img loading=\"lazy\" decoding=\"async\" class=\"size-full wp-image-21147\" src=\"https:\/\/www.immobilienbusiness.ch\/wp-content\/uploads\/2020\/05\/Visu-Etappe-1-von-Norden-Bild-GWJ-ASTOC-2018.jpg\" alt=\"\" width=\"2560\" height=\"1454\" srcset=\"https:\/\/www.immobilienbusiness.ch\/wp-content\/uploads\/2020\/05\/Visu-Etappe-1-von-Norden-Bild-GWJ-ASTOC-2018.jpg 2560w, https:\/\/www.immobilienbusiness.ch\/wp-content\/uploads\/2020\/05\/Visu-Etappe-1-von-Norden-Bild-GWJ-ASTOC-2018-300x170.jpg 300w, https:\/\/www.immobilienbusiness.ch\/wp-content\/uploads\/2020\/05\/Visu-Etappe-1-von-Norden-Bild-GWJ-ASTOC-2018-1024x582.jpg 1024w, https:\/\/www.immobilienbusiness.ch\/wp-content\/uploads\/2020\/05\/Visu-Etappe-1-von-Norden-Bild-GWJ-ASTOC-2018-768x436.jpg 768w, https:\/\/www.immobilienbusiness.ch\/wp-content\/uploads\/2020\/05\/Visu-Etappe-1-von-Norden-Bild-GWJ-ASTOC-2018-1536x872.jpg 1536w, https:\/\/www.immobilienbusiness.ch\/wp-content\/uploads\/2020\/05\/Visu-Etappe-1-von-Norden-Bild-GWJ-ASTOC-2018-2048x1163.jpg 2048w, https:\/\/www.immobilienbusiness.ch\/wp-content\/uploads\/2020\/05\/Visu-Etappe-1-von-Norden-Bild-GWJ-ASTOC-2018-16x9.jpg 16w, https:\/\/www.immobilienbusiness.ch\/wp-content\/uploads\/2020\/05\/Visu-Etappe-1-von-Norden-Bild-GWJ-ASTOC-2018-308x175.jpg 308w, https:\/\/www.immobilienbusiness.ch\/wp-content\/uploads\/2020\/05\/Visu-Etappe-1-von-Norden-Bild-GWJ-ASTOC-2018-616x350.jpg 616w, https:\/\/www.immobilienbusiness.ch\/wp-content\/uploads\/2020\/05\/Visu-Etappe-1-von-Norden-Bild-GWJ-ASTOC-2018-1409x800.jpg 1409w, https:\/\/www.immobilienbusiness.ch\/wp-content\/uploads\/2020\/05\/Visu-Etappe-1-von-Norden-Bild-GWJ-ASTOC-2018-920x522.jpg 920w, https:\/\/www.immobilienbusiness.ch\/wp-content\/uploads\/2020\/05\/Visu-Etappe-1-von-Norden-Bild-GWJ-ASTOC-2018-1400x795.jpg 1400w\" sizes=\"auto, (max-width: 2560px) 100vw, 2560px\" \/><\/a><figcaption id=\"caption-attachment-21147\" class=\"wp-caption-text\">Das neue Quartierzentrum auf dem Meinen-Areal (Visualisierung: GWJ-Astoc)<\/figcaption><\/figure>\n<p>Im Berner Mattenhofquartier entsteht ein neues Quartierzentrum. Die Personalvorsorgestiftung der \u00c4rzte und Tier\u00e4rzte (PAT-BVG) plant im Bereich des heutigen Meinen-Areals eine \u00dcberbauung mit voraussichtlich 184 Wohnungen sowie Verkaufs- und Dienstleistungsfl\u00e4chen. In Zusammenarbeit mit der Stadt wird eine \u00dcberbauungsordnung erarbeitet.<\/p>\n<p>Inzwischen wurde als Totalunternehmer f\u00fcr die Neu\u00fcberbauung des Meinen-Areals die Halter AG aus Bern ausgew\u00e4hlt. Bereits in den n\u00e4chsten Tagen beginnt das Unternehmen mit den ersten Arbeiten. Ab Januar 2023 ist der Start des R\u00fcckbaus geplant, gefolgt vom Beginn der Tiefbauarbeiten. Die Fertigstellung des Projekts soll etappenweise bis 2026 erfolgen. Die neu entstehenden Mietwohnungen werden voraussichtlich von 2026 an bezugsbereit sein.<\/p>\n<p>Eine Fl\u00e4che von 2.500 qm ist f\u00fcr Verkauf, Gewerbe, B\u00fcros, kleinere Gesch\u00e4fte und Ateliers vorgesehen. Diese Gewerbefl\u00e4chen sind haupts\u00e4chlich im Erdgeschoss entlang der Brunnmattstrasse angeordnet. Im Untergeschoss sind Fl\u00e4chen f\u00fcr einen Retailer geplant. <i>(aw)<\/i><\/p>\n","protected":false},"excerpt":{"rendered":"<p>Die Halter AG steht als Totalunternehmerin f\u00fcr die Neu\u00fcberbauung des Meinen-Areals mit 185 Wohnungen fest und beginnt in diesen Tagen mit den Arbeiten.<\/p>\n","protected":false},"author":102,"featured_media":21147,"comment_status":"closed","ping_status":"closed","sticky":false,"template":"","format":"standard","meta":{"_acf_changed":false,"_yoast_wpseo_focuskw":"Meinen","_yoast_wpseo_title":"","_yoast_wpseo_metadesc":"Die Halter AG steht als Totalunternehmerin f\u00fcr die Neu\u00fcberbauung des Meinen-Areals mit 185 Wohnungen fest und beginnt in diesen Tagen mit den Arbeiten.","_yoast_wpseo_linkdex":56,"pgc_sgb_lightbox_settings":"","footnotes":""},"categories":[985],"tags":[1091,1291,1492,1599],"class_list":["post-45009","post","type-post","status-publish","format-standard","has-post-thumbnail","hentry","category-regionen","tag-bern","tag-halter-ag","tag-mietwohnungen","tag-projekt-in-bau"],"acf":[],"yoast_head":"<!-- This site is optimized with the Yoast SEO plugin v27.5 - https:\/\/yoast.com\/product\/yoast-seo-wordpress\/ -->\n<title>Bern: Halter beginnt Bauarbeiten auf Meinen-Areal - IMMOBILIEN Business<\/title>\n<meta name=\"description\" content=\"Die Halter AG steht als Totalunternehmerin f\u00fcr die Neu\u00fcberbauung des Meinen-Areals mit 185 Wohnungen fest und beginnt in diesen Tagen mit den Arbeiten.\" \/>\n<meta name=\"robots\" content=\"index, follow, max-snippet:-1, max-image-preview:large, max-video-preview:-1\" \/>\n<link rel=\"canonical\" href=\"https:\/\/www.immobilienbusiness.ch\/de\/regionen\/2022-12-06\/bern-halter-beginnt-bauarbeiten-auf-meinen-areal\/\" \/>\n<meta property=\"og:locale\" content=\"de_DE\" \/>\n<meta property=\"og:type\" content=\"article\" \/>\n<meta property=\"og:title\" content=\"Bern: Halter beginnt Bauarbeiten auf Meinen-Areal - IMMOBILIEN Business\" \/>\n<meta property=\"og:description\" content=\"Die Halter AG steht als Totalunternehmerin f\u00fcr die Neu\u00fcberbauung des Meinen-Areals mit 185 Wohnungen fest und beginnt in diesen Tagen mit den Arbeiten.\" \/>\n<meta property=\"og:url\" content=\"https:\/\/www.immobilienbusiness.ch\/de\/regionen\/2022-12-06\/bern-halter-beginnt-bauarbeiten-auf-meinen-areal\/\" \/>\n<meta property=\"og:site_name\" content=\"IMMOBILIEN Business\" \/>\n<meta property=\"article:publisher\" content=\"https:\/\/www.facebook.com\/immobilienbusiness\/\" \/>\n<meta property=\"article:published_time\" content=\"2022-12-06T05:45:17+00:00\" \/>\n<meta property=\"article:modified_time\" content=\"2022-12-08T08:39:47+00:00\" \/>\n<meta property=\"og:image\" content=\"https:\/\/www.immobilienbusiness.ch\/wp-content\/uploads\/2020\/05\/Visu-Etappe-1-von-Norden-Bild-GWJ-ASTOC-2018-1024x582.jpg\" \/>\n\t<meta property=\"og:image:width\" content=\"1024\" \/>\n\t<meta property=\"og:image:height\" content=\"582\" \/>\n\t<meta property=\"og:image:type\" content=\"image\/jpeg\" \/>\n<meta name=\"author\" content=\"Alexander Wachter\" \/>\n<meta name=\"twitter:card\" content=\"summary_large_image\" \/>\n<script type=\"application\/ld+json\" class=\"yoast-schema-graph\">{\"@context\":\"https:\\\/\\\/schema.org\",\"@graph\":[{\"@type\":\"Article\",\"@id\":\"https:\\\/\\\/www.immobilienbusiness.ch\\\/fr\\\/regionen\\\/2022-12-06\\\/bern-halter-beginnt-bauarbeiten-auf-meinen-areal\\\/#article\",\"isPartOf\":{\"@id\":\"https:\\\/\\\/www.immobilienbusiness.ch\\\/fr\\\/regionen\\\/2022-12-06\\\/bern-halter-beginnt-bauarbeiten-auf-meinen-areal\\\/\"},\"author\":{\"name\":\"Alexander Wachter\",\"@id\":\"https:\\\/\\\/www.immobilienbusiness.ch\\\/#\\\/schema\\\/person\\\/aba8bea2db926aa0c24c08c43fe1fcd5\"},\"headline\":\"Bern: Halter beginnt Bauarbeiten auf Meinen-Areal\",\"datePublished\":\"2022-12-06T05:45:17+00:00\",\"dateModified\":\"2022-12-08T08:39:47+00:00\",\"mainEntityOfPage\":{\"@id\":\"https:\\\/\\\/www.immobilienbusiness.ch\\\/fr\\\/regionen\\\/2022-12-06\\\/bern-halter-beginnt-bauarbeiten-auf-meinen-areal\\\/\"},\"wordCount\":165,\"publisher\":{\"@id\":\"https:\\\/\\\/www.immobilienbusiness.ch\\\/#organization\"},\"image\":{\"@id\":\"https:\\\/\\\/www.immobilienbusiness.ch\\\/fr\\\/regionen\\\/2022-12-06\\\/bern-halter-beginnt-bauarbeiten-auf-meinen-areal\\\/#primaryimage\"},\"thumbnailUrl\":\"https:\\\/\\\/www.immobilienbusiness.ch\\\/wp-content\\\/uploads\\\/2020\\\/05\\\/Visu-Etappe-1-von-Norden-Bild-GWJ-ASTOC-2018.jpg\",\"keywords\":[\"Bern\",\"Halter AG\",\"Mietwohnungen\",\"Projekt in Bau\"],\"articleSection\":[\"REGIONEN\"],\"inLanguage\":\"de\"},{\"@type\":\"WebPage\",\"@id\":\"https:\\\/\\\/www.immobilienbusiness.ch\\\/fr\\\/regionen\\\/2022-12-06\\\/bern-halter-beginnt-bauarbeiten-auf-meinen-areal\\\/\",\"url\":\"https:\\\/\\\/www.immobilienbusiness.ch\\\/fr\\\/regionen\\\/2022-12-06\\\/bern-halter-beginnt-bauarbeiten-auf-meinen-areal\\\/\",\"name\":\"Bern: Halter beginnt Bauarbeiten auf Meinen-Areal - IMMOBILIEN Business\",\"isPartOf\":{\"@id\":\"https:\\\/\\\/www.immobilienbusiness.ch\\\/#website\"},\"primaryImageOfPage\":{\"@id\":\"https:\\\/\\\/www.immobilienbusiness.ch\\\/fr\\\/regionen\\\/2022-12-06\\\/bern-halter-beginnt-bauarbeiten-auf-meinen-areal\\\/#primaryimage\"},\"image\":{\"@id\":\"https:\\\/\\\/www.immobilienbusiness.ch\\\/fr\\\/regionen\\\/2022-12-06\\\/bern-halter-beginnt-bauarbeiten-auf-meinen-areal\\\/#primaryimage\"},\"thumbnailUrl\":\"https:\\\/\\\/www.immobilienbusiness.ch\\\/wp-content\\\/uploads\\\/2020\\\/05\\\/Visu-Etappe-1-von-Norden-Bild-GWJ-ASTOC-2018.jpg\",\"datePublished\":\"2022-12-06T05:45:17+00:00\",\"dateModified\":\"2022-12-08T08:39:47+00:00\",\"description\":\"Die Halter AG steht als Totalunternehmerin f\u00fcr die Neu\u00fcberbauung des Meinen-Areals mit 185 Wohnungen fest und beginnt in diesen Tagen mit den Arbeiten.\",\"breadcrumb\":{\"@id\":\"https:\\\/\\\/www.immobilienbusiness.ch\\\/fr\\\/regionen\\\/2022-12-06\\\/bern-halter-beginnt-bauarbeiten-auf-meinen-areal\\\/#breadcrumb\"},\"inLanguage\":\"de\",\"potentialAction\":[{\"@type\":\"ReadAction\",\"target\":[\"https:\\\/\\\/www.immobilienbusiness.ch\\\/fr\\\/regionen\\\/2022-12-06\\\/bern-halter-beginnt-bauarbeiten-auf-meinen-areal\\\/\"]}]},{\"@type\":\"ImageObject\",\"inLanguage\":\"de\",\"@id\":\"https:\\\/\\\/www.immobilienbusiness.ch\\\/fr\\\/regionen\\\/2022-12-06\\\/bern-halter-beginnt-bauarbeiten-auf-meinen-areal\\\/#primaryimage\",\"url\":\"https:\\\/\\\/www.immobilienbusiness.ch\\\/wp-content\\\/uploads\\\/2020\\\/05\\\/Visu-Etappe-1-von-Norden-Bild-GWJ-ASTOC-2018.jpg\",\"contentUrl\":\"https:\\\/\\\/www.immobilienbusiness.ch\\\/wp-content\\\/uploads\\\/2020\\\/05\\\/Visu-Etappe-1-von-Norden-Bild-GWJ-ASTOC-2018.jpg\",\"width\":2560,\"height\":1454,\"caption\":\"Das neue Quartierzentrum auf dem Meinen-Areal (Visualisierung: GWJ-Astoc)\"},{\"@type\":\"BreadcrumbList\",\"@id\":\"https:\\\/\\\/www.immobilienbusiness.ch\\\/fr\\\/regionen\\\/2022-12-06\\\/bern-halter-beginnt-bauarbeiten-auf-meinen-areal\\\/#breadcrumb\",\"itemListElement\":[{\"@type\":\"ListItem\",\"position\":1,\"name\":\"Home\",\"item\":\"https:\\\/\\\/www.immobilienbusiness.ch\\\/\"},{\"@type\":\"ListItem\",\"position\":2,\"name\":\"Bern: Halter beginnt Bauarbeiten auf Meinen-Areal\"}]},{\"@type\":\"WebSite\",\"@id\":\"https:\\\/\\\/www.immobilienbusiness.ch\\\/#website\",\"url\":\"https:\\\/\\\/www.immobilienbusiness.ch\\\/\",\"name\":\"IMMOBILIEN Business\",\"description\":\"Unabh\u00e4ngiges Schweizer Wirtschaftsmagazin mit Fokus auf Immobilien, Architektur- und Bau sowie Investment- und Finanzierung.\",\"publisher\":{\"@id\":\"https:\\\/\\\/www.immobilienbusiness.ch\\\/#organization\"},\"potentialAction\":[{\"@type\":\"SearchAction\",\"target\":{\"@type\":\"EntryPoint\",\"urlTemplate\":\"https:\\\/\\\/www.immobilienbusiness.ch\\\/?s={search_term_string}\"},\"query-input\":{\"@type\":\"PropertyValueSpecification\",\"valueRequired\":true,\"valueName\":\"search_term_string\"}}],\"inLanguage\":\"de\"},{\"@type\":\"Organization\",\"@id\":\"https:\\\/\\\/www.immobilienbusiness.ch\\\/#organization\",\"name\":\"IMMOBILIEN Business\",\"url\":\"https:\\\/\\\/www.immobilienbusiness.ch\\\/\",\"logo\":{\"@type\":\"ImageObject\",\"inLanguage\":\"de\",\"@id\":\"https:\\\/\\\/www.immobilienbusiness.ch\\\/#\\\/schema\\\/logo\\\/image\\\/\",\"url\":\"https:\\\/\\\/www.immobilienbusiness.ch\\\/wp-content\\\/uploads\\\/2021\\\/07\\\/logo_ib.png\",\"contentUrl\":\"https:\\\/\\\/www.immobilienbusiness.ch\\\/wp-content\\\/uploads\\\/2021\\\/07\\\/logo_ib.png\",\"width\":800,\"height\":181,\"caption\":\"IMMOBILIEN Business\"},\"image\":{\"@id\":\"https:\\\/\\\/www.immobilienbusiness.ch\\\/#\\\/schema\\\/logo\\\/image\\\/\"},\"sameAs\":[\"https:\\\/\\\/www.facebook.com\\\/immobilienbusiness\\\/\"]},{\"@type\":\"Person\",\"@id\":\"https:\\\/\\\/www.immobilienbusiness.ch\\\/#\\\/schema\\\/person\\\/aba8bea2db926aa0c24c08c43fe1fcd5\",\"name\":\"Alexander Wachter\",\"image\":{\"@type\":\"ImageObject\",\"inLanguage\":\"de\",\"@id\":\"https:\\\/\\\/secure.gravatar.com\\\/avatar\\\/1a09e471f5389b0e0a6416eac287e0927c7c97a7b77f9e787eba3af7aee281dd?s=96&d=mm&r=g\",\"url\":\"https:\\\/\\\/secure.gravatar.com\\\/avatar\\\/1a09e471f5389b0e0a6416eac287e0927c7c97a7b77f9e787eba3af7aee281dd?s=96&d=mm&r=g\",\"contentUrl\":\"https:\\\/\\\/secure.gravatar.com\\\/avatar\\\/1a09e471f5389b0e0a6416eac287e0927c7c97a7b77f9e787eba3af7aee281dd?s=96&d=mm&r=g\",\"caption\":\"Alexander Wachter\"},\"url\":\"https:\\\/\\\/www.immobilienbusiness.ch\\\/de\\\/author\\\/alexander-wachter\\\/\"}]}<\/script>\n<!-- \/ Yoast SEO plugin. -->","yoast_head_json":{"title":"Bern: Halter beginnt Bauarbeiten auf Meinen-Areal - IMMOBILIEN Business","description":"Die Halter AG steht als Totalunternehmerin f\u00fcr die Neu\u00fcberbauung des Meinen-Areals mit 185 Wohnungen fest und beginnt in diesen Tagen mit den Arbeiten.","robots":{"index":"index","follow":"follow","max-snippet":"max-snippet:-1","max-image-preview":"max-image-preview:large","max-video-preview":"max-video-preview:-1"},"canonical":"https:\/\/www.immobilienbusiness.ch\/de\/regionen\/2022-12-06\/bern-halter-beginnt-bauarbeiten-auf-meinen-areal\/","og_locale":"de_DE","og_type":"article","og_title":"Bern: Halter beginnt Bauarbeiten auf Meinen-Areal - IMMOBILIEN Business","og_description":"Die Halter AG steht als Totalunternehmerin f\u00fcr die Neu\u00fcberbauung des Meinen-Areals mit 185 Wohnungen fest und beginnt in diesen Tagen mit den Arbeiten.","og_url":"https:\/\/www.immobilienbusiness.ch\/de\/regionen\/2022-12-06\/bern-halter-beginnt-bauarbeiten-auf-meinen-areal\/","og_site_name":"IMMOBILIEN Business","article_publisher":"https:\/\/www.facebook.com\/immobilienbusiness\/","article_published_time":"2022-12-06T05:45:17+00:00","article_modified_time":"2022-12-08T08:39:47+00:00","og_image":[{"width":1024,"height":582,"url":"https:\/\/www.immobilienbusiness.ch\/wp-content\/uploads\/2020\/05\/Visu-Etappe-1-von-Norden-Bild-GWJ-ASTOC-2018-1024x582.jpg","type":"image\/jpeg"}],"author":"Alexander Wachter","twitter_card":"summary_large_image","schema":{"@context":"https:\/\/schema.org","@graph":[{"@type":"Article","@id":"https:\/\/www.immobilienbusiness.ch\/fr\/regionen\/2022-12-06\/bern-halter-beginnt-bauarbeiten-auf-meinen-areal\/#article","isPartOf":{"@id":"https:\/\/www.immobilienbusiness.ch\/fr\/regionen\/2022-12-06\/bern-halter-beginnt-bauarbeiten-auf-meinen-areal\/"},"author":{"name":"Alexander Wachter","@id":"https:\/\/www.immobilienbusiness.ch\/#\/schema\/person\/aba8bea2db926aa0c24c08c43fe1fcd5"},"headline":"Bern: Halter beginnt Bauarbeiten auf Meinen-Areal","datePublished":"2022-12-06T05:45:17+00:00","dateModified":"2022-12-08T08:39:47+00:00","mainEntityOfPage":{"@id":"https:\/\/www.immobilienbusiness.ch\/fr\/regionen\/2022-12-06\/bern-halter-beginnt-bauarbeiten-auf-meinen-areal\/"},"wordCount":165,"publisher":{"@id":"https:\/\/www.immobilienbusiness.ch\/#organization"},"image":{"@id":"https:\/\/www.immobilienbusiness.ch\/fr\/regionen\/2022-12-06\/bern-halter-beginnt-bauarbeiten-auf-meinen-areal\/#primaryimage"},"thumbnailUrl":"https:\/\/www.immobilienbusiness.ch\/wp-content\/uploads\/2020\/05\/Visu-Etappe-1-von-Norden-Bild-GWJ-ASTOC-2018.jpg","keywords":["Bern","Halter AG","Mietwohnungen","Projekt in Bau"],"articleSection":["REGIONEN"],"inLanguage":"de"},{"@type":"WebPage","@id":"https:\/\/www.immobilienbusiness.ch\/fr\/regionen\/2022-12-06\/bern-halter-beginnt-bauarbeiten-auf-meinen-areal\/","url":"https:\/\/www.immobilienbusiness.ch\/fr\/regionen\/2022-12-06\/bern-halter-beginnt-bauarbeiten-auf-meinen-areal\/","name":"Bern: Halter beginnt Bauarbeiten auf Meinen-Areal - IMMOBILIEN Business","isPartOf":{"@id":"https:\/\/www.immobilienbusiness.ch\/#website"},"primaryImageOfPage":{"@id":"https:\/\/www.immobilienbusiness.ch\/fr\/regionen\/2022-12-06\/bern-halter-beginnt-bauarbeiten-auf-meinen-areal\/#primaryimage"},"image":{"@id":"https:\/\/www.immobilienbusiness.ch\/fr\/regionen\/2022-12-06\/bern-halter-beginnt-bauarbeiten-auf-meinen-areal\/#primaryimage"},"thumbnailUrl":"https:\/\/www.immobilienbusiness.ch\/wp-content\/uploads\/2020\/05\/Visu-Etappe-1-von-Norden-Bild-GWJ-ASTOC-2018.jpg","datePublished":"2022-12-06T05:45:17+00:00","dateModified":"2022-12-08T08:39:47+00:00","description":"Die Halter AG steht als Totalunternehmerin f\u00fcr die Neu\u00fcberbauung des Meinen-Areals mit 185 Wohnungen fest und beginnt in diesen Tagen mit den Arbeiten.","breadcrumb":{"@id":"https:\/\/www.immobilienbusiness.ch\/fr\/regionen\/2022-12-06\/bern-halter-beginnt-bauarbeiten-auf-meinen-areal\/#breadcrumb"},"inLanguage":"de","potentialAction":[{"@type":"ReadAction","target":["https:\/\/www.immobilienbusiness.ch\/fr\/regionen\/2022-12-06\/bern-halter-beginnt-bauarbeiten-auf-meinen-areal\/"]}]},{"@type":"ImageObject","inLanguage":"de","@id":"https:\/\/www.immobilienbusiness.ch\/fr\/regionen\/2022-12-06\/bern-halter-beginnt-bauarbeiten-auf-meinen-areal\/#primaryimage","url":"https:\/\/www.immobilienbusiness.ch\/wp-content\/uploads\/2020\/05\/Visu-Etappe-1-von-Norden-Bild-GWJ-ASTOC-2018.jpg","contentUrl":"https:\/\/www.immobilienbusiness.ch\/wp-content\/uploads\/2020\/05\/Visu-Etappe-1-von-Norden-Bild-GWJ-ASTOC-2018.jpg","width":2560,"height":1454,"caption":"Das neue Quartierzentrum auf dem Meinen-Areal (Visualisierung: GWJ-Astoc)"},{"@type":"BreadcrumbList","@id":"https:\/\/www.immobilienbusiness.ch\/fr\/regionen\/2022-12-06\/bern-halter-beginnt-bauarbeiten-auf-meinen-areal\/#breadcrumb","itemListElement":[{"@type":"ListItem","position":1,"name":"Home","item":"https:\/\/www.immobilienbusiness.ch\/"},{"@type":"ListItem","position":2,"name":"Bern: Halter beginnt Bauarbeiten auf Meinen-Areal"}]},{"@type":"WebSite","@id":"https:\/\/www.immobilienbusiness.ch\/#website","url":"https:\/\/www.immobilienbusiness.ch\/","name":"IMMOBILIEN Business","description":"Unabh\u00e4ngiges Schweizer Wirtschaftsmagazin mit Fokus auf Immobilien, Architektur- und Bau sowie Investment- und Finanzierung.","publisher":{"@id":"https:\/\/www.immobilienbusiness.ch\/#organization"},"potentialAction":[{"@type":"SearchAction","target":{"@type":"EntryPoint","urlTemplate":"https:\/\/www.immobilienbusiness.ch\/?s={search_term_string}"},"query-input":{"@type":"PropertyValueSpecification","valueRequired":true,"valueName":"search_term_string"}}],"inLanguage":"de"},{"@type":"Organization","@id":"https:\/\/www.immobilienbusiness.ch\/#organization","name":"IMMOBILIEN Business","url":"https:\/\/www.immobilienbusiness.ch\/","logo":{"@type":"ImageObject","inLanguage":"de","@id":"https:\/\/www.immobilienbusiness.ch\/#\/schema\/logo\/image\/","url":"https:\/\/www.immobilienbusiness.ch\/wp-content\/uploads\/2021\/07\/logo_ib.png","contentUrl":"https:\/\/www.immobilienbusiness.ch\/wp-content\/uploads\/2021\/07\/logo_ib.png","width":800,"height":181,"caption":"IMMOBILIEN Business"},"image":{"@id":"https:\/\/www.immobilienbusiness.ch\/#\/schema\/logo\/image\/"},"sameAs":["https:\/\/www.facebook.com\/immobilienbusiness\/"]},{"@type":"Person","@id":"https:\/\/www.immobilienbusiness.ch\/#\/schema\/person\/aba8bea2db926aa0c24c08c43fe1fcd5","name":"Alexander Wachter","image":{"@type":"ImageObject","inLanguage":"de","@id":"https:\/\/secure.gravatar.com\/avatar\/1a09e471f5389b0e0a6416eac287e0927c7c97a7b77f9e787eba3af7aee281dd?s=96&d=mm&r=g","url":"https:\/\/secure.gravatar.com\/avatar\/1a09e471f5389b0e0a6416eac287e0927c7c97a7b77f9e787eba3af7aee281dd?s=96&d=mm&r=g","contentUrl":"https:\/\/secure.gravatar.com\/avatar\/1a09e471f5389b0e0a6416eac287e0927c7c97a7b77f9e787eba3af7aee281dd?s=96&d=mm&r=g","caption":"Alexander Wachter"},"url":"https:\/\/www.immobilienbusiness.ch\/de\/author\/alexander-wachter\/"}]}},"_links":{"self":[{"href":"https:\/\/www.immobilienbusiness.ch\/de\/wp-json\/wp\/v2\/posts\/45009","targetHints":{"allow":["GET"]}}],"collection":[{"href":"https:\/\/www.immobilienbusiness.ch\/de\/wp-json\/wp\/v2\/posts"}],"about":[{"href":"https:\/\/www.immobilienbusiness.ch\/de\/wp-json\/wp\/v2\/types\/post"}],"author":[{"embeddable":true,"href":"https:\/\/www.immobilienbusiness.ch\/de\/wp-json\/wp\/v2\/users\/102"}],"replies":[{"embeddable":true,"href":"https:\/\/www.immobilienbusiness.ch\/de\/wp-json\/wp\/v2\/comments?post=45009"}],"version-history":[{"count":5,"href":"https:\/\/www.immobilienbusiness.ch\/de\/wp-json\/wp\/v2\/posts\/45009\/revisions"}],"predecessor-version":[{"id":45062,"href":"https:\/\/www.immobilienbusiness.ch\/de\/wp-json\/wp\/v2\/posts\/45009\/revisions\/45062"}],"wp:featuredmedia":[{"embeddable":true,"href":"https:\/\/www.immobilienbusiness.ch\/de\/wp-json\/wp\/v2\/media\/21147"}],"wp:attachment":[{"href":"https:\/\/www.immobilienbusiness.ch\/de\/wp-json\/wp\/v2\/media?parent=45009"}],"wp:term":[{"taxonomy":"category","embeddable":true,"href":"https:\/\/www.immobilienbusiness.ch\/de\/wp-json\/wp\/v2\/categories?post=45009"},{"taxonomy":"post_tag","embeddable":true,"href":"https:\/\/www.immobilienbusiness.ch\/de\/wp-json\/wp\/v2\/tags?post=45009"}],"curies":[{"name":"wp","href":"https:\/\/api.w.org\/{rel}","templated":true}]}}