{"id":44998,"date":"2022-12-05T07:34:12","date_gmt":"2022-12-05T06:34:12","guid":{"rendered":"https:\/\/www.immobilienbusiness.ch\/?p=44998"},"modified":"2022-12-07T07:54:31","modified_gmt":"2022-12-07T06:54:31","slug":"zwei-neuzugaenge-in-der-investis-konzernleitung","status":"publish","type":"post","link":"https:\/\/www.immobilienbusiness.ch\/de\/personalia\/2022-12-05\/zwei-neuzugaenge-in-der-investis-konzernleitung\/","title":{"rendered":"Zwei Neuzug\u00e4nge in der Investis-Konzernleitung"},"content":{"rendered":"<figure id=\"attachment_44999\" aria-describedby=\"caption-attachment-44999\" style=\"width: 766px\" class=\"wp-caption alignnone\"><a href=\"https:\/\/www.immobilienbusiness.ch\/wp-content\/uploads\/2022\/12\/doppelbild.png\"><img loading=\"lazy\" decoding=\"async\" class=\"size-full wp-image-44999\" src=\"https:\/\/www.immobilienbusiness.ch\/wp-content\/uploads\/2022\/12\/doppelbild.png\" alt=\"\" width=\"766\" height=\"511\" srcset=\"https:\/\/www.immobilienbusiness.ch\/wp-content\/uploads\/2022\/12\/doppelbild.png 766w, https:\/\/www.immobilienbusiness.ch\/wp-content\/uploads\/2022\/12\/doppelbild-300x200.png 300w, https:\/\/www.immobilienbusiness.ch\/wp-content\/uploads\/2022\/12\/doppelbild-18x12.png 18w, https:\/\/www.immobilienbusiness.ch\/wp-content\/uploads\/2022\/12\/doppelbild-375x250.png 375w, https:\/\/www.immobilienbusiness.ch\/wp-content\/uploads\/2022\/12\/doppelbild-525x350.png 525w\" sizes=\"auto, (max-width: 766px) 100vw, 766px\" \/><\/a><figcaption id=\"caption-attachment-44999\" class=\"wp-caption-text\">Michael Stucki und Aude-Sophie Vartzbed (Quelle: Investis)<\/figcaption><\/figure>\n<p>Der Verwaltungsrat der Investis Holding hat Aude-Sophie Vartzbed und Michael Stucki per 1. Januar 2023 als neue Mitglieder der Konzernleitung ernannt. Vartzbed (Jahrgang 1986) \u00fcbernimmt die Gesamtverantwortung f\u00fcr das Segment Properties, und Stucki (Jahrgang 1979) \u00fcbernimmt von Walter Eberle die Gesamtverantwortung f\u00fcr das Segment Real Estate Services. Eberle scheidet aus der Konzernleitung aus. Er werde Investis per Ende Januar 2023 verlassen, teilt das Unternehmen mit.<\/p>\n<p>Stucki arbeitet seit 2015 in verschiedenen Funktionen bei der Investis-Gruppe: Im Februar 2021 wurde er CEO von Hauswartprofis, bei Privera war er unter anderem COO und Mitglied der Gesch\u00e4ftsleitung. Vartzbed kam 2016 zur Investis Properties SA, zuvor war sie unter anderem f\u00fcr CBRE im Mittleren Osten t\u00e4tig.<\/p>\n<p>Die Konzernleitung der Immobiliengesellschaft besteht k\u00fcnftig aus vier Personen: Neben Stucki und Vartzbed sind dies der CEO St\u00e9phane Bonvin und der CFO Ren\u00e9 H\u00e4sler. <em>(ah)<\/em><\/p>\n","protected":false},"excerpt":{"rendered":"<p>Aude-Sophie Vartzbed und Michael Stucki sind zu neuen Mitgliedern der Konzernleitung von Investis ernannt worden. Walter Eberle scheidet aus dem F\u00fchrungsgremium aus.<\/p>\n","protected":false},"author":3,"featured_media":44999,"comment_status":"closed","ping_status":"closed","sticky":false,"template":"","format":"standard","meta":{"_acf_changed":false,"_yoast_wpseo_focuskw":"Investis","_yoast_wpseo_title":"","_yoast_wpseo_metadesc":"Aude-Sophie Vartzbed und Michael Stucki sind zu neuen Mitgliedern der Konzernleitung von Investis ernannt worden. Walter Eberle scheidet aus.","_yoast_wpseo_linkdex":44,"pgc_sgb_lightbox_settings":"","footnotes":""},"categories":[1912],"tags":[1379,1563],"class_list":["post-44998","post","type-post","status-publish","format-standard","has-post-thumbnail","hentry","category-personalia","tag-investis","tag-personalia"],"acf":[],"yoast_head":"<!-- This site is optimized with the Yoast SEO plugin v27.4 - https:\/\/yoast.com\/product\/yoast-seo-wordpress\/ -->\n<title>Zwei Neuzug\u00e4nge in der Investis-Konzernleitung - IMMOBILIEN Business<\/title>\n<meta name=\"description\" content=\"Aude-Sophie Vartzbed und Michael Stucki sind zu neuen Mitgliedern der Konzernleitung von Investis ernannt worden. Walter Eberle scheidet aus.\" \/>\n<meta name=\"robots\" content=\"index, follow, max-snippet:-1, max-image-preview:large, max-video-preview:-1\" \/>\n<link rel=\"canonical\" href=\"https:\/\/www.immobilienbusiness.ch\/de\/personalia\/2022-12-05\/zwei-neuzugaenge-in-der-investis-konzernleitung\/\" \/>\n<meta property=\"og:locale\" content=\"de_DE\" \/>\n<meta property=\"og:type\" content=\"article\" \/>\n<meta property=\"og:title\" content=\"Zwei Neuzug\u00e4nge in der Investis-Konzernleitung - IMMOBILIEN Business\" \/>\n<meta property=\"og:description\" content=\"Aude-Sophie Vartzbed und Michael Stucki sind zu neuen Mitgliedern der Konzernleitung von Investis ernannt worden. Walter Eberle scheidet aus.\" \/>\n<meta property=\"og:url\" content=\"https:\/\/www.immobilienbusiness.ch\/de\/personalia\/2022-12-05\/zwei-neuzugaenge-in-der-investis-konzernleitung\/\" \/>\n<meta property=\"og:site_name\" content=\"IMMOBILIEN Business\" \/>\n<meta property=\"article:publisher\" content=\"https:\/\/www.facebook.com\/immobilienbusiness\/\" \/>\n<meta property=\"article:published_time\" content=\"2022-12-05T06:34:12+00:00\" \/>\n<meta property=\"article:modified_time\" content=\"2022-12-07T06:54:31+00:00\" \/>\n<meta property=\"og:image\" content=\"https:\/\/www.immobilienbusiness.ch\/wp-content\/uploads\/2022\/12\/doppelbild.png\" \/>\n\t<meta property=\"og:image:width\" content=\"766\" \/>\n\t<meta property=\"og:image:height\" content=\"511\" \/>\n\t<meta property=\"og:image:type\" content=\"image\/png\" \/>\n<meta name=\"author\" content=\"anja.hall\" \/>\n<meta name=\"twitter:card\" content=\"summary_large_image\" \/>\n<meta name=\"twitter:image\" content=\"https:\/\/www.immobilienbusiness.ch\/wp-content\/uploads\/2022\/12\/doppelbild.png\" \/>\n<script type=\"application\/ld+json\" class=\"yoast-schema-graph\">{\"@context\":\"https:\\\/\\\/schema.org\",\"@graph\":[{\"@type\":\"Article\",\"@id\":\"https:\\\/\\\/www.immobilienbusiness.ch\\\/en\\\/personalia\\\/2022-12-05\\\/zwei-neuzugaenge-in-der-investis-konzernleitung\\\/#article\",\"isPartOf\":{\"@id\":\"https:\\\/\\\/www.immobilienbusiness.ch\\\/en\\\/personalia\\\/2022-12-05\\\/zwei-neuzugaenge-in-der-investis-konzernleitung\\\/\"},\"author\":{\"name\":\"anja.hall\",\"@id\":\"https:\\\/\\\/www.immobilienbusiness.ch\\\/#\\\/schema\\\/person\\\/3fc036297b10b9f42d6db5ee932af8c8\"},\"headline\":\"Zwei Neuzug\u00e4nge in der Investis-Konzernleitung\",\"datePublished\":\"2022-12-05T06:34:12+00:00\",\"dateModified\":\"2022-12-07T06:54:31+00:00\",\"mainEntityOfPage\":{\"@id\":\"https:\\\/\\\/www.immobilienbusiness.ch\\\/en\\\/personalia\\\/2022-12-05\\\/zwei-neuzugaenge-in-der-investis-konzernleitung\\\/\"},\"wordCount\":157,\"publisher\":{\"@id\":\"https:\\\/\\\/www.immobilienbusiness.ch\\\/#organization\"},\"image\":{\"@id\":\"https:\\\/\\\/www.immobilienbusiness.ch\\\/en\\\/personalia\\\/2022-12-05\\\/zwei-neuzugaenge-in-der-investis-konzernleitung\\\/#primaryimage\"},\"thumbnailUrl\":\"https:\\\/\\\/www.immobilienbusiness.ch\\\/wp-content\\\/uploads\\\/2022\\\/12\\\/doppelbild.png\",\"keywords\":[\"Investis\",\"Personalia\"],\"articleSection\":[\"PERSONALIA\"],\"inLanguage\":\"de\"},{\"@type\":\"WebPage\",\"@id\":\"https:\\\/\\\/www.immobilienbusiness.ch\\\/en\\\/personalia\\\/2022-12-05\\\/zwei-neuzugaenge-in-der-investis-konzernleitung\\\/\",\"url\":\"https:\\\/\\\/www.immobilienbusiness.ch\\\/en\\\/personalia\\\/2022-12-05\\\/zwei-neuzugaenge-in-der-investis-konzernleitung\\\/\",\"name\":\"Zwei Neuzug\u00e4nge in der Investis-Konzernleitung - IMMOBILIEN Business\",\"isPartOf\":{\"@id\":\"https:\\\/\\\/www.immobilienbusiness.ch\\\/#website\"},\"primaryImageOfPage\":{\"@id\":\"https:\\\/\\\/www.immobilienbusiness.ch\\\/en\\\/personalia\\\/2022-12-05\\\/zwei-neuzugaenge-in-der-investis-konzernleitung\\\/#primaryimage\"},\"image\":{\"@id\":\"https:\\\/\\\/www.immobilienbusiness.ch\\\/en\\\/personalia\\\/2022-12-05\\\/zwei-neuzugaenge-in-der-investis-konzernleitung\\\/#primaryimage\"},\"thumbnailUrl\":\"https:\\\/\\\/www.immobilienbusiness.ch\\\/wp-content\\\/uploads\\\/2022\\\/12\\\/doppelbild.png\",\"datePublished\":\"2022-12-05T06:34:12+00:00\",\"dateModified\":\"2022-12-07T06:54:31+00:00\",\"description\":\"Aude-Sophie Vartzbed und Michael Stucki sind zu neuen Mitgliedern der Konzernleitung von Investis ernannt worden. Walter Eberle scheidet aus.\",\"breadcrumb\":{\"@id\":\"https:\\\/\\\/www.immobilienbusiness.ch\\\/en\\\/personalia\\\/2022-12-05\\\/zwei-neuzugaenge-in-der-investis-konzernleitung\\\/#breadcrumb\"},\"inLanguage\":\"de\",\"potentialAction\":[{\"@type\":\"ReadAction\",\"target\":[\"https:\\\/\\\/www.immobilienbusiness.ch\\\/en\\\/personalia\\\/2022-12-05\\\/zwei-neuzugaenge-in-der-investis-konzernleitung\\\/\"]}]},{\"@type\":\"ImageObject\",\"inLanguage\":\"de\",\"@id\":\"https:\\\/\\\/www.immobilienbusiness.ch\\\/en\\\/personalia\\\/2022-12-05\\\/zwei-neuzugaenge-in-der-investis-konzernleitung\\\/#primaryimage\",\"url\":\"https:\\\/\\\/www.immobilienbusiness.ch\\\/wp-content\\\/uploads\\\/2022\\\/12\\\/doppelbild.png\",\"contentUrl\":\"https:\\\/\\\/www.immobilienbusiness.ch\\\/wp-content\\\/uploads\\\/2022\\\/12\\\/doppelbild.png\",\"width\":766,\"height\":511,\"caption\":\"Michael Stucki und Vartzbd (Quelle: Investis)\"},{\"@type\":\"BreadcrumbList\",\"@id\":\"https:\\\/\\\/www.immobilienbusiness.ch\\\/en\\\/personalia\\\/2022-12-05\\\/zwei-neuzugaenge-in-der-investis-konzernleitung\\\/#breadcrumb\",\"itemListElement\":[{\"@type\":\"ListItem\",\"position\":1,\"name\":\"Home\",\"item\":\"https:\\\/\\\/www.immobilienbusiness.ch\\\/\"},{\"@type\":\"ListItem\",\"position\":2,\"name\":\"Zwei Neuzug\u00e4nge in der Investis-Konzernleitung\"}]},{\"@type\":\"WebSite\",\"@id\":\"https:\\\/\\\/www.immobilienbusiness.ch\\\/#website\",\"url\":\"https:\\\/\\\/www.immobilienbusiness.ch\\\/\",\"name\":\"IMMOBILIEN Business\",\"description\":\"Unabh\u00e4ngiges Schweizer Wirtschaftsmagazin mit Fokus auf Immobilien, Architektur- und Bau sowie Investment- und Finanzierung.\",\"publisher\":{\"@id\":\"https:\\\/\\\/www.immobilienbusiness.ch\\\/#organization\"},\"potentialAction\":[{\"@type\":\"SearchAction\",\"target\":{\"@type\":\"EntryPoint\",\"urlTemplate\":\"https:\\\/\\\/www.immobilienbusiness.ch\\\/?s={search_term_string}\"},\"query-input\":{\"@type\":\"PropertyValueSpecification\",\"valueRequired\":true,\"valueName\":\"search_term_string\"}}],\"inLanguage\":\"de\"},{\"@type\":\"Organization\",\"@id\":\"https:\\\/\\\/www.immobilienbusiness.ch\\\/#organization\",\"name\":\"IMMOBILIEN Business\",\"url\":\"https:\\\/\\\/www.immobilienbusiness.ch\\\/\",\"logo\":{\"@type\":\"ImageObject\",\"inLanguage\":\"de\",\"@id\":\"https:\\\/\\\/www.immobilienbusiness.ch\\\/#\\\/schema\\\/logo\\\/image\\\/\",\"url\":\"https:\\\/\\\/www.immobilienbusiness.ch\\\/wp-content\\\/uploads\\\/2021\\\/07\\\/logo_ib.png\",\"contentUrl\":\"https:\\\/\\\/www.immobilienbusiness.ch\\\/wp-content\\\/uploads\\\/2021\\\/07\\\/logo_ib.png\",\"width\":800,\"height\":181,\"caption\":\"IMMOBILIEN Business\"},\"image\":{\"@id\":\"https:\\\/\\\/www.immobilienbusiness.ch\\\/#\\\/schema\\\/logo\\\/image\\\/\"},\"sameAs\":[\"https:\\\/\\\/www.facebook.com\\\/immobilienbusiness\\\/\"]},{\"@type\":\"Person\",\"@id\":\"https:\\\/\\\/www.immobilienbusiness.ch\\\/#\\\/schema\\\/person\\\/3fc036297b10b9f42d6db5ee932af8c8\",\"name\":\"anja.hall\",\"image\":{\"@type\":\"ImageObject\",\"inLanguage\":\"de\",\"@id\":\"https:\\\/\\\/secure.gravatar.com\\\/avatar\\\/066b5a0d447013502c71a5782f4f3469f03cfe595cc2329fb94652fe47511bfb?s=96&d=mm&r=g\",\"url\":\"https:\\\/\\\/secure.gravatar.com\\\/avatar\\\/066b5a0d447013502c71a5782f4f3469f03cfe595cc2329fb94652fe47511bfb?s=96&d=mm&r=g\",\"contentUrl\":\"https:\\\/\\\/secure.gravatar.com\\\/avatar\\\/066b5a0d447013502c71a5782f4f3469f03cfe595cc2329fb94652fe47511bfb?s=96&d=mm&r=g\",\"caption\":\"anja.hall\"},\"url\":\"https:\\\/\\\/www.immobilienbusiness.ch\\\/de\\\/author\\\/anja-hall\\\/\"}]}<\/script>\n<!-- \/ Yoast SEO plugin. -->","yoast_head_json":{"title":"Zwei Neuzug\u00e4nge in der Investis-Konzernleitung - IMMOBILIEN Business","description":"Aude-Sophie Vartzbed und Michael Stucki sind zu neuen Mitgliedern der Konzernleitung von Investis ernannt worden. Walter Eberle scheidet aus.","robots":{"index":"index","follow":"follow","max-snippet":"max-snippet:-1","max-image-preview":"max-image-preview:large","max-video-preview":"max-video-preview:-1"},"canonical":"https:\/\/www.immobilienbusiness.ch\/de\/personalia\/2022-12-05\/zwei-neuzugaenge-in-der-investis-konzernleitung\/","og_locale":"de_DE","og_type":"article","og_title":"Zwei Neuzug\u00e4nge in der Investis-Konzernleitung - IMMOBILIEN Business","og_description":"Aude-Sophie Vartzbed und Michael Stucki sind zu neuen Mitgliedern der Konzernleitung von Investis ernannt worden. Walter Eberle scheidet aus.","og_url":"https:\/\/www.immobilienbusiness.ch\/de\/personalia\/2022-12-05\/zwei-neuzugaenge-in-der-investis-konzernleitung\/","og_site_name":"IMMOBILIEN Business","article_publisher":"https:\/\/www.facebook.com\/immobilienbusiness\/","article_published_time":"2022-12-05T06:34:12+00:00","article_modified_time":"2022-12-07T06:54:31+00:00","og_image":[{"width":766,"height":511,"url":"https:\/\/www.immobilienbusiness.ch\/wp-content\/uploads\/2022\/12\/doppelbild.png","type":"image\/png"}],"author":"anja.hall","twitter_card":"summary_large_image","twitter_image":"https:\/\/www.immobilienbusiness.ch\/wp-content\/uploads\/2022\/12\/doppelbild.png","schema":{"@context":"https:\/\/schema.org","@graph":[{"@type":"Article","@id":"https:\/\/www.immobilienbusiness.ch\/en\/personalia\/2022-12-05\/zwei-neuzugaenge-in-der-investis-konzernleitung\/#article","isPartOf":{"@id":"https:\/\/www.immobilienbusiness.ch\/en\/personalia\/2022-12-05\/zwei-neuzugaenge-in-der-investis-konzernleitung\/"},"author":{"name":"anja.hall","@id":"https:\/\/www.immobilienbusiness.ch\/#\/schema\/person\/3fc036297b10b9f42d6db5ee932af8c8"},"headline":"Zwei Neuzug\u00e4nge in der Investis-Konzernleitung","datePublished":"2022-12-05T06:34:12+00:00","dateModified":"2022-12-07T06:54:31+00:00","mainEntityOfPage":{"@id":"https:\/\/www.immobilienbusiness.ch\/en\/personalia\/2022-12-05\/zwei-neuzugaenge-in-der-investis-konzernleitung\/"},"wordCount":157,"publisher":{"@id":"https:\/\/www.immobilienbusiness.ch\/#organization"},"image":{"@id":"https:\/\/www.immobilienbusiness.ch\/en\/personalia\/2022-12-05\/zwei-neuzugaenge-in-der-investis-konzernleitung\/#primaryimage"},"thumbnailUrl":"https:\/\/www.immobilienbusiness.ch\/wp-content\/uploads\/2022\/12\/doppelbild.png","keywords":["Investis","Personalia"],"articleSection":["PERSONALIA"],"inLanguage":"de"},{"@type":"WebPage","@id":"https:\/\/www.immobilienbusiness.ch\/en\/personalia\/2022-12-05\/zwei-neuzugaenge-in-der-investis-konzernleitung\/","url":"https:\/\/www.immobilienbusiness.ch\/en\/personalia\/2022-12-05\/zwei-neuzugaenge-in-der-investis-konzernleitung\/","name":"Zwei Neuzug\u00e4nge in der Investis-Konzernleitung - IMMOBILIEN Business","isPartOf":{"@id":"https:\/\/www.immobilienbusiness.ch\/#website"},"primaryImageOfPage":{"@id":"https:\/\/www.immobilienbusiness.ch\/en\/personalia\/2022-12-05\/zwei-neuzugaenge-in-der-investis-konzernleitung\/#primaryimage"},"image":{"@id":"https:\/\/www.immobilienbusiness.ch\/en\/personalia\/2022-12-05\/zwei-neuzugaenge-in-der-investis-konzernleitung\/#primaryimage"},"thumbnailUrl":"https:\/\/www.immobilienbusiness.ch\/wp-content\/uploads\/2022\/12\/doppelbild.png","datePublished":"2022-12-05T06:34:12+00:00","dateModified":"2022-12-07T06:54:31+00:00","description":"Aude-Sophie Vartzbed und Michael Stucki sind zu neuen Mitgliedern der Konzernleitung von Investis ernannt worden. Walter Eberle scheidet aus.","breadcrumb":{"@id":"https:\/\/www.immobilienbusiness.ch\/en\/personalia\/2022-12-05\/zwei-neuzugaenge-in-der-investis-konzernleitung\/#breadcrumb"},"inLanguage":"de","potentialAction":[{"@type":"ReadAction","target":["https:\/\/www.immobilienbusiness.ch\/en\/personalia\/2022-12-05\/zwei-neuzugaenge-in-der-investis-konzernleitung\/"]}]},{"@type":"ImageObject","inLanguage":"de","@id":"https:\/\/www.immobilienbusiness.ch\/en\/personalia\/2022-12-05\/zwei-neuzugaenge-in-der-investis-konzernleitung\/#primaryimage","url":"https:\/\/www.immobilienbusiness.ch\/wp-content\/uploads\/2022\/12\/doppelbild.png","contentUrl":"https:\/\/www.immobilienbusiness.ch\/wp-content\/uploads\/2022\/12\/doppelbild.png","width":766,"height":511,"caption":"Michael Stucki und Vartzbd (Quelle: Investis)"},{"@type":"BreadcrumbList","@id":"https:\/\/www.immobilienbusiness.ch\/en\/personalia\/2022-12-05\/zwei-neuzugaenge-in-der-investis-konzernleitung\/#breadcrumb","itemListElement":[{"@type":"ListItem","position":1,"name":"Home","item":"https:\/\/www.immobilienbusiness.ch\/"},{"@type":"ListItem","position":2,"name":"Zwei Neuzug\u00e4nge in der Investis-Konzernleitung"}]},{"@type":"WebSite","@id":"https:\/\/www.immobilienbusiness.ch\/#website","url":"https:\/\/www.immobilienbusiness.ch\/","name":"IMMOBILIEN Business","description":"Unabh\u00e4ngiges Schweizer Wirtschaftsmagazin mit Fokus auf Immobilien, Architektur- und Bau sowie Investment- und Finanzierung.","publisher":{"@id":"https:\/\/www.immobilienbusiness.ch\/#organization"},"potentialAction":[{"@type":"SearchAction","target":{"@type":"EntryPoint","urlTemplate":"https:\/\/www.immobilienbusiness.ch\/?s={search_term_string}"},"query-input":{"@type":"PropertyValueSpecification","valueRequired":true,"valueName":"search_term_string"}}],"inLanguage":"de"},{"@type":"Organization","@id":"https:\/\/www.immobilienbusiness.ch\/#organization","name":"IMMOBILIEN Business","url":"https:\/\/www.immobilienbusiness.ch\/","logo":{"@type":"ImageObject","inLanguage":"de","@id":"https:\/\/www.immobilienbusiness.ch\/#\/schema\/logo\/image\/","url":"https:\/\/www.immobilienbusiness.ch\/wp-content\/uploads\/2021\/07\/logo_ib.png","contentUrl":"https:\/\/www.immobilienbusiness.ch\/wp-content\/uploads\/2021\/07\/logo_ib.png","width":800,"height":181,"caption":"IMMOBILIEN Business"},"image":{"@id":"https:\/\/www.immobilienbusiness.ch\/#\/schema\/logo\/image\/"},"sameAs":["https:\/\/www.facebook.com\/immobilienbusiness\/"]},{"@type":"Person","@id":"https:\/\/www.immobilienbusiness.ch\/#\/schema\/person\/3fc036297b10b9f42d6db5ee932af8c8","name":"anja.hall","image":{"@type":"ImageObject","inLanguage":"de","@id":"https:\/\/secure.gravatar.com\/avatar\/066b5a0d447013502c71a5782f4f3469f03cfe595cc2329fb94652fe47511bfb?s=96&d=mm&r=g","url":"https:\/\/secure.gravatar.com\/avatar\/066b5a0d447013502c71a5782f4f3469f03cfe595cc2329fb94652fe47511bfb?s=96&d=mm&r=g","contentUrl":"https:\/\/secure.gravatar.com\/avatar\/066b5a0d447013502c71a5782f4f3469f03cfe595cc2329fb94652fe47511bfb?s=96&d=mm&r=g","caption":"anja.hall"},"url":"https:\/\/www.immobilienbusiness.ch\/de\/author\/anja-hall\/"}]}},"_links":{"self":[{"href":"https:\/\/www.immobilienbusiness.ch\/de\/wp-json\/wp\/v2\/posts\/44998","targetHints":{"allow":["GET"]}}],"collection":[{"href":"https:\/\/www.immobilienbusiness.ch\/de\/wp-json\/wp\/v2\/posts"}],"about":[{"href":"https:\/\/www.immobilienbusiness.ch\/de\/wp-json\/wp\/v2\/types\/post"}],"author":[{"embeddable":true,"href":"https:\/\/www.immobilienbusiness.ch\/de\/wp-json\/wp\/v2\/users\/3"}],"replies":[{"embeddable":true,"href":"https:\/\/www.immobilienbusiness.ch\/de\/wp-json\/wp\/v2\/comments?post=44998"}],"version-history":[{"count":1,"href":"https:\/\/www.immobilienbusiness.ch\/de\/wp-json\/wp\/v2\/posts\/44998\/revisions"}],"predecessor-version":[{"id":45000,"href":"https:\/\/www.immobilienbusiness.ch\/de\/wp-json\/wp\/v2\/posts\/44998\/revisions\/45000"}],"wp:featuredmedia":[{"embeddable":true,"href":"https:\/\/www.immobilienbusiness.ch\/de\/wp-json\/wp\/v2\/media\/44999"}],"wp:attachment":[{"href":"https:\/\/www.immobilienbusiness.ch\/de\/wp-json\/wp\/v2\/media?parent=44998"}],"wp:term":[{"taxonomy":"category","embeddable":true,"href":"https:\/\/www.immobilienbusiness.ch\/de\/wp-json\/wp\/v2\/categories?post=44998"},{"taxonomy":"post_tag","embeddable":true,"href":"https:\/\/www.immobilienbusiness.ch\/de\/wp-json\/wp\/v2\/tags?post=44998"}],"curies":[{"name":"wp","href":"https:\/\/api.w.org\/{rel}","templated":true}]}}