{"id":44840,"date":"2022-11-22T09:21:15","date_gmt":"2022-11-22T08:21:15","guid":{"rendered":"https:\/\/www.immobilienbusiness.ch\/?p=44840"},"modified":"2022-11-24T09:06:11","modified_gmt":"2022-11-24T08:06:11","slug":"zug-staedtebauliches-konzept-fuer-geviert-ahornpark-gekuert","status":"publish","type":"post","link":"https:\/\/www.immobilienbusiness.ch\/de\/regionen\/2022-11-22\/zug-staedtebauliches-konzept-fuer-geviert-ahornpark-gekuert\/","title":{"rendered":"Zug: St\u00e4dtebauliches Konzept f\u00fcr Geviert Ahornpark gek\u00fcrt"},"content":{"rendered":"<figure id=\"attachment_44841\" aria-describedby=\"caption-attachment-44841\" style=\"width: 843px\" class=\"wp-caption alignnone\"><a href=\"https:\/\/www.immobilienbusiness.ch\/wp-content\/uploads\/2022\/11\/Konzept.png\"><img loading=\"lazy\" decoding=\"async\" class=\"size-full wp-image-44841\" src=\"https:\/\/www.immobilienbusiness.ch\/wp-content\/uploads\/2022\/11\/Konzept.png\" alt=\"\" width=\"843\" height=\"642\" srcset=\"https:\/\/www.immobilienbusiness.ch\/wp-content\/uploads\/2022\/11\/Konzept.png 843w, https:\/\/www.immobilienbusiness.ch\/wp-content\/uploads\/2022\/11\/Konzept-300x228.png 300w, https:\/\/www.immobilienbusiness.ch\/wp-content\/uploads\/2022\/11\/Konzept-768x585.png 768w, https:\/\/www.immobilienbusiness.ch\/wp-content\/uploads\/2022\/11\/Konzept-16x12.png 16w, https:\/\/www.immobilienbusiness.ch\/wp-content\/uploads\/2022\/11\/Konzept-375x286.png 375w, https:\/\/www.immobilienbusiness.ch\/wp-content\/uploads\/2022\/11\/Konzept-460x350.png 460w\" sizes=\"auto, (max-width: 843px) 100vw, 843px\" \/><\/a><figcaption id=\"caption-attachment-44841\" class=\"wp-caption-text\">Das st\u00e4dtebauliche Konzept des Siegerentwurfs (Bild: Stadt Zug)<\/figcaption><\/figure>\n<p>Eigent\u00fcmer des Gevierts Ahornpark sind die Pensionskasse der Stadt Zug, die Credit Suisse Anlagestiftung und die Einwohnergemeinde Zug. Das Areal soll zu einem attraktiven Wohn- und Arbeitsquartier entwickelt werden. Es liegt im Nordosten der Stadt und ist Teil des Quartiers Guthirt. Heute stehen auf dem Grundst\u00fcck entlang der Baarerstrasse ein Hochhaus aus dem Jahr 1959, ein \u00e4lterer und ein neuerer Zeilenbau mit Wohnungen und entlang der Industriestrasse die Geb\u00e4ude des Werkhofs und der Freiwilligen Feuerwehr der Stadt Zug.<\/p>\n<p>Die \u00f6ffentliche Mitwirkung endete im Februar 2022. Mitte September wurden die Projektbeitr\u00e4ge pr\u00e4sentiert. Der Zuschlag f\u00fcr Diener+Diener Architekten &amp; Brym erfolgte einstimmig. \u00abMit der konsequent umgesetzten Idee von Aufstockungen auf die Bestandesbauten und solit\u00e4ren Hochh\u00e4usern verschafft das Siegerprojekt dem Ort eine eigenst\u00e4ndige Identit\u00e4t in einem sich stark ver\u00e4ndernden Umfeld\u00bb, steht in der Begr\u00fcndung. Das Siegerprojekt wird in den kommenden Monaten weiter konkretisiert. Mit einem Baustart ist nach Angaben der Stadt vor 2026 nicht zu rechnen. <em>(aw)<\/em><\/p>\n","protected":false},"excerpt":{"rendered":"<p>Diener+Diener Architekten haben sich mit ihrem Plan f\u00fcr die Verdichtung eines 2,2 Hektar grossen Areals im Nordosten Zugs durchgesetzt.<\/p>\n","protected":false},"author":102,"featured_media":44841,"comment_status":"closed","ping_status":"closed","sticky":false,"template":"","format":"standard","meta":{"_acf_changed":false,"_yoast_wpseo_focuskw":"Zug","_yoast_wpseo_title":"","_yoast_wpseo_metadesc":"Diener+Diener Architekten haben sich mit ihrem Konzept f\u00fcr ein 2,2 Hektar grosses Areal im Nordosten Zugs durchgesetzt.","_yoast_wpseo_linkdex":51,"pgc_sgb_lightbox_settings":"","footnotes":""},"categories":[985],"tags":[1600,2108,1884],"class_list":["post-44840","post","type-post","status-publish","format-standard","has-post-thumbnail","hentry","category-regionen","tag-projekt-in-planung","tag-quartiere","tag-zug"],"acf":[],"yoast_head":"<!-- This site is optimized with the Yoast SEO plugin v27.4 - https:\/\/yoast.com\/product\/yoast-seo-wordpress\/ -->\n<title>Zug: St\u00e4dtebauliches Konzept f\u00fcr Geviert Ahornpark gek\u00fcrt - IMMOBILIEN Business<\/title>\n<meta name=\"description\" content=\"Diener+Diener Architekten haben sich mit ihrem Konzept f\u00fcr ein 2,2 Hektar grosses Areal im Nordosten Zugs durchgesetzt.\" \/>\n<meta name=\"robots\" content=\"index, follow, max-snippet:-1, max-image-preview:large, max-video-preview:-1\" \/>\n<link rel=\"canonical\" href=\"https:\/\/www.immobilienbusiness.ch\/de\/regionen\/2022-11-22\/zug-staedtebauliches-konzept-fuer-geviert-ahornpark-gekuert\/\" \/>\n<meta property=\"og:locale\" content=\"de_DE\" \/>\n<meta property=\"og:type\" content=\"article\" \/>\n<meta property=\"og:title\" content=\"Zug: St\u00e4dtebauliches Konzept f\u00fcr Geviert Ahornpark gek\u00fcrt - IMMOBILIEN Business\" \/>\n<meta property=\"og:description\" content=\"Diener+Diener Architekten haben sich mit ihrem Konzept f\u00fcr ein 2,2 Hektar grosses Areal im Nordosten Zugs durchgesetzt.\" \/>\n<meta property=\"og:url\" content=\"https:\/\/www.immobilienbusiness.ch\/de\/regionen\/2022-11-22\/zug-staedtebauliches-konzept-fuer-geviert-ahornpark-gekuert\/\" \/>\n<meta property=\"og:site_name\" content=\"IMMOBILIEN Business\" \/>\n<meta property=\"article:publisher\" content=\"https:\/\/www.facebook.com\/immobilienbusiness\/\" \/>\n<meta property=\"article:published_time\" content=\"2022-11-22T08:21:15+00:00\" \/>\n<meta property=\"article:modified_time\" content=\"2022-11-24T08:06:11+00:00\" \/>\n<meta property=\"og:image\" content=\"https:\/\/www.immobilienbusiness.ch\/wp-content\/uploads\/2022\/11\/Konzept.png\" \/>\n\t<meta property=\"og:image:width\" content=\"843\" \/>\n\t<meta property=\"og:image:height\" content=\"642\" \/>\n\t<meta property=\"og:image:type\" content=\"image\/png\" \/>\n<meta name=\"author\" content=\"Alexander Wachter\" \/>\n<meta name=\"twitter:card\" content=\"summary_large_image\" \/>\n<script type=\"application\/ld+json\" class=\"yoast-schema-graph\">{\"@context\":\"https:\\\/\\\/schema.org\",\"@graph\":[{\"@type\":\"Article\",\"@id\":\"https:\\\/\\\/www.immobilienbusiness.ch\\\/de\\\/regionen\\\/2022-11-22\\\/zug-staedtebauliches-konzept-fuer-geviert-ahornpark-gekuert\\\/#article\",\"isPartOf\":{\"@id\":\"https:\\\/\\\/www.immobilienbusiness.ch\\\/de\\\/regionen\\\/2022-11-22\\\/zug-staedtebauliches-konzept-fuer-geviert-ahornpark-gekuert\\\/\"},\"author\":{\"name\":\"Alexander Wachter\",\"@id\":\"https:\\\/\\\/www.immobilienbusiness.ch\\\/#\\\/schema\\\/person\\\/aba8bea2db926aa0c24c08c43fe1fcd5\"},\"headline\":\"Zug: St\u00e4dtebauliches Konzept f\u00fcr Geviert Ahornpark gek\u00fcrt\",\"datePublished\":\"2022-11-22T08:21:15+00:00\",\"dateModified\":\"2022-11-24T08:06:11+00:00\",\"mainEntityOfPage\":{\"@id\":\"https:\\\/\\\/www.immobilienbusiness.ch\\\/de\\\/regionen\\\/2022-11-22\\\/zug-staedtebauliches-konzept-fuer-geviert-ahornpark-gekuert\\\/\"},\"wordCount\":190,\"publisher\":{\"@id\":\"https:\\\/\\\/www.immobilienbusiness.ch\\\/#organization\"},\"image\":{\"@id\":\"https:\\\/\\\/www.immobilienbusiness.ch\\\/de\\\/regionen\\\/2022-11-22\\\/zug-staedtebauliches-konzept-fuer-geviert-ahornpark-gekuert\\\/#primaryimage\"},\"thumbnailUrl\":\"https:\\\/\\\/www.immobilienbusiness.ch\\\/wp-content\\\/uploads\\\/2022\\\/11\\\/Konzept.png\",\"keywords\":[\"Projekt in Planung\",\"Quartiere\",\"Zug\"],\"articleSection\":[\"REGIONEN\"],\"inLanguage\":\"de\"},{\"@type\":\"WebPage\",\"@id\":\"https:\\\/\\\/www.immobilienbusiness.ch\\\/de\\\/regionen\\\/2022-11-22\\\/zug-staedtebauliches-konzept-fuer-geviert-ahornpark-gekuert\\\/\",\"url\":\"https:\\\/\\\/www.immobilienbusiness.ch\\\/de\\\/regionen\\\/2022-11-22\\\/zug-staedtebauliches-konzept-fuer-geviert-ahornpark-gekuert\\\/\",\"name\":\"Zug: St\u00e4dtebauliches Konzept f\u00fcr Geviert Ahornpark gek\u00fcrt - IMMOBILIEN Business\",\"isPartOf\":{\"@id\":\"https:\\\/\\\/www.immobilienbusiness.ch\\\/#website\"},\"primaryImageOfPage\":{\"@id\":\"https:\\\/\\\/www.immobilienbusiness.ch\\\/de\\\/regionen\\\/2022-11-22\\\/zug-staedtebauliches-konzept-fuer-geviert-ahornpark-gekuert\\\/#primaryimage\"},\"image\":{\"@id\":\"https:\\\/\\\/www.immobilienbusiness.ch\\\/de\\\/regionen\\\/2022-11-22\\\/zug-staedtebauliches-konzept-fuer-geviert-ahornpark-gekuert\\\/#primaryimage\"},\"thumbnailUrl\":\"https:\\\/\\\/www.immobilienbusiness.ch\\\/wp-content\\\/uploads\\\/2022\\\/11\\\/Konzept.png\",\"datePublished\":\"2022-11-22T08:21:15+00:00\",\"dateModified\":\"2022-11-24T08:06:11+00:00\",\"description\":\"Diener+Diener Architekten haben sich mit ihrem Konzept f\u00fcr ein 2,2 Hektar grosses Areal im Nordosten Zugs durchgesetzt.\",\"breadcrumb\":{\"@id\":\"https:\\\/\\\/www.immobilienbusiness.ch\\\/de\\\/regionen\\\/2022-11-22\\\/zug-staedtebauliches-konzept-fuer-geviert-ahornpark-gekuert\\\/#breadcrumb\"},\"inLanguage\":\"de\",\"potentialAction\":[{\"@type\":\"ReadAction\",\"target\":[\"https:\\\/\\\/www.immobilienbusiness.ch\\\/de\\\/regionen\\\/2022-11-22\\\/zug-staedtebauliches-konzept-fuer-geviert-ahornpark-gekuert\\\/\"]}]},{\"@type\":\"ImageObject\",\"inLanguage\":\"de\",\"@id\":\"https:\\\/\\\/www.immobilienbusiness.ch\\\/de\\\/regionen\\\/2022-11-22\\\/zug-staedtebauliches-konzept-fuer-geviert-ahornpark-gekuert\\\/#primaryimage\",\"url\":\"https:\\\/\\\/www.immobilienbusiness.ch\\\/wp-content\\\/uploads\\\/2022\\\/11\\\/Konzept.png\",\"contentUrl\":\"https:\\\/\\\/www.immobilienbusiness.ch\\\/wp-content\\\/uploads\\\/2022\\\/11\\\/Konzept.png\",\"width\":843,\"height\":642,\"caption\":\"Das st\u00e4dtebauliche Konzept des Siegerentwurfs (Bild: Stadt Zug)\"},{\"@type\":\"BreadcrumbList\",\"@id\":\"https:\\\/\\\/www.immobilienbusiness.ch\\\/de\\\/regionen\\\/2022-11-22\\\/zug-staedtebauliches-konzept-fuer-geviert-ahornpark-gekuert\\\/#breadcrumb\",\"itemListElement\":[{\"@type\":\"ListItem\",\"position\":1,\"name\":\"Home\",\"item\":\"https:\\\/\\\/www.immobilienbusiness.ch\\\/\"},{\"@type\":\"ListItem\",\"position\":2,\"name\":\"Zug: St\u00e4dtebauliches Konzept f\u00fcr Geviert Ahornpark gek\u00fcrt\"}]},{\"@type\":\"WebSite\",\"@id\":\"https:\\\/\\\/www.immobilienbusiness.ch\\\/#website\",\"url\":\"https:\\\/\\\/www.immobilienbusiness.ch\\\/\",\"name\":\"IMMOBILIEN Business\",\"description\":\"Unabh\u00e4ngiges Schweizer Wirtschaftsmagazin mit Fokus auf Immobilien, Architektur- und Bau sowie Investment- und Finanzierung.\",\"publisher\":{\"@id\":\"https:\\\/\\\/www.immobilienbusiness.ch\\\/#organization\"},\"potentialAction\":[{\"@type\":\"SearchAction\",\"target\":{\"@type\":\"EntryPoint\",\"urlTemplate\":\"https:\\\/\\\/www.immobilienbusiness.ch\\\/?s={search_term_string}\"},\"query-input\":{\"@type\":\"PropertyValueSpecification\",\"valueRequired\":true,\"valueName\":\"search_term_string\"}}],\"inLanguage\":\"de\"},{\"@type\":\"Organization\",\"@id\":\"https:\\\/\\\/www.immobilienbusiness.ch\\\/#organization\",\"name\":\"IMMOBILIEN Business\",\"url\":\"https:\\\/\\\/www.immobilienbusiness.ch\\\/\",\"logo\":{\"@type\":\"ImageObject\",\"inLanguage\":\"de\",\"@id\":\"https:\\\/\\\/www.immobilienbusiness.ch\\\/#\\\/schema\\\/logo\\\/image\\\/\",\"url\":\"https:\\\/\\\/www.immobilienbusiness.ch\\\/wp-content\\\/uploads\\\/2021\\\/07\\\/logo_ib.png\",\"contentUrl\":\"https:\\\/\\\/www.immobilienbusiness.ch\\\/wp-content\\\/uploads\\\/2021\\\/07\\\/logo_ib.png\",\"width\":800,\"height\":181,\"caption\":\"IMMOBILIEN Business\"},\"image\":{\"@id\":\"https:\\\/\\\/www.immobilienbusiness.ch\\\/#\\\/schema\\\/logo\\\/image\\\/\"},\"sameAs\":[\"https:\\\/\\\/www.facebook.com\\\/immobilienbusiness\\\/\"]},{\"@type\":\"Person\",\"@id\":\"https:\\\/\\\/www.immobilienbusiness.ch\\\/#\\\/schema\\\/person\\\/aba8bea2db926aa0c24c08c43fe1fcd5\",\"name\":\"Alexander Wachter\",\"image\":{\"@type\":\"ImageObject\",\"inLanguage\":\"de\",\"@id\":\"https:\\\/\\\/secure.gravatar.com\\\/avatar\\\/1a09e471f5389b0e0a6416eac287e0927c7c97a7b77f9e787eba3af7aee281dd?s=96&d=mm&r=g\",\"url\":\"https:\\\/\\\/secure.gravatar.com\\\/avatar\\\/1a09e471f5389b0e0a6416eac287e0927c7c97a7b77f9e787eba3af7aee281dd?s=96&d=mm&r=g\",\"contentUrl\":\"https:\\\/\\\/secure.gravatar.com\\\/avatar\\\/1a09e471f5389b0e0a6416eac287e0927c7c97a7b77f9e787eba3af7aee281dd?s=96&d=mm&r=g\",\"caption\":\"Alexander Wachter\"},\"url\":\"https:\\\/\\\/www.immobilienbusiness.ch\\\/de\\\/author\\\/alexander-wachter\\\/\"}]}<\/script>\n<!-- \/ Yoast SEO plugin. -->","yoast_head_json":{"title":"Zug: St\u00e4dtebauliches Konzept f\u00fcr Geviert Ahornpark gek\u00fcrt - IMMOBILIEN Business","description":"Diener+Diener Architekten haben sich mit ihrem Konzept f\u00fcr ein 2,2 Hektar grosses Areal im Nordosten Zugs durchgesetzt.","robots":{"index":"index","follow":"follow","max-snippet":"max-snippet:-1","max-image-preview":"max-image-preview:large","max-video-preview":"max-video-preview:-1"},"canonical":"https:\/\/www.immobilienbusiness.ch\/de\/regionen\/2022-11-22\/zug-staedtebauliches-konzept-fuer-geviert-ahornpark-gekuert\/","og_locale":"de_DE","og_type":"article","og_title":"Zug: St\u00e4dtebauliches Konzept f\u00fcr Geviert Ahornpark gek\u00fcrt - IMMOBILIEN Business","og_description":"Diener+Diener Architekten haben sich mit ihrem Konzept f\u00fcr ein 2,2 Hektar grosses Areal im Nordosten Zugs durchgesetzt.","og_url":"https:\/\/www.immobilienbusiness.ch\/de\/regionen\/2022-11-22\/zug-staedtebauliches-konzept-fuer-geviert-ahornpark-gekuert\/","og_site_name":"IMMOBILIEN Business","article_publisher":"https:\/\/www.facebook.com\/immobilienbusiness\/","article_published_time":"2022-11-22T08:21:15+00:00","article_modified_time":"2022-11-24T08:06:11+00:00","og_image":[{"width":843,"height":642,"url":"https:\/\/www.immobilienbusiness.ch\/wp-content\/uploads\/2022\/11\/Konzept.png","type":"image\/png"}],"author":"Alexander Wachter","twitter_card":"summary_large_image","schema":{"@context":"https:\/\/schema.org","@graph":[{"@type":"Article","@id":"https:\/\/www.immobilienbusiness.ch\/de\/regionen\/2022-11-22\/zug-staedtebauliches-konzept-fuer-geviert-ahornpark-gekuert\/#article","isPartOf":{"@id":"https:\/\/www.immobilienbusiness.ch\/de\/regionen\/2022-11-22\/zug-staedtebauliches-konzept-fuer-geviert-ahornpark-gekuert\/"},"author":{"name":"Alexander Wachter","@id":"https:\/\/www.immobilienbusiness.ch\/#\/schema\/person\/aba8bea2db926aa0c24c08c43fe1fcd5"},"headline":"Zug: St\u00e4dtebauliches Konzept f\u00fcr Geviert Ahornpark gek\u00fcrt","datePublished":"2022-11-22T08:21:15+00:00","dateModified":"2022-11-24T08:06:11+00:00","mainEntityOfPage":{"@id":"https:\/\/www.immobilienbusiness.ch\/de\/regionen\/2022-11-22\/zug-staedtebauliches-konzept-fuer-geviert-ahornpark-gekuert\/"},"wordCount":190,"publisher":{"@id":"https:\/\/www.immobilienbusiness.ch\/#organization"},"image":{"@id":"https:\/\/www.immobilienbusiness.ch\/de\/regionen\/2022-11-22\/zug-staedtebauliches-konzept-fuer-geviert-ahornpark-gekuert\/#primaryimage"},"thumbnailUrl":"https:\/\/www.immobilienbusiness.ch\/wp-content\/uploads\/2022\/11\/Konzept.png","keywords":["Projekt in Planung","Quartiere","Zug"],"articleSection":["REGIONEN"],"inLanguage":"de"},{"@type":"WebPage","@id":"https:\/\/www.immobilienbusiness.ch\/de\/regionen\/2022-11-22\/zug-staedtebauliches-konzept-fuer-geviert-ahornpark-gekuert\/","url":"https:\/\/www.immobilienbusiness.ch\/de\/regionen\/2022-11-22\/zug-staedtebauliches-konzept-fuer-geviert-ahornpark-gekuert\/","name":"Zug: St\u00e4dtebauliches Konzept f\u00fcr Geviert Ahornpark gek\u00fcrt - IMMOBILIEN Business","isPartOf":{"@id":"https:\/\/www.immobilienbusiness.ch\/#website"},"primaryImageOfPage":{"@id":"https:\/\/www.immobilienbusiness.ch\/de\/regionen\/2022-11-22\/zug-staedtebauliches-konzept-fuer-geviert-ahornpark-gekuert\/#primaryimage"},"image":{"@id":"https:\/\/www.immobilienbusiness.ch\/de\/regionen\/2022-11-22\/zug-staedtebauliches-konzept-fuer-geviert-ahornpark-gekuert\/#primaryimage"},"thumbnailUrl":"https:\/\/www.immobilienbusiness.ch\/wp-content\/uploads\/2022\/11\/Konzept.png","datePublished":"2022-11-22T08:21:15+00:00","dateModified":"2022-11-24T08:06:11+00:00","description":"Diener+Diener Architekten haben sich mit ihrem Konzept f\u00fcr ein 2,2 Hektar grosses Areal im Nordosten Zugs durchgesetzt.","breadcrumb":{"@id":"https:\/\/www.immobilienbusiness.ch\/de\/regionen\/2022-11-22\/zug-staedtebauliches-konzept-fuer-geviert-ahornpark-gekuert\/#breadcrumb"},"inLanguage":"de","potentialAction":[{"@type":"ReadAction","target":["https:\/\/www.immobilienbusiness.ch\/de\/regionen\/2022-11-22\/zug-staedtebauliches-konzept-fuer-geviert-ahornpark-gekuert\/"]}]},{"@type":"ImageObject","inLanguage":"de","@id":"https:\/\/www.immobilienbusiness.ch\/de\/regionen\/2022-11-22\/zug-staedtebauliches-konzept-fuer-geviert-ahornpark-gekuert\/#primaryimage","url":"https:\/\/www.immobilienbusiness.ch\/wp-content\/uploads\/2022\/11\/Konzept.png","contentUrl":"https:\/\/www.immobilienbusiness.ch\/wp-content\/uploads\/2022\/11\/Konzept.png","width":843,"height":642,"caption":"Das st\u00e4dtebauliche Konzept des Siegerentwurfs (Bild: Stadt Zug)"},{"@type":"BreadcrumbList","@id":"https:\/\/www.immobilienbusiness.ch\/de\/regionen\/2022-11-22\/zug-staedtebauliches-konzept-fuer-geviert-ahornpark-gekuert\/#breadcrumb","itemListElement":[{"@type":"ListItem","position":1,"name":"Home","item":"https:\/\/www.immobilienbusiness.ch\/"},{"@type":"ListItem","position":2,"name":"Zug: St\u00e4dtebauliches Konzept f\u00fcr Geviert Ahornpark gek\u00fcrt"}]},{"@type":"WebSite","@id":"https:\/\/www.immobilienbusiness.ch\/#website","url":"https:\/\/www.immobilienbusiness.ch\/","name":"IMMOBILIEN Business","description":"Unabh\u00e4ngiges Schweizer Wirtschaftsmagazin mit Fokus auf Immobilien, Architektur- und Bau sowie Investment- und Finanzierung.","publisher":{"@id":"https:\/\/www.immobilienbusiness.ch\/#organization"},"potentialAction":[{"@type":"SearchAction","target":{"@type":"EntryPoint","urlTemplate":"https:\/\/www.immobilienbusiness.ch\/?s={search_term_string}"},"query-input":{"@type":"PropertyValueSpecification","valueRequired":true,"valueName":"search_term_string"}}],"inLanguage":"de"},{"@type":"Organization","@id":"https:\/\/www.immobilienbusiness.ch\/#organization","name":"IMMOBILIEN Business","url":"https:\/\/www.immobilienbusiness.ch\/","logo":{"@type":"ImageObject","inLanguage":"de","@id":"https:\/\/www.immobilienbusiness.ch\/#\/schema\/logo\/image\/","url":"https:\/\/www.immobilienbusiness.ch\/wp-content\/uploads\/2021\/07\/logo_ib.png","contentUrl":"https:\/\/www.immobilienbusiness.ch\/wp-content\/uploads\/2021\/07\/logo_ib.png","width":800,"height":181,"caption":"IMMOBILIEN Business"},"image":{"@id":"https:\/\/www.immobilienbusiness.ch\/#\/schema\/logo\/image\/"},"sameAs":["https:\/\/www.facebook.com\/immobilienbusiness\/"]},{"@type":"Person","@id":"https:\/\/www.immobilienbusiness.ch\/#\/schema\/person\/aba8bea2db926aa0c24c08c43fe1fcd5","name":"Alexander Wachter","image":{"@type":"ImageObject","inLanguage":"de","@id":"https:\/\/secure.gravatar.com\/avatar\/1a09e471f5389b0e0a6416eac287e0927c7c97a7b77f9e787eba3af7aee281dd?s=96&d=mm&r=g","url":"https:\/\/secure.gravatar.com\/avatar\/1a09e471f5389b0e0a6416eac287e0927c7c97a7b77f9e787eba3af7aee281dd?s=96&d=mm&r=g","contentUrl":"https:\/\/secure.gravatar.com\/avatar\/1a09e471f5389b0e0a6416eac287e0927c7c97a7b77f9e787eba3af7aee281dd?s=96&d=mm&r=g","caption":"Alexander Wachter"},"url":"https:\/\/www.immobilienbusiness.ch\/de\/author\/alexander-wachter\/"}]}},"_links":{"self":[{"href":"https:\/\/www.immobilienbusiness.ch\/de\/wp-json\/wp\/v2\/posts\/44840","targetHints":{"allow":["GET"]}}],"collection":[{"href":"https:\/\/www.immobilienbusiness.ch\/de\/wp-json\/wp\/v2\/posts"}],"about":[{"href":"https:\/\/www.immobilienbusiness.ch\/de\/wp-json\/wp\/v2\/types\/post"}],"author":[{"embeddable":true,"href":"https:\/\/www.immobilienbusiness.ch\/de\/wp-json\/wp\/v2\/users\/102"}],"replies":[{"embeddable":true,"href":"https:\/\/www.immobilienbusiness.ch\/de\/wp-json\/wp\/v2\/comments?post=44840"}],"version-history":[{"count":5,"href":"https:\/\/www.immobilienbusiness.ch\/de\/wp-json\/wp\/v2\/posts\/44840\/revisions"}],"predecessor-version":[{"id":44886,"href":"https:\/\/www.immobilienbusiness.ch\/de\/wp-json\/wp\/v2\/posts\/44840\/revisions\/44886"}],"wp:featuredmedia":[{"embeddable":true,"href":"https:\/\/www.immobilienbusiness.ch\/de\/wp-json\/wp\/v2\/media\/44841"}],"wp:attachment":[{"href":"https:\/\/www.immobilienbusiness.ch\/de\/wp-json\/wp\/v2\/media?parent=44840"}],"wp:term":[{"taxonomy":"category","embeddable":true,"href":"https:\/\/www.immobilienbusiness.ch\/de\/wp-json\/wp\/v2\/categories?post=44840"},{"taxonomy":"post_tag","embeddable":true,"href":"https:\/\/www.immobilienbusiness.ch\/de\/wp-json\/wp\/v2\/tags?post=44840"}],"curies":[{"name":"wp","href":"https:\/\/api.w.org\/{rel}","templated":true}]}}